{"id":7574,"date":"2023-06-29T10:51:55","date_gmt":"2023-06-29T15:51:55","guid":{"rendered":"https:\/\/expressometro.mx\/?p=7574"},"modified":"2023-08-14T11:50:20","modified_gmt":"2023-08-14T16:50:20","slug":"banderazo-de-salida-a-construcciones-de-pavimentacion-en-comunidades-de-aculco","status":"publish","type":"post","link":"https:\/\/expressometro.mx\/index.php\/2023\/06\/29\/banderazo-de-salida-a-construcciones-de-pavimentacion-en-comunidades-de-aculco\/","title":{"rendered":"BANDERAZO DE SALIDA A CONSTRUCCIONES DE PAVIMENTACI\u00d3N EN COMUNIDADES DE ACULCO"},"content":{"rendered":"\n<p><\/p>\n\n\n\n<p>En gira de trabajo y para dar una mejor imagen y movilidad en tres comunidades de Aculco, que permita a los habitantes una calidad de vida digna, el Presidente Municipal, Jorge Alfredo Osornio Victoria dio el banderazo de salida a las obras de pavimentaci\u00f3n y rehabilitaci\u00f3n de carretera.<\/p>\n\n\n\n<p>La primera comunidad beneficiada fue la de La Esperanza, donde se dio inicio a la construcci\u00f3n de pavimentaci\u00f3n de 93 metros lineales con una inversi\u00f3n aproximada de 300 mil pesos. Esta importante obra surge como resultado de las peticiones y necesidades planteadas por los habitantes de La Esperanza, quienes hab\u00edan solicitado mejoras en la infraestructura vial de su comunidad.<\/p>\n\n\n\n<p>El compromiso del presidente Municipal, Jorge Osornio, ha sido cumplir con las demandas de los ciudadanos, y esta obra de pavimentaci\u00f3n es una prueba m\u00e1s de su compromiso con el desarrollo y bienestar de la localidad.<\/p>\n\n\n\n<p>La segunda comunidad beneficiada fue la de Jurica, en donde arranc\u00f3 la construcci\u00f3n de pavimentaci\u00f3n de 93 metros lineales, del camino hacia la iglesia. La inversi\u00f3n aproximada es de 300 mil pesos. La pavimentaci\u00f3n no solo mejorar\u00e1 la calidad de vida de los vecinos, sino que tambi\u00e9n contribuir\u00e1 al desarrollo econ\u00f3mico y social de la localidad, facilitando la movilidad y el acceso a servicios b\u00e1sicos.<\/p>\n\n\n\n<p>Finalmente, en la comunidad de Las Lajas, y en compa\u00f1\u00eda de los estudiantes, los padres de familia y el personal docente, se inaugur\u00f3 la rehabilitaci\u00f3n de la barda perimetral de la primaria. As\u00ed mismo se inici\u00f3 la construcci\u00f3n del techado en el espacio multideportivo y la rehabilitaci\u00f3n de la carretera de acceso principal a la comunidad. Con una inversi\u00f3n aproximada de dos millones cuatrocientos sesenta mil pesos.<\/p>\n\n\n\n<p>De esta manera, Jorge Osornio reafirma su compromiso con la mejora constante de la infraestructura y servicios en todas las localidades del municipio. Agradece la confianza y paciencia de la ciudadan\u00eda, y reitera su disposici\u00f3n para seguir trabajando juntos de la mano con los habitantes, impulsando el desarrollo y el bienestar de la comunidad.<\/p>\n","protected":false},"excerpt":{"rendered":"<p>En gira de trabajo y para dar una mejor imagen y movilidad en tres comunidades de Aculco, que permita a los habitantes una calidad de vida digna, el Presidente Municipal, Jorge Alfredo Osornio Victoria dio el banderazo de salida a las obras de pavimentaci\u00f3n y rehabilitaci\u00f3n de carretera.<\/p>\n","protected":false},"author":1,"featured_media":7576,"comment_status":"open","ping_status":"open","sticky":false,"template":"","format":"standard","meta":{"footnotes":""},"categories":[4,3,1,231,6],"tags":[955,1982,86,954],"class_list":["post-7574","post","type-post","status-publish","format-standard","has-post-thumbnail","hentry","category-finanzas","category-gobierno","category-otros","category-politica","category-seguridad","tag-aculco","tag-edomex","tag-gem","tag-jorge-osornio"],"yoast_head":"<!-- This site is optimized with the Yoast SEO plugin v27.4 - https:\/\/yoast.com\/product\/yoast-seo-wordpress\/ -->\n<title>BANDERAZO DE SALIDA A CONSTRUCCIONES DE PAVIMENTACI\u00d3N EN COMUNIDADES DE ACULCO - Expresso Metropolitano<\/title>\n<meta name=\"robots\" content=\"index, follow, max-snippet:-1, max-image-preview:large, max-video-preview:-1\" \/>\n<link rel=\"canonical\" href=\"https:\/\/expressometro.mx\/index.php\/2023\/06\/29\/banderazo-de-salida-a-construcciones-de-pavimentacion-en-comunidades-de-aculco\/\" \/>\n<meta property=\"og:locale\" content=\"es_MX\" \/>\n<meta property=\"og:type\" content=\"article\" \/>\n<meta property=\"og:title\" content=\"BANDERAZO DE SALIDA A CONSTRUCCIONES DE PAVIMENTACI\u00d3N EN COMUNIDADES DE ACULCO - Expresso Metropolitano\" \/>\n<meta property=\"og:description\" content=\"En gira de trabajo y para dar una mejor imagen y movilidad en tres comunidades de Aculco, que permita a los habitantes una calidad de vida digna, el Presidente Municipal, Jorge Alfredo Osornio Victoria dio el banderazo de salida a las obras de pavimentaci\u00f3n y rehabilitaci\u00f3n de carretera.\" \/>\n<meta property=\"og:url\" content=\"https:\/\/expressometro.mx\/index.php\/2023\/06\/29\/banderazo-de-salida-a-construcciones-de-pavimentacion-en-comunidades-de-aculco\/\" \/>\n<meta property=\"og:site_name\" content=\"Expresso Metropolitano\" \/>\n<meta property=\"article:published_time\" content=\"2023-06-29T15:51:55+00:00\" \/>\n<meta property=\"article:modified_time\" content=\"2023-08-14T16:50:20+00:00\" \/>\n<meta property=\"og:image\" content=\"http:\/\/expressometro.mx\/wp-content\/uploads\/2023\/08\/Aculco-Gira-de-trabajo-290623-1.jpg\" \/>\n\t<meta property=\"og:image:width\" content=\"533\" \/>\n\t<meta property=\"og:image:height\" content=\"346\" \/>\n\t<meta property=\"og:image:type\" content=\"image\/jpeg\" \/>\n<meta name=\"author\" content=\"Expresso Metropolitano\" \/>\n<meta name=\"twitter:label1\" content=\"Escrito por\" \/>\n\t<meta name=\"twitter:data1\" content=\"Expresso Metropolitano\" \/>\n\t<meta name=\"twitter:label2\" content=\"Tiempo de lectura\" \/>\n\t<meta name=\"twitter:data2\" content=\"2 minutos\" \/>\n<script type=\"application\/ld+json\" class=\"yoast-schema-graph\">{\"@context\":\"https:\\\/\\\/schema.org\",\"@graph\":[{\"@type\":\"Article\",\"@id\":\"https:\\\/\\\/expressometro.mx\\\/index.php\\\/2023\\\/06\\\/29\\\/banderazo-de-salida-a-construcciones-de-pavimentacion-en-comunidades-de-aculco\\\/#article\",\"isPartOf\":{\"@id\":\"https:\\\/\\\/expressometro.mx\\\/index.php\\\/2023\\\/06\\\/29\\\/banderazo-de-salida-a-construcciones-de-pavimentacion-en-comunidades-de-aculco\\\/\"},\"author\":{\"name\":\"Expresso Metropolitano\",\"@id\":\"https:\\\/\\\/expressometro.mx\\\/#\\\/schema\\\/person\\\/efa971b4a0664db8ed5c22b1b0dd2f5d\"},\"headline\":\"BANDERAZO DE SALIDA A CONSTRUCCIONES DE PAVIMENTACI\u00d3N EN COMUNIDADES DE ACULCO\",\"datePublished\":\"2023-06-29T15:51:55+00:00\",\"dateModified\":\"2023-08-14T16:50:20+00:00\",\"mainEntityOfPage\":{\"@id\":\"https:\\\/\\\/expressometro.mx\\\/index.php\\\/2023\\\/06\\\/29\\\/banderazo-de-salida-a-construcciones-de-pavimentacion-en-comunidades-de-aculco\\\/\"},\"wordCount\":359,\"commentCount\":0,\"publisher\":{\"@id\":\"https:\\\/\\\/expressometro.mx\\\/#organization\"},\"image\":{\"@id\":\"https:\\\/\\\/expressometro.mx\\\/index.php\\\/2023\\\/06\\\/29\\\/banderazo-de-salida-a-construcciones-de-pavimentacion-en-comunidades-de-aculco\\\/#primaryimage\"},\"thumbnailUrl\":\"https:\\\/\\\/expressometro.mx\\\/wp-content\\\/uploads\\\/2023\\\/08\\\/Aculco-Gira-de-trabajo-290623-1.jpg\",\"keywords\":[\"Aculco\",\"Edomex\",\"GEM\",\"Jorge Osornio\"],\"articleSection\":[\"Finanzas\",\"Gobierno\",\"Otros\",\"Pol\u00edtica\",\"Seguridad\"],\"inLanguage\":\"es\",\"potentialAction\":[{\"@type\":\"CommentAction\",\"name\":\"Comment\",\"target\":[\"https:\\\/\\\/expressometro.mx\\\/index.php\\\/2023\\\/06\\\/29\\\/banderazo-de-salida-a-construcciones-de-pavimentacion-en-comunidades-de-aculco\\\/#respond\"]}]},{\"@type\":\"WebPage\",\"@id\":\"https:\\\/\\\/expressometro.mx\\\/index.php\\\/2023\\\/06\\\/29\\\/banderazo-de-salida-a-construcciones-de-pavimentacion-en-comunidades-de-aculco\\\/\",\"url\":\"https:\\\/\\\/expressometro.mx\\\/index.php\\\/2023\\\/06\\\/29\\\/banderazo-de-salida-a-construcciones-de-pavimentacion-en-comunidades-de-aculco\\\/\",\"name\":\"BANDERAZO DE SALIDA A CONSTRUCCIONES DE PAVIMENTACI\u00d3N EN COMUNIDADES DE ACULCO - Expresso Metropolitano\",\"isPartOf\":{\"@id\":\"https:\\\/\\\/expressometro.mx\\\/#website\"},\"primaryImageOfPage\":{\"@id\":\"https:\\\/\\\/expressometro.mx\\\/index.php\\\/2023\\\/06\\\/29\\\/banderazo-de-salida-a-construcciones-de-pavimentacion-en-comunidades-de-aculco\\\/#primaryimage\"},\"image\":{\"@id\":\"https:\\\/\\\/expressometro.mx\\\/index.php\\\/2023\\\/06\\\/29\\\/banderazo-de-salida-a-construcciones-de-pavimentacion-en-comunidades-de-aculco\\\/#primaryimage\"},\"thumbnailUrl\":\"https:\\\/\\\/expressometro.mx\\\/wp-content\\\/uploads\\\/2023\\\/08\\\/Aculco-Gira-de-trabajo-290623-1.jpg\",\"datePublished\":\"2023-06-29T15:51:55+00:00\",\"dateModified\":\"2023-08-14T16:50:20+00:00\",\"breadcrumb\":{\"@id\":\"https:\\\/\\\/expressometro.mx\\\/index.php\\\/2023\\\/06\\\/29\\\/banderazo-de-salida-a-construcciones-de-pavimentacion-en-comunidades-de-aculco\\\/#breadcrumb\"},\"inLanguage\":\"es\",\"potentialAction\":[{\"@type\":\"ReadAction\",\"target\":[\"https:\\\/\\\/expressometro.mx\\\/index.php\\\/2023\\\/06\\\/29\\\/banderazo-de-salida-a-construcciones-de-pavimentacion-en-comunidades-de-aculco\\\/\"]}]},{\"@type\":\"ImageObject\",\"inLanguage\":\"es\",\"@id\":\"https:\\\/\\\/expressometro.mx\\\/index.php\\\/2023\\\/06\\\/29\\\/banderazo-de-salida-a-construcciones-de-pavimentacion-en-comunidades-de-aculco\\\/#primaryimage\",\"url\":\"https:\\\/\\\/expressometro.mx\\\/wp-content\\\/uploads\\\/2023\\\/08\\\/Aculco-Gira-de-trabajo-290623-1.jpg\",\"contentUrl\":\"https:\\\/\\\/expressometro.mx\\\/wp-content\\\/uploads\\\/2023\\\/08\\\/Aculco-Gira-de-trabajo-290623-1.jpg\",\"width\":533,\"height\":346},{\"@type\":\"BreadcrumbList\",\"@id\":\"https:\\\/\\\/expressometro.mx\\\/index.php\\\/2023\\\/06\\\/29\\\/banderazo-de-salida-a-construcciones-de-pavimentacion-en-comunidades-de-aculco\\\/#breadcrumb\",\"itemListElement\":[{\"@type\":\"ListItem\",\"position\":1,\"name\":\"Inicio\",\"item\":\"https:\\\/\\\/expressometro.mx\\\/\"},{\"@type\":\"ListItem\",\"position\":2,\"name\":\"BANDERAZO DE SALIDA A CONSTRUCCIONES DE PAVIMENTACI\u00d3N EN COMUNIDADES DE ACULCO\"}]},{\"@type\":\"WebSite\",\"@id\":\"https:\\\/\\\/expressometro.mx\\\/#website\",\"url\":\"https:\\\/\\\/expressometro.mx\\\/\",\"name\":\"Expresso Metropolitano\",\"description\":\"Periodismo comprometido, informaci\u00f3n, investigaci\u00f3n y an\u00e1lisis\",\"publisher\":{\"@id\":\"https:\\\/\\\/expressometro.mx\\\/#organization\"},\"potentialAction\":[{\"@type\":\"SearchAction\",\"target\":{\"@type\":\"EntryPoint\",\"urlTemplate\":\"https:\\\/\\\/expressometro.mx\\\/?s={search_term_string}\"},\"query-input\":{\"@type\":\"PropertyValueSpecification\",\"valueRequired\":true,\"valueName\":\"search_term_string\"}}],\"inLanguage\":\"es\"},{\"@type\":\"Organization\",\"@id\":\"https:\\\/\\\/expressometro.mx\\\/#organization\",\"name\":\"Expresso Metropolitano\",\"url\":\"https:\\\/\\\/expressometro.mx\\\/\",\"logo\":{\"@type\":\"ImageObject\",\"inLanguage\":\"es\",\"@id\":\"https:\\\/\\\/expressometro.mx\\\/#\\\/schema\\\/logo\\\/image\\\/\",\"url\":\"https:\\\/\\\/expressometro.mx\\\/wp-content\\\/uploads\\\/2019\\\/07\\\/cropped-Logo-Expresso-Metropolitano-1-1.jpeg\",\"contentUrl\":\"https:\\\/\\\/expressometro.mx\\\/wp-content\\\/uploads\\\/2019\\\/07\\\/cropped-Logo-Expresso-Metropolitano-1-1.jpeg\",\"width\":290,\"height\":73,\"caption\":\"Expresso Metropolitano\"},\"image\":{\"@id\":\"https:\\\/\\\/expressometro.mx\\\/#\\\/schema\\\/logo\\\/image\\\/\"}},{\"@type\":\"Person\",\"@id\":\"https:\\\/\\\/expressometro.mx\\\/#\\\/schema\\\/person\\\/efa971b4a0664db8ed5c22b1b0dd2f5d\",\"name\":\"Expresso Metropolitano\",\"image\":{\"@type\":\"ImageObject\",\"inLanguage\":\"es\",\"@id\":\"https:\\\/\\\/secure.gravatar.com\\\/avatar\\\/a89f802b8de18c6952f223c88d3d106e9e3679839f4e25a02f4a6cc2ae6ba3b3?s=96&d=mm&r=g\",\"url\":\"https:\\\/\\\/secure.gravatar.com\\\/avatar\\\/a89f802b8de18c6952f223c88d3d106e9e3679839f4e25a02f4a6cc2ae6ba3b3?s=96&d=mm&r=g\",\"contentUrl\":\"https:\\\/\\\/secure.gravatar.com\\\/avatar\\\/a89f802b8de18c6952f223c88d3d106e9e3679839f4e25a02f4a6cc2ae6ba3b3?s=96&d=mm&r=g\",\"caption\":\"Expresso Metropolitano\"},\"url\":\"https:\\\/\\\/expressometro.mx\\\/index.php\\\/author\\\/diego\\\/\"}]}<\/script>\n<!-- \/ Yoast SEO plugin. -->","yoast_head_json":{"title":"BANDERAZO DE SALIDA A CONSTRUCCIONES DE PAVIMENTACI\u00d3N EN COMUNIDADES DE ACULCO - Expresso Metropolitano","robots":{"index":"index","follow":"follow","max-snippet":"max-snippet:-1","max-image-preview":"max-image-preview:large","max-video-preview":"max-video-preview:-1"},"canonical":"https:\/\/expressometro.mx\/index.php\/2023\/06\/29\/banderazo-de-salida-a-construcciones-de-pavimentacion-en-comunidades-de-aculco\/","og_locale":"es_MX","og_type":"article","og_title":"BANDERAZO DE SALIDA A CONSTRUCCIONES DE PAVIMENTACI\u00d3N EN COMUNIDADES DE ACULCO - Expresso Metropolitano","og_description":"En gira de trabajo y para dar una mejor imagen y movilidad en tres comunidades de Aculco, que permita a los habitantes una calidad de vida digna, el Presidente Municipal, Jorge Alfredo Osornio Victoria dio el banderazo de salida a las obras de pavimentaci\u00f3n y rehabilitaci\u00f3n de carretera.","og_url":"https:\/\/expressometro.mx\/index.php\/2023\/06\/29\/banderazo-de-salida-a-construcciones-de-pavimentacion-en-comunidades-de-aculco\/","og_site_name":"Expresso Metropolitano","article_published_time":"2023-06-29T15:51:55+00:00","article_modified_time":"2023-08-14T16:50:20+00:00","og_image":[{"width":533,"height":346,"url":"http:\/\/expressometro.mx\/wp-content\/uploads\/2023\/08\/Aculco-Gira-de-trabajo-290623-1.jpg","type":"image\/jpeg"}],"author":"Expresso Metropolitano","twitter_misc":{"Escrito por":"Expresso Metropolitano","Tiempo de lectura":"2 minutos"},"schema":{"@context":"https:\/\/schema.org","@graph":[{"@type":"Article","@id":"https:\/\/expressometro.mx\/index.php\/2023\/06\/29\/banderazo-de-salida-a-construcciones-de-pavimentacion-en-comunidades-de-aculco\/#article","isPartOf":{"@id":"https:\/\/expressometro.mx\/index.php\/2023\/06\/29\/banderazo-de-salida-a-construcciones-de-pavimentacion-en-comunidades-de-aculco\/"},"author":{"name":"Expresso Metropolitano","@id":"https:\/\/expressometro.mx\/#\/schema\/person\/efa971b4a0664db8ed5c22b1b0dd2f5d"},"headline":"BANDERAZO DE SALIDA A CONSTRUCCIONES DE PAVIMENTACI\u00d3N EN COMUNIDADES DE ACULCO","datePublished":"2023-06-29T15:51:55+00:00","dateModified":"2023-08-14T16:50:20+00:00","mainEntityOfPage":{"@id":"https:\/\/expressometro.mx\/index.php\/2023\/06\/29\/banderazo-de-salida-a-construcciones-de-pavimentacion-en-comunidades-de-aculco\/"},"wordCount":359,"commentCount":0,"publisher":{"@id":"https:\/\/expressometro.mx\/#organization"},"image":{"@id":"https:\/\/expressometro.mx\/index.php\/2023\/06\/29\/banderazo-de-salida-a-construcciones-de-pavimentacion-en-comunidades-de-aculco\/#primaryimage"},"thumbnailUrl":"https:\/\/expressometro.mx\/wp-content\/uploads\/2023\/08\/Aculco-Gira-de-trabajo-290623-1.jpg","keywords":["Aculco","Edomex","GEM","Jorge Osornio"],"articleSection":["Finanzas","Gobierno","Otros","Pol\u00edtica","Seguridad"],"inLanguage":"es","potentialAction":[{"@type":"CommentAction","name":"Comment","target":["https:\/\/expressometro.mx\/index.php\/2023\/06\/29\/banderazo-de-salida-a-construcciones-de-pavimentacion-en-comunidades-de-aculco\/#respond"]}]},{"@type":"WebPage","@id":"https:\/\/expressometro.mx\/index.php\/2023\/06\/29\/banderazo-de-salida-a-construcciones-de-pavimentacion-en-comunidades-de-aculco\/","url":"https:\/\/expressometro.mx\/index.php\/2023\/06\/29\/banderazo-de-salida-a-construcciones-de-pavimentacion-en-comunidades-de-aculco\/","name":"BANDERAZO DE SALIDA A CONSTRUCCIONES DE PAVIMENTACI\u00d3N EN COMUNIDADES DE ACULCO - Expresso Metropolitano","isPartOf":{"@id":"https:\/\/expressometro.mx\/#website"},"primaryImageOfPage":{"@id":"https:\/\/expressometro.mx\/index.php\/2023\/06\/29\/banderazo-de-salida-a-construcciones-de-pavimentacion-en-comunidades-de-aculco\/#primaryimage"},"image":{"@id":"https:\/\/expressometro.mx\/index.php\/2023\/06\/29\/banderazo-de-salida-a-construcciones-de-pavimentacion-en-comunidades-de-aculco\/#primaryimage"},"thumbnailUrl":"https:\/\/expressometro.mx\/wp-content\/uploads\/2023\/08\/Aculco-Gira-de-trabajo-290623-1.jpg","datePublished":"2023-06-29T15:51:55+00:00","dateModified":"2023-08-14T16:50:20+00:00","breadcrumb":{"@id":"https:\/\/expressometro.mx\/index.php\/2023\/06\/29\/banderazo-de-salida-a-construcciones-de-pavimentacion-en-comunidades-de-aculco\/#breadcrumb"},"inLanguage":"es","potentialAction":[{"@type":"ReadAction","target":["https:\/\/expressometro.mx\/index.php\/2023\/06\/29\/banderazo-de-salida-a-construcciones-de-pavimentacion-en-comunidades-de-aculco\/"]}]},{"@type":"ImageObject","inLanguage":"es","@id":"https:\/\/expressometro.mx\/index.php\/2023\/06\/29\/banderazo-de-salida-a-construcciones-de-pavimentacion-en-comunidades-de-aculco\/#primaryimage","url":"https:\/\/expressometro.mx\/wp-content\/uploads\/2023\/08\/Aculco-Gira-de-trabajo-290623-1.jpg","contentUrl":"https:\/\/expressometro.mx\/wp-content\/uploads\/2023\/08\/Aculco-Gira-de-trabajo-290623-1.jpg","width":533,"height":346},{"@type":"BreadcrumbList","@id":"https:\/\/expressometro.mx\/index.php\/2023\/06\/29\/banderazo-de-salida-a-construcciones-de-pavimentacion-en-comunidades-de-aculco\/#breadcrumb","itemListElement":[{"@type":"ListItem","position":1,"name":"Inicio","item":"https:\/\/expressometro.mx\/"},{"@type":"ListItem","position":2,"name":"BANDERAZO DE SALIDA A CONSTRUCCIONES DE PAVIMENTACI\u00d3N EN COMUNIDADES DE ACULCO"}]},{"@type":"WebSite","@id":"https:\/\/expressometro.mx\/#website","url":"https:\/\/expressometro.mx\/","name":"Expresso Metropolitano","description":"Periodismo comprometido, informaci\u00f3n, investigaci\u00f3n y an\u00e1lisis","publisher":{"@id":"https:\/\/expressometro.mx\/#organization"},"potentialAction":[{"@type":"SearchAction","target":{"@type":"EntryPoint","urlTemplate":"https:\/\/expressometro.mx\/?s={search_term_string}"},"query-input":{"@type":"PropertyValueSpecification","valueRequired":true,"valueName":"search_term_string"}}],"inLanguage":"es"},{"@type":"Organization","@id":"https:\/\/expressometro.mx\/#organization","name":"Expresso Metropolitano","url":"https:\/\/expressometro.mx\/","logo":{"@type":"ImageObject","inLanguage":"es","@id":"https:\/\/expressometro.mx\/#\/schema\/logo\/image\/","url":"https:\/\/expressometro.mx\/wp-content\/uploads\/2019\/07\/cropped-Logo-Expresso-Metropolitano-1-1.jpeg","contentUrl":"https:\/\/expressometro.mx\/wp-content\/uploads\/2019\/07\/cropped-Logo-Expresso-Metropolitano-1-1.jpeg","width":290,"height":73,"caption":"Expresso Metropolitano"},"image":{"@id":"https:\/\/expressometro.mx\/#\/schema\/logo\/image\/"}},{"@type":"Person","@id":"https:\/\/expressometro.mx\/#\/schema\/person\/efa971b4a0664db8ed5c22b1b0dd2f5d","name":"Expresso Metropolitano","image":{"@type":"ImageObject","inLanguage":"es","@id":"https:\/\/secure.gravatar.com\/avatar\/a89f802b8de18c6952f223c88d3d106e9e3679839f4e25a02f4a6cc2ae6ba3b3?s=96&d=mm&r=g","url":"https:\/\/secure.gravatar.com\/avatar\/a89f802b8de18c6952f223c88d3d106e9e3679839f4e25a02f4a6cc2ae6ba3b3?s=96&d=mm&r=g","contentUrl":"https:\/\/secure.gravatar.com\/avatar\/a89f802b8de18c6952f223c88d3d106e9e3679839f4e25a02f4a6cc2ae6ba3b3?s=96&d=mm&r=g","caption":"Expresso Metropolitano"},"url":"https:\/\/expressometro.mx\/index.php\/author\/diego\/"}]}},"amp_enabled":true,"_links":{"self":[{"href":"https:\/\/expressometro.mx\/index.php\/wp-json\/wp\/v2\/posts\/7574","targetHints":{"allow":["GET"]}}],"collection":[{"href":"https:\/\/expressometro.mx\/index.php\/wp-json\/wp\/v2\/posts"}],"about":[{"href":"https:\/\/expressometro.mx\/index.php\/wp-json\/wp\/v2\/types\/post"}],"author":[{"embeddable":true,"href":"https:\/\/expressometro.mx\/index.php\/wp-json\/wp\/v2\/users\/1"}],"replies":[{"embeddable":true,"href":"https:\/\/expressometro.mx\/index.php\/wp-json\/wp\/v2\/comments?post=7574"}],"version-history":[{"count":1,"href":"https:\/\/expressometro.mx\/index.php\/wp-json\/wp\/v2\/posts\/7574\/revisions"}],"predecessor-version":[{"id":7577,"href":"https:\/\/expressometro.mx\/index.php\/wp-json\/wp\/v2\/posts\/7574\/revisions\/7577"}],"wp:featuredmedia":[{"embeddable":true,"href":"https:\/\/expressometro.mx\/index.php\/wp-json\/wp\/v2\/media\/7576"}],"wp:attachment":[{"href":"https:\/\/expressometro.mx\/index.php\/wp-json\/wp\/v2\/media?parent=7574"}],"wp:term":[{"taxonomy":"category","embeddable":true,"href":"https:\/\/expressometro.mx\/index.php\/wp-json\/wp\/v2\/categories?post=7574"},{"taxonomy":"post_tag","embeddable":true,"href":"https:\/\/expressometro.mx\/index.php\/wp-json\/wp\/v2\/tags?post=7574"}],"curies":[{"name":"wp","href":"https:\/\/api.w.org\/{rel}","templated":true}]}}