{"id":744,"date":"2019-09-23T21:04:10","date_gmt":"2019-09-24T02:04:10","guid":{"rendered":"http:\/\/expressometro.mx\/?p=744"},"modified":"2019-09-24T21:07:51","modified_gmt":"2019-09-25T02:07:51","slug":"tultitlan-es-sede-de-la-tercera-sesion-ordinaria-del-consejo-intermunicipal-de-seguridad-publica-region-xviii-tultitlan","status":"publish","type":"post","link":"https:\/\/expressometro.mx\/index.php\/2019\/09\/23\/tultitlan-es-sede-de-la-tercera-sesion-ordinaria-del-consejo-intermunicipal-de-seguridad-publica-region-xviii-tultitlan\/","title":{"rendered":"Tultitl\u00e1n es sede de la Tercera Sesi\u00f3n Ordinaria del Consejo Intermunicipal de Seguridad P\u00fablica Regi\u00f3n XVIII Tultitl\u00e1n."},"content":{"rendered":"\n<p>Para dar cumplimiento al art\u00edculo 48 de la Ley de Seguridad del Estado de M\u00e9xico, el gobierno encabezado por la presidenta municipal Elena Garc\u00eda Mart\u00ednez, fue sede de la Tercera Sesi\u00f3n Ordinaria del Consejo Intermunicipal de Seguridad P\u00fablica Regi\u00f3n XVIII Tultitl\u00e1n.<\/p>\n\n\n\n<p>Dicha reuni\u00f3n tuvo lugar en el Deportivo Toltitlan donde se cont\u00f3 con la asistencia de los presidentes municipales de Cuautitl\u00e1n, Tultepec y el anfitri\u00f3n Tultitl\u00e1n, as\u00ed como de un representante del alcalde de Coacalco; en esta se trataron diversos temas en materia de seguridad.<br>En el marco de dicha reuni\u00f3n, la mun\u00edcipe dijo que desde el inicio de la actual gesti\u00f3n se ha dado combate a la inseguridad que aqueja en el municipio y esto es en apoyo con el orden estatal y federal donde se han dado resultados favorables hacia la ciudadan\u00eda.<br>Tambi\u00e9n resalt\u00f3 que el objetivo de estas sesiones es proponer, analizar y actuar de manera eficiente en el fortalecimiento de la seguridad p\u00fablica de la demarcaci\u00f3n y de los municipios que conforman la regi\u00f3n XVIII.<br>Posteriormente, el fiscal regional de Cuautitl\u00e1n Juan Minutti L\u00f3pez, resalt\u00f3 que se han dado resultados positivos en cada uno de los municipios antes mencionados ya que se han realizado diversas detenciones de delincuentes de alto perfil y coment\u00f3 que cada municipio tiene diferentes problem\u00e1ticas en cuanto a mapas de cobertura, c\u00e1maras de vigilancia, postes de monitoreo e implementaci\u00f3n de diversos operativos de seguridad y con ello se pretende actuar eficazmente ante cualquier llamado de los ciudadanos.<br>\u201cTrabajamos todos los d\u00edas en operatividad ya que gracias al trabajo de los presidentes municipales es para fortalecer y mejorar d\u00eda a d\u00eda, es por ello que reconozco las acciones que cada d\u00eda se implementan, estamos en la posibilidad de actuar de manera efectiva con la ciudadan\u00eda\u201d, puntualiz\u00f3 el funcionario estatal.<br>Es importante mencionar que se han realizado capturas a infractores por robo a transporte p\u00fablico con lujo de violencia, violaci\u00f3n equiparada, feminicidio, tentativa de homicidio, delitos contra la salud, robo a peat\u00f3n, robo de veh\u00edculos, entre otros y en Tultitl\u00e1n se han puesto a disposici\u00f3n, tan s\u00f3lo en los \u00faltimos dos meses, a 24 individuos, de los cuales 15 ya fueron vinculados a proceso y el resto tienen seguimiento penal; en cuanto a infraestructura se han instalado 116 c\u00e1maras de monitoreo a empresas de diferentes giros comerciales de las tres zonas del municipio y los operativos de seguridad se seguir\u00e1n implementando permanentemente.<br>Cabe se\u00f1alar que se abordaron temas de capacitaci\u00f3n, profesionalizaci\u00f3n, mejora de instalaciones, controles de confianza y la certificaci\u00f3n \u00fanica policial a cada elemento policial.<\/p>\n\n\n\n<p>Para concluir Armando Portuguez, presidente municipal de Tultepec, y quien presidi\u00f3 la sesi\u00f3n exhort\u00f3 a los asistentes en dar seguimiento oportuno a las problem\u00e1ticas desde su trinchera&nbsp; para elevar la calidad de vida de la ciudadan\u00eda y sobre todo que todo proceso se aplique con estricto apego a la ley ya que se han establecido acuerdos pertinentes intermunicipales los cuales mejoran d\u00eda a d\u00eda la seguridad de los habitantes de la regi\u00f3n.<\/p>\n","protected":false},"excerpt":{"rendered":"<p>Para dar cumplimiento al art\u00edculo 48 de la Ley de Seguridad del Estado de M\u00e9xico, el gobierno encabezado por la presidenta municipal Elena Garc\u00eda Mart\u00ednez, fue sede de la Tercera Sesi\u00f3n Ordinaria del Consejo Intermunicipal de Seguridad P\u00fablica Regi\u00f3n XVIII Tultitl\u00e1n. Dicha reuni\u00f3n tuvo lugar en el Deportivo Toltitlan donde se cont\u00f3 con la asistencia de los presidentes municipales de Cuautitl\u00e1n, Tultepec y el anfitri\u00f3n Tultitl\u00e1n, as\u00ed como de un representante del alcalde de Coacalco; en esta se trataron diversos temas en materia de seguridad.En el marco de dicha reuni\u00f3n,&hellip;<\/p>\n","protected":false},"author":1,"featured_media":745,"comment_status":"open","ping_status":"open","sticky":false,"template":"","format":"standard","meta":{"footnotes":""},"categories":[3],"tags":[],"class_list":["post-744","post","type-post","status-publish","format-standard","has-post-thumbnail","hentry","category-gobierno"],"yoast_head":"<!-- This site is optimized with the Yoast SEO plugin v27.5 - https:\/\/yoast.com\/product\/yoast-seo-wordpress\/ -->\n<title>Tultitl\u00e1n es sede de la Tercera Sesi\u00f3n Ordinaria del Consejo Intermunicipal de Seguridad P\u00fablica Regi\u00f3n XVIII Tultitl\u00e1n. - Expresso Metropolitano<\/title>\n<meta name=\"robots\" content=\"index, follow, max-snippet:-1, max-image-preview:large, max-video-preview:-1\" \/>\n<link rel=\"canonical\" href=\"https:\/\/expressometro.mx\/index.php\/2019\/09\/23\/tultitlan-es-sede-de-la-tercera-sesion-ordinaria-del-consejo-intermunicipal-de-seguridad-publica-region-xviii-tultitlan\/\" \/>\n<meta property=\"og:locale\" content=\"es_MX\" \/>\n<meta property=\"og:type\" content=\"article\" \/>\n<meta property=\"og:title\" content=\"Tultitl\u00e1n es sede de la Tercera Sesi\u00f3n Ordinaria del Consejo Intermunicipal de Seguridad P\u00fablica Regi\u00f3n XVIII Tultitl\u00e1n. - Expresso Metropolitano\" \/>\n<meta property=\"og:description\" content=\"Para dar cumplimiento al art\u00edculo 48 de la Ley de Seguridad del Estado de M\u00e9xico, el gobierno encabezado por la presidenta municipal Elena Garc\u00eda Mart\u00ednez, fue sede de la Tercera Sesi\u00f3n Ordinaria del Consejo Intermunicipal de Seguridad P\u00fablica Regi\u00f3n XVIII Tultitl\u00e1n. Dicha reuni\u00f3n tuvo lugar en el Deportivo Toltitlan donde se cont\u00f3 con la asistencia de los presidentes municipales de Cuautitl\u00e1n, Tultepec y el anfitri\u00f3n Tultitl\u00e1n, as\u00ed como de un representante del alcalde de Coacalco; en esta se trataron diversos temas en materia de seguridad.En el marco de dicha reuni\u00f3n,&hellip;\" \/>\n<meta property=\"og:url\" content=\"https:\/\/expressometro.mx\/index.php\/2019\/09\/23\/tultitlan-es-sede-de-la-tercera-sesion-ordinaria-del-consejo-intermunicipal-de-seguridad-publica-region-xviii-tultitlan\/\" \/>\n<meta property=\"og:site_name\" content=\"Expresso Metropolitano\" \/>\n<meta property=\"article:published_time\" content=\"2019-09-24T02:04:10+00:00\" \/>\n<meta property=\"article:modified_time\" content=\"2019-09-25T02:07:51+00:00\" \/>\n<meta property=\"og:image\" content=\"https:\/\/expressometro.mx\/wp-content\/uploads\/2019\/09\/411C88C0-A956-46BF-9318-90B82A151AF4.jpeg\" \/>\n\t<meta property=\"og:image:width\" content=\"1976\" \/>\n\t<meta property=\"og:image:height\" content=\"1161\" \/>\n\t<meta property=\"og:image:type\" content=\"image\/jpeg\" \/>\n<meta name=\"author\" content=\"Expresso Metropolitano\" \/>\n<meta name=\"twitter:label1\" content=\"Escrito por\" \/>\n\t<meta name=\"twitter:data1\" content=\"Expresso Metropolitano\" \/>\n\t<meta name=\"twitter:label2\" content=\"Tiempo de lectura\" \/>\n\t<meta name=\"twitter:data2\" content=\"3 minutos\" \/>\n<script type=\"application\/ld+json\" class=\"yoast-schema-graph\">{\"@context\":\"https:\\\/\\\/schema.org\",\"@graph\":[{\"@type\":\"Article\",\"@id\":\"https:\\\/\\\/expressometro.mx\\\/index.php\\\/2019\\\/09\\\/23\\\/tultitlan-es-sede-de-la-tercera-sesion-ordinaria-del-consejo-intermunicipal-de-seguridad-publica-region-xviii-tultitlan\\\/#article\",\"isPartOf\":{\"@id\":\"https:\\\/\\\/expressometro.mx\\\/index.php\\\/2019\\\/09\\\/23\\\/tultitlan-es-sede-de-la-tercera-sesion-ordinaria-del-consejo-intermunicipal-de-seguridad-publica-region-xviii-tultitlan\\\/\"},\"author\":{\"name\":\"Expresso Metropolitano\",\"@id\":\"https:\\\/\\\/expressometro.mx\\\/#\\\/schema\\\/person\\\/efa971b4a0664db8ed5c22b1b0dd2f5d\"},\"headline\":\"Tultitl\u00e1n es sede de la Tercera Sesi\u00f3n Ordinaria del Consejo Intermunicipal de Seguridad P\u00fablica Regi\u00f3n XVIII Tultitl\u00e1n.\",\"datePublished\":\"2019-09-24T02:04:10+00:00\",\"dateModified\":\"2019-09-25T02:07:51+00:00\",\"mainEntityOfPage\":{\"@id\":\"https:\\\/\\\/expressometro.mx\\\/index.php\\\/2019\\\/09\\\/23\\\/tultitlan-es-sede-de-la-tercera-sesion-ordinaria-del-consejo-intermunicipal-de-seguridad-publica-region-xviii-tultitlan\\\/\"},\"wordCount\":562,\"commentCount\":0,\"publisher\":{\"@id\":\"https:\\\/\\\/expressometro.mx\\\/#organization\"},\"image\":{\"@id\":\"https:\\\/\\\/expressometro.mx\\\/index.php\\\/2019\\\/09\\\/23\\\/tultitlan-es-sede-de-la-tercera-sesion-ordinaria-del-consejo-intermunicipal-de-seguridad-publica-region-xviii-tultitlan\\\/#primaryimage\"},\"thumbnailUrl\":\"https:\\\/\\\/expressometro.mx\\\/wp-content\\\/uploads\\\/2019\\\/09\\\/411C88C0-A956-46BF-9318-90B82A151AF4.jpeg\",\"articleSection\":[\"Gobierno\"],\"inLanguage\":\"es\",\"potentialAction\":[{\"@type\":\"CommentAction\",\"name\":\"Comment\",\"target\":[\"https:\\\/\\\/expressometro.mx\\\/index.php\\\/2019\\\/09\\\/23\\\/tultitlan-es-sede-de-la-tercera-sesion-ordinaria-del-consejo-intermunicipal-de-seguridad-publica-region-xviii-tultitlan\\\/#respond\"]}]},{\"@type\":\"WebPage\",\"@id\":\"https:\\\/\\\/expressometro.mx\\\/index.php\\\/2019\\\/09\\\/23\\\/tultitlan-es-sede-de-la-tercera-sesion-ordinaria-del-consejo-intermunicipal-de-seguridad-publica-region-xviii-tultitlan\\\/\",\"url\":\"https:\\\/\\\/expressometro.mx\\\/index.php\\\/2019\\\/09\\\/23\\\/tultitlan-es-sede-de-la-tercera-sesion-ordinaria-del-consejo-intermunicipal-de-seguridad-publica-region-xviii-tultitlan\\\/\",\"name\":\"Tultitl\u00e1n es sede de la Tercera Sesi\u00f3n Ordinaria del Consejo Intermunicipal de Seguridad P\u00fablica Regi\u00f3n XVIII Tultitl\u00e1n. - Expresso Metropolitano\",\"isPartOf\":{\"@id\":\"https:\\\/\\\/expressometro.mx\\\/#website\"},\"primaryImageOfPage\":{\"@id\":\"https:\\\/\\\/expressometro.mx\\\/index.php\\\/2019\\\/09\\\/23\\\/tultitlan-es-sede-de-la-tercera-sesion-ordinaria-del-consejo-intermunicipal-de-seguridad-publica-region-xviii-tultitlan\\\/#primaryimage\"},\"image\":{\"@id\":\"https:\\\/\\\/expressometro.mx\\\/index.php\\\/2019\\\/09\\\/23\\\/tultitlan-es-sede-de-la-tercera-sesion-ordinaria-del-consejo-intermunicipal-de-seguridad-publica-region-xviii-tultitlan\\\/#primaryimage\"},\"thumbnailUrl\":\"https:\\\/\\\/expressometro.mx\\\/wp-content\\\/uploads\\\/2019\\\/09\\\/411C88C0-A956-46BF-9318-90B82A151AF4.jpeg\",\"datePublished\":\"2019-09-24T02:04:10+00:00\",\"dateModified\":\"2019-09-25T02:07:51+00:00\",\"breadcrumb\":{\"@id\":\"https:\\\/\\\/expressometro.mx\\\/index.php\\\/2019\\\/09\\\/23\\\/tultitlan-es-sede-de-la-tercera-sesion-ordinaria-del-consejo-intermunicipal-de-seguridad-publica-region-xviii-tultitlan\\\/#breadcrumb\"},\"inLanguage\":\"es\",\"potentialAction\":[{\"@type\":\"ReadAction\",\"target\":[\"https:\\\/\\\/expressometro.mx\\\/index.php\\\/2019\\\/09\\\/23\\\/tultitlan-es-sede-de-la-tercera-sesion-ordinaria-del-consejo-intermunicipal-de-seguridad-publica-region-xviii-tultitlan\\\/\"]}]},{\"@type\":\"ImageObject\",\"inLanguage\":\"es\",\"@id\":\"https:\\\/\\\/expressometro.mx\\\/index.php\\\/2019\\\/09\\\/23\\\/tultitlan-es-sede-de-la-tercera-sesion-ordinaria-del-consejo-intermunicipal-de-seguridad-publica-region-xviii-tultitlan\\\/#primaryimage\",\"url\":\"https:\\\/\\\/expressometro.mx\\\/wp-content\\\/uploads\\\/2019\\\/09\\\/411C88C0-A956-46BF-9318-90B82A151AF4.jpeg\",\"contentUrl\":\"https:\\\/\\\/expressometro.mx\\\/wp-content\\\/uploads\\\/2019\\\/09\\\/411C88C0-A956-46BF-9318-90B82A151AF4.jpeg\",\"width\":1976,\"height\":1161},{\"@type\":\"BreadcrumbList\",\"@id\":\"https:\\\/\\\/expressometro.mx\\\/index.php\\\/2019\\\/09\\\/23\\\/tultitlan-es-sede-de-la-tercera-sesion-ordinaria-del-consejo-intermunicipal-de-seguridad-publica-region-xviii-tultitlan\\\/#breadcrumb\",\"itemListElement\":[{\"@type\":\"ListItem\",\"position\":1,\"name\":\"Inicio\",\"item\":\"https:\\\/\\\/expressometro.mx\\\/\"},{\"@type\":\"ListItem\",\"position\":2,\"name\":\"Tultitl\u00e1n es sede de la Tercera Sesi\u00f3n Ordinaria del Consejo Intermunicipal de Seguridad P\u00fablica Regi\u00f3n XVIII Tultitl\u00e1n.\"}]},{\"@type\":\"WebSite\",\"@id\":\"https:\\\/\\\/expressometro.mx\\\/#website\",\"url\":\"https:\\\/\\\/expressometro.mx\\\/\",\"name\":\"Expresso Metropolitano\",\"description\":\"Periodismo comprometido, informaci\u00f3n, investigaci\u00f3n y an\u00e1lisis\",\"publisher\":{\"@id\":\"https:\\\/\\\/expressometro.mx\\\/#organization\"},\"potentialAction\":[{\"@type\":\"SearchAction\",\"target\":{\"@type\":\"EntryPoint\",\"urlTemplate\":\"https:\\\/\\\/expressometro.mx\\\/?s={search_term_string}\"},\"query-input\":{\"@type\":\"PropertyValueSpecification\",\"valueRequired\":true,\"valueName\":\"search_term_string\"}}],\"inLanguage\":\"es\"},{\"@type\":\"Organization\",\"@id\":\"https:\\\/\\\/expressometro.mx\\\/#organization\",\"name\":\"Expresso Metropolitano\",\"url\":\"https:\\\/\\\/expressometro.mx\\\/\",\"logo\":{\"@type\":\"ImageObject\",\"inLanguage\":\"es\",\"@id\":\"https:\\\/\\\/expressometro.mx\\\/#\\\/schema\\\/logo\\\/image\\\/\",\"url\":\"https:\\\/\\\/expressometro.mx\\\/wp-content\\\/uploads\\\/2019\\\/07\\\/cropped-Logo-Expresso-Metropolitano-1-1.jpeg\",\"contentUrl\":\"https:\\\/\\\/expressometro.mx\\\/wp-content\\\/uploads\\\/2019\\\/07\\\/cropped-Logo-Expresso-Metropolitano-1-1.jpeg\",\"width\":290,\"height\":73,\"caption\":\"Expresso Metropolitano\"},\"image\":{\"@id\":\"https:\\\/\\\/expressometro.mx\\\/#\\\/schema\\\/logo\\\/image\\\/\"}},{\"@type\":\"Person\",\"@id\":\"https:\\\/\\\/expressometro.mx\\\/#\\\/schema\\\/person\\\/efa971b4a0664db8ed5c22b1b0dd2f5d\",\"name\":\"Expresso Metropolitano\",\"image\":{\"@type\":\"ImageObject\",\"inLanguage\":\"es\",\"@id\":\"https:\\\/\\\/secure.gravatar.com\\\/avatar\\\/a89f802b8de18c6952f223c88d3d106e9e3679839f4e25a02f4a6cc2ae6ba3b3?s=96&d=mm&r=g\",\"url\":\"https:\\\/\\\/secure.gravatar.com\\\/avatar\\\/a89f802b8de18c6952f223c88d3d106e9e3679839f4e25a02f4a6cc2ae6ba3b3?s=96&d=mm&r=g\",\"contentUrl\":\"https:\\\/\\\/secure.gravatar.com\\\/avatar\\\/a89f802b8de18c6952f223c88d3d106e9e3679839f4e25a02f4a6cc2ae6ba3b3?s=96&d=mm&r=g\",\"caption\":\"Expresso Metropolitano\"},\"url\":\"https:\\\/\\\/expressometro.mx\\\/index.php\\\/author\\\/diego\\\/\"}]}<\/script>\n<!-- \/ Yoast SEO plugin. -->","yoast_head_json":{"title":"Tultitl\u00e1n es sede de la Tercera Sesi\u00f3n Ordinaria del Consejo Intermunicipal de Seguridad P\u00fablica Regi\u00f3n XVIII Tultitl\u00e1n. - Expresso Metropolitano","robots":{"index":"index","follow":"follow","max-snippet":"max-snippet:-1","max-image-preview":"max-image-preview:large","max-video-preview":"max-video-preview:-1"},"canonical":"https:\/\/expressometro.mx\/index.php\/2019\/09\/23\/tultitlan-es-sede-de-la-tercera-sesion-ordinaria-del-consejo-intermunicipal-de-seguridad-publica-region-xviii-tultitlan\/","og_locale":"es_MX","og_type":"article","og_title":"Tultitl\u00e1n es sede de la Tercera Sesi\u00f3n Ordinaria del Consejo Intermunicipal de Seguridad P\u00fablica Regi\u00f3n XVIII Tultitl\u00e1n. - Expresso Metropolitano","og_description":"Para dar cumplimiento al art\u00edculo 48 de la Ley de Seguridad del Estado de M\u00e9xico, el gobierno encabezado por la presidenta municipal Elena Garc\u00eda Mart\u00ednez, fue sede de la Tercera Sesi\u00f3n Ordinaria del Consejo Intermunicipal de Seguridad P\u00fablica Regi\u00f3n XVIII Tultitl\u00e1n. Dicha reuni\u00f3n tuvo lugar en el Deportivo Toltitlan donde se cont\u00f3 con la asistencia de los presidentes municipales de Cuautitl\u00e1n, Tultepec y el anfitri\u00f3n Tultitl\u00e1n, as\u00ed como de un representante del alcalde de Coacalco; en esta se trataron diversos temas en materia de seguridad.En el marco de dicha reuni\u00f3n,&hellip;","og_url":"https:\/\/expressometro.mx\/index.php\/2019\/09\/23\/tultitlan-es-sede-de-la-tercera-sesion-ordinaria-del-consejo-intermunicipal-de-seguridad-publica-region-xviii-tultitlan\/","og_site_name":"Expresso Metropolitano","article_published_time":"2019-09-24T02:04:10+00:00","article_modified_time":"2019-09-25T02:07:51+00:00","og_image":[{"width":1976,"height":1161,"url":"https:\/\/expressometro.mx\/wp-content\/uploads\/2019\/09\/411C88C0-A956-46BF-9318-90B82A151AF4.jpeg","type":"image\/jpeg"}],"author":"Expresso Metropolitano","twitter_misc":{"Escrito por":"Expresso Metropolitano","Tiempo de lectura":"3 minutos"},"schema":{"@context":"https:\/\/schema.org","@graph":[{"@type":"Article","@id":"https:\/\/expressometro.mx\/index.php\/2019\/09\/23\/tultitlan-es-sede-de-la-tercera-sesion-ordinaria-del-consejo-intermunicipal-de-seguridad-publica-region-xviii-tultitlan\/#article","isPartOf":{"@id":"https:\/\/expressometro.mx\/index.php\/2019\/09\/23\/tultitlan-es-sede-de-la-tercera-sesion-ordinaria-del-consejo-intermunicipal-de-seguridad-publica-region-xviii-tultitlan\/"},"author":{"name":"Expresso Metropolitano","@id":"https:\/\/expressometro.mx\/#\/schema\/person\/efa971b4a0664db8ed5c22b1b0dd2f5d"},"headline":"Tultitl\u00e1n es sede de la Tercera Sesi\u00f3n Ordinaria del Consejo Intermunicipal de Seguridad P\u00fablica Regi\u00f3n XVIII Tultitl\u00e1n.","datePublished":"2019-09-24T02:04:10+00:00","dateModified":"2019-09-25T02:07:51+00:00","mainEntityOfPage":{"@id":"https:\/\/expressometro.mx\/index.php\/2019\/09\/23\/tultitlan-es-sede-de-la-tercera-sesion-ordinaria-del-consejo-intermunicipal-de-seguridad-publica-region-xviii-tultitlan\/"},"wordCount":562,"commentCount":0,"publisher":{"@id":"https:\/\/expressometro.mx\/#organization"},"image":{"@id":"https:\/\/expressometro.mx\/index.php\/2019\/09\/23\/tultitlan-es-sede-de-la-tercera-sesion-ordinaria-del-consejo-intermunicipal-de-seguridad-publica-region-xviii-tultitlan\/#primaryimage"},"thumbnailUrl":"https:\/\/expressometro.mx\/wp-content\/uploads\/2019\/09\/411C88C0-A956-46BF-9318-90B82A151AF4.jpeg","articleSection":["Gobierno"],"inLanguage":"es","potentialAction":[{"@type":"CommentAction","name":"Comment","target":["https:\/\/expressometro.mx\/index.php\/2019\/09\/23\/tultitlan-es-sede-de-la-tercera-sesion-ordinaria-del-consejo-intermunicipal-de-seguridad-publica-region-xviii-tultitlan\/#respond"]}]},{"@type":"WebPage","@id":"https:\/\/expressometro.mx\/index.php\/2019\/09\/23\/tultitlan-es-sede-de-la-tercera-sesion-ordinaria-del-consejo-intermunicipal-de-seguridad-publica-region-xviii-tultitlan\/","url":"https:\/\/expressometro.mx\/index.php\/2019\/09\/23\/tultitlan-es-sede-de-la-tercera-sesion-ordinaria-del-consejo-intermunicipal-de-seguridad-publica-region-xviii-tultitlan\/","name":"Tultitl\u00e1n es sede de la Tercera Sesi\u00f3n Ordinaria del Consejo Intermunicipal de Seguridad P\u00fablica Regi\u00f3n XVIII Tultitl\u00e1n. - Expresso Metropolitano","isPartOf":{"@id":"https:\/\/expressometro.mx\/#website"},"primaryImageOfPage":{"@id":"https:\/\/expressometro.mx\/index.php\/2019\/09\/23\/tultitlan-es-sede-de-la-tercera-sesion-ordinaria-del-consejo-intermunicipal-de-seguridad-publica-region-xviii-tultitlan\/#primaryimage"},"image":{"@id":"https:\/\/expressometro.mx\/index.php\/2019\/09\/23\/tultitlan-es-sede-de-la-tercera-sesion-ordinaria-del-consejo-intermunicipal-de-seguridad-publica-region-xviii-tultitlan\/#primaryimage"},"thumbnailUrl":"https:\/\/expressometro.mx\/wp-content\/uploads\/2019\/09\/411C88C0-A956-46BF-9318-90B82A151AF4.jpeg","datePublished":"2019-09-24T02:04:10+00:00","dateModified":"2019-09-25T02:07:51+00:00","breadcrumb":{"@id":"https:\/\/expressometro.mx\/index.php\/2019\/09\/23\/tultitlan-es-sede-de-la-tercera-sesion-ordinaria-del-consejo-intermunicipal-de-seguridad-publica-region-xviii-tultitlan\/#breadcrumb"},"inLanguage":"es","potentialAction":[{"@type":"ReadAction","target":["https:\/\/expressometro.mx\/index.php\/2019\/09\/23\/tultitlan-es-sede-de-la-tercera-sesion-ordinaria-del-consejo-intermunicipal-de-seguridad-publica-region-xviii-tultitlan\/"]}]},{"@type":"ImageObject","inLanguage":"es","@id":"https:\/\/expressometro.mx\/index.php\/2019\/09\/23\/tultitlan-es-sede-de-la-tercera-sesion-ordinaria-del-consejo-intermunicipal-de-seguridad-publica-region-xviii-tultitlan\/#primaryimage","url":"https:\/\/expressometro.mx\/wp-content\/uploads\/2019\/09\/411C88C0-A956-46BF-9318-90B82A151AF4.jpeg","contentUrl":"https:\/\/expressometro.mx\/wp-content\/uploads\/2019\/09\/411C88C0-A956-46BF-9318-90B82A151AF4.jpeg","width":1976,"height":1161},{"@type":"BreadcrumbList","@id":"https:\/\/expressometro.mx\/index.php\/2019\/09\/23\/tultitlan-es-sede-de-la-tercera-sesion-ordinaria-del-consejo-intermunicipal-de-seguridad-publica-region-xviii-tultitlan\/#breadcrumb","itemListElement":[{"@type":"ListItem","position":1,"name":"Inicio","item":"https:\/\/expressometro.mx\/"},{"@type":"ListItem","position":2,"name":"Tultitl\u00e1n es sede de la Tercera Sesi\u00f3n Ordinaria del Consejo Intermunicipal de Seguridad P\u00fablica Regi\u00f3n XVIII Tultitl\u00e1n."}]},{"@type":"WebSite","@id":"https:\/\/expressometro.mx\/#website","url":"https:\/\/expressometro.mx\/","name":"Expresso Metropolitano","description":"Periodismo comprometido, informaci\u00f3n, investigaci\u00f3n y an\u00e1lisis","publisher":{"@id":"https:\/\/expressometro.mx\/#organization"},"potentialAction":[{"@type":"SearchAction","target":{"@type":"EntryPoint","urlTemplate":"https:\/\/expressometro.mx\/?s={search_term_string}"},"query-input":{"@type":"PropertyValueSpecification","valueRequired":true,"valueName":"search_term_string"}}],"inLanguage":"es"},{"@type":"Organization","@id":"https:\/\/expressometro.mx\/#organization","name":"Expresso Metropolitano","url":"https:\/\/expressometro.mx\/","logo":{"@type":"ImageObject","inLanguage":"es","@id":"https:\/\/expressometro.mx\/#\/schema\/logo\/image\/","url":"https:\/\/expressometro.mx\/wp-content\/uploads\/2019\/07\/cropped-Logo-Expresso-Metropolitano-1-1.jpeg","contentUrl":"https:\/\/expressometro.mx\/wp-content\/uploads\/2019\/07\/cropped-Logo-Expresso-Metropolitano-1-1.jpeg","width":290,"height":73,"caption":"Expresso Metropolitano"},"image":{"@id":"https:\/\/expressometro.mx\/#\/schema\/logo\/image\/"}},{"@type":"Person","@id":"https:\/\/expressometro.mx\/#\/schema\/person\/efa971b4a0664db8ed5c22b1b0dd2f5d","name":"Expresso Metropolitano","image":{"@type":"ImageObject","inLanguage":"es","@id":"https:\/\/secure.gravatar.com\/avatar\/a89f802b8de18c6952f223c88d3d106e9e3679839f4e25a02f4a6cc2ae6ba3b3?s=96&d=mm&r=g","url":"https:\/\/secure.gravatar.com\/avatar\/a89f802b8de18c6952f223c88d3d106e9e3679839f4e25a02f4a6cc2ae6ba3b3?s=96&d=mm&r=g","contentUrl":"https:\/\/secure.gravatar.com\/avatar\/a89f802b8de18c6952f223c88d3d106e9e3679839f4e25a02f4a6cc2ae6ba3b3?s=96&d=mm&r=g","caption":"Expresso Metropolitano"},"url":"https:\/\/expressometro.mx\/index.php\/author\/diego\/"}]}},"amp_enabled":true,"_links":{"self":[{"href":"https:\/\/expressometro.mx\/index.php\/wp-json\/wp\/v2\/posts\/744","targetHints":{"allow":["GET"]}}],"collection":[{"href":"https:\/\/expressometro.mx\/index.php\/wp-json\/wp\/v2\/posts"}],"about":[{"href":"https:\/\/expressometro.mx\/index.php\/wp-json\/wp\/v2\/types\/post"}],"author":[{"embeddable":true,"href":"https:\/\/expressometro.mx\/index.php\/wp-json\/wp\/v2\/users\/1"}],"replies":[{"embeddable":true,"href":"https:\/\/expressometro.mx\/index.php\/wp-json\/wp\/v2\/comments?post=744"}],"version-history":[{"count":1,"href":"https:\/\/expressometro.mx\/index.php\/wp-json\/wp\/v2\/posts\/744\/revisions"}],"predecessor-version":[{"id":746,"href":"https:\/\/expressometro.mx\/index.php\/wp-json\/wp\/v2\/posts\/744\/revisions\/746"}],"wp:featuredmedia":[{"embeddable":true,"href":"https:\/\/expressometro.mx\/index.php\/wp-json\/wp\/v2\/media\/745"}],"wp:attachment":[{"href":"https:\/\/expressometro.mx\/index.php\/wp-json\/wp\/v2\/media?parent=744"}],"wp:term":[{"taxonomy":"category","embeddable":true,"href":"https:\/\/expressometro.mx\/index.php\/wp-json\/wp\/v2\/categories?post=744"},{"taxonomy":"post_tag","embeddable":true,"href":"https:\/\/expressometro.mx\/index.php\/wp-json\/wp\/v2\/tags?post=744"}],"curies":[{"name":"wp","href":"https:\/\/api.w.org\/{rel}","templated":true}]}}