{"id":7434,"date":"2023-07-27T18:46:10","date_gmt":"2023-07-27T23:46:10","guid":{"rendered":"https:\/\/expressometro.mx\/?p=7434"},"modified":"2023-07-27T18:46:11","modified_gmt":"2023-07-27T23:46:11","slug":"vamos-a-dar-un-golpe-de-timon-a-la-ruta-del-pais-eric-sevilla","status":"publish","type":"post","link":"https:\/\/expressometro.mx\/index.php\/2023\/07\/27\/vamos-a-dar-un-golpe-de-timon-a-la-ruta-del-pais-eric-sevilla\/","title":{"rendered":"VAMOS A DAR UN GOLPE DE TIM\u00d3N A LA RUTA DEL PA\u00cdS: ERIC SEVILLA"},"content":{"rendered":"\n<p><\/p>\n\n\n\n<p>\u2022 Basta de ocurrencias y abandono a todos los sectores de la sociedad, manifest\u00f3 el dirigente estatal del PRI.<\/p>\n\n\n\n<p><\/p>\n\n\n\n<p>El PRI del Estado de M\u00e9xico tiene una militancia orgullosa de estar en el lado correcto de la historia y est\u00e1 preparada para atender el llamado de la pr\u00f3xima convocatoria electoral que permitir\u00e1 \u201cdarle un golpe de tim\u00f3n a la ruta del pa\u00eds\u201d, advirti\u00f3 el presidente del Comit\u00e9 Directivo Estatal (CDE), Eric Sevilla.<\/p>\n\n\n\n<p>En el \u201cEncuentro para Reconocer al Priismo de Tejupilco\u201d manifest\u00f3 que la experiencia de sus militantes no se jubila, pero tambi\u00e9n es cierto que se impulsar\u00e1n \u201cnuevos cuadros pol\u00edticos con trabajo en equipo y con mucha responsabilidad social para atender el llamado de la Naci\u00f3n\u201d.<\/p>\n\n\n\n<p>Frente a la militancia y acompa\u00f1ado del secretario de Organizaci\u00f3n del CDE, Mario Santana, destac\u00f3 que el PRI est\u00e1 llamado a detener las ocurrencias de un gobierno federal que le ha fallado a la patria y que tiene en el abandono a la educaci\u00f3n, la salud y el campo.<\/p>\n\n\n\n<p>\u201cMuy pronto, el priismo estar\u00e1 en las calles para convencer a la gente de cambiar el rumbo del pa\u00eds, es evidente que no estamos bien con m\u00e1s de 155 mil muertos reportados en lo que va de este sexenio y sin obras que realmente atiendan las demandas sociales\u201d, se\u00f1al\u00f3.<\/p>\n\n\n\n<p>Exhort\u00f3 al priismo mexiquense a trabajar para lo que viene en la renovaci\u00f3n de las presidencias municipales y diputaciones, \u201ctengo responsabilidades como Presidente del PRI y las voy a cumplir a cabalidad para fortalecer las estructuras del partido\u201d.<\/p>\n\n\n\n<p>Dijo que el PRI est\u00e1 en el momento de levantarse, nuevamente, y seguir en la batalla pol\u00edtica, \u201cnos han querido desaparecer desde hace m\u00e1s de 20 a\u00f1os, pero estamos vivos y con m\u00e1s de un mill\u00f3n 800 mil mexiquenses que confiaron en nosotros, nos vamos a reponer priistas con unidad y esfuerzo\u201d.<\/p>\n","protected":false},"excerpt":{"rendered":"<p>El PRI del Estado de M\u00e9xico tiene una militancia orgullosa de estar en el lado correcto de la historia y est\u00e1 preparada para atender el llamado de la pr\u00f3xima convocatoria electoral que permitir\u00e1 \u201cdarle un golpe de tim\u00f3n a la ruta del pa\u00eds\u201d, advirti\u00f3 el presidente del Comit\u00e9 Directivo Estatal (CDE), Eric Sevilla.<\/p>\n","protected":false},"author":1,"featured_media":7436,"comment_status":"open","ping_status":"open","sticky":false,"template":"","format":"standard","meta":{"footnotes":""},"categories":[3,1,231],"tags":[1982,1461,86,158],"class_list":["post-7434","post","type-post","status-publish","format-standard","has-post-thumbnail","hentry","category-gobierno","category-otros","category-politica","tag-edomex","tag-eric-sevilla","tag-gem","tag-pri"],"yoast_head":"<!-- This site is optimized with the Yoast SEO plugin v27.5 - https:\/\/yoast.com\/product\/yoast-seo-wordpress\/ -->\n<title>VAMOS A DAR UN GOLPE DE TIM\u00d3N A LA RUTA DEL PA\u00cdS: ERIC SEVILLA - Expresso Metropolitano<\/title>\n<meta name=\"robots\" content=\"index, follow, max-snippet:-1, max-image-preview:large, max-video-preview:-1\" \/>\n<link rel=\"canonical\" href=\"https:\/\/expressometro.mx\/index.php\/2023\/07\/27\/vamos-a-dar-un-golpe-de-timon-a-la-ruta-del-pais-eric-sevilla\/\" \/>\n<meta property=\"og:locale\" content=\"es_MX\" \/>\n<meta property=\"og:type\" content=\"article\" \/>\n<meta property=\"og:title\" content=\"VAMOS A DAR UN GOLPE DE TIM\u00d3N A LA RUTA DEL PA\u00cdS: ERIC SEVILLA - Expresso Metropolitano\" \/>\n<meta property=\"og:description\" content=\"El PRI del Estado de M\u00e9xico tiene una militancia orgullosa de estar en el lado correcto de la historia y est\u00e1 preparada para atender el llamado de la pr\u00f3xima convocatoria electoral que permitir\u00e1 \u201cdarle un golpe de tim\u00f3n a la ruta del pa\u00eds\u201d, advirti\u00f3 el presidente del Comit\u00e9 Directivo Estatal (CDE), Eric Sevilla.\" \/>\n<meta property=\"og:url\" content=\"https:\/\/expressometro.mx\/index.php\/2023\/07\/27\/vamos-a-dar-un-golpe-de-timon-a-la-ruta-del-pais-eric-sevilla\/\" \/>\n<meta property=\"og:site_name\" content=\"Expresso Metropolitano\" \/>\n<meta property=\"article:published_time\" content=\"2023-07-27T23:46:10+00:00\" \/>\n<meta property=\"article:modified_time\" content=\"2023-07-27T23:46:11+00:00\" \/>\n<meta property=\"og:image\" content=\"http:\/\/expressometro.mx\/wp-content\/uploads\/2023\/07\/Eric-Sevilla-270723-1.jpg\" \/>\n\t<meta property=\"og:image:width\" content=\"1600\" \/>\n\t<meta property=\"og:image:height\" content=\"1066\" \/>\n\t<meta property=\"og:image:type\" content=\"image\/jpeg\" \/>\n<meta name=\"author\" content=\"Expresso Metropolitano\" \/>\n<meta name=\"twitter:label1\" content=\"Escrito por\" \/>\n\t<meta name=\"twitter:data1\" content=\"Expresso Metropolitano\" \/>\n\t<meta name=\"twitter:label2\" content=\"Tiempo de lectura\" \/>\n\t<meta name=\"twitter:data2\" content=\"2 minutos\" \/>\n<script type=\"application\/ld+json\" class=\"yoast-schema-graph\">{\"@context\":\"https:\\\/\\\/schema.org\",\"@graph\":[{\"@type\":\"Article\",\"@id\":\"https:\\\/\\\/expressometro.mx\\\/index.php\\\/2023\\\/07\\\/27\\\/vamos-a-dar-un-golpe-de-timon-a-la-ruta-del-pais-eric-sevilla\\\/#article\",\"isPartOf\":{\"@id\":\"https:\\\/\\\/expressometro.mx\\\/index.php\\\/2023\\\/07\\\/27\\\/vamos-a-dar-un-golpe-de-timon-a-la-ruta-del-pais-eric-sevilla\\\/\"},\"author\":{\"name\":\"Expresso Metropolitano\",\"@id\":\"https:\\\/\\\/expressometro.mx\\\/#\\\/schema\\\/person\\\/efa971b4a0664db8ed5c22b1b0dd2f5d\"},\"headline\":\"VAMOS A DAR UN GOLPE DE TIM\u00d3N A LA RUTA DEL PA\u00cdS: ERIC SEVILLA\",\"datePublished\":\"2023-07-27T23:46:10+00:00\",\"dateModified\":\"2023-07-27T23:46:11+00:00\",\"mainEntityOfPage\":{\"@id\":\"https:\\\/\\\/expressometro.mx\\\/index.php\\\/2023\\\/07\\\/27\\\/vamos-a-dar-un-golpe-de-timon-a-la-ruta-del-pais-eric-sevilla\\\/\"},\"wordCount\":337,\"commentCount\":0,\"publisher\":{\"@id\":\"https:\\\/\\\/expressometro.mx\\\/#organization\"},\"image\":{\"@id\":\"https:\\\/\\\/expressometro.mx\\\/index.php\\\/2023\\\/07\\\/27\\\/vamos-a-dar-un-golpe-de-timon-a-la-ruta-del-pais-eric-sevilla\\\/#primaryimage\"},\"thumbnailUrl\":\"https:\\\/\\\/expressometro.mx\\\/wp-content\\\/uploads\\\/2023\\\/07\\\/Eric-Sevilla-270723-1.jpg\",\"keywords\":[\"Edomex\",\"Eric Sevilla\",\"GEM\",\"PRI\"],\"articleSection\":[\"Gobierno\",\"Otros\",\"Pol\u00edtica\"],\"inLanguage\":\"es\",\"potentialAction\":[{\"@type\":\"CommentAction\",\"name\":\"Comment\",\"target\":[\"https:\\\/\\\/expressometro.mx\\\/index.php\\\/2023\\\/07\\\/27\\\/vamos-a-dar-un-golpe-de-timon-a-la-ruta-del-pais-eric-sevilla\\\/#respond\"]}]},{\"@type\":\"WebPage\",\"@id\":\"https:\\\/\\\/expressometro.mx\\\/index.php\\\/2023\\\/07\\\/27\\\/vamos-a-dar-un-golpe-de-timon-a-la-ruta-del-pais-eric-sevilla\\\/\",\"url\":\"https:\\\/\\\/expressometro.mx\\\/index.php\\\/2023\\\/07\\\/27\\\/vamos-a-dar-un-golpe-de-timon-a-la-ruta-del-pais-eric-sevilla\\\/\",\"name\":\"VAMOS A DAR UN GOLPE DE TIM\u00d3N A LA RUTA DEL PA\u00cdS: ERIC SEVILLA - Expresso Metropolitano\",\"isPartOf\":{\"@id\":\"https:\\\/\\\/expressometro.mx\\\/#website\"},\"primaryImageOfPage\":{\"@id\":\"https:\\\/\\\/expressometro.mx\\\/index.php\\\/2023\\\/07\\\/27\\\/vamos-a-dar-un-golpe-de-timon-a-la-ruta-del-pais-eric-sevilla\\\/#primaryimage\"},\"image\":{\"@id\":\"https:\\\/\\\/expressometro.mx\\\/index.php\\\/2023\\\/07\\\/27\\\/vamos-a-dar-un-golpe-de-timon-a-la-ruta-del-pais-eric-sevilla\\\/#primaryimage\"},\"thumbnailUrl\":\"https:\\\/\\\/expressometro.mx\\\/wp-content\\\/uploads\\\/2023\\\/07\\\/Eric-Sevilla-270723-1.jpg\",\"datePublished\":\"2023-07-27T23:46:10+00:00\",\"dateModified\":\"2023-07-27T23:46:11+00:00\",\"breadcrumb\":{\"@id\":\"https:\\\/\\\/expressometro.mx\\\/index.php\\\/2023\\\/07\\\/27\\\/vamos-a-dar-un-golpe-de-timon-a-la-ruta-del-pais-eric-sevilla\\\/#breadcrumb\"},\"inLanguage\":\"es\",\"potentialAction\":[{\"@type\":\"ReadAction\",\"target\":[\"https:\\\/\\\/expressometro.mx\\\/index.php\\\/2023\\\/07\\\/27\\\/vamos-a-dar-un-golpe-de-timon-a-la-ruta-del-pais-eric-sevilla\\\/\"]}]},{\"@type\":\"ImageObject\",\"inLanguage\":\"es\",\"@id\":\"https:\\\/\\\/expressometro.mx\\\/index.php\\\/2023\\\/07\\\/27\\\/vamos-a-dar-un-golpe-de-timon-a-la-ruta-del-pais-eric-sevilla\\\/#primaryimage\",\"url\":\"https:\\\/\\\/expressometro.mx\\\/wp-content\\\/uploads\\\/2023\\\/07\\\/Eric-Sevilla-270723-1.jpg\",\"contentUrl\":\"https:\\\/\\\/expressometro.mx\\\/wp-content\\\/uploads\\\/2023\\\/07\\\/Eric-Sevilla-270723-1.jpg\",\"width\":1600,\"height\":1066},{\"@type\":\"BreadcrumbList\",\"@id\":\"https:\\\/\\\/expressometro.mx\\\/index.php\\\/2023\\\/07\\\/27\\\/vamos-a-dar-un-golpe-de-timon-a-la-ruta-del-pais-eric-sevilla\\\/#breadcrumb\",\"itemListElement\":[{\"@type\":\"ListItem\",\"position\":1,\"name\":\"Inicio\",\"item\":\"https:\\\/\\\/expressometro.mx\\\/\"},{\"@type\":\"ListItem\",\"position\":2,\"name\":\"VAMOS A DAR UN GOLPE DE TIM\u00d3N A LA RUTA DEL PA\u00cdS: ERIC SEVILLA\"}]},{\"@type\":\"WebSite\",\"@id\":\"https:\\\/\\\/expressometro.mx\\\/#website\",\"url\":\"https:\\\/\\\/expressometro.mx\\\/\",\"name\":\"Expresso Metropolitano\",\"description\":\"Periodismo comprometido, informaci\u00f3n, investigaci\u00f3n y an\u00e1lisis\",\"publisher\":{\"@id\":\"https:\\\/\\\/expressometro.mx\\\/#organization\"},\"potentialAction\":[{\"@type\":\"SearchAction\",\"target\":{\"@type\":\"EntryPoint\",\"urlTemplate\":\"https:\\\/\\\/expressometro.mx\\\/?s={search_term_string}\"},\"query-input\":{\"@type\":\"PropertyValueSpecification\",\"valueRequired\":true,\"valueName\":\"search_term_string\"}}],\"inLanguage\":\"es\"},{\"@type\":\"Organization\",\"@id\":\"https:\\\/\\\/expressometro.mx\\\/#organization\",\"name\":\"Expresso Metropolitano\",\"url\":\"https:\\\/\\\/expressometro.mx\\\/\",\"logo\":{\"@type\":\"ImageObject\",\"inLanguage\":\"es\",\"@id\":\"https:\\\/\\\/expressometro.mx\\\/#\\\/schema\\\/logo\\\/image\\\/\",\"url\":\"https:\\\/\\\/expressometro.mx\\\/wp-content\\\/uploads\\\/2019\\\/07\\\/cropped-Logo-Expresso-Metropolitano-1-1.jpeg\",\"contentUrl\":\"https:\\\/\\\/expressometro.mx\\\/wp-content\\\/uploads\\\/2019\\\/07\\\/cropped-Logo-Expresso-Metropolitano-1-1.jpeg\",\"width\":290,\"height\":73,\"caption\":\"Expresso Metropolitano\"},\"image\":{\"@id\":\"https:\\\/\\\/expressometro.mx\\\/#\\\/schema\\\/logo\\\/image\\\/\"}},{\"@type\":\"Person\",\"@id\":\"https:\\\/\\\/expressometro.mx\\\/#\\\/schema\\\/person\\\/efa971b4a0664db8ed5c22b1b0dd2f5d\",\"name\":\"Expresso Metropolitano\",\"image\":{\"@type\":\"ImageObject\",\"inLanguage\":\"es\",\"@id\":\"https:\\\/\\\/secure.gravatar.com\\\/avatar\\\/a89f802b8de18c6952f223c88d3d106e9e3679839f4e25a02f4a6cc2ae6ba3b3?s=96&d=mm&r=g\",\"url\":\"https:\\\/\\\/secure.gravatar.com\\\/avatar\\\/a89f802b8de18c6952f223c88d3d106e9e3679839f4e25a02f4a6cc2ae6ba3b3?s=96&d=mm&r=g\",\"contentUrl\":\"https:\\\/\\\/secure.gravatar.com\\\/avatar\\\/a89f802b8de18c6952f223c88d3d106e9e3679839f4e25a02f4a6cc2ae6ba3b3?s=96&d=mm&r=g\",\"caption\":\"Expresso Metropolitano\"},\"url\":\"https:\\\/\\\/expressometro.mx\\\/index.php\\\/author\\\/diego\\\/\"}]}<\/script>\n<!-- \/ Yoast SEO plugin. -->","yoast_head_json":{"title":"VAMOS A DAR UN GOLPE DE TIM\u00d3N A LA RUTA DEL PA\u00cdS: ERIC SEVILLA - Expresso Metropolitano","robots":{"index":"index","follow":"follow","max-snippet":"max-snippet:-1","max-image-preview":"max-image-preview:large","max-video-preview":"max-video-preview:-1"},"canonical":"https:\/\/expressometro.mx\/index.php\/2023\/07\/27\/vamos-a-dar-un-golpe-de-timon-a-la-ruta-del-pais-eric-sevilla\/","og_locale":"es_MX","og_type":"article","og_title":"VAMOS A DAR UN GOLPE DE TIM\u00d3N A LA RUTA DEL PA\u00cdS: ERIC SEVILLA - Expresso Metropolitano","og_description":"El PRI del Estado de M\u00e9xico tiene una militancia orgullosa de estar en el lado correcto de la historia y est\u00e1 preparada para atender el llamado de la pr\u00f3xima convocatoria electoral que permitir\u00e1 \u201cdarle un golpe de tim\u00f3n a la ruta del pa\u00eds\u201d, advirti\u00f3 el presidente del Comit\u00e9 Directivo Estatal (CDE), Eric Sevilla.","og_url":"https:\/\/expressometro.mx\/index.php\/2023\/07\/27\/vamos-a-dar-un-golpe-de-timon-a-la-ruta-del-pais-eric-sevilla\/","og_site_name":"Expresso Metropolitano","article_published_time":"2023-07-27T23:46:10+00:00","article_modified_time":"2023-07-27T23:46:11+00:00","og_image":[{"width":1600,"height":1066,"url":"http:\/\/expressometro.mx\/wp-content\/uploads\/2023\/07\/Eric-Sevilla-270723-1.jpg","type":"image\/jpeg"}],"author":"Expresso Metropolitano","twitter_misc":{"Escrito por":"Expresso Metropolitano","Tiempo de lectura":"2 minutos"},"schema":{"@context":"https:\/\/schema.org","@graph":[{"@type":"Article","@id":"https:\/\/expressometro.mx\/index.php\/2023\/07\/27\/vamos-a-dar-un-golpe-de-timon-a-la-ruta-del-pais-eric-sevilla\/#article","isPartOf":{"@id":"https:\/\/expressometro.mx\/index.php\/2023\/07\/27\/vamos-a-dar-un-golpe-de-timon-a-la-ruta-del-pais-eric-sevilla\/"},"author":{"name":"Expresso Metropolitano","@id":"https:\/\/expressometro.mx\/#\/schema\/person\/efa971b4a0664db8ed5c22b1b0dd2f5d"},"headline":"VAMOS A DAR UN GOLPE DE TIM\u00d3N A LA RUTA DEL PA\u00cdS: ERIC SEVILLA","datePublished":"2023-07-27T23:46:10+00:00","dateModified":"2023-07-27T23:46:11+00:00","mainEntityOfPage":{"@id":"https:\/\/expressometro.mx\/index.php\/2023\/07\/27\/vamos-a-dar-un-golpe-de-timon-a-la-ruta-del-pais-eric-sevilla\/"},"wordCount":337,"commentCount":0,"publisher":{"@id":"https:\/\/expressometro.mx\/#organization"},"image":{"@id":"https:\/\/expressometro.mx\/index.php\/2023\/07\/27\/vamos-a-dar-un-golpe-de-timon-a-la-ruta-del-pais-eric-sevilla\/#primaryimage"},"thumbnailUrl":"https:\/\/expressometro.mx\/wp-content\/uploads\/2023\/07\/Eric-Sevilla-270723-1.jpg","keywords":["Edomex","Eric Sevilla","GEM","PRI"],"articleSection":["Gobierno","Otros","Pol\u00edtica"],"inLanguage":"es","potentialAction":[{"@type":"CommentAction","name":"Comment","target":["https:\/\/expressometro.mx\/index.php\/2023\/07\/27\/vamos-a-dar-un-golpe-de-timon-a-la-ruta-del-pais-eric-sevilla\/#respond"]}]},{"@type":"WebPage","@id":"https:\/\/expressometro.mx\/index.php\/2023\/07\/27\/vamos-a-dar-un-golpe-de-timon-a-la-ruta-del-pais-eric-sevilla\/","url":"https:\/\/expressometro.mx\/index.php\/2023\/07\/27\/vamos-a-dar-un-golpe-de-timon-a-la-ruta-del-pais-eric-sevilla\/","name":"VAMOS A DAR UN GOLPE DE TIM\u00d3N A LA RUTA DEL PA\u00cdS: ERIC SEVILLA - Expresso Metropolitano","isPartOf":{"@id":"https:\/\/expressometro.mx\/#website"},"primaryImageOfPage":{"@id":"https:\/\/expressometro.mx\/index.php\/2023\/07\/27\/vamos-a-dar-un-golpe-de-timon-a-la-ruta-del-pais-eric-sevilla\/#primaryimage"},"image":{"@id":"https:\/\/expressometro.mx\/index.php\/2023\/07\/27\/vamos-a-dar-un-golpe-de-timon-a-la-ruta-del-pais-eric-sevilla\/#primaryimage"},"thumbnailUrl":"https:\/\/expressometro.mx\/wp-content\/uploads\/2023\/07\/Eric-Sevilla-270723-1.jpg","datePublished":"2023-07-27T23:46:10+00:00","dateModified":"2023-07-27T23:46:11+00:00","breadcrumb":{"@id":"https:\/\/expressometro.mx\/index.php\/2023\/07\/27\/vamos-a-dar-un-golpe-de-timon-a-la-ruta-del-pais-eric-sevilla\/#breadcrumb"},"inLanguage":"es","potentialAction":[{"@type":"ReadAction","target":["https:\/\/expressometro.mx\/index.php\/2023\/07\/27\/vamos-a-dar-un-golpe-de-timon-a-la-ruta-del-pais-eric-sevilla\/"]}]},{"@type":"ImageObject","inLanguage":"es","@id":"https:\/\/expressometro.mx\/index.php\/2023\/07\/27\/vamos-a-dar-un-golpe-de-timon-a-la-ruta-del-pais-eric-sevilla\/#primaryimage","url":"https:\/\/expressometro.mx\/wp-content\/uploads\/2023\/07\/Eric-Sevilla-270723-1.jpg","contentUrl":"https:\/\/expressometro.mx\/wp-content\/uploads\/2023\/07\/Eric-Sevilla-270723-1.jpg","width":1600,"height":1066},{"@type":"BreadcrumbList","@id":"https:\/\/expressometro.mx\/index.php\/2023\/07\/27\/vamos-a-dar-un-golpe-de-timon-a-la-ruta-del-pais-eric-sevilla\/#breadcrumb","itemListElement":[{"@type":"ListItem","position":1,"name":"Inicio","item":"https:\/\/expressometro.mx\/"},{"@type":"ListItem","position":2,"name":"VAMOS A DAR UN GOLPE DE TIM\u00d3N A LA RUTA DEL PA\u00cdS: ERIC SEVILLA"}]},{"@type":"WebSite","@id":"https:\/\/expressometro.mx\/#website","url":"https:\/\/expressometro.mx\/","name":"Expresso Metropolitano","description":"Periodismo comprometido, informaci\u00f3n, investigaci\u00f3n y an\u00e1lisis","publisher":{"@id":"https:\/\/expressometro.mx\/#organization"},"potentialAction":[{"@type":"SearchAction","target":{"@type":"EntryPoint","urlTemplate":"https:\/\/expressometro.mx\/?s={search_term_string}"},"query-input":{"@type":"PropertyValueSpecification","valueRequired":true,"valueName":"search_term_string"}}],"inLanguage":"es"},{"@type":"Organization","@id":"https:\/\/expressometro.mx\/#organization","name":"Expresso Metropolitano","url":"https:\/\/expressometro.mx\/","logo":{"@type":"ImageObject","inLanguage":"es","@id":"https:\/\/expressometro.mx\/#\/schema\/logo\/image\/","url":"https:\/\/expressometro.mx\/wp-content\/uploads\/2019\/07\/cropped-Logo-Expresso-Metropolitano-1-1.jpeg","contentUrl":"https:\/\/expressometro.mx\/wp-content\/uploads\/2019\/07\/cropped-Logo-Expresso-Metropolitano-1-1.jpeg","width":290,"height":73,"caption":"Expresso Metropolitano"},"image":{"@id":"https:\/\/expressometro.mx\/#\/schema\/logo\/image\/"}},{"@type":"Person","@id":"https:\/\/expressometro.mx\/#\/schema\/person\/efa971b4a0664db8ed5c22b1b0dd2f5d","name":"Expresso Metropolitano","image":{"@type":"ImageObject","inLanguage":"es","@id":"https:\/\/secure.gravatar.com\/avatar\/a89f802b8de18c6952f223c88d3d106e9e3679839f4e25a02f4a6cc2ae6ba3b3?s=96&d=mm&r=g","url":"https:\/\/secure.gravatar.com\/avatar\/a89f802b8de18c6952f223c88d3d106e9e3679839f4e25a02f4a6cc2ae6ba3b3?s=96&d=mm&r=g","contentUrl":"https:\/\/secure.gravatar.com\/avatar\/a89f802b8de18c6952f223c88d3d106e9e3679839f4e25a02f4a6cc2ae6ba3b3?s=96&d=mm&r=g","caption":"Expresso Metropolitano"},"url":"https:\/\/expressometro.mx\/index.php\/author\/diego\/"}]}},"amp_enabled":true,"_links":{"self":[{"href":"https:\/\/expressometro.mx\/index.php\/wp-json\/wp\/v2\/posts\/7434","targetHints":{"allow":["GET"]}}],"collection":[{"href":"https:\/\/expressometro.mx\/index.php\/wp-json\/wp\/v2\/posts"}],"about":[{"href":"https:\/\/expressometro.mx\/index.php\/wp-json\/wp\/v2\/types\/post"}],"author":[{"embeddable":true,"href":"https:\/\/expressometro.mx\/index.php\/wp-json\/wp\/v2\/users\/1"}],"replies":[{"embeddable":true,"href":"https:\/\/expressometro.mx\/index.php\/wp-json\/wp\/v2\/comments?post=7434"}],"version-history":[{"count":1,"href":"https:\/\/expressometro.mx\/index.php\/wp-json\/wp\/v2\/posts\/7434\/revisions"}],"predecessor-version":[{"id":7437,"href":"https:\/\/expressometro.mx\/index.php\/wp-json\/wp\/v2\/posts\/7434\/revisions\/7437"}],"wp:featuredmedia":[{"embeddable":true,"href":"https:\/\/expressometro.mx\/index.php\/wp-json\/wp\/v2\/media\/7436"}],"wp:attachment":[{"href":"https:\/\/expressometro.mx\/index.php\/wp-json\/wp\/v2\/media?parent=7434"}],"wp:term":[{"taxonomy":"category","embeddable":true,"href":"https:\/\/expressometro.mx\/index.php\/wp-json\/wp\/v2\/categories?post=7434"},{"taxonomy":"post_tag","embeddable":true,"href":"https:\/\/expressometro.mx\/index.php\/wp-json\/wp\/v2\/tags?post=7434"}],"curies":[{"name":"wp","href":"https:\/\/api.w.org\/{rel}","templated":true}]}}