{"id":7424,"date":"2023-07-24T18:40:16","date_gmt":"2023-07-24T23:40:16","guid":{"rendered":"https:\/\/expressometro.mx\/?p=7424"},"modified":"2023-07-24T18:40:17","modified_gmt":"2023-07-24T23:40:17","slug":"el-priismo-mexiquense-ni-claudica-ni-se-raja-eric-sevilla","status":"publish","type":"post","link":"https:\/\/expressometro.mx\/index.php\/2023\/07\/24\/el-priismo-mexiquense-ni-claudica-ni-se-raja-eric-sevilla\/","title":{"rendered":"EL PRIISMO MEXIQUENSE NI CLAUDICA NI SE RAJA: ERIC SEVILLA"},"content":{"rendered":"\n<p><\/p>\n\n\n\n<ul class=\"wp-block-list\">\n<li>Vamos a sacar la casta como partido pol\u00edtico para ganar las pr\u00f3ximas elecciones locales del 2024, asegur\u00f3 el l\u00edder pri\u00edsta.<\/li>\n<\/ul>\n\n\n\n<p><\/p>\n\n\n\n<p>Al dejar claro que en el PRI del Estado de M\u00e9xico debe prevalecer la unidad, el presidente del Comit\u00e9 Directivo Estatal (CDE), Eric Sevilla, sostuvo que la militancia no claudica ni se raja ante los retos que se vienen con la renovaci\u00f3n de las alcald\u00edas y diputaciones en el 2024.<\/p>\n\n\n\n<p>Durante el \u201cEncuentro para Reconocer al Priismo de Ecatepec\u201d, manifest\u00f3 que la vida pol\u00edtica de la patria no se detiene y como dirigentes estaremos \u201cen las buenas y en las malas con mucho trabajo en la estructura seccional y municipal del PRI mexiquense\u201d.<\/p>\n\n\n\n<p>Acompa\u00f1ado del Secretario de Organizaci\u00f3n del CDE, Mario Santana, exhort\u00f3 a los militantes a trabajar en unidad y encarar el desaf\u00edo del pr\u00f3ximo a\u00f1o, \u201cen cada uno de los rincones se va a sacar la casta como partido y siempre con lealtad al PRI\u201d, agreg\u00f3.<\/p>\n\n\n\n<p>El PRI sigue siendo opci\u00f3n para los mexiquenses, \u201cel pa\u00eds est\u00e1 hecho un desastre y no podemos ser ajenos a esa circunstancia, de tal forma que vamos a trabajar por nuestros objetivos, por nuestras familias y la gente que nos necesita con el proyecto de Naci\u00f3n que queremos para todos\u201d.<\/p>\n\n\n\n<p>El PRI es la base sustantiva que le da rumbo a la democracia del pa\u00eds, en ese sentido, \u201ctenemos la responsabilidad de responder a la confianza de millones de ciudadanos que con su voto respaldan a nuestro instituto pol\u00edtico; debemos de mantenernos en unidad\u201d, acot\u00f3.<\/p>\n\n\n\n<p>Frente a la estructura municipal de Ecatepec, arranc\u00f3 los trabajos de la base militante que en equipo construyen las mejores propuestas, \u201cel PRI es m\u00e1s grande que su circunstancia y estamos decididos a tener muy buenas candidaturas para hacer frente desde el Congreso; tenemos que ganar la siguiente elecci\u00f3n\u201d.<\/p>\n","protected":false},"excerpt":{"rendered":"<p>Al dejar claro que en el PRI del Estado de M\u00e9xico debe prevalecer la unidad, el presidente del Comit\u00e9 Directivo Estatal (CDE), Eric Sevilla, sostuvo que la militancia no claudica ni se raja ante los retos que se vienen con la renovaci\u00f3n de las alcald\u00edas y diputaciones en el 2024.<\/p>\n","protected":false},"author":1,"featured_media":7426,"comment_status":"open","ping_status":"open","sticky":false,"template":"","format":"standard","meta":{"footnotes":""},"categories":[212,3,1,231],"tags":[1982,1461,86,158],"class_list":["post-7424","post","type-post","status-publish","format-standard","has-post-thumbnail","hentry","category-columna-opinion","category-gobierno","category-otros","category-politica","tag-edomex","tag-eric-sevilla","tag-gem","tag-pri"],"yoast_head":"<!-- This site is optimized with the Yoast SEO plugin v27.5 - https:\/\/yoast.com\/product\/yoast-seo-wordpress\/ -->\n<title>EL PRIISMO MEXIQUENSE NI CLAUDICA NI SE RAJA: ERIC SEVILLA - Expresso Metropolitano<\/title>\n<meta name=\"robots\" content=\"index, follow, max-snippet:-1, max-image-preview:large, max-video-preview:-1\" \/>\n<link rel=\"canonical\" href=\"https:\/\/expressometro.mx\/index.php\/2023\/07\/24\/el-priismo-mexiquense-ni-claudica-ni-se-raja-eric-sevilla\/\" \/>\n<meta property=\"og:locale\" content=\"es_MX\" \/>\n<meta property=\"og:type\" content=\"article\" \/>\n<meta property=\"og:title\" content=\"EL PRIISMO MEXIQUENSE NI CLAUDICA NI SE RAJA: ERIC SEVILLA - Expresso Metropolitano\" \/>\n<meta property=\"og:description\" content=\"Al dejar claro que en el PRI del Estado de M\u00e9xico debe prevalecer la unidad, el presidente del Comit\u00e9 Directivo Estatal (CDE), Eric Sevilla, sostuvo que la militancia no claudica ni se raja ante los retos que se vienen con la renovaci\u00f3n de las alcald\u00edas y diputaciones en el 2024.\" \/>\n<meta property=\"og:url\" content=\"https:\/\/expressometro.mx\/index.php\/2023\/07\/24\/el-priismo-mexiquense-ni-claudica-ni-se-raja-eric-sevilla\/\" \/>\n<meta property=\"og:site_name\" content=\"Expresso Metropolitano\" \/>\n<meta property=\"article:published_time\" content=\"2023-07-24T23:40:16+00:00\" \/>\n<meta property=\"article:modified_time\" content=\"2023-07-24T23:40:17+00:00\" \/>\n<meta property=\"og:image\" content=\"http:\/\/expressometro.mx\/wp-content\/uploads\/2023\/07\/Eric-Sevilla-240723-1.jpg\" \/>\n\t<meta property=\"og:image:width\" content=\"1024\" \/>\n\t<meta property=\"og:image:height\" content=\"628\" \/>\n\t<meta property=\"og:image:type\" content=\"image\/jpeg\" \/>\n<meta name=\"author\" content=\"Expresso Metropolitano\" \/>\n<meta name=\"twitter:label1\" content=\"Escrito por\" \/>\n\t<meta name=\"twitter:data1\" content=\"Expresso Metropolitano\" \/>\n\t<meta name=\"twitter:label2\" content=\"Tiempo de lectura\" \/>\n\t<meta name=\"twitter:data2\" content=\"2 minutos\" \/>\n<script type=\"application\/ld+json\" class=\"yoast-schema-graph\">{\"@context\":\"https:\\\/\\\/schema.org\",\"@graph\":[{\"@type\":\"Article\",\"@id\":\"https:\\\/\\\/expressometro.mx\\\/index.php\\\/2023\\\/07\\\/24\\\/el-priismo-mexiquense-ni-claudica-ni-se-raja-eric-sevilla\\\/#article\",\"isPartOf\":{\"@id\":\"https:\\\/\\\/expressometro.mx\\\/index.php\\\/2023\\\/07\\\/24\\\/el-priismo-mexiquense-ni-claudica-ni-se-raja-eric-sevilla\\\/\"},\"author\":{\"name\":\"Expresso Metropolitano\",\"@id\":\"https:\\\/\\\/expressometro.mx\\\/#\\\/schema\\\/person\\\/efa971b4a0664db8ed5c22b1b0dd2f5d\"},\"headline\":\"EL PRIISMO MEXIQUENSE NI CLAUDICA NI SE RAJA: ERIC SEVILLA\",\"datePublished\":\"2023-07-24T23:40:16+00:00\",\"dateModified\":\"2023-07-24T23:40:17+00:00\",\"mainEntityOfPage\":{\"@id\":\"https:\\\/\\\/expressometro.mx\\\/index.php\\\/2023\\\/07\\\/24\\\/el-priismo-mexiquense-ni-claudica-ni-se-raja-eric-sevilla\\\/\"},\"wordCount\":330,\"commentCount\":0,\"publisher\":{\"@id\":\"https:\\\/\\\/expressometro.mx\\\/#organization\"},\"image\":{\"@id\":\"https:\\\/\\\/expressometro.mx\\\/index.php\\\/2023\\\/07\\\/24\\\/el-priismo-mexiquense-ni-claudica-ni-se-raja-eric-sevilla\\\/#primaryimage\"},\"thumbnailUrl\":\"https:\\\/\\\/expressometro.mx\\\/wp-content\\\/uploads\\\/2023\\\/07\\\/Eric-Sevilla-240723-1.jpg\",\"keywords\":[\"Edomex\",\"Eric Sevilla\",\"GEM\",\"PRI\"],\"articleSection\":[\"Columna - Opini\u00f3n\",\"Gobierno\",\"Otros\",\"Pol\u00edtica\"],\"inLanguage\":\"es\",\"potentialAction\":[{\"@type\":\"CommentAction\",\"name\":\"Comment\",\"target\":[\"https:\\\/\\\/expressometro.mx\\\/index.php\\\/2023\\\/07\\\/24\\\/el-priismo-mexiquense-ni-claudica-ni-se-raja-eric-sevilla\\\/#respond\"]}]},{\"@type\":\"WebPage\",\"@id\":\"https:\\\/\\\/expressometro.mx\\\/index.php\\\/2023\\\/07\\\/24\\\/el-priismo-mexiquense-ni-claudica-ni-se-raja-eric-sevilla\\\/\",\"url\":\"https:\\\/\\\/expressometro.mx\\\/index.php\\\/2023\\\/07\\\/24\\\/el-priismo-mexiquense-ni-claudica-ni-se-raja-eric-sevilla\\\/\",\"name\":\"EL PRIISMO MEXIQUENSE NI CLAUDICA NI SE RAJA: ERIC SEVILLA - Expresso Metropolitano\",\"isPartOf\":{\"@id\":\"https:\\\/\\\/expressometro.mx\\\/#website\"},\"primaryImageOfPage\":{\"@id\":\"https:\\\/\\\/expressometro.mx\\\/index.php\\\/2023\\\/07\\\/24\\\/el-priismo-mexiquense-ni-claudica-ni-se-raja-eric-sevilla\\\/#primaryimage\"},\"image\":{\"@id\":\"https:\\\/\\\/expressometro.mx\\\/index.php\\\/2023\\\/07\\\/24\\\/el-priismo-mexiquense-ni-claudica-ni-se-raja-eric-sevilla\\\/#primaryimage\"},\"thumbnailUrl\":\"https:\\\/\\\/expressometro.mx\\\/wp-content\\\/uploads\\\/2023\\\/07\\\/Eric-Sevilla-240723-1.jpg\",\"datePublished\":\"2023-07-24T23:40:16+00:00\",\"dateModified\":\"2023-07-24T23:40:17+00:00\",\"breadcrumb\":{\"@id\":\"https:\\\/\\\/expressometro.mx\\\/index.php\\\/2023\\\/07\\\/24\\\/el-priismo-mexiquense-ni-claudica-ni-se-raja-eric-sevilla\\\/#breadcrumb\"},\"inLanguage\":\"es\",\"potentialAction\":[{\"@type\":\"ReadAction\",\"target\":[\"https:\\\/\\\/expressometro.mx\\\/index.php\\\/2023\\\/07\\\/24\\\/el-priismo-mexiquense-ni-claudica-ni-se-raja-eric-sevilla\\\/\"]}]},{\"@type\":\"ImageObject\",\"inLanguage\":\"es\",\"@id\":\"https:\\\/\\\/expressometro.mx\\\/index.php\\\/2023\\\/07\\\/24\\\/el-priismo-mexiquense-ni-claudica-ni-se-raja-eric-sevilla\\\/#primaryimage\",\"url\":\"https:\\\/\\\/expressometro.mx\\\/wp-content\\\/uploads\\\/2023\\\/07\\\/Eric-Sevilla-240723-1.jpg\",\"contentUrl\":\"https:\\\/\\\/expressometro.mx\\\/wp-content\\\/uploads\\\/2023\\\/07\\\/Eric-Sevilla-240723-1.jpg\",\"width\":1024,\"height\":628},{\"@type\":\"BreadcrumbList\",\"@id\":\"https:\\\/\\\/expressometro.mx\\\/index.php\\\/2023\\\/07\\\/24\\\/el-priismo-mexiquense-ni-claudica-ni-se-raja-eric-sevilla\\\/#breadcrumb\",\"itemListElement\":[{\"@type\":\"ListItem\",\"position\":1,\"name\":\"Inicio\",\"item\":\"https:\\\/\\\/expressometro.mx\\\/\"},{\"@type\":\"ListItem\",\"position\":2,\"name\":\"EL PRIISMO MEXIQUENSE NI CLAUDICA NI SE RAJA: ERIC SEVILLA\"}]},{\"@type\":\"WebSite\",\"@id\":\"https:\\\/\\\/expressometro.mx\\\/#website\",\"url\":\"https:\\\/\\\/expressometro.mx\\\/\",\"name\":\"Expresso Metropolitano\",\"description\":\"Periodismo comprometido, informaci\u00f3n, investigaci\u00f3n y an\u00e1lisis\",\"publisher\":{\"@id\":\"https:\\\/\\\/expressometro.mx\\\/#organization\"},\"potentialAction\":[{\"@type\":\"SearchAction\",\"target\":{\"@type\":\"EntryPoint\",\"urlTemplate\":\"https:\\\/\\\/expressometro.mx\\\/?s={search_term_string}\"},\"query-input\":{\"@type\":\"PropertyValueSpecification\",\"valueRequired\":true,\"valueName\":\"search_term_string\"}}],\"inLanguage\":\"es\"},{\"@type\":\"Organization\",\"@id\":\"https:\\\/\\\/expressometro.mx\\\/#organization\",\"name\":\"Expresso Metropolitano\",\"url\":\"https:\\\/\\\/expressometro.mx\\\/\",\"logo\":{\"@type\":\"ImageObject\",\"inLanguage\":\"es\",\"@id\":\"https:\\\/\\\/expressometro.mx\\\/#\\\/schema\\\/logo\\\/image\\\/\",\"url\":\"https:\\\/\\\/expressometro.mx\\\/wp-content\\\/uploads\\\/2019\\\/07\\\/cropped-Logo-Expresso-Metropolitano-1-1.jpeg\",\"contentUrl\":\"https:\\\/\\\/expressometro.mx\\\/wp-content\\\/uploads\\\/2019\\\/07\\\/cropped-Logo-Expresso-Metropolitano-1-1.jpeg\",\"width\":290,\"height\":73,\"caption\":\"Expresso Metropolitano\"},\"image\":{\"@id\":\"https:\\\/\\\/expressometro.mx\\\/#\\\/schema\\\/logo\\\/image\\\/\"}},{\"@type\":\"Person\",\"@id\":\"https:\\\/\\\/expressometro.mx\\\/#\\\/schema\\\/person\\\/efa971b4a0664db8ed5c22b1b0dd2f5d\",\"name\":\"Expresso Metropolitano\",\"image\":{\"@type\":\"ImageObject\",\"inLanguage\":\"es\",\"@id\":\"https:\\\/\\\/secure.gravatar.com\\\/avatar\\\/a89f802b8de18c6952f223c88d3d106e9e3679839f4e25a02f4a6cc2ae6ba3b3?s=96&d=mm&r=g\",\"url\":\"https:\\\/\\\/secure.gravatar.com\\\/avatar\\\/a89f802b8de18c6952f223c88d3d106e9e3679839f4e25a02f4a6cc2ae6ba3b3?s=96&d=mm&r=g\",\"contentUrl\":\"https:\\\/\\\/secure.gravatar.com\\\/avatar\\\/a89f802b8de18c6952f223c88d3d106e9e3679839f4e25a02f4a6cc2ae6ba3b3?s=96&d=mm&r=g\",\"caption\":\"Expresso Metropolitano\"},\"url\":\"https:\\\/\\\/expressometro.mx\\\/index.php\\\/author\\\/diego\\\/\"}]}<\/script>\n<!-- \/ Yoast SEO plugin. -->","yoast_head_json":{"title":"EL PRIISMO MEXIQUENSE NI CLAUDICA NI SE RAJA: ERIC SEVILLA - Expresso Metropolitano","robots":{"index":"index","follow":"follow","max-snippet":"max-snippet:-1","max-image-preview":"max-image-preview:large","max-video-preview":"max-video-preview:-1"},"canonical":"https:\/\/expressometro.mx\/index.php\/2023\/07\/24\/el-priismo-mexiquense-ni-claudica-ni-se-raja-eric-sevilla\/","og_locale":"es_MX","og_type":"article","og_title":"EL PRIISMO MEXIQUENSE NI CLAUDICA NI SE RAJA: ERIC SEVILLA - Expresso Metropolitano","og_description":"Al dejar claro que en el PRI del Estado de M\u00e9xico debe prevalecer la unidad, el presidente del Comit\u00e9 Directivo Estatal (CDE), Eric Sevilla, sostuvo que la militancia no claudica ni se raja ante los retos que se vienen con la renovaci\u00f3n de las alcald\u00edas y diputaciones en el 2024.","og_url":"https:\/\/expressometro.mx\/index.php\/2023\/07\/24\/el-priismo-mexiquense-ni-claudica-ni-se-raja-eric-sevilla\/","og_site_name":"Expresso Metropolitano","article_published_time":"2023-07-24T23:40:16+00:00","article_modified_time":"2023-07-24T23:40:17+00:00","og_image":[{"width":1024,"height":628,"url":"http:\/\/expressometro.mx\/wp-content\/uploads\/2023\/07\/Eric-Sevilla-240723-1.jpg","type":"image\/jpeg"}],"author":"Expresso Metropolitano","twitter_misc":{"Escrito por":"Expresso Metropolitano","Tiempo de lectura":"2 minutos"},"schema":{"@context":"https:\/\/schema.org","@graph":[{"@type":"Article","@id":"https:\/\/expressometro.mx\/index.php\/2023\/07\/24\/el-priismo-mexiquense-ni-claudica-ni-se-raja-eric-sevilla\/#article","isPartOf":{"@id":"https:\/\/expressometro.mx\/index.php\/2023\/07\/24\/el-priismo-mexiquense-ni-claudica-ni-se-raja-eric-sevilla\/"},"author":{"name":"Expresso Metropolitano","@id":"https:\/\/expressometro.mx\/#\/schema\/person\/efa971b4a0664db8ed5c22b1b0dd2f5d"},"headline":"EL PRIISMO MEXIQUENSE NI CLAUDICA NI SE RAJA: ERIC SEVILLA","datePublished":"2023-07-24T23:40:16+00:00","dateModified":"2023-07-24T23:40:17+00:00","mainEntityOfPage":{"@id":"https:\/\/expressometro.mx\/index.php\/2023\/07\/24\/el-priismo-mexiquense-ni-claudica-ni-se-raja-eric-sevilla\/"},"wordCount":330,"commentCount":0,"publisher":{"@id":"https:\/\/expressometro.mx\/#organization"},"image":{"@id":"https:\/\/expressometro.mx\/index.php\/2023\/07\/24\/el-priismo-mexiquense-ni-claudica-ni-se-raja-eric-sevilla\/#primaryimage"},"thumbnailUrl":"https:\/\/expressometro.mx\/wp-content\/uploads\/2023\/07\/Eric-Sevilla-240723-1.jpg","keywords":["Edomex","Eric Sevilla","GEM","PRI"],"articleSection":["Columna - Opini\u00f3n","Gobierno","Otros","Pol\u00edtica"],"inLanguage":"es","potentialAction":[{"@type":"CommentAction","name":"Comment","target":["https:\/\/expressometro.mx\/index.php\/2023\/07\/24\/el-priismo-mexiquense-ni-claudica-ni-se-raja-eric-sevilla\/#respond"]}]},{"@type":"WebPage","@id":"https:\/\/expressometro.mx\/index.php\/2023\/07\/24\/el-priismo-mexiquense-ni-claudica-ni-se-raja-eric-sevilla\/","url":"https:\/\/expressometro.mx\/index.php\/2023\/07\/24\/el-priismo-mexiquense-ni-claudica-ni-se-raja-eric-sevilla\/","name":"EL PRIISMO MEXIQUENSE NI CLAUDICA NI SE RAJA: ERIC SEVILLA - Expresso Metropolitano","isPartOf":{"@id":"https:\/\/expressometro.mx\/#website"},"primaryImageOfPage":{"@id":"https:\/\/expressometro.mx\/index.php\/2023\/07\/24\/el-priismo-mexiquense-ni-claudica-ni-se-raja-eric-sevilla\/#primaryimage"},"image":{"@id":"https:\/\/expressometro.mx\/index.php\/2023\/07\/24\/el-priismo-mexiquense-ni-claudica-ni-se-raja-eric-sevilla\/#primaryimage"},"thumbnailUrl":"https:\/\/expressometro.mx\/wp-content\/uploads\/2023\/07\/Eric-Sevilla-240723-1.jpg","datePublished":"2023-07-24T23:40:16+00:00","dateModified":"2023-07-24T23:40:17+00:00","breadcrumb":{"@id":"https:\/\/expressometro.mx\/index.php\/2023\/07\/24\/el-priismo-mexiquense-ni-claudica-ni-se-raja-eric-sevilla\/#breadcrumb"},"inLanguage":"es","potentialAction":[{"@type":"ReadAction","target":["https:\/\/expressometro.mx\/index.php\/2023\/07\/24\/el-priismo-mexiquense-ni-claudica-ni-se-raja-eric-sevilla\/"]}]},{"@type":"ImageObject","inLanguage":"es","@id":"https:\/\/expressometro.mx\/index.php\/2023\/07\/24\/el-priismo-mexiquense-ni-claudica-ni-se-raja-eric-sevilla\/#primaryimage","url":"https:\/\/expressometro.mx\/wp-content\/uploads\/2023\/07\/Eric-Sevilla-240723-1.jpg","contentUrl":"https:\/\/expressometro.mx\/wp-content\/uploads\/2023\/07\/Eric-Sevilla-240723-1.jpg","width":1024,"height":628},{"@type":"BreadcrumbList","@id":"https:\/\/expressometro.mx\/index.php\/2023\/07\/24\/el-priismo-mexiquense-ni-claudica-ni-se-raja-eric-sevilla\/#breadcrumb","itemListElement":[{"@type":"ListItem","position":1,"name":"Inicio","item":"https:\/\/expressometro.mx\/"},{"@type":"ListItem","position":2,"name":"EL PRIISMO MEXIQUENSE NI CLAUDICA NI SE RAJA: ERIC SEVILLA"}]},{"@type":"WebSite","@id":"https:\/\/expressometro.mx\/#website","url":"https:\/\/expressometro.mx\/","name":"Expresso Metropolitano","description":"Periodismo comprometido, informaci\u00f3n, investigaci\u00f3n y an\u00e1lisis","publisher":{"@id":"https:\/\/expressometro.mx\/#organization"},"potentialAction":[{"@type":"SearchAction","target":{"@type":"EntryPoint","urlTemplate":"https:\/\/expressometro.mx\/?s={search_term_string}"},"query-input":{"@type":"PropertyValueSpecification","valueRequired":true,"valueName":"search_term_string"}}],"inLanguage":"es"},{"@type":"Organization","@id":"https:\/\/expressometro.mx\/#organization","name":"Expresso Metropolitano","url":"https:\/\/expressometro.mx\/","logo":{"@type":"ImageObject","inLanguage":"es","@id":"https:\/\/expressometro.mx\/#\/schema\/logo\/image\/","url":"https:\/\/expressometro.mx\/wp-content\/uploads\/2019\/07\/cropped-Logo-Expresso-Metropolitano-1-1.jpeg","contentUrl":"https:\/\/expressometro.mx\/wp-content\/uploads\/2019\/07\/cropped-Logo-Expresso-Metropolitano-1-1.jpeg","width":290,"height":73,"caption":"Expresso Metropolitano"},"image":{"@id":"https:\/\/expressometro.mx\/#\/schema\/logo\/image\/"}},{"@type":"Person","@id":"https:\/\/expressometro.mx\/#\/schema\/person\/efa971b4a0664db8ed5c22b1b0dd2f5d","name":"Expresso Metropolitano","image":{"@type":"ImageObject","inLanguage":"es","@id":"https:\/\/secure.gravatar.com\/avatar\/a89f802b8de18c6952f223c88d3d106e9e3679839f4e25a02f4a6cc2ae6ba3b3?s=96&d=mm&r=g","url":"https:\/\/secure.gravatar.com\/avatar\/a89f802b8de18c6952f223c88d3d106e9e3679839f4e25a02f4a6cc2ae6ba3b3?s=96&d=mm&r=g","contentUrl":"https:\/\/secure.gravatar.com\/avatar\/a89f802b8de18c6952f223c88d3d106e9e3679839f4e25a02f4a6cc2ae6ba3b3?s=96&d=mm&r=g","caption":"Expresso Metropolitano"},"url":"https:\/\/expressometro.mx\/index.php\/author\/diego\/"}]}},"amp_enabled":true,"_links":{"self":[{"href":"https:\/\/expressometro.mx\/index.php\/wp-json\/wp\/v2\/posts\/7424","targetHints":{"allow":["GET"]}}],"collection":[{"href":"https:\/\/expressometro.mx\/index.php\/wp-json\/wp\/v2\/posts"}],"about":[{"href":"https:\/\/expressometro.mx\/index.php\/wp-json\/wp\/v2\/types\/post"}],"author":[{"embeddable":true,"href":"https:\/\/expressometro.mx\/index.php\/wp-json\/wp\/v2\/users\/1"}],"replies":[{"embeddable":true,"href":"https:\/\/expressometro.mx\/index.php\/wp-json\/wp\/v2\/comments?post=7424"}],"version-history":[{"count":1,"href":"https:\/\/expressometro.mx\/index.php\/wp-json\/wp\/v2\/posts\/7424\/revisions"}],"predecessor-version":[{"id":7427,"href":"https:\/\/expressometro.mx\/index.php\/wp-json\/wp\/v2\/posts\/7424\/revisions\/7427"}],"wp:featuredmedia":[{"embeddable":true,"href":"https:\/\/expressometro.mx\/index.php\/wp-json\/wp\/v2\/media\/7426"}],"wp:attachment":[{"href":"https:\/\/expressometro.mx\/index.php\/wp-json\/wp\/v2\/media?parent=7424"}],"wp:term":[{"taxonomy":"category","embeddable":true,"href":"https:\/\/expressometro.mx\/index.php\/wp-json\/wp\/v2\/categories?post=7424"},{"taxonomy":"post_tag","embeddable":true,"href":"https:\/\/expressometro.mx\/index.php\/wp-json\/wp\/v2\/tags?post=7424"}],"curies":[{"name":"wp","href":"https:\/\/api.w.org\/{rel}","templated":true}]}}