{"id":7408,"date":"2023-07-11T11:52:17","date_gmt":"2023-07-11T16:52:17","guid":{"rendered":"https:\/\/expressometro.mx\/?p=7408"},"modified":"2023-07-21T11:58:20","modified_gmt":"2023-07-21T16:58:20","slug":"gustavo-cardenas-monroy-apoya-tecnolochicas-programa-que-impulsa-a-las-mujeres-a-capacitarse-en-el-area-tecnologica","status":"publish","type":"post","link":"https:\/\/expressometro.mx\/index.php\/2023\/07\/11\/gustavo-cardenas-monroy-apoya-tecnolochicas-programa-que-impulsa-a-las-mujeres-a-capacitarse-en-el-area-tecnologica\/","title":{"rendered":"GUSTAVO C\u00c1RDENAS MONROY APOYA \u201cTECNOLOCHICAS\u201d, PROGRAMA QUE IMPULSA A LAS MUJERES A CAPACITARSE EN EL \u00c1REA TECNOL\u00d3GICA"},"content":{"rendered":"\n<p><\/p>\n\n\n\n<p>El Diputado Federal y Vicecoordinador del GP del PRI Gustavo C\u00e1rdenas Monroy se hizo presente en la entrega de constancias a las alumnas que concluyeron el curso denominado \u201cTecnolochicas\u201d, impartido por el Instituto de Capacitaci\u00f3n y Adiestramiento para el Trabajo Industrial en Coordinaci\u00f3n con Fundaci\u00f3n Televisa, dicho curso fue gestionado por el legislador para las alumnas del CECYTEM de Jiquipilco.<\/p>\n\n\n\n<p>\u201cTECNOLOchicas\u201d es un programa que tiene como objetivo inspirar y crear oportunidades para j\u00f3venes latinas a considerar estudiar carreras en ciencia, tecnolog\u00eda, ingenier\u00eda y matem\u00e1ticas. Este programa inspira y educa a las ni\u00f1as y mujeres de M\u00e9xico para que puedan verse a s\u00ed mismas como las futuras creadoras de tecnolog\u00eda.<\/p>\n\n\n\n<p>El Legislador resalt\u00f3 la importancia de estos cursos complementarios a la educaci\u00f3n que llevan, los cuales consistieron en Dise\u00f1o de Sitios Web, Dise\u00f1o de Aplicaciones, Rob\u00f3tica e Inteligencia Artificial, lo que les permitir\u00e1 tener una amplia ventaja a las dem\u00e1s alumnas, ya que esto las hace estar m\u00e1s capacitadas teniendo la fortuna de que este plantel cont\u00f3 con el curso. De igual forma felicit\u00f3 a las 45 alumnas que recibieron su constancia, por su empe\u00f1o y dedicaci\u00f3n, as\u00ed mismo reiter\u00f3 su compromiso para seguir realizando este tipo de gestiones para seguir apoyando a los estudiantes.<\/p>\n\n\n\n<p>Por \u00faltimo, C\u00e1rdenas Monroy reconoci\u00f3 la gran labor que las mujeres favorecidas con este programa y que ha demostrado que toman en serio su educaci\u00f3n complementaria, destacando su talento y capacidad para seguir sus sue\u00f1os. Sue\u00f1os en los que tambi\u00e9n se involucran los maestros y los padres de familia, con los que tiene que mostrar agradecimiento, recordando de d\u00f3nde viene y a d\u00f3nde quieren llegar.<\/p>\n","protected":false},"excerpt":{"rendered":"<p>El Diputado Federal y Vicecoordinador del GP del PRI Gustavo C\u00e1rdenas Monroy se hizo presente en la entrega de constancias a las alumnas que concluyeron el curso denominado \u201cTecnolochicas\u201d, impartido por el Instituto de Capacitaci\u00f3n y Adiestramiento para el Trabajo Industrial en Coordinaci\u00f3n con Fundaci\u00f3n Televisa, dicho curso fue gestionado por el legislador para las alumnas del CECYTEM de Jiquipilco.<\/p>\n","protected":false},"author":1,"featured_media":7410,"comment_status":"open","ping_status":"open","sticky":false,"template":"","format":"standard","meta":{"footnotes":""},"categories":[108,3,231],"tags":[1982,86,891,196,158],"class_list":["post-7408","post","type-post","status-publish","format-standard","has-post-thumbnail","hentry","category-educacion","category-gobierno","category-politica","tag-edomex","tag-gem","tag-gustavo-cardenas-2","tag-jiquipilco","tag-pri"],"yoast_head":"<!-- This site is optimized with the Yoast SEO plugin v27.4 - https:\/\/yoast.com\/product\/yoast-seo-wordpress\/ -->\n<title>GUSTAVO C\u00c1RDENAS MONROY APOYA \u201cTECNOLOCHICAS\u201d, PROGRAMA QUE IMPULSA A LAS MUJERES A CAPACITARSE EN EL \u00c1REA TECNOL\u00d3GICA - Expresso Metropolitano<\/title>\n<meta name=\"robots\" content=\"index, follow, max-snippet:-1, max-image-preview:large, max-video-preview:-1\" \/>\n<link rel=\"canonical\" href=\"https:\/\/expressometro.mx\/index.php\/2023\/07\/11\/gustavo-cardenas-monroy-apoya-tecnolochicas-programa-que-impulsa-a-las-mujeres-a-capacitarse-en-el-area-tecnologica\/\" \/>\n<meta property=\"og:locale\" content=\"es_MX\" \/>\n<meta property=\"og:type\" content=\"article\" \/>\n<meta property=\"og:title\" content=\"GUSTAVO C\u00c1RDENAS MONROY APOYA \u201cTECNOLOCHICAS\u201d, PROGRAMA QUE IMPULSA A LAS MUJERES A CAPACITARSE EN EL \u00c1REA TECNOL\u00d3GICA - Expresso Metropolitano\" \/>\n<meta property=\"og:description\" content=\"El Diputado Federal y Vicecoordinador del GP del PRI Gustavo C\u00e1rdenas Monroy se hizo presente en la entrega de constancias a las alumnas que concluyeron el curso denominado \u201cTecnolochicas\u201d, impartido por el Instituto de Capacitaci\u00f3n y Adiestramiento para el Trabajo Industrial en Coordinaci\u00f3n con Fundaci\u00f3n Televisa, dicho curso fue gestionado por el legislador para las alumnas del CECYTEM de Jiquipilco.\" \/>\n<meta property=\"og:url\" content=\"https:\/\/expressometro.mx\/index.php\/2023\/07\/11\/gustavo-cardenas-monroy-apoya-tecnolochicas-programa-que-impulsa-a-las-mujeres-a-capacitarse-en-el-area-tecnologica\/\" \/>\n<meta property=\"og:site_name\" content=\"Expresso Metropolitano\" \/>\n<meta property=\"article:published_time\" content=\"2023-07-11T16:52:17+00:00\" \/>\n<meta property=\"article:modified_time\" content=\"2023-07-21T16:58:20+00:00\" \/>\n<meta property=\"og:image\" content=\"http:\/\/expressometro.mx\/wp-content\/uploads\/2023\/07\/Gustavo-Cardenas-TECNOLOchicas-1.jpg\" \/>\n\t<meta property=\"og:image:width\" content=\"960\" \/>\n\t<meta property=\"og:image:height\" content=\"720\" \/>\n\t<meta property=\"og:image:type\" content=\"image\/jpeg\" \/>\n<meta name=\"author\" content=\"Expresso Metropolitano\" \/>\n<meta name=\"twitter:label1\" content=\"Escrito por\" \/>\n\t<meta name=\"twitter:data1\" content=\"Expresso Metropolitano\" \/>\n\t<meta name=\"twitter:label2\" content=\"Tiempo de lectura\" \/>\n\t<meta name=\"twitter:data2\" content=\"2 minutos\" \/>\n<script type=\"application\/ld+json\" class=\"yoast-schema-graph\">{\"@context\":\"https:\\\/\\\/schema.org\",\"@graph\":[{\"@type\":\"Article\",\"@id\":\"https:\\\/\\\/expressometro.mx\\\/index.php\\\/2023\\\/07\\\/11\\\/gustavo-cardenas-monroy-apoya-tecnolochicas-programa-que-impulsa-a-las-mujeres-a-capacitarse-en-el-area-tecnologica\\\/#article\",\"isPartOf\":{\"@id\":\"https:\\\/\\\/expressometro.mx\\\/index.php\\\/2023\\\/07\\\/11\\\/gustavo-cardenas-monroy-apoya-tecnolochicas-programa-que-impulsa-a-las-mujeres-a-capacitarse-en-el-area-tecnologica\\\/\"},\"author\":{\"name\":\"Expresso Metropolitano\",\"@id\":\"https:\\\/\\\/expressometro.mx\\\/#\\\/schema\\\/person\\\/efa971b4a0664db8ed5c22b1b0dd2f5d\"},\"headline\":\"GUSTAVO C\u00c1RDENAS MONROY APOYA \u201cTECNOLOCHICAS\u201d, PROGRAMA QUE IMPULSA A LAS MUJERES A CAPACITARSE EN EL \u00c1REA TECNOL\u00d3GICA\",\"datePublished\":\"2023-07-11T16:52:17+00:00\",\"dateModified\":\"2023-07-21T16:58:20+00:00\",\"mainEntityOfPage\":{\"@id\":\"https:\\\/\\\/expressometro.mx\\\/index.php\\\/2023\\\/07\\\/11\\\/gustavo-cardenas-monroy-apoya-tecnolochicas-programa-que-impulsa-a-las-mujeres-a-capacitarse-en-el-area-tecnologica\\\/\"},\"wordCount\":314,\"commentCount\":0,\"publisher\":{\"@id\":\"https:\\\/\\\/expressometro.mx\\\/#organization\"},\"image\":{\"@id\":\"https:\\\/\\\/expressometro.mx\\\/index.php\\\/2023\\\/07\\\/11\\\/gustavo-cardenas-monroy-apoya-tecnolochicas-programa-que-impulsa-a-las-mujeres-a-capacitarse-en-el-area-tecnologica\\\/#primaryimage\"},\"thumbnailUrl\":\"https:\\\/\\\/expressometro.mx\\\/wp-content\\\/uploads\\\/2023\\\/07\\\/Gustavo-Cardenas-TECNOLOchicas-1.jpg\",\"keywords\":[\"Edomex\",\"GEM\",\"Gustavo C\u00e1rdenas\",\"Jiquipilco\",\"PRI\"],\"articleSection\":[\"Educaci\u00f3n\",\"Gobierno\",\"Pol\u00edtica\"],\"inLanguage\":\"es\",\"potentialAction\":[{\"@type\":\"CommentAction\",\"name\":\"Comment\",\"target\":[\"https:\\\/\\\/expressometro.mx\\\/index.php\\\/2023\\\/07\\\/11\\\/gustavo-cardenas-monroy-apoya-tecnolochicas-programa-que-impulsa-a-las-mujeres-a-capacitarse-en-el-area-tecnologica\\\/#respond\"]}]},{\"@type\":\"WebPage\",\"@id\":\"https:\\\/\\\/expressometro.mx\\\/index.php\\\/2023\\\/07\\\/11\\\/gustavo-cardenas-monroy-apoya-tecnolochicas-programa-que-impulsa-a-las-mujeres-a-capacitarse-en-el-area-tecnologica\\\/\",\"url\":\"https:\\\/\\\/expressometro.mx\\\/index.php\\\/2023\\\/07\\\/11\\\/gustavo-cardenas-monroy-apoya-tecnolochicas-programa-que-impulsa-a-las-mujeres-a-capacitarse-en-el-area-tecnologica\\\/\",\"name\":\"GUSTAVO C\u00c1RDENAS MONROY APOYA \u201cTECNOLOCHICAS\u201d, PROGRAMA QUE IMPULSA A LAS MUJERES A CAPACITARSE EN EL \u00c1REA TECNOL\u00d3GICA - Expresso Metropolitano\",\"isPartOf\":{\"@id\":\"https:\\\/\\\/expressometro.mx\\\/#website\"},\"primaryImageOfPage\":{\"@id\":\"https:\\\/\\\/expressometro.mx\\\/index.php\\\/2023\\\/07\\\/11\\\/gustavo-cardenas-monroy-apoya-tecnolochicas-programa-que-impulsa-a-las-mujeres-a-capacitarse-en-el-area-tecnologica\\\/#primaryimage\"},\"image\":{\"@id\":\"https:\\\/\\\/expressometro.mx\\\/index.php\\\/2023\\\/07\\\/11\\\/gustavo-cardenas-monroy-apoya-tecnolochicas-programa-que-impulsa-a-las-mujeres-a-capacitarse-en-el-area-tecnologica\\\/#primaryimage\"},\"thumbnailUrl\":\"https:\\\/\\\/expressometro.mx\\\/wp-content\\\/uploads\\\/2023\\\/07\\\/Gustavo-Cardenas-TECNOLOchicas-1.jpg\",\"datePublished\":\"2023-07-11T16:52:17+00:00\",\"dateModified\":\"2023-07-21T16:58:20+00:00\",\"breadcrumb\":{\"@id\":\"https:\\\/\\\/expressometro.mx\\\/index.php\\\/2023\\\/07\\\/11\\\/gustavo-cardenas-monroy-apoya-tecnolochicas-programa-que-impulsa-a-las-mujeres-a-capacitarse-en-el-area-tecnologica\\\/#breadcrumb\"},\"inLanguage\":\"es\",\"potentialAction\":[{\"@type\":\"ReadAction\",\"target\":[\"https:\\\/\\\/expressometro.mx\\\/index.php\\\/2023\\\/07\\\/11\\\/gustavo-cardenas-monroy-apoya-tecnolochicas-programa-que-impulsa-a-las-mujeres-a-capacitarse-en-el-area-tecnologica\\\/\"]}]},{\"@type\":\"ImageObject\",\"inLanguage\":\"es\",\"@id\":\"https:\\\/\\\/expressometro.mx\\\/index.php\\\/2023\\\/07\\\/11\\\/gustavo-cardenas-monroy-apoya-tecnolochicas-programa-que-impulsa-a-las-mujeres-a-capacitarse-en-el-area-tecnologica\\\/#primaryimage\",\"url\":\"https:\\\/\\\/expressometro.mx\\\/wp-content\\\/uploads\\\/2023\\\/07\\\/Gustavo-Cardenas-TECNOLOchicas-1.jpg\",\"contentUrl\":\"https:\\\/\\\/expressometro.mx\\\/wp-content\\\/uploads\\\/2023\\\/07\\\/Gustavo-Cardenas-TECNOLOchicas-1.jpg\",\"width\":960,\"height\":720},{\"@type\":\"BreadcrumbList\",\"@id\":\"https:\\\/\\\/expressometro.mx\\\/index.php\\\/2023\\\/07\\\/11\\\/gustavo-cardenas-monroy-apoya-tecnolochicas-programa-que-impulsa-a-las-mujeres-a-capacitarse-en-el-area-tecnologica\\\/#breadcrumb\",\"itemListElement\":[{\"@type\":\"ListItem\",\"position\":1,\"name\":\"Inicio\",\"item\":\"https:\\\/\\\/expressometro.mx\\\/\"},{\"@type\":\"ListItem\",\"position\":2,\"name\":\"GUSTAVO C\u00c1RDENAS MONROY APOYA \u201cTECNOLOCHICAS\u201d, PROGRAMA QUE IMPULSA A LAS MUJERES A CAPACITARSE EN EL \u00c1REA TECNOL\u00d3GICA\"}]},{\"@type\":\"WebSite\",\"@id\":\"https:\\\/\\\/expressometro.mx\\\/#website\",\"url\":\"https:\\\/\\\/expressometro.mx\\\/\",\"name\":\"Expresso Metropolitano\",\"description\":\"Periodismo comprometido, informaci\u00f3n, investigaci\u00f3n y an\u00e1lisis\",\"publisher\":{\"@id\":\"https:\\\/\\\/expressometro.mx\\\/#organization\"},\"potentialAction\":[{\"@type\":\"SearchAction\",\"target\":{\"@type\":\"EntryPoint\",\"urlTemplate\":\"https:\\\/\\\/expressometro.mx\\\/?s={search_term_string}\"},\"query-input\":{\"@type\":\"PropertyValueSpecification\",\"valueRequired\":true,\"valueName\":\"search_term_string\"}}],\"inLanguage\":\"es\"},{\"@type\":\"Organization\",\"@id\":\"https:\\\/\\\/expressometro.mx\\\/#organization\",\"name\":\"Expresso Metropolitano\",\"url\":\"https:\\\/\\\/expressometro.mx\\\/\",\"logo\":{\"@type\":\"ImageObject\",\"inLanguage\":\"es\",\"@id\":\"https:\\\/\\\/expressometro.mx\\\/#\\\/schema\\\/logo\\\/image\\\/\",\"url\":\"https:\\\/\\\/expressometro.mx\\\/wp-content\\\/uploads\\\/2019\\\/07\\\/cropped-Logo-Expresso-Metropolitano-1-1.jpeg\",\"contentUrl\":\"https:\\\/\\\/expressometro.mx\\\/wp-content\\\/uploads\\\/2019\\\/07\\\/cropped-Logo-Expresso-Metropolitano-1-1.jpeg\",\"width\":290,\"height\":73,\"caption\":\"Expresso Metropolitano\"},\"image\":{\"@id\":\"https:\\\/\\\/expressometro.mx\\\/#\\\/schema\\\/logo\\\/image\\\/\"}},{\"@type\":\"Person\",\"@id\":\"https:\\\/\\\/expressometro.mx\\\/#\\\/schema\\\/person\\\/efa971b4a0664db8ed5c22b1b0dd2f5d\",\"name\":\"Expresso Metropolitano\",\"image\":{\"@type\":\"ImageObject\",\"inLanguage\":\"es\",\"@id\":\"https:\\\/\\\/secure.gravatar.com\\\/avatar\\\/a89f802b8de18c6952f223c88d3d106e9e3679839f4e25a02f4a6cc2ae6ba3b3?s=96&d=mm&r=g\",\"url\":\"https:\\\/\\\/secure.gravatar.com\\\/avatar\\\/a89f802b8de18c6952f223c88d3d106e9e3679839f4e25a02f4a6cc2ae6ba3b3?s=96&d=mm&r=g\",\"contentUrl\":\"https:\\\/\\\/secure.gravatar.com\\\/avatar\\\/a89f802b8de18c6952f223c88d3d106e9e3679839f4e25a02f4a6cc2ae6ba3b3?s=96&d=mm&r=g\",\"caption\":\"Expresso Metropolitano\"},\"url\":\"https:\\\/\\\/expressometro.mx\\\/index.php\\\/author\\\/diego\\\/\"}]}<\/script>\n<!-- \/ Yoast SEO plugin. -->","yoast_head_json":{"title":"GUSTAVO C\u00c1RDENAS MONROY APOYA \u201cTECNOLOCHICAS\u201d, PROGRAMA QUE IMPULSA A LAS MUJERES A CAPACITARSE EN EL \u00c1REA TECNOL\u00d3GICA - Expresso Metropolitano","robots":{"index":"index","follow":"follow","max-snippet":"max-snippet:-1","max-image-preview":"max-image-preview:large","max-video-preview":"max-video-preview:-1"},"canonical":"https:\/\/expressometro.mx\/index.php\/2023\/07\/11\/gustavo-cardenas-monroy-apoya-tecnolochicas-programa-que-impulsa-a-las-mujeres-a-capacitarse-en-el-area-tecnologica\/","og_locale":"es_MX","og_type":"article","og_title":"GUSTAVO C\u00c1RDENAS MONROY APOYA \u201cTECNOLOCHICAS\u201d, PROGRAMA QUE IMPULSA A LAS MUJERES A CAPACITARSE EN EL \u00c1REA TECNOL\u00d3GICA - Expresso Metropolitano","og_description":"El Diputado Federal y Vicecoordinador del GP del PRI Gustavo C\u00e1rdenas Monroy se hizo presente en la entrega de constancias a las alumnas que concluyeron el curso denominado \u201cTecnolochicas\u201d, impartido por el Instituto de Capacitaci\u00f3n y Adiestramiento para el Trabajo Industrial en Coordinaci\u00f3n con Fundaci\u00f3n Televisa, dicho curso fue gestionado por el legislador para las alumnas del CECYTEM de Jiquipilco.","og_url":"https:\/\/expressometro.mx\/index.php\/2023\/07\/11\/gustavo-cardenas-monroy-apoya-tecnolochicas-programa-que-impulsa-a-las-mujeres-a-capacitarse-en-el-area-tecnologica\/","og_site_name":"Expresso Metropolitano","article_published_time":"2023-07-11T16:52:17+00:00","article_modified_time":"2023-07-21T16:58:20+00:00","og_image":[{"width":960,"height":720,"url":"http:\/\/expressometro.mx\/wp-content\/uploads\/2023\/07\/Gustavo-Cardenas-TECNOLOchicas-1.jpg","type":"image\/jpeg"}],"author":"Expresso Metropolitano","twitter_misc":{"Escrito por":"Expresso Metropolitano","Tiempo de lectura":"2 minutos"},"schema":{"@context":"https:\/\/schema.org","@graph":[{"@type":"Article","@id":"https:\/\/expressometro.mx\/index.php\/2023\/07\/11\/gustavo-cardenas-monroy-apoya-tecnolochicas-programa-que-impulsa-a-las-mujeres-a-capacitarse-en-el-area-tecnologica\/#article","isPartOf":{"@id":"https:\/\/expressometro.mx\/index.php\/2023\/07\/11\/gustavo-cardenas-monroy-apoya-tecnolochicas-programa-que-impulsa-a-las-mujeres-a-capacitarse-en-el-area-tecnologica\/"},"author":{"name":"Expresso Metropolitano","@id":"https:\/\/expressometro.mx\/#\/schema\/person\/efa971b4a0664db8ed5c22b1b0dd2f5d"},"headline":"GUSTAVO C\u00c1RDENAS MONROY APOYA \u201cTECNOLOCHICAS\u201d, PROGRAMA QUE IMPULSA A LAS MUJERES A CAPACITARSE EN EL \u00c1REA TECNOL\u00d3GICA","datePublished":"2023-07-11T16:52:17+00:00","dateModified":"2023-07-21T16:58:20+00:00","mainEntityOfPage":{"@id":"https:\/\/expressometro.mx\/index.php\/2023\/07\/11\/gustavo-cardenas-monroy-apoya-tecnolochicas-programa-que-impulsa-a-las-mujeres-a-capacitarse-en-el-area-tecnologica\/"},"wordCount":314,"commentCount":0,"publisher":{"@id":"https:\/\/expressometro.mx\/#organization"},"image":{"@id":"https:\/\/expressometro.mx\/index.php\/2023\/07\/11\/gustavo-cardenas-monroy-apoya-tecnolochicas-programa-que-impulsa-a-las-mujeres-a-capacitarse-en-el-area-tecnologica\/#primaryimage"},"thumbnailUrl":"https:\/\/expressometro.mx\/wp-content\/uploads\/2023\/07\/Gustavo-Cardenas-TECNOLOchicas-1.jpg","keywords":["Edomex","GEM","Gustavo C\u00e1rdenas","Jiquipilco","PRI"],"articleSection":["Educaci\u00f3n","Gobierno","Pol\u00edtica"],"inLanguage":"es","potentialAction":[{"@type":"CommentAction","name":"Comment","target":["https:\/\/expressometro.mx\/index.php\/2023\/07\/11\/gustavo-cardenas-monroy-apoya-tecnolochicas-programa-que-impulsa-a-las-mujeres-a-capacitarse-en-el-area-tecnologica\/#respond"]}]},{"@type":"WebPage","@id":"https:\/\/expressometro.mx\/index.php\/2023\/07\/11\/gustavo-cardenas-monroy-apoya-tecnolochicas-programa-que-impulsa-a-las-mujeres-a-capacitarse-en-el-area-tecnologica\/","url":"https:\/\/expressometro.mx\/index.php\/2023\/07\/11\/gustavo-cardenas-monroy-apoya-tecnolochicas-programa-que-impulsa-a-las-mujeres-a-capacitarse-en-el-area-tecnologica\/","name":"GUSTAVO C\u00c1RDENAS MONROY APOYA \u201cTECNOLOCHICAS\u201d, PROGRAMA QUE IMPULSA A LAS MUJERES A CAPACITARSE EN EL \u00c1REA TECNOL\u00d3GICA - Expresso Metropolitano","isPartOf":{"@id":"https:\/\/expressometro.mx\/#website"},"primaryImageOfPage":{"@id":"https:\/\/expressometro.mx\/index.php\/2023\/07\/11\/gustavo-cardenas-monroy-apoya-tecnolochicas-programa-que-impulsa-a-las-mujeres-a-capacitarse-en-el-area-tecnologica\/#primaryimage"},"image":{"@id":"https:\/\/expressometro.mx\/index.php\/2023\/07\/11\/gustavo-cardenas-monroy-apoya-tecnolochicas-programa-que-impulsa-a-las-mujeres-a-capacitarse-en-el-area-tecnologica\/#primaryimage"},"thumbnailUrl":"https:\/\/expressometro.mx\/wp-content\/uploads\/2023\/07\/Gustavo-Cardenas-TECNOLOchicas-1.jpg","datePublished":"2023-07-11T16:52:17+00:00","dateModified":"2023-07-21T16:58:20+00:00","breadcrumb":{"@id":"https:\/\/expressometro.mx\/index.php\/2023\/07\/11\/gustavo-cardenas-monroy-apoya-tecnolochicas-programa-que-impulsa-a-las-mujeres-a-capacitarse-en-el-area-tecnologica\/#breadcrumb"},"inLanguage":"es","potentialAction":[{"@type":"ReadAction","target":["https:\/\/expressometro.mx\/index.php\/2023\/07\/11\/gustavo-cardenas-monroy-apoya-tecnolochicas-programa-que-impulsa-a-las-mujeres-a-capacitarse-en-el-area-tecnologica\/"]}]},{"@type":"ImageObject","inLanguage":"es","@id":"https:\/\/expressometro.mx\/index.php\/2023\/07\/11\/gustavo-cardenas-monroy-apoya-tecnolochicas-programa-que-impulsa-a-las-mujeres-a-capacitarse-en-el-area-tecnologica\/#primaryimage","url":"https:\/\/expressometro.mx\/wp-content\/uploads\/2023\/07\/Gustavo-Cardenas-TECNOLOchicas-1.jpg","contentUrl":"https:\/\/expressometro.mx\/wp-content\/uploads\/2023\/07\/Gustavo-Cardenas-TECNOLOchicas-1.jpg","width":960,"height":720},{"@type":"BreadcrumbList","@id":"https:\/\/expressometro.mx\/index.php\/2023\/07\/11\/gustavo-cardenas-monroy-apoya-tecnolochicas-programa-que-impulsa-a-las-mujeres-a-capacitarse-en-el-area-tecnologica\/#breadcrumb","itemListElement":[{"@type":"ListItem","position":1,"name":"Inicio","item":"https:\/\/expressometro.mx\/"},{"@type":"ListItem","position":2,"name":"GUSTAVO C\u00c1RDENAS MONROY APOYA \u201cTECNOLOCHICAS\u201d, PROGRAMA QUE IMPULSA A LAS MUJERES A CAPACITARSE EN EL \u00c1REA TECNOL\u00d3GICA"}]},{"@type":"WebSite","@id":"https:\/\/expressometro.mx\/#website","url":"https:\/\/expressometro.mx\/","name":"Expresso Metropolitano","description":"Periodismo comprometido, informaci\u00f3n, investigaci\u00f3n y an\u00e1lisis","publisher":{"@id":"https:\/\/expressometro.mx\/#organization"},"potentialAction":[{"@type":"SearchAction","target":{"@type":"EntryPoint","urlTemplate":"https:\/\/expressometro.mx\/?s={search_term_string}"},"query-input":{"@type":"PropertyValueSpecification","valueRequired":true,"valueName":"search_term_string"}}],"inLanguage":"es"},{"@type":"Organization","@id":"https:\/\/expressometro.mx\/#organization","name":"Expresso Metropolitano","url":"https:\/\/expressometro.mx\/","logo":{"@type":"ImageObject","inLanguage":"es","@id":"https:\/\/expressometro.mx\/#\/schema\/logo\/image\/","url":"https:\/\/expressometro.mx\/wp-content\/uploads\/2019\/07\/cropped-Logo-Expresso-Metropolitano-1-1.jpeg","contentUrl":"https:\/\/expressometro.mx\/wp-content\/uploads\/2019\/07\/cropped-Logo-Expresso-Metropolitano-1-1.jpeg","width":290,"height":73,"caption":"Expresso Metropolitano"},"image":{"@id":"https:\/\/expressometro.mx\/#\/schema\/logo\/image\/"}},{"@type":"Person","@id":"https:\/\/expressometro.mx\/#\/schema\/person\/efa971b4a0664db8ed5c22b1b0dd2f5d","name":"Expresso Metropolitano","image":{"@type":"ImageObject","inLanguage":"es","@id":"https:\/\/secure.gravatar.com\/avatar\/a89f802b8de18c6952f223c88d3d106e9e3679839f4e25a02f4a6cc2ae6ba3b3?s=96&d=mm&r=g","url":"https:\/\/secure.gravatar.com\/avatar\/a89f802b8de18c6952f223c88d3d106e9e3679839f4e25a02f4a6cc2ae6ba3b3?s=96&d=mm&r=g","contentUrl":"https:\/\/secure.gravatar.com\/avatar\/a89f802b8de18c6952f223c88d3d106e9e3679839f4e25a02f4a6cc2ae6ba3b3?s=96&d=mm&r=g","caption":"Expresso Metropolitano"},"url":"https:\/\/expressometro.mx\/index.php\/author\/diego\/"}]}},"amp_enabled":true,"_links":{"self":[{"href":"https:\/\/expressometro.mx\/index.php\/wp-json\/wp\/v2\/posts\/7408","targetHints":{"allow":["GET"]}}],"collection":[{"href":"https:\/\/expressometro.mx\/index.php\/wp-json\/wp\/v2\/posts"}],"about":[{"href":"https:\/\/expressometro.mx\/index.php\/wp-json\/wp\/v2\/types\/post"}],"author":[{"embeddable":true,"href":"https:\/\/expressometro.mx\/index.php\/wp-json\/wp\/v2\/users\/1"}],"replies":[{"embeddable":true,"href":"https:\/\/expressometro.mx\/index.php\/wp-json\/wp\/v2\/comments?post=7408"}],"version-history":[{"count":1,"href":"https:\/\/expressometro.mx\/index.php\/wp-json\/wp\/v2\/posts\/7408\/revisions"}],"predecessor-version":[{"id":7411,"href":"https:\/\/expressometro.mx\/index.php\/wp-json\/wp\/v2\/posts\/7408\/revisions\/7411"}],"wp:featuredmedia":[{"embeddable":true,"href":"https:\/\/expressometro.mx\/index.php\/wp-json\/wp\/v2\/media\/7410"}],"wp:attachment":[{"href":"https:\/\/expressometro.mx\/index.php\/wp-json\/wp\/v2\/media?parent=7408"}],"wp:term":[{"taxonomy":"category","embeddable":true,"href":"https:\/\/expressometro.mx\/index.php\/wp-json\/wp\/v2\/categories?post=7408"},{"taxonomy":"post_tag","embeddable":true,"href":"https:\/\/expressometro.mx\/index.php\/wp-json\/wp\/v2\/tags?post=7408"}],"curies":[{"name":"wp","href":"https:\/\/api.w.org\/{rel}","templated":true}]}}