{"id":7394,"date":"2023-07-20T11:00:17","date_gmt":"2023-07-20T16:00:17","guid":{"rendered":"https:\/\/expressometro.mx\/?p=7394"},"modified":"2023-07-20T11:00:18","modified_gmt":"2023-07-20T16:00:18","slug":"cierra-filas-el-pri-para-darle-rumbo-al-pais-eric-sevilla","status":"publish","type":"post","link":"https:\/\/expressometro.mx\/index.php\/2023\/07\/20\/cierra-filas-el-pri-para-darle-rumbo-al-pais-eric-sevilla\/","title":{"rendered":"CIERRA FILAS EL PRI PARA DARLE RUMBO AL PA\u00cdS: ERIC SEVILLA"},"content":{"rendered":"\n<p><\/p>\n\n\n\n<p>\u2022 Los pri\u00edstas estamos en el lado correcto de la historia y seguiremos dando la pelea por el pa\u00eds, manifest\u00f3 el dirigente estatal.<\/p>\n\n\n\n<p><\/p>\n\n\n\n<p>La vida pol\u00edtica del PRI no tiene pausa y su militancia est\u00e1 llamada a cerrar filas para enfrentar los retos de las pr\u00f3ximas elecciones a nivel local y federal, \u201cvienen m\u00e1s batallas que encarar con el proyecto de pa\u00eds que queremos\u201d, dej\u00f3 en claro el Presidente del Comit\u00e9 Directivo Estatal (CDE), Eric Sevilla.<\/p>\n\n\n\n<p>Durante el \u201cEncuentro para Reconocer al Priismo de Amecameca\u201d, el l\u00edder partidista asegur\u00f3 que el PRI seguir\u00e1 en la pelea por ganar m\u00e1s espacios de representaci\u00f3n popular con el respaldo de casi 2 millones de ciudadanos que depositaron su confianza el pasado 4 de junio.<\/p>\n\n\n\n<p>\u201cHay que seguir con la frente en alto porque superamos los resultados del 2021, porque tenemos un gran activo en Alejandra del Moral y porque aportamos uno de cada cuatro votos al priismo nacional, vamos a mantenernos como la fuerza pol\u00edtica de la Naci\u00f3n y nadie va a trastocar nuestro proyecto de pa\u00eds\u201d, dijo<\/p>\n\n\n\n<p>Acompa\u00f1ado de los secretarios de Organizaci\u00f3n, Mario Santana, y de Vinculaci\u00f3n con la Sociedad, Miguel \u00c1ngel Rivero, el dirigente pri\u00edsta convoc\u00f3 a la militancia a seguir en el lado correcto de la historia y no fallarle a los mexiquenses que conf\u00edan en el partido que construy\u00f3 el M\u00e9xico de las instituciones.<\/p>\n\n\n\n<p>\u201cTenemos que defender a la patria de un r\u00e9gimen improvisado y autocr\u00e1tico, la misi\u00f3n del PRI es estar al lado de sus militantes en la calle y tocando conciencias para cambiar la realidad de nuestro pa\u00eds, pues en pol\u00edtica nada es eterno; daremos todo con orgullo trabajando con la militancia\u201d, puntualiz\u00f3 Eric Sevilla.<\/p>\n\n\n\n<p>En su participaci\u00f3n, Mario Santana destac\u00f3 que los desaf\u00edos del partido lo vamos a enfrentar en gran unidad, \u201ces tiempo de empujar juntos y necesitamos al equipo pri\u00edsta m\u00e1s que puesto para fortalecer las estructuras seccional y municipal con el fin de estar listos para las elecciones del 2024\u201d.<\/p>\n","protected":false},"excerpt":{"rendered":"<p>La vida pol\u00edtica del PRI no tiene pausa y su militancia est\u00e1 llamada a cerrar filas para enfrentar los retos de las pr\u00f3ximas elecciones a nivel local y federal, \u201cvienen m\u00e1s batallas que encarar con el proyecto de pa\u00eds que queremos\u201d, dej\u00f3 en claro el Presidente del Comit\u00e9 Directivo Estatal (CDE), Eric Sevilla.<\/p>\n","protected":false},"author":1,"featured_media":7396,"comment_status":"open","ping_status":"open","sticky":false,"template":"","format":"standard","meta":{"footnotes":""},"categories":[3,1,231],"tags":[1982,1461,86,158],"class_list":["post-7394","post","type-post","status-publish","format-standard","has-post-thumbnail","hentry","category-gobierno","category-otros","category-politica","tag-edomex","tag-eric-sevilla","tag-gem","tag-pri"],"yoast_head":"<!-- This site is optimized with the Yoast SEO plugin v27.5 - https:\/\/yoast.com\/product\/yoast-seo-wordpress\/ -->\n<title>CIERRA FILAS EL PRI PARA DARLE RUMBO AL PA\u00cdS: ERIC SEVILLA - Expresso Metropolitano<\/title>\n<meta name=\"robots\" content=\"index, follow, max-snippet:-1, max-image-preview:large, max-video-preview:-1\" \/>\n<link rel=\"canonical\" href=\"https:\/\/expressometro.mx\/index.php\/2023\/07\/20\/cierra-filas-el-pri-para-darle-rumbo-al-pais-eric-sevilla\/\" \/>\n<meta property=\"og:locale\" content=\"es_MX\" \/>\n<meta property=\"og:type\" content=\"article\" \/>\n<meta property=\"og:title\" content=\"CIERRA FILAS EL PRI PARA DARLE RUMBO AL PA\u00cdS: ERIC SEVILLA - Expresso Metropolitano\" \/>\n<meta property=\"og:description\" content=\"La vida pol\u00edtica del PRI no tiene pausa y su militancia est\u00e1 llamada a cerrar filas para enfrentar los retos de las pr\u00f3ximas elecciones a nivel local y federal, \u201cvienen m\u00e1s batallas que encarar con el proyecto de pa\u00eds que queremos\u201d, dej\u00f3 en claro el Presidente del Comit\u00e9 Directivo Estatal (CDE), Eric Sevilla.\" \/>\n<meta property=\"og:url\" content=\"https:\/\/expressometro.mx\/index.php\/2023\/07\/20\/cierra-filas-el-pri-para-darle-rumbo-al-pais-eric-sevilla\/\" \/>\n<meta property=\"og:site_name\" content=\"Expresso Metropolitano\" \/>\n<meta property=\"article:published_time\" content=\"2023-07-20T16:00:17+00:00\" \/>\n<meta property=\"article:modified_time\" content=\"2023-07-20T16:00:18+00:00\" \/>\n<meta property=\"og:image\" content=\"http:\/\/expressometro.mx\/wp-content\/uploads\/2023\/07\/IMG_2571.jpg\" \/>\n\t<meta property=\"og:image:width\" content=\"1837\" \/>\n\t<meta property=\"og:image:height\" content=\"1361\" \/>\n\t<meta property=\"og:image:type\" content=\"image\/jpeg\" \/>\n<meta name=\"author\" content=\"Expresso Metropolitano\" \/>\n<meta name=\"twitter:label1\" content=\"Escrito por\" \/>\n\t<meta name=\"twitter:data1\" content=\"Expresso Metropolitano\" \/>\n\t<meta name=\"twitter:label2\" content=\"Tiempo de lectura\" \/>\n\t<meta name=\"twitter:data2\" content=\"2 minutos\" \/>\n<script type=\"application\/ld+json\" class=\"yoast-schema-graph\">{\"@context\":\"https:\\\/\\\/schema.org\",\"@graph\":[{\"@type\":\"Article\",\"@id\":\"https:\\\/\\\/expressometro.mx\\\/index.php\\\/2023\\\/07\\\/20\\\/cierra-filas-el-pri-para-darle-rumbo-al-pais-eric-sevilla\\\/#article\",\"isPartOf\":{\"@id\":\"https:\\\/\\\/expressometro.mx\\\/index.php\\\/2023\\\/07\\\/20\\\/cierra-filas-el-pri-para-darle-rumbo-al-pais-eric-sevilla\\\/\"},\"author\":{\"name\":\"Expresso Metropolitano\",\"@id\":\"https:\\\/\\\/expressometro.mx\\\/#\\\/schema\\\/person\\\/efa971b4a0664db8ed5c22b1b0dd2f5d\"},\"headline\":\"CIERRA FILAS EL PRI PARA DARLE RUMBO AL PA\u00cdS: ERIC SEVILLA\",\"datePublished\":\"2023-07-20T16:00:17+00:00\",\"dateModified\":\"2023-07-20T16:00:18+00:00\",\"mainEntityOfPage\":{\"@id\":\"https:\\\/\\\/expressometro.mx\\\/index.php\\\/2023\\\/07\\\/20\\\/cierra-filas-el-pri-para-darle-rumbo-al-pais-eric-sevilla\\\/\"},\"wordCount\":362,\"commentCount\":0,\"publisher\":{\"@id\":\"https:\\\/\\\/expressometro.mx\\\/#organization\"},\"image\":{\"@id\":\"https:\\\/\\\/expressometro.mx\\\/index.php\\\/2023\\\/07\\\/20\\\/cierra-filas-el-pri-para-darle-rumbo-al-pais-eric-sevilla\\\/#primaryimage\"},\"thumbnailUrl\":\"https:\\\/\\\/expressometro.mx\\\/wp-content\\\/uploads\\\/2023\\\/07\\\/IMG_2571.jpg\",\"keywords\":[\"Edomex\",\"Eric Sevilla\",\"GEM\",\"PRI\"],\"articleSection\":[\"Gobierno\",\"Otros\",\"Pol\u00edtica\"],\"inLanguage\":\"es\",\"potentialAction\":[{\"@type\":\"CommentAction\",\"name\":\"Comment\",\"target\":[\"https:\\\/\\\/expressometro.mx\\\/index.php\\\/2023\\\/07\\\/20\\\/cierra-filas-el-pri-para-darle-rumbo-al-pais-eric-sevilla\\\/#respond\"]}]},{\"@type\":\"WebPage\",\"@id\":\"https:\\\/\\\/expressometro.mx\\\/index.php\\\/2023\\\/07\\\/20\\\/cierra-filas-el-pri-para-darle-rumbo-al-pais-eric-sevilla\\\/\",\"url\":\"https:\\\/\\\/expressometro.mx\\\/index.php\\\/2023\\\/07\\\/20\\\/cierra-filas-el-pri-para-darle-rumbo-al-pais-eric-sevilla\\\/\",\"name\":\"CIERRA FILAS EL PRI PARA DARLE RUMBO AL PA\u00cdS: ERIC SEVILLA - Expresso Metropolitano\",\"isPartOf\":{\"@id\":\"https:\\\/\\\/expressometro.mx\\\/#website\"},\"primaryImageOfPage\":{\"@id\":\"https:\\\/\\\/expressometro.mx\\\/index.php\\\/2023\\\/07\\\/20\\\/cierra-filas-el-pri-para-darle-rumbo-al-pais-eric-sevilla\\\/#primaryimage\"},\"image\":{\"@id\":\"https:\\\/\\\/expressometro.mx\\\/index.php\\\/2023\\\/07\\\/20\\\/cierra-filas-el-pri-para-darle-rumbo-al-pais-eric-sevilla\\\/#primaryimage\"},\"thumbnailUrl\":\"https:\\\/\\\/expressometro.mx\\\/wp-content\\\/uploads\\\/2023\\\/07\\\/IMG_2571.jpg\",\"datePublished\":\"2023-07-20T16:00:17+00:00\",\"dateModified\":\"2023-07-20T16:00:18+00:00\",\"breadcrumb\":{\"@id\":\"https:\\\/\\\/expressometro.mx\\\/index.php\\\/2023\\\/07\\\/20\\\/cierra-filas-el-pri-para-darle-rumbo-al-pais-eric-sevilla\\\/#breadcrumb\"},\"inLanguage\":\"es\",\"potentialAction\":[{\"@type\":\"ReadAction\",\"target\":[\"https:\\\/\\\/expressometro.mx\\\/index.php\\\/2023\\\/07\\\/20\\\/cierra-filas-el-pri-para-darle-rumbo-al-pais-eric-sevilla\\\/\"]}]},{\"@type\":\"ImageObject\",\"inLanguage\":\"es\",\"@id\":\"https:\\\/\\\/expressometro.mx\\\/index.php\\\/2023\\\/07\\\/20\\\/cierra-filas-el-pri-para-darle-rumbo-al-pais-eric-sevilla\\\/#primaryimage\",\"url\":\"https:\\\/\\\/expressometro.mx\\\/wp-content\\\/uploads\\\/2023\\\/07\\\/IMG_2571.jpg\",\"contentUrl\":\"https:\\\/\\\/expressometro.mx\\\/wp-content\\\/uploads\\\/2023\\\/07\\\/IMG_2571.jpg\",\"width\":1837,\"height\":1361},{\"@type\":\"BreadcrumbList\",\"@id\":\"https:\\\/\\\/expressometro.mx\\\/index.php\\\/2023\\\/07\\\/20\\\/cierra-filas-el-pri-para-darle-rumbo-al-pais-eric-sevilla\\\/#breadcrumb\",\"itemListElement\":[{\"@type\":\"ListItem\",\"position\":1,\"name\":\"Inicio\",\"item\":\"https:\\\/\\\/expressometro.mx\\\/\"},{\"@type\":\"ListItem\",\"position\":2,\"name\":\"CIERRA FILAS EL PRI PARA DARLE RUMBO AL PA\u00cdS: ERIC SEVILLA\"}]},{\"@type\":\"WebSite\",\"@id\":\"https:\\\/\\\/expressometro.mx\\\/#website\",\"url\":\"https:\\\/\\\/expressometro.mx\\\/\",\"name\":\"Expresso Metropolitano\",\"description\":\"Periodismo comprometido, informaci\u00f3n, investigaci\u00f3n y an\u00e1lisis\",\"publisher\":{\"@id\":\"https:\\\/\\\/expressometro.mx\\\/#organization\"},\"potentialAction\":[{\"@type\":\"SearchAction\",\"target\":{\"@type\":\"EntryPoint\",\"urlTemplate\":\"https:\\\/\\\/expressometro.mx\\\/?s={search_term_string}\"},\"query-input\":{\"@type\":\"PropertyValueSpecification\",\"valueRequired\":true,\"valueName\":\"search_term_string\"}}],\"inLanguage\":\"es\"},{\"@type\":\"Organization\",\"@id\":\"https:\\\/\\\/expressometro.mx\\\/#organization\",\"name\":\"Expresso Metropolitano\",\"url\":\"https:\\\/\\\/expressometro.mx\\\/\",\"logo\":{\"@type\":\"ImageObject\",\"inLanguage\":\"es\",\"@id\":\"https:\\\/\\\/expressometro.mx\\\/#\\\/schema\\\/logo\\\/image\\\/\",\"url\":\"https:\\\/\\\/expressometro.mx\\\/wp-content\\\/uploads\\\/2019\\\/07\\\/cropped-Logo-Expresso-Metropolitano-1-1.jpeg\",\"contentUrl\":\"https:\\\/\\\/expressometro.mx\\\/wp-content\\\/uploads\\\/2019\\\/07\\\/cropped-Logo-Expresso-Metropolitano-1-1.jpeg\",\"width\":290,\"height\":73,\"caption\":\"Expresso Metropolitano\"},\"image\":{\"@id\":\"https:\\\/\\\/expressometro.mx\\\/#\\\/schema\\\/logo\\\/image\\\/\"}},{\"@type\":\"Person\",\"@id\":\"https:\\\/\\\/expressometro.mx\\\/#\\\/schema\\\/person\\\/efa971b4a0664db8ed5c22b1b0dd2f5d\",\"name\":\"Expresso Metropolitano\",\"image\":{\"@type\":\"ImageObject\",\"inLanguage\":\"es\",\"@id\":\"https:\\\/\\\/secure.gravatar.com\\\/avatar\\\/a89f802b8de18c6952f223c88d3d106e9e3679839f4e25a02f4a6cc2ae6ba3b3?s=96&d=mm&r=g\",\"url\":\"https:\\\/\\\/secure.gravatar.com\\\/avatar\\\/a89f802b8de18c6952f223c88d3d106e9e3679839f4e25a02f4a6cc2ae6ba3b3?s=96&d=mm&r=g\",\"contentUrl\":\"https:\\\/\\\/secure.gravatar.com\\\/avatar\\\/a89f802b8de18c6952f223c88d3d106e9e3679839f4e25a02f4a6cc2ae6ba3b3?s=96&d=mm&r=g\",\"caption\":\"Expresso Metropolitano\"},\"url\":\"https:\\\/\\\/expressometro.mx\\\/index.php\\\/author\\\/diego\\\/\"}]}<\/script>\n<!-- \/ Yoast SEO plugin. -->","yoast_head_json":{"title":"CIERRA FILAS EL PRI PARA DARLE RUMBO AL PA\u00cdS: ERIC SEVILLA - Expresso Metropolitano","robots":{"index":"index","follow":"follow","max-snippet":"max-snippet:-1","max-image-preview":"max-image-preview:large","max-video-preview":"max-video-preview:-1"},"canonical":"https:\/\/expressometro.mx\/index.php\/2023\/07\/20\/cierra-filas-el-pri-para-darle-rumbo-al-pais-eric-sevilla\/","og_locale":"es_MX","og_type":"article","og_title":"CIERRA FILAS EL PRI PARA DARLE RUMBO AL PA\u00cdS: ERIC SEVILLA - Expresso Metropolitano","og_description":"La vida pol\u00edtica del PRI no tiene pausa y su militancia est\u00e1 llamada a cerrar filas para enfrentar los retos de las pr\u00f3ximas elecciones a nivel local y federal, \u201cvienen m\u00e1s batallas que encarar con el proyecto de pa\u00eds que queremos\u201d, dej\u00f3 en claro el Presidente del Comit\u00e9 Directivo Estatal (CDE), Eric Sevilla.","og_url":"https:\/\/expressometro.mx\/index.php\/2023\/07\/20\/cierra-filas-el-pri-para-darle-rumbo-al-pais-eric-sevilla\/","og_site_name":"Expresso Metropolitano","article_published_time":"2023-07-20T16:00:17+00:00","article_modified_time":"2023-07-20T16:00:18+00:00","og_image":[{"width":1837,"height":1361,"url":"http:\/\/expressometro.mx\/wp-content\/uploads\/2023\/07\/IMG_2571.jpg","type":"image\/jpeg"}],"author":"Expresso Metropolitano","twitter_misc":{"Escrito por":"Expresso Metropolitano","Tiempo de lectura":"2 minutos"},"schema":{"@context":"https:\/\/schema.org","@graph":[{"@type":"Article","@id":"https:\/\/expressometro.mx\/index.php\/2023\/07\/20\/cierra-filas-el-pri-para-darle-rumbo-al-pais-eric-sevilla\/#article","isPartOf":{"@id":"https:\/\/expressometro.mx\/index.php\/2023\/07\/20\/cierra-filas-el-pri-para-darle-rumbo-al-pais-eric-sevilla\/"},"author":{"name":"Expresso Metropolitano","@id":"https:\/\/expressometro.mx\/#\/schema\/person\/efa971b4a0664db8ed5c22b1b0dd2f5d"},"headline":"CIERRA FILAS EL PRI PARA DARLE RUMBO AL PA\u00cdS: ERIC SEVILLA","datePublished":"2023-07-20T16:00:17+00:00","dateModified":"2023-07-20T16:00:18+00:00","mainEntityOfPage":{"@id":"https:\/\/expressometro.mx\/index.php\/2023\/07\/20\/cierra-filas-el-pri-para-darle-rumbo-al-pais-eric-sevilla\/"},"wordCount":362,"commentCount":0,"publisher":{"@id":"https:\/\/expressometro.mx\/#organization"},"image":{"@id":"https:\/\/expressometro.mx\/index.php\/2023\/07\/20\/cierra-filas-el-pri-para-darle-rumbo-al-pais-eric-sevilla\/#primaryimage"},"thumbnailUrl":"https:\/\/expressometro.mx\/wp-content\/uploads\/2023\/07\/IMG_2571.jpg","keywords":["Edomex","Eric Sevilla","GEM","PRI"],"articleSection":["Gobierno","Otros","Pol\u00edtica"],"inLanguage":"es","potentialAction":[{"@type":"CommentAction","name":"Comment","target":["https:\/\/expressometro.mx\/index.php\/2023\/07\/20\/cierra-filas-el-pri-para-darle-rumbo-al-pais-eric-sevilla\/#respond"]}]},{"@type":"WebPage","@id":"https:\/\/expressometro.mx\/index.php\/2023\/07\/20\/cierra-filas-el-pri-para-darle-rumbo-al-pais-eric-sevilla\/","url":"https:\/\/expressometro.mx\/index.php\/2023\/07\/20\/cierra-filas-el-pri-para-darle-rumbo-al-pais-eric-sevilla\/","name":"CIERRA FILAS EL PRI PARA DARLE RUMBO AL PA\u00cdS: ERIC SEVILLA - Expresso Metropolitano","isPartOf":{"@id":"https:\/\/expressometro.mx\/#website"},"primaryImageOfPage":{"@id":"https:\/\/expressometro.mx\/index.php\/2023\/07\/20\/cierra-filas-el-pri-para-darle-rumbo-al-pais-eric-sevilla\/#primaryimage"},"image":{"@id":"https:\/\/expressometro.mx\/index.php\/2023\/07\/20\/cierra-filas-el-pri-para-darle-rumbo-al-pais-eric-sevilla\/#primaryimage"},"thumbnailUrl":"https:\/\/expressometro.mx\/wp-content\/uploads\/2023\/07\/IMG_2571.jpg","datePublished":"2023-07-20T16:00:17+00:00","dateModified":"2023-07-20T16:00:18+00:00","breadcrumb":{"@id":"https:\/\/expressometro.mx\/index.php\/2023\/07\/20\/cierra-filas-el-pri-para-darle-rumbo-al-pais-eric-sevilla\/#breadcrumb"},"inLanguage":"es","potentialAction":[{"@type":"ReadAction","target":["https:\/\/expressometro.mx\/index.php\/2023\/07\/20\/cierra-filas-el-pri-para-darle-rumbo-al-pais-eric-sevilla\/"]}]},{"@type":"ImageObject","inLanguage":"es","@id":"https:\/\/expressometro.mx\/index.php\/2023\/07\/20\/cierra-filas-el-pri-para-darle-rumbo-al-pais-eric-sevilla\/#primaryimage","url":"https:\/\/expressometro.mx\/wp-content\/uploads\/2023\/07\/IMG_2571.jpg","contentUrl":"https:\/\/expressometro.mx\/wp-content\/uploads\/2023\/07\/IMG_2571.jpg","width":1837,"height":1361},{"@type":"BreadcrumbList","@id":"https:\/\/expressometro.mx\/index.php\/2023\/07\/20\/cierra-filas-el-pri-para-darle-rumbo-al-pais-eric-sevilla\/#breadcrumb","itemListElement":[{"@type":"ListItem","position":1,"name":"Inicio","item":"https:\/\/expressometro.mx\/"},{"@type":"ListItem","position":2,"name":"CIERRA FILAS EL PRI PARA DARLE RUMBO AL PA\u00cdS: ERIC SEVILLA"}]},{"@type":"WebSite","@id":"https:\/\/expressometro.mx\/#website","url":"https:\/\/expressometro.mx\/","name":"Expresso Metropolitano","description":"Periodismo comprometido, informaci\u00f3n, investigaci\u00f3n y an\u00e1lisis","publisher":{"@id":"https:\/\/expressometro.mx\/#organization"},"potentialAction":[{"@type":"SearchAction","target":{"@type":"EntryPoint","urlTemplate":"https:\/\/expressometro.mx\/?s={search_term_string}"},"query-input":{"@type":"PropertyValueSpecification","valueRequired":true,"valueName":"search_term_string"}}],"inLanguage":"es"},{"@type":"Organization","@id":"https:\/\/expressometro.mx\/#organization","name":"Expresso Metropolitano","url":"https:\/\/expressometro.mx\/","logo":{"@type":"ImageObject","inLanguage":"es","@id":"https:\/\/expressometro.mx\/#\/schema\/logo\/image\/","url":"https:\/\/expressometro.mx\/wp-content\/uploads\/2019\/07\/cropped-Logo-Expresso-Metropolitano-1-1.jpeg","contentUrl":"https:\/\/expressometro.mx\/wp-content\/uploads\/2019\/07\/cropped-Logo-Expresso-Metropolitano-1-1.jpeg","width":290,"height":73,"caption":"Expresso Metropolitano"},"image":{"@id":"https:\/\/expressometro.mx\/#\/schema\/logo\/image\/"}},{"@type":"Person","@id":"https:\/\/expressometro.mx\/#\/schema\/person\/efa971b4a0664db8ed5c22b1b0dd2f5d","name":"Expresso Metropolitano","image":{"@type":"ImageObject","inLanguage":"es","@id":"https:\/\/secure.gravatar.com\/avatar\/a89f802b8de18c6952f223c88d3d106e9e3679839f4e25a02f4a6cc2ae6ba3b3?s=96&d=mm&r=g","url":"https:\/\/secure.gravatar.com\/avatar\/a89f802b8de18c6952f223c88d3d106e9e3679839f4e25a02f4a6cc2ae6ba3b3?s=96&d=mm&r=g","contentUrl":"https:\/\/secure.gravatar.com\/avatar\/a89f802b8de18c6952f223c88d3d106e9e3679839f4e25a02f4a6cc2ae6ba3b3?s=96&d=mm&r=g","caption":"Expresso Metropolitano"},"url":"https:\/\/expressometro.mx\/index.php\/author\/diego\/"}]}},"amp_enabled":true,"_links":{"self":[{"href":"https:\/\/expressometro.mx\/index.php\/wp-json\/wp\/v2\/posts\/7394","targetHints":{"allow":["GET"]}}],"collection":[{"href":"https:\/\/expressometro.mx\/index.php\/wp-json\/wp\/v2\/posts"}],"about":[{"href":"https:\/\/expressometro.mx\/index.php\/wp-json\/wp\/v2\/types\/post"}],"author":[{"embeddable":true,"href":"https:\/\/expressometro.mx\/index.php\/wp-json\/wp\/v2\/users\/1"}],"replies":[{"embeddable":true,"href":"https:\/\/expressometro.mx\/index.php\/wp-json\/wp\/v2\/comments?post=7394"}],"version-history":[{"count":1,"href":"https:\/\/expressometro.mx\/index.php\/wp-json\/wp\/v2\/posts\/7394\/revisions"}],"predecessor-version":[{"id":7397,"href":"https:\/\/expressometro.mx\/index.php\/wp-json\/wp\/v2\/posts\/7394\/revisions\/7397"}],"wp:featuredmedia":[{"embeddable":true,"href":"https:\/\/expressometro.mx\/index.php\/wp-json\/wp\/v2\/media\/7396"}],"wp:attachment":[{"href":"https:\/\/expressometro.mx\/index.php\/wp-json\/wp\/v2\/media?parent=7394"}],"wp:term":[{"taxonomy":"category","embeddable":true,"href":"https:\/\/expressometro.mx\/index.php\/wp-json\/wp\/v2\/categories?post=7394"},{"taxonomy":"post_tag","embeddable":true,"href":"https:\/\/expressometro.mx\/index.php\/wp-json\/wp\/v2\/tags?post=7394"}],"curies":[{"name":"wp","href":"https:\/\/api.w.org\/{rel}","templated":true}]}}