{"id":737,"date":"2019-09-23T07:31:16","date_gmt":"2019-09-23T12:31:16","guid":{"rendered":"http:\/\/expressometro.mx\/?p=737"},"modified":"2019-09-24T07:34:04","modified_gmt":"2019-09-24T12:34:04","slug":"fortalece-edomex-su-potencial-para-convertirse-en-centro-logistico-del-pais","status":"publish","type":"post","link":"https:\/\/expressometro.mx\/index.php\/2019\/09\/23\/fortalece-edomex-su-potencial-para-convertirse-en-centro-logistico-del-pais\/","title":{"rendered":"FORTALECE EDOM\u00c9X SU POTENCIAL PARA CONVERTIRSE EN CENTRO LOG\u00cdSTICO DEL PA\u00cdS"},"content":{"rendered":"\n<p>El Estado de M\u00e9xico fortalece su potencial para convertirse en centro log\u00edstico del pa\u00eds, gracias a las ventajas competitivas con las que cuenta, adem\u00e1s de que el Gobierno de la entidad tiene como prioridad generar las condiciones que permitan ofrecer oportunidades de desarrollo personal y profesional para los mexiquenses.<\/p>\n\n\n\n<p>As\u00ed lo afirm\u00f3 el titular de la Secretar\u00eda de Desarrollo Econ\u00f3mico (Sedeco), Enrique Jacob Rocha, durante la inauguraci\u00f3n del Centro de Distribuci\u00f3n (Cedis), de la Terminal Toltecas, de la empresa Tresguerras, donde acudi\u00f3 con la representaci\u00f3n del Gobernador Alfredo Del Mazo Maza.<\/p>\n\n\n\n<p>Al informar que este Cedis tuvo una inversi\u00f3n cercana a los 200 millones de pesos y garantiza la generaci\u00f3n de 300 nuevos empleos formales, reiter\u00f3 que inversiones como \u00e9sta, y las que se han registrado en \u00faltimas fechas, son resultado del potencial con que cuenta el Estado de M\u00e9xico para la inversi\u00f3n y la generaci\u00f3n de empleos.<\/p>\n\n\n\n<p>Por ello, indic\u00f3, el Edom\u00e9x ofrece facilidades para atraer y retener inversiones que colocan a la entidad como un lugar que crece, avanza y est\u00e1 comprometido con el desarrollo econ\u00f3mico y el bienestar de los mexiquenses.<\/p>\n\n\n\n<p>La empresa Tresguerras tiene una historia de m\u00e1s de 80 a\u00f1os y empez\u00f3 a trav\u00e9s de una sociedad cooperativa, donde los due\u00f1os conduc\u00edan sus propias unidades y fue creciendo hasta convertirse en l\u00edderes de transporte en M\u00e9xico, con ocho sucursales en el Estado de M\u00e9xico y siete centros de trabajo en la zona metropolitana.<\/p>\n\n\n\n<p>Al evento acudieron Leopoldo Almanza Vera, fundador y creador de Tresguerras, Enrique Gonz\u00e1lez Mu\u00f1oz, Presidente de la C\u00e1mara Nacional de Autotransporte de Carga (Canacar), Jorge Enrique Almanza Mosqueda, Director General de Autotransportes de Carga Tresguerras, Gilberto Sauza Mart\u00ednez, Presidente del Consejo de C\u00e1maras y Asociaciones Empresariales del Estado de M\u00e9xico (Concaem), y Arturo Ch\u00e1vez S\u00e1nchez, Director General del Fideicomiso para el Desarrollo de Parques y zonas Industriales en el Estado de M\u00e9xico (Fidepar), entre otros.<\/p>\n","protected":false},"excerpt":{"rendered":"<p>El Estado de M\u00e9xico fortalece su potencial para convertirse en centro log\u00edstico del pa\u00eds, gracias a las ventajas competitivas con las que cuenta, adem\u00e1s de que el Gobierno de la entidad tiene como prioridad generar las condiciones que permitan ofrecer oportunidades de desarrollo personal y profesional para los mexiquenses. As\u00ed lo afirm\u00f3 el titular de la Secretar\u00eda de Desarrollo Econ\u00f3mico (Sedeco), Enrique Jacob Rocha, durante la inauguraci\u00f3n del Centro de Distribuci\u00f3n (Cedis), de la Terminal Toltecas, de la empresa Tresguerras, donde acudi\u00f3 con la representaci\u00f3n del Gobernador Alfredo Del Mazo&hellip;<\/p>\n","protected":false},"author":1,"featured_media":738,"comment_status":"open","ping_status":"open","sticky":false,"template":"","format":"standard","meta":{"footnotes":""},"categories":[4,3],"tags":[],"class_list":["post-737","post","type-post","status-publish","format-standard","has-post-thumbnail","hentry","category-finanzas","category-gobierno"],"yoast_head":"<!-- This site is optimized with the Yoast SEO plugin v27.5 - https:\/\/yoast.com\/product\/yoast-seo-wordpress\/ -->\n<title>FORTALECE EDOM\u00c9X SU POTENCIAL PARA CONVERTIRSE EN CENTRO LOG\u00cdSTICO DEL PA\u00cdS - Expresso Metropolitano<\/title>\n<meta name=\"robots\" content=\"index, follow, max-snippet:-1, max-image-preview:large, max-video-preview:-1\" \/>\n<link rel=\"canonical\" href=\"https:\/\/expressometro.mx\/index.php\/2019\/09\/23\/fortalece-edomex-su-potencial-para-convertirse-en-centro-logistico-del-pais\/\" \/>\n<meta property=\"og:locale\" content=\"es_MX\" \/>\n<meta property=\"og:type\" content=\"article\" \/>\n<meta property=\"og:title\" content=\"FORTALECE EDOM\u00c9X SU POTENCIAL PARA CONVERTIRSE EN CENTRO LOG\u00cdSTICO DEL PA\u00cdS - Expresso Metropolitano\" \/>\n<meta property=\"og:description\" content=\"El Estado de M\u00e9xico fortalece su potencial para convertirse en centro log\u00edstico del pa\u00eds, gracias a las ventajas competitivas con las que cuenta, adem\u00e1s de que el Gobierno de la entidad tiene como prioridad generar las condiciones que permitan ofrecer oportunidades de desarrollo personal y profesional para los mexiquenses. As\u00ed lo afirm\u00f3 el titular de la Secretar\u00eda de Desarrollo Econ\u00f3mico (Sedeco), Enrique Jacob Rocha, durante la inauguraci\u00f3n del Centro de Distribuci\u00f3n (Cedis), de la Terminal Toltecas, de la empresa Tresguerras, donde acudi\u00f3 con la representaci\u00f3n del Gobernador Alfredo Del Mazo&hellip;\" \/>\n<meta property=\"og:url\" content=\"https:\/\/expressometro.mx\/index.php\/2019\/09\/23\/fortalece-edomex-su-potencial-para-convertirse-en-centro-logistico-del-pais\/\" \/>\n<meta property=\"og:site_name\" content=\"Expresso Metropolitano\" \/>\n<meta property=\"article:published_time\" content=\"2019-09-23T12:31:16+00:00\" \/>\n<meta property=\"article:modified_time\" content=\"2019-09-24T12:34:04+00:00\" \/>\n<meta property=\"og:image\" content=\"https:\/\/expressometro.mx\/wp-content\/uploads\/2019\/09\/F7A24C90-D5C9-49AD-8702-E8ECB8B1E6B7.jpeg\" \/>\n\t<meta property=\"og:image:width\" content=\"2048\" \/>\n\t<meta property=\"og:image:height\" content=\"1365\" \/>\n\t<meta property=\"og:image:type\" content=\"image\/jpeg\" \/>\n<meta name=\"author\" content=\"Expresso Metropolitano\" \/>\n<meta name=\"twitter:label1\" content=\"Escrito por\" \/>\n\t<meta name=\"twitter:data1\" content=\"Expresso Metropolitano\" \/>\n\t<meta name=\"twitter:label2\" content=\"Tiempo de lectura\" \/>\n\t<meta name=\"twitter:data2\" content=\"2 minutos\" \/>\n<script type=\"application\/ld+json\" class=\"yoast-schema-graph\">{\"@context\":\"https:\\\/\\\/schema.org\",\"@graph\":[{\"@type\":\"Article\",\"@id\":\"https:\\\/\\\/expressometro.mx\\\/index.php\\\/2019\\\/09\\\/23\\\/fortalece-edomex-su-potencial-para-convertirse-en-centro-logistico-del-pais\\\/#article\",\"isPartOf\":{\"@id\":\"https:\\\/\\\/expressometro.mx\\\/index.php\\\/2019\\\/09\\\/23\\\/fortalece-edomex-su-potencial-para-convertirse-en-centro-logistico-del-pais\\\/\"},\"author\":{\"name\":\"Expresso Metropolitano\",\"@id\":\"https:\\\/\\\/expressometro.mx\\\/#\\\/schema\\\/person\\\/efa971b4a0664db8ed5c22b1b0dd2f5d\"},\"headline\":\"FORTALECE EDOM\u00c9X SU POTENCIAL PARA CONVERTIRSE EN CENTRO LOG\u00cdSTICO DEL PA\u00cdS\",\"datePublished\":\"2019-09-23T12:31:16+00:00\",\"dateModified\":\"2019-09-24T12:34:04+00:00\",\"mainEntityOfPage\":{\"@id\":\"https:\\\/\\\/expressometro.mx\\\/index.php\\\/2019\\\/09\\\/23\\\/fortalece-edomex-su-potencial-para-convertirse-en-centro-logistico-del-pais\\\/\"},\"wordCount\":357,\"commentCount\":0,\"publisher\":{\"@id\":\"https:\\\/\\\/expressometro.mx\\\/#organization\"},\"image\":{\"@id\":\"https:\\\/\\\/expressometro.mx\\\/index.php\\\/2019\\\/09\\\/23\\\/fortalece-edomex-su-potencial-para-convertirse-en-centro-logistico-del-pais\\\/#primaryimage\"},\"thumbnailUrl\":\"https:\\\/\\\/expressometro.mx\\\/wp-content\\\/uploads\\\/2019\\\/09\\\/F7A24C90-D5C9-49AD-8702-E8ECB8B1E6B7.jpeg\",\"articleSection\":[\"Finanzas\",\"Gobierno\"],\"inLanguage\":\"es\",\"potentialAction\":[{\"@type\":\"CommentAction\",\"name\":\"Comment\",\"target\":[\"https:\\\/\\\/expressometro.mx\\\/index.php\\\/2019\\\/09\\\/23\\\/fortalece-edomex-su-potencial-para-convertirse-en-centro-logistico-del-pais\\\/#respond\"]}]},{\"@type\":\"WebPage\",\"@id\":\"https:\\\/\\\/expressometro.mx\\\/index.php\\\/2019\\\/09\\\/23\\\/fortalece-edomex-su-potencial-para-convertirse-en-centro-logistico-del-pais\\\/\",\"url\":\"https:\\\/\\\/expressometro.mx\\\/index.php\\\/2019\\\/09\\\/23\\\/fortalece-edomex-su-potencial-para-convertirse-en-centro-logistico-del-pais\\\/\",\"name\":\"FORTALECE EDOM\u00c9X SU POTENCIAL PARA CONVERTIRSE EN CENTRO LOG\u00cdSTICO DEL PA\u00cdS - Expresso Metropolitano\",\"isPartOf\":{\"@id\":\"https:\\\/\\\/expressometro.mx\\\/#website\"},\"primaryImageOfPage\":{\"@id\":\"https:\\\/\\\/expressometro.mx\\\/index.php\\\/2019\\\/09\\\/23\\\/fortalece-edomex-su-potencial-para-convertirse-en-centro-logistico-del-pais\\\/#primaryimage\"},\"image\":{\"@id\":\"https:\\\/\\\/expressometro.mx\\\/index.php\\\/2019\\\/09\\\/23\\\/fortalece-edomex-su-potencial-para-convertirse-en-centro-logistico-del-pais\\\/#primaryimage\"},\"thumbnailUrl\":\"https:\\\/\\\/expressometro.mx\\\/wp-content\\\/uploads\\\/2019\\\/09\\\/F7A24C90-D5C9-49AD-8702-E8ECB8B1E6B7.jpeg\",\"datePublished\":\"2019-09-23T12:31:16+00:00\",\"dateModified\":\"2019-09-24T12:34:04+00:00\",\"breadcrumb\":{\"@id\":\"https:\\\/\\\/expressometro.mx\\\/index.php\\\/2019\\\/09\\\/23\\\/fortalece-edomex-su-potencial-para-convertirse-en-centro-logistico-del-pais\\\/#breadcrumb\"},\"inLanguage\":\"es\",\"potentialAction\":[{\"@type\":\"ReadAction\",\"target\":[\"https:\\\/\\\/expressometro.mx\\\/index.php\\\/2019\\\/09\\\/23\\\/fortalece-edomex-su-potencial-para-convertirse-en-centro-logistico-del-pais\\\/\"]}]},{\"@type\":\"ImageObject\",\"inLanguage\":\"es\",\"@id\":\"https:\\\/\\\/expressometro.mx\\\/index.php\\\/2019\\\/09\\\/23\\\/fortalece-edomex-su-potencial-para-convertirse-en-centro-logistico-del-pais\\\/#primaryimage\",\"url\":\"https:\\\/\\\/expressometro.mx\\\/wp-content\\\/uploads\\\/2019\\\/09\\\/F7A24C90-D5C9-49AD-8702-E8ECB8B1E6B7.jpeg\",\"contentUrl\":\"https:\\\/\\\/expressometro.mx\\\/wp-content\\\/uploads\\\/2019\\\/09\\\/F7A24C90-D5C9-49AD-8702-E8ECB8B1E6B7.jpeg\",\"width\":2048,\"height\":1365},{\"@type\":\"BreadcrumbList\",\"@id\":\"https:\\\/\\\/expressometro.mx\\\/index.php\\\/2019\\\/09\\\/23\\\/fortalece-edomex-su-potencial-para-convertirse-en-centro-logistico-del-pais\\\/#breadcrumb\",\"itemListElement\":[{\"@type\":\"ListItem\",\"position\":1,\"name\":\"Inicio\",\"item\":\"https:\\\/\\\/expressometro.mx\\\/\"},{\"@type\":\"ListItem\",\"position\":2,\"name\":\"FORTALECE EDOM\u00c9X SU POTENCIAL PARA CONVERTIRSE EN CENTRO LOG\u00cdSTICO DEL PA\u00cdS\"}]},{\"@type\":\"WebSite\",\"@id\":\"https:\\\/\\\/expressometro.mx\\\/#website\",\"url\":\"https:\\\/\\\/expressometro.mx\\\/\",\"name\":\"Expresso Metropolitano\",\"description\":\"Periodismo comprometido, informaci\u00f3n, investigaci\u00f3n y an\u00e1lisis\",\"publisher\":{\"@id\":\"https:\\\/\\\/expressometro.mx\\\/#organization\"},\"potentialAction\":[{\"@type\":\"SearchAction\",\"target\":{\"@type\":\"EntryPoint\",\"urlTemplate\":\"https:\\\/\\\/expressometro.mx\\\/?s={search_term_string}\"},\"query-input\":{\"@type\":\"PropertyValueSpecification\",\"valueRequired\":true,\"valueName\":\"search_term_string\"}}],\"inLanguage\":\"es\"},{\"@type\":\"Organization\",\"@id\":\"https:\\\/\\\/expressometro.mx\\\/#organization\",\"name\":\"Expresso Metropolitano\",\"url\":\"https:\\\/\\\/expressometro.mx\\\/\",\"logo\":{\"@type\":\"ImageObject\",\"inLanguage\":\"es\",\"@id\":\"https:\\\/\\\/expressometro.mx\\\/#\\\/schema\\\/logo\\\/image\\\/\",\"url\":\"https:\\\/\\\/expressometro.mx\\\/wp-content\\\/uploads\\\/2019\\\/07\\\/cropped-Logo-Expresso-Metropolitano-1-1.jpeg\",\"contentUrl\":\"https:\\\/\\\/expressometro.mx\\\/wp-content\\\/uploads\\\/2019\\\/07\\\/cropped-Logo-Expresso-Metropolitano-1-1.jpeg\",\"width\":290,\"height\":73,\"caption\":\"Expresso Metropolitano\"},\"image\":{\"@id\":\"https:\\\/\\\/expressometro.mx\\\/#\\\/schema\\\/logo\\\/image\\\/\"}},{\"@type\":\"Person\",\"@id\":\"https:\\\/\\\/expressometro.mx\\\/#\\\/schema\\\/person\\\/efa971b4a0664db8ed5c22b1b0dd2f5d\",\"name\":\"Expresso Metropolitano\",\"image\":{\"@type\":\"ImageObject\",\"inLanguage\":\"es\",\"@id\":\"https:\\\/\\\/secure.gravatar.com\\\/avatar\\\/a89f802b8de18c6952f223c88d3d106e9e3679839f4e25a02f4a6cc2ae6ba3b3?s=96&d=mm&r=g\",\"url\":\"https:\\\/\\\/secure.gravatar.com\\\/avatar\\\/a89f802b8de18c6952f223c88d3d106e9e3679839f4e25a02f4a6cc2ae6ba3b3?s=96&d=mm&r=g\",\"contentUrl\":\"https:\\\/\\\/secure.gravatar.com\\\/avatar\\\/a89f802b8de18c6952f223c88d3d106e9e3679839f4e25a02f4a6cc2ae6ba3b3?s=96&d=mm&r=g\",\"caption\":\"Expresso Metropolitano\"},\"url\":\"https:\\\/\\\/expressometro.mx\\\/index.php\\\/author\\\/diego\\\/\"}]}<\/script>\n<!-- \/ Yoast SEO plugin. -->","yoast_head_json":{"title":"FORTALECE EDOM\u00c9X SU POTENCIAL PARA CONVERTIRSE EN CENTRO LOG\u00cdSTICO DEL PA\u00cdS - Expresso Metropolitano","robots":{"index":"index","follow":"follow","max-snippet":"max-snippet:-1","max-image-preview":"max-image-preview:large","max-video-preview":"max-video-preview:-1"},"canonical":"https:\/\/expressometro.mx\/index.php\/2019\/09\/23\/fortalece-edomex-su-potencial-para-convertirse-en-centro-logistico-del-pais\/","og_locale":"es_MX","og_type":"article","og_title":"FORTALECE EDOM\u00c9X SU POTENCIAL PARA CONVERTIRSE EN CENTRO LOG\u00cdSTICO DEL PA\u00cdS - Expresso Metropolitano","og_description":"El Estado de M\u00e9xico fortalece su potencial para convertirse en centro log\u00edstico del pa\u00eds, gracias a las ventajas competitivas con las que cuenta, adem\u00e1s de que el Gobierno de la entidad tiene como prioridad generar las condiciones que permitan ofrecer oportunidades de desarrollo personal y profesional para los mexiquenses. As\u00ed lo afirm\u00f3 el titular de la Secretar\u00eda de Desarrollo Econ\u00f3mico (Sedeco), Enrique Jacob Rocha, durante la inauguraci\u00f3n del Centro de Distribuci\u00f3n (Cedis), de la Terminal Toltecas, de la empresa Tresguerras, donde acudi\u00f3 con la representaci\u00f3n del Gobernador Alfredo Del Mazo&hellip;","og_url":"https:\/\/expressometro.mx\/index.php\/2019\/09\/23\/fortalece-edomex-su-potencial-para-convertirse-en-centro-logistico-del-pais\/","og_site_name":"Expresso Metropolitano","article_published_time":"2019-09-23T12:31:16+00:00","article_modified_time":"2019-09-24T12:34:04+00:00","og_image":[{"width":2048,"height":1365,"url":"https:\/\/expressometro.mx\/wp-content\/uploads\/2019\/09\/F7A24C90-D5C9-49AD-8702-E8ECB8B1E6B7.jpeg","type":"image\/jpeg"}],"author":"Expresso Metropolitano","twitter_misc":{"Escrito por":"Expresso Metropolitano","Tiempo de lectura":"2 minutos"},"schema":{"@context":"https:\/\/schema.org","@graph":[{"@type":"Article","@id":"https:\/\/expressometro.mx\/index.php\/2019\/09\/23\/fortalece-edomex-su-potencial-para-convertirse-en-centro-logistico-del-pais\/#article","isPartOf":{"@id":"https:\/\/expressometro.mx\/index.php\/2019\/09\/23\/fortalece-edomex-su-potencial-para-convertirse-en-centro-logistico-del-pais\/"},"author":{"name":"Expresso Metropolitano","@id":"https:\/\/expressometro.mx\/#\/schema\/person\/efa971b4a0664db8ed5c22b1b0dd2f5d"},"headline":"FORTALECE EDOM\u00c9X SU POTENCIAL PARA CONVERTIRSE EN CENTRO LOG\u00cdSTICO DEL PA\u00cdS","datePublished":"2019-09-23T12:31:16+00:00","dateModified":"2019-09-24T12:34:04+00:00","mainEntityOfPage":{"@id":"https:\/\/expressometro.mx\/index.php\/2019\/09\/23\/fortalece-edomex-su-potencial-para-convertirse-en-centro-logistico-del-pais\/"},"wordCount":357,"commentCount":0,"publisher":{"@id":"https:\/\/expressometro.mx\/#organization"},"image":{"@id":"https:\/\/expressometro.mx\/index.php\/2019\/09\/23\/fortalece-edomex-su-potencial-para-convertirse-en-centro-logistico-del-pais\/#primaryimage"},"thumbnailUrl":"https:\/\/expressometro.mx\/wp-content\/uploads\/2019\/09\/F7A24C90-D5C9-49AD-8702-E8ECB8B1E6B7.jpeg","articleSection":["Finanzas","Gobierno"],"inLanguage":"es","potentialAction":[{"@type":"CommentAction","name":"Comment","target":["https:\/\/expressometro.mx\/index.php\/2019\/09\/23\/fortalece-edomex-su-potencial-para-convertirse-en-centro-logistico-del-pais\/#respond"]}]},{"@type":"WebPage","@id":"https:\/\/expressometro.mx\/index.php\/2019\/09\/23\/fortalece-edomex-su-potencial-para-convertirse-en-centro-logistico-del-pais\/","url":"https:\/\/expressometro.mx\/index.php\/2019\/09\/23\/fortalece-edomex-su-potencial-para-convertirse-en-centro-logistico-del-pais\/","name":"FORTALECE EDOM\u00c9X SU POTENCIAL PARA CONVERTIRSE EN CENTRO LOG\u00cdSTICO DEL PA\u00cdS - Expresso Metropolitano","isPartOf":{"@id":"https:\/\/expressometro.mx\/#website"},"primaryImageOfPage":{"@id":"https:\/\/expressometro.mx\/index.php\/2019\/09\/23\/fortalece-edomex-su-potencial-para-convertirse-en-centro-logistico-del-pais\/#primaryimage"},"image":{"@id":"https:\/\/expressometro.mx\/index.php\/2019\/09\/23\/fortalece-edomex-su-potencial-para-convertirse-en-centro-logistico-del-pais\/#primaryimage"},"thumbnailUrl":"https:\/\/expressometro.mx\/wp-content\/uploads\/2019\/09\/F7A24C90-D5C9-49AD-8702-E8ECB8B1E6B7.jpeg","datePublished":"2019-09-23T12:31:16+00:00","dateModified":"2019-09-24T12:34:04+00:00","breadcrumb":{"@id":"https:\/\/expressometro.mx\/index.php\/2019\/09\/23\/fortalece-edomex-su-potencial-para-convertirse-en-centro-logistico-del-pais\/#breadcrumb"},"inLanguage":"es","potentialAction":[{"@type":"ReadAction","target":["https:\/\/expressometro.mx\/index.php\/2019\/09\/23\/fortalece-edomex-su-potencial-para-convertirse-en-centro-logistico-del-pais\/"]}]},{"@type":"ImageObject","inLanguage":"es","@id":"https:\/\/expressometro.mx\/index.php\/2019\/09\/23\/fortalece-edomex-su-potencial-para-convertirse-en-centro-logistico-del-pais\/#primaryimage","url":"https:\/\/expressometro.mx\/wp-content\/uploads\/2019\/09\/F7A24C90-D5C9-49AD-8702-E8ECB8B1E6B7.jpeg","contentUrl":"https:\/\/expressometro.mx\/wp-content\/uploads\/2019\/09\/F7A24C90-D5C9-49AD-8702-E8ECB8B1E6B7.jpeg","width":2048,"height":1365},{"@type":"BreadcrumbList","@id":"https:\/\/expressometro.mx\/index.php\/2019\/09\/23\/fortalece-edomex-su-potencial-para-convertirse-en-centro-logistico-del-pais\/#breadcrumb","itemListElement":[{"@type":"ListItem","position":1,"name":"Inicio","item":"https:\/\/expressometro.mx\/"},{"@type":"ListItem","position":2,"name":"FORTALECE EDOM\u00c9X SU POTENCIAL PARA CONVERTIRSE EN CENTRO LOG\u00cdSTICO DEL PA\u00cdS"}]},{"@type":"WebSite","@id":"https:\/\/expressometro.mx\/#website","url":"https:\/\/expressometro.mx\/","name":"Expresso Metropolitano","description":"Periodismo comprometido, informaci\u00f3n, investigaci\u00f3n y an\u00e1lisis","publisher":{"@id":"https:\/\/expressometro.mx\/#organization"},"potentialAction":[{"@type":"SearchAction","target":{"@type":"EntryPoint","urlTemplate":"https:\/\/expressometro.mx\/?s={search_term_string}"},"query-input":{"@type":"PropertyValueSpecification","valueRequired":true,"valueName":"search_term_string"}}],"inLanguage":"es"},{"@type":"Organization","@id":"https:\/\/expressometro.mx\/#organization","name":"Expresso Metropolitano","url":"https:\/\/expressometro.mx\/","logo":{"@type":"ImageObject","inLanguage":"es","@id":"https:\/\/expressometro.mx\/#\/schema\/logo\/image\/","url":"https:\/\/expressometro.mx\/wp-content\/uploads\/2019\/07\/cropped-Logo-Expresso-Metropolitano-1-1.jpeg","contentUrl":"https:\/\/expressometro.mx\/wp-content\/uploads\/2019\/07\/cropped-Logo-Expresso-Metropolitano-1-1.jpeg","width":290,"height":73,"caption":"Expresso Metropolitano"},"image":{"@id":"https:\/\/expressometro.mx\/#\/schema\/logo\/image\/"}},{"@type":"Person","@id":"https:\/\/expressometro.mx\/#\/schema\/person\/efa971b4a0664db8ed5c22b1b0dd2f5d","name":"Expresso Metropolitano","image":{"@type":"ImageObject","inLanguage":"es","@id":"https:\/\/secure.gravatar.com\/avatar\/a89f802b8de18c6952f223c88d3d106e9e3679839f4e25a02f4a6cc2ae6ba3b3?s=96&d=mm&r=g","url":"https:\/\/secure.gravatar.com\/avatar\/a89f802b8de18c6952f223c88d3d106e9e3679839f4e25a02f4a6cc2ae6ba3b3?s=96&d=mm&r=g","contentUrl":"https:\/\/secure.gravatar.com\/avatar\/a89f802b8de18c6952f223c88d3d106e9e3679839f4e25a02f4a6cc2ae6ba3b3?s=96&d=mm&r=g","caption":"Expresso Metropolitano"},"url":"https:\/\/expressometro.mx\/index.php\/author\/diego\/"}]}},"amp_enabled":true,"_links":{"self":[{"href":"https:\/\/expressometro.mx\/index.php\/wp-json\/wp\/v2\/posts\/737","targetHints":{"allow":["GET"]}}],"collection":[{"href":"https:\/\/expressometro.mx\/index.php\/wp-json\/wp\/v2\/posts"}],"about":[{"href":"https:\/\/expressometro.mx\/index.php\/wp-json\/wp\/v2\/types\/post"}],"author":[{"embeddable":true,"href":"https:\/\/expressometro.mx\/index.php\/wp-json\/wp\/v2\/users\/1"}],"replies":[{"embeddable":true,"href":"https:\/\/expressometro.mx\/index.php\/wp-json\/wp\/v2\/comments?post=737"}],"version-history":[{"count":1,"href":"https:\/\/expressometro.mx\/index.php\/wp-json\/wp\/v2\/posts\/737\/revisions"}],"predecessor-version":[{"id":739,"href":"https:\/\/expressometro.mx\/index.php\/wp-json\/wp\/v2\/posts\/737\/revisions\/739"}],"wp:featuredmedia":[{"embeddable":true,"href":"https:\/\/expressometro.mx\/index.php\/wp-json\/wp\/v2\/media\/738"}],"wp:attachment":[{"href":"https:\/\/expressometro.mx\/index.php\/wp-json\/wp\/v2\/media?parent=737"}],"wp:term":[{"taxonomy":"category","embeddable":true,"href":"https:\/\/expressometro.mx\/index.php\/wp-json\/wp\/v2\/categories?post=737"},{"taxonomy":"post_tag","embeddable":true,"href":"https:\/\/expressometro.mx\/index.php\/wp-json\/wp\/v2\/tags?post=737"}],"curies":[{"name":"wp","href":"https:\/\/api.w.org\/{rel}","templated":true}]}}