{"id":7322,"date":"2023-07-12T19:07:39","date_gmt":"2023-07-13T00:07:39","guid":{"rendered":"https:\/\/expressometro.mx\/?p=7322"},"modified":"2023-07-12T19:07:39","modified_gmt":"2023-07-13T00:07:39","slug":"avances-de-los-trabajos-en-el-parque-cultural-cerro-del-dios-tolo","status":"publish","type":"post","link":"https:\/\/expressometro.mx\/index.php\/2023\/07\/12\/avances-de-los-trabajos-en-el-parque-cultural-cerro-del-dios-tolo\/","title":{"rendered":"AVANCES DE LOS TRABAJOS EN EL \u201cPARQUE CULTURAL CERRO DEL DIOS TOLO\u201d"},"content":{"rendered":"\n<p><\/p>\n\n\n\n<p>El rector de la Universidad Aut\u00f3noma del Estado de M\u00e9xico (UAEM\u00e9x), Carlos Eduardo Barrera D\u00edaz, en compa\u00f1\u00eda del Alcalde de Toluca, Raymundo Mart\u00ednez Carbajal, encabezaron la reuni\u00f3n para presentar avances de los trabajos en el \u201cParque Cultural Cerro del Dios Tolo\u201d, junio 2022-junio 2023.<\/p>\n\n\n\n<p><\/p>\n\n\n\n<p>En el Torre\u00f3n de la Identidad Universitaria del Edificio de Rector\u00eda, la t\u00e9cnica Acad\u00e9mica del Centro Universitario UAEM Tenancingo, Rosa Guadalupe de la Pe\u00f1a Virchez, expuso los avances en materia de limpieza, marcado, an\u00e1lisis de superficie y prospecci\u00f3n arqueol\u00f3gica, as\u00ed como de las excavaciones extensivas y restauraciones arquitect\u00f3nicas de estructuras.<\/p>\n\n\n\n<p><\/p>\n\n\n\n<p>Asimismo, se dio a conocer la participaci\u00f3n por parte del Departamento de Conservaci\u00f3n y Restauraci\u00f3n de la UAEM\u00e9x para la restauraci\u00f3n, conservaci\u00f3n y embalaje de las piezas halladas durante las excavaciones, as\u00ed como de la participaci\u00f3n de la Facultad de Geograf\u00eda para la caracterizaci\u00f3n del territorio y los riesgos y de la Facultad de Qu\u00edmica en el an\u00e1lisis de materiales diversos.<\/p>\n\n\n\n<p><\/p>\n\n\n\n<p>Los avances de los trabajos en el \u201cParque Cultural Cerro del Dios Tolo\u201d son resultado de la coordinaci\u00f3n y colaboraci\u00f3n de un grupo interdisciplinario de especialistas de la UAEM\u00e9x y el Ayuntamiento de Toluca.<\/p>\n","protected":false},"excerpt":{"rendered":"<p>El rector de la Universidad Aut\u00f3noma del Estado de M\u00e9xico (UAEM\u00e9x), Carlos Eduardo Barrera D\u00edaz, en compa\u00f1\u00eda del Alcalde de Toluca, Raymundo Mart\u00ednez Carbajal, encabezaron la reuni\u00f3n para presentar avances de los trabajos en el \u201cParque Cultural Cerro del Dios Tolo\u201d, junio 2022-junio 2023.<\/p>\n","protected":false},"author":1,"featured_media":7324,"comment_status":"open","ping_status":"open","sticky":false,"template":"","format":"standard","meta":{"footnotes":""},"categories":[3,8,1],"tags":[313,219,78,82],"class_list":["post-7322","post","type-post","status-publish","format-standard","has-post-thumbnail","hentry","category-gobierno","category-medio-ambiente","category-otros","tag-carlos-eduardo-barrera-diaz","tag-raymundo-martinez","tag-toluca","tag-uaemex"],"yoast_head":"<!-- This site is optimized with the Yoast SEO plugin v27.5 - https:\/\/yoast.com\/product\/yoast-seo-wordpress\/ -->\n<title>AVANCES DE LOS TRABAJOS EN EL \u201cPARQUE CULTURAL CERRO DEL DIOS TOLO\u201d - Expresso Metropolitano<\/title>\n<meta name=\"robots\" content=\"index, follow, max-snippet:-1, max-image-preview:large, max-video-preview:-1\" \/>\n<link rel=\"canonical\" href=\"https:\/\/expressometro.mx\/index.php\/2023\/07\/12\/avances-de-los-trabajos-en-el-parque-cultural-cerro-del-dios-tolo\/\" \/>\n<meta property=\"og:locale\" content=\"es_MX\" \/>\n<meta property=\"og:type\" content=\"article\" \/>\n<meta property=\"og:title\" content=\"AVANCES DE LOS TRABAJOS EN EL \u201cPARQUE CULTURAL CERRO DEL DIOS TOLO\u201d - Expresso Metropolitano\" \/>\n<meta property=\"og:description\" content=\"El rector de la Universidad Aut\u00f3noma del Estado de M\u00e9xico (UAEM\u00e9x), Carlos Eduardo Barrera D\u00edaz, en compa\u00f1\u00eda del Alcalde de Toluca, Raymundo Mart\u00ednez Carbajal, encabezaron la reuni\u00f3n para presentar avances de los trabajos en el \u201cParque Cultural Cerro del Dios Tolo\u201d, junio 2022-junio 2023.\" \/>\n<meta property=\"og:url\" content=\"https:\/\/expressometro.mx\/index.php\/2023\/07\/12\/avances-de-los-trabajos-en-el-parque-cultural-cerro-del-dios-tolo\/\" \/>\n<meta property=\"og:site_name\" content=\"Expresso Metropolitano\" \/>\n<meta property=\"article:published_time\" content=\"2023-07-13T00:07:39+00:00\" \/>\n<meta property=\"og:image\" content=\"http:\/\/expressometro.mx\/wp-content\/uploads\/2023\/07\/UAEMex-Ayuntamiento-Toluca-1.jpg\" \/>\n\t<meta property=\"og:image:width\" content=\"2048\" \/>\n\t<meta property=\"og:image:height\" content=\"819\" \/>\n\t<meta property=\"og:image:type\" content=\"image\/jpeg\" \/>\n<meta name=\"author\" content=\"Expresso Metropolitano\" \/>\n<meta name=\"twitter:label1\" content=\"Escrito por\" \/>\n\t<meta name=\"twitter:data1\" content=\"Expresso Metropolitano\" \/>\n\t<meta name=\"twitter:label2\" content=\"Tiempo de lectura\" \/>\n\t<meta name=\"twitter:data2\" content=\"1 minuto\" \/>\n<script type=\"application\/ld+json\" class=\"yoast-schema-graph\">{\"@context\":\"https:\\\/\\\/schema.org\",\"@graph\":[{\"@type\":\"Article\",\"@id\":\"https:\\\/\\\/expressometro.mx\\\/index.php\\\/2023\\\/07\\\/12\\\/avances-de-los-trabajos-en-el-parque-cultural-cerro-del-dios-tolo\\\/#article\",\"isPartOf\":{\"@id\":\"https:\\\/\\\/expressometro.mx\\\/index.php\\\/2023\\\/07\\\/12\\\/avances-de-los-trabajos-en-el-parque-cultural-cerro-del-dios-tolo\\\/\"},\"author\":{\"name\":\"Expresso Metropolitano\",\"@id\":\"https:\\\/\\\/expressometro.mx\\\/#\\\/schema\\\/person\\\/efa971b4a0664db8ed5c22b1b0dd2f5d\"},\"headline\":\"AVANCES DE LOS TRABAJOS EN EL \u201cPARQUE CULTURAL CERRO DEL DIOS TOLO\u201d\",\"datePublished\":\"2023-07-13T00:07:39+00:00\",\"mainEntityOfPage\":{\"@id\":\"https:\\\/\\\/expressometro.mx\\\/index.php\\\/2023\\\/07\\\/12\\\/avances-de-los-trabajos-en-el-parque-cultural-cerro-del-dios-tolo\\\/\"},\"wordCount\":230,\"commentCount\":0,\"publisher\":{\"@id\":\"https:\\\/\\\/expressometro.mx\\\/#organization\"},\"image\":{\"@id\":\"https:\\\/\\\/expressometro.mx\\\/index.php\\\/2023\\\/07\\\/12\\\/avances-de-los-trabajos-en-el-parque-cultural-cerro-del-dios-tolo\\\/#primaryimage\"},\"thumbnailUrl\":\"https:\\\/\\\/expressometro.mx\\\/wp-content\\\/uploads\\\/2023\\\/07\\\/UAEMex-Ayuntamiento-Toluca-1.jpg\",\"keywords\":[\"Carlos Eduardo Barrera D\u00edaz\",\"Raymundo Mart\u00ednez\",\"toluca\",\"UAEMex\"],\"articleSection\":[\"Gobierno\",\"Medio ambiente\",\"Otros\"],\"inLanguage\":\"es\",\"potentialAction\":[{\"@type\":\"CommentAction\",\"name\":\"Comment\",\"target\":[\"https:\\\/\\\/expressometro.mx\\\/index.php\\\/2023\\\/07\\\/12\\\/avances-de-los-trabajos-en-el-parque-cultural-cerro-del-dios-tolo\\\/#respond\"]}]},{\"@type\":\"WebPage\",\"@id\":\"https:\\\/\\\/expressometro.mx\\\/index.php\\\/2023\\\/07\\\/12\\\/avances-de-los-trabajos-en-el-parque-cultural-cerro-del-dios-tolo\\\/\",\"url\":\"https:\\\/\\\/expressometro.mx\\\/index.php\\\/2023\\\/07\\\/12\\\/avances-de-los-trabajos-en-el-parque-cultural-cerro-del-dios-tolo\\\/\",\"name\":\"AVANCES DE LOS TRABAJOS EN EL \u201cPARQUE CULTURAL CERRO DEL DIOS TOLO\u201d - Expresso Metropolitano\",\"isPartOf\":{\"@id\":\"https:\\\/\\\/expressometro.mx\\\/#website\"},\"primaryImageOfPage\":{\"@id\":\"https:\\\/\\\/expressometro.mx\\\/index.php\\\/2023\\\/07\\\/12\\\/avances-de-los-trabajos-en-el-parque-cultural-cerro-del-dios-tolo\\\/#primaryimage\"},\"image\":{\"@id\":\"https:\\\/\\\/expressometro.mx\\\/index.php\\\/2023\\\/07\\\/12\\\/avances-de-los-trabajos-en-el-parque-cultural-cerro-del-dios-tolo\\\/#primaryimage\"},\"thumbnailUrl\":\"https:\\\/\\\/expressometro.mx\\\/wp-content\\\/uploads\\\/2023\\\/07\\\/UAEMex-Ayuntamiento-Toluca-1.jpg\",\"datePublished\":\"2023-07-13T00:07:39+00:00\",\"breadcrumb\":{\"@id\":\"https:\\\/\\\/expressometro.mx\\\/index.php\\\/2023\\\/07\\\/12\\\/avances-de-los-trabajos-en-el-parque-cultural-cerro-del-dios-tolo\\\/#breadcrumb\"},\"inLanguage\":\"es\",\"potentialAction\":[{\"@type\":\"ReadAction\",\"target\":[\"https:\\\/\\\/expressometro.mx\\\/index.php\\\/2023\\\/07\\\/12\\\/avances-de-los-trabajos-en-el-parque-cultural-cerro-del-dios-tolo\\\/\"]}]},{\"@type\":\"ImageObject\",\"inLanguage\":\"es\",\"@id\":\"https:\\\/\\\/expressometro.mx\\\/index.php\\\/2023\\\/07\\\/12\\\/avances-de-los-trabajos-en-el-parque-cultural-cerro-del-dios-tolo\\\/#primaryimage\",\"url\":\"https:\\\/\\\/expressometro.mx\\\/wp-content\\\/uploads\\\/2023\\\/07\\\/UAEMex-Ayuntamiento-Toluca-1.jpg\",\"contentUrl\":\"https:\\\/\\\/expressometro.mx\\\/wp-content\\\/uploads\\\/2023\\\/07\\\/UAEMex-Ayuntamiento-Toluca-1.jpg\",\"width\":2048,\"height\":819},{\"@type\":\"BreadcrumbList\",\"@id\":\"https:\\\/\\\/expressometro.mx\\\/index.php\\\/2023\\\/07\\\/12\\\/avances-de-los-trabajos-en-el-parque-cultural-cerro-del-dios-tolo\\\/#breadcrumb\",\"itemListElement\":[{\"@type\":\"ListItem\",\"position\":1,\"name\":\"Inicio\",\"item\":\"https:\\\/\\\/expressometro.mx\\\/\"},{\"@type\":\"ListItem\",\"position\":2,\"name\":\"AVANCES DE LOS TRABAJOS EN EL \u201cPARQUE CULTURAL CERRO DEL DIOS TOLO\u201d\"}]},{\"@type\":\"WebSite\",\"@id\":\"https:\\\/\\\/expressometro.mx\\\/#website\",\"url\":\"https:\\\/\\\/expressometro.mx\\\/\",\"name\":\"Expresso Metropolitano\",\"description\":\"Periodismo comprometido, informaci\u00f3n, investigaci\u00f3n y an\u00e1lisis\",\"publisher\":{\"@id\":\"https:\\\/\\\/expressometro.mx\\\/#organization\"},\"potentialAction\":[{\"@type\":\"SearchAction\",\"target\":{\"@type\":\"EntryPoint\",\"urlTemplate\":\"https:\\\/\\\/expressometro.mx\\\/?s={search_term_string}\"},\"query-input\":{\"@type\":\"PropertyValueSpecification\",\"valueRequired\":true,\"valueName\":\"search_term_string\"}}],\"inLanguage\":\"es\"},{\"@type\":\"Organization\",\"@id\":\"https:\\\/\\\/expressometro.mx\\\/#organization\",\"name\":\"Expresso Metropolitano\",\"url\":\"https:\\\/\\\/expressometro.mx\\\/\",\"logo\":{\"@type\":\"ImageObject\",\"inLanguage\":\"es\",\"@id\":\"https:\\\/\\\/expressometro.mx\\\/#\\\/schema\\\/logo\\\/image\\\/\",\"url\":\"https:\\\/\\\/expressometro.mx\\\/wp-content\\\/uploads\\\/2019\\\/07\\\/cropped-Logo-Expresso-Metropolitano-1-1.jpeg\",\"contentUrl\":\"https:\\\/\\\/expressometro.mx\\\/wp-content\\\/uploads\\\/2019\\\/07\\\/cropped-Logo-Expresso-Metropolitano-1-1.jpeg\",\"width\":290,\"height\":73,\"caption\":\"Expresso Metropolitano\"},\"image\":{\"@id\":\"https:\\\/\\\/expressometro.mx\\\/#\\\/schema\\\/logo\\\/image\\\/\"}},{\"@type\":\"Person\",\"@id\":\"https:\\\/\\\/expressometro.mx\\\/#\\\/schema\\\/person\\\/efa971b4a0664db8ed5c22b1b0dd2f5d\",\"name\":\"Expresso Metropolitano\",\"image\":{\"@type\":\"ImageObject\",\"inLanguage\":\"es\",\"@id\":\"https:\\\/\\\/secure.gravatar.com\\\/avatar\\\/a89f802b8de18c6952f223c88d3d106e9e3679839f4e25a02f4a6cc2ae6ba3b3?s=96&d=mm&r=g\",\"url\":\"https:\\\/\\\/secure.gravatar.com\\\/avatar\\\/a89f802b8de18c6952f223c88d3d106e9e3679839f4e25a02f4a6cc2ae6ba3b3?s=96&d=mm&r=g\",\"contentUrl\":\"https:\\\/\\\/secure.gravatar.com\\\/avatar\\\/a89f802b8de18c6952f223c88d3d106e9e3679839f4e25a02f4a6cc2ae6ba3b3?s=96&d=mm&r=g\",\"caption\":\"Expresso Metropolitano\"},\"url\":\"https:\\\/\\\/expressometro.mx\\\/index.php\\\/author\\\/diego\\\/\"}]}<\/script>\n<!-- \/ Yoast SEO plugin. -->","yoast_head_json":{"title":"AVANCES DE LOS TRABAJOS EN EL \u201cPARQUE CULTURAL CERRO DEL DIOS TOLO\u201d - Expresso Metropolitano","robots":{"index":"index","follow":"follow","max-snippet":"max-snippet:-1","max-image-preview":"max-image-preview:large","max-video-preview":"max-video-preview:-1"},"canonical":"https:\/\/expressometro.mx\/index.php\/2023\/07\/12\/avances-de-los-trabajos-en-el-parque-cultural-cerro-del-dios-tolo\/","og_locale":"es_MX","og_type":"article","og_title":"AVANCES DE LOS TRABAJOS EN EL \u201cPARQUE CULTURAL CERRO DEL DIOS TOLO\u201d - Expresso Metropolitano","og_description":"El rector de la Universidad Aut\u00f3noma del Estado de M\u00e9xico (UAEM\u00e9x), Carlos Eduardo Barrera D\u00edaz, en compa\u00f1\u00eda del Alcalde de Toluca, Raymundo Mart\u00ednez Carbajal, encabezaron la reuni\u00f3n para presentar avances de los trabajos en el \u201cParque Cultural Cerro del Dios Tolo\u201d, junio 2022-junio 2023.","og_url":"https:\/\/expressometro.mx\/index.php\/2023\/07\/12\/avances-de-los-trabajos-en-el-parque-cultural-cerro-del-dios-tolo\/","og_site_name":"Expresso Metropolitano","article_published_time":"2023-07-13T00:07:39+00:00","og_image":[{"width":2048,"height":819,"url":"http:\/\/expressometro.mx\/wp-content\/uploads\/2023\/07\/UAEMex-Ayuntamiento-Toluca-1.jpg","type":"image\/jpeg"}],"author":"Expresso Metropolitano","twitter_misc":{"Escrito por":"Expresso Metropolitano","Tiempo de lectura":"1 minuto"},"schema":{"@context":"https:\/\/schema.org","@graph":[{"@type":"Article","@id":"https:\/\/expressometro.mx\/index.php\/2023\/07\/12\/avances-de-los-trabajos-en-el-parque-cultural-cerro-del-dios-tolo\/#article","isPartOf":{"@id":"https:\/\/expressometro.mx\/index.php\/2023\/07\/12\/avances-de-los-trabajos-en-el-parque-cultural-cerro-del-dios-tolo\/"},"author":{"name":"Expresso Metropolitano","@id":"https:\/\/expressometro.mx\/#\/schema\/person\/efa971b4a0664db8ed5c22b1b0dd2f5d"},"headline":"AVANCES DE LOS TRABAJOS EN EL \u201cPARQUE CULTURAL CERRO DEL DIOS TOLO\u201d","datePublished":"2023-07-13T00:07:39+00:00","mainEntityOfPage":{"@id":"https:\/\/expressometro.mx\/index.php\/2023\/07\/12\/avances-de-los-trabajos-en-el-parque-cultural-cerro-del-dios-tolo\/"},"wordCount":230,"commentCount":0,"publisher":{"@id":"https:\/\/expressometro.mx\/#organization"},"image":{"@id":"https:\/\/expressometro.mx\/index.php\/2023\/07\/12\/avances-de-los-trabajos-en-el-parque-cultural-cerro-del-dios-tolo\/#primaryimage"},"thumbnailUrl":"https:\/\/expressometro.mx\/wp-content\/uploads\/2023\/07\/UAEMex-Ayuntamiento-Toluca-1.jpg","keywords":["Carlos Eduardo Barrera D\u00edaz","Raymundo Mart\u00ednez","toluca","UAEMex"],"articleSection":["Gobierno","Medio ambiente","Otros"],"inLanguage":"es","potentialAction":[{"@type":"CommentAction","name":"Comment","target":["https:\/\/expressometro.mx\/index.php\/2023\/07\/12\/avances-de-los-trabajos-en-el-parque-cultural-cerro-del-dios-tolo\/#respond"]}]},{"@type":"WebPage","@id":"https:\/\/expressometro.mx\/index.php\/2023\/07\/12\/avances-de-los-trabajos-en-el-parque-cultural-cerro-del-dios-tolo\/","url":"https:\/\/expressometro.mx\/index.php\/2023\/07\/12\/avances-de-los-trabajos-en-el-parque-cultural-cerro-del-dios-tolo\/","name":"AVANCES DE LOS TRABAJOS EN EL \u201cPARQUE CULTURAL CERRO DEL DIOS TOLO\u201d - Expresso Metropolitano","isPartOf":{"@id":"https:\/\/expressometro.mx\/#website"},"primaryImageOfPage":{"@id":"https:\/\/expressometro.mx\/index.php\/2023\/07\/12\/avances-de-los-trabajos-en-el-parque-cultural-cerro-del-dios-tolo\/#primaryimage"},"image":{"@id":"https:\/\/expressometro.mx\/index.php\/2023\/07\/12\/avances-de-los-trabajos-en-el-parque-cultural-cerro-del-dios-tolo\/#primaryimage"},"thumbnailUrl":"https:\/\/expressometro.mx\/wp-content\/uploads\/2023\/07\/UAEMex-Ayuntamiento-Toluca-1.jpg","datePublished":"2023-07-13T00:07:39+00:00","breadcrumb":{"@id":"https:\/\/expressometro.mx\/index.php\/2023\/07\/12\/avances-de-los-trabajos-en-el-parque-cultural-cerro-del-dios-tolo\/#breadcrumb"},"inLanguage":"es","potentialAction":[{"@type":"ReadAction","target":["https:\/\/expressometro.mx\/index.php\/2023\/07\/12\/avances-de-los-trabajos-en-el-parque-cultural-cerro-del-dios-tolo\/"]}]},{"@type":"ImageObject","inLanguage":"es","@id":"https:\/\/expressometro.mx\/index.php\/2023\/07\/12\/avances-de-los-trabajos-en-el-parque-cultural-cerro-del-dios-tolo\/#primaryimage","url":"https:\/\/expressometro.mx\/wp-content\/uploads\/2023\/07\/UAEMex-Ayuntamiento-Toluca-1.jpg","contentUrl":"https:\/\/expressometro.mx\/wp-content\/uploads\/2023\/07\/UAEMex-Ayuntamiento-Toluca-1.jpg","width":2048,"height":819},{"@type":"BreadcrumbList","@id":"https:\/\/expressometro.mx\/index.php\/2023\/07\/12\/avances-de-los-trabajos-en-el-parque-cultural-cerro-del-dios-tolo\/#breadcrumb","itemListElement":[{"@type":"ListItem","position":1,"name":"Inicio","item":"https:\/\/expressometro.mx\/"},{"@type":"ListItem","position":2,"name":"AVANCES DE LOS TRABAJOS EN EL \u201cPARQUE CULTURAL CERRO DEL DIOS TOLO\u201d"}]},{"@type":"WebSite","@id":"https:\/\/expressometro.mx\/#website","url":"https:\/\/expressometro.mx\/","name":"Expresso Metropolitano","description":"Periodismo comprometido, informaci\u00f3n, investigaci\u00f3n y an\u00e1lisis","publisher":{"@id":"https:\/\/expressometro.mx\/#organization"},"potentialAction":[{"@type":"SearchAction","target":{"@type":"EntryPoint","urlTemplate":"https:\/\/expressometro.mx\/?s={search_term_string}"},"query-input":{"@type":"PropertyValueSpecification","valueRequired":true,"valueName":"search_term_string"}}],"inLanguage":"es"},{"@type":"Organization","@id":"https:\/\/expressometro.mx\/#organization","name":"Expresso Metropolitano","url":"https:\/\/expressometro.mx\/","logo":{"@type":"ImageObject","inLanguage":"es","@id":"https:\/\/expressometro.mx\/#\/schema\/logo\/image\/","url":"https:\/\/expressometro.mx\/wp-content\/uploads\/2019\/07\/cropped-Logo-Expresso-Metropolitano-1-1.jpeg","contentUrl":"https:\/\/expressometro.mx\/wp-content\/uploads\/2019\/07\/cropped-Logo-Expresso-Metropolitano-1-1.jpeg","width":290,"height":73,"caption":"Expresso Metropolitano"},"image":{"@id":"https:\/\/expressometro.mx\/#\/schema\/logo\/image\/"}},{"@type":"Person","@id":"https:\/\/expressometro.mx\/#\/schema\/person\/efa971b4a0664db8ed5c22b1b0dd2f5d","name":"Expresso Metropolitano","image":{"@type":"ImageObject","inLanguage":"es","@id":"https:\/\/secure.gravatar.com\/avatar\/a89f802b8de18c6952f223c88d3d106e9e3679839f4e25a02f4a6cc2ae6ba3b3?s=96&d=mm&r=g","url":"https:\/\/secure.gravatar.com\/avatar\/a89f802b8de18c6952f223c88d3d106e9e3679839f4e25a02f4a6cc2ae6ba3b3?s=96&d=mm&r=g","contentUrl":"https:\/\/secure.gravatar.com\/avatar\/a89f802b8de18c6952f223c88d3d106e9e3679839f4e25a02f4a6cc2ae6ba3b3?s=96&d=mm&r=g","caption":"Expresso Metropolitano"},"url":"https:\/\/expressometro.mx\/index.php\/author\/diego\/"}]}},"amp_enabled":true,"_links":{"self":[{"href":"https:\/\/expressometro.mx\/index.php\/wp-json\/wp\/v2\/posts\/7322","targetHints":{"allow":["GET"]}}],"collection":[{"href":"https:\/\/expressometro.mx\/index.php\/wp-json\/wp\/v2\/posts"}],"about":[{"href":"https:\/\/expressometro.mx\/index.php\/wp-json\/wp\/v2\/types\/post"}],"author":[{"embeddable":true,"href":"https:\/\/expressometro.mx\/index.php\/wp-json\/wp\/v2\/users\/1"}],"replies":[{"embeddable":true,"href":"https:\/\/expressometro.mx\/index.php\/wp-json\/wp\/v2\/comments?post=7322"}],"version-history":[{"count":1,"href":"https:\/\/expressometro.mx\/index.php\/wp-json\/wp\/v2\/posts\/7322\/revisions"}],"predecessor-version":[{"id":7325,"href":"https:\/\/expressometro.mx\/index.php\/wp-json\/wp\/v2\/posts\/7322\/revisions\/7325"}],"wp:featuredmedia":[{"embeddable":true,"href":"https:\/\/expressometro.mx\/index.php\/wp-json\/wp\/v2\/media\/7324"}],"wp:attachment":[{"href":"https:\/\/expressometro.mx\/index.php\/wp-json\/wp\/v2\/media?parent=7322"}],"wp:term":[{"taxonomy":"category","embeddable":true,"href":"https:\/\/expressometro.mx\/index.php\/wp-json\/wp\/v2\/categories?post=7322"},{"taxonomy":"post_tag","embeddable":true,"href":"https:\/\/expressometro.mx\/index.php\/wp-json\/wp\/v2\/tags?post=7322"}],"curies":[{"name":"wp","href":"https:\/\/api.w.org\/{rel}","templated":true}]}}