{"id":7255,"date":"2023-03-17T06:40:35","date_gmt":"2023-03-17T12:40:35","guid":{"rendered":"https:\/\/expressometro.mx\/?p=7255"},"modified":"2023-06-27T07:02:05","modified_gmt":"2023-06-27T12:02:05","slug":"7255","status":"publish","type":"post","link":"https:\/\/expressometro.mx\/index.php\/2023\/03\/17\/7255\/","title":{"rendered":"AMPLIACION Y REHABILITACION DEL SISTEMA DE ALACANTARILLADO"},"content":{"rendered":"\n<p><\/p>\n\n\n\n<p><\/p>\n\n\n\n<p>El Presidente Municipal de Aculco, Jorge Osornio Victoria, llev\u00f3 a cabo, en compa\u00f1\u00eda de Jorge Joaqu\u00edn Gonz\u00e1lez Bezares, Vocal Ejecutivo de la Comisi\u00f3n de Agua del Estado de M\u00e9xico; de <a href=\"https:\/\/www.facebook.com\/AuroraGonzalezL?__cft__[0]=AZUkHrm_IjA9dpz23p-pn2G_Ri6UQ77SE_3OOCVXhChbWI9uPyOFjXY7phJmsUUq58pEOkXKVcyrk07Wcxqm0mYhuw3Pt71mh7ZkcH2jMh5HB3Zgfe3D8iRphXMxATQHNOzNT0ublcTc1R63cQX0z9YKJq6zzFBwOWDALRqKwmxwPEqIpnThyJrTfUDCXyHulWk&amp;__tn__=-]K-R\">Aurora Gonz\u00e1lez Ledezma<\/a>, Diputada Local y dem\u00e1s personalidades la recepci\u00f3n de la &#8220;Ampliaci\u00f3n y Rehabilitaci\u00f3n del Sistema de Alcantarillado&#8221; una obra que tiene como objetivo mejorar el servicio, evitar la contaminaci\u00f3n del municipio y un mejor manejo de las aguas residuales.<\/p>\n\n\n\n<p><\/p>\n","protected":false},"excerpt":{"rendered":"<p>El Presidente Municipal de Aculco, Jorge Osornio Victoria, llev\u00f3 a cabo, en compa\u00f1\u00eda de Jorge Joaqu\u00edn Gonz\u00e1lez Bezares, Vocal Ejecutivo de la Comisi\u00f3n de Agua del Estado de M\u00e9xico; de Aurora Gonz\u00e1lez Ledezma, Diputada Local y dem\u00e1s personalidades la recepci\u00f3n de la &#8220;Ampliaci\u00f3n y Rehabilitaci\u00f3n del Sistema de Alcantarillado&#8221; una obra que tiene como objetivo mejorar el servicio, evitar la contaminaci\u00f3n del municipio y un mejor manejo de las aguas residuales.<\/p>\n","protected":false},"author":1,"featured_media":7257,"comment_status":"open","ping_status":"open","sticky":false,"template":"","format":"standard","meta":{"footnotes":""},"categories":[3],"tags":[955,1982,954],"class_list":["post-7255","post","type-post","status-publish","format-standard","has-post-thumbnail","hentry","category-gobierno","tag-aculco","tag-edomex","tag-jorge-osornio"],"yoast_head":"<!-- This site is optimized with the Yoast SEO plugin v27.5 - https:\/\/yoast.com\/product\/yoast-seo-wordpress\/ -->\n<title>AMPLIACION Y REHABILITACION DEL SISTEMA DE ALACANTARILLADO - Expresso Metropolitano<\/title>\n<meta name=\"robots\" content=\"index, follow, max-snippet:-1, max-image-preview:large, max-video-preview:-1\" \/>\n<link rel=\"canonical\" href=\"https:\/\/expressometro.mx\/index.php\/2023\/03\/17\/7255\/\" \/>\n<meta property=\"og:locale\" content=\"es_MX\" \/>\n<meta property=\"og:type\" content=\"article\" \/>\n<meta property=\"og:title\" content=\"AMPLIACION Y REHABILITACION DEL SISTEMA DE ALACANTARILLADO - Expresso Metropolitano\" \/>\n<meta property=\"og:description\" content=\"El Presidente Municipal de Aculco, Jorge Osornio Victoria, llev\u00f3 a cabo, en compa\u00f1\u00eda de Jorge Joaqu\u00edn Gonz\u00e1lez Bezares, Vocal Ejecutivo de la Comisi\u00f3n de Agua del Estado de M\u00e9xico; de Aurora Gonz\u00e1lez Ledezma, Diputada Local y dem\u00e1s personalidades la recepci\u00f3n de la &#8220;Ampliaci\u00f3n y Rehabilitaci\u00f3n del Sistema de Alcantarillado&#8221; una obra que tiene como objetivo mejorar el servicio, evitar la contaminaci\u00f3n del municipio y un mejor manejo de las aguas residuales.\" \/>\n<meta property=\"og:url\" content=\"https:\/\/expressometro.mx\/index.php\/2023\/03\/17\/7255\/\" \/>\n<meta property=\"og:site_name\" content=\"Expresso Metropolitano\" \/>\n<meta property=\"article:published_time\" content=\"2023-03-17T12:40:35+00:00\" \/>\n<meta property=\"article:modified_time\" content=\"2023-06-27T12:02:05+00:00\" \/>\n<meta property=\"og:image\" content=\"http:\/\/expressometro.mx\/wp-content\/uploads\/2023\/06\/WhatsApp-Image-2023-06-27-at-5.46.04-AM.jpeg\" \/>\n\t<meta property=\"og:image:width\" content=\"831\" \/>\n\t<meta property=\"og:image:height\" content=\"430\" \/>\n\t<meta property=\"og:image:type\" content=\"image\/jpeg\" \/>\n<meta name=\"author\" content=\"Expresso Metropolitano\" \/>\n<meta name=\"twitter:label1\" content=\"Escrito por\" \/>\n\t<meta name=\"twitter:data1\" content=\"Expresso Metropolitano\" \/>\n\t<meta name=\"twitter:label2\" content=\"Tiempo de lectura\" \/>\n\t<meta name=\"twitter:data2\" content=\"1 minuto\" \/>\n<script type=\"application\/ld+json\" class=\"yoast-schema-graph\">{\"@context\":\"https:\\\/\\\/schema.org\",\"@graph\":[{\"@type\":\"Article\",\"@id\":\"https:\\\/\\\/expressometro.mx\\\/index.php\\\/2023\\\/03\\\/17\\\/7255\\\/#article\",\"isPartOf\":{\"@id\":\"https:\\\/\\\/expressometro.mx\\\/index.php\\\/2023\\\/03\\\/17\\\/7255\\\/\"},\"author\":{\"name\":\"Expresso Metropolitano\",\"@id\":\"https:\\\/\\\/expressometro.mx\\\/#\\\/schema\\\/person\\\/efa971b4a0664db8ed5c22b1b0dd2f5d\"},\"headline\":\"AMPLIACION Y REHABILITACION DEL SISTEMA DE ALACANTARILLADO\",\"datePublished\":\"2023-03-17T12:40:35+00:00\",\"dateModified\":\"2023-06-27T12:02:05+00:00\",\"mainEntityOfPage\":{\"@id\":\"https:\\\/\\\/expressometro.mx\\\/index.php\\\/2023\\\/03\\\/17\\\/7255\\\/\"},\"wordCount\":89,\"commentCount\":0,\"publisher\":{\"@id\":\"https:\\\/\\\/expressometro.mx\\\/#organization\"},\"image\":{\"@id\":\"https:\\\/\\\/expressometro.mx\\\/index.php\\\/2023\\\/03\\\/17\\\/7255\\\/#primaryimage\"},\"thumbnailUrl\":\"https:\\\/\\\/expressometro.mx\\\/wp-content\\\/uploads\\\/2023\\\/06\\\/WhatsApp-Image-2023-06-27-at-5.46.04-AM.jpeg\",\"keywords\":[\"Aculco\",\"Edomex\",\"Jorge Osornio\"],\"articleSection\":[\"Gobierno\"],\"inLanguage\":\"es\",\"potentialAction\":[{\"@type\":\"CommentAction\",\"name\":\"Comment\",\"target\":[\"https:\\\/\\\/expressometro.mx\\\/index.php\\\/2023\\\/03\\\/17\\\/7255\\\/#respond\"]}]},{\"@type\":\"WebPage\",\"@id\":\"https:\\\/\\\/expressometro.mx\\\/index.php\\\/2023\\\/03\\\/17\\\/7255\\\/\",\"url\":\"https:\\\/\\\/expressometro.mx\\\/index.php\\\/2023\\\/03\\\/17\\\/7255\\\/\",\"name\":\"AMPLIACION Y REHABILITACION DEL SISTEMA DE ALACANTARILLADO - Expresso Metropolitano\",\"isPartOf\":{\"@id\":\"https:\\\/\\\/expressometro.mx\\\/#website\"},\"primaryImageOfPage\":{\"@id\":\"https:\\\/\\\/expressometro.mx\\\/index.php\\\/2023\\\/03\\\/17\\\/7255\\\/#primaryimage\"},\"image\":{\"@id\":\"https:\\\/\\\/expressometro.mx\\\/index.php\\\/2023\\\/03\\\/17\\\/7255\\\/#primaryimage\"},\"thumbnailUrl\":\"https:\\\/\\\/expressometro.mx\\\/wp-content\\\/uploads\\\/2023\\\/06\\\/WhatsApp-Image-2023-06-27-at-5.46.04-AM.jpeg\",\"datePublished\":\"2023-03-17T12:40:35+00:00\",\"dateModified\":\"2023-06-27T12:02:05+00:00\",\"breadcrumb\":{\"@id\":\"https:\\\/\\\/expressometro.mx\\\/index.php\\\/2023\\\/03\\\/17\\\/7255\\\/#breadcrumb\"},\"inLanguage\":\"es\",\"potentialAction\":[{\"@type\":\"ReadAction\",\"target\":[\"https:\\\/\\\/expressometro.mx\\\/index.php\\\/2023\\\/03\\\/17\\\/7255\\\/\"]}]},{\"@type\":\"ImageObject\",\"inLanguage\":\"es\",\"@id\":\"https:\\\/\\\/expressometro.mx\\\/index.php\\\/2023\\\/03\\\/17\\\/7255\\\/#primaryimage\",\"url\":\"https:\\\/\\\/expressometro.mx\\\/wp-content\\\/uploads\\\/2023\\\/06\\\/WhatsApp-Image-2023-06-27-at-5.46.04-AM.jpeg\",\"contentUrl\":\"https:\\\/\\\/expressometro.mx\\\/wp-content\\\/uploads\\\/2023\\\/06\\\/WhatsApp-Image-2023-06-27-at-5.46.04-AM.jpeg\",\"width\":831,\"height\":430},{\"@type\":\"BreadcrumbList\",\"@id\":\"https:\\\/\\\/expressometro.mx\\\/index.php\\\/2023\\\/03\\\/17\\\/7255\\\/#breadcrumb\",\"itemListElement\":[{\"@type\":\"ListItem\",\"position\":1,\"name\":\"Inicio\",\"item\":\"https:\\\/\\\/expressometro.mx\\\/\"},{\"@type\":\"ListItem\",\"position\":2,\"name\":\"AMPLIACION Y REHABILITACION DEL SISTEMA DE ALACANTARILLADO\"}]},{\"@type\":\"WebSite\",\"@id\":\"https:\\\/\\\/expressometro.mx\\\/#website\",\"url\":\"https:\\\/\\\/expressometro.mx\\\/\",\"name\":\"Expresso Metropolitano\",\"description\":\"Periodismo comprometido, informaci\u00f3n, investigaci\u00f3n y an\u00e1lisis\",\"publisher\":{\"@id\":\"https:\\\/\\\/expressometro.mx\\\/#organization\"},\"potentialAction\":[{\"@type\":\"SearchAction\",\"target\":{\"@type\":\"EntryPoint\",\"urlTemplate\":\"https:\\\/\\\/expressometro.mx\\\/?s={search_term_string}\"},\"query-input\":{\"@type\":\"PropertyValueSpecification\",\"valueRequired\":true,\"valueName\":\"search_term_string\"}}],\"inLanguage\":\"es\"},{\"@type\":\"Organization\",\"@id\":\"https:\\\/\\\/expressometro.mx\\\/#organization\",\"name\":\"Expresso Metropolitano\",\"url\":\"https:\\\/\\\/expressometro.mx\\\/\",\"logo\":{\"@type\":\"ImageObject\",\"inLanguage\":\"es\",\"@id\":\"https:\\\/\\\/expressometro.mx\\\/#\\\/schema\\\/logo\\\/image\\\/\",\"url\":\"https:\\\/\\\/expressometro.mx\\\/wp-content\\\/uploads\\\/2019\\\/07\\\/cropped-Logo-Expresso-Metropolitano-1-1.jpeg\",\"contentUrl\":\"https:\\\/\\\/expressometro.mx\\\/wp-content\\\/uploads\\\/2019\\\/07\\\/cropped-Logo-Expresso-Metropolitano-1-1.jpeg\",\"width\":290,\"height\":73,\"caption\":\"Expresso Metropolitano\"},\"image\":{\"@id\":\"https:\\\/\\\/expressometro.mx\\\/#\\\/schema\\\/logo\\\/image\\\/\"}},{\"@type\":\"Person\",\"@id\":\"https:\\\/\\\/expressometro.mx\\\/#\\\/schema\\\/person\\\/efa971b4a0664db8ed5c22b1b0dd2f5d\",\"name\":\"Expresso Metropolitano\",\"image\":{\"@type\":\"ImageObject\",\"inLanguage\":\"es\",\"@id\":\"https:\\\/\\\/secure.gravatar.com\\\/avatar\\\/a89f802b8de18c6952f223c88d3d106e9e3679839f4e25a02f4a6cc2ae6ba3b3?s=96&d=mm&r=g\",\"url\":\"https:\\\/\\\/secure.gravatar.com\\\/avatar\\\/a89f802b8de18c6952f223c88d3d106e9e3679839f4e25a02f4a6cc2ae6ba3b3?s=96&d=mm&r=g\",\"contentUrl\":\"https:\\\/\\\/secure.gravatar.com\\\/avatar\\\/a89f802b8de18c6952f223c88d3d106e9e3679839f4e25a02f4a6cc2ae6ba3b3?s=96&d=mm&r=g\",\"caption\":\"Expresso Metropolitano\"},\"url\":\"https:\\\/\\\/expressometro.mx\\\/index.php\\\/author\\\/diego\\\/\"}]}<\/script>\n<!-- \/ Yoast SEO plugin. -->","yoast_head_json":{"title":"AMPLIACION Y REHABILITACION DEL SISTEMA DE ALACANTARILLADO - Expresso Metropolitano","robots":{"index":"index","follow":"follow","max-snippet":"max-snippet:-1","max-image-preview":"max-image-preview:large","max-video-preview":"max-video-preview:-1"},"canonical":"https:\/\/expressometro.mx\/index.php\/2023\/03\/17\/7255\/","og_locale":"es_MX","og_type":"article","og_title":"AMPLIACION Y REHABILITACION DEL SISTEMA DE ALACANTARILLADO - Expresso Metropolitano","og_description":"El Presidente Municipal de Aculco, Jorge Osornio Victoria, llev\u00f3 a cabo, en compa\u00f1\u00eda de Jorge Joaqu\u00edn Gonz\u00e1lez Bezares, Vocal Ejecutivo de la Comisi\u00f3n de Agua del Estado de M\u00e9xico; de Aurora Gonz\u00e1lez Ledezma, Diputada Local y dem\u00e1s personalidades la recepci\u00f3n de la &#8220;Ampliaci\u00f3n y Rehabilitaci\u00f3n del Sistema de Alcantarillado&#8221; una obra que tiene como objetivo mejorar el servicio, evitar la contaminaci\u00f3n del municipio y un mejor manejo de las aguas residuales.","og_url":"https:\/\/expressometro.mx\/index.php\/2023\/03\/17\/7255\/","og_site_name":"Expresso Metropolitano","article_published_time":"2023-03-17T12:40:35+00:00","article_modified_time":"2023-06-27T12:02:05+00:00","og_image":[{"width":831,"height":430,"url":"http:\/\/expressometro.mx\/wp-content\/uploads\/2023\/06\/WhatsApp-Image-2023-06-27-at-5.46.04-AM.jpeg","type":"image\/jpeg"}],"author":"Expresso Metropolitano","twitter_misc":{"Escrito por":"Expresso Metropolitano","Tiempo de lectura":"1 minuto"},"schema":{"@context":"https:\/\/schema.org","@graph":[{"@type":"Article","@id":"https:\/\/expressometro.mx\/index.php\/2023\/03\/17\/7255\/#article","isPartOf":{"@id":"https:\/\/expressometro.mx\/index.php\/2023\/03\/17\/7255\/"},"author":{"name":"Expresso Metropolitano","@id":"https:\/\/expressometro.mx\/#\/schema\/person\/efa971b4a0664db8ed5c22b1b0dd2f5d"},"headline":"AMPLIACION Y REHABILITACION DEL SISTEMA DE ALACANTARILLADO","datePublished":"2023-03-17T12:40:35+00:00","dateModified":"2023-06-27T12:02:05+00:00","mainEntityOfPage":{"@id":"https:\/\/expressometro.mx\/index.php\/2023\/03\/17\/7255\/"},"wordCount":89,"commentCount":0,"publisher":{"@id":"https:\/\/expressometro.mx\/#organization"},"image":{"@id":"https:\/\/expressometro.mx\/index.php\/2023\/03\/17\/7255\/#primaryimage"},"thumbnailUrl":"https:\/\/expressometro.mx\/wp-content\/uploads\/2023\/06\/WhatsApp-Image-2023-06-27-at-5.46.04-AM.jpeg","keywords":["Aculco","Edomex","Jorge Osornio"],"articleSection":["Gobierno"],"inLanguage":"es","potentialAction":[{"@type":"CommentAction","name":"Comment","target":["https:\/\/expressometro.mx\/index.php\/2023\/03\/17\/7255\/#respond"]}]},{"@type":"WebPage","@id":"https:\/\/expressometro.mx\/index.php\/2023\/03\/17\/7255\/","url":"https:\/\/expressometro.mx\/index.php\/2023\/03\/17\/7255\/","name":"AMPLIACION Y REHABILITACION DEL SISTEMA DE ALACANTARILLADO - Expresso Metropolitano","isPartOf":{"@id":"https:\/\/expressometro.mx\/#website"},"primaryImageOfPage":{"@id":"https:\/\/expressometro.mx\/index.php\/2023\/03\/17\/7255\/#primaryimage"},"image":{"@id":"https:\/\/expressometro.mx\/index.php\/2023\/03\/17\/7255\/#primaryimage"},"thumbnailUrl":"https:\/\/expressometro.mx\/wp-content\/uploads\/2023\/06\/WhatsApp-Image-2023-06-27-at-5.46.04-AM.jpeg","datePublished":"2023-03-17T12:40:35+00:00","dateModified":"2023-06-27T12:02:05+00:00","breadcrumb":{"@id":"https:\/\/expressometro.mx\/index.php\/2023\/03\/17\/7255\/#breadcrumb"},"inLanguage":"es","potentialAction":[{"@type":"ReadAction","target":["https:\/\/expressometro.mx\/index.php\/2023\/03\/17\/7255\/"]}]},{"@type":"ImageObject","inLanguage":"es","@id":"https:\/\/expressometro.mx\/index.php\/2023\/03\/17\/7255\/#primaryimage","url":"https:\/\/expressometro.mx\/wp-content\/uploads\/2023\/06\/WhatsApp-Image-2023-06-27-at-5.46.04-AM.jpeg","contentUrl":"https:\/\/expressometro.mx\/wp-content\/uploads\/2023\/06\/WhatsApp-Image-2023-06-27-at-5.46.04-AM.jpeg","width":831,"height":430},{"@type":"BreadcrumbList","@id":"https:\/\/expressometro.mx\/index.php\/2023\/03\/17\/7255\/#breadcrumb","itemListElement":[{"@type":"ListItem","position":1,"name":"Inicio","item":"https:\/\/expressometro.mx\/"},{"@type":"ListItem","position":2,"name":"AMPLIACION Y REHABILITACION DEL SISTEMA DE ALACANTARILLADO"}]},{"@type":"WebSite","@id":"https:\/\/expressometro.mx\/#website","url":"https:\/\/expressometro.mx\/","name":"Expresso Metropolitano","description":"Periodismo comprometido, informaci\u00f3n, investigaci\u00f3n y an\u00e1lisis","publisher":{"@id":"https:\/\/expressometro.mx\/#organization"},"potentialAction":[{"@type":"SearchAction","target":{"@type":"EntryPoint","urlTemplate":"https:\/\/expressometro.mx\/?s={search_term_string}"},"query-input":{"@type":"PropertyValueSpecification","valueRequired":true,"valueName":"search_term_string"}}],"inLanguage":"es"},{"@type":"Organization","@id":"https:\/\/expressometro.mx\/#organization","name":"Expresso Metropolitano","url":"https:\/\/expressometro.mx\/","logo":{"@type":"ImageObject","inLanguage":"es","@id":"https:\/\/expressometro.mx\/#\/schema\/logo\/image\/","url":"https:\/\/expressometro.mx\/wp-content\/uploads\/2019\/07\/cropped-Logo-Expresso-Metropolitano-1-1.jpeg","contentUrl":"https:\/\/expressometro.mx\/wp-content\/uploads\/2019\/07\/cropped-Logo-Expresso-Metropolitano-1-1.jpeg","width":290,"height":73,"caption":"Expresso Metropolitano"},"image":{"@id":"https:\/\/expressometro.mx\/#\/schema\/logo\/image\/"}},{"@type":"Person","@id":"https:\/\/expressometro.mx\/#\/schema\/person\/efa971b4a0664db8ed5c22b1b0dd2f5d","name":"Expresso Metropolitano","image":{"@type":"ImageObject","inLanguage":"es","@id":"https:\/\/secure.gravatar.com\/avatar\/a89f802b8de18c6952f223c88d3d106e9e3679839f4e25a02f4a6cc2ae6ba3b3?s=96&d=mm&r=g","url":"https:\/\/secure.gravatar.com\/avatar\/a89f802b8de18c6952f223c88d3d106e9e3679839f4e25a02f4a6cc2ae6ba3b3?s=96&d=mm&r=g","contentUrl":"https:\/\/secure.gravatar.com\/avatar\/a89f802b8de18c6952f223c88d3d106e9e3679839f4e25a02f4a6cc2ae6ba3b3?s=96&d=mm&r=g","caption":"Expresso Metropolitano"},"url":"https:\/\/expressometro.mx\/index.php\/author\/diego\/"}]}},"amp_enabled":true,"_links":{"self":[{"href":"https:\/\/expressometro.mx\/index.php\/wp-json\/wp\/v2\/posts\/7255","targetHints":{"allow":["GET"]}}],"collection":[{"href":"https:\/\/expressometro.mx\/index.php\/wp-json\/wp\/v2\/posts"}],"about":[{"href":"https:\/\/expressometro.mx\/index.php\/wp-json\/wp\/v2\/types\/post"}],"author":[{"embeddable":true,"href":"https:\/\/expressometro.mx\/index.php\/wp-json\/wp\/v2\/users\/1"}],"replies":[{"embeddable":true,"href":"https:\/\/expressometro.mx\/index.php\/wp-json\/wp\/v2\/comments?post=7255"}],"version-history":[{"count":2,"href":"https:\/\/expressometro.mx\/index.php\/wp-json\/wp\/v2\/posts\/7255\/revisions"}],"predecessor-version":[{"id":7261,"href":"https:\/\/expressometro.mx\/index.php\/wp-json\/wp\/v2\/posts\/7255\/revisions\/7261"}],"wp:featuredmedia":[{"embeddable":true,"href":"https:\/\/expressometro.mx\/index.php\/wp-json\/wp\/v2\/media\/7257"}],"wp:attachment":[{"href":"https:\/\/expressometro.mx\/index.php\/wp-json\/wp\/v2\/media?parent=7255"}],"wp:term":[{"taxonomy":"category","embeddable":true,"href":"https:\/\/expressometro.mx\/index.php\/wp-json\/wp\/v2\/categories?post=7255"},{"taxonomy":"post_tag","embeddable":true,"href":"https:\/\/expressometro.mx\/index.php\/wp-json\/wp\/v2\/tags?post=7255"}],"curies":[{"name":"wp","href":"https:\/\/api.w.org\/{rel}","templated":true}]}}