{"id":7250,"date":"2023-03-14T01:36:13","date_gmt":"2023-03-14T07:36:13","guid":{"rendered":"https:\/\/expressometro.mx\/?p=7250"},"modified":"2023-06-27T06:59:43","modified_gmt":"2023-06-27T11:59:43","slug":"26a-sesion-del-sistema-municipal-de-igualdad-de-trato-y-oportunidades-entre-mujeres-y-hombres-aculco","status":"publish","type":"post","link":"https:\/\/expressometro.mx\/index.php\/2023\/03\/14\/26a-sesion-del-sistema-municipal-de-igualdad-de-trato-y-oportunidades-entre-mujeres-y-hombres-aculco\/","title":{"rendered":"&#8220;26a SESI\u00d3N DEL SISTEMA MUNICIPAL DE IGUALDAD DE TRATO Y OPORTUNIDADES ENTRE MUJERES Y HOMBRES&#8221;, Aculco"},"content":{"rendered":"\n<p><\/p>\n\n\n\n<p>Se llev\u00f3 a cabo la &#8220;26a Sesi\u00f3n del Sistema Municipal de Igualdad de Trato y Oportunidades Entre Mujeres y Hombres&#8221; en compa\u00f1\u00eda de la Lic. Diana Vel\u00e1zquez S\u00e1nchez Secretaria Ejecutiva del Sistema Estatal para la igualdad de Trato y Oportunidades Entre Mujeres y Hombres, Directora General de Perspectiva de Genero de la Secretar\u00eda de las Mujeres, a quien agradecemos por su atenci\u00f3n.<\/p>\n\n\n\n<p><\/p>\n\n\n\n<p>Para el Presidente Municipal de Aculco, Jorge Alfredo Osornio Victoria, es de suma importancia el ejercicio de la igualdad como un derecho humano que garantiza que todas las personas sean iguales en el goce y ejercicio de sus derechos, en todas las comunidades que integran este maravilloso municipio.<\/p>\n\n\n\n<p><\/p>\n\n\n\n<p>De esta manera, se&nbsp;lograr\u00e1 que todas las personas reciban un trato justo y de respeto a la dignidad humana y sus derechos. El Presidente tambi\u00e9n destac\u00f3, que la igualdad tiene&nbsp;beneficios&nbsp;directos tambi\u00e9n para los hombres, porque ser un hombre igualitario favorece el crecimiento personal, aumenta la autoestima y potencia la calidad de las relaciones, tanto con las mujeres&nbsp;como&nbsp;con otros hombres, a la vez que mejora la salud de los hombres y aumenta su esperanza de vida.<\/p>\n","protected":false},"excerpt":{"rendered":"<p>Se llev\u00f3 a cabo la &#8220;26a Sesi\u00f3n del Sistema Municipal de Igualdad de Trato y Oportunidades Entre Mujeres y Hombres&#8221; en compa\u00f1\u00eda de la Lic. Diana Vel\u00e1zquez S\u00e1nchez Secretaria Ejecutiva del Sistema Estatal para la igualdad de Trato y Oportunidades Entre Mujeres y Hombres, Directora General de Perspectiva de Genero de la Secretar\u00eda de las Mujeres, a quien agradecemos por su atenci\u00f3n.<\/p>\n","protected":false},"author":1,"featured_media":7252,"comment_status":"open","ping_status":"open","sticky":false,"template":"","format":"standard","meta":{"footnotes":""},"categories":[11,108,3,104,231],"tags":[955,1982,954],"class_list":["post-7250","post","type-post","status-publish","format-standard","has-post-thumbnail","hentry","category-cultura","category-educacion","category-gobierno","category-internacional","category-politica","tag-aculco","tag-edomex","tag-jorge-osornio"],"yoast_head":"<!-- This site is optimized with the Yoast SEO plugin v27.5 - https:\/\/yoast.com\/product\/yoast-seo-wordpress\/ -->\n<title>&quot;26a SESI\u00d3N DEL SISTEMA MUNICIPAL DE IGUALDAD DE TRATO Y OPORTUNIDADES ENTRE MUJERES Y HOMBRES&quot;, Aculco - Expresso Metropolitano<\/title>\n<meta name=\"robots\" content=\"index, follow, max-snippet:-1, max-image-preview:large, max-video-preview:-1\" \/>\n<link rel=\"canonical\" href=\"https:\/\/expressometro.mx\/index.php\/2023\/03\/14\/26a-sesion-del-sistema-municipal-de-igualdad-de-trato-y-oportunidades-entre-mujeres-y-hombres-aculco\/\" \/>\n<meta property=\"og:locale\" content=\"es_MX\" \/>\n<meta property=\"og:type\" content=\"article\" \/>\n<meta property=\"og:title\" content=\"&quot;26a SESI\u00d3N DEL SISTEMA MUNICIPAL DE IGUALDAD DE TRATO Y OPORTUNIDADES ENTRE MUJERES Y HOMBRES&quot;, Aculco - Expresso Metropolitano\" \/>\n<meta property=\"og:description\" content=\"Se llev\u00f3 a cabo la &quot;26a Sesi\u00f3n del Sistema Municipal de Igualdad de Trato y Oportunidades Entre Mujeres y Hombres&quot; en compa\u00f1\u00eda de la Lic. Diana Vel\u00e1zquez S\u00e1nchez Secretaria Ejecutiva del Sistema Estatal para la igualdad de Trato y Oportunidades Entre Mujeres y Hombres, Directora General de Perspectiva de Genero de la Secretar\u00eda de las Mujeres, a quien agradecemos por su atenci\u00f3n.\" \/>\n<meta property=\"og:url\" content=\"https:\/\/expressometro.mx\/index.php\/2023\/03\/14\/26a-sesion-del-sistema-municipal-de-igualdad-de-trato-y-oportunidades-entre-mujeres-y-hombres-aculco\/\" \/>\n<meta property=\"og:site_name\" content=\"Expresso Metropolitano\" \/>\n<meta property=\"article:published_time\" content=\"2023-03-14T07:36:13+00:00\" \/>\n<meta property=\"article:modified_time\" content=\"2023-06-27T11:59:43+00:00\" \/>\n<meta property=\"og:image\" content=\"http:\/\/expressometro.mx\/wp-content\/uploads\/2023\/06\/WhatsApp-Image-2023-06-27-at-1.18.43-AM.jpeg\" \/>\n\t<meta property=\"og:image:width\" content=\"755\" \/>\n\t<meta property=\"og:image:height\" content=\"429\" \/>\n\t<meta property=\"og:image:type\" content=\"image\/jpeg\" \/>\n<meta name=\"author\" content=\"Expresso Metropolitano\" \/>\n<meta name=\"twitter:label1\" content=\"Escrito por\" \/>\n\t<meta name=\"twitter:data1\" content=\"Expresso Metropolitano\" \/>\n\t<meta name=\"twitter:label2\" content=\"Tiempo de lectura\" \/>\n\t<meta name=\"twitter:data2\" content=\"1 minuto\" \/>\n<script type=\"application\/ld+json\" class=\"yoast-schema-graph\">{\"@context\":\"https:\\\/\\\/schema.org\",\"@graph\":[{\"@type\":\"Article\",\"@id\":\"https:\\\/\\\/expressometro.mx\\\/index.php\\\/2023\\\/03\\\/14\\\/26a-sesion-del-sistema-municipal-de-igualdad-de-trato-y-oportunidades-entre-mujeres-y-hombres-aculco\\\/#article\",\"isPartOf\":{\"@id\":\"https:\\\/\\\/expressometro.mx\\\/index.php\\\/2023\\\/03\\\/14\\\/26a-sesion-del-sistema-municipal-de-igualdad-de-trato-y-oportunidades-entre-mujeres-y-hombres-aculco\\\/\"},\"author\":{\"name\":\"Expresso Metropolitano\",\"@id\":\"https:\\\/\\\/expressometro.mx\\\/#\\\/schema\\\/person\\\/efa971b4a0664db8ed5c22b1b0dd2f5d\"},\"headline\":\"&#8220;26a SESI\u00d3N DEL SISTEMA MUNICIPAL DE IGUALDAD DE TRATO Y OPORTUNIDADES ENTRE MUJERES Y HOMBRES&#8221;, Aculco\",\"datePublished\":\"2023-03-14T07:36:13+00:00\",\"dateModified\":\"2023-06-27T11:59:43+00:00\",\"mainEntityOfPage\":{\"@id\":\"https:\\\/\\\/expressometro.mx\\\/index.php\\\/2023\\\/03\\\/14\\\/26a-sesion-del-sistema-municipal-de-igualdad-de-trato-y-oportunidades-entre-mujeres-y-hombres-aculco\\\/\"},\"wordCount\":220,\"commentCount\":0,\"publisher\":{\"@id\":\"https:\\\/\\\/expressometro.mx\\\/#organization\"},\"image\":{\"@id\":\"https:\\\/\\\/expressometro.mx\\\/index.php\\\/2023\\\/03\\\/14\\\/26a-sesion-del-sistema-municipal-de-igualdad-de-trato-y-oportunidades-entre-mujeres-y-hombres-aculco\\\/#primaryimage\"},\"thumbnailUrl\":\"https:\\\/\\\/expressometro.mx\\\/wp-content\\\/uploads\\\/2023\\\/06\\\/WhatsApp-Image-2023-06-27-at-1.18.43-AM.jpeg\",\"keywords\":[\"Aculco\",\"Edomex\",\"Jorge Osornio\"],\"articleSection\":[\"Cultura\",\"Educaci\u00f3n\",\"Gobierno\",\"Internacional\",\"Pol\u00edtica\"],\"inLanguage\":\"es\",\"potentialAction\":[{\"@type\":\"CommentAction\",\"name\":\"Comment\",\"target\":[\"https:\\\/\\\/expressometro.mx\\\/index.php\\\/2023\\\/03\\\/14\\\/26a-sesion-del-sistema-municipal-de-igualdad-de-trato-y-oportunidades-entre-mujeres-y-hombres-aculco\\\/#respond\"]}]},{\"@type\":\"WebPage\",\"@id\":\"https:\\\/\\\/expressometro.mx\\\/index.php\\\/2023\\\/03\\\/14\\\/26a-sesion-del-sistema-municipal-de-igualdad-de-trato-y-oportunidades-entre-mujeres-y-hombres-aculco\\\/\",\"url\":\"https:\\\/\\\/expressometro.mx\\\/index.php\\\/2023\\\/03\\\/14\\\/26a-sesion-del-sistema-municipal-de-igualdad-de-trato-y-oportunidades-entre-mujeres-y-hombres-aculco\\\/\",\"name\":\"\\\"26a SESI\u00d3N DEL SISTEMA MUNICIPAL DE IGUALDAD DE TRATO Y OPORTUNIDADES ENTRE MUJERES Y HOMBRES\\\", Aculco - Expresso Metropolitano\",\"isPartOf\":{\"@id\":\"https:\\\/\\\/expressometro.mx\\\/#website\"},\"primaryImageOfPage\":{\"@id\":\"https:\\\/\\\/expressometro.mx\\\/index.php\\\/2023\\\/03\\\/14\\\/26a-sesion-del-sistema-municipal-de-igualdad-de-trato-y-oportunidades-entre-mujeres-y-hombres-aculco\\\/#primaryimage\"},\"image\":{\"@id\":\"https:\\\/\\\/expressometro.mx\\\/index.php\\\/2023\\\/03\\\/14\\\/26a-sesion-del-sistema-municipal-de-igualdad-de-trato-y-oportunidades-entre-mujeres-y-hombres-aculco\\\/#primaryimage\"},\"thumbnailUrl\":\"https:\\\/\\\/expressometro.mx\\\/wp-content\\\/uploads\\\/2023\\\/06\\\/WhatsApp-Image-2023-06-27-at-1.18.43-AM.jpeg\",\"datePublished\":\"2023-03-14T07:36:13+00:00\",\"dateModified\":\"2023-06-27T11:59:43+00:00\",\"breadcrumb\":{\"@id\":\"https:\\\/\\\/expressometro.mx\\\/index.php\\\/2023\\\/03\\\/14\\\/26a-sesion-del-sistema-municipal-de-igualdad-de-trato-y-oportunidades-entre-mujeres-y-hombres-aculco\\\/#breadcrumb\"},\"inLanguage\":\"es\",\"potentialAction\":[{\"@type\":\"ReadAction\",\"target\":[\"https:\\\/\\\/expressometro.mx\\\/index.php\\\/2023\\\/03\\\/14\\\/26a-sesion-del-sistema-municipal-de-igualdad-de-trato-y-oportunidades-entre-mujeres-y-hombres-aculco\\\/\"]}]},{\"@type\":\"ImageObject\",\"inLanguage\":\"es\",\"@id\":\"https:\\\/\\\/expressometro.mx\\\/index.php\\\/2023\\\/03\\\/14\\\/26a-sesion-del-sistema-municipal-de-igualdad-de-trato-y-oportunidades-entre-mujeres-y-hombres-aculco\\\/#primaryimage\",\"url\":\"https:\\\/\\\/expressometro.mx\\\/wp-content\\\/uploads\\\/2023\\\/06\\\/WhatsApp-Image-2023-06-27-at-1.18.43-AM.jpeg\",\"contentUrl\":\"https:\\\/\\\/expressometro.mx\\\/wp-content\\\/uploads\\\/2023\\\/06\\\/WhatsApp-Image-2023-06-27-at-1.18.43-AM.jpeg\",\"width\":755,\"height\":429},{\"@type\":\"BreadcrumbList\",\"@id\":\"https:\\\/\\\/expressometro.mx\\\/index.php\\\/2023\\\/03\\\/14\\\/26a-sesion-del-sistema-municipal-de-igualdad-de-trato-y-oportunidades-entre-mujeres-y-hombres-aculco\\\/#breadcrumb\",\"itemListElement\":[{\"@type\":\"ListItem\",\"position\":1,\"name\":\"Inicio\",\"item\":\"https:\\\/\\\/expressometro.mx\\\/\"},{\"@type\":\"ListItem\",\"position\":2,\"name\":\"&#8220;26a SESI\u00d3N DEL SISTEMA MUNICIPAL DE IGUALDAD DE TRATO Y OPORTUNIDADES ENTRE MUJERES Y HOMBRES&#8221;, Aculco\"}]},{\"@type\":\"WebSite\",\"@id\":\"https:\\\/\\\/expressometro.mx\\\/#website\",\"url\":\"https:\\\/\\\/expressometro.mx\\\/\",\"name\":\"Expresso Metropolitano\",\"description\":\"Periodismo comprometido, informaci\u00f3n, investigaci\u00f3n y an\u00e1lisis\",\"publisher\":{\"@id\":\"https:\\\/\\\/expressometro.mx\\\/#organization\"},\"potentialAction\":[{\"@type\":\"SearchAction\",\"target\":{\"@type\":\"EntryPoint\",\"urlTemplate\":\"https:\\\/\\\/expressometro.mx\\\/?s={search_term_string}\"},\"query-input\":{\"@type\":\"PropertyValueSpecification\",\"valueRequired\":true,\"valueName\":\"search_term_string\"}}],\"inLanguage\":\"es\"},{\"@type\":\"Organization\",\"@id\":\"https:\\\/\\\/expressometro.mx\\\/#organization\",\"name\":\"Expresso Metropolitano\",\"url\":\"https:\\\/\\\/expressometro.mx\\\/\",\"logo\":{\"@type\":\"ImageObject\",\"inLanguage\":\"es\",\"@id\":\"https:\\\/\\\/expressometro.mx\\\/#\\\/schema\\\/logo\\\/image\\\/\",\"url\":\"https:\\\/\\\/expressometro.mx\\\/wp-content\\\/uploads\\\/2019\\\/07\\\/cropped-Logo-Expresso-Metropolitano-1-1.jpeg\",\"contentUrl\":\"https:\\\/\\\/expressometro.mx\\\/wp-content\\\/uploads\\\/2019\\\/07\\\/cropped-Logo-Expresso-Metropolitano-1-1.jpeg\",\"width\":290,\"height\":73,\"caption\":\"Expresso Metropolitano\"},\"image\":{\"@id\":\"https:\\\/\\\/expressometro.mx\\\/#\\\/schema\\\/logo\\\/image\\\/\"}},{\"@type\":\"Person\",\"@id\":\"https:\\\/\\\/expressometro.mx\\\/#\\\/schema\\\/person\\\/efa971b4a0664db8ed5c22b1b0dd2f5d\",\"name\":\"Expresso Metropolitano\",\"image\":{\"@type\":\"ImageObject\",\"inLanguage\":\"es\",\"@id\":\"https:\\\/\\\/secure.gravatar.com\\\/avatar\\\/a89f802b8de18c6952f223c88d3d106e9e3679839f4e25a02f4a6cc2ae6ba3b3?s=96&d=mm&r=g\",\"url\":\"https:\\\/\\\/secure.gravatar.com\\\/avatar\\\/a89f802b8de18c6952f223c88d3d106e9e3679839f4e25a02f4a6cc2ae6ba3b3?s=96&d=mm&r=g\",\"contentUrl\":\"https:\\\/\\\/secure.gravatar.com\\\/avatar\\\/a89f802b8de18c6952f223c88d3d106e9e3679839f4e25a02f4a6cc2ae6ba3b3?s=96&d=mm&r=g\",\"caption\":\"Expresso Metropolitano\"},\"url\":\"https:\\\/\\\/expressometro.mx\\\/index.php\\\/author\\\/diego\\\/\"}]}<\/script>\n<!-- \/ Yoast SEO plugin. -->","yoast_head_json":{"title":"\"26a SESI\u00d3N DEL SISTEMA MUNICIPAL DE IGUALDAD DE TRATO Y OPORTUNIDADES ENTRE MUJERES Y HOMBRES\", Aculco - Expresso Metropolitano","robots":{"index":"index","follow":"follow","max-snippet":"max-snippet:-1","max-image-preview":"max-image-preview:large","max-video-preview":"max-video-preview:-1"},"canonical":"https:\/\/expressometro.mx\/index.php\/2023\/03\/14\/26a-sesion-del-sistema-municipal-de-igualdad-de-trato-y-oportunidades-entre-mujeres-y-hombres-aculco\/","og_locale":"es_MX","og_type":"article","og_title":"\"26a SESI\u00d3N DEL SISTEMA MUNICIPAL DE IGUALDAD DE TRATO Y OPORTUNIDADES ENTRE MUJERES Y HOMBRES\", Aculco - Expresso Metropolitano","og_description":"Se llev\u00f3 a cabo la \"26a Sesi\u00f3n del Sistema Municipal de Igualdad de Trato y Oportunidades Entre Mujeres y Hombres\" en compa\u00f1\u00eda de la Lic. Diana Vel\u00e1zquez S\u00e1nchez Secretaria Ejecutiva del Sistema Estatal para la igualdad de Trato y Oportunidades Entre Mujeres y Hombres, Directora General de Perspectiva de Genero de la Secretar\u00eda de las Mujeres, a quien agradecemos por su atenci\u00f3n.","og_url":"https:\/\/expressometro.mx\/index.php\/2023\/03\/14\/26a-sesion-del-sistema-municipal-de-igualdad-de-trato-y-oportunidades-entre-mujeres-y-hombres-aculco\/","og_site_name":"Expresso Metropolitano","article_published_time":"2023-03-14T07:36:13+00:00","article_modified_time":"2023-06-27T11:59:43+00:00","og_image":[{"width":755,"height":429,"url":"http:\/\/expressometro.mx\/wp-content\/uploads\/2023\/06\/WhatsApp-Image-2023-06-27-at-1.18.43-AM.jpeg","type":"image\/jpeg"}],"author":"Expresso Metropolitano","twitter_misc":{"Escrito por":"Expresso Metropolitano","Tiempo de lectura":"1 minuto"},"schema":{"@context":"https:\/\/schema.org","@graph":[{"@type":"Article","@id":"https:\/\/expressometro.mx\/index.php\/2023\/03\/14\/26a-sesion-del-sistema-municipal-de-igualdad-de-trato-y-oportunidades-entre-mujeres-y-hombres-aculco\/#article","isPartOf":{"@id":"https:\/\/expressometro.mx\/index.php\/2023\/03\/14\/26a-sesion-del-sistema-municipal-de-igualdad-de-trato-y-oportunidades-entre-mujeres-y-hombres-aculco\/"},"author":{"name":"Expresso Metropolitano","@id":"https:\/\/expressometro.mx\/#\/schema\/person\/efa971b4a0664db8ed5c22b1b0dd2f5d"},"headline":"&#8220;26a SESI\u00d3N DEL SISTEMA MUNICIPAL DE IGUALDAD DE TRATO Y OPORTUNIDADES ENTRE MUJERES Y HOMBRES&#8221;, Aculco","datePublished":"2023-03-14T07:36:13+00:00","dateModified":"2023-06-27T11:59:43+00:00","mainEntityOfPage":{"@id":"https:\/\/expressometro.mx\/index.php\/2023\/03\/14\/26a-sesion-del-sistema-municipal-de-igualdad-de-trato-y-oportunidades-entre-mujeres-y-hombres-aculco\/"},"wordCount":220,"commentCount":0,"publisher":{"@id":"https:\/\/expressometro.mx\/#organization"},"image":{"@id":"https:\/\/expressometro.mx\/index.php\/2023\/03\/14\/26a-sesion-del-sistema-municipal-de-igualdad-de-trato-y-oportunidades-entre-mujeres-y-hombres-aculco\/#primaryimage"},"thumbnailUrl":"https:\/\/expressometro.mx\/wp-content\/uploads\/2023\/06\/WhatsApp-Image-2023-06-27-at-1.18.43-AM.jpeg","keywords":["Aculco","Edomex","Jorge Osornio"],"articleSection":["Cultura","Educaci\u00f3n","Gobierno","Internacional","Pol\u00edtica"],"inLanguage":"es","potentialAction":[{"@type":"CommentAction","name":"Comment","target":["https:\/\/expressometro.mx\/index.php\/2023\/03\/14\/26a-sesion-del-sistema-municipal-de-igualdad-de-trato-y-oportunidades-entre-mujeres-y-hombres-aculco\/#respond"]}]},{"@type":"WebPage","@id":"https:\/\/expressometro.mx\/index.php\/2023\/03\/14\/26a-sesion-del-sistema-municipal-de-igualdad-de-trato-y-oportunidades-entre-mujeres-y-hombres-aculco\/","url":"https:\/\/expressometro.mx\/index.php\/2023\/03\/14\/26a-sesion-del-sistema-municipal-de-igualdad-de-trato-y-oportunidades-entre-mujeres-y-hombres-aculco\/","name":"\"26a SESI\u00d3N DEL SISTEMA MUNICIPAL DE IGUALDAD DE TRATO Y OPORTUNIDADES ENTRE MUJERES Y HOMBRES\", Aculco - Expresso Metropolitano","isPartOf":{"@id":"https:\/\/expressometro.mx\/#website"},"primaryImageOfPage":{"@id":"https:\/\/expressometro.mx\/index.php\/2023\/03\/14\/26a-sesion-del-sistema-municipal-de-igualdad-de-trato-y-oportunidades-entre-mujeres-y-hombres-aculco\/#primaryimage"},"image":{"@id":"https:\/\/expressometro.mx\/index.php\/2023\/03\/14\/26a-sesion-del-sistema-municipal-de-igualdad-de-trato-y-oportunidades-entre-mujeres-y-hombres-aculco\/#primaryimage"},"thumbnailUrl":"https:\/\/expressometro.mx\/wp-content\/uploads\/2023\/06\/WhatsApp-Image-2023-06-27-at-1.18.43-AM.jpeg","datePublished":"2023-03-14T07:36:13+00:00","dateModified":"2023-06-27T11:59:43+00:00","breadcrumb":{"@id":"https:\/\/expressometro.mx\/index.php\/2023\/03\/14\/26a-sesion-del-sistema-municipal-de-igualdad-de-trato-y-oportunidades-entre-mujeres-y-hombres-aculco\/#breadcrumb"},"inLanguage":"es","potentialAction":[{"@type":"ReadAction","target":["https:\/\/expressometro.mx\/index.php\/2023\/03\/14\/26a-sesion-del-sistema-municipal-de-igualdad-de-trato-y-oportunidades-entre-mujeres-y-hombres-aculco\/"]}]},{"@type":"ImageObject","inLanguage":"es","@id":"https:\/\/expressometro.mx\/index.php\/2023\/03\/14\/26a-sesion-del-sistema-municipal-de-igualdad-de-trato-y-oportunidades-entre-mujeres-y-hombres-aculco\/#primaryimage","url":"https:\/\/expressometro.mx\/wp-content\/uploads\/2023\/06\/WhatsApp-Image-2023-06-27-at-1.18.43-AM.jpeg","contentUrl":"https:\/\/expressometro.mx\/wp-content\/uploads\/2023\/06\/WhatsApp-Image-2023-06-27-at-1.18.43-AM.jpeg","width":755,"height":429},{"@type":"BreadcrumbList","@id":"https:\/\/expressometro.mx\/index.php\/2023\/03\/14\/26a-sesion-del-sistema-municipal-de-igualdad-de-trato-y-oportunidades-entre-mujeres-y-hombres-aculco\/#breadcrumb","itemListElement":[{"@type":"ListItem","position":1,"name":"Inicio","item":"https:\/\/expressometro.mx\/"},{"@type":"ListItem","position":2,"name":"&#8220;26a SESI\u00d3N DEL SISTEMA MUNICIPAL DE IGUALDAD DE TRATO Y OPORTUNIDADES ENTRE MUJERES Y HOMBRES&#8221;, Aculco"}]},{"@type":"WebSite","@id":"https:\/\/expressometro.mx\/#website","url":"https:\/\/expressometro.mx\/","name":"Expresso Metropolitano","description":"Periodismo comprometido, informaci\u00f3n, investigaci\u00f3n y an\u00e1lisis","publisher":{"@id":"https:\/\/expressometro.mx\/#organization"},"potentialAction":[{"@type":"SearchAction","target":{"@type":"EntryPoint","urlTemplate":"https:\/\/expressometro.mx\/?s={search_term_string}"},"query-input":{"@type":"PropertyValueSpecification","valueRequired":true,"valueName":"search_term_string"}}],"inLanguage":"es"},{"@type":"Organization","@id":"https:\/\/expressometro.mx\/#organization","name":"Expresso Metropolitano","url":"https:\/\/expressometro.mx\/","logo":{"@type":"ImageObject","inLanguage":"es","@id":"https:\/\/expressometro.mx\/#\/schema\/logo\/image\/","url":"https:\/\/expressometro.mx\/wp-content\/uploads\/2019\/07\/cropped-Logo-Expresso-Metropolitano-1-1.jpeg","contentUrl":"https:\/\/expressometro.mx\/wp-content\/uploads\/2019\/07\/cropped-Logo-Expresso-Metropolitano-1-1.jpeg","width":290,"height":73,"caption":"Expresso Metropolitano"},"image":{"@id":"https:\/\/expressometro.mx\/#\/schema\/logo\/image\/"}},{"@type":"Person","@id":"https:\/\/expressometro.mx\/#\/schema\/person\/efa971b4a0664db8ed5c22b1b0dd2f5d","name":"Expresso Metropolitano","image":{"@type":"ImageObject","inLanguage":"es","@id":"https:\/\/secure.gravatar.com\/avatar\/a89f802b8de18c6952f223c88d3d106e9e3679839f4e25a02f4a6cc2ae6ba3b3?s=96&d=mm&r=g","url":"https:\/\/secure.gravatar.com\/avatar\/a89f802b8de18c6952f223c88d3d106e9e3679839f4e25a02f4a6cc2ae6ba3b3?s=96&d=mm&r=g","contentUrl":"https:\/\/secure.gravatar.com\/avatar\/a89f802b8de18c6952f223c88d3d106e9e3679839f4e25a02f4a6cc2ae6ba3b3?s=96&d=mm&r=g","caption":"Expresso Metropolitano"},"url":"https:\/\/expressometro.mx\/index.php\/author\/diego\/"}]}},"amp_enabled":true,"_links":{"self":[{"href":"https:\/\/expressometro.mx\/index.php\/wp-json\/wp\/v2\/posts\/7250","targetHints":{"allow":["GET"]}}],"collection":[{"href":"https:\/\/expressometro.mx\/index.php\/wp-json\/wp\/v2\/posts"}],"about":[{"href":"https:\/\/expressometro.mx\/index.php\/wp-json\/wp\/v2\/types\/post"}],"author":[{"embeddable":true,"href":"https:\/\/expressometro.mx\/index.php\/wp-json\/wp\/v2\/users\/1"}],"replies":[{"embeddable":true,"href":"https:\/\/expressometro.mx\/index.php\/wp-json\/wp\/v2\/comments?post=7250"}],"version-history":[{"count":2,"href":"https:\/\/expressometro.mx\/index.php\/wp-json\/wp\/v2\/posts\/7250\/revisions"}],"predecessor-version":[{"id":7260,"href":"https:\/\/expressometro.mx\/index.php\/wp-json\/wp\/v2\/posts\/7250\/revisions\/7260"}],"wp:featuredmedia":[{"embeddable":true,"href":"https:\/\/expressometro.mx\/index.php\/wp-json\/wp\/v2\/media\/7252"}],"wp:attachment":[{"href":"https:\/\/expressometro.mx\/index.php\/wp-json\/wp\/v2\/media?parent=7250"}],"wp:term":[{"taxonomy":"category","embeddable":true,"href":"https:\/\/expressometro.mx\/index.php\/wp-json\/wp\/v2\/categories?post=7250"},{"taxonomy":"post_tag","embeddable":true,"href":"https:\/\/expressometro.mx\/index.php\/wp-json\/wp\/v2\/tags?post=7250"}],"curies":[{"name":"wp","href":"https:\/\/api.w.org\/{rel}","templated":true}]}}