{"id":7245,"date":"2023-03-09T00:35:20","date_gmt":"2023-03-09T06:35:20","guid":{"rendered":"https:\/\/expressometro.mx\/?p=7245"},"modified":"2023-06-27T01:35:04","modified_gmt":"2023-06-27T06:35:04","slug":"caminata-en-aculco-por-el-dia-internacional-de-la-mujer","status":"publish","type":"post","link":"https:\/\/expressometro.mx\/index.php\/2023\/03\/09\/caminata-en-aculco-por-el-dia-internacional-de-la-mujer\/","title":{"rendered":"CAMINATA EN ACULCO, POR EL &#8220;D\u00cdA INTERNACIONAL DE LA MUJER&#8221;"},"content":{"rendered":"\n<p><\/p>\n\n\n\n<p>Este 8 de marzo se llev\u00f3 a cabo la caminata en conmemoraci\u00f3n del &#8220;D\u00eda Internacional de la Mujer&#8221;, m\u00e1s tarde hicimos entrega de galardones a mujeres del municipio que han destacado en diferentes \u00e1mbitos sociales, demostrando que las mujeres son capaces de hacer cualquier cosa que se propongan.<\/p>\n\n\n\n<p><br>La Administraci\u00f3n del Gobierno Municipal de Aculco 2022-2024, encabezada por el Presidente Municipal, Jorge Alfredo Osornio Victoria, se uni\u00f3 a las acciones de sensibilizaci\u00f3n que establece la Organizaci\u00f3n de las Naciones Unidas (ONU) con motivo del 08 de marzo D\u00eda Internacional de la Mujer, para reconocer la lucha por sus derechos, eliminar la discriminaci\u00f3n y conseguir la igualdad de oportunidades.<\/p>\n\n\n\n<p><\/p>\n\n\n\n<p>En el marco de esta fecha, y en compa\u00f1\u00eda de su equipo de trabajo, particip\u00f3 en una caminata, donde la consigna fue visibilizar los avances y el progreso de las mujeres en todas las comunidades pertenecientes a este hermoso municipio.<\/p>\n\n\n\n<p><br>Por su parte, la presidenta del Sistema para el Desarrollo Integral de la Familia (DIF) Rosa Yareth Andrade Quezada, expres\u00f3 su reconocimiento y admiraci\u00f3n por las mujeres que luchan d\u00eda a d\u00eda por promover la igualdad en todos los \u00e1mbitos de la sociedad: \u201cdesde el sistema DIF que se conforma en su mayor\u00eda de mujeres, a trav\u00e9s de los distintos programas que impulsa el municipio de Aculco, trabajamos para logar su empoderamiento, proteger sus derechos y garantizar que puedan alcanzar todo su potencial\u201d, mencion\u00f3.<\/p>\n\n\n\n<p><br>Durante la entrega de los galardones a mujeres destacadas de Aculco, se resalt\u00f3 la importancia de conocer, reconocer y recordar el trabajo que cada persona aporta, ya que las acciones peque\u00f1as de todos los d\u00edas cuentan para hacer una mejor sociedad, m\u00e1s sorora e incluyente, por lo que se exhort\u00f3 a poner su granito de arena para tener un mejor muncipio.<\/p>\n","protected":false},"excerpt":{"rendered":"<p>Este 8 de marzo se llev\u00f3 a cabo la caminata en conmemoraci\u00f3n del &#8220;D\u00eda Internacional de la Mujer&#8221;, m\u00e1s tarde hicimos entrega de galardones a mujeres del municipio que han destacado en diferentes \u00e1mbitos sociales, demostrando que las mujeres son capaces de hacer cualquier cosa que se propongan.<\/p>\n","protected":false},"author":1,"featured_media":7247,"comment_status":"open","ping_status":"open","sticky":false,"template":"","format":"standard","meta":{"footnotes":""},"categories":[11,108,104,231],"tags":[955,2213,1982,954],"class_list":["post-7245","post","type-post","status-publish","format-standard","has-post-thumbnail","hentry","category-cultura","category-educacion","category-internacional","category-politica","tag-aculco","tag-dia-de-la-mujer","tag-edomex","tag-jorge-osornio"],"yoast_head":"<!-- This site is optimized with the Yoast SEO plugin v27.5 - https:\/\/yoast.com\/product\/yoast-seo-wordpress\/ -->\n<title>CAMINATA EN ACULCO, POR EL &quot;D\u00cdA INTERNACIONAL DE LA MUJER&quot; - Expresso Metropolitano<\/title>\n<meta name=\"robots\" content=\"index, follow, max-snippet:-1, max-image-preview:large, max-video-preview:-1\" \/>\n<link rel=\"canonical\" href=\"https:\/\/expressometro.mx\/index.php\/2023\/03\/09\/caminata-en-aculco-por-el-dia-internacional-de-la-mujer\/\" \/>\n<meta property=\"og:locale\" content=\"es_MX\" \/>\n<meta property=\"og:type\" content=\"article\" \/>\n<meta property=\"og:title\" content=\"CAMINATA EN ACULCO, POR EL &quot;D\u00cdA INTERNACIONAL DE LA MUJER&quot; - Expresso Metropolitano\" \/>\n<meta property=\"og:description\" content=\"Este 8 de marzo se llev\u00f3 a cabo la caminata en conmemoraci\u00f3n del &quot;D\u00eda Internacional de la Mujer&quot;, m\u00e1s tarde hicimos entrega de galardones a mujeres del municipio que han destacado en diferentes \u00e1mbitos sociales, demostrando que las mujeres son capaces de hacer cualquier cosa que se propongan.\" \/>\n<meta property=\"og:url\" content=\"https:\/\/expressometro.mx\/index.php\/2023\/03\/09\/caminata-en-aculco-por-el-dia-internacional-de-la-mujer\/\" \/>\n<meta property=\"og:site_name\" content=\"Expresso Metropolitano\" \/>\n<meta property=\"article:published_time\" content=\"2023-03-09T06:35:20+00:00\" \/>\n<meta property=\"article:modified_time\" content=\"2023-06-27T06:35:04+00:00\" \/>\n<meta property=\"og:image\" content=\"http:\/\/expressometro.mx\/wp-content\/uploads\/2023\/06\/WhatsApp-Image-2023-06-26-at-11.46.31-PM.jpeg\" \/>\n\t<meta property=\"og:image:width\" content=\"744\" \/>\n\t<meta property=\"og:image:height\" content=\"450\" \/>\n\t<meta property=\"og:image:type\" content=\"image\/jpeg\" \/>\n<meta name=\"author\" content=\"Expresso Metropolitano\" \/>\n<meta name=\"twitter:label1\" content=\"Escrito por\" \/>\n\t<meta name=\"twitter:data1\" content=\"Expresso Metropolitano\" \/>\n\t<meta name=\"twitter:label2\" content=\"Tiempo de lectura\" \/>\n\t<meta name=\"twitter:data2\" content=\"2 minutos\" \/>\n<script type=\"application\/ld+json\" class=\"yoast-schema-graph\">{\"@context\":\"https:\\\/\\\/schema.org\",\"@graph\":[{\"@type\":\"Article\",\"@id\":\"https:\\\/\\\/expressometro.mx\\\/index.php\\\/2023\\\/03\\\/09\\\/caminata-en-aculco-por-el-dia-internacional-de-la-mujer\\\/#article\",\"isPartOf\":{\"@id\":\"https:\\\/\\\/expressometro.mx\\\/index.php\\\/2023\\\/03\\\/09\\\/caminata-en-aculco-por-el-dia-internacional-de-la-mujer\\\/\"},\"author\":{\"name\":\"Expresso Metropolitano\",\"@id\":\"https:\\\/\\\/expressometro.mx\\\/#\\\/schema\\\/person\\\/efa971b4a0664db8ed5c22b1b0dd2f5d\"},\"headline\":\"CAMINATA EN ACULCO, POR EL &#8220;D\u00cdA INTERNACIONAL DE LA MUJER&#8221;\",\"datePublished\":\"2023-03-09T06:35:20+00:00\",\"dateModified\":\"2023-06-27T06:35:04+00:00\",\"mainEntityOfPage\":{\"@id\":\"https:\\\/\\\/expressometro.mx\\\/index.php\\\/2023\\\/03\\\/09\\\/caminata-en-aculco-por-el-dia-internacional-de-la-mujer\\\/\"},\"wordCount\":319,\"commentCount\":0,\"publisher\":{\"@id\":\"https:\\\/\\\/expressometro.mx\\\/#organization\"},\"image\":{\"@id\":\"https:\\\/\\\/expressometro.mx\\\/index.php\\\/2023\\\/03\\\/09\\\/caminata-en-aculco-por-el-dia-internacional-de-la-mujer\\\/#primaryimage\"},\"thumbnailUrl\":\"https:\\\/\\\/expressometro.mx\\\/wp-content\\\/uploads\\\/2023\\\/06\\\/WhatsApp-Image-2023-06-26-at-11.46.31-PM.jpeg\",\"keywords\":[\"Aculco\",\"D\u00eda de la Mujer\",\"Edomex\",\"Jorge Osornio\"],\"articleSection\":[\"Cultura\",\"Educaci\u00f3n\",\"Internacional\",\"Pol\u00edtica\"],\"inLanguage\":\"es\",\"potentialAction\":[{\"@type\":\"CommentAction\",\"name\":\"Comment\",\"target\":[\"https:\\\/\\\/expressometro.mx\\\/index.php\\\/2023\\\/03\\\/09\\\/caminata-en-aculco-por-el-dia-internacional-de-la-mujer\\\/#respond\"]}]},{\"@type\":\"WebPage\",\"@id\":\"https:\\\/\\\/expressometro.mx\\\/index.php\\\/2023\\\/03\\\/09\\\/caminata-en-aculco-por-el-dia-internacional-de-la-mujer\\\/\",\"url\":\"https:\\\/\\\/expressometro.mx\\\/index.php\\\/2023\\\/03\\\/09\\\/caminata-en-aculco-por-el-dia-internacional-de-la-mujer\\\/\",\"name\":\"CAMINATA EN ACULCO, POR EL \\\"D\u00cdA INTERNACIONAL DE LA MUJER\\\" - Expresso Metropolitano\",\"isPartOf\":{\"@id\":\"https:\\\/\\\/expressometro.mx\\\/#website\"},\"primaryImageOfPage\":{\"@id\":\"https:\\\/\\\/expressometro.mx\\\/index.php\\\/2023\\\/03\\\/09\\\/caminata-en-aculco-por-el-dia-internacional-de-la-mujer\\\/#primaryimage\"},\"image\":{\"@id\":\"https:\\\/\\\/expressometro.mx\\\/index.php\\\/2023\\\/03\\\/09\\\/caminata-en-aculco-por-el-dia-internacional-de-la-mujer\\\/#primaryimage\"},\"thumbnailUrl\":\"https:\\\/\\\/expressometro.mx\\\/wp-content\\\/uploads\\\/2023\\\/06\\\/WhatsApp-Image-2023-06-26-at-11.46.31-PM.jpeg\",\"datePublished\":\"2023-03-09T06:35:20+00:00\",\"dateModified\":\"2023-06-27T06:35:04+00:00\",\"breadcrumb\":{\"@id\":\"https:\\\/\\\/expressometro.mx\\\/index.php\\\/2023\\\/03\\\/09\\\/caminata-en-aculco-por-el-dia-internacional-de-la-mujer\\\/#breadcrumb\"},\"inLanguage\":\"es\",\"potentialAction\":[{\"@type\":\"ReadAction\",\"target\":[\"https:\\\/\\\/expressometro.mx\\\/index.php\\\/2023\\\/03\\\/09\\\/caminata-en-aculco-por-el-dia-internacional-de-la-mujer\\\/\"]}]},{\"@type\":\"ImageObject\",\"inLanguage\":\"es\",\"@id\":\"https:\\\/\\\/expressometro.mx\\\/index.php\\\/2023\\\/03\\\/09\\\/caminata-en-aculco-por-el-dia-internacional-de-la-mujer\\\/#primaryimage\",\"url\":\"https:\\\/\\\/expressometro.mx\\\/wp-content\\\/uploads\\\/2023\\\/06\\\/WhatsApp-Image-2023-06-26-at-11.46.31-PM.jpeg\",\"contentUrl\":\"https:\\\/\\\/expressometro.mx\\\/wp-content\\\/uploads\\\/2023\\\/06\\\/WhatsApp-Image-2023-06-26-at-11.46.31-PM.jpeg\",\"width\":744,\"height\":450},{\"@type\":\"BreadcrumbList\",\"@id\":\"https:\\\/\\\/expressometro.mx\\\/index.php\\\/2023\\\/03\\\/09\\\/caminata-en-aculco-por-el-dia-internacional-de-la-mujer\\\/#breadcrumb\",\"itemListElement\":[{\"@type\":\"ListItem\",\"position\":1,\"name\":\"Inicio\",\"item\":\"https:\\\/\\\/expressometro.mx\\\/\"},{\"@type\":\"ListItem\",\"position\":2,\"name\":\"CAMINATA EN ACULCO, POR EL &#8220;D\u00cdA INTERNACIONAL DE LA MUJER&#8221;\"}]},{\"@type\":\"WebSite\",\"@id\":\"https:\\\/\\\/expressometro.mx\\\/#website\",\"url\":\"https:\\\/\\\/expressometro.mx\\\/\",\"name\":\"Expresso Metropolitano\",\"description\":\"Periodismo comprometido, informaci\u00f3n, investigaci\u00f3n y an\u00e1lisis\",\"publisher\":{\"@id\":\"https:\\\/\\\/expressometro.mx\\\/#organization\"},\"potentialAction\":[{\"@type\":\"SearchAction\",\"target\":{\"@type\":\"EntryPoint\",\"urlTemplate\":\"https:\\\/\\\/expressometro.mx\\\/?s={search_term_string}\"},\"query-input\":{\"@type\":\"PropertyValueSpecification\",\"valueRequired\":true,\"valueName\":\"search_term_string\"}}],\"inLanguage\":\"es\"},{\"@type\":\"Organization\",\"@id\":\"https:\\\/\\\/expressometro.mx\\\/#organization\",\"name\":\"Expresso Metropolitano\",\"url\":\"https:\\\/\\\/expressometro.mx\\\/\",\"logo\":{\"@type\":\"ImageObject\",\"inLanguage\":\"es\",\"@id\":\"https:\\\/\\\/expressometro.mx\\\/#\\\/schema\\\/logo\\\/image\\\/\",\"url\":\"https:\\\/\\\/expressometro.mx\\\/wp-content\\\/uploads\\\/2019\\\/07\\\/cropped-Logo-Expresso-Metropolitano-1-1.jpeg\",\"contentUrl\":\"https:\\\/\\\/expressometro.mx\\\/wp-content\\\/uploads\\\/2019\\\/07\\\/cropped-Logo-Expresso-Metropolitano-1-1.jpeg\",\"width\":290,\"height\":73,\"caption\":\"Expresso Metropolitano\"},\"image\":{\"@id\":\"https:\\\/\\\/expressometro.mx\\\/#\\\/schema\\\/logo\\\/image\\\/\"}},{\"@type\":\"Person\",\"@id\":\"https:\\\/\\\/expressometro.mx\\\/#\\\/schema\\\/person\\\/efa971b4a0664db8ed5c22b1b0dd2f5d\",\"name\":\"Expresso Metropolitano\",\"image\":{\"@type\":\"ImageObject\",\"inLanguage\":\"es\",\"@id\":\"https:\\\/\\\/secure.gravatar.com\\\/avatar\\\/a89f802b8de18c6952f223c88d3d106e9e3679839f4e25a02f4a6cc2ae6ba3b3?s=96&d=mm&r=g\",\"url\":\"https:\\\/\\\/secure.gravatar.com\\\/avatar\\\/a89f802b8de18c6952f223c88d3d106e9e3679839f4e25a02f4a6cc2ae6ba3b3?s=96&d=mm&r=g\",\"contentUrl\":\"https:\\\/\\\/secure.gravatar.com\\\/avatar\\\/a89f802b8de18c6952f223c88d3d106e9e3679839f4e25a02f4a6cc2ae6ba3b3?s=96&d=mm&r=g\",\"caption\":\"Expresso Metropolitano\"},\"url\":\"https:\\\/\\\/expressometro.mx\\\/index.php\\\/author\\\/diego\\\/\"}]}<\/script>\n<!-- \/ Yoast SEO plugin. -->","yoast_head_json":{"title":"CAMINATA EN ACULCO, POR EL \"D\u00cdA INTERNACIONAL DE LA MUJER\" - Expresso Metropolitano","robots":{"index":"index","follow":"follow","max-snippet":"max-snippet:-1","max-image-preview":"max-image-preview:large","max-video-preview":"max-video-preview:-1"},"canonical":"https:\/\/expressometro.mx\/index.php\/2023\/03\/09\/caminata-en-aculco-por-el-dia-internacional-de-la-mujer\/","og_locale":"es_MX","og_type":"article","og_title":"CAMINATA EN ACULCO, POR EL \"D\u00cdA INTERNACIONAL DE LA MUJER\" - Expresso Metropolitano","og_description":"Este 8 de marzo se llev\u00f3 a cabo la caminata en conmemoraci\u00f3n del \"D\u00eda Internacional de la Mujer\", m\u00e1s tarde hicimos entrega de galardones a mujeres del municipio que han destacado en diferentes \u00e1mbitos sociales, demostrando que las mujeres son capaces de hacer cualquier cosa que se propongan.","og_url":"https:\/\/expressometro.mx\/index.php\/2023\/03\/09\/caminata-en-aculco-por-el-dia-internacional-de-la-mujer\/","og_site_name":"Expresso Metropolitano","article_published_time":"2023-03-09T06:35:20+00:00","article_modified_time":"2023-06-27T06:35:04+00:00","og_image":[{"width":744,"height":450,"url":"http:\/\/expressometro.mx\/wp-content\/uploads\/2023\/06\/WhatsApp-Image-2023-06-26-at-11.46.31-PM.jpeg","type":"image\/jpeg"}],"author":"Expresso Metropolitano","twitter_misc":{"Escrito por":"Expresso Metropolitano","Tiempo de lectura":"2 minutos"},"schema":{"@context":"https:\/\/schema.org","@graph":[{"@type":"Article","@id":"https:\/\/expressometro.mx\/index.php\/2023\/03\/09\/caminata-en-aculco-por-el-dia-internacional-de-la-mujer\/#article","isPartOf":{"@id":"https:\/\/expressometro.mx\/index.php\/2023\/03\/09\/caminata-en-aculco-por-el-dia-internacional-de-la-mujer\/"},"author":{"name":"Expresso Metropolitano","@id":"https:\/\/expressometro.mx\/#\/schema\/person\/efa971b4a0664db8ed5c22b1b0dd2f5d"},"headline":"CAMINATA EN ACULCO, POR EL &#8220;D\u00cdA INTERNACIONAL DE LA MUJER&#8221;","datePublished":"2023-03-09T06:35:20+00:00","dateModified":"2023-06-27T06:35:04+00:00","mainEntityOfPage":{"@id":"https:\/\/expressometro.mx\/index.php\/2023\/03\/09\/caminata-en-aculco-por-el-dia-internacional-de-la-mujer\/"},"wordCount":319,"commentCount":0,"publisher":{"@id":"https:\/\/expressometro.mx\/#organization"},"image":{"@id":"https:\/\/expressometro.mx\/index.php\/2023\/03\/09\/caminata-en-aculco-por-el-dia-internacional-de-la-mujer\/#primaryimage"},"thumbnailUrl":"https:\/\/expressometro.mx\/wp-content\/uploads\/2023\/06\/WhatsApp-Image-2023-06-26-at-11.46.31-PM.jpeg","keywords":["Aculco","D\u00eda de la Mujer","Edomex","Jorge Osornio"],"articleSection":["Cultura","Educaci\u00f3n","Internacional","Pol\u00edtica"],"inLanguage":"es","potentialAction":[{"@type":"CommentAction","name":"Comment","target":["https:\/\/expressometro.mx\/index.php\/2023\/03\/09\/caminata-en-aculco-por-el-dia-internacional-de-la-mujer\/#respond"]}]},{"@type":"WebPage","@id":"https:\/\/expressometro.mx\/index.php\/2023\/03\/09\/caminata-en-aculco-por-el-dia-internacional-de-la-mujer\/","url":"https:\/\/expressometro.mx\/index.php\/2023\/03\/09\/caminata-en-aculco-por-el-dia-internacional-de-la-mujer\/","name":"CAMINATA EN ACULCO, POR EL \"D\u00cdA INTERNACIONAL DE LA MUJER\" - Expresso Metropolitano","isPartOf":{"@id":"https:\/\/expressometro.mx\/#website"},"primaryImageOfPage":{"@id":"https:\/\/expressometro.mx\/index.php\/2023\/03\/09\/caminata-en-aculco-por-el-dia-internacional-de-la-mujer\/#primaryimage"},"image":{"@id":"https:\/\/expressometro.mx\/index.php\/2023\/03\/09\/caminata-en-aculco-por-el-dia-internacional-de-la-mujer\/#primaryimage"},"thumbnailUrl":"https:\/\/expressometro.mx\/wp-content\/uploads\/2023\/06\/WhatsApp-Image-2023-06-26-at-11.46.31-PM.jpeg","datePublished":"2023-03-09T06:35:20+00:00","dateModified":"2023-06-27T06:35:04+00:00","breadcrumb":{"@id":"https:\/\/expressometro.mx\/index.php\/2023\/03\/09\/caminata-en-aculco-por-el-dia-internacional-de-la-mujer\/#breadcrumb"},"inLanguage":"es","potentialAction":[{"@type":"ReadAction","target":["https:\/\/expressometro.mx\/index.php\/2023\/03\/09\/caminata-en-aculco-por-el-dia-internacional-de-la-mujer\/"]}]},{"@type":"ImageObject","inLanguage":"es","@id":"https:\/\/expressometro.mx\/index.php\/2023\/03\/09\/caminata-en-aculco-por-el-dia-internacional-de-la-mujer\/#primaryimage","url":"https:\/\/expressometro.mx\/wp-content\/uploads\/2023\/06\/WhatsApp-Image-2023-06-26-at-11.46.31-PM.jpeg","contentUrl":"https:\/\/expressometro.mx\/wp-content\/uploads\/2023\/06\/WhatsApp-Image-2023-06-26-at-11.46.31-PM.jpeg","width":744,"height":450},{"@type":"BreadcrumbList","@id":"https:\/\/expressometro.mx\/index.php\/2023\/03\/09\/caminata-en-aculco-por-el-dia-internacional-de-la-mujer\/#breadcrumb","itemListElement":[{"@type":"ListItem","position":1,"name":"Inicio","item":"https:\/\/expressometro.mx\/"},{"@type":"ListItem","position":2,"name":"CAMINATA EN ACULCO, POR EL &#8220;D\u00cdA INTERNACIONAL DE LA MUJER&#8221;"}]},{"@type":"WebSite","@id":"https:\/\/expressometro.mx\/#website","url":"https:\/\/expressometro.mx\/","name":"Expresso Metropolitano","description":"Periodismo comprometido, informaci\u00f3n, investigaci\u00f3n y an\u00e1lisis","publisher":{"@id":"https:\/\/expressometro.mx\/#organization"},"potentialAction":[{"@type":"SearchAction","target":{"@type":"EntryPoint","urlTemplate":"https:\/\/expressometro.mx\/?s={search_term_string}"},"query-input":{"@type":"PropertyValueSpecification","valueRequired":true,"valueName":"search_term_string"}}],"inLanguage":"es"},{"@type":"Organization","@id":"https:\/\/expressometro.mx\/#organization","name":"Expresso Metropolitano","url":"https:\/\/expressometro.mx\/","logo":{"@type":"ImageObject","inLanguage":"es","@id":"https:\/\/expressometro.mx\/#\/schema\/logo\/image\/","url":"https:\/\/expressometro.mx\/wp-content\/uploads\/2019\/07\/cropped-Logo-Expresso-Metropolitano-1-1.jpeg","contentUrl":"https:\/\/expressometro.mx\/wp-content\/uploads\/2019\/07\/cropped-Logo-Expresso-Metropolitano-1-1.jpeg","width":290,"height":73,"caption":"Expresso Metropolitano"},"image":{"@id":"https:\/\/expressometro.mx\/#\/schema\/logo\/image\/"}},{"@type":"Person","@id":"https:\/\/expressometro.mx\/#\/schema\/person\/efa971b4a0664db8ed5c22b1b0dd2f5d","name":"Expresso Metropolitano","image":{"@type":"ImageObject","inLanguage":"es","@id":"https:\/\/secure.gravatar.com\/avatar\/a89f802b8de18c6952f223c88d3d106e9e3679839f4e25a02f4a6cc2ae6ba3b3?s=96&d=mm&r=g","url":"https:\/\/secure.gravatar.com\/avatar\/a89f802b8de18c6952f223c88d3d106e9e3679839f4e25a02f4a6cc2ae6ba3b3?s=96&d=mm&r=g","contentUrl":"https:\/\/secure.gravatar.com\/avatar\/a89f802b8de18c6952f223c88d3d106e9e3679839f4e25a02f4a6cc2ae6ba3b3?s=96&d=mm&r=g","caption":"Expresso Metropolitano"},"url":"https:\/\/expressometro.mx\/index.php\/author\/diego\/"}]}},"amp_enabled":true,"_links":{"self":[{"href":"https:\/\/expressometro.mx\/index.php\/wp-json\/wp\/v2\/posts\/7245","targetHints":{"allow":["GET"]}}],"collection":[{"href":"https:\/\/expressometro.mx\/index.php\/wp-json\/wp\/v2\/posts"}],"about":[{"href":"https:\/\/expressometro.mx\/index.php\/wp-json\/wp\/v2\/types\/post"}],"author":[{"embeddable":true,"href":"https:\/\/expressometro.mx\/index.php\/wp-json\/wp\/v2\/users\/1"}],"replies":[{"embeddable":true,"href":"https:\/\/expressometro.mx\/index.php\/wp-json\/wp\/v2\/comments?post=7245"}],"version-history":[{"count":1,"href":"https:\/\/expressometro.mx\/index.php\/wp-json\/wp\/v2\/posts\/7245\/revisions"}],"predecessor-version":[{"id":7248,"href":"https:\/\/expressometro.mx\/index.php\/wp-json\/wp\/v2\/posts\/7245\/revisions\/7248"}],"wp:featuredmedia":[{"embeddable":true,"href":"https:\/\/expressometro.mx\/index.php\/wp-json\/wp\/v2\/media\/7247"}],"wp:attachment":[{"href":"https:\/\/expressometro.mx\/index.php\/wp-json\/wp\/v2\/media?parent=7245"}],"wp:term":[{"taxonomy":"category","embeddable":true,"href":"https:\/\/expressometro.mx\/index.php\/wp-json\/wp\/v2\/categories?post=7245"},{"taxonomy":"post_tag","embeddable":true,"href":"https:\/\/expressometro.mx\/index.php\/wp-json\/wp\/v2\/tags?post=7245"}],"curies":[{"name":"wp","href":"https:\/\/api.w.org\/{rel}","templated":true}]}}