{"id":7233,"date":"2023-06-23T13:26:25","date_gmt":"2023-06-23T18:26:25","guid":{"rendered":"https:\/\/expressometro.mx\/?p=7233"},"modified":"2023-08-13T21:09:13","modified_gmt":"2023-08-14T02:09:13","slug":"entrega-de-obras-en-comunidades-aculquenses","status":"publish","type":"post","link":"https:\/\/expressometro.mx\/index.php\/2023\/06\/23\/entrega-de-obras-en-comunidades-aculquenses\/","title":{"rendered":"ENTREGA DE OBRAS EN COMUNIDADES ACULQUENSES"},"content":{"rendered":"\n<p><\/p>\n\n\n\n<p>El Presidente del Gobierno Municipal de Aculco 2022 &#8211; 2024, Jorge Alfredo Osornio Victoria, en compa\u00f1\u00eda de su esposa, Maestra Rosa Yareth Andrade Quezada, presidenta honor\u00edfica del Sistema Municipal DIF de Aculco, y de sus regidores, realiz\u00f3 una gira de trabajo en la que visit\u00f3 la comunidad de Barrancas para inaugurar la construcci\u00f3n del techado en \u00e1rea de impartici\u00f3n de Educaci\u00f3n F\u00edsica de la Primaria Adolfo L\u00f3pez Mateos, en presencia del personal docente, alumnos y padres de familia. Esta obra tiene una inversi\u00f3n aproximada de un mill\u00f3n doscientos mil pesos.<\/p>\n\n\n\n<p><\/p>\n\n\n\n<p>En La Soledad Barrio, se hizo entrega de la rehabilitaci\u00f3n de carretera en el libramiento, una de las entradas principales a la comunidad. Se aplic\u00f3 una carpeta asf\u00e1ltica de 5 cm de grosor por 400 mts lineales, y que tendr\u00e1 una larga duraci\u00f3n. Para esta obra se destin\u00f3 la cantidad aproximada de un mill\u00f3n, novecientos diecinueve mil pesos. Tambi\u00e9n se hizo entrega de material, 120 metros lineales de concreto, con valor aproximado, de 385 mil pesos. Finalmente se continuar\u00e1 con la l\u00ednea de drenaje, para lo cual se entregar\u00e1 300 mts lineales de drenaje, con un costo aproximado de 165 mil pesos.<\/p>\n\n\n\n<p><\/p>\n\n\n\n<p>Continuando con las obras que el Presidente Osornio est\u00e1 dando cumplimiento, se lleg\u00f3 a Santa Ana Matlavat, en donde se implement\u00f3 la rehabilitaci\u00f3n de la carretera de acceso principal a esta comunidad. Con 900 mts lineales y una inversi\u00f3n de 4 millones de pesos, un recurso meramente municipal; se realiz\u00f3 esta obra para que sus habitantes puedan tener un acceso digno a su lugar de residencia.<\/p>\n\n\n\n<p><\/p>\n\n\n\n<p><\/p>\n","protected":false},"excerpt":{"rendered":"<p>El Presidente del Gobierno Municipal de Aculco 2022 &#8211; 2024, Jorge Alfredo Osornio Victoria, en compa\u00f1\u00eda de su esposa, Maestra Rosa Yareth Andrade Quezada, presidenta honor\u00edfica del Sistema Municipal DIF de Aculco, y de sus regidores, realiz\u00f3 una gira de trabajo en la que visit\u00f3 la comunidad de Barrancas para inaugurar la construcci\u00f3n del techado en \u00e1rea de impartici\u00f3n de Educaci\u00f3n F\u00edsica de la Primaria Adolfo L\u00f3pez Mateos, en presencia del personal docente, alumnos y padres de familia. Esta obra tiene una inversi\u00f3n aproximada de un mill\u00f3n doscientos mil pesos.<\/p>\n","protected":false},"author":1,"featured_media":7235,"comment_status":"open","ping_status":"open","sticky":false,"template":"","format":"standard","meta":{"footnotes":""},"categories":[108,3,6],"tags":[955,1982,954],"class_list":["post-7233","post","type-post","status-publish","format-standard","has-post-thumbnail","hentry","category-educacion","category-gobierno","category-seguridad","tag-aculco","tag-edomex","tag-jorge-osornio"],"yoast_head":"<!-- This site is optimized with the Yoast SEO plugin v27.5 - https:\/\/yoast.com\/product\/yoast-seo-wordpress\/ -->\n<title>ENTREGA DE OBRAS EN COMUNIDADES ACULQUENSES - Expresso Metropolitano<\/title>\n<meta name=\"robots\" content=\"index, follow, max-snippet:-1, max-image-preview:large, max-video-preview:-1\" \/>\n<link rel=\"canonical\" href=\"https:\/\/expressometro.mx\/index.php\/2023\/06\/23\/entrega-de-obras-en-comunidades-aculquenses\/\" \/>\n<meta property=\"og:locale\" content=\"es_MX\" \/>\n<meta property=\"og:type\" content=\"article\" \/>\n<meta property=\"og:title\" content=\"ENTREGA DE OBRAS EN COMUNIDADES ACULQUENSES - Expresso Metropolitano\" \/>\n<meta property=\"og:description\" content=\"El Presidente del Gobierno Municipal de Aculco 2022 - 2024, Jorge Alfredo Osornio Victoria, en compa\u00f1\u00eda de su esposa, Maestra Rosa Yareth Andrade Quezada, presidenta honor\u00edfica del Sistema Municipal DIF de Aculco, y de sus regidores, realiz\u00f3 una gira de trabajo en la que visit\u00f3 la comunidad de Barrancas para inaugurar la construcci\u00f3n del techado en \u00e1rea de impartici\u00f3n de Educaci\u00f3n F\u00edsica de la Primaria Adolfo L\u00f3pez Mateos, en presencia del personal docente, alumnos y padres de familia. Esta obra tiene una inversi\u00f3n aproximada de un mill\u00f3n doscientos mil pesos.\" \/>\n<meta property=\"og:url\" content=\"https:\/\/expressometro.mx\/index.php\/2023\/06\/23\/entrega-de-obras-en-comunidades-aculquenses\/\" \/>\n<meta property=\"og:site_name\" content=\"Expresso Metropolitano\" \/>\n<meta property=\"article:published_time\" content=\"2023-06-23T18:26:25+00:00\" \/>\n<meta property=\"article:modified_time\" content=\"2023-08-14T02:09:13+00:00\" \/>\n<meta property=\"og:image\" content=\"http:\/\/expressometro.mx\/wp-content\/uploads\/2023\/06\/WhatsApp-Image-2023-06-23-at-11.50.22-AM.jpeg\" \/>\n\t<meta property=\"og:image:width\" content=\"1600\" \/>\n\t<meta property=\"og:image:height\" content=\"1200\" \/>\n\t<meta property=\"og:image:type\" content=\"image\/jpeg\" \/>\n<meta name=\"author\" content=\"Expresso Metropolitano\" \/>\n<meta name=\"twitter:label1\" content=\"Escrito por\" \/>\n\t<meta name=\"twitter:data1\" content=\"Expresso Metropolitano\" \/>\n\t<meta name=\"twitter:label2\" content=\"Tiempo de lectura\" \/>\n\t<meta name=\"twitter:data2\" content=\"2 minutos\" \/>\n<script type=\"application\/ld+json\" class=\"yoast-schema-graph\">{\"@context\":\"https:\\\/\\\/schema.org\",\"@graph\":[{\"@type\":\"Article\",\"@id\":\"https:\\\/\\\/expressometro.mx\\\/index.php\\\/2023\\\/06\\\/23\\\/entrega-de-obras-en-comunidades-aculquenses\\\/#article\",\"isPartOf\":{\"@id\":\"https:\\\/\\\/expressometro.mx\\\/index.php\\\/2023\\\/06\\\/23\\\/entrega-de-obras-en-comunidades-aculquenses\\\/\"},\"author\":{\"name\":\"Expresso Metropolitano\",\"@id\":\"https:\\\/\\\/expressometro.mx\\\/#\\\/schema\\\/person\\\/efa971b4a0664db8ed5c22b1b0dd2f5d\"},\"headline\":\"ENTREGA DE OBRAS EN COMUNIDADES ACULQUENSES\",\"datePublished\":\"2023-06-23T18:26:25+00:00\",\"dateModified\":\"2023-08-14T02:09:13+00:00\",\"mainEntityOfPage\":{\"@id\":\"https:\\\/\\\/expressometro.mx\\\/index.php\\\/2023\\\/06\\\/23\\\/entrega-de-obras-en-comunidades-aculquenses\\\/\"},\"wordCount\":271,\"commentCount\":0,\"publisher\":{\"@id\":\"https:\\\/\\\/expressometro.mx\\\/#organization\"},\"image\":{\"@id\":\"https:\\\/\\\/expressometro.mx\\\/index.php\\\/2023\\\/06\\\/23\\\/entrega-de-obras-en-comunidades-aculquenses\\\/#primaryimage\"},\"thumbnailUrl\":\"https:\\\/\\\/expressometro.mx\\\/wp-content\\\/uploads\\\/2023\\\/06\\\/WhatsApp-Image-2023-06-23-at-11.50.22-AM.jpeg\",\"keywords\":[\"Aculco\",\"Edomex\",\"Jorge Osornio\"],\"articleSection\":[\"Educaci\u00f3n\",\"Gobierno\",\"Seguridad\"],\"inLanguage\":\"es\",\"potentialAction\":[{\"@type\":\"CommentAction\",\"name\":\"Comment\",\"target\":[\"https:\\\/\\\/expressometro.mx\\\/index.php\\\/2023\\\/06\\\/23\\\/entrega-de-obras-en-comunidades-aculquenses\\\/#respond\"]}]},{\"@type\":\"WebPage\",\"@id\":\"https:\\\/\\\/expressometro.mx\\\/index.php\\\/2023\\\/06\\\/23\\\/entrega-de-obras-en-comunidades-aculquenses\\\/\",\"url\":\"https:\\\/\\\/expressometro.mx\\\/index.php\\\/2023\\\/06\\\/23\\\/entrega-de-obras-en-comunidades-aculquenses\\\/\",\"name\":\"ENTREGA DE OBRAS EN COMUNIDADES ACULQUENSES - Expresso Metropolitano\",\"isPartOf\":{\"@id\":\"https:\\\/\\\/expressometro.mx\\\/#website\"},\"primaryImageOfPage\":{\"@id\":\"https:\\\/\\\/expressometro.mx\\\/index.php\\\/2023\\\/06\\\/23\\\/entrega-de-obras-en-comunidades-aculquenses\\\/#primaryimage\"},\"image\":{\"@id\":\"https:\\\/\\\/expressometro.mx\\\/index.php\\\/2023\\\/06\\\/23\\\/entrega-de-obras-en-comunidades-aculquenses\\\/#primaryimage\"},\"thumbnailUrl\":\"https:\\\/\\\/expressometro.mx\\\/wp-content\\\/uploads\\\/2023\\\/06\\\/WhatsApp-Image-2023-06-23-at-11.50.22-AM.jpeg\",\"datePublished\":\"2023-06-23T18:26:25+00:00\",\"dateModified\":\"2023-08-14T02:09:13+00:00\",\"breadcrumb\":{\"@id\":\"https:\\\/\\\/expressometro.mx\\\/index.php\\\/2023\\\/06\\\/23\\\/entrega-de-obras-en-comunidades-aculquenses\\\/#breadcrumb\"},\"inLanguage\":\"es\",\"potentialAction\":[{\"@type\":\"ReadAction\",\"target\":[\"https:\\\/\\\/expressometro.mx\\\/index.php\\\/2023\\\/06\\\/23\\\/entrega-de-obras-en-comunidades-aculquenses\\\/\"]}]},{\"@type\":\"ImageObject\",\"inLanguage\":\"es\",\"@id\":\"https:\\\/\\\/expressometro.mx\\\/index.php\\\/2023\\\/06\\\/23\\\/entrega-de-obras-en-comunidades-aculquenses\\\/#primaryimage\",\"url\":\"https:\\\/\\\/expressometro.mx\\\/wp-content\\\/uploads\\\/2023\\\/06\\\/WhatsApp-Image-2023-06-23-at-11.50.22-AM.jpeg\",\"contentUrl\":\"https:\\\/\\\/expressometro.mx\\\/wp-content\\\/uploads\\\/2023\\\/06\\\/WhatsApp-Image-2023-06-23-at-11.50.22-AM.jpeg\",\"width\":1600,\"height\":1200},{\"@type\":\"BreadcrumbList\",\"@id\":\"https:\\\/\\\/expressometro.mx\\\/index.php\\\/2023\\\/06\\\/23\\\/entrega-de-obras-en-comunidades-aculquenses\\\/#breadcrumb\",\"itemListElement\":[{\"@type\":\"ListItem\",\"position\":1,\"name\":\"Inicio\",\"item\":\"https:\\\/\\\/expressometro.mx\\\/\"},{\"@type\":\"ListItem\",\"position\":2,\"name\":\"ENTREGA DE OBRAS EN COMUNIDADES ACULQUENSES\"}]},{\"@type\":\"WebSite\",\"@id\":\"https:\\\/\\\/expressometro.mx\\\/#website\",\"url\":\"https:\\\/\\\/expressometro.mx\\\/\",\"name\":\"Expresso Metropolitano\",\"description\":\"Periodismo comprometido, informaci\u00f3n, investigaci\u00f3n y an\u00e1lisis\",\"publisher\":{\"@id\":\"https:\\\/\\\/expressometro.mx\\\/#organization\"},\"potentialAction\":[{\"@type\":\"SearchAction\",\"target\":{\"@type\":\"EntryPoint\",\"urlTemplate\":\"https:\\\/\\\/expressometro.mx\\\/?s={search_term_string}\"},\"query-input\":{\"@type\":\"PropertyValueSpecification\",\"valueRequired\":true,\"valueName\":\"search_term_string\"}}],\"inLanguage\":\"es\"},{\"@type\":\"Organization\",\"@id\":\"https:\\\/\\\/expressometro.mx\\\/#organization\",\"name\":\"Expresso Metropolitano\",\"url\":\"https:\\\/\\\/expressometro.mx\\\/\",\"logo\":{\"@type\":\"ImageObject\",\"inLanguage\":\"es\",\"@id\":\"https:\\\/\\\/expressometro.mx\\\/#\\\/schema\\\/logo\\\/image\\\/\",\"url\":\"https:\\\/\\\/expressometro.mx\\\/wp-content\\\/uploads\\\/2019\\\/07\\\/cropped-Logo-Expresso-Metropolitano-1-1.jpeg\",\"contentUrl\":\"https:\\\/\\\/expressometro.mx\\\/wp-content\\\/uploads\\\/2019\\\/07\\\/cropped-Logo-Expresso-Metropolitano-1-1.jpeg\",\"width\":290,\"height\":73,\"caption\":\"Expresso Metropolitano\"},\"image\":{\"@id\":\"https:\\\/\\\/expressometro.mx\\\/#\\\/schema\\\/logo\\\/image\\\/\"}},{\"@type\":\"Person\",\"@id\":\"https:\\\/\\\/expressometro.mx\\\/#\\\/schema\\\/person\\\/efa971b4a0664db8ed5c22b1b0dd2f5d\",\"name\":\"Expresso Metropolitano\",\"image\":{\"@type\":\"ImageObject\",\"inLanguage\":\"es\",\"@id\":\"https:\\\/\\\/secure.gravatar.com\\\/avatar\\\/a89f802b8de18c6952f223c88d3d106e9e3679839f4e25a02f4a6cc2ae6ba3b3?s=96&d=mm&r=g\",\"url\":\"https:\\\/\\\/secure.gravatar.com\\\/avatar\\\/a89f802b8de18c6952f223c88d3d106e9e3679839f4e25a02f4a6cc2ae6ba3b3?s=96&d=mm&r=g\",\"contentUrl\":\"https:\\\/\\\/secure.gravatar.com\\\/avatar\\\/a89f802b8de18c6952f223c88d3d106e9e3679839f4e25a02f4a6cc2ae6ba3b3?s=96&d=mm&r=g\",\"caption\":\"Expresso Metropolitano\"},\"url\":\"https:\\\/\\\/expressometro.mx\\\/index.php\\\/author\\\/diego\\\/\"}]}<\/script>\n<!-- \/ Yoast SEO plugin. -->","yoast_head_json":{"title":"ENTREGA DE OBRAS EN COMUNIDADES ACULQUENSES - Expresso Metropolitano","robots":{"index":"index","follow":"follow","max-snippet":"max-snippet:-1","max-image-preview":"max-image-preview:large","max-video-preview":"max-video-preview:-1"},"canonical":"https:\/\/expressometro.mx\/index.php\/2023\/06\/23\/entrega-de-obras-en-comunidades-aculquenses\/","og_locale":"es_MX","og_type":"article","og_title":"ENTREGA DE OBRAS EN COMUNIDADES ACULQUENSES - Expresso Metropolitano","og_description":"El Presidente del Gobierno Municipal de Aculco 2022 - 2024, Jorge Alfredo Osornio Victoria, en compa\u00f1\u00eda de su esposa, Maestra Rosa Yareth Andrade Quezada, presidenta honor\u00edfica del Sistema Municipal DIF de Aculco, y de sus regidores, realiz\u00f3 una gira de trabajo en la que visit\u00f3 la comunidad de Barrancas para inaugurar la construcci\u00f3n del techado en \u00e1rea de impartici\u00f3n de Educaci\u00f3n F\u00edsica de la Primaria Adolfo L\u00f3pez Mateos, en presencia del personal docente, alumnos y padres de familia. Esta obra tiene una inversi\u00f3n aproximada de un mill\u00f3n doscientos mil pesos.","og_url":"https:\/\/expressometro.mx\/index.php\/2023\/06\/23\/entrega-de-obras-en-comunidades-aculquenses\/","og_site_name":"Expresso Metropolitano","article_published_time":"2023-06-23T18:26:25+00:00","article_modified_time":"2023-08-14T02:09:13+00:00","og_image":[{"width":1600,"height":1200,"url":"http:\/\/expressometro.mx\/wp-content\/uploads\/2023\/06\/WhatsApp-Image-2023-06-23-at-11.50.22-AM.jpeg","type":"image\/jpeg"}],"author":"Expresso Metropolitano","twitter_misc":{"Escrito por":"Expresso Metropolitano","Tiempo de lectura":"2 minutos"},"schema":{"@context":"https:\/\/schema.org","@graph":[{"@type":"Article","@id":"https:\/\/expressometro.mx\/index.php\/2023\/06\/23\/entrega-de-obras-en-comunidades-aculquenses\/#article","isPartOf":{"@id":"https:\/\/expressometro.mx\/index.php\/2023\/06\/23\/entrega-de-obras-en-comunidades-aculquenses\/"},"author":{"name":"Expresso Metropolitano","@id":"https:\/\/expressometro.mx\/#\/schema\/person\/efa971b4a0664db8ed5c22b1b0dd2f5d"},"headline":"ENTREGA DE OBRAS EN COMUNIDADES ACULQUENSES","datePublished":"2023-06-23T18:26:25+00:00","dateModified":"2023-08-14T02:09:13+00:00","mainEntityOfPage":{"@id":"https:\/\/expressometro.mx\/index.php\/2023\/06\/23\/entrega-de-obras-en-comunidades-aculquenses\/"},"wordCount":271,"commentCount":0,"publisher":{"@id":"https:\/\/expressometro.mx\/#organization"},"image":{"@id":"https:\/\/expressometro.mx\/index.php\/2023\/06\/23\/entrega-de-obras-en-comunidades-aculquenses\/#primaryimage"},"thumbnailUrl":"https:\/\/expressometro.mx\/wp-content\/uploads\/2023\/06\/WhatsApp-Image-2023-06-23-at-11.50.22-AM.jpeg","keywords":["Aculco","Edomex","Jorge Osornio"],"articleSection":["Educaci\u00f3n","Gobierno","Seguridad"],"inLanguage":"es","potentialAction":[{"@type":"CommentAction","name":"Comment","target":["https:\/\/expressometro.mx\/index.php\/2023\/06\/23\/entrega-de-obras-en-comunidades-aculquenses\/#respond"]}]},{"@type":"WebPage","@id":"https:\/\/expressometro.mx\/index.php\/2023\/06\/23\/entrega-de-obras-en-comunidades-aculquenses\/","url":"https:\/\/expressometro.mx\/index.php\/2023\/06\/23\/entrega-de-obras-en-comunidades-aculquenses\/","name":"ENTREGA DE OBRAS EN COMUNIDADES ACULQUENSES - Expresso Metropolitano","isPartOf":{"@id":"https:\/\/expressometro.mx\/#website"},"primaryImageOfPage":{"@id":"https:\/\/expressometro.mx\/index.php\/2023\/06\/23\/entrega-de-obras-en-comunidades-aculquenses\/#primaryimage"},"image":{"@id":"https:\/\/expressometro.mx\/index.php\/2023\/06\/23\/entrega-de-obras-en-comunidades-aculquenses\/#primaryimage"},"thumbnailUrl":"https:\/\/expressometro.mx\/wp-content\/uploads\/2023\/06\/WhatsApp-Image-2023-06-23-at-11.50.22-AM.jpeg","datePublished":"2023-06-23T18:26:25+00:00","dateModified":"2023-08-14T02:09:13+00:00","breadcrumb":{"@id":"https:\/\/expressometro.mx\/index.php\/2023\/06\/23\/entrega-de-obras-en-comunidades-aculquenses\/#breadcrumb"},"inLanguage":"es","potentialAction":[{"@type":"ReadAction","target":["https:\/\/expressometro.mx\/index.php\/2023\/06\/23\/entrega-de-obras-en-comunidades-aculquenses\/"]}]},{"@type":"ImageObject","inLanguage":"es","@id":"https:\/\/expressometro.mx\/index.php\/2023\/06\/23\/entrega-de-obras-en-comunidades-aculquenses\/#primaryimage","url":"https:\/\/expressometro.mx\/wp-content\/uploads\/2023\/06\/WhatsApp-Image-2023-06-23-at-11.50.22-AM.jpeg","contentUrl":"https:\/\/expressometro.mx\/wp-content\/uploads\/2023\/06\/WhatsApp-Image-2023-06-23-at-11.50.22-AM.jpeg","width":1600,"height":1200},{"@type":"BreadcrumbList","@id":"https:\/\/expressometro.mx\/index.php\/2023\/06\/23\/entrega-de-obras-en-comunidades-aculquenses\/#breadcrumb","itemListElement":[{"@type":"ListItem","position":1,"name":"Inicio","item":"https:\/\/expressometro.mx\/"},{"@type":"ListItem","position":2,"name":"ENTREGA DE OBRAS EN COMUNIDADES ACULQUENSES"}]},{"@type":"WebSite","@id":"https:\/\/expressometro.mx\/#website","url":"https:\/\/expressometro.mx\/","name":"Expresso Metropolitano","description":"Periodismo comprometido, informaci\u00f3n, investigaci\u00f3n y an\u00e1lisis","publisher":{"@id":"https:\/\/expressometro.mx\/#organization"},"potentialAction":[{"@type":"SearchAction","target":{"@type":"EntryPoint","urlTemplate":"https:\/\/expressometro.mx\/?s={search_term_string}"},"query-input":{"@type":"PropertyValueSpecification","valueRequired":true,"valueName":"search_term_string"}}],"inLanguage":"es"},{"@type":"Organization","@id":"https:\/\/expressometro.mx\/#organization","name":"Expresso Metropolitano","url":"https:\/\/expressometro.mx\/","logo":{"@type":"ImageObject","inLanguage":"es","@id":"https:\/\/expressometro.mx\/#\/schema\/logo\/image\/","url":"https:\/\/expressometro.mx\/wp-content\/uploads\/2019\/07\/cropped-Logo-Expresso-Metropolitano-1-1.jpeg","contentUrl":"https:\/\/expressometro.mx\/wp-content\/uploads\/2019\/07\/cropped-Logo-Expresso-Metropolitano-1-1.jpeg","width":290,"height":73,"caption":"Expresso Metropolitano"},"image":{"@id":"https:\/\/expressometro.mx\/#\/schema\/logo\/image\/"}},{"@type":"Person","@id":"https:\/\/expressometro.mx\/#\/schema\/person\/efa971b4a0664db8ed5c22b1b0dd2f5d","name":"Expresso Metropolitano","image":{"@type":"ImageObject","inLanguage":"es","@id":"https:\/\/secure.gravatar.com\/avatar\/a89f802b8de18c6952f223c88d3d106e9e3679839f4e25a02f4a6cc2ae6ba3b3?s=96&d=mm&r=g","url":"https:\/\/secure.gravatar.com\/avatar\/a89f802b8de18c6952f223c88d3d106e9e3679839f4e25a02f4a6cc2ae6ba3b3?s=96&d=mm&r=g","contentUrl":"https:\/\/secure.gravatar.com\/avatar\/a89f802b8de18c6952f223c88d3d106e9e3679839f4e25a02f4a6cc2ae6ba3b3?s=96&d=mm&r=g","caption":"Expresso Metropolitano"},"url":"https:\/\/expressometro.mx\/index.php\/author\/diego\/"}]}},"amp_enabled":true,"_links":{"self":[{"href":"https:\/\/expressometro.mx\/index.php\/wp-json\/wp\/v2\/posts\/7233","targetHints":{"allow":["GET"]}}],"collection":[{"href":"https:\/\/expressometro.mx\/index.php\/wp-json\/wp\/v2\/posts"}],"about":[{"href":"https:\/\/expressometro.mx\/index.php\/wp-json\/wp\/v2\/types\/post"}],"author":[{"embeddable":true,"href":"https:\/\/expressometro.mx\/index.php\/wp-json\/wp\/v2\/users\/1"}],"replies":[{"embeddable":true,"href":"https:\/\/expressometro.mx\/index.php\/wp-json\/wp\/v2\/comments?post=7233"}],"version-history":[{"count":2,"href":"https:\/\/expressometro.mx\/index.php\/wp-json\/wp\/v2\/posts\/7233\/revisions"}],"predecessor-version":[{"id":7562,"href":"https:\/\/expressometro.mx\/index.php\/wp-json\/wp\/v2\/posts\/7233\/revisions\/7562"}],"wp:featuredmedia":[{"embeddable":true,"href":"https:\/\/expressometro.mx\/index.php\/wp-json\/wp\/v2\/media\/7235"}],"wp:attachment":[{"href":"https:\/\/expressometro.mx\/index.php\/wp-json\/wp\/v2\/media?parent=7233"}],"wp:term":[{"taxonomy":"category","embeddable":true,"href":"https:\/\/expressometro.mx\/index.php\/wp-json\/wp\/v2\/categories?post=7233"},{"taxonomy":"post_tag","embeddable":true,"href":"https:\/\/expressometro.mx\/index.php\/wp-json\/wp\/v2\/tags?post=7233"}],"curies":[{"name":"wp","href":"https:\/\/api.w.org\/{rel}","templated":true}]}}