{"id":723,"date":"2019-09-20T17:41:09","date_gmt":"2019-09-20T22:41:09","guid":{"rendered":"http:\/\/expressometro.mx\/?p=723"},"modified":"2019-09-20T17:41:15","modified_gmt":"2019-09-20T22:41:15","slug":"recibira-edomex-mas-de-5-mil-visitantes-en-tercer-encuentro-nacional-de-coordinadores-del-programa-de-aves-urbanas","status":"publish","type":"post","link":"https:\/\/expressometro.mx\/index.php\/2019\/09\/20\/recibira-edomex-mas-de-5-mil-visitantes-en-tercer-encuentro-nacional-de-coordinadores-del-programa-de-aves-urbanas\/","title":{"rendered":"RECIBIR\u00c1 EDOM\u00c9X M\u00c1S DE 5 MIL VISITANTES EN TERCER ENCUENTRO NACIONAL DE COORDINADORES DEL PROGRAMA DE AVES URBANAS"},"content":{"rendered":"\n<p>Del 26 al 29 de septiembre del a\u00f1o en curso, los municipios de Jilotepec y Morelos ser\u00e1n sede del Tercer Encuentro Nacional de Coordinadores del Programa de Aves Urbanas (PAU), que, con la observaci\u00f3n de aves en entornos urbanos y suburbanos, estimular\u00e1 el turismo de naturaleza y el ecoturismo en territorio mexiquense.<\/p>\n\n\n\n<p>Al respecto, la Secretaria de Turismo de la entidad, Aurora Gonz\u00e1lez Ledezma, inform\u00f3 que el evento, a cargo de la Asociaci\u00f3n para la Biodiversidad y el Desarrollo Sostenible de M\u00e9xico, tambi\u00e9n se inscribe en el denominado Turismo de Reuniones, pues a lo largo de cuatro d\u00edas, se dar\u00e1n cita 150 coordinadores del PAU procedentes de distintos estados del pa\u00eds, as\u00ed como de Guatemala y Belice.<\/p>\n\n\n\n<p>Tambi\u00e9n contar\u00e1 con 15 invitados especiales de Estados Unidos, Chile, Venezuela, Canad\u00e1, Taiw\u00e1n y M\u00e9xico, adem\u00e1s de 5 mil visitantes, entre observadores de aves, turistas de naturaleza y p\u00fablico en general.<\/p>\n\n\n\n<p>La funcionaria se\u00f1al\u00f3 que la presente administraci\u00f3n, que encabeza Alfredo Del Mazo Maza, ha decidido apoyar al Turismo de Reuniones, pues es uno de los segmentos m\u00e1s rentables para la industria del ramo, ya que aporta recursos econ\u00f3micos y beneficios adicionales a las localidades donde se realiza.<\/p>\n\n\n\n<p>Entre dichos beneficios se encuentra la contrataci\u00f3n de teatros y salones para eventos, traductores, banquetes, equipos de sonido, servicios de video, transporte y dem\u00e1s servicios tur\u00edsticos derivados de la presencia de visitantes.<\/p>\n\n\n\n<p>A\u00f1adi\u00f3 que, el Tercer Encuentro Nacional de Coordinadores del Programa de Aves Urbanas, convoca a familias, estudiantes, agricultores, ganaderos, prestadores de servicios y servidores p\u00fablicos, que tendr\u00e1n la oportunidad de conocer m\u00e1s sobre la grandeza natural, tur\u00edstica y cultural, as\u00ed como el entorno y el medio ambiente en el que se desenvuelven las aves de la regi\u00f3n norte del Estado de M\u00e9xico.<\/p>\n\n\n\n<p>Para concluir, Gonz\u00e1lez Ledezma record\u00f3 que la entidad mexiquense cuenta con excepcionales paisajes de volcanes, presas, lagunas, monta\u00f1as, valles y r\u00edos, sitios irresistibles para los amantes de la naturaleza y de la biodiversidad que existe en su territorio.<\/p>\n","protected":false},"excerpt":{"rendered":"<p>Del 26 al 29 de septiembre del a\u00f1o en curso, los municipios de Jilotepec y Morelos ser\u00e1n sede del Tercer Encuentro Nacional de Coordinadores del Programa de Aves Urbanas (PAU), que, con la observaci\u00f3n de aves en entornos urbanos y suburbanos, estimular\u00e1 el turismo de naturaleza y el ecoturismo en territorio mexiquense. Al respecto, la Secretaria de Turismo de la entidad, Aurora Gonz\u00e1lez Ledezma, inform\u00f3 que el evento, a cargo de la Asociaci\u00f3n para la Biodiversidad y el Desarrollo Sostenible de M\u00e9xico, tambi\u00e9n se inscribe en el denominado Turismo de&hellip;<\/p>\n","protected":false},"author":1,"featured_media":724,"comment_status":"open","ping_status":"open","sticky":false,"template":"","format":"standard","meta":{"footnotes":""},"categories":[11,3,8],"tags":[],"class_list":["post-723","post","type-post","status-publish","format-standard","has-post-thumbnail","hentry","category-cultura","category-gobierno","category-medio-ambiente"],"yoast_head":"<!-- This site is optimized with the Yoast SEO plugin v27.5 - https:\/\/yoast.com\/product\/yoast-seo-wordpress\/ -->\n<title>RECIBIR\u00c1 EDOM\u00c9X M\u00c1S DE 5 MIL VISITANTES EN TERCER ENCUENTRO NACIONAL DE COORDINADORES DEL PROGRAMA DE AVES URBANAS - Expresso Metropolitano<\/title>\n<meta name=\"robots\" content=\"index, follow, max-snippet:-1, max-image-preview:large, max-video-preview:-1\" \/>\n<link rel=\"canonical\" href=\"https:\/\/expressometro.mx\/index.php\/2019\/09\/20\/recibira-edomex-mas-de-5-mil-visitantes-en-tercer-encuentro-nacional-de-coordinadores-del-programa-de-aves-urbanas\/\" \/>\n<meta property=\"og:locale\" content=\"es_MX\" \/>\n<meta property=\"og:type\" content=\"article\" \/>\n<meta property=\"og:title\" content=\"RECIBIR\u00c1 EDOM\u00c9X M\u00c1S DE 5 MIL VISITANTES EN TERCER ENCUENTRO NACIONAL DE COORDINADORES DEL PROGRAMA DE AVES URBANAS - Expresso Metropolitano\" \/>\n<meta property=\"og:description\" content=\"Del 26 al 29 de septiembre del a\u00f1o en curso, los municipios de Jilotepec y Morelos ser\u00e1n sede del Tercer Encuentro Nacional de Coordinadores del Programa de Aves Urbanas (PAU), que, con la observaci\u00f3n de aves en entornos urbanos y suburbanos, estimular\u00e1 el turismo de naturaleza y el ecoturismo en territorio mexiquense. Al respecto, la Secretaria de Turismo de la entidad, Aurora Gonz\u00e1lez Ledezma, inform\u00f3 que el evento, a cargo de la Asociaci\u00f3n para la Biodiversidad y el Desarrollo Sostenible de M\u00e9xico, tambi\u00e9n se inscribe en el denominado Turismo de&hellip;\" \/>\n<meta property=\"og:url\" content=\"https:\/\/expressometro.mx\/index.php\/2019\/09\/20\/recibira-edomex-mas-de-5-mil-visitantes-en-tercer-encuentro-nacional-de-coordinadores-del-programa-de-aves-urbanas\/\" \/>\n<meta property=\"og:site_name\" content=\"Expresso Metropolitano\" \/>\n<meta property=\"article:published_time\" content=\"2019-09-20T22:41:09+00:00\" \/>\n<meta property=\"article:modified_time\" content=\"2019-09-20T22:41:15+00:00\" \/>\n<meta property=\"og:image\" content=\"https:\/\/expressometro.mx\/wp-content\/uploads\/2019\/09\/D9E3DCB2-BF05-4F47-B9A2-16885F1E6209.jpeg\" \/>\n\t<meta property=\"og:image:width\" content=\"1500\" \/>\n\t<meta property=\"og:image:height\" content=\"1000\" \/>\n\t<meta property=\"og:image:type\" content=\"image\/jpeg\" \/>\n<meta name=\"author\" content=\"Expresso Metropolitano\" \/>\n<meta name=\"twitter:label1\" content=\"Escrito por\" \/>\n\t<meta name=\"twitter:data1\" content=\"Expresso Metropolitano\" \/>\n\t<meta name=\"twitter:label2\" content=\"Tiempo de lectura\" \/>\n\t<meta name=\"twitter:data2\" content=\"2 minutos\" \/>\n<script type=\"application\/ld+json\" class=\"yoast-schema-graph\">{\"@context\":\"https:\\\/\\\/schema.org\",\"@graph\":[{\"@type\":\"Article\",\"@id\":\"https:\\\/\\\/expressometro.mx\\\/index.php\\\/2019\\\/09\\\/20\\\/recibira-edomex-mas-de-5-mil-visitantes-en-tercer-encuentro-nacional-de-coordinadores-del-programa-de-aves-urbanas\\\/#article\",\"isPartOf\":{\"@id\":\"https:\\\/\\\/expressometro.mx\\\/index.php\\\/2019\\\/09\\\/20\\\/recibira-edomex-mas-de-5-mil-visitantes-en-tercer-encuentro-nacional-de-coordinadores-del-programa-de-aves-urbanas\\\/\"},\"author\":{\"name\":\"Expresso Metropolitano\",\"@id\":\"https:\\\/\\\/expressometro.mx\\\/#\\\/schema\\\/person\\\/efa971b4a0664db8ed5c22b1b0dd2f5d\"},\"headline\":\"RECIBIR\u00c1 EDOM\u00c9X M\u00c1S DE 5 MIL VISITANTES EN TERCER ENCUENTRO NACIONAL DE COORDINADORES DEL PROGRAMA DE AVES URBANAS\",\"datePublished\":\"2019-09-20T22:41:09+00:00\",\"dateModified\":\"2019-09-20T22:41:15+00:00\",\"mainEntityOfPage\":{\"@id\":\"https:\\\/\\\/expressometro.mx\\\/index.php\\\/2019\\\/09\\\/20\\\/recibira-edomex-mas-de-5-mil-visitantes-en-tercer-encuentro-nacional-de-coordinadores-del-programa-de-aves-urbanas\\\/\"},\"wordCount\":373,\"commentCount\":0,\"publisher\":{\"@id\":\"https:\\\/\\\/expressometro.mx\\\/#organization\"},\"image\":{\"@id\":\"https:\\\/\\\/expressometro.mx\\\/index.php\\\/2019\\\/09\\\/20\\\/recibira-edomex-mas-de-5-mil-visitantes-en-tercer-encuentro-nacional-de-coordinadores-del-programa-de-aves-urbanas\\\/#primaryimage\"},\"thumbnailUrl\":\"https:\\\/\\\/expressometro.mx\\\/wp-content\\\/uploads\\\/2019\\\/09\\\/D9E3DCB2-BF05-4F47-B9A2-16885F1E6209.jpeg\",\"articleSection\":[\"Cultura\",\"Gobierno\",\"Medio ambiente\"],\"inLanguage\":\"es\",\"potentialAction\":[{\"@type\":\"CommentAction\",\"name\":\"Comment\",\"target\":[\"https:\\\/\\\/expressometro.mx\\\/index.php\\\/2019\\\/09\\\/20\\\/recibira-edomex-mas-de-5-mil-visitantes-en-tercer-encuentro-nacional-de-coordinadores-del-programa-de-aves-urbanas\\\/#respond\"]}]},{\"@type\":\"WebPage\",\"@id\":\"https:\\\/\\\/expressometro.mx\\\/index.php\\\/2019\\\/09\\\/20\\\/recibira-edomex-mas-de-5-mil-visitantes-en-tercer-encuentro-nacional-de-coordinadores-del-programa-de-aves-urbanas\\\/\",\"url\":\"https:\\\/\\\/expressometro.mx\\\/index.php\\\/2019\\\/09\\\/20\\\/recibira-edomex-mas-de-5-mil-visitantes-en-tercer-encuentro-nacional-de-coordinadores-del-programa-de-aves-urbanas\\\/\",\"name\":\"RECIBIR\u00c1 EDOM\u00c9X M\u00c1S DE 5 MIL VISITANTES EN TERCER ENCUENTRO NACIONAL DE COORDINADORES DEL PROGRAMA DE AVES URBANAS - Expresso Metropolitano\",\"isPartOf\":{\"@id\":\"https:\\\/\\\/expressometro.mx\\\/#website\"},\"primaryImageOfPage\":{\"@id\":\"https:\\\/\\\/expressometro.mx\\\/index.php\\\/2019\\\/09\\\/20\\\/recibira-edomex-mas-de-5-mil-visitantes-en-tercer-encuentro-nacional-de-coordinadores-del-programa-de-aves-urbanas\\\/#primaryimage\"},\"image\":{\"@id\":\"https:\\\/\\\/expressometro.mx\\\/index.php\\\/2019\\\/09\\\/20\\\/recibira-edomex-mas-de-5-mil-visitantes-en-tercer-encuentro-nacional-de-coordinadores-del-programa-de-aves-urbanas\\\/#primaryimage\"},\"thumbnailUrl\":\"https:\\\/\\\/expressometro.mx\\\/wp-content\\\/uploads\\\/2019\\\/09\\\/D9E3DCB2-BF05-4F47-B9A2-16885F1E6209.jpeg\",\"datePublished\":\"2019-09-20T22:41:09+00:00\",\"dateModified\":\"2019-09-20T22:41:15+00:00\",\"breadcrumb\":{\"@id\":\"https:\\\/\\\/expressometro.mx\\\/index.php\\\/2019\\\/09\\\/20\\\/recibira-edomex-mas-de-5-mil-visitantes-en-tercer-encuentro-nacional-de-coordinadores-del-programa-de-aves-urbanas\\\/#breadcrumb\"},\"inLanguage\":\"es\",\"potentialAction\":[{\"@type\":\"ReadAction\",\"target\":[\"https:\\\/\\\/expressometro.mx\\\/index.php\\\/2019\\\/09\\\/20\\\/recibira-edomex-mas-de-5-mil-visitantes-en-tercer-encuentro-nacional-de-coordinadores-del-programa-de-aves-urbanas\\\/\"]}]},{\"@type\":\"ImageObject\",\"inLanguage\":\"es\",\"@id\":\"https:\\\/\\\/expressometro.mx\\\/index.php\\\/2019\\\/09\\\/20\\\/recibira-edomex-mas-de-5-mil-visitantes-en-tercer-encuentro-nacional-de-coordinadores-del-programa-de-aves-urbanas\\\/#primaryimage\",\"url\":\"https:\\\/\\\/expressometro.mx\\\/wp-content\\\/uploads\\\/2019\\\/09\\\/D9E3DCB2-BF05-4F47-B9A2-16885F1E6209.jpeg\",\"contentUrl\":\"https:\\\/\\\/expressometro.mx\\\/wp-content\\\/uploads\\\/2019\\\/09\\\/D9E3DCB2-BF05-4F47-B9A2-16885F1E6209.jpeg\",\"width\":1500,\"height\":1000},{\"@type\":\"BreadcrumbList\",\"@id\":\"https:\\\/\\\/expressometro.mx\\\/index.php\\\/2019\\\/09\\\/20\\\/recibira-edomex-mas-de-5-mil-visitantes-en-tercer-encuentro-nacional-de-coordinadores-del-programa-de-aves-urbanas\\\/#breadcrumb\",\"itemListElement\":[{\"@type\":\"ListItem\",\"position\":1,\"name\":\"Inicio\",\"item\":\"https:\\\/\\\/expressometro.mx\\\/\"},{\"@type\":\"ListItem\",\"position\":2,\"name\":\"RECIBIR\u00c1 EDOM\u00c9X M\u00c1S DE 5 MIL VISITANTES EN TERCER ENCUENTRO NACIONAL DE COORDINADORES DEL PROGRAMA DE AVES URBANAS\"}]},{\"@type\":\"WebSite\",\"@id\":\"https:\\\/\\\/expressometro.mx\\\/#website\",\"url\":\"https:\\\/\\\/expressometro.mx\\\/\",\"name\":\"Expresso Metropolitano\",\"description\":\"Periodismo comprometido, informaci\u00f3n, investigaci\u00f3n y an\u00e1lisis\",\"publisher\":{\"@id\":\"https:\\\/\\\/expressometro.mx\\\/#organization\"},\"potentialAction\":[{\"@type\":\"SearchAction\",\"target\":{\"@type\":\"EntryPoint\",\"urlTemplate\":\"https:\\\/\\\/expressometro.mx\\\/?s={search_term_string}\"},\"query-input\":{\"@type\":\"PropertyValueSpecification\",\"valueRequired\":true,\"valueName\":\"search_term_string\"}}],\"inLanguage\":\"es\"},{\"@type\":\"Organization\",\"@id\":\"https:\\\/\\\/expressometro.mx\\\/#organization\",\"name\":\"Expresso Metropolitano\",\"url\":\"https:\\\/\\\/expressometro.mx\\\/\",\"logo\":{\"@type\":\"ImageObject\",\"inLanguage\":\"es\",\"@id\":\"https:\\\/\\\/expressometro.mx\\\/#\\\/schema\\\/logo\\\/image\\\/\",\"url\":\"https:\\\/\\\/expressometro.mx\\\/wp-content\\\/uploads\\\/2019\\\/07\\\/cropped-Logo-Expresso-Metropolitano-1-1.jpeg\",\"contentUrl\":\"https:\\\/\\\/expressometro.mx\\\/wp-content\\\/uploads\\\/2019\\\/07\\\/cropped-Logo-Expresso-Metropolitano-1-1.jpeg\",\"width\":290,\"height\":73,\"caption\":\"Expresso Metropolitano\"},\"image\":{\"@id\":\"https:\\\/\\\/expressometro.mx\\\/#\\\/schema\\\/logo\\\/image\\\/\"}},{\"@type\":\"Person\",\"@id\":\"https:\\\/\\\/expressometro.mx\\\/#\\\/schema\\\/person\\\/efa971b4a0664db8ed5c22b1b0dd2f5d\",\"name\":\"Expresso Metropolitano\",\"image\":{\"@type\":\"ImageObject\",\"inLanguage\":\"es\",\"@id\":\"https:\\\/\\\/secure.gravatar.com\\\/avatar\\\/a89f802b8de18c6952f223c88d3d106e9e3679839f4e25a02f4a6cc2ae6ba3b3?s=96&d=mm&r=g\",\"url\":\"https:\\\/\\\/secure.gravatar.com\\\/avatar\\\/a89f802b8de18c6952f223c88d3d106e9e3679839f4e25a02f4a6cc2ae6ba3b3?s=96&d=mm&r=g\",\"contentUrl\":\"https:\\\/\\\/secure.gravatar.com\\\/avatar\\\/a89f802b8de18c6952f223c88d3d106e9e3679839f4e25a02f4a6cc2ae6ba3b3?s=96&d=mm&r=g\",\"caption\":\"Expresso Metropolitano\"},\"url\":\"https:\\\/\\\/expressometro.mx\\\/index.php\\\/author\\\/diego\\\/\"}]}<\/script>\n<!-- \/ Yoast SEO plugin. -->","yoast_head_json":{"title":"RECIBIR\u00c1 EDOM\u00c9X M\u00c1S DE 5 MIL VISITANTES EN TERCER ENCUENTRO NACIONAL DE COORDINADORES DEL PROGRAMA DE AVES URBANAS - Expresso Metropolitano","robots":{"index":"index","follow":"follow","max-snippet":"max-snippet:-1","max-image-preview":"max-image-preview:large","max-video-preview":"max-video-preview:-1"},"canonical":"https:\/\/expressometro.mx\/index.php\/2019\/09\/20\/recibira-edomex-mas-de-5-mil-visitantes-en-tercer-encuentro-nacional-de-coordinadores-del-programa-de-aves-urbanas\/","og_locale":"es_MX","og_type":"article","og_title":"RECIBIR\u00c1 EDOM\u00c9X M\u00c1S DE 5 MIL VISITANTES EN TERCER ENCUENTRO NACIONAL DE COORDINADORES DEL PROGRAMA DE AVES URBANAS - Expresso Metropolitano","og_description":"Del 26 al 29 de septiembre del a\u00f1o en curso, los municipios de Jilotepec y Morelos ser\u00e1n sede del Tercer Encuentro Nacional de Coordinadores del Programa de Aves Urbanas (PAU), que, con la observaci\u00f3n de aves en entornos urbanos y suburbanos, estimular\u00e1 el turismo de naturaleza y el ecoturismo en territorio mexiquense. Al respecto, la Secretaria de Turismo de la entidad, Aurora Gonz\u00e1lez Ledezma, inform\u00f3 que el evento, a cargo de la Asociaci\u00f3n para la Biodiversidad y el Desarrollo Sostenible de M\u00e9xico, tambi\u00e9n se inscribe en el denominado Turismo de&hellip;","og_url":"https:\/\/expressometro.mx\/index.php\/2019\/09\/20\/recibira-edomex-mas-de-5-mil-visitantes-en-tercer-encuentro-nacional-de-coordinadores-del-programa-de-aves-urbanas\/","og_site_name":"Expresso Metropolitano","article_published_time":"2019-09-20T22:41:09+00:00","article_modified_time":"2019-09-20T22:41:15+00:00","og_image":[{"width":1500,"height":1000,"url":"https:\/\/expressometro.mx\/wp-content\/uploads\/2019\/09\/D9E3DCB2-BF05-4F47-B9A2-16885F1E6209.jpeg","type":"image\/jpeg"}],"author":"Expresso Metropolitano","twitter_misc":{"Escrito por":"Expresso Metropolitano","Tiempo de lectura":"2 minutos"},"schema":{"@context":"https:\/\/schema.org","@graph":[{"@type":"Article","@id":"https:\/\/expressometro.mx\/index.php\/2019\/09\/20\/recibira-edomex-mas-de-5-mil-visitantes-en-tercer-encuentro-nacional-de-coordinadores-del-programa-de-aves-urbanas\/#article","isPartOf":{"@id":"https:\/\/expressometro.mx\/index.php\/2019\/09\/20\/recibira-edomex-mas-de-5-mil-visitantes-en-tercer-encuentro-nacional-de-coordinadores-del-programa-de-aves-urbanas\/"},"author":{"name":"Expresso Metropolitano","@id":"https:\/\/expressometro.mx\/#\/schema\/person\/efa971b4a0664db8ed5c22b1b0dd2f5d"},"headline":"RECIBIR\u00c1 EDOM\u00c9X M\u00c1S DE 5 MIL VISITANTES EN TERCER ENCUENTRO NACIONAL DE COORDINADORES DEL PROGRAMA DE AVES URBANAS","datePublished":"2019-09-20T22:41:09+00:00","dateModified":"2019-09-20T22:41:15+00:00","mainEntityOfPage":{"@id":"https:\/\/expressometro.mx\/index.php\/2019\/09\/20\/recibira-edomex-mas-de-5-mil-visitantes-en-tercer-encuentro-nacional-de-coordinadores-del-programa-de-aves-urbanas\/"},"wordCount":373,"commentCount":0,"publisher":{"@id":"https:\/\/expressometro.mx\/#organization"},"image":{"@id":"https:\/\/expressometro.mx\/index.php\/2019\/09\/20\/recibira-edomex-mas-de-5-mil-visitantes-en-tercer-encuentro-nacional-de-coordinadores-del-programa-de-aves-urbanas\/#primaryimage"},"thumbnailUrl":"https:\/\/expressometro.mx\/wp-content\/uploads\/2019\/09\/D9E3DCB2-BF05-4F47-B9A2-16885F1E6209.jpeg","articleSection":["Cultura","Gobierno","Medio ambiente"],"inLanguage":"es","potentialAction":[{"@type":"CommentAction","name":"Comment","target":["https:\/\/expressometro.mx\/index.php\/2019\/09\/20\/recibira-edomex-mas-de-5-mil-visitantes-en-tercer-encuentro-nacional-de-coordinadores-del-programa-de-aves-urbanas\/#respond"]}]},{"@type":"WebPage","@id":"https:\/\/expressometro.mx\/index.php\/2019\/09\/20\/recibira-edomex-mas-de-5-mil-visitantes-en-tercer-encuentro-nacional-de-coordinadores-del-programa-de-aves-urbanas\/","url":"https:\/\/expressometro.mx\/index.php\/2019\/09\/20\/recibira-edomex-mas-de-5-mil-visitantes-en-tercer-encuentro-nacional-de-coordinadores-del-programa-de-aves-urbanas\/","name":"RECIBIR\u00c1 EDOM\u00c9X M\u00c1S DE 5 MIL VISITANTES EN TERCER ENCUENTRO NACIONAL DE COORDINADORES DEL PROGRAMA DE AVES URBANAS - Expresso Metropolitano","isPartOf":{"@id":"https:\/\/expressometro.mx\/#website"},"primaryImageOfPage":{"@id":"https:\/\/expressometro.mx\/index.php\/2019\/09\/20\/recibira-edomex-mas-de-5-mil-visitantes-en-tercer-encuentro-nacional-de-coordinadores-del-programa-de-aves-urbanas\/#primaryimage"},"image":{"@id":"https:\/\/expressometro.mx\/index.php\/2019\/09\/20\/recibira-edomex-mas-de-5-mil-visitantes-en-tercer-encuentro-nacional-de-coordinadores-del-programa-de-aves-urbanas\/#primaryimage"},"thumbnailUrl":"https:\/\/expressometro.mx\/wp-content\/uploads\/2019\/09\/D9E3DCB2-BF05-4F47-B9A2-16885F1E6209.jpeg","datePublished":"2019-09-20T22:41:09+00:00","dateModified":"2019-09-20T22:41:15+00:00","breadcrumb":{"@id":"https:\/\/expressometro.mx\/index.php\/2019\/09\/20\/recibira-edomex-mas-de-5-mil-visitantes-en-tercer-encuentro-nacional-de-coordinadores-del-programa-de-aves-urbanas\/#breadcrumb"},"inLanguage":"es","potentialAction":[{"@type":"ReadAction","target":["https:\/\/expressometro.mx\/index.php\/2019\/09\/20\/recibira-edomex-mas-de-5-mil-visitantes-en-tercer-encuentro-nacional-de-coordinadores-del-programa-de-aves-urbanas\/"]}]},{"@type":"ImageObject","inLanguage":"es","@id":"https:\/\/expressometro.mx\/index.php\/2019\/09\/20\/recibira-edomex-mas-de-5-mil-visitantes-en-tercer-encuentro-nacional-de-coordinadores-del-programa-de-aves-urbanas\/#primaryimage","url":"https:\/\/expressometro.mx\/wp-content\/uploads\/2019\/09\/D9E3DCB2-BF05-4F47-B9A2-16885F1E6209.jpeg","contentUrl":"https:\/\/expressometro.mx\/wp-content\/uploads\/2019\/09\/D9E3DCB2-BF05-4F47-B9A2-16885F1E6209.jpeg","width":1500,"height":1000},{"@type":"BreadcrumbList","@id":"https:\/\/expressometro.mx\/index.php\/2019\/09\/20\/recibira-edomex-mas-de-5-mil-visitantes-en-tercer-encuentro-nacional-de-coordinadores-del-programa-de-aves-urbanas\/#breadcrumb","itemListElement":[{"@type":"ListItem","position":1,"name":"Inicio","item":"https:\/\/expressometro.mx\/"},{"@type":"ListItem","position":2,"name":"RECIBIR\u00c1 EDOM\u00c9X M\u00c1S DE 5 MIL VISITANTES EN TERCER ENCUENTRO NACIONAL DE COORDINADORES DEL PROGRAMA DE AVES URBANAS"}]},{"@type":"WebSite","@id":"https:\/\/expressometro.mx\/#website","url":"https:\/\/expressometro.mx\/","name":"Expresso Metropolitano","description":"Periodismo comprometido, informaci\u00f3n, investigaci\u00f3n y an\u00e1lisis","publisher":{"@id":"https:\/\/expressometro.mx\/#organization"},"potentialAction":[{"@type":"SearchAction","target":{"@type":"EntryPoint","urlTemplate":"https:\/\/expressometro.mx\/?s={search_term_string}"},"query-input":{"@type":"PropertyValueSpecification","valueRequired":true,"valueName":"search_term_string"}}],"inLanguage":"es"},{"@type":"Organization","@id":"https:\/\/expressometro.mx\/#organization","name":"Expresso Metropolitano","url":"https:\/\/expressometro.mx\/","logo":{"@type":"ImageObject","inLanguage":"es","@id":"https:\/\/expressometro.mx\/#\/schema\/logo\/image\/","url":"https:\/\/expressometro.mx\/wp-content\/uploads\/2019\/07\/cropped-Logo-Expresso-Metropolitano-1-1.jpeg","contentUrl":"https:\/\/expressometro.mx\/wp-content\/uploads\/2019\/07\/cropped-Logo-Expresso-Metropolitano-1-1.jpeg","width":290,"height":73,"caption":"Expresso Metropolitano"},"image":{"@id":"https:\/\/expressometro.mx\/#\/schema\/logo\/image\/"}},{"@type":"Person","@id":"https:\/\/expressometro.mx\/#\/schema\/person\/efa971b4a0664db8ed5c22b1b0dd2f5d","name":"Expresso Metropolitano","image":{"@type":"ImageObject","inLanguage":"es","@id":"https:\/\/secure.gravatar.com\/avatar\/a89f802b8de18c6952f223c88d3d106e9e3679839f4e25a02f4a6cc2ae6ba3b3?s=96&d=mm&r=g","url":"https:\/\/secure.gravatar.com\/avatar\/a89f802b8de18c6952f223c88d3d106e9e3679839f4e25a02f4a6cc2ae6ba3b3?s=96&d=mm&r=g","contentUrl":"https:\/\/secure.gravatar.com\/avatar\/a89f802b8de18c6952f223c88d3d106e9e3679839f4e25a02f4a6cc2ae6ba3b3?s=96&d=mm&r=g","caption":"Expresso Metropolitano"},"url":"https:\/\/expressometro.mx\/index.php\/author\/diego\/"}]}},"amp_enabled":true,"_links":{"self":[{"href":"https:\/\/expressometro.mx\/index.php\/wp-json\/wp\/v2\/posts\/723","targetHints":{"allow":["GET"]}}],"collection":[{"href":"https:\/\/expressometro.mx\/index.php\/wp-json\/wp\/v2\/posts"}],"about":[{"href":"https:\/\/expressometro.mx\/index.php\/wp-json\/wp\/v2\/types\/post"}],"author":[{"embeddable":true,"href":"https:\/\/expressometro.mx\/index.php\/wp-json\/wp\/v2\/users\/1"}],"replies":[{"embeddable":true,"href":"https:\/\/expressometro.mx\/index.php\/wp-json\/wp\/v2\/comments?post=723"}],"version-history":[{"count":1,"href":"https:\/\/expressometro.mx\/index.php\/wp-json\/wp\/v2\/posts\/723\/revisions"}],"predecessor-version":[{"id":725,"href":"https:\/\/expressometro.mx\/index.php\/wp-json\/wp\/v2\/posts\/723\/revisions\/725"}],"wp:featuredmedia":[{"embeddable":true,"href":"https:\/\/expressometro.mx\/index.php\/wp-json\/wp\/v2\/media\/724"}],"wp:attachment":[{"href":"https:\/\/expressometro.mx\/index.php\/wp-json\/wp\/v2\/media?parent=723"}],"wp:term":[{"taxonomy":"category","embeddable":true,"href":"https:\/\/expressometro.mx\/index.php\/wp-json\/wp\/v2\/categories?post=723"},{"taxonomy":"post_tag","embeddable":true,"href":"https:\/\/expressometro.mx\/index.php\/wp-json\/wp\/v2\/tags?post=723"}],"curies":[{"name":"wp","href":"https:\/\/api.w.org\/{rel}","templated":true}]}}