{"id":7212,"date":"2023-06-09T08:59:20","date_gmt":"2023-06-09T13:59:20","guid":{"rendered":"https:\/\/expressometro.mx\/?p=7212"},"modified":"2023-06-22T09:08:29","modified_gmt":"2023-06-22T14:08:29","slug":"gira-de-trabajo-jesus-cedillo","status":"publish","type":"post","link":"https:\/\/expressometro.mx\/index.php\/2023\/06\/09\/gira-de-trabajo-jesus-cedillo\/","title":{"rendered":"Gira de Trabajo, Jes\u00fas Cedillo"},"content":{"rendered":"\n<p>En pro de fortalecer la seguridad en el Municipio, el Presidente Municipal Jes\u00fas Cedillo Gonz\u00e1lez entreg\u00f3 c\u00e1maras de videovigilancia en la comunidad de la Venta Yeche, las cuales se suman a las ya existentes y estar\u00e1n conectadas al Centro de Mando, con el prop\u00f3sito de mantener una vigilancia constante a lo largo del territorio Jocotitlense.<\/p>\n\n\n\n<p>En la Comunidad de Huemetla el Presidente Municipal Jes\u00fas Cedillo Gonz\u00e1lez supervis\u00f3 los trabajos de la construcci\u00f3n de la barda perimetral y del port\u00f3n de acceso principal del Centro de Salud, lo que garantizar\u00e1 la seguridad para los pacientes y el personal m\u00e9dico.<\/p>\n\n\n\n<figure class=\"wp-block-image size-large\"><img decoding=\"async\" width=\"640\" height=\"480\" src=\"http:\/\/expressometro.mx\/wp-content\/uploads\/2023\/06\/Barda-640x480.jpg\" alt=\"\" class=\"wp-image-7215\" srcset=\"https:\/\/expressometro.mx\/wp-content\/uploads\/2023\/06\/Barda-640x480.jpg 640w, https:\/\/expressometro.mx\/wp-content\/uploads\/2023\/06\/Barda-487x365.jpg 487w, https:\/\/expressometro.mx\/wp-content\/uploads\/2023\/06\/Barda-768x576.jpg 768w, https:\/\/expressometro.mx\/wp-content\/uploads\/2023\/06\/Barda-1536x1152.jpg 1536w, https:\/\/expressometro.mx\/wp-content\/uploads\/2023\/06\/Barda.jpg 2048w\" sizes=\"(max-width: 640px) 100vw, 640px\" \/><\/figure>\n\n\n\n<p>Damos mantenimiento a las v\u00edas de comunicaci\u00f3n del Municipio; continuamos con el bacheo con mezcla asf\u00e1ltica en el municipio, lo que permitir\u00e1 que la ciudadan\u00eda transite de mejor manera.<\/p>\n\n\n\n<p>El Presidente Municipal Jes\u00fas Cedillo Gonz\u00e1lez contin\u00faa los trabajos de desasolve de la Presa de La Redonda de San Francisco Cheje con el fin de mejorar su productividad y captaci\u00f3n de agua ya que se convierte en una herramienta fundamental para la labor del sector agropecuario.<\/p>\n\n\n\n<figure class=\"wp-block-image size-large\"><img decoding=\"async\" width=\"640\" height=\"480\" src=\"http:\/\/expressometro.mx\/wp-content\/uploads\/2023\/06\/Desazolve-presa-640x480.jpg\" alt=\"\" class=\"wp-image-7216\" srcset=\"https:\/\/expressometro.mx\/wp-content\/uploads\/2023\/06\/Desazolve-presa-640x480.jpg 640w, https:\/\/expressometro.mx\/wp-content\/uploads\/2023\/06\/Desazolve-presa-487x365.jpg 487w, https:\/\/expressometro.mx\/wp-content\/uploads\/2023\/06\/Desazolve-presa-768x576.jpg 768w, https:\/\/expressometro.mx\/wp-content\/uploads\/2023\/06\/Desazolve-presa-1536x1152.jpg 1536w, https:\/\/expressometro.mx\/wp-content\/uploads\/2023\/06\/Desazolve-presa.jpg 2048w\" sizes=\"(max-width: 640px) 100vw, 640px\" \/><\/figure>\n\n\n\n<p>Como \u00faltimo punto de la gira del d\u00eda de hoy, el Presidente Municipal Jes\u00fas Cedillo Gonz\u00e1lez estuvo en la comunidad de San Jacinto para supervisar el revestimiento de camino, con lo cual ahora los habitantes de \u00e9ste lugar podr\u00e1n transitar de mejor manera.<\/p>\n\n\n\n<figure class=\"wp-block-image size-large\"><img decoding=\"async\" width=\"374\" height=\"480\" src=\"http:\/\/expressometro.mx\/wp-content\/uploads\/2023\/06\/Ultimo-punto-374x480.jpg\" alt=\"\" class=\"wp-image-7217\" srcset=\"https:\/\/expressometro.mx\/wp-content\/uploads\/2023\/06\/Ultimo-punto-374x480.jpg 374w, https:\/\/expressometro.mx\/wp-content\/uploads\/2023\/06\/Ultimo-punto-284x365.jpg 284w, https:\/\/expressometro.mx\/wp-content\/uploads\/2023\/06\/Ultimo-punto-768x986.jpg 768w, https:\/\/expressometro.mx\/wp-content\/uploads\/2023\/06\/Ultimo-punto-1197x1536.jpg 1197w, https:\/\/expressometro.mx\/wp-content\/uploads\/2023\/06\/Ultimo-punto.jpg 1596w\" sizes=\"(max-width: 374px) 100vw, 374px\" \/><\/figure>\n","protected":false},"excerpt":{"rendered":"<p>En pro de fortalecer la seguridad en el Municipio, el Presidente Municipal Jes\u00fas Cedillo Gonz\u00e1lez entreg\u00f3 c\u00e1maras de videovigilancia en la comunidad de la Venta Yeche, las cuales se suman a las ya existentes y estar\u00e1n conectadas al Centro de Mando, con el prop\u00f3sito de mantener una vigilancia constante a lo largo del territorio Jocotitlense.<\/p>\n","protected":false},"author":1,"featured_media":7214,"comment_status":"open","ping_status":"open","sticky":false,"template":"","format":"standard","meta":{"footnotes":""},"categories":[8,5,6],"tags":[1982,1790,324],"class_list":["post-7212","post","type-post","status-publish","format-standard","has-post-thumbnail","hentry","category-medio-ambiente","category-salud","category-seguridad","tag-edomex","tag-jesus-cedillo-gonzalez","tag-jocotitlan"],"yoast_head":"<!-- This site is optimized with the Yoast SEO plugin v27.4 - https:\/\/yoast.com\/product\/yoast-seo-wordpress\/ -->\n<title>Gira de Trabajo, Jes\u00fas Cedillo - Expresso Metropolitano<\/title>\n<meta name=\"robots\" content=\"index, follow, max-snippet:-1, max-image-preview:large, max-video-preview:-1\" \/>\n<link rel=\"canonical\" href=\"https:\/\/expressometro.mx\/index.php\/2023\/06\/09\/gira-de-trabajo-jesus-cedillo\/\" \/>\n<meta property=\"og:locale\" content=\"es_MX\" \/>\n<meta property=\"og:type\" content=\"article\" \/>\n<meta property=\"og:title\" content=\"Gira de Trabajo, Jes\u00fas Cedillo - Expresso Metropolitano\" \/>\n<meta property=\"og:description\" content=\"En pro de fortalecer la seguridad en el Municipio, el Presidente Municipal Jes\u00fas Cedillo Gonz\u00e1lez entreg\u00f3 c\u00e1maras de videovigilancia en la comunidad de la Venta Yeche, las cuales se suman a las ya existentes y estar\u00e1n conectadas al Centro de Mando, con el prop\u00f3sito de mantener una vigilancia constante a lo largo del territorio Jocotitlense.\" \/>\n<meta property=\"og:url\" content=\"https:\/\/expressometro.mx\/index.php\/2023\/06\/09\/gira-de-trabajo-jesus-cedillo\/\" \/>\n<meta property=\"og:site_name\" content=\"Expresso Metropolitano\" \/>\n<meta property=\"article:published_time\" content=\"2023-06-09T13:59:20+00:00\" \/>\n<meta property=\"article:modified_time\" content=\"2023-06-22T14:08:29+00:00\" \/>\n<meta property=\"og:image\" content=\"http:\/\/expressometro.mx\/wp-content\/uploads\/2023\/06\/Camaras.jpg\" \/>\n\t<meta property=\"og:image:width\" content=\"2048\" \/>\n\t<meta property=\"og:image:height\" content=\"1536\" \/>\n\t<meta property=\"og:image:type\" content=\"image\/jpeg\" \/>\n<meta name=\"author\" content=\"Expresso Metropolitano\" \/>\n<meta name=\"twitter:label1\" content=\"Escrito por\" \/>\n\t<meta name=\"twitter:data1\" content=\"Expresso Metropolitano\" \/>\n\t<meta name=\"twitter:label2\" content=\"Tiempo de lectura\" \/>\n\t<meta name=\"twitter:data2\" content=\"2 minutos\" \/>\n<script type=\"application\/ld+json\" class=\"yoast-schema-graph\">{\"@context\":\"https:\\\/\\\/schema.org\",\"@graph\":[{\"@type\":\"Article\",\"@id\":\"https:\\\/\\\/expressometro.mx\\\/index.php\\\/2023\\\/06\\\/09\\\/gira-de-trabajo-jesus-cedillo\\\/#article\",\"isPartOf\":{\"@id\":\"https:\\\/\\\/expressometro.mx\\\/index.php\\\/2023\\\/06\\\/09\\\/gira-de-trabajo-jesus-cedillo\\\/\"},\"author\":{\"name\":\"Expresso Metropolitano\",\"@id\":\"https:\\\/\\\/expressometro.mx\\\/#\\\/schema\\\/person\\\/efa971b4a0664db8ed5c22b1b0dd2f5d\"},\"headline\":\"Gira de Trabajo, Jes\u00fas Cedillo\",\"datePublished\":\"2023-06-09T13:59:20+00:00\",\"dateModified\":\"2023-06-22T14:08:29+00:00\",\"mainEntityOfPage\":{\"@id\":\"https:\\\/\\\/expressometro.mx\\\/index.php\\\/2023\\\/06\\\/09\\\/gira-de-trabajo-jesus-cedillo\\\/\"},\"wordCount\":244,\"commentCount\":0,\"publisher\":{\"@id\":\"https:\\\/\\\/expressometro.mx\\\/#organization\"},\"image\":{\"@id\":\"https:\\\/\\\/expressometro.mx\\\/index.php\\\/2023\\\/06\\\/09\\\/gira-de-trabajo-jesus-cedillo\\\/#primaryimage\"},\"thumbnailUrl\":\"https:\\\/\\\/expressometro.mx\\\/wp-content\\\/uploads\\\/2023\\\/06\\\/Camaras.jpg\",\"keywords\":[\"Edomex\",\"Jes\u00fas Cedillo Gonz\u00e1lez\",\"Jocotitl\u00e1n\"],\"articleSection\":[\"Medio ambiente\",\"Salud\",\"Seguridad\"],\"inLanguage\":\"es\",\"potentialAction\":[{\"@type\":\"CommentAction\",\"name\":\"Comment\",\"target\":[\"https:\\\/\\\/expressometro.mx\\\/index.php\\\/2023\\\/06\\\/09\\\/gira-de-trabajo-jesus-cedillo\\\/#respond\"]}]},{\"@type\":\"WebPage\",\"@id\":\"https:\\\/\\\/expressometro.mx\\\/index.php\\\/2023\\\/06\\\/09\\\/gira-de-trabajo-jesus-cedillo\\\/\",\"url\":\"https:\\\/\\\/expressometro.mx\\\/index.php\\\/2023\\\/06\\\/09\\\/gira-de-trabajo-jesus-cedillo\\\/\",\"name\":\"Gira de Trabajo, Jes\u00fas Cedillo - Expresso Metropolitano\",\"isPartOf\":{\"@id\":\"https:\\\/\\\/expressometro.mx\\\/#website\"},\"primaryImageOfPage\":{\"@id\":\"https:\\\/\\\/expressometro.mx\\\/index.php\\\/2023\\\/06\\\/09\\\/gira-de-trabajo-jesus-cedillo\\\/#primaryimage\"},\"image\":{\"@id\":\"https:\\\/\\\/expressometro.mx\\\/index.php\\\/2023\\\/06\\\/09\\\/gira-de-trabajo-jesus-cedillo\\\/#primaryimage\"},\"thumbnailUrl\":\"https:\\\/\\\/expressometro.mx\\\/wp-content\\\/uploads\\\/2023\\\/06\\\/Camaras.jpg\",\"datePublished\":\"2023-06-09T13:59:20+00:00\",\"dateModified\":\"2023-06-22T14:08:29+00:00\",\"breadcrumb\":{\"@id\":\"https:\\\/\\\/expressometro.mx\\\/index.php\\\/2023\\\/06\\\/09\\\/gira-de-trabajo-jesus-cedillo\\\/#breadcrumb\"},\"inLanguage\":\"es\",\"potentialAction\":[{\"@type\":\"ReadAction\",\"target\":[\"https:\\\/\\\/expressometro.mx\\\/index.php\\\/2023\\\/06\\\/09\\\/gira-de-trabajo-jesus-cedillo\\\/\"]}]},{\"@type\":\"ImageObject\",\"inLanguage\":\"es\",\"@id\":\"https:\\\/\\\/expressometro.mx\\\/index.php\\\/2023\\\/06\\\/09\\\/gira-de-trabajo-jesus-cedillo\\\/#primaryimage\",\"url\":\"https:\\\/\\\/expressometro.mx\\\/wp-content\\\/uploads\\\/2023\\\/06\\\/Camaras.jpg\",\"contentUrl\":\"https:\\\/\\\/expressometro.mx\\\/wp-content\\\/uploads\\\/2023\\\/06\\\/Camaras.jpg\",\"width\":2048,\"height\":1536},{\"@type\":\"BreadcrumbList\",\"@id\":\"https:\\\/\\\/expressometro.mx\\\/index.php\\\/2023\\\/06\\\/09\\\/gira-de-trabajo-jesus-cedillo\\\/#breadcrumb\",\"itemListElement\":[{\"@type\":\"ListItem\",\"position\":1,\"name\":\"Inicio\",\"item\":\"https:\\\/\\\/expressometro.mx\\\/\"},{\"@type\":\"ListItem\",\"position\":2,\"name\":\"Gira de Trabajo, Jes\u00fas Cedillo\"}]},{\"@type\":\"WebSite\",\"@id\":\"https:\\\/\\\/expressometro.mx\\\/#website\",\"url\":\"https:\\\/\\\/expressometro.mx\\\/\",\"name\":\"Expresso Metropolitano\",\"description\":\"Periodismo comprometido, informaci\u00f3n, investigaci\u00f3n y an\u00e1lisis\",\"publisher\":{\"@id\":\"https:\\\/\\\/expressometro.mx\\\/#organization\"},\"potentialAction\":[{\"@type\":\"SearchAction\",\"target\":{\"@type\":\"EntryPoint\",\"urlTemplate\":\"https:\\\/\\\/expressometro.mx\\\/?s={search_term_string}\"},\"query-input\":{\"@type\":\"PropertyValueSpecification\",\"valueRequired\":true,\"valueName\":\"search_term_string\"}}],\"inLanguage\":\"es\"},{\"@type\":\"Organization\",\"@id\":\"https:\\\/\\\/expressometro.mx\\\/#organization\",\"name\":\"Expresso Metropolitano\",\"url\":\"https:\\\/\\\/expressometro.mx\\\/\",\"logo\":{\"@type\":\"ImageObject\",\"inLanguage\":\"es\",\"@id\":\"https:\\\/\\\/expressometro.mx\\\/#\\\/schema\\\/logo\\\/image\\\/\",\"url\":\"https:\\\/\\\/expressometro.mx\\\/wp-content\\\/uploads\\\/2019\\\/07\\\/cropped-Logo-Expresso-Metropolitano-1-1.jpeg\",\"contentUrl\":\"https:\\\/\\\/expressometro.mx\\\/wp-content\\\/uploads\\\/2019\\\/07\\\/cropped-Logo-Expresso-Metropolitano-1-1.jpeg\",\"width\":290,\"height\":73,\"caption\":\"Expresso Metropolitano\"},\"image\":{\"@id\":\"https:\\\/\\\/expressometro.mx\\\/#\\\/schema\\\/logo\\\/image\\\/\"}},{\"@type\":\"Person\",\"@id\":\"https:\\\/\\\/expressometro.mx\\\/#\\\/schema\\\/person\\\/efa971b4a0664db8ed5c22b1b0dd2f5d\",\"name\":\"Expresso Metropolitano\",\"image\":{\"@type\":\"ImageObject\",\"inLanguage\":\"es\",\"@id\":\"https:\\\/\\\/secure.gravatar.com\\\/avatar\\\/a89f802b8de18c6952f223c88d3d106e9e3679839f4e25a02f4a6cc2ae6ba3b3?s=96&d=mm&r=g\",\"url\":\"https:\\\/\\\/secure.gravatar.com\\\/avatar\\\/a89f802b8de18c6952f223c88d3d106e9e3679839f4e25a02f4a6cc2ae6ba3b3?s=96&d=mm&r=g\",\"contentUrl\":\"https:\\\/\\\/secure.gravatar.com\\\/avatar\\\/a89f802b8de18c6952f223c88d3d106e9e3679839f4e25a02f4a6cc2ae6ba3b3?s=96&d=mm&r=g\",\"caption\":\"Expresso Metropolitano\"},\"url\":\"https:\\\/\\\/expressometro.mx\\\/index.php\\\/author\\\/diego\\\/\"}]}<\/script>\n<!-- \/ Yoast SEO plugin. -->","yoast_head_json":{"title":"Gira de Trabajo, Jes\u00fas Cedillo - Expresso Metropolitano","robots":{"index":"index","follow":"follow","max-snippet":"max-snippet:-1","max-image-preview":"max-image-preview:large","max-video-preview":"max-video-preview:-1"},"canonical":"https:\/\/expressometro.mx\/index.php\/2023\/06\/09\/gira-de-trabajo-jesus-cedillo\/","og_locale":"es_MX","og_type":"article","og_title":"Gira de Trabajo, Jes\u00fas Cedillo - Expresso Metropolitano","og_description":"En pro de fortalecer la seguridad en el Municipio, el Presidente Municipal Jes\u00fas Cedillo Gonz\u00e1lez entreg\u00f3 c\u00e1maras de videovigilancia en la comunidad de la Venta Yeche, las cuales se suman a las ya existentes y estar\u00e1n conectadas al Centro de Mando, con el prop\u00f3sito de mantener una vigilancia constante a lo largo del territorio Jocotitlense.","og_url":"https:\/\/expressometro.mx\/index.php\/2023\/06\/09\/gira-de-trabajo-jesus-cedillo\/","og_site_name":"Expresso Metropolitano","article_published_time":"2023-06-09T13:59:20+00:00","article_modified_time":"2023-06-22T14:08:29+00:00","og_image":[{"width":2048,"height":1536,"url":"http:\/\/expressometro.mx\/wp-content\/uploads\/2023\/06\/Camaras.jpg","type":"image\/jpeg"}],"author":"Expresso Metropolitano","twitter_misc":{"Escrito por":"Expresso Metropolitano","Tiempo de lectura":"2 minutos"},"schema":{"@context":"https:\/\/schema.org","@graph":[{"@type":"Article","@id":"https:\/\/expressometro.mx\/index.php\/2023\/06\/09\/gira-de-trabajo-jesus-cedillo\/#article","isPartOf":{"@id":"https:\/\/expressometro.mx\/index.php\/2023\/06\/09\/gira-de-trabajo-jesus-cedillo\/"},"author":{"name":"Expresso Metropolitano","@id":"https:\/\/expressometro.mx\/#\/schema\/person\/efa971b4a0664db8ed5c22b1b0dd2f5d"},"headline":"Gira de Trabajo, Jes\u00fas Cedillo","datePublished":"2023-06-09T13:59:20+00:00","dateModified":"2023-06-22T14:08:29+00:00","mainEntityOfPage":{"@id":"https:\/\/expressometro.mx\/index.php\/2023\/06\/09\/gira-de-trabajo-jesus-cedillo\/"},"wordCount":244,"commentCount":0,"publisher":{"@id":"https:\/\/expressometro.mx\/#organization"},"image":{"@id":"https:\/\/expressometro.mx\/index.php\/2023\/06\/09\/gira-de-trabajo-jesus-cedillo\/#primaryimage"},"thumbnailUrl":"https:\/\/expressometro.mx\/wp-content\/uploads\/2023\/06\/Camaras.jpg","keywords":["Edomex","Jes\u00fas Cedillo Gonz\u00e1lez","Jocotitl\u00e1n"],"articleSection":["Medio ambiente","Salud","Seguridad"],"inLanguage":"es","potentialAction":[{"@type":"CommentAction","name":"Comment","target":["https:\/\/expressometro.mx\/index.php\/2023\/06\/09\/gira-de-trabajo-jesus-cedillo\/#respond"]}]},{"@type":"WebPage","@id":"https:\/\/expressometro.mx\/index.php\/2023\/06\/09\/gira-de-trabajo-jesus-cedillo\/","url":"https:\/\/expressometro.mx\/index.php\/2023\/06\/09\/gira-de-trabajo-jesus-cedillo\/","name":"Gira de Trabajo, Jes\u00fas Cedillo - Expresso Metropolitano","isPartOf":{"@id":"https:\/\/expressometro.mx\/#website"},"primaryImageOfPage":{"@id":"https:\/\/expressometro.mx\/index.php\/2023\/06\/09\/gira-de-trabajo-jesus-cedillo\/#primaryimage"},"image":{"@id":"https:\/\/expressometro.mx\/index.php\/2023\/06\/09\/gira-de-trabajo-jesus-cedillo\/#primaryimage"},"thumbnailUrl":"https:\/\/expressometro.mx\/wp-content\/uploads\/2023\/06\/Camaras.jpg","datePublished":"2023-06-09T13:59:20+00:00","dateModified":"2023-06-22T14:08:29+00:00","breadcrumb":{"@id":"https:\/\/expressometro.mx\/index.php\/2023\/06\/09\/gira-de-trabajo-jesus-cedillo\/#breadcrumb"},"inLanguage":"es","potentialAction":[{"@type":"ReadAction","target":["https:\/\/expressometro.mx\/index.php\/2023\/06\/09\/gira-de-trabajo-jesus-cedillo\/"]}]},{"@type":"ImageObject","inLanguage":"es","@id":"https:\/\/expressometro.mx\/index.php\/2023\/06\/09\/gira-de-trabajo-jesus-cedillo\/#primaryimage","url":"https:\/\/expressometro.mx\/wp-content\/uploads\/2023\/06\/Camaras.jpg","contentUrl":"https:\/\/expressometro.mx\/wp-content\/uploads\/2023\/06\/Camaras.jpg","width":2048,"height":1536},{"@type":"BreadcrumbList","@id":"https:\/\/expressometro.mx\/index.php\/2023\/06\/09\/gira-de-trabajo-jesus-cedillo\/#breadcrumb","itemListElement":[{"@type":"ListItem","position":1,"name":"Inicio","item":"https:\/\/expressometro.mx\/"},{"@type":"ListItem","position":2,"name":"Gira de Trabajo, Jes\u00fas Cedillo"}]},{"@type":"WebSite","@id":"https:\/\/expressometro.mx\/#website","url":"https:\/\/expressometro.mx\/","name":"Expresso Metropolitano","description":"Periodismo comprometido, informaci\u00f3n, investigaci\u00f3n y an\u00e1lisis","publisher":{"@id":"https:\/\/expressometro.mx\/#organization"},"potentialAction":[{"@type":"SearchAction","target":{"@type":"EntryPoint","urlTemplate":"https:\/\/expressometro.mx\/?s={search_term_string}"},"query-input":{"@type":"PropertyValueSpecification","valueRequired":true,"valueName":"search_term_string"}}],"inLanguage":"es"},{"@type":"Organization","@id":"https:\/\/expressometro.mx\/#organization","name":"Expresso Metropolitano","url":"https:\/\/expressometro.mx\/","logo":{"@type":"ImageObject","inLanguage":"es","@id":"https:\/\/expressometro.mx\/#\/schema\/logo\/image\/","url":"https:\/\/expressometro.mx\/wp-content\/uploads\/2019\/07\/cropped-Logo-Expresso-Metropolitano-1-1.jpeg","contentUrl":"https:\/\/expressometro.mx\/wp-content\/uploads\/2019\/07\/cropped-Logo-Expresso-Metropolitano-1-1.jpeg","width":290,"height":73,"caption":"Expresso Metropolitano"},"image":{"@id":"https:\/\/expressometro.mx\/#\/schema\/logo\/image\/"}},{"@type":"Person","@id":"https:\/\/expressometro.mx\/#\/schema\/person\/efa971b4a0664db8ed5c22b1b0dd2f5d","name":"Expresso Metropolitano","image":{"@type":"ImageObject","inLanguage":"es","@id":"https:\/\/secure.gravatar.com\/avatar\/a89f802b8de18c6952f223c88d3d106e9e3679839f4e25a02f4a6cc2ae6ba3b3?s=96&d=mm&r=g","url":"https:\/\/secure.gravatar.com\/avatar\/a89f802b8de18c6952f223c88d3d106e9e3679839f4e25a02f4a6cc2ae6ba3b3?s=96&d=mm&r=g","contentUrl":"https:\/\/secure.gravatar.com\/avatar\/a89f802b8de18c6952f223c88d3d106e9e3679839f4e25a02f4a6cc2ae6ba3b3?s=96&d=mm&r=g","caption":"Expresso Metropolitano"},"url":"https:\/\/expressometro.mx\/index.php\/author\/diego\/"}]}},"amp_enabled":true,"_links":{"self":[{"href":"https:\/\/expressometro.mx\/index.php\/wp-json\/wp\/v2\/posts\/7212","targetHints":{"allow":["GET"]}}],"collection":[{"href":"https:\/\/expressometro.mx\/index.php\/wp-json\/wp\/v2\/posts"}],"about":[{"href":"https:\/\/expressometro.mx\/index.php\/wp-json\/wp\/v2\/types\/post"}],"author":[{"embeddable":true,"href":"https:\/\/expressometro.mx\/index.php\/wp-json\/wp\/v2\/users\/1"}],"replies":[{"embeddable":true,"href":"https:\/\/expressometro.mx\/index.php\/wp-json\/wp\/v2\/comments?post=7212"}],"version-history":[{"count":1,"href":"https:\/\/expressometro.mx\/index.php\/wp-json\/wp\/v2\/posts\/7212\/revisions"}],"predecessor-version":[{"id":7218,"href":"https:\/\/expressometro.mx\/index.php\/wp-json\/wp\/v2\/posts\/7212\/revisions\/7218"}],"wp:featuredmedia":[{"embeddable":true,"href":"https:\/\/expressometro.mx\/index.php\/wp-json\/wp\/v2\/media\/7214"}],"wp:attachment":[{"href":"https:\/\/expressometro.mx\/index.php\/wp-json\/wp\/v2\/media?parent=7212"}],"wp:term":[{"taxonomy":"category","embeddable":true,"href":"https:\/\/expressometro.mx\/index.php\/wp-json\/wp\/v2\/categories?post=7212"},{"taxonomy":"post_tag","embeddable":true,"href":"https:\/\/expressometro.mx\/index.php\/wp-json\/wp\/v2\/tags?post=7212"}],"curies":[{"name":"wp","href":"https:\/\/api.w.org\/{rel}","templated":true}]}}