{"id":7208,"date":"2023-06-08T08:37:22","date_gmt":"2023-06-08T13:37:22","guid":{"rendered":"https:\/\/expressometro.mx\/?p=7208"},"modified":"2023-06-22T08:56:16","modified_gmt":"2023-06-22T13:56:16","slug":"ampliacion-del-sistema-de-agua-potable-y-entrega-de-camaras-de-video-vigilancia","status":"publish","type":"post","link":"https:\/\/expressometro.mx\/index.php\/2023\/06\/08\/ampliacion-del-sistema-de-agua-potable-y-entrega-de-camaras-de-video-vigilancia\/","title":{"rendered":"Ampliaci\u00f3n del sistema de agua potable y entrega de c\u00e1maras de video vigilancia"},"content":{"rendered":"\n<p>Este jueves el presidente municipal, Jes\u00fas Cedillo Gonz\u00e1lez, inaugur\u00f3 una obra de infraestructura b\u00e1sica que se realiz\u00f3 en esta administraci\u00f3n para beneficio de los habitantes de la comunidad Fuentes Yeche, en donde supervis\u00f3 la obra de ampliaci\u00f3n del sistema de agua potable.<\/p>\n\n\n\n<p>Dando cumplimiento a los compromisos de campa\u00f1a el presidente municipal de Jocotitl\u00e1n, Jes\u00fas Cedillo Gonz\u00e1lez, realiz\u00f3 los recorridos de entrega de obra en la comunidad Fuentes Yeche, que correspondi\u00f3 a la ampliaci\u00f3n de la red agua potable.<\/p>\n\n\n\n<p>Contando con la supervisi\u00f3n del presidente municipal, tambi\u00e9n se hizo entrega de v\u00e1lvulas en esta comunidad, complementando de esta manera, la red de agua potable.<\/p>\n\n\n\n<p><\/p>\n\n\n\n<p>Sumando el desarrollo de la seguridad en esta misma comunidad se hizo entrega de c\u00e1maras de video vigilancia. Conectadas al Centro de Mando, contando con las ya existentes y as\u00ed mantener una mejor vigilancia del territorio Jocotitlense.<\/p>\n\n\n\n<p><\/p>\n\n\n\n<p>El sistema de video vigilancia en la comunidad de Fuentes Yeche beneficia a un gran n\u00famero de familias jocotitlenses, que tienen a su alcance, y a trav\u00e9s de distintos dispositivos, im\u00e1genes en tiempo real de las c\u00e1maras instaladas estrat\u00e9gicamente en las calles.<\/p>\n","protected":false},"excerpt":{"rendered":"<p>Este jueves el presidente municipal, Jes\u00fas Cedillo Gonz\u00e1lez, inaugur\u00f3 una obra de infraestructura b\u00e1sica que se realiz\u00f3 en esta administraci\u00f3n para beneficio de los habitantes de la comunidad Fuentes Yeche, en donde supervis\u00f3 la obra de ampliaci\u00f3n del sistema de agua potable. Dando cumplimiento a los compromisos de campa\u00f1a el presidente municipal de Jocotitl\u00e1n, Jes\u00fas Cedillo Gonz\u00e1lez, realiz\u00f3 los recorridos de entrega de obra en la comunidad Fuentes Yeche, que correspondi\u00f3 a la ampliaci\u00f3n de la red agua potable. Contando con la supervisi\u00f3n del presidente municipal, tambi\u00e9n se hizo entrega&hellip;<\/p>\n","protected":false},"author":1,"featured_media":7210,"comment_status":"open","ping_status":"open","sticky":false,"template":"","format":"standard","meta":{"footnotes":""},"categories":[3,5,6],"tags":[1982,1790,324],"class_list":["post-7208","post","type-post","status-publish","format-standard","has-post-thumbnail","hentry","category-gobierno","category-salud","category-seguridad","tag-edomex","tag-jesus-cedillo-gonzalez","tag-jocotitlan"],"yoast_head":"<!-- This site is optimized with the Yoast SEO plugin v27.4 - https:\/\/yoast.com\/product\/yoast-seo-wordpress\/ -->\n<title>Ampliaci\u00f3n del sistema de agua potable y entrega de c\u00e1maras de video vigilancia - Expresso Metropolitano<\/title>\n<meta name=\"robots\" content=\"index, follow, max-snippet:-1, max-image-preview:large, max-video-preview:-1\" \/>\n<link rel=\"canonical\" href=\"https:\/\/expressometro.mx\/index.php\/2023\/06\/08\/ampliacion-del-sistema-de-agua-potable-y-entrega-de-camaras-de-video-vigilancia\/\" \/>\n<meta property=\"og:locale\" content=\"es_MX\" \/>\n<meta property=\"og:type\" content=\"article\" \/>\n<meta property=\"og:title\" content=\"Ampliaci\u00f3n del sistema de agua potable y entrega de c\u00e1maras de video vigilancia - Expresso Metropolitano\" \/>\n<meta property=\"og:description\" content=\"Este jueves el presidente municipal, Jes\u00fas Cedillo Gonz\u00e1lez, inaugur\u00f3 una obra de infraestructura b\u00e1sica que se realiz\u00f3 en esta administraci\u00f3n para beneficio de los habitantes de la comunidad Fuentes Yeche, en donde supervis\u00f3 la obra de ampliaci\u00f3n del sistema de agua potable. Dando cumplimiento a los compromisos de campa\u00f1a el presidente municipal de Jocotitl\u00e1n, Jes\u00fas Cedillo Gonz\u00e1lez, realiz\u00f3 los recorridos de entrega de obra en la comunidad Fuentes Yeche, que correspondi\u00f3 a la ampliaci\u00f3n de la red agua potable. Contando con la supervisi\u00f3n del presidente municipal, tambi\u00e9n se hizo entrega&hellip;\" \/>\n<meta property=\"og:url\" content=\"https:\/\/expressometro.mx\/index.php\/2023\/06\/08\/ampliacion-del-sistema-de-agua-potable-y-entrega-de-camaras-de-video-vigilancia\/\" \/>\n<meta property=\"og:site_name\" content=\"Expresso Metropolitano\" \/>\n<meta property=\"article:published_time\" content=\"2023-06-08T13:37:22+00:00\" \/>\n<meta property=\"article:modified_time\" content=\"2023-06-22T13:56:16+00:00\" \/>\n<meta property=\"og:image\" content=\"http:\/\/expressometro.mx\/wp-content\/uploads\/2023\/06\/Fuentes-Yeche.jpg\" \/>\n\t<meta property=\"og:image:width\" content=\"2048\" \/>\n\t<meta property=\"og:image:height\" content=\"1536\" \/>\n\t<meta property=\"og:image:type\" content=\"image\/jpeg\" \/>\n<meta name=\"author\" content=\"Expresso Metropolitano\" \/>\n<meta name=\"twitter:label1\" content=\"Escrito por\" \/>\n\t<meta name=\"twitter:data1\" content=\"Expresso Metropolitano\" \/>\n\t<meta name=\"twitter:label2\" content=\"Tiempo de lectura\" \/>\n\t<meta name=\"twitter:data2\" content=\"1 minuto\" \/>\n<script type=\"application\/ld+json\" class=\"yoast-schema-graph\">{\"@context\":\"https:\\\/\\\/schema.org\",\"@graph\":[{\"@type\":\"Article\",\"@id\":\"https:\\\/\\\/expressometro.mx\\\/index.php\\\/2023\\\/06\\\/08\\\/ampliacion-del-sistema-de-agua-potable-y-entrega-de-camaras-de-video-vigilancia\\\/#article\",\"isPartOf\":{\"@id\":\"https:\\\/\\\/expressometro.mx\\\/index.php\\\/2023\\\/06\\\/08\\\/ampliacion-del-sistema-de-agua-potable-y-entrega-de-camaras-de-video-vigilancia\\\/\"},\"author\":{\"name\":\"Expresso Metropolitano\",\"@id\":\"https:\\\/\\\/expressometro.mx\\\/#\\\/schema\\\/person\\\/efa971b4a0664db8ed5c22b1b0dd2f5d\"},\"headline\":\"Ampliaci\u00f3n del sistema de agua potable y entrega de c\u00e1maras de video vigilancia\",\"datePublished\":\"2023-06-08T13:37:22+00:00\",\"dateModified\":\"2023-06-22T13:56:16+00:00\",\"mainEntityOfPage\":{\"@id\":\"https:\\\/\\\/expressometro.mx\\\/index.php\\\/2023\\\/06\\\/08\\\/ampliacion-del-sistema-de-agua-potable-y-entrega-de-camaras-de-video-vigilancia\\\/\"},\"wordCount\":217,\"commentCount\":0,\"publisher\":{\"@id\":\"https:\\\/\\\/expressometro.mx\\\/#organization\"},\"image\":{\"@id\":\"https:\\\/\\\/expressometro.mx\\\/index.php\\\/2023\\\/06\\\/08\\\/ampliacion-del-sistema-de-agua-potable-y-entrega-de-camaras-de-video-vigilancia\\\/#primaryimage\"},\"thumbnailUrl\":\"https:\\\/\\\/expressometro.mx\\\/wp-content\\\/uploads\\\/2023\\\/06\\\/Fuentes-Yeche.jpg\",\"keywords\":[\"Edomex\",\"Jes\u00fas Cedillo Gonz\u00e1lez\",\"Jocotitl\u00e1n\"],\"articleSection\":[\"Gobierno\",\"Salud\",\"Seguridad\"],\"inLanguage\":\"es\",\"potentialAction\":[{\"@type\":\"CommentAction\",\"name\":\"Comment\",\"target\":[\"https:\\\/\\\/expressometro.mx\\\/index.php\\\/2023\\\/06\\\/08\\\/ampliacion-del-sistema-de-agua-potable-y-entrega-de-camaras-de-video-vigilancia\\\/#respond\"]}]},{\"@type\":\"WebPage\",\"@id\":\"https:\\\/\\\/expressometro.mx\\\/index.php\\\/2023\\\/06\\\/08\\\/ampliacion-del-sistema-de-agua-potable-y-entrega-de-camaras-de-video-vigilancia\\\/\",\"url\":\"https:\\\/\\\/expressometro.mx\\\/index.php\\\/2023\\\/06\\\/08\\\/ampliacion-del-sistema-de-agua-potable-y-entrega-de-camaras-de-video-vigilancia\\\/\",\"name\":\"Ampliaci\u00f3n del sistema de agua potable y entrega de c\u00e1maras de video vigilancia - Expresso Metropolitano\",\"isPartOf\":{\"@id\":\"https:\\\/\\\/expressometro.mx\\\/#website\"},\"primaryImageOfPage\":{\"@id\":\"https:\\\/\\\/expressometro.mx\\\/index.php\\\/2023\\\/06\\\/08\\\/ampliacion-del-sistema-de-agua-potable-y-entrega-de-camaras-de-video-vigilancia\\\/#primaryimage\"},\"image\":{\"@id\":\"https:\\\/\\\/expressometro.mx\\\/index.php\\\/2023\\\/06\\\/08\\\/ampliacion-del-sistema-de-agua-potable-y-entrega-de-camaras-de-video-vigilancia\\\/#primaryimage\"},\"thumbnailUrl\":\"https:\\\/\\\/expressometro.mx\\\/wp-content\\\/uploads\\\/2023\\\/06\\\/Fuentes-Yeche.jpg\",\"datePublished\":\"2023-06-08T13:37:22+00:00\",\"dateModified\":\"2023-06-22T13:56:16+00:00\",\"breadcrumb\":{\"@id\":\"https:\\\/\\\/expressometro.mx\\\/index.php\\\/2023\\\/06\\\/08\\\/ampliacion-del-sistema-de-agua-potable-y-entrega-de-camaras-de-video-vigilancia\\\/#breadcrumb\"},\"inLanguage\":\"es\",\"potentialAction\":[{\"@type\":\"ReadAction\",\"target\":[\"https:\\\/\\\/expressometro.mx\\\/index.php\\\/2023\\\/06\\\/08\\\/ampliacion-del-sistema-de-agua-potable-y-entrega-de-camaras-de-video-vigilancia\\\/\"]}]},{\"@type\":\"ImageObject\",\"inLanguage\":\"es\",\"@id\":\"https:\\\/\\\/expressometro.mx\\\/index.php\\\/2023\\\/06\\\/08\\\/ampliacion-del-sistema-de-agua-potable-y-entrega-de-camaras-de-video-vigilancia\\\/#primaryimage\",\"url\":\"https:\\\/\\\/expressometro.mx\\\/wp-content\\\/uploads\\\/2023\\\/06\\\/Fuentes-Yeche.jpg\",\"contentUrl\":\"https:\\\/\\\/expressometro.mx\\\/wp-content\\\/uploads\\\/2023\\\/06\\\/Fuentes-Yeche.jpg\",\"width\":2048,\"height\":1536},{\"@type\":\"BreadcrumbList\",\"@id\":\"https:\\\/\\\/expressometro.mx\\\/index.php\\\/2023\\\/06\\\/08\\\/ampliacion-del-sistema-de-agua-potable-y-entrega-de-camaras-de-video-vigilancia\\\/#breadcrumb\",\"itemListElement\":[{\"@type\":\"ListItem\",\"position\":1,\"name\":\"Inicio\",\"item\":\"https:\\\/\\\/expressometro.mx\\\/\"},{\"@type\":\"ListItem\",\"position\":2,\"name\":\"Ampliaci\u00f3n del sistema de agua potable y entrega de c\u00e1maras de video vigilancia\"}]},{\"@type\":\"WebSite\",\"@id\":\"https:\\\/\\\/expressometro.mx\\\/#website\",\"url\":\"https:\\\/\\\/expressometro.mx\\\/\",\"name\":\"Expresso Metropolitano\",\"description\":\"Periodismo comprometido, informaci\u00f3n, investigaci\u00f3n y an\u00e1lisis\",\"publisher\":{\"@id\":\"https:\\\/\\\/expressometro.mx\\\/#organization\"},\"potentialAction\":[{\"@type\":\"SearchAction\",\"target\":{\"@type\":\"EntryPoint\",\"urlTemplate\":\"https:\\\/\\\/expressometro.mx\\\/?s={search_term_string}\"},\"query-input\":{\"@type\":\"PropertyValueSpecification\",\"valueRequired\":true,\"valueName\":\"search_term_string\"}}],\"inLanguage\":\"es\"},{\"@type\":\"Organization\",\"@id\":\"https:\\\/\\\/expressometro.mx\\\/#organization\",\"name\":\"Expresso Metropolitano\",\"url\":\"https:\\\/\\\/expressometro.mx\\\/\",\"logo\":{\"@type\":\"ImageObject\",\"inLanguage\":\"es\",\"@id\":\"https:\\\/\\\/expressometro.mx\\\/#\\\/schema\\\/logo\\\/image\\\/\",\"url\":\"https:\\\/\\\/expressometro.mx\\\/wp-content\\\/uploads\\\/2019\\\/07\\\/cropped-Logo-Expresso-Metropolitano-1-1.jpeg\",\"contentUrl\":\"https:\\\/\\\/expressometro.mx\\\/wp-content\\\/uploads\\\/2019\\\/07\\\/cropped-Logo-Expresso-Metropolitano-1-1.jpeg\",\"width\":290,\"height\":73,\"caption\":\"Expresso Metropolitano\"},\"image\":{\"@id\":\"https:\\\/\\\/expressometro.mx\\\/#\\\/schema\\\/logo\\\/image\\\/\"}},{\"@type\":\"Person\",\"@id\":\"https:\\\/\\\/expressometro.mx\\\/#\\\/schema\\\/person\\\/efa971b4a0664db8ed5c22b1b0dd2f5d\",\"name\":\"Expresso Metropolitano\",\"image\":{\"@type\":\"ImageObject\",\"inLanguage\":\"es\",\"@id\":\"https:\\\/\\\/secure.gravatar.com\\\/avatar\\\/a89f802b8de18c6952f223c88d3d106e9e3679839f4e25a02f4a6cc2ae6ba3b3?s=96&d=mm&r=g\",\"url\":\"https:\\\/\\\/secure.gravatar.com\\\/avatar\\\/a89f802b8de18c6952f223c88d3d106e9e3679839f4e25a02f4a6cc2ae6ba3b3?s=96&d=mm&r=g\",\"contentUrl\":\"https:\\\/\\\/secure.gravatar.com\\\/avatar\\\/a89f802b8de18c6952f223c88d3d106e9e3679839f4e25a02f4a6cc2ae6ba3b3?s=96&d=mm&r=g\",\"caption\":\"Expresso Metropolitano\"},\"url\":\"https:\\\/\\\/expressometro.mx\\\/index.php\\\/author\\\/diego\\\/\"}]}<\/script>\n<!-- \/ Yoast SEO plugin. -->","yoast_head_json":{"title":"Ampliaci\u00f3n del sistema de agua potable y entrega de c\u00e1maras de video vigilancia - Expresso Metropolitano","robots":{"index":"index","follow":"follow","max-snippet":"max-snippet:-1","max-image-preview":"max-image-preview:large","max-video-preview":"max-video-preview:-1"},"canonical":"https:\/\/expressometro.mx\/index.php\/2023\/06\/08\/ampliacion-del-sistema-de-agua-potable-y-entrega-de-camaras-de-video-vigilancia\/","og_locale":"es_MX","og_type":"article","og_title":"Ampliaci\u00f3n del sistema de agua potable y entrega de c\u00e1maras de video vigilancia - Expresso Metropolitano","og_description":"Este jueves el presidente municipal, Jes\u00fas Cedillo Gonz\u00e1lez, inaugur\u00f3 una obra de infraestructura b\u00e1sica que se realiz\u00f3 en esta administraci\u00f3n para beneficio de los habitantes de la comunidad Fuentes Yeche, en donde supervis\u00f3 la obra de ampliaci\u00f3n del sistema de agua potable. Dando cumplimiento a los compromisos de campa\u00f1a el presidente municipal de Jocotitl\u00e1n, Jes\u00fas Cedillo Gonz\u00e1lez, realiz\u00f3 los recorridos de entrega de obra en la comunidad Fuentes Yeche, que correspondi\u00f3 a la ampliaci\u00f3n de la red agua potable. Contando con la supervisi\u00f3n del presidente municipal, tambi\u00e9n se hizo entrega&hellip;","og_url":"https:\/\/expressometro.mx\/index.php\/2023\/06\/08\/ampliacion-del-sistema-de-agua-potable-y-entrega-de-camaras-de-video-vigilancia\/","og_site_name":"Expresso Metropolitano","article_published_time":"2023-06-08T13:37:22+00:00","article_modified_time":"2023-06-22T13:56:16+00:00","og_image":[{"width":2048,"height":1536,"url":"http:\/\/expressometro.mx\/wp-content\/uploads\/2023\/06\/Fuentes-Yeche.jpg","type":"image\/jpeg"}],"author":"Expresso Metropolitano","twitter_misc":{"Escrito por":"Expresso Metropolitano","Tiempo de lectura":"1 minuto"},"schema":{"@context":"https:\/\/schema.org","@graph":[{"@type":"Article","@id":"https:\/\/expressometro.mx\/index.php\/2023\/06\/08\/ampliacion-del-sistema-de-agua-potable-y-entrega-de-camaras-de-video-vigilancia\/#article","isPartOf":{"@id":"https:\/\/expressometro.mx\/index.php\/2023\/06\/08\/ampliacion-del-sistema-de-agua-potable-y-entrega-de-camaras-de-video-vigilancia\/"},"author":{"name":"Expresso Metropolitano","@id":"https:\/\/expressometro.mx\/#\/schema\/person\/efa971b4a0664db8ed5c22b1b0dd2f5d"},"headline":"Ampliaci\u00f3n del sistema de agua potable y entrega de c\u00e1maras de video vigilancia","datePublished":"2023-06-08T13:37:22+00:00","dateModified":"2023-06-22T13:56:16+00:00","mainEntityOfPage":{"@id":"https:\/\/expressometro.mx\/index.php\/2023\/06\/08\/ampliacion-del-sistema-de-agua-potable-y-entrega-de-camaras-de-video-vigilancia\/"},"wordCount":217,"commentCount":0,"publisher":{"@id":"https:\/\/expressometro.mx\/#organization"},"image":{"@id":"https:\/\/expressometro.mx\/index.php\/2023\/06\/08\/ampliacion-del-sistema-de-agua-potable-y-entrega-de-camaras-de-video-vigilancia\/#primaryimage"},"thumbnailUrl":"https:\/\/expressometro.mx\/wp-content\/uploads\/2023\/06\/Fuentes-Yeche.jpg","keywords":["Edomex","Jes\u00fas Cedillo Gonz\u00e1lez","Jocotitl\u00e1n"],"articleSection":["Gobierno","Salud","Seguridad"],"inLanguage":"es","potentialAction":[{"@type":"CommentAction","name":"Comment","target":["https:\/\/expressometro.mx\/index.php\/2023\/06\/08\/ampliacion-del-sistema-de-agua-potable-y-entrega-de-camaras-de-video-vigilancia\/#respond"]}]},{"@type":"WebPage","@id":"https:\/\/expressometro.mx\/index.php\/2023\/06\/08\/ampliacion-del-sistema-de-agua-potable-y-entrega-de-camaras-de-video-vigilancia\/","url":"https:\/\/expressometro.mx\/index.php\/2023\/06\/08\/ampliacion-del-sistema-de-agua-potable-y-entrega-de-camaras-de-video-vigilancia\/","name":"Ampliaci\u00f3n del sistema de agua potable y entrega de c\u00e1maras de video vigilancia - Expresso Metropolitano","isPartOf":{"@id":"https:\/\/expressometro.mx\/#website"},"primaryImageOfPage":{"@id":"https:\/\/expressometro.mx\/index.php\/2023\/06\/08\/ampliacion-del-sistema-de-agua-potable-y-entrega-de-camaras-de-video-vigilancia\/#primaryimage"},"image":{"@id":"https:\/\/expressometro.mx\/index.php\/2023\/06\/08\/ampliacion-del-sistema-de-agua-potable-y-entrega-de-camaras-de-video-vigilancia\/#primaryimage"},"thumbnailUrl":"https:\/\/expressometro.mx\/wp-content\/uploads\/2023\/06\/Fuentes-Yeche.jpg","datePublished":"2023-06-08T13:37:22+00:00","dateModified":"2023-06-22T13:56:16+00:00","breadcrumb":{"@id":"https:\/\/expressometro.mx\/index.php\/2023\/06\/08\/ampliacion-del-sistema-de-agua-potable-y-entrega-de-camaras-de-video-vigilancia\/#breadcrumb"},"inLanguage":"es","potentialAction":[{"@type":"ReadAction","target":["https:\/\/expressometro.mx\/index.php\/2023\/06\/08\/ampliacion-del-sistema-de-agua-potable-y-entrega-de-camaras-de-video-vigilancia\/"]}]},{"@type":"ImageObject","inLanguage":"es","@id":"https:\/\/expressometro.mx\/index.php\/2023\/06\/08\/ampliacion-del-sistema-de-agua-potable-y-entrega-de-camaras-de-video-vigilancia\/#primaryimage","url":"https:\/\/expressometro.mx\/wp-content\/uploads\/2023\/06\/Fuentes-Yeche.jpg","contentUrl":"https:\/\/expressometro.mx\/wp-content\/uploads\/2023\/06\/Fuentes-Yeche.jpg","width":2048,"height":1536},{"@type":"BreadcrumbList","@id":"https:\/\/expressometro.mx\/index.php\/2023\/06\/08\/ampliacion-del-sistema-de-agua-potable-y-entrega-de-camaras-de-video-vigilancia\/#breadcrumb","itemListElement":[{"@type":"ListItem","position":1,"name":"Inicio","item":"https:\/\/expressometro.mx\/"},{"@type":"ListItem","position":2,"name":"Ampliaci\u00f3n del sistema de agua potable y entrega de c\u00e1maras de video vigilancia"}]},{"@type":"WebSite","@id":"https:\/\/expressometro.mx\/#website","url":"https:\/\/expressometro.mx\/","name":"Expresso Metropolitano","description":"Periodismo comprometido, informaci\u00f3n, investigaci\u00f3n y an\u00e1lisis","publisher":{"@id":"https:\/\/expressometro.mx\/#organization"},"potentialAction":[{"@type":"SearchAction","target":{"@type":"EntryPoint","urlTemplate":"https:\/\/expressometro.mx\/?s={search_term_string}"},"query-input":{"@type":"PropertyValueSpecification","valueRequired":true,"valueName":"search_term_string"}}],"inLanguage":"es"},{"@type":"Organization","@id":"https:\/\/expressometro.mx\/#organization","name":"Expresso Metropolitano","url":"https:\/\/expressometro.mx\/","logo":{"@type":"ImageObject","inLanguage":"es","@id":"https:\/\/expressometro.mx\/#\/schema\/logo\/image\/","url":"https:\/\/expressometro.mx\/wp-content\/uploads\/2019\/07\/cropped-Logo-Expresso-Metropolitano-1-1.jpeg","contentUrl":"https:\/\/expressometro.mx\/wp-content\/uploads\/2019\/07\/cropped-Logo-Expresso-Metropolitano-1-1.jpeg","width":290,"height":73,"caption":"Expresso Metropolitano"},"image":{"@id":"https:\/\/expressometro.mx\/#\/schema\/logo\/image\/"}},{"@type":"Person","@id":"https:\/\/expressometro.mx\/#\/schema\/person\/efa971b4a0664db8ed5c22b1b0dd2f5d","name":"Expresso Metropolitano","image":{"@type":"ImageObject","inLanguage":"es","@id":"https:\/\/secure.gravatar.com\/avatar\/a89f802b8de18c6952f223c88d3d106e9e3679839f4e25a02f4a6cc2ae6ba3b3?s=96&d=mm&r=g","url":"https:\/\/secure.gravatar.com\/avatar\/a89f802b8de18c6952f223c88d3d106e9e3679839f4e25a02f4a6cc2ae6ba3b3?s=96&d=mm&r=g","contentUrl":"https:\/\/secure.gravatar.com\/avatar\/a89f802b8de18c6952f223c88d3d106e9e3679839f4e25a02f4a6cc2ae6ba3b3?s=96&d=mm&r=g","caption":"Expresso Metropolitano"},"url":"https:\/\/expressometro.mx\/index.php\/author\/diego\/"}]}},"amp_enabled":true,"_links":{"self":[{"href":"https:\/\/expressometro.mx\/index.php\/wp-json\/wp\/v2\/posts\/7208","targetHints":{"allow":["GET"]}}],"collection":[{"href":"https:\/\/expressometro.mx\/index.php\/wp-json\/wp\/v2\/posts"}],"about":[{"href":"https:\/\/expressometro.mx\/index.php\/wp-json\/wp\/v2\/types\/post"}],"author":[{"embeddable":true,"href":"https:\/\/expressometro.mx\/index.php\/wp-json\/wp\/v2\/users\/1"}],"replies":[{"embeddable":true,"href":"https:\/\/expressometro.mx\/index.php\/wp-json\/wp\/v2\/comments?post=7208"}],"version-history":[{"count":1,"href":"https:\/\/expressometro.mx\/index.php\/wp-json\/wp\/v2\/posts\/7208\/revisions"}],"predecessor-version":[{"id":7211,"href":"https:\/\/expressometro.mx\/index.php\/wp-json\/wp\/v2\/posts\/7208\/revisions\/7211"}],"wp:featuredmedia":[{"embeddable":true,"href":"https:\/\/expressometro.mx\/index.php\/wp-json\/wp\/v2\/media\/7210"}],"wp:attachment":[{"href":"https:\/\/expressometro.mx\/index.php\/wp-json\/wp\/v2\/media?parent=7208"}],"wp:term":[{"taxonomy":"category","embeddable":true,"href":"https:\/\/expressometro.mx\/index.php\/wp-json\/wp\/v2\/categories?post=7208"},{"taxonomy":"post_tag","embeddable":true,"href":"https:\/\/expressometro.mx\/index.php\/wp-json\/wp\/v2\/tags?post=7208"}],"curies":[{"name":"wp","href":"https:\/\/api.w.org\/{rel}","templated":true}]}}