{"id":7203,"date":"2023-06-07T08:19:01","date_gmt":"2023-06-07T13:19:01","guid":{"rendered":"https:\/\/expressometro.mx\/?p=7203"},"modified":"2023-06-22T08:36:00","modified_gmt":"2023-06-22T13:36:00","slug":"jocotitlan-semillero-de-artistas","status":"publish","type":"post","link":"https:\/\/expressometro.mx\/index.php\/2023\/06\/07\/jocotitlan-semillero-de-artistas\/","title":{"rendered":"Jocotitl\u00e1n: Semillero de artistas"},"content":{"rendered":"\n<p><\/p>\n\n\n\n<p>En el Cineteatro de la cabecera municipal se realiz\u00f3 el Concurso Estatal de Teatro de Educaci\u00f3n Media Superior 2023 con la participaci\u00f3n entusiasta de los j\u00f3venes quienes dejaron huella en el escenario demostrando el talento que los ha llevado hasta la fase estatal.<\/p>\n\n\n\n<p>Los j\u00f3venes del municipio de Jocotitl\u00e1n dejaron huella en el escenario demostrando su talento, enfrent\u00e1ndose a duros contendientes que tuvieron que superar, para llegar al lugar en que se encuentran ahora.<\/p>\n\n\n\n<p>Jocotitl\u00e1n se siente orgulloso de los j\u00f3venes que participaron en este concurso que se llevo a cabo en el Cineteatro de la cabecera municipal. Con una audiencia concurrida que disfruto de los excelentes despliegues actorales de los participantes, demostrando de esta manera, la raz\u00f3n por la que llegaron hasta la fase estatal.<\/p>\n\n\n\n<p>Hablando de cultura y arte, en la Casa de cultura Lic. Diego N\u00e1jera Yanguas se inaugur\u00f3 la exposici\u00f3n &#8220;Sentirpensar&#8221;.<\/p>\n\n\n\n<p>En esta exposici\u00f3n, los estudiantes de la Licenciatura Arte y Dise\u00f1o de la Universidad Intercultural del Estado de M\u00e9xico proyectaron obras del artista colectivo JIKKMEDA.<\/p>\n\n\n\n<p>Los participantes expresaron diferentes perspectivas del lenguaje, ya que es a trav\u00e9s del arte que podemos proyectar diferentes perspectivas que son un lenguaje para los ojos de quienes lo aprecian.<\/p>\n\n\n\n<p><\/p>\n","protected":false},"excerpt":{"rendered":"<p>En el Cineteatro de la cabecera municipal se realiz\u00f3 el Concurso Estatal de Teatro de Educaci\u00f3n Media Superior 2023 con la participaci\u00f3n entusiasta de los j\u00f3venes quienes dejaron huella en el escenario demostrando el talento que los ha llevado hasta la fase estatal.<\/p>\n","protected":false},"author":1,"featured_media":7205,"comment_status":"open","ping_status":"open","sticky":false,"template":"","format":"standard","meta":{"footnotes":""},"categories":[11,108,3],"tags":[1982,1790,324],"class_list":["post-7203","post","type-post","status-publish","format-standard","has-post-thumbnail","hentry","category-cultura","category-educacion","category-gobierno","tag-edomex","tag-jesus-cedillo-gonzalez","tag-jocotitlan"],"yoast_head":"<!-- This site is optimized with the Yoast SEO plugin v27.4 - https:\/\/yoast.com\/product\/yoast-seo-wordpress\/ -->\n<title>Jocotitl\u00e1n: Semillero de artistas - Expresso Metropolitano<\/title>\n<meta name=\"robots\" content=\"index, follow, max-snippet:-1, max-image-preview:large, max-video-preview:-1\" \/>\n<link rel=\"canonical\" href=\"https:\/\/expressometro.mx\/index.php\/2023\/06\/07\/jocotitlan-semillero-de-artistas\/\" \/>\n<meta property=\"og:locale\" content=\"es_MX\" \/>\n<meta property=\"og:type\" content=\"article\" \/>\n<meta property=\"og:title\" content=\"Jocotitl\u00e1n: Semillero de artistas - Expresso Metropolitano\" \/>\n<meta property=\"og:description\" content=\"En el Cineteatro de la cabecera municipal se realiz\u00f3 el Concurso Estatal de Teatro de Educaci\u00f3n Media Superior 2023 con la participaci\u00f3n entusiasta de los j\u00f3venes quienes dejaron huella en el escenario demostrando el talento que los ha llevado hasta la fase estatal.\" \/>\n<meta property=\"og:url\" content=\"https:\/\/expressometro.mx\/index.php\/2023\/06\/07\/jocotitlan-semillero-de-artistas\/\" \/>\n<meta property=\"og:site_name\" content=\"Expresso Metropolitano\" \/>\n<meta property=\"article:published_time\" content=\"2023-06-07T13:19:01+00:00\" \/>\n<meta property=\"article:modified_time\" content=\"2023-06-22T13:36:00+00:00\" \/>\n<meta property=\"og:image\" content=\"http:\/\/expressometro.mx\/wp-content\/uploads\/2023\/06\/concurso-de-teatro.jpg\" \/>\n\t<meta property=\"og:image:width\" content=\"2048\" \/>\n\t<meta property=\"og:image:height\" content=\"1366\" \/>\n\t<meta property=\"og:image:type\" content=\"image\/jpeg\" \/>\n<meta name=\"author\" content=\"Expresso Metropolitano\" \/>\n<meta name=\"twitter:label1\" content=\"Escrito por\" \/>\n\t<meta name=\"twitter:data1\" content=\"Expresso Metropolitano\" \/>\n\t<meta name=\"twitter:label2\" content=\"Tiempo de lectura\" \/>\n\t<meta name=\"twitter:data2\" content=\"1 minuto\" \/>\n<script type=\"application\/ld+json\" class=\"yoast-schema-graph\">{\"@context\":\"https:\\\/\\\/schema.org\",\"@graph\":[{\"@type\":\"Article\",\"@id\":\"https:\\\/\\\/expressometro.mx\\\/index.php\\\/2023\\\/06\\\/07\\\/jocotitlan-semillero-de-artistas\\\/#article\",\"isPartOf\":{\"@id\":\"https:\\\/\\\/expressometro.mx\\\/index.php\\\/2023\\\/06\\\/07\\\/jocotitlan-semillero-de-artistas\\\/\"},\"author\":{\"name\":\"Expresso Metropolitano\",\"@id\":\"https:\\\/\\\/expressometro.mx\\\/#\\\/schema\\\/person\\\/efa971b4a0664db8ed5c22b1b0dd2f5d\"},\"headline\":\"Jocotitl\u00e1n: Semillero de artistas\",\"datePublished\":\"2023-06-07T13:19:01+00:00\",\"dateModified\":\"2023-06-22T13:36:00+00:00\",\"mainEntityOfPage\":{\"@id\":\"https:\\\/\\\/expressometro.mx\\\/index.php\\\/2023\\\/06\\\/07\\\/jocotitlan-semillero-de-artistas\\\/\"},\"wordCount\":219,\"commentCount\":0,\"publisher\":{\"@id\":\"https:\\\/\\\/expressometro.mx\\\/#organization\"},\"image\":{\"@id\":\"https:\\\/\\\/expressometro.mx\\\/index.php\\\/2023\\\/06\\\/07\\\/jocotitlan-semillero-de-artistas\\\/#primaryimage\"},\"thumbnailUrl\":\"https:\\\/\\\/expressometro.mx\\\/wp-content\\\/uploads\\\/2023\\\/06\\\/concurso-de-teatro.jpg\",\"keywords\":[\"Edomex\",\"Jes\u00fas Cedillo Gonz\u00e1lez\",\"Jocotitl\u00e1n\"],\"articleSection\":[\"Cultura\",\"Educaci\u00f3n\",\"Gobierno\"],\"inLanguage\":\"es\",\"potentialAction\":[{\"@type\":\"CommentAction\",\"name\":\"Comment\",\"target\":[\"https:\\\/\\\/expressometro.mx\\\/index.php\\\/2023\\\/06\\\/07\\\/jocotitlan-semillero-de-artistas\\\/#respond\"]}]},{\"@type\":\"WebPage\",\"@id\":\"https:\\\/\\\/expressometro.mx\\\/index.php\\\/2023\\\/06\\\/07\\\/jocotitlan-semillero-de-artistas\\\/\",\"url\":\"https:\\\/\\\/expressometro.mx\\\/index.php\\\/2023\\\/06\\\/07\\\/jocotitlan-semillero-de-artistas\\\/\",\"name\":\"Jocotitl\u00e1n: Semillero de artistas - Expresso Metropolitano\",\"isPartOf\":{\"@id\":\"https:\\\/\\\/expressometro.mx\\\/#website\"},\"primaryImageOfPage\":{\"@id\":\"https:\\\/\\\/expressometro.mx\\\/index.php\\\/2023\\\/06\\\/07\\\/jocotitlan-semillero-de-artistas\\\/#primaryimage\"},\"image\":{\"@id\":\"https:\\\/\\\/expressometro.mx\\\/index.php\\\/2023\\\/06\\\/07\\\/jocotitlan-semillero-de-artistas\\\/#primaryimage\"},\"thumbnailUrl\":\"https:\\\/\\\/expressometro.mx\\\/wp-content\\\/uploads\\\/2023\\\/06\\\/concurso-de-teatro.jpg\",\"datePublished\":\"2023-06-07T13:19:01+00:00\",\"dateModified\":\"2023-06-22T13:36:00+00:00\",\"breadcrumb\":{\"@id\":\"https:\\\/\\\/expressometro.mx\\\/index.php\\\/2023\\\/06\\\/07\\\/jocotitlan-semillero-de-artistas\\\/#breadcrumb\"},\"inLanguage\":\"es\",\"potentialAction\":[{\"@type\":\"ReadAction\",\"target\":[\"https:\\\/\\\/expressometro.mx\\\/index.php\\\/2023\\\/06\\\/07\\\/jocotitlan-semillero-de-artistas\\\/\"]}]},{\"@type\":\"ImageObject\",\"inLanguage\":\"es\",\"@id\":\"https:\\\/\\\/expressometro.mx\\\/index.php\\\/2023\\\/06\\\/07\\\/jocotitlan-semillero-de-artistas\\\/#primaryimage\",\"url\":\"https:\\\/\\\/expressometro.mx\\\/wp-content\\\/uploads\\\/2023\\\/06\\\/concurso-de-teatro.jpg\",\"contentUrl\":\"https:\\\/\\\/expressometro.mx\\\/wp-content\\\/uploads\\\/2023\\\/06\\\/concurso-de-teatro.jpg\",\"width\":2048,\"height\":1366},{\"@type\":\"BreadcrumbList\",\"@id\":\"https:\\\/\\\/expressometro.mx\\\/index.php\\\/2023\\\/06\\\/07\\\/jocotitlan-semillero-de-artistas\\\/#breadcrumb\",\"itemListElement\":[{\"@type\":\"ListItem\",\"position\":1,\"name\":\"Inicio\",\"item\":\"https:\\\/\\\/expressometro.mx\\\/\"},{\"@type\":\"ListItem\",\"position\":2,\"name\":\"Jocotitl\u00e1n: Semillero de artistas\"}]},{\"@type\":\"WebSite\",\"@id\":\"https:\\\/\\\/expressometro.mx\\\/#website\",\"url\":\"https:\\\/\\\/expressometro.mx\\\/\",\"name\":\"Expresso Metropolitano\",\"description\":\"Periodismo comprometido, informaci\u00f3n, investigaci\u00f3n y an\u00e1lisis\",\"publisher\":{\"@id\":\"https:\\\/\\\/expressometro.mx\\\/#organization\"},\"potentialAction\":[{\"@type\":\"SearchAction\",\"target\":{\"@type\":\"EntryPoint\",\"urlTemplate\":\"https:\\\/\\\/expressometro.mx\\\/?s={search_term_string}\"},\"query-input\":{\"@type\":\"PropertyValueSpecification\",\"valueRequired\":true,\"valueName\":\"search_term_string\"}}],\"inLanguage\":\"es\"},{\"@type\":\"Organization\",\"@id\":\"https:\\\/\\\/expressometro.mx\\\/#organization\",\"name\":\"Expresso Metropolitano\",\"url\":\"https:\\\/\\\/expressometro.mx\\\/\",\"logo\":{\"@type\":\"ImageObject\",\"inLanguage\":\"es\",\"@id\":\"https:\\\/\\\/expressometro.mx\\\/#\\\/schema\\\/logo\\\/image\\\/\",\"url\":\"https:\\\/\\\/expressometro.mx\\\/wp-content\\\/uploads\\\/2019\\\/07\\\/cropped-Logo-Expresso-Metropolitano-1-1.jpeg\",\"contentUrl\":\"https:\\\/\\\/expressometro.mx\\\/wp-content\\\/uploads\\\/2019\\\/07\\\/cropped-Logo-Expresso-Metropolitano-1-1.jpeg\",\"width\":290,\"height\":73,\"caption\":\"Expresso Metropolitano\"},\"image\":{\"@id\":\"https:\\\/\\\/expressometro.mx\\\/#\\\/schema\\\/logo\\\/image\\\/\"}},{\"@type\":\"Person\",\"@id\":\"https:\\\/\\\/expressometro.mx\\\/#\\\/schema\\\/person\\\/efa971b4a0664db8ed5c22b1b0dd2f5d\",\"name\":\"Expresso Metropolitano\",\"image\":{\"@type\":\"ImageObject\",\"inLanguage\":\"es\",\"@id\":\"https:\\\/\\\/secure.gravatar.com\\\/avatar\\\/a89f802b8de18c6952f223c88d3d106e9e3679839f4e25a02f4a6cc2ae6ba3b3?s=96&d=mm&r=g\",\"url\":\"https:\\\/\\\/secure.gravatar.com\\\/avatar\\\/a89f802b8de18c6952f223c88d3d106e9e3679839f4e25a02f4a6cc2ae6ba3b3?s=96&d=mm&r=g\",\"contentUrl\":\"https:\\\/\\\/secure.gravatar.com\\\/avatar\\\/a89f802b8de18c6952f223c88d3d106e9e3679839f4e25a02f4a6cc2ae6ba3b3?s=96&d=mm&r=g\",\"caption\":\"Expresso Metropolitano\"},\"url\":\"https:\\\/\\\/expressometro.mx\\\/index.php\\\/author\\\/diego\\\/\"}]}<\/script>\n<!-- \/ Yoast SEO plugin. -->","yoast_head_json":{"title":"Jocotitl\u00e1n: Semillero de artistas - Expresso Metropolitano","robots":{"index":"index","follow":"follow","max-snippet":"max-snippet:-1","max-image-preview":"max-image-preview:large","max-video-preview":"max-video-preview:-1"},"canonical":"https:\/\/expressometro.mx\/index.php\/2023\/06\/07\/jocotitlan-semillero-de-artistas\/","og_locale":"es_MX","og_type":"article","og_title":"Jocotitl\u00e1n: Semillero de artistas - Expresso Metropolitano","og_description":"En el Cineteatro de la cabecera municipal se realiz\u00f3 el Concurso Estatal de Teatro de Educaci\u00f3n Media Superior 2023 con la participaci\u00f3n entusiasta de los j\u00f3venes quienes dejaron huella en el escenario demostrando el talento que los ha llevado hasta la fase estatal.","og_url":"https:\/\/expressometro.mx\/index.php\/2023\/06\/07\/jocotitlan-semillero-de-artistas\/","og_site_name":"Expresso Metropolitano","article_published_time":"2023-06-07T13:19:01+00:00","article_modified_time":"2023-06-22T13:36:00+00:00","og_image":[{"width":2048,"height":1366,"url":"http:\/\/expressometro.mx\/wp-content\/uploads\/2023\/06\/concurso-de-teatro.jpg","type":"image\/jpeg"}],"author":"Expresso Metropolitano","twitter_misc":{"Escrito por":"Expresso Metropolitano","Tiempo de lectura":"1 minuto"},"schema":{"@context":"https:\/\/schema.org","@graph":[{"@type":"Article","@id":"https:\/\/expressometro.mx\/index.php\/2023\/06\/07\/jocotitlan-semillero-de-artistas\/#article","isPartOf":{"@id":"https:\/\/expressometro.mx\/index.php\/2023\/06\/07\/jocotitlan-semillero-de-artistas\/"},"author":{"name":"Expresso Metropolitano","@id":"https:\/\/expressometro.mx\/#\/schema\/person\/efa971b4a0664db8ed5c22b1b0dd2f5d"},"headline":"Jocotitl\u00e1n: Semillero de artistas","datePublished":"2023-06-07T13:19:01+00:00","dateModified":"2023-06-22T13:36:00+00:00","mainEntityOfPage":{"@id":"https:\/\/expressometro.mx\/index.php\/2023\/06\/07\/jocotitlan-semillero-de-artistas\/"},"wordCount":219,"commentCount":0,"publisher":{"@id":"https:\/\/expressometro.mx\/#organization"},"image":{"@id":"https:\/\/expressometro.mx\/index.php\/2023\/06\/07\/jocotitlan-semillero-de-artistas\/#primaryimage"},"thumbnailUrl":"https:\/\/expressometro.mx\/wp-content\/uploads\/2023\/06\/concurso-de-teatro.jpg","keywords":["Edomex","Jes\u00fas Cedillo Gonz\u00e1lez","Jocotitl\u00e1n"],"articleSection":["Cultura","Educaci\u00f3n","Gobierno"],"inLanguage":"es","potentialAction":[{"@type":"CommentAction","name":"Comment","target":["https:\/\/expressometro.mx\/index.php\/2023\/06\/07\/jocotitlan-semillero-de-artistas\/#respond"]}]},{"@type":"WebPage","@id":"https:\/\/expressometro.mx\/index.php\/2023\/06\/07\/jocotitlan-semillero-de-artistas\/","url":"https:\/\/expressometro.mx\/index.php\/2023\/06\/07\/jocotitlan-semillero-de-artistas\/","name":"Jocotitl\u00e1n: Semillero de artistas - Expresso Metropolitano","isPartOf":{"@id":"https:\/\/expressometro.mx\/#website"},"primaryImageOfPage":{"@id":"https:\/\/expressometro.mx\/index.php\/2023\/06\/07\/jocotitlan-semillero-de-artistas\/#primaryimage"},"image":{"@id":"https:\/\/expressometro.mx\/index.php\/2023\/06\/07\/jocotitlan-semillero-de-artistas\/#primaryimage"},"thumbnailUrl":"https:\/\/expressometro.mx\/wp-content\/uploads\/2023\/06\/concurso-de-teatro.jpg","datePublished":"2023-06-07T13:19:01+00:00","dateModified":"2023-06-22T13:36:00+00:00","breadcrumb":{"@id":"https:\/\/expressometro.mx\/index.php\/2023\/06\/07\/jocotitlan-semillero-de-artistas\/#breadcrumb"},"inLanguage":"es","potentialAction":[{"@type":"ReadAction","target":["https:\/\/expressometro.mx\/index.php\/2023\/06\/07\/jocotitlan-semillero-de-artistas\/"]}]},{"@type":"ImageObject","inLanguage":"es","@id":"https:\/\/expressometro.mx\/index.php\/2023\/06\/07\/jocotitlan-semillero-de-artistas\/#primaryimage","url":"https:\/\/expressometro.mx\/wp-content\/uploads\/2023\/06\/concurso-de-teatro.jpg","contentUrl":"https:\/\/expressometro.mx\/wp-content\/uploads\/2023\/06\/concurso-de-teatro.jpg","width":2048,"height":1366},{"@type":"BreadcrumbList","@id":"https:\/\/expressometro.mx\/index.php\/2023\/06\/07\/jocotitlan-semillero-de-artistas\/#breadcrumb","itemListElement":[{"@type":"ListItem","position":1,"name":"Inicio","item":"https:\/\/expressometro.mx\/"},{"@type":"ListItem","position":2,"name":"Jocotitl\u00e1n: Semillero de artistas"}]},{"@type":"WebSite","@id":"https:\/\/expressometro.mx\/#website","url":"https:\/\/expressometro.mx\/","name":"Expresso Metropolitano","description":"Periodismo comprometido, informaci\u00f3n, investigaci\u00f3n y an\u00e1lisis","publisher":{"@id":"https:\/\/expressometro.mx\/#organization"},"potentialAction":[{"@type":"SearchAction","target":{"@type":"EntryPoint","urlTemplate":"https:\/\/expressometro.mx\/?s={search_term_string}"},"query-input":{"@type":"PropertyValueSpecification","valueRequired":true,"valueName":"search_term_string"}}],"inLanguage":"es"},{"@type":"Organization","@id":"https:\/\/expressometro.mx\/#organization","name":"Expresso Metropolitano","url":"https:\/\/expressometro.mx\/","logo":{"@type":"ImageObject","inLanguage":"es","@id":"https:\/\/expressometro.mx\/#\/schema\/logo\/image\/","url":"https:\/\/expressometro.mx\/wp-content\/uploads\/2019\/07\/cropped-Logo-Expresso-Metropolitano-1-1.jpeg","contentUrl":"https:\/\/expressometro.mx\/wp-content\/uploads\/2019\/07\/cropped-Logo-Expresso-Metropolitano-1-1.jpeg","width":290,"height":73,"caption":"Expresso Metropolitano"},"image":{"@id":"https:\/\/expressometro.mx\/#\/schema\/logo\/image\/"}},{"@type":"Person","@id":"https:\/\/expressometro.mx\/#\/schema\/person\/efa971b4a0664db8ed5c22b1b0dd2f5d","name":"Expresso Metropolitano","image":{"@type":"ImageObject","inLanguage":"es","@id":"https:\/\/secure.gravatar.com\/avatar\/a89f802b8de18c6952f223c88d3d106e9e3679839f4e25a02f4a6cc2ae6ba3b3?s=96&d=mm&r=g","url":"https:\/\/secure.gravatar.com\/avatar\/a89f802b8de18c6952f223c88d3d106e9e3679839f4e25a02f4a6cc2ae6ba3b3?s=96&d=mm&r=g","contentUrl":"https:\/\/secure.gravatar.com\/avatar\/a89f802b8de18c6952f223c88d3d106e9e3679839f4e25a02f4a6cc2ae6ba3b3?s=96&d=mm&r=g","caption":"Expresso Metropolitano"},"url":"https:\/\/expressometro.mx\/index.php\/author\/diego\/"}]}},"amp_enabled":true,"_links":{"self":[{"href":"https:\/\/expressometro.mx\/index.php\/wp-json\/wp\/v2\/posts\/7203","targetHints":{"allow":["GET"]}}],"collection":[{"href":"https:\/\/expressometro.mx\/index.php\/wp-json\/wp\/v2\/posts"}],"about":[{"href":"https:\/\/expressometro.mx\/index.php\/wp-json\/wp\/v2\/types\/post"}],"author":[{"embeddable":true,"href":"https:\/\/expressometro.mx\/index.php\/wp-json\/wp\/v2\/users\/1"}],"replies":[{"embeddable":true,"href":"https:\/\/expressometro.mx\/index.php\/wp-json\/wp\/v2\/comments?post=7203"}],"version-history":[{"count":1,"href":"https:\/\/expressometro.mx\/index.php\/wp-json\/wp\/v2\/posts\/7203\/revisions"}],"predecessor-version":[{"id":7206,"href":"https:\/\/expressometro.mx\/index.php\/wp-json\/wp\/v2\/posts\/7203\/revisions\/7206"}],"wp:featuredmedia":[{"embeddable":true,"href":"https:\/\/expressometro.mx\/index.php\/wp-json\/wp\/v2\/media\/7205"}],"wp:attachment":[{"href":"https:\/\/expressometro.mx\/index.php\/wp-json\/wp\/v2\/media?parent=7203"}],"wp:term":[{"taxonomy":"category","embeddable":true,"href":"https:\/\/expressometro.mx\/index.php\/wp-json\/wp\/v2\/categories?post=7203"},{"taxonomy":"post_tag","embeddable":true,"href":"https:\/\/expressometro.mx\/index.php\/wp-json\/wp\/v2\/tags?post=7203"}],"curies":[{"name":"wp","href":"https:\/\/api.w.org\/{rel}","templated":true}]}}