{"id":7191,"date":"2023-06-02T21:02:33","date_gmt":"2023-06-03T02:02:33","guid":{"rendered":"https:\/\/expressometro.mx\/?p=7191"},"modified":"2023-06-22T07:51:38","modified_gmt":"2023-06-22T12:51:38","slug":"jocotitlan-no-a-la-trata-si-a-la-libertad","status":"publish","type":"post","link":"https:\/\/expressometro.mx\/index.php\/2023\/06\/02\/jocotitlan-no-a-la-trata-si-a-la-libertad\/","title":{"rendered":"Jocotitl\u00e1n: &#8220;No a la Trata, S\u00ed a la Libertad&#8221;"},"content":{"rendered":"\n<p><\/p>\n\n\n\n<p>&#8220;No a la Trata y si a la Libertad&#8221; fue el tema de la pl\u00e1tica que se realiz\u00f3 por parte del personal del \u00c1rea de Prevenci\u00f3n del Delito. Se cont\u00f3 con la presencia de padres de familia de la EPO 175 de San Miguel Tenochtitl\u00e1n, en el que se expusieron diversas conductas que atenten contra los derechos humanos. Resaltando lo fundamental que es la prevenci\u00f3n de conductas que atenten contra la integridad de personas.<\/p>\n\n\n\n<p><\/p>\n\n\n\n<p>Desde la perspectiva tanto nacional e internacional, M\u00e9xico es considerado un pa\u00eds de origen, tr\u00e1nsito y destino de v\u00edctimas de trata de personas. Siendo los grupos m\u00e1s vulnerables, las ni\u00f1as, los ni\u00f1os, las mujeres, personas que emigran a las grandes ciudades, personas que tiene or\u00edgenes \u00e9tnicos, y en general, personas que no han tenido acceso a una educaci\u00f3n equitativa, o que viven violencia. Todas estas condiciones de vulnerabilidad son aprovechadas por distintos tipos de tratantes, tanto por quienes pertenecen a una red criminal como por los que operan de manera independiente.  parte de grupos de delincuencia organizada, como por quienes operan sin una red criminal.\u00a0<\/p>\n\n\n\n<p><\/p>\n\n\n\n<p>De acuerdo con las cifras proporcionadas por el Secretariado Ejecutivo del Sistema Nacional de Seguridad P\u00fablica, y a pesar de la existencia de un marco normativo nacional e internacional que obliga al Estado mexicano a prevenir, perseguir y sancionar los delitos en esta materia; en los \u00faltimos a\u00f1os las cifras de v\u00edctimas a nivel nacional, contin\u00faan en aumento, siendo la situaci\u00f3n de vulnerabilidad de ciertos grupos de la sociedad el factor que favorece y facilita que se cometan estos delitos y violaciones a derechos humanos.\u00a0<\/p>\n\n\n\n<p><\/p>\n\n\n\n<p>La prevenci\u00f3n es parte fundamental con la que se evita el cometer conductas que atenten contra la integridad de las personas, por eso el personal del \u00c1rea de Prevenci\u00f3n del Delito, realiz\u00f3 una platica con padres de familia de la EPO 175 de San Miguel Tenochtitl\u00e1n denominada \u201cNo a la trata, si a la libertad\u201d, donde se expusieron diversas conductas que atenten contra los derechos humanos.<\/p>\n\n\n\n<p><\/p>\n\n\n\n<p><\/p>\n","protected":false},"excerpt":{"rendered":"<p>&#8220;No a la Trata y si a la Libertad&#8221; fue el tema de la pl\u00e1tica que se realiz\u00f3 por parte del personal del \u00c1rea de Prevenci\u00f3n del Delito. Se cont\u00f3 con la presencia de padres de familia de la EPO 175 de San Miguel Tenochtitl\u00e1n, en el que se expusieron diversas conductas que atenten contra los derechos humanos. Resaltando lo fundamental que es la prevenci\u00f3n de conductas que atenten contra la integridad de personas.<\/p>\n","protected":false},"author":1,"featured_media":7193,"comment_status":"open","ping_status":"open","sticky":false,"template":"","format":"standard","meta":{"footnotes":""},"categories":[11,108,3,6],"tags":[1982,324],"class_list":["post-7191","post","type-post","status-publish","format-standard","has-post-thumbnail","hentry","category-cultura","category-educacion","category-gobierno","category-seguridad","tag-edomex","tag-jocotitlan"],"yoast_head":"<!-- This site is optimized with the Yoast SEO plugin v27.5 - https:\/\/yoast.com\/product\/yoast-seo-wordpress\/ -->\n<title>Jocotitl\u00e1n: &quot;No a la Trata, S\u00ed a la Libertad&quot; - Expresso Metropolitano<\/title>\n<meta name=\"robots\" content=\"index, follow, max-snippet:-1, max-image-preview:large, max-video-preview:-1\" \/>\n<link rel=\"canonical\" href=\"https:\/\/expressometro.mx\/index.php\/2023\/06\/02\/jocotitlan-no-a-la-trata-si-a-la-libertad\/\" \/>\n<meta property=\"og:locale\" content=\"es_MX\" \/>\n<meta property=\"og:type\" content=\"article\" \/>\n<meta property=\"og:title\" content=\"Jocotitl\u00e1n: &quot;No a la Trata, S\u00ed a la Libertad&quot; - Expresso Metropolitano\" \/>\n<meta property=\"og:description\" content=\"&quot;No a la Trata y si a la Libertad&quot; fue el tema de la pl\u00e1tica que se realiz\u00f3 por parte del personal del \u00c1rea de Prevenci\u00f3n del Delito. Se cont\u00f3 con la presencia de padres de familia de la EPO 175 de San Miguel Tenochtitl\u00e1n, en el que se expusieron diversas conductas que atenten contra los derechos humanos. Resaltando lo fundamental que es la prevenci\u00f3n de conductas que atenten contra la integridad de personas.\" \/>\n<meta property=\"og:url\" content=\"https:\/\/expressometro.mx\/index.php\/2023\/06\/02\/jocotitlan-no-a-la-trata-si-a-la-libertad\/\" \/>\n<meta property=\"og:site_name\" content=\"Expresso Metropolitano\" \/>\n<meta property=\"article:published_time\" content=\"2023-06-03T02:02:33+00:00\" \/>\n<meta property=\"article:modified_time\" content=\"2023-06-22T12:51:38+00:00\" \/>\n<meta property=\"og:image\" content=\"http:\/\/expressometro.mx\/wp-content\/uploads\/2023\/06\/EPO-175.jpg\" \/>\n\t<meta property=\"og:image:width\" content=\"2048\" \/>\n\t<meta property=\"og:image:height\" content=\"1536\" \/>\n\t<meta property=\"og:image:type\" content=\"image\/jpeg\" \/>\n<meta name=\"author\" content=\"Expresso Metropolitano\" \/>\n<meta name=\"twitter:label1\" content=\"Escrito por\" \/>\n\t<meta name=\"twitter:data1\" content=\"Expresso Metropolitano\" \/>\n\t<meta name=\"twitter:label2\" content=\"Tiempo de lectura\" \/>\n\t<meta name=\"twitter:data2\" content=\"2 minutos\" \/>\n<script type=\"application\/ld+json\" class=\"yoast-schema-graph\">{\"@context\":\"https:\\\/\\\/schema.org\",\"@graph\":[{\"@type\":\"Article\",\"@id\":\"https:\\\/\\\/expressometro.mx\\\/index.php\\\/2023\\\/06\\\/02\\\/jocotitlan-no-a-la-trata-si-a-la-libertad\\\/#article\",\"isPartOf\":{\"@id\":\"https:\\\/\\\/expressometro.mx\\\/index.php\\\/2023\\\/06\\\/02\\\/jocotitlan-no-a-la-trata-si-a-la-libertad\\\/\"},\"author\":{\"name\":\"Expresso Metropolitano\",\"@id\":\"https:\\\/\\\/expressometro.mx\\\/#\\\/schema\\\/person\\\/efa971b4a0664db8ed5c22b1b0dd2f5d\"},\"headline\":\"Jocotitl\u00e1n: &#8220;No a la Trata, S\u00ed a la Libertad&#8221;\",\"datePublished\":\"2023-06-03T02:02:33+00:00\",\"dateModified\":\"2023-06-22T12:51:38+00:00\",\"mainEntityOfPage\":{\"@id\":\"https:\\\/\\\/expressometro.mx\\\/index.php\\\/2023\\\/06\\\/02\\\/jocotitlan-no-a-la-trata-si-a-la-libertad\\\/\"},\"wordCount\":359,\"commentCount\":0,\"publisher\":{\"@id\":\"https:\\\/\\\/expressometro.mx\\\/#organization\"},\"image\":{\"@id\":\"https:\\\/\\\/expressometro.mx\\\/index.php\\\/2023\\\/06\\\/02\\\/jocotitlan-no-a-la-trata-si-a-la-libertad\\\/#primaryimage\"},\"thumbnailUrl\":\"https:\\\/\\\/expressometro.mx\\\/wp-content\\\/uploads\\\/2023\\\/06\\\/EPO-175.jpg\",\"keywords\":[\"Edomex\",\"Jocotitl\u00e1n\"],\"articleSection\":[\"Cultura\",\"Educaci\u00f3n\",\"Gobierno\",\"Seguridad\"],\"inLanguage\":\"es\",\"potentialAction\":[{\"@type\":\"CommentAction\",\"name\":\"Comment\",\"target\":[\"https:\\\/\\\/expressometro.mx\\\/index.php\\\/2023\\\/06\\\/02\\\/jocotitlan-no-a-la-trata-si-a-la-libertad\\\/#respond\"]}]},{\"@type\":\"WebPage\",\"@id\":\"https:\\\/\\\/expressometro.mx\\\/index.php\\\/2023\\\/06\\\/02\\\/jocotitlan-no-a-la-trata-si-a-la-libertad\\\/\",\"url\":\"https:\\\/\\\/expressometro.mx\\\/index.php\\\/2023\\\/06\\\/02\\\/jocotitlan-no-a-la-trata-si-a-la-libertad\\\/\",\"name\":\"Jocotitl\u00e1n: \\\"No a la Trata, S\u00ed a la Libertad\\\" - Expresso Metropolitano\",\"isPartOf\":{\"@id\":\"https:\\\/\\\/expressometro.mx\\\/#website\"},\"primaryImageOfPage\":{\"@id\":\"https:\\\/\\\/expressometro.mx\\\/index.php\\\/2023\\\/06\\\/02\\\/jocotitlan-no-a-la-trata-si-a-la-libertad\\\/#primaryimage\"},\"image\":{\"@id\":\"https:\\\/\\\/expressometro.mx\\\/index.php\\\/2023\\\/06\\\/02\\\/jocotitlan-no-a-la-trata-si-a-la-libertad\\\/#primaryimage\"},\"thumbnailUrl\":\"https:\\\/\\\/expressometro.mx\\\/wp-content\\\/uploads\\\/2023\\\/06\\\/EPO-175.jpg\",\"datePublished\":\"2023-06-03T02:02:33+00:00\",\"dateModified\":\"2023-06-22T12:51:38+00:00\",\"breadcrumb\":{\"@id\":\"https:\\\/\\\/expressometro.mx\\\/index.php\\\/2023\\\/06\\\/02\\\/jocotitlan-no-a-la-trata-si-a-la-libertad\\\/#breadcrumb\"},\"inLanguage\":\"es\",\"potentialAction\":[{\"@type\":\"ReadAction\",\"target\":[\"https:\\\/\\\/expressometro.mx\\\/index.php\\\/2023\\\/06\\\/02\\\/jocotitlan-no-a-la-trata-si-a-la-libertad\\\/\"]}]},{\"@type\":\"ImageObject\",\"inLanguage\":\"es\",\"@id\":\"https:\\\/\\\/expressometro.mx\\\/index.php\\\/2023\\\/06\\\/02\\\/jocotitlan-no-a-la-trata-si-a-la-libertad\\\/#primaryimage\",\"url\":\"https:\\\/\\\/expressometro.mx\\\/wp-content\\\/uploads\\\/2023\\\/06\\\/EPO-175.jpg\",\"contentUrl\":\"https:\\\/\\\/expressometro.mx\\\/wp-content\\\/uploads\\\/2023\\\/06\\\/EPO-175.jpg\",\"width\":2048,\"height\":1536},{\"@type\":\"BreadcrumbList\",\"@id\":\"https:\\\/\\\/expressometro.mx\\\/index.php\\\/2023\\\/06\\\/02\\\/jocotitlan-no-a-la-trata-si-a-la-libertad\\\/#breadcrumb\",\"itemListElement\":[{\"@type\":\"ListItem\",\"position\":1,\"name\":\"Inicio\",\"item\":\"https:\\\/\\\/expressometro.mx\\\/\"},{\"@type\":\"ListItem\",\"position\":2,\"name\":\"Jocotitl\u00e1n: &#8220;No a la Trata, S\u00ed a la Libertad&#8221;\"}]},{\"@type\":\"WebSite\",\"@id\":\"https:\\\/\\\/expressometro.mx\\\/#website\",\"url\":\"https:\\\/\\\/expressometro.mx\\\/\",\"name\":\"Expresso Metropolitano\",\"description\":\"Periodismo comprometido, informaci\u00f3n, investigaci\u00f3n y an\u00e1lisis\",\"publisher\":{\"@id\":\"https:\\\/\\\/expressometro.mx\\\/#organization\"},\"potentialAction\":[{\"@type\":\"SearchAction\",\"target\":{\"@type\":\"EntryPoint\",\"urlTemplate\":\"https:\\\/\\\/expressometro.mx\\\/?s={search_term_string}\"},\"query-input\":{\"@type\":\"PropertyValueSpecification\",\"valueRequired\":true,\"valueName\":\"search_term_string\"}}],\"inLanguage\":\"es\"},{\"@type\":\"Organization\",\"@id\":\"https:\\\/\\\/expressometro.mx\\\/#organization\",\"name\":\"Expresso Metropolitano\",\"url\":\"https:\\\/\\\/expressometro.mx\\\/\",\"logo\":{\"@type\":\"ImageObject\",\"inLanguage\":\"es\",\"@id\":\"https:\\\/\\\/expressometro.mx\\\/#\\\/schema\\\/logo\\\/image\\\/\",\"url\":\"https:\\\/\\\/expressometro.mx\\\/wp-content\\\/uploads\\\/2019\\\/07\\\/cropped-Logo-Expresso-Metropolitano-1-1.jpeg\",\"contentUrl\":\"https:\\\/\\\/expressometro.mx\\\/wp-content\\\/uploads\\\/2019\\\/07\\\/cropped-Logo-Expresso-Metropolitano-1-1.jpeg\",\"width\":290,\"height\":73,\"caption\":\"Expresso Metropolitano\"},\"image\":{\"@id\":\"https:\\\/\\\/expressometro.mx\\\/#\\\/schema\\\/logo\\\/image\\\/\"}},{\"@type\":\"Person\",\"@id\":\"https:\\\/\\\/expressometro.mx\\\/#\\\/schema\\\/person\\\/efa971b4a0664db8ed5c22b1b0dd2f5d\",\"name\":\"Expresso Metropolitano\",\"image\":{\"@type\":\"ImageObject\",\"inLanguage\":\"es\",\"@id\":\"https:\\\/\\\/secure.gravatar.com\\\/avatar\\\/a89f802b8de18c6952f223c88d3d106e9e3679839f4e25a02f4a6cc2ae6ba3b3?s=96&d=mm&r=g\",\"url\":\"https:\\\/\\\/secure.gravatar.com\\\/avatar\\\/a89f802b8de18c6952f223c88d3d106e9e3679839f4e25a02f4a6cc2ae6ba3b3?s=96&d=mm&r=g\",\"contentUrl\":\"https:\\\/\\\/secure.gravatar.com\\\/avatar\\\/a89f802b8de18c6952f223c88d3d106e9e3679839f4e25a02f4a6cc2ae6ba3b3?s=96&d=mm&r=g\",\"caption\":\"Expresso Metropolitano\"},\"url\":\"https:\\\/\\\/expressometro.mx\\\/index.php\\\/author\\\/diego\\\/\"}]}<\/script>\n<!-- \/ Yoast SEO plugin. -->","yoast_head_json":{"title":"Jocotitl\u00e1n: \"No a la Trata, S\u00ed a la Libertad\" - Expresso Metropolitano","robots":{"index":"index","follow":"follow","max-snippet":"max-snippet:-1","max-image-preview":"max-image-preview:large","max-video-preview":"max-video-preview:-1"},"canonical":"https:\/\/expressometro.mx\/index.php\/2023\/06\/02\/jocotitlan-no-a-la-trata-si-a-la-libertad\/","og_locale":"es_MX","og_type":"article","og_title":"Jocotitl\u00e1n: \"No a la Trata, S\u00ed a la Libertad\" - Expresso Metropolitano","og_description":"\"No a la Trata y si a la Libertad\" fue el tema de la pl\u00e1tica que se realiz\u00f3 por parte del personal del \u00c1rea de Prevenci\u00f3n del Delito. Se cont\u00f3 con la presencia de padres de familia de la EPO 175 de San Miguel Tenochtitl\u00e1n, en el que se expusieron diversas conductas que atenten contra los derechos humanos. Resaltando lo fundamental que es la prevenci\u00f3n de conductas que atenten contra la integridad de personas.","og_url":"https:\/\/expressometro.mx\/index.php\/2023\/06\/02\/jocotitlan-no-a-la-trata-si-a-la-libertad\/","og_site_name":"Expresso Metropolitano","article_published_time":"2023-06-03T02:02:33+00:00","article_modified_time":"2023-06-22T12:51:38+00:00","og_image":[{"width":2048,"height":1536,"url":"http:\/\/expressometro.mx\/wp-content\/uploads\/2023\/06\/EPO-175.jpg","type":"image\/jpeg"}],"author":"Expresso Metropolitano","twitter_misc":{"Escrito por":"Expresso Metropolitano","Tiempo de lectura":"2 minutos"},"schema":{"@context":"https:\/\/schema.org","@graph":[{"@type":"Article","@id":"https:\/\/expressometro.mx\/index.php\/2023\/06\/02\/jocotitlan-no-a-la-trata-si-a-la-libertad\/#article","isPartOf":{"@id":"https:\/\/expressometro.mx\/index.php\/2023\/06\/02\/jocotitlan-no-a-la-trata-si-a-la-libertad\/"},"author":{"name":"Expresso Metropolitano","@id":"https:\/\/expressometro.mx\/#\/schema\/person\/efa971b4a0664db8ed5c22b1b0dd2f5d"},"headline":"Jocotitl\u00e1n: &#8220;No a la Trata, S\u00ed a la Libertad&#8221;","datePublished":"2023-06-03T02:02:33+00:00","dateModified":"2023-06-22T12:51:38+00:00","mainEntityOfPage":{"@id":"https:\/\/expressometro.mx\/index.php\/2023\/06\/02\/jocotitlan-no-a-la-trata-si-a-la-libertad\/"},"wordCount":359,"commentCount":0,"publisher":{"@id":"https:\/\/expressometro.mx\/#organization"},"image":{"@id":"https:\/\/expressometro.mx\/index.php\/2023\/06\/02\/jocotitlan-no-a-la-trata-si-a-la-libertad\/#primaryimage"},"thumbnailUrl":"https:\/\/expressometro.mx\/wp-content\/uploads\/2023\/06\/EPO-175.jpg","keywords":["Edomex","Jocotitl\u00e1n"],"articleSection":["Cultura","Educaci\u00f3n","Gobierno","Seguridad"],"inLanguage":"es","potentialAction":[{"@type":"CommentAction","name":"Comment","target":["https:\/\/expressometro.mx\/index.php\/2023\/06\/02\/jocotitlan-no-a-la-trata-si-a-la-libertad\/#respond"]}]},{"@type":"WebPage","@id":"https:\/\/expressometro.mx\/index.php\/2023\/06\/02\/jocotitlan-no-a-la-trata-si-a-la-libertad\/","url":"https:\/\/expressometro.mx\/index.php\/2023\/06\/02\/jocotitlan-no-a-la-trata-si-a-la-libertad\/","name":"Jocotitl\u00e1n: \"No a la Trata, S\u00ed a la Libertad\" - Expresso Metropolitano","isPartOf":{"@id":"https:\/\/expressometro.mx\/#website"},"primaryImageOfPage":{"@id":"https:\/\/expressometro.mx\/index.php\/2023\/06\/02\/jocotitlan-no-a-la-trata-si-a-la-libertad\/#primaryimage"},"image":{"@id":"https:\/\/expressometro.mx\/index.php\/2023\/06\/02\/jocotitlan-no-a-la-trata-si-a-la-libertad\/#primaryimage"},"thumbnailUrl":"https:\/\/expressometro.mx\/wp-content\/uploads\/2023\/06\/EPO-175.jpg","datePublished":"2023-06-03T02:02:33+00:00","dateModified":"2023-06-22T12:51:38+00:00","breadcrumb":{"@id":"https:\/\/expressometro.mx\/index.php\/2023\/06\/02\/jocotitlan-no-a-la-trata-si-a-la-libertad\/#breadcrumb"},"inLanguage":"es","potentialAction":[{"@type":"ReadAction","target":["https:\/\/expressometro.mx\/index.php\/2023\/06\/02\/jocotitlan-no-a-la-trata-si-a-la-libertad\/"]}]},{"@type":"ImageObject","inLanguage":"es","@id":"https:\/\/expressometro.mx\/index.php\/2023\/06\/02\/jocotitlan-no-a-la-trata-si-a-la-libertad\/#primaryimage","url":"https:\/\/expressometro.mx\/wp-content\/uploads\/2023\/06\/EPO-175.jpg","contentUrl":"https:\/\/expressometro.mx\/wp-content\/uploads\/2023\/06\/EPO-175.jpg","width":2048,"height":1536},{"@type":"BreadcrumbList","@id":"https:\/\/expressometro.mx\/index.php\/2023\/06\/02\/jocotitlan-no-a-la-trata-si-a-la-libertad\/#breadcrumb","itemListElement":[{"@type":"ListItem","position":1,"name":"Inicio","item":"https:\/\/expressometro.mx\/"},{"@type":"ListItem","position":2,"name":"Jocotitl\u00e1n: &#8220;No a la Trata, S\u00ed a la Libertad&#8221;"}]},{"@type":"WebSite","@id":"https:\/\/expressometro.mx\/#website","url":"https:\/\/expressometro.mx\/","name":"Expresso Metropolitano","description":"Periodismo comprometido, informaci\u00f3n, investigaci\u00f3n y an\u00e1lisis","publisher":{"@id":"https:\/\/expressometro.mx\/#organization"},"potentialAction":[{"@type":"SearchAction","target":{"@type":"EntryPoint","urlTemplate":"https:\/\/expressometro.mx\/?s={search_term_string}"},"query-input":{"@type":"PropertyValueSpecification","valueRequired":true,"valueName":"search_term_string"}}],"inLanguage":"es"},{"@type":"Organization","@id":"https:\/\/expressometro.mx\/#organization","name":"Expresso Metropolitano","url":"https:\/\/expressometro.mx\/","logo":{"@type":"ImageObject","inLanguage":"es","@id":"https:\/\/expressometro.mx\/#\/schema\/logo\/image\/","url":"https:\/\/expressometro.mx\/wp-content\/uploads\/2019\/07\/cropped-Logo-Expresso-Metropolitano-1-1.jpeg","contentUrl":"https:\/\/expressometro.mx\/wp-content\/uploads\/2019\/07\/cropped-Logo-Expresso-Metropolitano-1-1.jpeg","width":290,"height":73,"caption":"Expresso Metropolitano"},"image":{"@id":"https:\/\/expressometro.mx\/#\/schema\/logo\/image\/"}},{"@type":"Person","@id":"https:\/\/expressometro.mx\/#\/schema\/person\/efa971b4a0664db8ed5c22b1b0dd2f5d","name":"Expresso Metropolitano","image":{"@type":"ImageObject","inLanguage":"es","@id":"https:\/\/secure.gravatar.com\/avatar\/a89f802b8de18c6952f223c88d3d106e9e3679839f4e25a02f4a6cc2ae6ba3b3?s=96&d=mm&r=g","url":"https:\/\/secure.gravatar.com\/avatar\/a89f802b8de18c6952f223c88d3d106e9e3679839f4e25a02f4a6cc2ae6ba3b3?s=96&d=mm&r=g","contentUrl":"https:\/\/secure.gravatar.com\/avatar\/a89f802b8de18c6952f223c88d3d106e9e3679839f4e25a02f4a6cc2ae6ba3b3?s=96&d=mm&r=g","caption":"Expresso Metropolitano"},"url":"https:\/\/expressometro.mx\/index.php\/author\/diego\/"}]}},"amp_enabled":true,"_links":{"self":[{"href":"https:\/\/expressometro.mx\/index.php\/wp-json\/wp\/v2\/posts\/7191","targetHints":{"allow":["GET"]}}],"collection":[{"href":"https:\/\/expressometro.mx\/index.php\/wp-json\/wp\/v2\/posts"}],"about":[{"href":"https:\/\/expressometro.mx\/index.php\/wp-json\/wp\/v2\/types\/post"}],"author":[{"embeddable":true,"href":"https:\/\/expressometro.mx\/index.php\/wp-json\/wp\/v2\/users\/1"}],"replies":[{"embeddable":true,"href":"https:\/\/expressometro.mx\/index.php\/wp-json\/wp\/v2\/comments?post=7191"}],"version-history":[{"count":1,"href":"https:\/\/expressometro.mx\/index.php\/wp-json\/wp\/v2\/posts\/7191\/revisions"}],"predecessor-version":[{"id":7194,"href":"https:\/\/expressometro.mx\/index.php\/wp-json\/wp\/v2\/posts\/7191\/revisions\/7194"}],"wp:featuredmedia":[{"embeddable":true,"href":"https:\/\/expressometro.mx\/index.php\/wp-json\/wp\/v2\/media\/7193"}],"wp:attachment":[{"href":"https:\/\/expressometro.mx\/index.php\/wp-json\/wp\/v2\/media?parent=7191"}],"wp:term":[{"taxonomy":"category","embeddable":true,"href":"https:\/\/expressometro.mx\/index.php\/wp-json\/wp\/v2\/categories?post=7191"},{"taxonomy":"post_tag","embeddable":true,"href":"https:\/\/expressometro.mx\/index.php\/wp-json\/wp\/v2\/tags?post=7191"}],"curies":[{"name":"wp","href":"https:\/\/api.w.org\/{rel}","templated":true}]}}