{"id":7132,"date":"2023-05-22T20:17:48","date_gmt":"2023-05-23T01:17:48","guid":{"rendered":"https:\/\/expressometro.mx\/?p=7132"},"modified":"2023-05-22T20:17:49","modified_gmt":"2023-05-23T01:17:49","slug":"impulsa-gustavo-cardenas-el-activismo-para-alejandra-del-moral","status":"publish","type":"post","link":"https:\/\/expressometro.mx\/index.php\/2023\/05\/22\/impulsa-gustavo-cardenas-el-activismo-para-alejandra-del-moral\/","title":{"rendered":"IMPULSA GUSTAVO C\u00c1RDENAS EL ACTIVISMO PARA ALEJANDRA DEL MORAL"},"content":{"rendered":"\n<p>El Diputado Federal Gustavo C\u00e1rdenas Monroy y el Diputado Local Iv\u00e1n Esquer Cruz se sumaron a la caminata denominada &#8220;CaminALE por el Estado de M\u00e9xico&#8221;, a la que acudieron los simpatizantes de Alejandra del Moral reiterando su apoyo incondicional por la candidata a la Gubernatura del Estado de M\u00e9xico.<\/p>\n\n\n\n<p>Cardenas Monroy coment\u00f3 que es el momento de tomar decisiones en favor del Estado de M\u00e9xico, porque Alejandra del Moral es la mejor opci\u00f3n que tiene la sociedad en el Estado, porque es donde coinciden diferentes ideolog\u00edas, pero sobre todo porque la sociedad quiere un gobierno cercano, adem\u00e1s de que su programa de gobierno est\u00e1 encaminado a lo que la gente requiere.<\/p>\n\n\n\n<p>As\u00ed mismo destac\u00f3 que lleg\u00f3 la hora de dejar muy en claro que en Atlacomulco se quiere un gobierno que construya y que permita oportunidades de educaci\u00f3n, salud, generaci\u00f3n de empleado, desarrollo social y seguridad, para que el Estado sea un gran ejemplo para seguir con m\u00e1s cosas en un futuro inmediato, adem\u00e1s exhort\u00f3 a la militancia a continuar con el activismo casa por casa para poder construir un gran triunfo \u00e9ste 4 de junio.<\/p>\n\n\n\n<p><img decoding=\"async\" width=\"150\" height=\"84\" class=\"wp-image-7134\" style=\"width: 150px;\" src=\"http:\/\/expressometro.mx\/wp-content\/uploads\/2023\/05\/IMG-20230522-WA0007.jpg\" alt=\"\" srcset=\"https:\/\/expressometro.mx\/wp-content\/uploads\/2023\/05\/IMG-20230522-WA0007.jpg 1600w, https:\/\/expressometro.mx\/wp-content\/uploads\/2023\/05\/IMG-20230522-WA0007-649x365.jpg 649w, https:\/\/expressometro.mx\/wp-content\/uploads\/2023\/05\/IMG-20230522-WA0007-840x473.jpg 840w, https:\/\/expressometro.mx\/wp-content\/uploads\/2023\/05\/IMG-20230522-WA0007-500x280.jpg 500w, https:\/\/expressometro.mx\/wp-content\/uploads\/2023\/05\/IMG-20230522-WA0007-768x432.jpg 768w, https:\/\/expressometro.mx\/wp-content\/uploads\/2023\/05\/IMG-20230522-WA0007-1536x864.jpg 1536w\" sizes=\"(max-width: 150px) 100vw, 150px\" \/><\/p>\n\n\n\n<p><img decoding=\"async\" width=\"150\" height=\"84\" class=\"wp-image-7135\" style=\"width: 150px;\" src=\"http:\/\/expressometro.mx\/wp-content\/uploads\/2023\/05\/IMG-20230522-WA0005.jpg\" alt=\"\" srcset=\"https:\/\/expressometro.mx\/wp-content\/uploads\/2023\/05\/IMG-20230522-WA0005.jpg 1600w, https:\/\/expressometro.mx\/wp-content\/uploads\/2023\/05\/IMG-20230522-WA0005-649x365.jpg 649w, https:\/\/expressometro.mx\/wp-content\/uploads\/2023\/05\/IMG-20230522-WA0005-840x473.jpg 840w, https:\/\/expressometro.mx\/wp-content\/uploads\/2023\/05\/IMG-20230522-WA0005-500x280.jpg 500w, https:\/\/expressometro.mx\/wp-content\/uploads\/2023\/05\/IMG-20230522-WA0005-768x432.jpg 768w, https:\/\/expressometro.mx\/wp-content\/uploads\/2023\/05\/IMG-20230522-WA0005-1536x864.jpg 1536w\" sizes=\"(max-width: 150px) 100vw, 150px\" \/><\/p>\n\n\n","protected":false},"excerpt":{"rendered":"<p>El Diputado Federal Gustavo C\u00e1rdenas Monroy y el Diputado Local Iv\u00e1n Esquer Cruz se sumaron a la caminata denominada &#8220;CaminALE por el Estado de M\u00e9xico&#8221;, a la que acudieron los simpatizantes de Alejandra del Moral reiterando su apoyo incondicional por la candidata a la Gubernatura del Estado de M\u00e9xico. Cardenas Monroy coment\u00f3 que es el momento de tomar decisiones en favor del Estado de M\u00e9xico, porque Alejandra del Moral es la mejor opci\u00f3n que tiene la sociedad en el Estado, porque es donde coinciden diferentes ideolog\u00edas, pero sobre todo porque&hellip;<\/p>\n","protected":false},"author":2,"featured_media":0,"comment_status":"open","ping_status":"open","sticky":false,"template":"","format":"standard","meta":{"footnotes":""},"categories":[1],"tags":[],"class_list":["post-7132","post","type-post","status-publish","format-standard","hentry","category-otros"],"yoast_head":"<!-- This site is optimized with the Yoast SEO plugin v27.5 - https:\/\/yoast.com\/product\/yoast-seo-wordpress\/ -->\n<title>IMPULSA GUSTAVO C\u00c1RDENAS EL ACTIVISMO PARA ALEJANDRA DEL MORAL - Expresso Metropolitano<\/title>\n<meta name=\"robots\" content=\"index, follow, max-snippet:-1, max-image-preview:large, max-video-preview:-1\" \/>\n<link rel=\"canonical\" href=\"https:\/\/expressometro.mx\/index.php\/2023\/05\/22\/impulsa-gustavo-cardenas-el-activismo-para-alejandra-del-moral\/\" \/>\n<meta property=\"og:locale\" content=\"es_MX\" \/>\n<meta property=\"og:type\" content=\"article\" \/>\n<meta property=\"og:title\" content=\"IMPULSA GUSTAVO C\u00c1RDENAS EL ACTIVISMO PARA ALEJANDRA DEL MORAL - Expresso Metropolitano\" \/>\n<meta property=\"og:description\" content=\"El Diputado Federal Gustavo C\u00e1rdenas Monroy y el Diputado Local Iv\u00e1n Esquer Cruz se sumaron a la caminata denominada &#8220;CaminALE por el Estado de M\u00e9xico&#8221;, a la que acudieron los simpatizantes de Alejandra del Moral reiterando su apoyo incondicional por la candidata a la Gubernatura del Estado de M\u00e9xico. Cardenas Monroy coment\u00f3 que es el momento de tomar decisiones en favor del Estado de M\u00e9xico, porque Alejandra del Moral es la mejor opci\u00f3n que tiene la sociedad en el Estado, porque es donde coinciden diferentes ideolog\u00edas, pero sobre todo porque&hellip;\" \/>\n<meta property=\"og:url\" content=\"https:\/\/expressometro.mx\/index.php\/2023\/05\/22\/impulsa-gustavo-cardenas-el-activismo-para-alejandra-del-moral\/\" \/>\n<meta property=\"og:site_name\" content=\"Expresso Metropolitano\" \/>\n<meta property=\"article:published_time\" content=\"2023-05-23T01:17:48+00:00\" \/>\n<meta property=\"article:modified_time\" content=\"2023-05-23T01:17:49+00:00\" \/>\n<meta property=\"og:image\" content=\"http:\/\/expressometro.mx\/wp-content\/uploads\/2023\/05\/IMG-20230522-WA0007.jpg\" \/>\n<meta name=\"author\" content=\"Cecilia Vega\" \/>\n<meta name=\"twitter:label1\" content=\"Escrito por\" \/>\n\t<meta name=\"twitter:data1\" content=\"Cecilia Vega\" \/>\n\t<meta name=\"twitter:label2\" content=\"Tiempo de lectura\" \/>\n\t<meta name=\"twitter:data2\" content=\"2 minutos\" \/>\n<script type=\"application\/ld+json\" class=\"yoast-schema-graph\">{\"@context\":\"https:\\\/\\\/schema.org\",\"@graph\":[{\"@type\":\"Article\",\"@id\":\"https:\\\/\\\/expressometro.mx\\\/index.php\\\/2023\\\/05\\\/22\\\/impulsa-gustavo-cardenas-el-activismo-para-alejandra-del-moral\\\/#article\",\"isPartOf\":{\"@id\":\"https:\\\/\\\/expressometro.mx\\\/index.php\\\/2023\\\/05\\\/22\\\/impulsa-gustavo-cardenas-el-activismo-para-alejandra-del-moral\\\/\"},\"author\":{\"name\":\"Cecilia Vega\",\"@id\":\"https:\\\/\\\/expressometro.mx\\\/#\\\/schema\\\/person\\\/67a95b8e3862085c7598f66237488f1f\"},\"headline\":\"IMPULSA GUSTAVO C\u00c1RDENAS EL ACTIVISMO PARA ALEJANDRA DEL MORAL\",\"datePublished\":\"2023-05-23T01:17:48+00:00\",\"dateModified\":\"2023-05-23T01:17:49+00:00\",\"mainEntityOfPage\":{\"@id\":\"https:\\\/\\\/expressometro.mx\\\/index.php\\\/2023\\\/05\\\/22\\\/impulsa-gustavo-cardenas-el-activismo-para-alejandra-del-moral\\\/\"},\"wordCount\":207,\"commentCount\":0,\"publisher\":{\"@id\":\"https:\\\/\\\/expressometro.mx\\\/#organization\"},\"image\":{\"@id\":\"https:\\\/\\\/expressometro.mx\\\/index.php\\\/2023\\\/05\\\/22\\\/impulsa-gustavo-cardenas-el-activismo-para-alejandra-del-moral\\\/#primaryimage\"},\"thumbnailUrl\":\"http:\\\/\\\/expressometro.mx\\\/wp-content\\\/uploads\\\/2023\\\/05\\\/IMG-20230522-WA0007.jpg\",\"articleSection\":[\"Otros\"],\"inLanguage\":\"es\",\"potentialAction\":[{\"@type\":\"CommentAction\",\"name\":\"Comment\",\"target\":[\"https:\\\/\\\/expressometro.mx\\\/index.php\\\/2023\\\/05\\\/22\\\/impulsa-gustavo-cardenas-el-activismo-para-alejandra-del-moral\\\/#respond\"]}]},{\"@type\":\"WebPage\",\"@id\":\"https:\\\/\\\/expressometro.mx\\\/index.php\\\/2023\\\/05\\\/22\\\/impulsa-gustavo-cardenas-el-activismo-para-alejandra-del-moral\\\/\",\"url\":\"https:\\\/\\\/expressometro.mx\\\/index.php\\\/2023\\\/05\\\/22\\\/impulsa-gustavo-cardenas-el-activismo-para-alejandra-del-moral\\\/\",\"name\":\"IMPULSA GUSTAVO C\u00c1RDENAS EL ACTIVISMO PARA ALEJANDRA DEL MORAL - Expresso Metropolitano\",\"isPartOf\":{\"@id\":\"https:\\\/\\\/expressometro.mx\\\/#website\"},\"primaryImageOfPage\":{\"@id\":\"https:\\\/\\\/expressometro.mx\\\/index.php\\\/2023\\\/05\\\/22\\\/impulsa-gustavo-cardenas-el-activismo-para-alejandra-del-moral\\\/#primaryimage\"},\"image\":{\"@id\":\"https:\\\/\\\/expressometro.mx\\\/index.php\\\/2023\\\/05\\\/22\\\/impulsa-gustavo-cardenas-el-activismo-para-alejandra-del-moral\\\/#primaryimage\"},\"thumbnailUrl\":\"http:\\\/\\\/expressometro.mx\\\/wp-content\\\/uploads\\\/2023\\\/05\\\/IMG-20230522-WA0007.jpg\",\"datePublished\":\"2023-05-23T01:17:48+00:00\",\"dateModified\":\"2023-05-23T01:17:49+00:00\",\"breadcrumb\":{\"@id\":\"https:\\\/\\\/expressometro.mx\\\/index.php\\\/2023\\\/05\\\/22\\\/impulsa-gustavo-cardenas-el-activismo-para-alejandra-del-moral\\\/#breadcrumb\"},\"inLanguage\":\"es\",\"potentialAction\":[{\"@type\":\"ReadAction\",\"target\":[\"https:\\\/\\\/expressometro.mx\\\/index.php\\\/2023\\\/05\\\/22\\\/impulsa-gustavo-cardenas-el-activismo-para-alejandra-del-moral\\\/\"]}]},{\"@type\":\"ImageObject\",\"inLanguage\":\"es\",\"@id\":\"https:\\\/\\\/expressometro.mx\\\/index.php\\\/2023\\\/05\\\/22\\\/impulsa-gustavo-cardenas-el-activismo-para-alejandra-del-moral\\\/#primaryimage\",\"url\":\"http:\\\/\\\/expressometro.mx\\\/wp-content\\\/uploads\\\/2023\\\/05\\\/IMG-20230522-WA0007.jpg\",\"contentUrl\":\"http:\\\/\\\/expressometro.mx\\\/wp-content\\\/uploads\\\/2023\\\/05\\\/IMG-20230522-WA0007.jpg\"},{\"@type\":\"BreadcrumbList\",\"@id\":\"https:\\\/\\\/expressometro.mx\\\/index.php\\\/2023\\\/05\\\/22\\\/impulsa-gustavo-cardenas-el-activismo-para-alejandra-del-moral\\\/#breadcrumb\",\"itemListElement\":[{\"@type\":\"ListItem\",\"position\":1,\"name\":\"Inicio\",\"item\":\"https:\\\/\\\/expressometro.mx\\\/\"},{\"@type\":\"ListItem\",\"position\":2,\"name\":\"IMPULSA GUSTAVO C\u00c1RDENAS EL ACTIVISMO PARA ALEJANDRA DEL MORAL\"}]},{\"@type\":\"WebSite\",\"@id\":\"https:\\\/\\\/expressometro.mx\\\/#website\",\"url\":\"https:\\\/\\\/expressometro.mx\\\/\",\"name\":\"Expresso Metropolitano\",\"description\":\"Periodismo comprometido, informaci\u00f3n, investigaci\u00f3n y an\u00e1lisis\",\"publisher\":{\"@id\":\"https:\\\/\\\/expressometro.mx\\\/#organization\"},\"potentialAction\":[{\"@type\":\"SearchAction\",\"target\":{\"@type\":\"EntryPoint\",\"urlTemplate\":\"https:\\\/\\\/expressometro.mx\\\/?s={search_term_string}\"},\"query-input\":{\"@type\":\"PropertyValueSpecification\",\"valueRequired\":true,\"valueName\":\"search_term_string\"}}],\"inLanguage\":\"es\"},{\"@type\":\"Organization\",\"@id\":\"https:\\\/\\\/expressometro.mx\\\/#organization\",\"name\":\"Expresso Metropolitano\",\"url\":\"https:\\\/\\\/expressometro.mx\\\/\",\"logo\":{\"@type\":\"ImageObject\",\"inLanguage\":\"es\",\"@id\":\"https:\\\/\\\/expressometro.mx\\\/#\\\/schema\\\/logo\\\/image\\\/\",\"url\":\"https:\\\/\\\/expressometro.mx\\\/wp-content\\\/uploads\\\/2019\\\/07\\\/cropped-Logo-Expresso-Metropolitano-1-1.jpeg\",\"contentUrl\":\"https:\\\/\\\/expressometro.mx\\\/wp-content\\\/uploads\\\/2019\\\/07\\\/cropped-Logo-Expresso-Metropolitano-1-1.jpeg\",\"width\":290,\"height\":73,\"caption\":\"Expresso Metropolitano\"},\"image\":{\"@id\":\"https:\\\/\\\/expressometro.mx\\\/#\\\/schema\\\/logo\\\/image\\\/\"}},{\"@type\":\"Person\",\"@id\":\"https:\\\/\\\/expressometro.mx\\\/#\\\/schema\\\/person\\\/67a95b8e3862085c7598f66237488f1f\",\"name\":\"Cecilia Vega\",\"image\":{\"@type\":\"ImageObject\",\"inLanguage\":\"es\",\"@id\":\"https:\\\/\\\/secure.gravatar.com\\\/avatar\\\/13aae9944ab2ee472a9e407c9487fdbd03b049abaa559af32fe5dbcf615c981b?s=96&d=mm&r=g\",\"url\":\"https:\\\/\\\/secure.gravatar.com\\\/avatar\\\/13aae9944ab2ee472a9e407c9487fdbd03b049abaa559af32fe5dbcf615c981b?s=96&d=mm&r=g\",\"contentUrl\":\"https:\\\/\\\/secure.gravatar.com\\\/avatar\\\/13aae9944ab2ee472a9e407c9487fdbd03b049abaa559af32fe5dbcf615c981b?s=96&d=mm&r=g\",\"caption\":\"Cecilia Vega\"},\"url\":\"https:\\\/\\\/expressometro.mx\\\/index.php\\\/author\\\/cecilia-vega\\\/\"}]}<\/script>\n<!-- \/ Yoast SEO plugin. -->","yoast_head_json":{"title":"IMPULSA GUSTAVO C\u00c1RDENAS EL ACTIVISMO PARA ALEJANDRA DEL MORAL - Expresso Metropolitano","robots":{"index":"index","follow":"follow","max-snippet":"max-snippet:-1","max-image-preview":"max-image-preview:large","max-video-preview":"max-video-preview:-1"},"canonical":"https:\/\/expressometro.mx\/index.php\/2023\/05\/22\/impulsa-gustavo-cardenas-el-activismo-para-alejandra-del-moral\/","og_locale":"es_MX","og_type":"article","og_title":"IMPULSA GUSTAVO C\u00c1RDENAS EL ACTIVISMO PARA ALEJANDRA DEL MORAL - Expresso Metropolitano","og_description":"El Diputado Federal Gustavo C\u00e1rdenas Monroy y el Diputado Local Iv\u00e1n Esquer Cruz se sumaron a la caminata denominada &#8220;CaminALE por el Estado de M\u00e9xico&#8221;, a la que acudieron los simpatizantes de Alejandra del Moral reiterando su apoyo incondicional por la candidata a la Gubernatura del Estado de M\u00e9xico. Cardenas Monroy coment\u00f3 que es el momento de tomar decisiones en favor del Estado de M\u00e9xico, porque Alejandra del Moral es la mejor opci\u00f3n que tiene la sociedad en el Estado, porque es donde coinciden diferentes ideolog\u00edas, pero sobre todo porque&hellip;","og_url":"https:\/\/expressometro.mx\/index.php\/2023\/05\/22\/impulsa-gustavo-cardenas-el-activismo-para-alejandra-del-moral\/","og_site_name":"Expresso Metropolitano","article_published_time":"2023-05-23T01:17:48+00:00","article_modified_time":"2023-05-23T01:17:49+00:00","og_image":[{"url":"http:\/\/expressometro.mx\/wp-content\/uploads\/2023\/05\/IMG-20230522-WA0007.jpg","type":"","width":"","height":""}],"author":"Cecilia Vega","twitter_misc":{"Escrito por":"Cecilia Vega","Tiempo de lectura":"2 minutos"},"schema":{"@context":"https:\/\/schema.org","@graph":[{"@type":"Article","@id":"https:\/\/expressometro.mx\/index.php\/2023\/05\/22\/impulsa-gustavo-cardenas-el-activismo-para-alejandra-del-moral\/#article","isPartOf":{"@id":"https:\/\/expressometro.mx\/index.php\/2023\/05\/22\/impulsa-gustavo-cardenas-el-activismo-para-alejandra-del-moral\/"},"author":{"name":"Cecilia Vega","@id":"https:\/\/expressometro.mx\/#\/schema\/person\/67a95b8e3862085c7598f66237488f1f"},"headline":"IMPULSA GUSTAVO C\u00c1RDENAS EL ACTIVISMO PARA ALEJANDRA DEL MORAL","datePublished":"2023-05-23T01:17:48+00:00","dateModified":"2023-05-23T01:17:49+00:00","mainEntityOfPage":{"@id":"https:\/\/expressometro.mx\/index.php\/2023\/05\/22\/impulsa-gustavo-cardenas-el-activismo-para-alejandra-del-moral\/"},"wordCount":207,"commentCount":0,"publisher":{"@id":"https:\/\/expressometro.mx\/#organization"},"image":{"@id":"https:\/\/expressometro.mx\/index.php\/2023\/05\/22\/impulsa-gustavo-cardenas-el-activismo-para-alejandra-del-moral\/#primaryimage"},"thumbnailUrl":"http:\/\/expressometro.mx\/wp-content\/uploads\/2023\/05\/IMG-20230522-WA0007.jpg","articleSection":["Otros"],"inLanguage":"es","potentialAction":[{"@type":"CommentAction","name":"Comment","target":["https:\/\/expressometro.mx\/index.php\/2023\/05\/22\/impulsa-gustavo-cardenas-el-activismo-para-alejandra-del-moral\/#respond"]}]},{"@type":"WebPage","@id":"https:\/\/expressometro.mx\/index.php\/2023\/05\/22\/impulsa-gustavo-cardenas-el-activismo-para-alejandra-del-moral\/","url":"https:\/\/expressometro.mx\/index.php\/2023\/05\/22\/impulsa-gustavo-cardenas-el-activismo-para-alejandra-del-moral\/","name":"IMPULSA GUSTAVO C\u00c1RDENAS EL ACTIVISMO PARA ALEJANDRA DEL MORAL - Expresso Metropolitano","isPartOf":{"@id":"https:\/\/expressometro.mx\/#website"},"primaryImageOfPage":{"@id":"https:\/\/expressometro.mx\/index.php\/2023\/05\/22\/impulsa-gustavo-cardenas-el-activismo-para-alejandra-del-moral\/#primaryimage"},"image":{"@id":"https:\/\/expressometro.mx\/index.php\/2023\/05\/22\/impulsa-gustavo-cardenas-el-activismo-para-alejandra-del-moral\/#primaryimage"},"thumbnailUrl":"http:\/\/expressometro.mx\/wp-content\/uploads\/2023\/05\/IMG-20230522-WA0007.jpg","datePublished":"2023-05-23T01:17:48+00:00","dateModified":"2023-05-23T01:17:49+00:00","breadcrumb":{"@id":"https:\/\/expressometro.mx\/index.php\/2023\/05\/22\/impulsa-gustavo-cardenas-el-activismo-para-alejandra-del-moral\/#breadcrumb"},"inLanguage":"es","potentialAction":[{"@type":"ReadAction","target":["https:\/\/expressometro.mx\/index.php\/2023\/05\/22\/impulsa-gustavo-cardenas-el-activismo-para-alejandra-del-moral\/"]}]},{"@type":"ImageObject","inLanguage":"es","@id":"https:\/\/expressometro.mx\/index.php\/2023\/05\/22\/impulsa-gustavo-cardenas-el-activismo-para-alejandra-del-moral\/#primaryimage","url":"http:\/\/expressometro.mx\/wp-content\/uploads\/2023\/05\/IMG-20230522-WA0007.jpg","contentUrl":"http:\/\/expressometro.mx\/wp-content\/uploads\/2023\/05\/IMG-20230522-WA0007.jpg"},{"@type":"BreadcrumbList","@id":"https:\/\/expressometro.mx\/index.php\/2023\/05\/22\/impulsa-gustavo-cardenas-el-activismo-para-alejandra-del-moral\/#breadcrumb","itemListElement":[{"@type":"ListItem","position":1,"name":"Inicio","item":"https:\/\/expressometro.mx\/"},{"@type":"ListItem","position":2,"name":"IMPULSA GUSTAVO C\u00c1RDENAS EL ACTIVISMO PARA ALEJANDRA DEL MORAL"}]},{"@type":"WebSite","@id":"https:\/\/expressometro.mx\/#website","url":"https:\/\/expressometro.mx\/","name":"Expresso Metropolitano","description":"Periodismo comprometido, informaci\u00f3n, investigaci\u00f3n y an\u00e1lisis","publisher":{"@id":"https:\/\/expressometro.mx\/#organization"},"potentialAction":[{"@type":"SearchAction","target":{"@type":"EntryPoint","urlTemplate":"https:\/\/expressometro.mx\/?s={search_term_string}"},"query-input":{"@type":"PropertyValueSpecification","valueRequired":true,"valueName":"search_term_string"}}],"inLanguage":"es"},{"@type":"Organization","@id":"https:\/\/expressometro.mx\/#organization","name":"Expresso Metropolitano","url":"https:\/\/expressometro.mx\/","logo":{"@type":"ImageObject","inLanguage":"es","@id":"https:\/\/expressometro.mx\/#\/schema\/logo\/image\/","url":"https:\/\/expressometro.mx\/wp-content\/uploads\/2019\/07\/cropped-Logo-Expresso-Metropolitano-1-1.jpeg","contentUrl":"https:\/\/expressometro.mx\/wp-content\/uploads\/2019\/07\/cropped-Logo-Expresso-Metropolitano-1-1.jpeg","width":290,"height":73,"caption":"Expresso Metropolitano"},"image":{"@id":"https:\/\/expressometro.mx\/#\/schema\/logo\/image\/"}},{"@type":"Person","@id":"https:\/\/expressometro.mx\/#\/schema\/person\/67a95b8e3862085c7598f66237488f1f","name":"Cecilia Vega","image":{"@type":"ImageObject","inLanguage":"es","@id":"https:\/\/secure.gravatar.com\/avatar\/13aae9944ab2ee472a9e407c9487fdbd03b049abaa559af32fe5dbcf615c981b?s=96&d=mm&r=g","url":"https:\/\/secure.gravatar.com\/avatar\/13aae9944ab2ee472a9e407c9487fdbd03b049abaa559af32fe5dbcf615c981b?s=96&d=mm&r=g","contentUrl":"https:\/\/secure.gravatar.com\/avatar\/13aae9944ab2ee472a9e407c9487fdbd03b049abaa559af32fe5dbcf615c981b?s=96&d=mm&r=g","caption":"Cecilia Vega"},"url":"https:\/\/expressometro.mx\/index.php\/author\/cecilia-vega\/"}]}},"amp_enabled":true,"_links":{"self":[{"href":"https:\/\/expressometro.mx\/index.php\/wp-json\/wp\/v2\/posts\/7132","targetHints":{"allow":["GET"]}}],"collection":[{"href":"https:\/\/expressometro.mx\/index.php\/wp-json\/wp\/v2\/posts"}],"about":[{"href":"https:\/\/expressometro.mx\/index.php\/wp-json\/wp\/v2\/types\/post"}],"author":[{"embeddable":true,"href":"https:\/\/expressometro.mx\/index.php\/wp-json\/wp\/v2\/users\/2"}],"replies":[{"embeddable":true,"href":"https:\/\/expressometro.mx\/index.php\/wp-json\/wp\/v2\/comments?post=7132"}],"version-history":[{"count":1,"href":"https:\/\/expressometro.mx\/index.php\/wp-json\/wp\/v2\/posts\/7132\/revisions"}],"predecessor-version":[{"id":7136,"href":"https:\/\/expressometro.mx\/index.php\/wp-json\/wp\/v2\/posts\/7132\/revisions\/7136"}],"wp:attachment":[{"href":"https:\/\/expressometro.mx\/index.php\/wp-json\/wp\/v2\/media?parent=7132"}],"wp:term":[{"taxonomy":"category","embeddable":true,"href":"https:\/\/expressometro.mx\/index.php\/wp-json\/wp\/v2\/categories?post=7132"},{"taxonomy":"post_tag","embeddable":true,"href":"https:\/\/expressometro.mx\/index.php\/wp-json\/wp\/v2\/tags?post=7132"}],"curies":[{"name":"wp","href":"https:\/\/api.w.org\/{rel}","templated":true}]}}