{"id":7088,"date":"2023-04-27T14:15:54","date_gmt":"2023-04-27T19:15:54","guid":{"rendered":"https:\/\/expressometro.mx\/?p=7088"},"modified":"2023-04-28T14:17:39","modified_gmt":"2023-04-28T19:17:39","slug":"cercan-priistas-el-norte-del-edomex-con-respaldo-a-ale","status":"publish","type":"post","link":"https:\/\/expressometro.mx\/index.php\/2023\/04\/27\/cercan-priistas-el-norte-del-edomex-con-respaldo-a-ale\/","title":{"rendered":"CERCAN PRIISTAS EL NORTE DEL EDOMEX CON RESPALDO A ALE"},"content":{"rendered":"\n<p>Los municipios del norte del Estado de M\u00e9xico se han volcado en favor del proyecto pol\u00edtico que encabeza Alejandra del Moral Vela y cercaron absolutamente la regi\u00f3n para impedir el paso a las ocurrencias de un r\u00e9gimen que destruye la democracia y las instituciones.    <\/p>\n\n\n\n<p>Una ola de mexiquenses valientes recibieron  a la candidata de la coalici\u00f3n Va por el Estado de M\u00e9xico en los municipios de Jilotepec, Soyaniquilpan, Polotitl\u00e1n, Aculco, Acambay y Temascalcingo, quienes le externaron todo su apoyo y compromiso para trabajar unidos en un proyecto de gobierno con car\u00e1cter y responsable. <\/p>\n\n\n\n<p> Se trata de que  el Estado de M\u00e9xico se encamine a ser un lugar de oportunidades para las familias y en \u00e9sta ruta de la reconciliaci\u00f3n se sum\u00f3 el coordinador de la regi\u00f3n norte el Diputado Federal Gustavo C\u00e1rdenas Monroy.  <\/p>\n\n\n\n<p>Ah\u00ed el liderazgo pol\u00edtico del diputado permite \u00f1 fortalecer el compromiso de trabajo en favor de las y los mexiquenses, porque es momento que las cosas sucedan y sean para bien del Estado de M\u00e9xico.<\/p>\n\n\n\n<p><img loading=\"lazy\" decoding=\"async\" width=\"150\" height=\"70\" class=\"wp-image-7089\" style=\"width: 150px;\" src=\"http:\/\/expressometro.mx\/wp-content\/uploads\/2023\/04\/IMG-20230428-WA0004.jpg\" alt=\"\" srcset=\"https:\/\/expressometro.mx\/wp-content\/uploads\/2023\/04\/IMG-20230428-WA0004.jpg 960w, https:\/\/expressometro.mx\/wp-content\/uploads\/2023\/04\/IMG-20230428-WA0004-660x308.jpg 660w, https:\/\/expressometro.mx\/wp-content\/uploads\/2023\/04\/IMG-20230428-WA0004-840x392.jpg 840w, https:\/\/expressometro.mx\/wp-content\/uploads\/2023\/04\/IMG-20230428-WA0004-768x358.jpg 768w\" sizes=\"auto, (max-width: 150px) 100vw, 150px\" \/><\/p>\n\n\n\n<p><\/p>\n","protected":false},"excerpt":{"rendered":"<p>Los municipios del norte del Estado de M\u00e9xico se han volcado en favor del proyecto pol\u00edtico que encabeza Alejandra del Moral Vela y cercaron absolutamente la regi\u00f3n para impedir el paso a las ocurrencias de un r\u00e9gimen que destruye la democracia y las instituciones. Una ola de mexiquenses valientes recibieron a la candidata de la coalici\u00f3n Va por el Estado de M\u00e9xico en los municipios de Jilotepec, Soyaniquilpan, Polotitl\u00e1n, Aculco, Acambay y Temascalcingo, quienes le externaron todo su apoyo y compromiso para trabajar unidos en un proyecto de gobierno con&hellip;<\/p>\n","protected":false},"author":2,"featured_media":0,"comment_status":"open","ping_status":"open","sticky":false,"template":"","format":"standard","meta":{"footnotes":""},"categories":[1],"tags":[],"class_list":["post-7088","post","type-post","status-publish","format-standard","hentry","category-otros"],"yoast_head":"<!-- This site is optimized with the Yoast SEO plugin v27.5 - https:\/\/yoast.com\/product\/yoast-seo-wordpress\/ -->\n<title>CERCAN PRIISTAS EL NORTE DEL EDOMEX CON RESPALDO A ALE - Expresso Metropolitano<\/title>\n<meta name=\"robots\" content=\"index, follow, max-snippet:-1, max-image-preview:large, max-video-preview:-1\" \/>\n<link rel=\"canonical\" href=\"https:\/\/expressometro.mx\/index.php\/2023\/04\/27\/cercan-priistas-el-norte-del-edomex-con-respaldo-a-ale\/\" \/>\n<meta property=\"og:locale\" content=\"es_MX\" \/>\n<meta property=\"og:type\" content=\"article\" \/>\n<meta property=\"og:title\" content=\"CERCAN PRIISTAS EL NORTE DEL EDOMEX CON RESPALDO A ALE - Expresso Metropolitano\" \/>\n<meta property=\"og:description\" content=\"Los municipios del norte del Estado de M\u00e9xico se han volcado en favor del proyecto pol\u00edtico que encabeza Alejandra del Moral Vela y cercaron absolutamente la regi\u00f3n para impedir el paso a las ocurrencias de un r\u00e9gimen que destruye la democracia y las instituciones. Una ola de mexiquenses valientes recibieron a la candidata de la coalici\u00f3n Va por el Estado de M\u00e9xico en los municipios de Jilotepec, Soyaniquilpan, Polotitl\u00e1n, Aculco, Acambay y Temascalcingo, quienes le externaron todo su apoyo y compromiso para trabajar unidos en un proyecto de gobierno con&hellip;\" \/>\n<meta property=\"og:url\" content=\"https:\/\/expressometro.mx\/index.php\/2023\/04\/27\/cercan-priistas-el-norte-del-edomex-con-respaldo-a-ale\/\" \/>\n<meta property=\"og:site_name\" content=\"Expresso Metropolitano\" \/>\n<meta property=\"article:published_time\" content=\"2023-04-27T19:15:54+00:00\" \/>\n<meta property=\"article:modified_time\" content=\"2023-04-28T19:17:39+00:00\" \/>\n<meta property=\"og:image\" content=\"http:\/\/expressometro.mx\/wp-content\/uploads\/2023\/04\/IMG-20230428-WA0004.jpg\" \/>\n<meta name=\"author\" content=\"Cecilia Vega\" \/>\n<meta name=\"twitter:label1\" content=\"Escrito por\" \/>\n\t<meta name=\"twitter:data1\" content=\"Cecilia Vega\" \/>\n\t<meta name=\"twitter:label2\" content=\"Tiempo de lectura\" \/>\n\t<meta name=\"twitter:data2\" content=\"1 minuto\" \/>\n<script type=\"application\/ld+json\" class=\"yoast-schema-graph\">{\"@context\":\"https:\\\/\\\/schema.org\",\"@graph\":[{\"@type\":\"Article\",\"@id\":\"https:\\\/\\\/expressometro.mx\\\/index.php\\\/2023\\\/04\\\/27\\\/cercan-priistas-el-norte-del-edomex-con-respaldo-a-ale\\\/#article\",\"isPartOf\":{\"@id\":\"https:\\\/\\\/expressometro.mx\\\/index.php\\\/2023\\\/04\\\/27\\\/cercan-priistas-el-norte-del-edomex-con-respaldo-a-ale\\\/\"},\"author\":{\"name\":\"Cecilia Vega\",\"@id\":\"https:\\\/\\\/expressometro.mx\\\/#\\\/schema\\\/person\\\/67a95b8e3862085c7598f66237488f1f\"},\"headline\":\"CERCAN PRIISTAS EL NORTE DEL EDOMEX CON RESPALDO A ALE\",\"datePublished\":\"2023-04-27T19:15:54+00:00\",\"dateModified\":\"2023-04-28T19:17:39+00:00\",\"mainEntityOfPage\":{\"@id\":\"https:\\\/\\\/expressometro.mx\\\/index.php\\\/2023\\\/04\\\/27\\\/cercan-priistas-el-norte-del-edomex-con-respaldo-a-ale\\\/\"},\"wordCount\":191,\"commentCount\":0,\"publisher\":{\"@id\":\"https:\\\/\\\/expressometro.mx\\\/#organization\"},\"image\":{\"@id\":\"https:\\\/\\\/expressometro.mx\\\/index.php\\\/2023\\\/04\\\/27\\\/cercan-priistas-el-norte-del-edomex-con-respaldo-a-ale\\\/#primaryimage\"},\"thumbnailUrl\":\"http:\\\/\\\/expressometro.mx\\\/wp-content\\\/uploads\\\/2023\\\/04\\\/IMG-20230428-WA0004.jpg\",\"articleSection\":[\"Otros\"],\"inLanguage\":\"es\",\"potentialAction\":[{\"@type\":\"CommentAction\",\"name\":\"Comment\",\"target\":[\"https:\\\/\\\/expressometro.mx\\\/index.php\\\/2023\\\/04\\\/27\\\/cercan-priistas-el-norte-del-edomex-con-respaldo-a-ale\\\/#respond\"]}]},{\"@type\":\"WebPage\",\"@id\":\"https:\\\/\\\/expressometro.mx\\\/index.php\\\/2023\\\/04\\\/27\\\/cercan-priistas-el-norte-del-edomex-con-respaldo-a-ale\\\/\",\"url\":\"https:\\\/\\\/expressometro.mx\\\/index.php\\\/2023\\\/04\\\/27\\\/cercan-priistas-el-norte-del-edomex-con-respaldo-a-ale\\\/\",\"name\":\"CERCAN PRIISTAS EL NORTE DEL EDOMEX CON RESPALDO A ALE - Expresso Metropolitano\",\"isPartOf\":{\"@id\":\"https:\\\/\\\/expressometro.mx\\\/#website\"},\"primaryImageOfPage\":{\"@id\":\"https:\\\/\\\/expressometro.mx\\\/index.php\\\/2023\\\/04\\\/27\\\/cercan-priistas-el-norte-del-edomex-con-respaldo-a-ale\\\/#primaryimage\"},\"image\":{\"@id\":\"https:\\\/\\\/expressometro.mx\\\/index.php\\\/2023\\\/04\\\/27\\\/cercan-priistas-el-norte-del-edomex-con-respaldo-a-ale\\\/#primaryimage\"},\"thumbnailUrl\":\"http:\\\/\\\/expressometro.mx\\\/wp-content\\\/uploads\\\/2023\\\/04\\\/IMG-20230428-WA0004.jpg\",\"datePublished\":\"2023-04-27T19:15:54+00:00\",\"dateModified\":\"2023-04-28T19:17:39+00:00\",\"breadcrumb\":{\"@id\":\"https:\\\/\\\/expressometro.mx\\\/index.php\\\/2023\\\/04\\\/27\\\/cercan-priistas-el-norte-del-edomex-con-respaldo-a-ale\\\/#breadcrumb\"},\"inLanguage\":\"es\",\"potentialAction\":[{\"@type\":\"ReadAction\",\"target\":[\"https:\\\/\\\/expressometro.mx\\\/index.php\\\/2023\\\/04\\\/27\\\/cercan-priistas-el-norte-del-edomex-con-respaldo-a-ale\\\/\"]}]},{\"@type\":\"ImageObject\",\"inLanguage\":\"es\",\"@id\":\"https:\\\/\\\/expressometro.mx\\\/index.php\\\/2023\\\/04\\\/27\\\/cercan-priistas-el-norte-del-edomex-con-respaldo-a-ale\\\/#primaryimage\",\"url\":\"http:\\\/\\\/expressometro.mx\\\/wp-content\\\/uploads\\\/2023\\\/04\\\/IMG-20230428-WA0004.jpg\",\"contentUrl\":\"http:\\\/\\\/expressometro.mx\\\/wp-content\\\/uploads\\\/2023\\\/04\\\/IMG-20230428-WA0004.jpg\"},{\"@type\":\"BreadcrumbList\",\"@id\":\"https:\\\/\\\/expressometro.mx\\\/index.php\\\/2023\\\/04\\\/27\\\/cercan-priistas-el-norte-del-edomex-con-respaldo-a-ale\\\/#breadcrumb\",\"itemListElement\":[{\"@type\":\"ListItem\",\"position\":1,\"name\":\"Inicio\",\"item\":\"https:\\\/\\\/expressometro.mx\\\/\"},{\"@type\":\"ListItem\",\"position\":2,\"name\":\"CERCAN PRIISTAS EL NORTE DEL EDOMEX CON RESPALDO A ALE\"}]},{\"@type\":\"WebSite\",\"@id\":\"https:\\\/\\\/expressometro.mx\\\/#website\",\"url\":\"https:\\\/\\\/expressometro.mx\\\/\",\"name\":\"Expresso Metropolitano\",\"description\":\"Periodismo comprometido, informaci\u00f3n, investigaci\u00f3n y an\u00e1lisis\",\"publisher\":{\"@id\":\"https:\\\/\\\/expressometro.mx\\\/#organization\"},\"potentialAction\":[{\"@type\":\"SearchAction\",\"target\":{\"@type\":\"EntryPoint\",\"urlTemplate\":\"https:\\\/\\\/expressometro.mx\\\/?s={search_term_string}\"},\"query-input\":{\"@type\":\"PropertyValueSpecification\",\"valueRequired\":true,\"valueName\":\"search_term_string\"}}],\"inLanguage\":\"es\"},{\"@type\":\"Organization\",\"@id\":\"https:\\\/\\\/expressometro.mx\\\/#organization\",\"name\":\"Expresso Metropolitano\",\"url\":\"https:\\\/\\\/expressometro.mx\\\/\",\"logo\":{\"@type\":\"ImageObject\",\"inLanguage\":\"es\",\"@id\":\"https:\\\/\\\/expressometro.mx\\\/#\\\/schema\\\/logo\\\/image\\\/\",\"url\":\"https:\\\/\\\/expressometro.mx\\\/wp-content\\\/uploads\\\/2019\\\/07\\\/cropped-Logo-Expresso-Metropolitano-1-1.jpeg\",\"contentUrl\":\"https:\\\/\\\/expressometro.mx\\\/wp-content\\\/uploads\\\/2019\\\/07\\\/cropped-Logo-Expresso-Metropolitano-1-1.jpeg\",\"width\":290,\"height\":73,\"caption\":\"Expresso Metropolitano\"},\"image\":{\"@id\":\"https:\\\/\\\/expressometro.mx\\\/#\\\/schema\\\/logo\\\/image\\\/\"}},{\"@type\":\"Person\",\"@id\":\"https:\\\/\\\/expressometro.mx\\\/#\\\/schema\\\/person\\\/67a95b8e3862085c7598f66237488f1f\",\"name\":\"Cecilia Vega\",\"image\":{\"@type\":\"ImageObject\",\"inLanguage\":\"es\",\"@id\":\"https:\\\/\\\/secure.gravatar.com\\\/avatar\\\/13aae9944ab2ee472a9e407c9487fdbd03b049abaa559af32fe5dbcf615c981b?s=96&d=mm&r=g\",\"url\":\"https:\\\/\\\/secure.gravatar.com\\\/avatar\\\/13aae9944ab2ee472a9e407c9487fdbd03b049abaa559af32fe5dbcf615c981b?s=96&d=mm&r=g\",\"contentUrl\":\"https:\\\/\\\/secure.gravatar.com\\\/avatar\\\/13aae9944ab2ee472a9e407c9487fdbd03b049abaa559af32fe5dbcf615c981b?s=96&d=mm&r=g\",\"caption\":\"Cecilia Vega\"},\"url\":\"https:\\\/\\\/expressometro.mx\\\/index.php\\\/author\\\/cecilia-vega\\\/\"}]}<\/script>\n<!-- \/ Yoast SEO plugin. -->","yoast_head_json":{"title":"CERCAN PRIISTAS EL NORTE DEL EDOMEX CON RESPALDO A ALE - Expresso Metropolitano","robots":{"index":"index","follow":"follow","max-snippet":"max-snippet:-1","max-image-preview":"max-image-preview:large","max-video-preview":"max-video-preview:-1"},"canonical":"https:\/\/expressometro.mx\/index.php\/2023\/04\/27\/cercan-priistas-el-norte-del-edomex-con-respaldo-a-ale\/","og_locale":"es_MX","og_type":"article","og_title":"CERCAN PRIISTAS EL NORTE DEL EDOMEX CON RESPALDO A ALE - Expresso Metropolitano","og_description":"Los municipios del norte del Estado de M\u00e9xico se han volcado en favor del proyecto pol\u00edtico que encabeza Alejandra del Moral Vela y cercaron absolutamente la regi\u00f3n para impedir el paso a las ocurrencias de un r\u00e9gimen que destruye la democracia y las instituciones. Una ola de mexiquenses valientes recibieron a la candidata de la coalici\u00f3n Va por el Estado de M\u00e9xico en los municipios de Jilotepec, Soyaniquilpan, Polotitl\u00e1n, Aculco, Acambay y Temascalcingo, quienes le externaron todo su apoyo y compromiso para trabajar unidos en un proyecto de gobierno con&hellip;","og_url":"https:\/\/expressometro.mx\/index.php\/2023\/04\/27\/cercan-priistas-el-norte-del-edomex-con-respaldo-a-ale\/","og_site_name":"Expresso Metropolitano","article_published_time":"2023-04-27T19:15:54+00:00","article_modified_time":"2023-04-28T19:17:39+00:00","og_image":[{"url":"http:\/\/expressometro.mx\/wp-content\/uploads\/2023\/04\/IMG-20230428-WA0004.jpg","type":"","width":"","height":""}],"author":"Cecilia Vega","twitter_misc":{"Escrito por":"Cecilia Vega","Tiempo de lectura":"1 minuto"},"schema":{"@context":"https:\/\/schema.org","@graph":[{"@type":"Article","@id":"https:\/\/expressometro.mx\/index.php\/2023\/04\/27\/cercan-priistas-el-norte-del-edomex-con-respaldo-a-ale\/#article","isPartOf":{"@id":"https:\/\/expressometro.mx\/index.php\/2023\/04\/27\/cercan-priistas-el-norte-del-edomex-con-respaldo-a-ale\/"},"author":{"name":"Cecilia Vega","@id":"https:\/\/expressometro.mx\/#\/schema\/person\/67a95b8e3862085c7598f66237488f1f"},"headline":"CERCAN PRIISTAS EL NORTE DEL EDOMEX CON RESPALDO A ALE","datePublished":"2023-04-27T19:15:54+00:00","dateModified":"2023-04-28T19:17:39+00:00","mainEntityOfPage":{"@id":"https:\/\/expressometro.mx\/index.php\/2023\/04\/27\/cercan-priistas-el-norte-del-edomex-con-respaldo-a-ale\/"},"wordCount":191,"commentCount":0,"publisher":{"@id":"https:\/\/expressometro.mx\/#organization"},"image":{"@id":"https:\/\/expressometro.mx\/index.php\/2023\/04\/27\/cercan-priistas-el-norte-del-edomex-con-respaldo-a-ale\/#primaryimage"},"thumbnailUrl":"http:\/\/expressometro.mx\/wp-content\/uploads\/2023\/04\/IMG-20230428-WA0004.jpg","articleSection":["Otros"],"inLanguage":"es","potentialAction":[{"@type":"CommentAction","name":"Comment","target":["https:\/\/expressometro.mx\/index.php\/2023\/04\/27\/cercan-priistas-el-norte-del-edomex-con-respaldo-a-ale\/#respond"]}]},{"@type":"WebPage","@id":"https:\/\/expressometro.mx\/index.php\/2023\/04\/27\/cercan-priistas-el-norte-del-edomex-con-respaldo-a-ale\/","url":"https:\/\/expressometro.mx\/index.php\/2023\/04\/27\/cercan-priistas-el-norte-del-edomex-con-respaldo-a-ale\/","name":"CERCAN PRIISTAS EL NORTE DEL EDOMEX CON RESPALDO A ALE - Expresso Metropolitano","isPartOf":{"@id":"https:\/\/expressometro.mx\/#website"},"primaryImageOfPage":{"@id":"https:\/\/expressometro.mx\/index.php\/2023\/04\/27\/cercan-priistas-el-norte-del-edomex-con-respaldo-a-ale\/#primaryimage"},"image":{"@id":"https:\/\/expressometro.mx\/index.php\/2023\/04\/27\/cercan-priistas-el-norte-del-edomex-con-respaldo-a-ale\/#primaryimage"},"thumbnailUrl":"http:\/\/expressometro.mx\/wp-content\/uploads\/2023\/04\/IMG-20230428-WA0004.jpg","datePublished":"2023-04-27T19:15:54+00:00","dateModified":"2023-04-28T19:17:39+00:00","breadcrumb":{"@id":"https:\/\/expressometro.mx\/index.php\/2023\/04\/27\/cercan-priistas-el-norte-del-edomex-con-respaldo-a-ale\/#breadcrumb"},"inLanguage":"es","potentialAction":[{"@type":"ReadAction","target":["https:\/\/expressometro.mx\/index.php\/2023\/04\/27\/cercan-priistas-el-norte-del-edomex-con-respaldo-a-ale\/"]}]},{"@type":"ImageObject","inLanguage":"es","@id":"https:\/\/expressometro.mx\/index.php\/2023\/04\/27\/cercan-priistas-el-norte-del-edomex-con-respaldo-a-ale\/#primaryimage","url":"http:\/\/expressometro.mx\/wp-content\/uploads\/2023\/04\/IMG-20230428-WA0004.jpg","contentUrl":"http:\/\/expressometro.mx\/wp-content\/uploads\/2023\/04\/IMG-20230428-WA0004.jpg"},{"@type":"BreadcrumbList","@id":"https:\/\/expressometro.mx\/index.php\/2023\/04\/27\/cercan-priistas-el-norte-del-edomex-con-respaldo-a-ale\/#breadcrumb","itemListElement":[{"@type":"ListItem","position":1,"name":"Inicio","item":"https:\/\/expressometro.mx\/"},{"@type":"ListItem","position":2,"name":"CERCAN PRIISTAS EL NORTE DEL EDOMEX CON RESPALDO A ALE"}]},{"@type":"WebSite","@id":"https:\/\/expressometro.mx\/#website","url":"https:\/\/expressometro.mx\/","name":"Expresso Metropolitano","description":"Periodismo comprometido, informaci\u00f3n, investigaci\u00f3n y an\u00e1lisis","publisher":{"@id":"https:\/\/expressometro.mx\/#organization"},"potentialAction":[{"@type":"SearchAction","target":{"@type":"EntryPoint","urlTemplate":"https:\/\/expressometro.mx\/?s={search_term_string}"},"query-input":{"@type":"PropertyValueSpecification","valueRequired":true,"valueName":"search_term_string"}}],"inLanguage":"es"},{"@type":"Organization","@id":"https:\/\/expressometro.mx\/#organization","name":"Expresso Metropolitano","url":"https:\/\/expressometro.mx\/","logo":{"@type":"ImageObject","inLanguage":"es","@id":"https:\/\/expressometro.mx\/#\/schema\/logo\/image\/","url":"https:\/\/expressometro.mx\/wp-content\/uploads\/2019\/07\/cropped-Logo-Expresso-Metropolitano-1-1.jpeg","contentUrl":"https:\/\/expressometro.mx\/wp-content\/uploads\/2019\/07\/cropped-Logo-Expresso-Metropolitano-1-1.jpeg","width":290,"height":73,"caption":"Expresso Metropolitano"},"image":{"@id":"https:\/\/expressometro.mx\/#\/schema\/logo\/image\/"}},{"@type":"Person","@id":"https:\/\/expressometro.mx\/#\/schema\/person\/67a95b8e3862085c7598f66237488f1f","name":"Cecilia Vega","image":{"@type":"ImageObject","inLanguage":"es","@id":"https:\/\/secure.gravatar.com\/avatar\/13aae9944ab2ee472a9e407c9487fdbd03b049abaa559af32fe5dbcf615c981b?s=96&d=mm&r=g","url":"https:\/\/secure.gravatar.com\/avatar\/13aae9944ab2ee472a9e407c9487fdbd03b049abaa559af32fe5dbcf615c981b?s=96&d=mm&r=g","contentUrl":"https:\/\/secure.gravatar.com\/avatar\/13aae9944ab2ee472a9e407c9487fdbd03b049abaa559af32fe5dbcf615c981b?s=96&d=mm&r=g","caption":"Cecilia Vega"},"url":"https:\/\/expressometro.mx\/index.php\/author\/cecilia-vega\/"}]}},"amp_enabled":true,"_links":{"self":[{"href":"https:\/\/expressometro.mx\/index.php\/wp-json\/wp\/v2\/posts\/7088","targetHints":{"allow":["GET"]}}],"collection":[{"href":"https:\/\/expressometro.mx\/index.php\/wp-json\/wp\/v2\/posts"}],"about":[{"href":"https:\/\/expressometro.mx\/index.php\/wp-json\/wp\/v2\/types\/post"}],"author":[{"embeddable":true,"href":"https:\/\/expressometro.mx\/index.php\/wp-json\/wp\/v2\/users\/2"}],"replies":[{"embeddable":true,"href":"https:\/\/expressometro.mx\/index.php\/wp-json\/wp\/v2\/comments?post=7088"}],"version-history":[{"count":1,"href":"https:\/\/expressometro.mx\/index.php\/wp-json\/wp\/v2\/posts\/7088\/revisions"}],"predecessor-version":[{"id":7091,"href":"https:\/\/expressometro.mx\/index.php\/wp-json\/wp\/v2\/posts\/7088\/revisions\/7091"}],"wp:attachment":[{"href":"https:\/\/expressometro.mx\/index.php\/wp-json\/wp\/v2\/media?parent=7088"}],"wp:term":[{"taxonomy":"category","embeddable":true,"href":"https:\/\/expressometro.mx\/index.php\/wp-json\/wp\/v2\/categories?post=7088"},{"taxonomy":"post_tag","embeddable":true,"href":"https:\/\/expressometro.mx\/index.php\/wp-json\/wp\/v2\/tags?post=7088"}],"curies":[{"name":"wp","href":"https:\/\/api.w.org\/{rel}","templated":true}]}}