{"id":7070,"date":"2023-04-02T11:20:26","date_gmt":"2023-04-02T16:20:26","guid":{"rendered":"https:\/\/expressometro.mx\/?p=7070"},"modified":"2023-04-26T11:21:52","modified_gmt":"2023-04-26T16:21:52","slug":"reconoce-jesus-cedillo-a-tito-gomez","status":"publish","type":"post","link":"https:\/\/expressometro.mx\/index.php\/2023\/04\/02\/reconoce-jesus-cedillo-a-tito-gomez\/","title":{"rendered":"RECONOCE JESUS CEDILLO A TITO G\u00d3MEZ"},"content":{"rendered":"\n<p> El ayuntamiento de Jocotitl\u00e1n recibi\u00f3 la visita de Kathrin Flach G\u00f3mez Concejal de N\u00fcremberg, Alemania y a Tito G\u00f3mez graduado de medicina en Cuba, con especialidad en medicina interna, cardiolog\u00eda y terapia intensiva.<\/p>\n\n\n\n<p>  Actualmente est\u00e1 ejerciendo en un hospital de N\u00fcremberg Baviera y es orgullosamente Jocotitlense, destac\u00f3 el Presidente municipal Jes\u00fas Cedillo Gonz\u00e1lez.  <\/p>\n\n\n\n<p>Ambos m\u00e9dicos  se encuentran en nuestro Pueblo con Encanto para disfrutar de los atractivos que ofrece nuestro Municipio y por supuesto nuestro Cerro Xocot\u00e9petl, se\u00f1al\u00f3.  <\/p>\n\n\n\n<p>Que disfruten su estad\u00eda y la calidez de los Jocotitlenses, dijo.<\/p>\n\n\n\n<p><img loading=\"lazy\" decoding=\"async\" width=\"150\" height=\"88\" class=\"wp-image-7071\" style=\"width: 150px;\" src=\"http:\/\/expressometro.mx\/wp-content\/uploads\/2023\/04\/IMG-20230426-WA0018.jpg\" alt=\"\" srcset=\"https:\/\/expressometro.mx\/wp-content\/uploads\/2023\/04\/IMG-20230426-WA0018.jpg 720w, https:\/\/expressometro.mx\/wp-content\/uploads\/2023\/04\/IMG-20230426-WA0018-624x365.jpg 624w\" sizes=\"auto, (max-width: 150px) 100vw, 150px\" \/><\/p>\n\n\n\n<p><img loading=\"lazy\" decoding=\"async\" width=\"150\" height=\"118\" class=\"wp-image-7073\" style=\"width: 150px;\" src=\"http:\/\/expressometro.mx\/wp-content\/uploads\/2023\/04\/IMG-20230426-WA0019.jpg\" alt=\"\" srcset=\"https:\/\/expressometro.mx\/wp-content\/uploads\/2023\/04\/IMG-20230426-WA0019.jpg 720w, https:\/\/expressometro.mx\/wp-content\/uploads\/2023\/04\/IMG-20230426-WA0019-466x365.jpg 466w, https:\/\/expressometro.mx\/wp-content\/uploads\/2023\/04\/IMG-20230426-WA0019-613x480.jpg 613w\" sizes=\"auto, (max-width: 150px) 100vw, 150px\" \/><\/p>\n","protected":false},"excerpt":{"rendered":"<p>El ayuntamiento de Jocotitl\u00e1n recibi\u00f3 la visita de Kathrin Flach G\u00f3mez Concejal de N\u00fcremberg, Alemania y a Tito G\u00f3mez graduado de medicina en Cuba, con especialidad en medicina interna, cardiolog\u00eda y terapia intensiva. Actualmente est\u00e1 ejerciendo en un hospital de N\u00fcremberg Baviera y es orgullosamente Jocotitlense, destac\u00f3 el Presidente municipal Jes\u00fas Cedillo Gonz\u00e1lez. Ambos m\u00e9dicos se encuentran en nuestro Pueblo con Encanto para disfrutar de los atractivos que ofrece nuestro Municipio y por supuesto nuestro Cerro Xocot\u00e9petl, se\u00f1al\u00f3. Que disfruten su estad\u00eda y la calidez de los Jocotitlenses, dijo.<\/p>\n","protected":false},"author":2,"featured_media":0,"comment_status":"open","ping_status":"open","sticky":false,"template":"","format":"standard","meta":{"footnotes":""},"categories":[1],"tags":[],"class_list":["post-7070","post","type-post","status-publish","format-standard","hentry","category-otros"],"yoast_head":"<!-- This site is optimized with the Yoast SEO plugin v27.5 - https:\/\/yoast.com\/product\/yoast-seo-wordpress\/ -->\n<title>RECONOCE JESUS CEDILLO A TITO G\u00d3MEZ - Expresso Metropolitano<\/title>\n<meta name=\"robots\" content=\"index, follow, max-snippet:-1, max-image-preview:large, max-video-preview:-1\" \/>\n<link rel=\"canonical\" href=\"https:\/\/expressometro.mx\/index.php\/2023\/04\/02\/reconoce-jesus-cedillo-a-tito-gomez\/\" \/>\n<meta property=\"og:locale\" content=\"es_MX\" \/>\n<meta property=\"og:type\" content=\"article\" \/>\n<meta property=\"og:title\" content=\"RECONOCE JESUS CEDILLO A TITO G\u00d3MEZ - Expresso Metropolitano\" \/>\n<meta property=\"og:description\" content=\"El ayuntamiento de Jocotitl\u00e1n recibi\u00f3 la visita de Kathrin Flach G\u00f3mez Concejal de N\u00fcremberg, Alemania y a Tito G\u00f3mez graduado de medicina en Cuba, con especialidad en medicina interna, cardiolog\u00eda y terapia intensiva. Actualmente est\u00e1 ejerciendo en un hospital de N\u00fcremberg Baviera y es orgullosamente Jocotitlense, destac\u00f3 el Presidente municipal Jes\u00fas Cedillo Gonz\u00e1lez. Ambos m\u00e9dicos se encuentran en nuestro Pueblo con Encanto para disfrutar de los atractivos que ofrece nuestro Municipio y por supuesto nuestro Cerro Xocot\u00e9petl, se\u00f1al\u00f3. Que disfruten su estad\u00eda y la calidez de los Jocotitlenses, dijo.\" \/>\n<meta property=\"og:url\" content=\"https:\/\/expressometro.mx\/index.php\/2023\/04\/02\/reconoce-jesus-cedillo-a-tito-gomez\/\" \/>\n<meta property=\"og:site_name\" content=\"Expresso Metropolitano\" \/>\n<meta property=\"article:published_time\" content=\"2023-04-02T16:20:26+00:00\" \/>\n<meta property=\"article:modified_time\" content=\"2023-04-26T16:21:52+00:00\" \/>\n<meta property=\"og:image\" content=\"http:\/\/expressometro.mx\/wp-content\/uploads\/2023\/04\/IMG-20230426-WA0018.jpg\" \/>\n<meta name=\"author\" content=\"Cecilia Vega\" \/>\n<meta name=\"twitter:label1\" content=\"Escrito por\" \/>\n\t<meta name=\"twitter:data1\" content=\"Cecilia Vega\" \/>\n\t<meta name=\"twitter:label2\" content=\"Tiempo de lectura\" \/>\n\t<meta name=\"twitter:data2\" content=\"1 minuto\" \/>\n<script type=\"application\/ld+json\" class=\"yoast-schema-graph\">{\"@context\":\"https:\\\/\\\/schema.org\",\"@graph\":[{\"@type\":\"Article\",\"@id\":\"https:\\\/\\\/expressometro.mx\\\/index.php\\\/2023\\\/04\\\/02\\\/reconoce-jesus-cedillo-a-tito-gomez\\\/#article\",\"isPartOf\":{\"@id\":\"https:\\\/\\\/expressometro.mx\\\/index.php\\\/2023\\\/04\\\/02\\\/reconoce-jesus-cedillo-a-tito-gomez\\\/\"},\"author\":{\"name\":\"Cecilia Vega\",\"@id\":\"https:\\\/\\\/expressometro.mx\\\/#\\\/schema\\\/person\\\/67a95b8e3862085c7598f66237488f1f\"},\"headline\":\"RECONOCE JESUS CEDILLO A TITO G\u00d3MEZ\",\"datePublished\":\"2023-04-02T16:20:26+00:00\",\"dateModified\":\"2023-04-26T16:21:52+00:00\",\"mainEntityOfPage\":{\"@id\":\"https:\\\/\\\/expressometro.mx\\\/index.php\\\/2023\\\/04\\\/02\\\/reconoce-jesus-cedillo-a-tito-gomez\\\/\"},\"wordCount\":108,\"commentCount\":0,\"publisher\":{\"@id\":\"https:\\\/\\\/expressometro.mx\\\/#organization\"},\"image\":{\"@id\":\"https:\\\/\\\/expressometro.mx\\\/index.php\\\/2023\\\/04\\\/02\\\/reconoce-jesus-cedillo-a-tito-gomez\\\/#primaryimage\"},\"thumbnailUrl\":\"http:\\\/\\\/expressometro.mx\\\/wp-content\\\/uploads\\\/2023\\\/04\\\/IMG-20230426-WA0018.jpg\",\"articleSection\":[\"Otros\"],\"inLanguage\":\"es\",\"potentialAction\":[{\"@type\":\"CommentAction\",\"name\":\"Comment\",\"target\":[\"https:\\\/\\\/expressometro.mx\\\/index.php\\\/2023\\\/04\\\/02\\\/reconoce-jesus-cedillo-a-tito-gomez\\\/#respond\"]}]},{\"@type\":\"WebPage\",\"@id\":\"https:\\\/\\\/expressometro.mx\\\/index.php\\\/2023\\\/04\\\/02\\\/reconoce-jesus-cedillo-a-tito-gomez\\\/\",\"url\":\"https:\\\/\\\/expressometro.mx\\\/index.php\\\/2023\\\/04\\\/02\\\/reconoce-jesus-cedillo-a-tito-gomez\\\/\",\"name\":\"RECONOCE JESUS CEDILLO A TITO G\u00d3MEZ - Expresso Metropolitano\",\"isPartOf\":{\"@id\":\"https:\\\/\\\/expressometro.mx\\\/#website\"},\"primaryImageOfPage\":{\"@id\":\"https:\\\/\\\/expressometro.mx\\\/index.php\\\/2023\\\/04\\\/02\\\/reconoce-jesus-cedillo-a-tito-gomez\\\/#primaryimage\"},\"image\":{\"@id\":\"https:\\\/\\\/expressometro.mx\\\/index.php\\\/2023\\\/04\\\/02\\\/reconoce-jesus-cedillo-a-tito-gomez\\\/#primaryimage\"},\"thumbnailUrl\":\"http:\\\/\\\/expressometro.mx\\\/wp-content\\\/uploads\\\/2023\\\/04\\\/IMG-20230426-WA0018.jpg\",\"datePublished\":\"2023-04-02T16:20:26+00:00\",\"dateModified\":\"2023-04-26T16:21:52+00:00\",\"breadcrumb\":{\"@id\":\"https:\\\/\\\/expressometro.mx\\\/index.php\\\/2023\\\/04\\\/02\\\/reconoce-jesus-cedillo-a-tito-gomez\\\/#breadcrumb\"},\"inLanguage\":\"es\",\"potentialAction\":[{\"@type\":\"ReadAction\",\"target\":[\"https:\\\/\\\/expressometro.mx\\\/index.php\\\/2023\\\/04\\\/02\\\/reconoce-jesus-cedillo-a-tito-gomez\\\/\"]}]},{\"@type\":\"ImageObject\",\"inLanguage\":\"es\",\"@id\":\"https:\\\/\\\/expressometro.mx\\\/index.php\\\/2023\\\/04\\\/02\\\/reconoce-jesus-cedillo-a-tito-gomez\\\/#primaryimage\",\"url\":\"http:\\\/\\\/expressometro.mx\\\/wp-content\\\/uploads\\\/2023\\\/04\\\/IMG-20230426-WA0018.jpg\",\"contentUrl\":\"http:\\\/\\\/expressometro.mx\\\/wp-content\\\/uploads\\\/2023\\\/04\\\/IMG-20230426-WA0018.jpg\"},{\"@type\":\"BreadcrumbList\",\"@id\":\"https:\\\/\\\/expressometro.mx\\\/index.php\\\/2023\\\/04\\\/02\\\/reconoce-jesus-cedillo-a-tito-gomez\\\/#breadcrumb\",\"itemListElement\":[{\"@type\":\"ListItem\",\"position\":1,\"name\":\"Inicio\",\"item\":\"https:\\\/\\\/expressometro.mx\\\/\"},{\"@type\":\"ListItem\",\"position\":2,\"name\":\"RECONOCE JESUS CEDILLO A TITO G\u00d3MEZ\"}]},{\"@type\":\"WebSite\",\"@id\":\"https:\\\/\\\/expressometro.mx\\\/#website\",\"url\":\"https:\\\/\\\/expressometro.mx\\\/\",\"name\":\"Expresso Metropolitano\",\"description\":\"Periodismo comprometido, informaci\u00f3n, investigaci\u00f3n y an\u00e1lisis\",\"publisher\":{\"@id\":\"https:\\\/\\\/expressometro.mx\\\/#organization\"},\"potentialAction\":[{\"@type\":\"SearchAction\",\"target\":{\"@type\":\"EntryPoint\",\"urlTemplate\":\"https:\\\/\\\/expressometro.mx\\\/?s={search_term_string}\"},\"query-input\":{\"@type\":\"PropertyValueSpecification\",\"valueRequired\":true,\"valueName\":\"search_term_string\"}}],\"inLanguage\":\"es\"},{\"@type\":\"Organization\",\"@id\":\"https:\\\/\\\/expressometro.mx\\\/#organization\",\"name\":\"Expresso Metropolitano\",\"url\":\"https:\\\/\\\/expressometro.mx\\\/\",\"logo\":{\"@type\":\"ImageObject\",\"inLanguage\":\"es\",\"@id\":\"https:\\\/\\\/expressometro.mx\\\/#\\\/schema\\\/logo\\\/image\\\/\",\"url\":\"https:\\\/\\\/expressometro.mx\\\/wp-content\\\/uploads\\\/2019\\\/07\\\/cropped-Logo-Expresso-Metropolitano-1-1.jpeg\",\"contentUrl\":\"https:\\\/\\\/expressometro.mx\\\/wp-content\\\/uploads\\\/2019\\\/07\\\/cropped-Logo-Expresso-Metropolitano-1-1.jpeg\",\"width\":290,\"height\":73,\"caption\":\"Expresso Metropolitano\"},\"image\":{\"@id\":\"https:\\\/\\\/expressometro.mx\\\/#\\\/schema\\\/logo\\\/image\\\/\"}},{\"@type\":\"Person\",\"@id\":\"https:\\\/\\\/expressometro.mx\\\/#\\\/schema\\\/person\\\/67a95b8e3862085c7598f66237488f1f\",\"name\":\"Cecilia Vega\",\"image\":{\"@type\":\"ImageObject\",\"inLanguage\":\"es\",\"@id\":\"https:\\\/\\\/secure.gravatar.com\\\/avatar\\\/13aae9944ab2ee472a9e407c9487fdbd03b049abaa559af32fe5dbcf615c981b?s=96&d=mm&r=g\",\"url\":\"https:\\\/\\\/secure.gravatar.com\\\/avatar\\\/13aae9944ab2ee472a9e407c9487fdbd03b049abaa559af32fe5dbcf615c981b?s=96&d=mm&r=g\",\"contentUrl\":\"https:\\\/\\\/secure.gravatar.com\\\/avatar\\\/13aae9944ab2ee472a9e407c9487fdbd03b049abaa559af32fe5dbcf615c981b?s=96&d=mm&r=g\",\"caption\":\"Cecilia Vega\"},\"url\":\"https:\\\/\\\/expressometro.mx\\\/index.php\\\/author\\\/cecilia-vega\\\/\"}]}<\/script>\n<!-- \/ Yoast SEO plugin. -->","yoast_head_json":{"title":"RECONOCE JESUS CEDILLO A TITO G\u00d3MEZ - Expresso Metropolitano","robots":{"index":"index","follow":"follow","max-snippet":"max-snippet:-1","max-image-preview":"max-image-preview:large","max-video-preview":"max-video-preview:-1"},"canonical":"https:\/\/expressometro.mx\/index.php\/2023\/04\/02\/reconoce-jesus-cedillo-a-tito-gomez\/","og_locale":"es_MX","og_type":"article","og_title":"RECONOCE JESUS CEDILLO A TITO G\u00d3MEZ - Expresso Metropolitano","og_description":"El ayuntamiento de Jocotitl\u00e1n recibi\u00f3 la visita de Kathrin Flach G\u00f3mez Concejal de N\u00fcremberg, Alemania y a Tito G\u00f3mez graduado de medicina en Cuba, con especialidad en medicina interna, cardiolog\u00eda y terapia intensiva. Actualmente est\u00e1 ejerciendo en un hospital de N\u00fcremberg Baviera y es orgullosamente Jocotitlense, destac\u00f3 el Presidente municipal Jes\u00fas Cedillo Gonz\u00e1lez. Ambos m\u00e9dicos se encuentran en nuestro Pueblo con Encanto para disfrutar de los atractivos que ofrece nuestro Municipio y por supuesto nuestro Cerro Xocot\u00e9petl, se\u00f1al\u00f3. Que disfruten su estad\u00eda y la calidez de los Jocotitlenses, dijo.","og_url":"https:\/\/expressometro.mx\/index.php\/2023\/04\/02\/reconoce-jesus-cedillo-a-tito-gomez\/","og_site_name":"Expresso Metropolitano","article_published_time":"2023-04-02T16:20:26+00:00","article_modified_time":"2023-04-26T16:21:52+00:00","og_image":[{"url":"http:\/\/expressometro.mx\/wp-content\/uploads\/2023\/04\/IMG-20230426-WA0018.jpg","type":"","width":"","height":""}],"author":"Cecilia Vega","twitter_misc":{"Escrito por":"Cecilia Vega","Tiempo de lectura":"1 minuto"},"schema":{"@context":"https:\/\/schema.org","@graph":[{"@type":"Article","@id":"https:\/\/expressometro.mx\/index.php\/2023\/04\/02\/reconoce-jesus-cedillo-a-tito-gomez\/#article","isPartOf":{"@id":"https:\/\/expressometro.mx\/index.php\/2023\/04\/02\/reconoce-jesus-cedillo-a-tito-gomez\/"},"author":{"name":"Cecilia Vega","@id":"https:\/\/expressometro.mx\/#\/schema\/person\/67a95b8e3862085c7598f66237488f1f"},"headline":"RECONOCE JESUS CEDILLO A TITO G\u00d3MEZ","datePublished":"2023-04-02T16:20:26+00:00","dateModified":"2023-04-26T16:21:52+00:00","mainEntityOfPage":{"@id":"https:\/\/expressometro.mx\/index.php\/2023\/04\/02\/reconoce-jesus-cedillo-a-tito-gomez\/"},"wordCount":108,"commentCount":0,"publisher":{"@id":"https:\/\/expressometro.mx\/#organization"},"image":{"@id":"https:\/\/expressometro.mx\/index.php\/2023\/04\/02\/reconoce-jesus-cedillo-a-tito-gomez\/#primaryimage"},"thumbnailUrl":"http:\/\/expressometro.mx\/wp-content\/uploads\/2023\/04\/IMG-20230426-WA0018.jpg","articleSection":["Otros"],"inLanguage":"es","potentialAction":[{"@type":"CommentAction","name":"Comment","target":["https:\/\/expressometro.mx\/index.php\/2023\/04\/02\/reconoce-jesus-cedillo-a-tito-gomez\/#respond"]}]},{"@type":"WebPage","@id":"https:\/\/expressometro.mx\/index.php\/2023\/04\/02\/reconoce-jesus-cedillo-a-tito-gomez\/","url":"https:\/\/expressometro.mx\/index.php\/2023\/04\/02\/reconoce-jesus-cedillo-a-tito-gomez\/","name":"RECONOCE JESUS CEDILLO A TITO G\u00d3MEZ - Expresso Metropolitano","isPartOf":{"@id":"https:\/\/expressometro.mx\/#website"},"primaryImageOfPage":{"@id":"https:\/\/expressometro.mx\/index.php\/2023\/04\/02\/reconoce-jesus-cedillo-a-tito-gomez\/#primaryimage"},"image":{"@id":"https:\/\/expressometro.mx\/index.php\/2023\/04\/02\/reconoce-jesus-cedillo-a-tito-gomez\/#primaryimage"},"thumbnailUrl":"http:\/\/expressometro.mx\/wp-content\/uploads\/2023\/04\/IMG-20230426-WA0018.jpg","datePublished":"2023-04-02T16:20:26+00:00","dateModified":"2023-04-26T16:21:52+00:00","breadcrumb":{"@id":"https:\/\/expressometro.mx\/index.php\/2023\/04\/02\/reconoce-jesus-cedillo-a-tito-gomez\/#breadcrumb"},"inLanguage":"es","potentialAction":[{"@type":"ReadAction","target":["https:\/\/expressometro.mx\/index.php\/2023\/04\/02\/reconoce-jesus-cedillo-a-tito-gomez\/"]}]},{"@type":"ImageObject","inLanguage":"es","@id":"https:\/\/expressometro.mx\/index.php\/2023\/04\/02\/reconoce-jesus-cedillo-a-tito-gomez\/#primaryimage","url":"http:\/\/expressometro.mx\/wp-content\/uploads\/2023\/04\/IMG-20230426-WA0018.jpg","contentUrl":"http:\/\/expressometro.mx\/wp-content\/uploads\/2023\/04\/IMG-20230426-WA0018.jpg"},{"@type":"BreadcrumbList","@id":"https:\/\/expressometro.mx\/index.php\/2023\/04\/02\/reconoce-jesus-cedillo-a-tito-gomez\/#breadcrumb","itemListElement":[{"@type":"ListItem","position":1,"name":"Inicio","item":"https:\/\/expressometro.mx\/"},{"@type":"ListItem","position":2,"name":"RECONOCE JESUS CEDILLO A TITO G\u00d3MEZ"}]},{"@type":"WebSite","@id":"https:\/\/expressometro.mx\/#website","url":"https:\/\/expressometro.mx\/","name":"Expresso Metropolitano","description":"Periodismo comprometido, informaci\u00f3n, investigaci\u00f3n y an\u00e1lisis","publisher":{"@id":"https:\/\/expressometro.mx\/#organization"},"potentialAction":[{"@type":"SearchAction","target":{"@type":"EntryPoint","urlTemplate":"https:\/\/expressometro.mx\/?s={search_term_string}"},"query-input":{"@type":"PropertyValueSpecification","valueRequired":true,"valueName":"search_term_string"}}],"inLanguage":"es"},{"@type":"Organization","@id":"https:\/\/expressometro.mx\/#organization","name":"Expresso Metropolitano","url":"https:\/\/expressometro.mx\/","logo":{"@type":"ImageObject","inLanguage":"es","@id":"https:\/\/expressometro.mx\/#\/schema\/logo\/image\/","url":"https:\/\/expressometro.mx\/wp-content\/uploads\/2019\/07\/cropped-Logo-Expresso-Metropolitano-1-1.jpeg","contentUrl":"https:\/\/expressometro.mx\/wp-content\/uploads\/2019\/07\/cropped-Logo-Expresso-Metropolitano-1-1.jpeg","width":290,"height":73,"caption":"Expresso Metropolitano"},"image":{"@id":"https:\/\/expressometro.mx\/#\/schema\/logo\/image\/"}},{"@type":"Person","@id":"https:\/\/expressometro.mx\/#\/schema\/person\/67a95b8e3862085c7598f66237488f1f","name":"Cecilia Vega","image":{"@type":"ImageObject","inLanguage":"es","@id":"https:\/\/secure.gravatar.com\/avatar\/13aae9944ab2ee472a9e407c9487fdbd03b049abaa559af32fe5dbcf615c981b?s=96&d=mm&r=g","url":"https:\/\/secure.gravatar.com\/avatar\/13aae9944ab2ee472a9e407c9487fdbd03b049abaa559af32fe5dbcf615c981b?s=96&d=mm&r=g","contentUrl":"https:\/\/secure.gravatar.com\/avatar\/13aae9944ab2ee472a9e407c9487fdbd03b049abaa559af32fe5dbcf615c981b?s=96&d=mm&r=g","caption":"Cecilia Vega"},"url":"https:\/\/expressometro.mx\/index.php\/author\/cecilia-vega\/"}]}},"amp_enabled":true,"_links":{"self":[{"href":"https:\/\/expressometro.mx\/index.php\/wp-json\/wp\/v2\/posts\/7070","targetHints":{"allow":["GET"]}}],"collection":[{"href":"https:\/\/expressometro.mx\/index.php\/wp-json\/wp\/v2\/posts"}],"about":[{"href":"https:\/\/expressometro.mx\/index.php\/wp-json\/wp\/v2\/types\/post"}],"author":[{"embeddable":true,"href":"https:\/\/expressometro.mx\/index.php\/wp-json\/wp\/v2\/users\/2"}],"replies":[{"embeddable":true,"href":"https:\/\/expressometro.mx\/index.php\/wp-json\/wp\/v2\/comments?post=7070"}],"version-history":[{"count":1,"href":"https:\/\/expressometro.mx\/index.php\/wp-json\/wp\/v2\/posts\/7070\/revisions"}],"predecessor-version":[{"id":7074,"href":"https:\/\/expressometro.mx\/index.php\/wp-json\/wp\/v2\/posts\/7070\/revisions\/7074"}],"wp:attachment":[{"href":"https:\/\/expressometro.mx\/index.php\/wp-json\/wp\/v2\/media?parent=7070"}],"wp:term":[{"taxonomy":"category","embeddable":true,"href":"https:\/\/expressometro.mx\/index.php\/wp-json\/wp\/v2\/categories?post=7070"},{"taxonomy":"post_tag","embeddable":true,"href":"https:\/\/expressometro.mx\/index.php\/wp-json\/wp\/v2\/tags?post=7070"}],"curies":[{"name":"wp","href":"https:\/\/api.w.org\/{rel}","templated":true}]}}