{"id":705,"date":"2019-09-14T07:21:11","date_gmt":"2019-09-14T12:21:11","guid":{"rendered":"http:\/\/expressometro.mx\/?p=705"},"modified":"2019-09-19T07:24:43","modified_gmt":"2019-09-19T12:24:43","slug":"brinda-escudo-de-armas-del-edomex-identidad-a-los-mexiquenses","status":"publish","type":"post","link":"https:\/\/expressometro.mx\/index.php\/2019\/09\/14\/brinda-escudo-de-armas-del-edomex-identidad-a-los-mexiquenses\/","title":{"rendered":"BRINDA ESCUDO DE ARMAS DEL EDOM\u00c9X IDENTIDAD A LOS MEXIQUENSES"},"content":{"rendered":"\n<p>El territorio estatal cuenta con una riqueza cultural que representa a los mexiquenses, ejemplo de ello es el Escudo de Armas del Estado de M\u00e9xico, con el cual identifican a la entidad en cualquier parte del pa\u00eds y del mundo.<\/p>\n\n\n\n<p>Fue en septiembre de 1940, cuando el Gobernador Wenceslao Labra lanz\u00f3 una convocatoria dirigida a historiadores, artistas y literatos de todo el pa\u00eds para concursar en la elaboraci\u00f3n de un proyecto de escudo estatal.<\/p>\n\n\n\n<p>El premio para el primer lugar consist\u00eda en mil pesos, medalla de oro y diploma de honor; adem\u00e1s, el dise\u00f1o ser\u00eda utilizado como sello oficial en la correspondencia del Gobierno estatal y sus dependencias.<\/p>\n\n\n\n<p>Aunado a esto se esculpir\u00eda en una parte visible de la fachada del Palacio del Poder Ejecutivo de la entidad y se colocar\u00eda en las oficinas p\u00fablicas, escuelas, sindicatos, agrupaciones campesinas e instituciones culturales dependientes del Gobierno del estado.<\/p>\n\n\n\n<p>Fue as\u00ed que, por decreto del 9 de abril de 1941, publicado en la Gaceta de Gobierno el 16 del mismo mes y a\u00f1o, se adopt\u00f3 como escudo del Estado de M\u00e9xico el dise\u00f1o elaborado por el artista pl\u00e1stico Pastor Vel\u00e1zquez, el cual incluy\u00f3 el lema: Patria, Libertad, Trabajo y Cultura.<\/p>\n\n\n\n<p>Cabe mencionar que el Archivo Hist\u00f3rico del Estado de M\u00e9xico, ubicado en el Centro Cultural Mexiquense de Toluca, entre los tantos tesoros que resguarda, cuenta con la litograf\u00eda de este escudo creada en 1940, misma que fue seleccionada como sello distintivo del Edom\u00e9x desde hace 78 a\u00f1os.<\/p>\n\n\n\n<p>El escudo est\u00e1 dividido en tres cuarteles. El cuadrante superior izquierdo contiene la representaci\u00f3n del Dios Tolo, que significa Toluca, la capital de la entidad, la pir\u00e1mide del Sol de Teotihuac\u00e1n, que representa el pasado de los mexiquenses y el volc\u00e1n Xinant\u00e9catl, indicando que estamos en la regi\u00f3n m\u00e1s alta de M\u00e9xico.<\/p>\n\n\n\n<p>El cuadrante superior derecho est\u00e1 constituido por dos cruces, un monte y un ca\u00f1\u00f3n disparado, que simboliza la batalla del Monte de las Cruces, evento clave en la lucha por la independencia nacional.<\/p>\n\n\n\n<p>En el cuadrante inferior aparece el glifo de Metztliapan, top\u00f3nimo de M\u00e9xico, los surcos de la agricultura produciendo plantas de ma\u00edz, el libro abierto del saber, y sobre \u00e9l un engrane fabril, una hoz, una pala, un zapapico y un matraz, que representan la cultura y el trabajo.<\/p>\n\n\n\n<p>En la parte superior se encuentra el Escudo Nacional, y poco m\u00e1s abajo, 16 abejas que simbolizaban la actividad de los distritos rent\u00edsticos que constituyen la entidad.<\/p>\n\n\n\n<p>Mientras que debajo del libro se encuentran varios magueyes que representan a los municipios que conforman la entidad.<\/p>\n","protected":false},"excerpt":{"rendered":"<p>El territorio estatal cuenta con una riqueza cultural que representa a los mexiquenses, ejemplo de ello es el Escudo de Armas del Estado de M\u00e9xico, con el cual identifican a la entidad en cualquier parte del pa\u00eds y del mundo. Fue en septiembre de 1940, cuando el Gobernador Wenceslao Labra lanz\u00f3 una convocatoria dirigida a historiadores, artistas y literatos de todo el pa\u00eds para concursar en la elaboraci\u00f3n de un proyecto de escudo estatal. El premio para el primer lugar consist\u00eda en mil pesos, medalla de oro y diploma de&hellip;<\/p>\n","protected":false},"author":1,"featured_media":706,"comment_status":"open","ping_status":"open","sticky":false,"template":"","format":"standard","meta":{"footnotes":""},"categories":[11,3],"tags":[],"class_list":["post-705","post","type-post","status-publish","format-standard","has-post-thumbnail","hentry","category-cultura","category-gobierno"],"yoast_head":"<!-- This site is optimized with the Yoast SEO plugin v27.5 - https:\/\/yoast.com\/product\/yoast-seo-wordpress\/ -->\n<title>BRINDA ESCUDO DE ARMAS DEL EDOM\u00c9X IDENTIDAD A LOS MEXIQUENSES - Expresso Metropolitano<\/title>\n<meta name=\"robots\" content=\"index, follow, max-snippet:-1, max-image-preview:large, max-video-preview:-1\" \/>\n<link rel=\"canonical\" href=\"https:\/\/expressometro.mx\/index.php\/2019\/09\/14\/brinda-escudo-de-armas-del-edomex-identidad-a-los-mexiquenses\/\" \/>\n<meta property=\"og:locale\" content=\"es_MX\" \/>\n<meta property=\"og:type\" content=\"article\" \/>\n<meta property=\"og:title\" content=\"BRINDA ESCUDO DE ARMAS DEL EDOM\u00c9X IDENTIDAD A LOS MEXIQUENSES - Expresso Metropolitano\" \/>\n<meta property=\"og:description\" content=\"El territorio estatal cuenta con una riqueza cultural que representa a los mexiquenses, ejemplo de ello es el Escudo de Armas del Estado de M\u00e9xico, con el cual identifican a la entidad en cualquier parte del pa\u00eds y del mundo. Fue en septiembre de 1940, cuando el Gobernador Wenceslao Labra lanz\u00f3 una convocatoria dirigida a historiadores, artistas y literatos de todo el pa\u00eds para concursar en la elaboraci\u00f3n de un proyecto de escudo estatal. El premio para el primer lugar consist\u00eda en mil pesos, medalla de oro y diploma de&hellip;\" \/>\n<meta property=\"og:url\" content=\"https:\/\/expressometro.mx\/index.php\/2019\/09\/14\/brinda-escudo-de-armas-del-edomex-identidad-a-los-mexiquenses\/\" \/>\n<meta property=\"og:site_name\" content=\"Expresso Metropolitano\" \/>\n<meta property=\"article:published_time\" content=\"2019-09-14T12:21:11+00:00\" \/>\n<meta property=\"article:modified_time\" content=\"2019-09-19T12:24:43+00:00\" \/>\n<meta property=\"og:image\" content=\"https:\/\/expressometro.mx\/wp-content\/uploads\/2019\/09\/89B833F6-B633-4CE3-B97D-480358C67880.jpeg\" \/>\n\t<meta property=\"og:image:width\" content=\"1155\" \/>\n\t<meta property=\"og:image:height\" content=\"1500\" \/>\n\t<meta property=\"og:image:type\" content=\"image\/jpeg\" \/>\n<meta name=\"author\" content=\"Expresso Metropolitano\" \/>\n<meta name=\"twitter:label1\" content=\"Escrito por\" \/>\n\t<meta name=\"twitter:data1\" content=\"Expresso Metropolitano\" \/>\n\t<meta name=\"twitter:label2\" content=\"Tiempo de lectura\" \/>\n\t<meta name=\"twitter:data2\" content=\"2 minutos\" \/>\n<script type=\"application\/ld+json\" class=\"yoast-schema-graph\">{\"@context\":\"https:\\\/\\\/schema.org\",\"@graph\":[{\"@type\":\"Article\",\"@id\":\"https:\\\/\\\/expressometro.mx\\\/index.php\\\/2019\\\/09\\\/14\\\/brinda-escudo-de-armas-del-edomex-identidad-a-los-mexiquenses\\\/#article\",\"isPartOf\":{\"@id\":\"https:\\\/\\\/expressometro.mx\\\/index.php\\\/2019\\\/09\\\/14\\\/brinda-escudo-de-armas-del-edomex-identidad-a-los-mexiquenses\\\/\"},\"author\":{\"name\":\"Expresso Metropolitano\",\"@id\":\"https:\\\/\\\/expressometro.mx\\\/#\\\/schema\\\/person\\\/efa971b4a0664db8ed5c22b1b0dd2f5d\"},\"headline\":\"BRINDA ESCUDO DE ARMAS DEL EDOM\u00c9X IDENTIDAD A LOS MEXIQUENSES\",\"datePublished\":\"2019-09-14T12:21:11+00:00\",\"dateModified\":\"2019-09-19T12:24:43+00:00\",\"mainEntityOfPage\":{\"@id\":\"https:\\\/\\\/expressometro.mx\\\/index.php\\\/2019\\\/09\\\/14\\\/brinda-escudo-de-armas-del-edomex-identidad-a-los-mexiquenses\\\/\"},\"wordCount\":462,\"commentCount\":0,\"publisher\":{\"@id\":\"https:\\\/\\\/expressometro.mx\\\/#organization\"},\"image\":{\"@id\":\"https:\\\/\\\/expressometro.mx\\\/index.php\\\/2019\\\/09\\\/14\\\/brinda-escudo-de-armas-del-edomex-identidad-a-los-mexiquenses\\\/#primaryimage\"},\"thumbnailUrl\":\"https:\\\/\\\/expressometro.mx\\\/wp-content\\\/uploads\\\/2019\\\/09\\\/89B833F6-B633-4CE3-B97D-480358C67880.jpeg\",\"articleSection\":[\"Cultura\",\"Gobierno\"],\"inLanguage\":\"es\",\"potentialAction\":[{\"@type\":\"CommentAction\",\"name\":\"Comment\",\"target\":[\"https:\\\/\\\/expressometro.mx\\\/index.php\\\/2019\\\/09\\\/14\\\/brinda-escudo-de-armas-del-edomex-identidad-a-los-mexiquenses\\\/#respond\"]}]},{\"@type\":\"WebPage\",\"@id\":\"https:\\\/\\\/expressometro.mx\\\/index.php\\\/2019\\\/09\\\/14\\\/brinda-escudo-de-armas-del-edomex-identidad-a-los-mexiquenses\\\/\",\"url\":\"https:\\\/\\\/expressometro.mx\\\/index.php\\\/2019\\\/09\\\/14\\\/brinda-escudo-de-armas-del-edomex-identidad-a-los-mexiquenses\\\/\",\"name\":\"BRINDA ESCUDO DE ARMAS DEL EDOM\u00c9X IDENTIDAD A LOS MEXIQUENSES - Expresso Metropolitano\",\"isPartOf\":{\"@id\":\"https:\\\/\\\/expressometro.mx\\\/#website\"},\"primaryImageOfPage\":{\"@id\":\"https:\\\/\\\/expressometro.mx\\\/index.php\\\/2019\\\/09\\\/14\\\/brinda-escudo-de-armas-del-edomex-identidad-a-los-mexiquenses\\\/#primaryimage\"},\"image\":{\"@id\":\"https:\\\/\\\/expressometro.mx\\\/index.php\\\/2019\\\/09\\\/14\\\/brinda-escudo-de-armas-del-edomex-identidad-a-los-mexiquenses\\\/#primaryimage\"},\"thumbnailUrl\":\"https:\\\/\\\/expressometro.mx\\\/wp-content\\\/uploads\\\/2019\\\/09\\\/89B833F6-B633-4CE3-B97D-480358C67880.jpeg\",\"datePublished\":\"2019-09-14T12:21:11+00:00\",\"dateModified\":\"2019-09-19T12:24:43+00:00\",\"breadcrumb\":{\"@id\":\"https:\\\/\\\/expressometro.mx\\\/index.php\\\/2019\\\/09\\\/14\\\/brinda-escudo-de-armas-del-edomex-identidad-a-los-mexiquenses\\\/#breadcrumb\"},\"inLanguage\":\"es\",\"potentialAction\":[{\"@type\":\"ReadAction\",\"target\":[\"https:\\\/\\\/expressometro.mx\\\/index.php\\\/2019\\\/09\\\/14\\\/brinda-escudo-de-armas-del-edomex-identidad-a-los-mexiquenses\\\/\"]}]},{\"@type\":\"ImageObject\",\"inLanguage\":\"es\",\"@id\":\"https:\\\/\\\/expressometro.mx\\\/index.php\\\/2019\\\/09\\\/14\\\/brinda-escudo-de-armas-del-edomex-identidad-a-los-mexiquenses\\\/#primaryimage\",\"url\":\"https:\\\/\\\/expressometro.mx\\\/wp-content\\\/uploads\\\/2019\\\/09\\\/89B833F6-B633-4CE3-B97D-480358C67880.jpeg\",\"contentUrl\":\"https:\\\/\\\/expressometro.mx\\\/wp-content\\\/uploads\\\/2019\\\/09\\\/89B833F6-B633-4CE3-B97D-480358C67880.jpeg\",\"width\":1155,\"height\":1500},{\"@type\":\"BreadcrumbList\",\"@id\":\"https:\\\/\\\/expressometro.mx\\\/index.php\\\/2019\\\/09\\\/14\\\/brinda-escudo-de-armas-del-edomex-identidad-a-los-mexiquenses\\\/#breadcrumb\",\"itemListElement\":[{\"@type\":\"ListItem\",\"position\":1,\"name\":\"Inicio\",\"item\":\"https:\\\/\\\/expressometro.mx\\\/\"},{\"@type\":\"ListItem\",\"position\":2,\"name\":\"BRINDA ESCUDO DE ARMAS DEL EDOM\u00c9X IDENTIDAD A LOS MEXIQUENSES\"}]},{\"@type\":\"WebSite\",\"@id\":\"https:\\\/\\\/expressometro.mx\\\/#website\",\"url\":\"https:\\\/\\\/expressometro.mx\\\/\",\"name\":\"Expresso Metropolitano\",\"description\":\"Periodismo comprometido, informaci\u00f3n, investigaci\u00f3n y an\u00e1lisis\",\"publisher\":{\"@id\":\"https:\\\/\\\/expressometro.mx\\\/#organization\"},\"potentialAction\":[{\"@type\":\"SearchAction\",\"target\":{\"@type\":\"EntryPoint\",\"urlTemplate\":\"https:\\\/\\\/expressometro.mx\\\/?s={search_term_string}\"},\"query-input\":{\"@type\":\"PropertyValueSpecification\",\"valueRequired\":true,\"valueName\":\"search_term_string\"}}],\"inLanguage\":\"es\"},{\"@type\":\"Organization\",\"@id\":\"https:\\\/\\\/expressometro.mx\\\/#organization\",\"name\":\"Expresso Metropolitano\",\"url\":\"https:\\\/\\\/expressometro.mx\\\/\",\"logo\":{\"@type\":\"ImageObject\",\"inLanguage\":\"es\",\"@id\":\"https:\\\/\\\/expressometro.mx\\\/#\\\/schema\\\/logo\\\/image\\\/\",\"url\":\"https:\\\/\\\/expressometro.mx\\\/wp-content\\\/uploads\\\/2019\\\/07\\\/cropped-Logo-Expresso-Metropolitano-1-1.jpeg\",\"contentUrl\":\"https:\\\/\\\/expressometro.mx\\\/wp-content\\\/uploads\\\/2019\\\/07\\\/cropped-Logo-Expresso-Metropolitano-1-1.jpeg\",\"width\":290,\"height\":73,\"caption\":\"Expresso Metropolitano\"},\"image\":{\"@id\":\"https:\\\/\\\/expressometro.mx\\\/#\\\/schema\\\/logo\\\/image\\\/\"}},{\"@type\":\"Person\",\"@id\":\"https:\\\/\\\/expressometro.mx\\\/#\\\/schema\\\/person\\\/efa971b4a0664db8ed5c22b1b0dd2f5d\",\"name\":\"Expresso Metropolitano\",\"image\":{\"@type\":\"ImageObject\",\"inLanguage\":\"es\",\"@id\":\"https:\\\/\\\/secure.gravatar.com\\\/avatar\\\/a89f802b8de18c6952f223c88d3d106e9e3679839f4e25a02f4a6cc2ae6ba3b3?s=96&d=mm&r=g\",\"url\":\"https:\\\/\\\/secure.gravatar.com\\\/avatar\\\/a89f802b8de18c6952f223c88d3d106e9e3679839f4e25a02f4a6cc2ae6ba3b3?s=96&d=mm&r=g\",\"contentUrl\":\"https:\\\/\\\/secure.gravatar.com\\\/avatar\\\/a89f802b8de18c6952f223c88d3d106e9e3679839f4e25a02f4a6cc2ae6ba3b3?s=96&d=mm&r=g\",\"caption\":\"Expresso Metropolitano\"},\"url\":\"https:\\\/\\\/expressometro.mx\\\/index.php\\\/author\\\/diego\\\/\"}]}<\/script>\n<!-- \/ Yoast SEO plugin. -->","yoast_head_json":{"title":"BRINDA ESCUDO DE ARMAS DEL EDOM\u00c9X IDENTIDAD A LOS MEXIQUENSES - Expresso Metropolitano","robots":{"index":"index","follow":"follow","max-snippet":"max-snippet:-1","max-image-preview":"max-image-preview:large","max-video-preview":"max-video-preview:-1"},"canonical":"https:\/\/expressometro.mx\/index.php\/2019\/09\/14\/brinda-escudo-de-armas-del-edomex-identidad-a-los-mexiquenses\/","og_locale":"es_MX","og_type":"article","og_title":"BRINDA ESCUDO DE ARMAS DEL EDOM\u00c9X IDENTIDAD A LOS MEXIQUENSES - Expresso Metropolitano","og_description":"El territorio estatal cuenta con una riqueza cultural que representa a los mexiquenses, ejemplo de ello es el Escudo de Armas del Estado de M\u00e9xico, con el cual identifican a la entidad en cualquier parte del pa\u00eds y del mundo. Fue en septiembre de 1940, cuando el Gobernador Wenceslao Labra lanz\u00f3 una convocatoria dirigida a historiadores, artistas y literatos de todo el pa\u00eds para concursar en la elaboraci\u00f3n de un proyecto de escudo estatal. El premio para el primer lugar consist\u00eda en mil pesos, medalla de oro y diploma de&hellip;","og_url":"https:\/\/expressometro.mx\/index.php\/2019\/09\/14\/brinda-escudo-de-armas-del-edomex-identidad-a-los-mexiquenses\/","og_site_name":"Expresso Metropolitano","article_published_time":"2019-09-14T12:21:11+00:00","article_modified_time":"2019-09-19T12:24:43+00:00","og_image":[{"width":1155,"height":1500,"url":"https:\/\/expressometro.mx\/wp-content\/uploads\/2019\/09\/89B833F6-B633-4CE3-B97D-480358C67880.jpeg","type":"image\/jpeg"}],"author":"Expresso Metropolitano","twitter_misc":{"Escrito por":"Expresso Metropolitano","Tiempo de lectura":"2 minutos"},"schema":{"@context":"https:\/\/schema.org","@graph":[{"@type":"Article","@id":"https:\/\/expressometro.mx\/index.php\/2019\/09\/14\/brinda-escudo-de-armas-del-edomex-identidad-a-los-mexiquenses\/#article","isPartOf":{"@id":"https:\/\/expressometro.mx\/index.php\/2019\/09\/14\/brinda-escudo-de-armas-del-edomex-identidad-a-los-mexiquenses\/"},"author":{"name":"Expresso Metropolitano","@id":"https:\/\/expressometro.mx\/#\/schema\/person\/efa971b4a0664db8ed5c22b1b0dd2f5d"},"headline":"BRINDA ESCUDO DE ARMAS DEL EDOM\u00c9X IDENTIDAD A LOS MEXIQUENSES","datePublished":"2019-09-14T12:21:11+00:00","dateModified":"2019-09-19T12:24:43+00:00","mainEntityOfPage":{"@id":"https:\/\/expressometro.mx\/index.php\/2019\/09\/14\/brinda-escudo-de-armas-del-edomex-identidad-a-los-mexiquenses\/"},"wordCount":462,"commentCount":0,"publisher":{"@id":"https:\/\/expressometro.mx\/#organization"},"image":{"@id":"https:\/\/expressometro.mx\/index.php\/2019\/09\/14\/brinda-escudo-de-armas-del-edomex-identidad-a-los-mexiquenses\/#primaryimage"},"thumbnailUrl":"https:\/\/expressometro.mx\/wp-content\/uploads\/2019\/09\/89B833F6-B633-4CE3-B97D-480358C67880.jpeg","articleSection":["Cultura","Gobierno"],"inLanguage":"es","potentialAction":[{"@type":"CommentAction","name":"Comment","target":["https:\/\/expressometro.mx\/index.php\/2019\/09\/14\/brinda-escudo-de-armas-del-edomex-identidad-a-los-mexiquenses\/#respond"]}]},{"@type":"WebPage","@id":"https:\/\/expressometro.mx\/index.php\/2019\/09\/14\/brinda-escudo-de-armas-del-edomex-identidad-a-los-mexiquenses\/","url":"https:\/\/expressometro.mx\/index.php\/2019\/09\/14\/brinda-escudo-de-armas-del-edomex-identidad-a-los-mexiquenses\/","name":"BRINDA ESCUDO DE ARMAS DEL EDOM\u00c9X IDENTIDAD A LOS MEXIQUENSES - Expresso Metropolitano","isPartOf":{"@id":"https:\/\/expressometro.mx\/#website"},"primaryImageOfPage":{"@id":"https:\/\/expressometro.mx\/index.php\/2019\/09\/14\/brinda-escudo-de-armas-del-edomex-identidad-a-los-mexiquenses\/#primaryimage"},"image":{"@id":"https:\/\/expressometro.mx\/index.php\/2019\/09\/14\/brinda-escudo-de-armas-del-edomex-identidad-a-los-mexiquenses\/#primaryimage"},"thumbnailUrl":"https:\/\/expressometro.mx\/wp-content\/uploads\/2019\/09\/89B833F6-B633-4CE3-B97D-480358C67880.jpeg","datePublished":"2019-09-14T12:21:11+00:00","dateModified":"2019-09-19T12:24:43+00:00","breadcrumb":{"@id":"https:\/\/expressometro.mx\/index.php\/2019\/09\/14\/brinda-escudo-de-armas-del-edomex-identidad-a-los-mexiquenses\/#breadcrumb"},"inLanguage":"es","potentialAction":[{"@type":"ReadAction","target":["https:\/\/expressometro.mx\/index.php\/2019\/09\/14\/brinda-escudo-de-armas-del-edomex-identidad-a-los-mexiquenses\/"]}]},{"@type":"ImageObject","inLanguage":"es","@id":"https:\/\/expressometro.mx\/index.php\/2019\/09\/14\/brinda-escudo-de-armas-del-edomex-identidad-a-los-mexiquenses\/#primaryimage","url":"https:\/\/expressometro.mx\/wp-content\/uploads\/2019\/09\/89B833F6-B633-4CE3-B97D-480358C67880.jpeg","contentUrl":"https:\/\/expressometro.mx\/wp-content\/uploads\/2019\/09\/89B833F6-B633-4CE3-B97D-480358C67880.jpeg","width":1155,"height":1500},{"@type":"BreadcrumbList","@id":"https:\/\/expressometro.mx\/index.php\/2019\/09\/14\/brinda-escudo-de-armas-del-edomex-identidad-a-los-mexiquenses\/#breadcrumb","itemListElement":[{"@type":"ListItem","position":1,"name":"Inicio","item":"https:\/\/expressometro.mx\/"},{"@type":"ListItem","position":2,"name":"BRINDA ESCUDO DE ARMAS DEL EDOM\u00c9X IDENTIDAD A LOS MEXIQUENSES"}]},{"@type":"WebSite","@id":"https:\/\/expressometro.mx\/#website","url":"https:\/\/expressometro.mx\/","name":"Expresso Metropolitano","description":"Periodismo comprometido, informaci\u00f3n, investigaci\u00f3n y an\u00e1lisis","publisher":{"@id":"https:\/\/expressometro.mx\/#organization"},"potentialAction":[{"@type":"SearchAction","target":{"@type":"EntryPoint","urlTemplate":"https:\/\/expressometro.mx\/?s={search_term_string}"},"query-input":{"@type":"PropertyValueSpecification","valueRequired":true,"valueName":"search_term_string"}}],"inLanguage":"es"},{"@type":"Organization","@id":"https:\/\/expressometro.mx\/#organization","name":"Expresso Metropolitano","url":"https:\/\/expressometro.mx\/","logo":{"@type":"ImageObject","inLanguage":"es","@id":"https:\/\/expressometro.mx\/#\/schema\/logo\/image\/","url":"https:\/\/expressometro.mx\/wp-content\/uploads\/2019\/07\/cropped-Logo-Expresso-Metropolitano-1-1.jpeg","contentUrl":"https:\/\/expressometro.mx\/wp-content\/uploads\/2019\/07\/cropped-Logo-Expresso-Metropolitano-1-1.jpeg","width":290,"height":73,"caption":"Expresso Metropolitano"},"image":{"@id":"https:\/\/expressometro.mx\/#\/schema\/logo\/image\/"}},{"@type":"Person","@id":"https:\/\/expressometro.mx\/#\/schema\/person\/efa971b4a0664db8ed5c22b1b0dd2f5d","name":"Expresso Metropolitano","image":{"@type":"ImageObject","inLanguage":"es","@id":"https:\/\/secure.gravatar.com\/avatar\/a89f802b8de18c6952f223c88d3d106e9e3679839f4e25a02f4a6cc2ae6ba3b3?s=96&d=mm&r=g","url":"https:\/\/secure.gravatar.com\/avatar\/a89f802b8de18c6952f223c88d3d106e9e3679839f4e25a02f4a6cc2ae6ba3b3?s=96&d=mm&r=g","contentUrl":"https:\/\/secure.gravatar.com\/avatar\/a89f802b8de18c6952f223c88d3d106e9e3679839f4e25a02f4a6cc2ae6ba3b3?s=96&d=mm&r=g","caption":"Expresso Metropolitano"},"url":"https:\/\/expressometro.mx\/index.php\/author\/diego\/"}]}},"amp_enabled":true,"_links":{"self":[{"href":"https:\/\/expressometro.mx\/index.php\/wp-json\/wp\/v2\/posts\/705","targetHints":{"allow":["GET"]}}],"collection":[{"href":"https:\/\/expressometro.mx\/index.php\/wp-json\/wp\/v2\/posts"}],"about":[{"href":"https:\/\/expressometro.mx\/index.php\/wp-json\/wp\/v2\/types\/post"}],"author":[{"embeddable":true,"href":"https:\/\/expressometro.mx\/index.php\/wp-json\/wp\/v2\/users\/1"}],"replies":[{"embeddable":true,"href":"https:\/\/expressometro.mx\/index.php\/wp-json\/wp\/v2\/comments?post=705"}],"version-history":[{"count":1,"href":"https:\/\/expressometro.mx\/index.php\/wp-json\/wp\/v2\/posts\/705\/revisions"}],"predecessor-version":[{"id":707,"href":"https:\/\/expressometro.mx\/index.php\/wp-json\/wp\/v2\/posts\/705\/revisions\/707"}],"wp:featuredmedia":[{"embeddable":true,"href":"https:\/\/expressometro.mx\/index.php\/wp-json\/wp\/v2\/media\/706"}],"wp:attachment":[{"href":"https:\/\/expressometro.mx\/index.php\/wp-json\/wp\/v2\/media?parent=705"}],"wp:term":[{"taxonomy":"category","embeddable":true,"href":"https:\/\/expressometro.mx\/index.php\/wp-json\/wp\/v2\/categories?post=705"},{"taxonomy":"post_tag","embeddable":true,"href":"https:\/\/expressometro.mx\/index.php\/wp-json\/wp\/v2\/tags?post=705"}],"curies":[{"name":"wp","href":"https:\/\/api.w.org\/{rel}","templated":true}]}}