{"id":7046,"date":"2023-04-25T11:02:10","date_gmt":"2023-04-25T16:02:10","guid":{"rendered":"https:\/\/expressometro.mx\/?p=7046"},"modified":"2023-04-26T11:05:20","modified_gmt":"2023-04-26T16:05:20","slug":"capacitacion-en-jocotitlan-para-prevenir-los-delitos","status":"publish","type":"post","link":"https:\/\/expressometro.mx\/index.php\/2023\/04\/25\/capacitacion-en-jocotitlan-para-prevenir-los-delitos\/","title":{"rendered":"CAPACITACI\u00d3N EN JOCOTITLAN PARA PREVENIR LOS DELITOS"},"content":{"rendered":"\n<p>En el municipio de Jocotitl\u00e1n se realiz\u00f3 una capacitaci\u00f3n ante la trata de personas.Esto se llev\u00f3 a cabo con el fin de que las personas pudieran hacer conciencia y tener en cuenta las se\u00f1ales que identifican a este tipo de personas.<\/p>\n\n\n\n<p>El ayuntamiento destaca la importancia de sensibilizar a la sociedad para prevenir, identificar y denunciar la trata de personas.<\/p>\n\n\n\n<p>Por otra parte,  el municipio de Jocotitl\u00e1n fomenta el deporte pues es importante la salud de las personas tanto de ni\u00f1os como de adultos de esta comunidad.<\/p>\n\n\n\n<p>Cada fin de semana el ayuntamiento de Jocotitl\u00e1n organiza diversas actividades en donde tambi\u00e9n pueden participar la familia.<\/p>\n\n\n\n<p>Esto se realiza  en la Monta\u00f1a Sagrada, lugar tur\u00edstico abierto para Jocotitlenses y for\u00e1neos que quieran conocer, visitar y disfrutar del bello &#8220;Pueblo con Encanto&#8221;.<\/p>\n\n\n\n<p><img loading=\"lazy\" decoding=\"async\" width=\"150\" height=\"113\" class=\"wp-image-7047\" style=\"width: 150px;\" src=\"http:\/\/expressometro.mx\/wp-content\/uploads\/2023\/04\/IMG-20230426-WA0006.jpg\" alt=\"\" srcset=\"https:\/\/expressometro.mx\/wp-content\/uploads\/2023\/04\/IMG-20230426-WA0006.jpg 720w, https:\/\/expressometro.mx\/wp-content\/uploads\/2023\/04\/IMG-20230426-WA0006-487x365.jpg 487w, https:\/\/expressometro.mx\/wp-content\/uploads\/2023\/04\/IMG-20230426-WA0006-640x480.jpg 640w\" sizes=\"auto, (max-width: 150px) 100vw, 150px\" \/><\/p>\n\n\n\n<p><img loading=\"lazy\" decoding=\"async\" width=\"150\" height=\"113\" class=\"wp-image-7049\" style=\"width: 150px;\" src=\"http:\/\/expressometro.mx\/wp-content\/uploads\/2023\/04\/IMG-20230426-WA0009.jpg\" alt=\"\" srcset=\"https:\/\/expressometro.mx\/wp-content\/uploads\/2023\/04\/IMG-20230426-WA0009.jpg 720w, https:\/\/expressometro.mx\/wp-content\/uploads\/2023\/04\/IMG-20230426-WA0009-487x365.jpg 487w, https:\/\/expressometro.mx\/wp-content\/uploads\/2023\/04\/IMG-20230426-WA0009-640x480.jpg 640w\" sizes=\"auto, (max-width: 150px) 100vw, 150px\" \/><\/p>\n\n\n\n<p><img loading=\"lazy\" decoding=\"async\" width=\"150\" height=\"68\" class=\"wp-image-7050\" style=\"width: 150px;\" src=\"http:\/\/expressometro.mx\/wp-content\/uploads\/2023\/04\/IMG-20230426-WA0007.jpg\" alt=\"\" srcset=\"https:\/\/expressometro.mx\/wp-content\/uploads\/2023\/04\/IMG-20230426-WA0007.jpg 720w, https:\/\/expressometro.mx\/wp-content\/uploads\/2023\/04\/IMG-20230426-WA0007-660x300.jpg 660w\" sizes=\"auto, (max-width: 150px) 100vw, 150px\" \/><\/p>\n\n\n\n<p><img loading=\"lazy\" decoding=\"async\" width=\"150\" height=\"70\" class=\"wp-image-7054\" style=\"width: 150px;\" src=\"http:\/\/expressometro.mx\/wp-content\/uploads\/2023\/04\/IMG-20230426-WA0008.jpg\" alt=\"\" srcset=\"https:\/\/expressometro.mx\/wp-content\/uploads\/2023\/04\/IMG-20230426-WA0008.jpg 720w, https:\/\/expressometro.mx\/wp-content\/uploads\/2023\/04\/IMG-20230426-WA0008-660x308.jpg 660w\" sizes=\"auto, (max-width: 150px) 100vw, 150px\" \/><\/p>\n","protected":false},"excerpt":{"rendered":"<p>En el municipio de Jocotitl\u00e1n se realiz\u00f3 una capacitaci\u00f3n ante la trata de personas.Esto se llev\u00f3 a cabo con el fin de que las personas pudieran hacer conciencia y tener en cuenta las se\u00f1ales que identifican a este tipo de personas. El ayuntamiento destaca la importancia de sensibilizar a la sociedad para prevenir, identificar y denunciar la trata de personas. Por otra parte, el municipio de Jocotitl\u00e1n fomenta el deporte pues es importante la salud de las personas tanto de ni\u00f1os como de adultos de esta comunidad. Cada fin de&hellip;<\/p>\n","protected":false},"author":2,"featured_media":0,"comment_status":"open","ping_status":"open","sticky":false,"template":"","format":"standard","meta":{"footnotes":""},"categories":[1],"tags":[],"class_list":["post-7046","post","type-post","status-publish","format-standard","hentry","category-otros"],"yoast_head":"<!-- This site is optimized with the Yoast SEO plugin v27.5 - https:\/\/yoast.com\/product\/yoast-seo-wordpress\/ -->\n<title>CAPACITACI\u00d3N EN JOCOTITLAN PARA PREVENIR LOS DELITOS - Expresso Metropolitano<\/title>\n<meta name=\"robots\" content=\"index, follow, max-snippet:-1, max-image-preview:large, max-video-preview:-1\" \/>\n<link rel=\"canonical\" href=\"https:\/\/expressometro.mx\/index.php\/2023\/04\/25\/capacitacion-en-jocotitlan-para-prevenir-los-delitos\/\" \/>\n<meta property=\"og:locale\" content=\"es_MX\" \/>\n<meta property=\"og:type\" content=\"article\" \/>\n<meta property=\"og:title\" content=\"CAPACITACI\u00d3N EN JOCOTITLAN PARA PREVENIR LOS DELITOS - Expresso Metropolitano\" \/>\n<meta property=\"og:description\" content=\"En el municipio de Jocotitl\u00e1n se realiz\u00f3 una capacitaci\u00f3n ante la trata de personas.Esto se llev\u00f3 a cabo con el fin de que las personas pudieran hacer conciencia y tener en cuenta las se\u00f1ales que identifican a este tipo de personas. El ayuntamiento destaca la importancia de sensibilizar a la sociedad para prevenir, identificar y denunciar la trata de personas. Por otra parte, el municipio de Jocotitl\u00e1n fomenta el deporte pues es importante la salud de las personas tanto de ni\u00f1os como de adultos de esta comunidad. Cada fin de&hellip;\" \/>\n<meta property=\"og:url\" content=\"https:\/\/expressometro.mx\/index.php\/2023\/04\/25\/capacitacion-en-jocotitlan-para-prevenir-los-delitos\/\" \/>\n<meta property=\"og:site_name\" content=\"Expresso Metropolitano\" \/>\n<meta property=\"article:published_time\" content=\"2023-04-25T16:02:10+00:00\" \/>\n<meta property=\"article:modified_time\" content=\"2023-04-26T16:05:20+00:00\" \/>\n<meta property=\"og:image\" content=\"http:\/\/expressometro.mx\/wp-content\/uploads\/2023\/04\/IMG-20230426-WA0006.jpg\" \/>\n<meta name=\"author\" content=\"Cecilia Vega\" \/>\n<meta name=\"twitter:label1\" content=\"Escrito por\" \/>\n\t<meta name=\"twitter:data1\" content=\"Cecilia Vega\" \/>\n\t<meta name=\"twitter:label2\" content=\"Tiempo de lectura\" \/>\n\t<meta name=\"twitter:data2\" content=\"2 minutos\" \/>\n<script type=\"application\/ld+json\" class=\"yoast-schema-graph\">{\"@context\":\"https:\\\/\\\/schema.org\",\"@graph\":[{\"@type\":\"Article\",\"@id\":\"https:\\\/\\\/expressometro.mx\\\/index.php\\\/2023\\\/04\\\/25\\\/capacitacion-en-jocotitlan-para-prevenir-los-delitos\\\/#article\",\"isPartOf\":{\"@id\":\"https:\\\/\\\/expressometro.mx\\\/index.php\\\/2023\\\/04\\\/25\\\/capacitacion-en-jocotitlan-para-prevenir-los-delitos\\\/\"},\"author\":{\"name\":\"Cecilia Vega\",\"@id\":\"https:\\\/\\\/expressometro.mx\\\/#\\\/schema\\\/person\\\/67a95b8e3862085c7598f66237488f1f\"},\"headline\":\"CAPACITACI\u00d3N EN JOCOTITLAN PARA PREVENIR LOS DELITOS\",\"datePublished\":\"2023-04-25T16:02:10+00:00\",\"dateModified\":\"2023-04-26T16:05:20+00:00\",\"mainEntityOfPage\":{\"@id\":\"https:\\\/\\\/expressometro.mx\\\/index.php\\\/2023\\\/04\\\/25\\\/capacitacion-en-jocotitlan-para-prevenir-los-delitos\\\/\"},\"wordCount\":149,\"commentCount\":0,\"publisher\":{\"@id\":\"https:\\\/\\\/expressometro.mx\\\/#organization\"},\"image\":{\"@id\":\"https:\\\/\\\/expressometro.mx\\\/index.php\\\/2023\\\/04\\\/25\\\/capacitacion-en-jocotitlan-para-prevenir-los-delitos\\\/#primaryimage\"},\"thumbnailUrl\":\"http:\\\/\\\/expressometro.mx\\\/wp-content\\\/uploads\\\/2023\\\/04\\\/IMG-20230426-WA0006.jpg\",\"articleSection\":[\"Otros\"],\"inLanguage\":\"es\",\"potentialAction\":[{\"@type\":\"CommentAction\",\"name\":\"Comment\",\"target\":[\"https:\\\/\\\/expressometro.mx\\\/index.php\\\/2023\\\/04\\\/25\\\/capacitacion-en-jocotitlan-para-prevenir-los-delitos\\\/#respond\"]}]},{\"@type\":\"WebPage\",\"@id\":\"https:\\\/\\\/expressometro.mx\\\/index.php\\\/2023\\\/04\\\/25\\\/capacitacion-en-jocotitlan-para-prevenir-los-delitos\\\/\",\"url\":\"https:\\\/\\\/expressometro.mx\\\/index.php\\\/2023\\\/04\\\/25\\\/capacitacion-en-jocotitlan-para-prevenir-los-delitos\\\/\",\"name\":\"CAPACITACI\u00d3N EN JOCOTITLAN PARA PREVENIR LOS DELITOS - Expresso Metropolitano\",\"isPartOf\":{\"@id\":\"https:\\\/\\\/expressometro.mx\\\/#website\"},\"primaryImageOfPage\":{\"@id\":\"https:\\\/\\\/expressometro.mx\\\/index.php\\\/2023\\\/04\\\/25\\\/capacitacion-en-jocotitlan-para-prevenir-los-delitos\\\/#primaryimage\"},\"image\":{\"@id\":\"https:\\\/\\\/expressometro.mx\\\/index.php\\\/2023\\\/04\\\/25\\\/capacitacion-en-jocotitlan-para-prevenir-los-delitos\\\/#primaryimage\"},\"thumbnailUrl\":\"http:\\\/\\\/expressometro.mx\\\/wp-content\\\/uploads\\\/2023\\\/04\\\/IMG-20230426-WA0006.jpg\",\"datePublished\":\"2023-04-25T16:02:10+00:00\",\"dateModified\":\"2023-04-26T16:05:20+00:00\",\"breadcrumb\":{\"@id\":\"https:\\\/\\\/expressometro.mx\\\/index.php\\\/2023\\\/04\\\/25\\\/capacitacion-en-jocotitlan-para-prevenir-los-delitos\\\/#breadcrumb\"},\"inLanguage\":\"es\",\"potentialAction\":[{\"@type\":\"ReadAction\",\"target\":[\"https:\\\/\\\/expressometro.mx\\\/index.php\\\/2023\\\/04\\\/25\\\/capacitacion-en-jocotitlan-para-prevenir-los-delitos\\\/\"]}]},{\"@type\":\"ImageObject\",\"inLanguage\":\"es\",\"@id\":\"https:\\\/\\\/expressometro.mx\\\/index.php\\\/2023\\\/04\\\/25\\\/capacitacion-en-jocotitlan-para-prevenir-los-delitos\\\/#primaryimage\",\"url\":\"http:\\\/\\\/expressometro.mx\\\/wp-content\\\/uploads\\\/2023\\\/04\\\/IMG-20230426-WA0006.jpg\",\"contentUrl\":\"http:\\\/\\\/expressometro.mx\\\/wp-content\\\/uploads\\\/2023\\\/04\\\/IMG-20230426-WA0006.jpg\"},{\"@type\":\"BreadcrumbList\",\"@id\":\"https:\\\/\\\/expressometro.mx\\\/index.php\\\/2023\\\/04\\\/25\\\/capacitacion-en-jocotitlan-para-prevenir-los-delitos\\\/#breadcrumb\",\"itemListElement\":[{\"@type\":\"ListItem\",\"position\":1,\"name\":\"Inicio\",\"item\":\"https:\\\/\\\/expressometro.mx\\\/\"},{\"@type\":\"ListItem\",\"position\":2,\"name\":\"CAPACITACI\u00d3N EN JOCOTITLAN PARA PREVENIR LOS DELITOS\"}]},{\"@type\":\"WebSite\",\"@id\":\"https:\\\/\\\/expressometro.mx\\\/#website\",\"url\":\"https:\\\/\\\/expressometro.mx\\\/\",\"name\":\"Expresso Metropolitano\",\"description\":\"Periodismo comprometido, informaci\u00f3n, investigaci\u00f3n y an\u00e1lisis\",\"publisher\":{\"@id\":\"https:\\\/\\\/expressometro.mx\\\/#organization\"},\"potentialAction\":[{\"@type\":\"SearchAction\",\"target\":{\"@type\":\"EntryPoint\",\"urlTemplate\":\"https:\\\/\\\/expressometro.mx\\\/?s={search_term_string}\"},\"query-input\":{\"@type\":\"PropertyValueSpecification\",\"valueRequired\":true,\"valueName\":\"search_term_string\"}}],\"inLanguage\":\"es\"},{\"@type\":\"Organization\",\"@id\":\"https:\\\/\\\/expressometro.mx\\\/#organization\",\"name\":\"Expresso Metropolitano\",\"url\":\"https:\\\/\\\/expressometro.mx\\\/\",\"logo\":{\"@type\":\"ImageObject\",\"inLanguage\":\"es\",\"@id\":\"https:\\\/\\\/expressometro.mx\\\/#\\\/schema\\\/logo\\\/image\\\/\",\"url\":\"https:\\\/\\\/expressometro.mx\\\/wp-content\\\/uploads\\\/2019\\\/07\\\/cropped-Logo-Expresso-Metropolitano-1-1.jpeg\",\"contentUrl\":\"https:\\\/\\\/expressometro.mx\\\/wp-content\\\/uploads\\\/2019\\\/07\\\/cropped-Logo-Expresso-Metropolitano-1-1.jpeg\",\"width\":290,\"height\":73,\"caption\":\"Expresso Metropolitano\"},\"image\":{\"@id\":\"https:\\\/\\\/expressometro.mx\\\/#\\\/schema\\\/logo\\\/image\\\/\"}},{\"@type\":\"Person\",\"@id\":\"https:\\\/\\\/expressometro.mx\\\/#\\\/schema\\\/person\\\/67a95b8e3862085c7598f66237488f1f\",\"name\":\"Cecilia Vega\",\"image\":{\"@type\":\"ImageObject\",\"inLanguage\":\"es\",\"@id\":\"https:\\\/\\\/secure.gravatar.com\\\/avatar\\\/13aae9944ab2ee472a9e407c9487fdbd03b049abaa559af32fe5dbcf615c981b?s=96&d=mm&r=g\",\"url\":\"https:\\\/\\\/secure.gravatar.com\\\/avatar\\\/13aae9944ab2ee472a9e407c9487fdbd03b049abaa559af32fe5dbcf615c981b?s=96&d=mm&r=g\",\"contentUrl\":\"https:\\\/\\\/secure.gravatar.com\\\/avatar\\\/13aae9944ab2ee472a9e407c9487fdbd03b049abaa559af32fe5dbcf615c981b?s=96&d=mm&r=g\",\"caption\":\"Cecilia Vega\"},\"url\":\"https:\\\/\\\/expressometro.mx\\\/index.php\\\/author\\\/cecilia-vega\\\/\"}]}<\/script>\n<!-- \/ Yoast SEO plugin. -->","yoast_head_json":{"title":"CAPACITACI\u00d3N EN JOCOTITLAN PARA PREVENIR LOS DELITOS - Expresso Metropolitano","robots":{"index":"index","follow":"follow","max-snippet":"max-snippet:-1","max-image-preview":"max-image-preview:large","max-video-preview":"max-video-preview:-1"},"canonical":"https:\/\/expressometro.mx\/index.php\/2023\/04\/25\/capacitacion-en-jocotitlan-para-prevenir-los-delitos\/","og_locale":"es_MX","og_type":"article","og_title":"CAPACITACI\u00d3N EN JOCOTITLAN PARA PREVENIR LOS DELITOS - Expresso Metropolitano","og_description":"En el municipio de Jocotitl\u00e1n se realiz\u00f3 una capacitaci\u00f3n ante la trata de personas.Esto se llev\u00f3 a cabo con el fin de que las personas pudieran hacer conciencia y tener en cuenta las se\u00f1ales que identifican a este tipo de personas. El ayuntamiento destaca la importancia de sensibilizar a la sociedad para prevenir, identificar y denunciar la trata de personas. Por otra parte, el municipio de Jocotitl\u00e1n fomenta el deporte pues es importante la salud de las personas tanto de ni\u00f1os como de adultos de esta comunidad. Cada fin de&hellip;","og_url":"https:\/\/expressometro.mx\/index.php\/2023\/04\/25\/capacitacion-en-jocotitlan-para-prevenir-los-delitos\/","og_site_name":"Expresso Metropolitano","article_published_time":"2023-04-25T16:02:10+00:00","article_modified_time":"2023-04-26T16:05:20+00:00","og_image":[{"url":"http:\/\/expressometro.mx\/wp-content\/uploads\/2023\/04\/IMG-20230426-WA0006.jpg","type":"","width":"","height":""}],"author":"Cecilia Vega","twitter_misc":{"Escrito por":"Cecilia Vega","Tiempo de lectura":"2 minutos"},"schema":{"@context":"https:\/\/schema.org","@graph":[{"@type":"Article","@id":"https:\/\/expressometro.mx\/index.php\/2023\/04\/25\/capacitacion-en-jocotitlan-para-prevenir-los-delitos\/#article","isPartOf":{"@id":"https:\/\/expressometro.mx\/index.php\/2023\/04\/25\/capacitacion-en-jocotitlan-para-prevenir-los-delitos\/"},"author":{"name":"Cecilia Vega","@id":"https:\/\/expressometro.mx\/#\/schema\/person\/67a95b8e3862085c7598f66237488f1f"},"headline":"CAPACITACI\u00d3N EN JOCOTITLAN PARA PREVENIR LOS DELITOS","datePublished":"2023-04-25T16:02:10+00:00","dateModified":"2023-04-26T16:05:20+00:00","mainEntityOfPage":{"@id":"https:\/\/expressometro.mx\/index.php\/2023\/04\/25\/capacitacion-en-jocotitlan-para-prevenir-los-delitos\/"},"wordCount":149,"commentCount":0,"publisher":{"@id":"https:\/\/expressometro.mx\/#organization"},"image":{"@id":"https:\/\/expressometro.mx\/index.php\/2023\/04\/25\/capacitacion-en-jocotitlan-para-prevenir-los-delitos\/#primaryimage"},"thumbnailUrl":"http:\/\/expressometro.mx\/wp-content\/uploads\/2023\/04\/IMG-20230426-WA0006.jpg","articleSection":["Otros"],"inLanguage":"es","potentialAction":[{"@type":"CommentAction","name":"Comment","target":["https:\/\/expressometro.mx\/index.php\/2023\/04\/25\/capacitacion-en-jocotitlan-para-prevenir-los-delitos\/#respond"]}]},{"@type":"WebPage","@id":"https:\/\/expressometro.mx\/index.php\/2023\/04\/25\/capacitacion-en-jocotitlan-para-prevenir-los-delitos\/","url":"https:\/\/expressometro.mx\/index.php\/2023\/04\/25\/capacitacion-en-jocotitlan-para-prevenir-los-delitos\/","name":"CAPACITACI\u00d3N EN JOCOTITLAN PARA PREVENIR LOS DELITOS - Expresso Metropolitano","isPartOf":{"@id":"https:\/\/expressometro.mx\/#website"},"primaryImageOfPage":{"@id":"https:\/\/expressometro.mx\/index.php\/2023\/04\/25\/capacitacion-en-jocotitlan-para-prevenir-los-delitos\/#primaryimage"},"image":{"@id":"https:\/\/expressometro.mx\/index.php\/2023\/04\/25\/capacitacion-en-jocotitlan-para-prevenir-los-delitos\/#primaryimage"},"thumbnailUrl":"http:\/\/expressometro.mx\/wp-content\/uploads\/2023\/04\/IMG-20230426-WA0006.jpg","datePublished":"2023-04-25T16:02:10+00:00","dateModified":"2023-04-26T16:05:20+00:00","breadcrumb":{"@id":"https:\/\/expressometro.mx\/index.php\/2023\/04\/25\/capacitacion-en-jocotitlan-para-prevenir-los-delitos\/#breadcrumb"},"inLanguage":"es","potentialAction":[{"@type":"ReadAction","target":["https:\/\/expressometro.mx\/index.php\/2023\/04\/25\/capacitacion-en-jocotitlan-para-prevenir-los-delitos\/"]}]},{"@type":"ImageObject","inLanguage":"es","@id":"https:\/\/expressometro.mx\/index.php\/2023\/04\/25\/capacitacion-en-jocotitlan-para-prevenir-los-delitos\/#primaryimage","url":"http:\/\/expressometro.mx\/wp-content\/uploads\/2023\/04\/IMG-20230426-WA0006.jpg","contentUrl":"http:\/\/expressometro.mx\/wp-content\/uploads\/2023\/04\/IMG-20230426-WA0006.jpg"},{"@type":"BreadcrumbList","@id":"https:\/\/expressometro.mx\/index.php\/2023\/04\/25\/capacitacion-en-jocotitlan-para-prevenir-los-delitos\/#breadcrumb","itemListElement":[{"@type":"ListItem","position":1,"name":"Inicio","item":"https:\/\/expressometro.mx\/"},{"@type":"ListItem","position":2,"name":"CAPACITACI\u00d3N EN JOCOTITLAN PARA PREVENIR LOS DELITOS"}]},{"@type":"WebSite","@id":"https:\/\/expressometro.mx\/#website","url":"https:\/\/expressometro.mx\/","name":"Expresso Metropolitano","description":"Periodismo comprometido, informaci\u00f3n, investigaci\u00f3n y an\u00e1lisis","publisher":{"@id":"https:\/\/expressometro.mx\/#organization"},"potentialAction":[{"@type":"SearchAction","target":{"@type":"EntryPoint","urlTemplate":"https:\/\/expressometro.mx\/?s={search_term_string}"},"query-input":{"@type":"PropertyValueSpecification","valueRequired":true,"valueName":"search_term_string"}}],"inLanguage":"es"},{"@type":"Organization","@id":"https:\/\/expressometro.mx\/#organization","name":"Expresso Metropolitano","url":"https:\/\/expressometro.mx\/","logo":{"@type":"ImageObject","inLanguage":"es","@id":"https:\/\/expressometro.mx\/#\/schema\/logo\/image\/","url":"https:\/\/expressometro.mx\/wp-content\/uploads\/2019\/07\/cropped-Logo-Expresso-Metropolitano-1-1.jpeg","contentUrl":"https:\/\/expressometro.mx\/wp-content\/uploads\/2019\/07\/cropped-Logo-Expresso-Metropolitano-1-1.jpeg","width":290,"height":73,"caption":"Expresso Metropolitano"},"image":{"@id":"https:\/\/expressometro.mx\/#\/schema\/logo\/image\/"}},{"@type":"Person","@id":"https:\/\/expressometro.mx\/#\/schema\/person\/67a95b8e3862085c7598f66237488f1f","name":"Cecilia Vega","image":{"@type":"ImageObject","inLanguage":"es","@id":"https:\/\/secure.gravatar.com\/avatar\/13aae9944ab2ee472a9e407c9487fdbd03b049abaa559af32fe5dbcf615c981b?s=96&d=mm&r=g","url":"https:\/\/secure.gravatar.com\/avatar\/13aae9944ab2ee472a9e407c9487fdbd03b049abaa559af32fe5dbcf615c981b?s=96&d=mm&r=g","contentUrl":"https:\/\/secure.gravatar.com\/avatar\/13aae9944ab2ee472a9e407c9487fdbd03b049abaa559af32fe5dbcf615c981b?s=96&d=mm&r=g","caption":"Cecilia Vega"},"url":"https:\/\/expressometro.mx\/index.php\/author\/cecilia-vega\/"}]}},"amp_enabled":true,"_links":{"self":[{"href":"https:\/\/expressometro.mx\/index.php\/wp-json\/wp\/v2\/posts\/7046","targetHints":{"allow":["GET"]}}],"collection":[{"href":"https:\/\/expressometro.mx\/index.php\/wp-json\/wp\/v2\/posts"}],"about":[{"href":"https:\/\/expressometro.mx\/index.php\/wp-json\/wp\/v2\/types\/post"}],"author":[{"embeddable":true,"href":"https:\/\/expressometro.mx\/index.php\/wp-json\/wp\/v2\/users\/2"}],"replies":[{"embeddable":true,"href":"https:\/\/expressometro.mx\/index.php\/wp-json\/wp\/v2\/comments?post=7046"}],"version-history":[{"count":1,"href":"https:\/\/expressometro.mx\/index.php\/wp-json\/wp\/v2\/posts\/7046\/revisions"}],"predecessor-version":[{"id":7055,"href":"https:\/\/expressometro.mx\/index.php\/wp-json\/wp\/v2\/posts\/7046\/revisions\/7055"}],"wp:attachment":[{"href":"https:\/\/expressometro.mx\/index.php\/wp-json\/wp\/v2\/media?parent=7046"}],"wp:term":[{"taxonomy":"category","embeddable":true,"href":"https:\/\/expressometro.mx\/index.php\/wp-json\/wp\/v2\/categories?post=7046"},{"taxonomy":"post_tag","embeddable":true,"href":"https:\/\/expressometro.mx\/index.php\/wp-json\/wp\/v2\/tags?post=7046"}],"curies":[{"name":"wp","href":"https:\/\/api.w.org\/{rel}","templated":true}]}}