{"id":7032,"date":"2023-04-16T15:27:09","date_gmt":"2023-04-16T20:27:09","guid":{"rendered":"https:\/\/expressometro.mx\/?p=7032"},"modified":"2023-04-25T15:29:23","modified_gmt":"2023-04-25T20:29:23","slug":"jocotitlan-con-una-historia-singular-y-enriquecedora","status":"publish","type":"post","link":"https:\/\/expressometro.mx\/index.php\/2023\/04\/16\/jocotitlan-con-una-historia-singular-y-enriquecedora\/","title":{"rendered":"JOCOTITL\u00c1N CON UNA HISTORIA SINGULAR Y ENRIQUECEDORA"},"content":{"rendered":"\n<p><\/p>\n\n\n\n<p>El pasado 15 se abril se conmemor\u00f3 el CCXII Aniversario de la Batalla Insurgente, en el municipio de Jocotitl\u00e1n. Este hecho es hist\u00f3rico ya que marc\u00f3 la historia de esta localidad del norte mexiquense.<\/p>\n\n\n\n<p>Fue una lucha a favor de su libertad, donde todos los valientes pobladores de Jocotitl\u00e1n se levantaron en armas en contra de la Armada Realista y se sumaron al movimiento Independentista.<\/p>\n\n\n\n<p>Este hecho provoc\u00f3 que Jocotitl\u00e1n fuera declarada a partir del 2013 como Ciudad Heroica.<\/p>\n\n\n\n<p>En el a\u00f1o de 1810, en el camino que sigui\u00f3 Hidalgo rumbo al Monte de las Cruces, pas\u00f3 por el Municipio de Jocotitl\u00e1n, donde se colocaron tres estelas con una cabeza de \u00e1guila con la inscripci\u00f3n \u201cRuta de Hidalgo\u201d.<\/p>\n\n\n\n<p>Cabe mencionar que estas cabezas de \u00e1guila se\u00f1alan la ruta que sigui\u00f3 el Padre de la Patria en todo su recorrido, colocadas cuando el Adolfo L\u00f3pez Mateos era Presidente de los Estados Unidos Mexicanos.<\/p>\n\n\n\n<p>Jocotitl\u00e1n no se qued\u00f3 atr\u00e1s en las acciones por la libertad y a pesar de la f\u00e9rrea vigilancia y las constantes amenazas del p\u00e1rroco y la milicia, surgi\u00f3 el esp\u00edritu libertario y no fueron pocos los que se sumaron a la causa reconociendo como jefe a Ignacio L\u00f3pez Ray\u00f3n.<\/p>\n\n\n\n<p>El 15 de abril de 1811 se llev\u00f3 a cabo la batalla en forma desigual, la cual resulto encarnizada, por un tiempo los lugare\u00f1os los mantuvieron a raya pero por el n\u00famero y el armamento utilizado los insurgentes fueron replegados y los soldados entraron a la poblaci\u00f3n atacando e incendiando todo a su paso, dando muerte a todo aquel que vieran en su camino, ocasionando que las calles y plaza quedaran con cientos de cuerpos masacrados.<\/p>\n\n\n\n<p><img loading=\"lazy\" decoding=\"async\" width=\"150\" height=\"118\" class=\"wp-image-7034\" style=\"width: 150px;\" src=\"http:\/\/expressometro.mx\/wp-content\/uploads\/2023\/04\/IMG-20230425-WA0003.jpg\" alt=\"\" srcset=\"https:\/\/expressometro.mx\/wp-content\/uploads\/2023\/04\/IMG-20230425-WA0003.jpg 1600w, https:\/\/expressometro.mx\/wp-content\/uploads\/2023\/04\/IMG-20230425-WA0003-464x365.jpg 464w, https:\/\/expressometro.mx\/wp-content\/uploads\/2023\/04\/IMG-20230425-WA0003-610x480.jpg 610w, https:\/\/expressometro.mx\/wp-content\/uploads\/2023\/04\/IMG-20230425-WA0003-768x604.jpg 768w, https:\/\/expressometro.mx\/wp-content\/uploads\/2023\/04\/IMG-20230425-WA0003-1536x1208.jpg 1536w\" sizes=\"auto, (max-width: 150px) 100vw, 150px\" \/><\/p>\n","protected":false},"excerpt":{"rendered":"<p>El pasado 15 se abril se conmemor\u00f3 el CCXII Aniversario de la Batalla Insurgente, en el municipio de Jocotitl\u00e1n. Este hecho es hist\u00f3rico ya que marc\u00f3 la historia de esta localidad del norte mexiquense. Fue una lucha a favor de su libertad, donde todos los valientes pobladores de Jocotitl\u00e1n se levantaron en armas en contra de la Armada Realista y se sumaron al movimiento Independentista. Este hecho provoc\u00f3 que Jocotitl\u00e1n fuera declarada a partir del 2013 como Ciudad Heroica. En el a\u00f1o de 1810, en el camino que sigui\u00f3 Hidalgo&hellip;<\/p>\n","protected":false},"author":2,"featured_media":0,"comment_status":"open","ping_status":"open","sticky":false,"template":"","format":"standard","meta":{"footnotes":""},"categories":[1],"tags":[],"class_list":["post-7032","post","type-post","status-publish","format-standard","hentry","category-otros"],"yoast_head":"<!-- This site is optimized with the Yoast SEO plugin v27.5 - https:\/\/yoast.com\/product\/yoast-seo-wordpress\/ -->\n<title>JOCOTITL\u00c1N CON UNA HISTORIA SINGULAR Y ENRIQUECEDORA - Expresso Metropolitano<\/title>\n<meta name=\"robots\" content=\"index, follow, max-snippet:-1, max-image-preview:large, max-video-preview:-1\" \/>\n<link rel=\"canonical\" href=\"https:\/\/expressometro.mx\/index.php\/2023\/04\/16\/jocotitlan-con-una-historia-singular-y-enriquecedora\/\" \/>\n<meta property=\"og:locale\" content=\"es_MX\" \/>\n<meta property=\"og:type\" content=\"article\" \/>\n<meta property=\"og:title\" content=\"JOCOTITL\u00c1N CON UNA HISTORIA SINGULAR Y ENRIQUECEDORA - Expresso Metropolitano\" \/>\n<meta property=\"og:description\" content=\"El pasado 15 se abril se conmemor\u00f3 el CCXII Aniversario de la Batalla Insurgente, en el municipio de Jocotitl\u00e1n. Este hecho es hist\u00f3rico ya que marc\u00f3 la historia de esta localidad del norte mexiquense. Fue una lucha a favor de su libertad, donde todos los valientes pobladores de Jocotitl\u00e1n se levantaron en armas en contra de la Armada Realista y se sumaron al movimiento Independentista. Este hecho provoc\u00f3 que Jocotitl\u00e1n fuera declarada a partir del 2013 como Ciudad Heroica. En el a\u00f1o de 1810, en el camino que sigui\u00f3 Hidalgo&hellip;\" \/>\n<meta property=\"og:url\" content=\"https:\/\/expressometro.mx\/index.php\/2023\/04\/16\/jocotitlan-con-una-historia-singular-y-enriquecedora\/\" \/>\n<meta property=\"og:site_name\" content=\"Expresso Metropolitano\" \/>\n<meta property=\"article:published_time\" content=\"2023-04-16T20:27:09+00:00\" \/>\n<meta property=\"article:modified_time\" content=\"2023-04-25T20:29:23+00:00\" \/>\n<meta property=\"og:image\" content=\"http:\/\/expressometro.mx\/wp-content\/uploads\/2023\/04\/IMG-20230425-WA0003.jpg\" \/>\n<meta name=\"author\" content=\"Cecilia Vega\" \/>\n<meta name=\"twitter:label1\" content=\"Escrito por\" \/>\n\t<meta name=\"twitter:data1\" content=\"Cecilia Vega\" \/>\n\t<meta name=\"twitter:label2\" content=\"Tiempo de lectura\" \/>\n\t<meta name=\"twitter:data2\" content=\"2 minutos\" \/>\n<script type=\"application\/ld+json\" class=\"yoast-schema-graph\">{\"@context\":\"https:\\\/\\\/schema.org\",\"@graph\":[{\"@type\":\"Article\",\"@id\":\"https:\\\/\\\/expressometro.mx\\\/index.php\\\/2023\\\/04\\\/16\\\/jocotitlan-con-una-historia-singular-y-enriquecedora\\\/#article\",\"isPartOf\":{\"@id\":\"https:\\\/\\\/expressometro.mx\\\/index.php\\\/2023\\\/04\\\/16\\\/jocotitlan-con-una-historia-singular-y-enriquecedora\\\/\"},\"author\":{\"name\":\"Cecilia Vega\",\"@id\":\"https:\\\/\\\/expressometro.mx\\\/#\\\/schema\\\/person\\\/67a95b8e3862085c7598f66237488f1f\"},\"headline\":\"JOCOTITL\u00c1N CON UNA HISTORIA SINGULAR Y ENRIQUECEDORA\",\"datePublished\":\"2023-04-16T20:27:09+00:00\",\"dateModified\":\"2023-04-25T20:29:23+00:00\",\"mainEntityOfPage\":{\"@id\":\"https:\\\/\\\/expressometro.mx\\\/index.php\\\/2023\\\/04\\\/16\\\/jocotitlan-con-una-historia-singular-y-enriquecedora\\\/\"},\"wordCount\":299,\"commentCount\":0,\"publisher\":{\"@id\":\"https:\\\/\\\/expressometro.mx\\\/#organization\"},\"image\":{\"@id\":\"https:\\\/\\\/expressometro.mx\\\/index.php\\\/2023\\\/04\\\/16\\\/jocotitlan-con-una-historia-singular-y-enriquecedora\\\/#primaryimage\"},\"thumbnailUrl\":\"http:\\\/\\\/expressometro.mx\\\/wp-content\\\/uploads\\\/2023\\\/04\\\/IMG-20230425-WA0003.jpg\",\"articleSection\":[\"Otros\"],\"inLanguage\":\"es\",\"potentialAction\":[{\"@type\":\"CommentAction\",\"name\":\"Comment\",\"target\":[\"https:\\\/\\\/expressometro.mx\\\/index.php\\\/2023\\\/04\\\/16\\\/jocotitlan-con-una-historia-singular-y-enriquecedora\\\/#respond\"]}]},{\"@type\":\"WebPage\",\"@id\":\"https:\\\/\\\/expressometro.mx\\\/index.php\\\/2023\\\/04\\\/16\\\/jocotitlan-con-una-historia-singular-y-enriquecedora\\\/\",\"url\":\"https:\\\/\\\/expressometro.mx\\\/index.php\\\/2023\\\/04\\\/16\\\/jocotitlan-con-una-historia-singular-y-enriquecedora\\\/\",\"name\":\"JOCOTITL\u00c1N CON UNA HISTORIA SINGULAR Y ENRIQUECEDORA - Expresso Metropolitano\",\"isPartOf\":{\"@id\":\"https:\\\/\\\/expressometro.mx\\\/#website\"},\"primaryImageOfPage\":{\"@id\":\"https:\\\/\\\/expressometro.mx\\\/index.php\\\/2023\\\/04\\\/16\\\/jocotitlan-con-una-historia-singular-y-enriquecedora\\\/#primaryimage\"},\"image\":{\"@id\":\"https:\\\/\\\/expressometro.mx\\\/index.php\\\/2023\\\/04\\\/16\\\/jocotitlan-con-una-historia-singular-y-enriquecedora\\\/#primaryimage\"},\"thumbnailUrl\":\"http:\\\/\\\/expressometro.mx\\\/wp-content\\\/uploads\\\/2023\\\/04\\\/IMG-20230425-WA0003.jpg\",\"datePublished\":\"2023-04-16T20:27:09+00:00\",\"dateModified\":\"2023-04-25T20:29:23+00:00\",\"breadcrumb\":{\"@id\":\"https:\\\/\\\/expressometro.mx\\\/index.php\\\/2023\\\/04\\\/16\\\/jocotitlan-con-una-historia-singular-y-enriquecedora\\\/#breadcrumb\"},\"inLanguage\":\"es\",\"potentialAction\":[{\"@type\":\"ReadAction\",\"target\":[\"https:\\\/\\\/expressometro.mx\\\/index.php\\\/2023\\\/04\\\/16\\\/jocotitlan-con-una-historia-singular-y-enriquecedora\\\/\"]}]},{\"@type\":\"ImageObject\",\"inLanguage\":\"es\",\"@id\":\"https:\\\/\\\/expressometro.mx\\\/index.php\\\/2023\\\/04\\\/16\\\/jocotitlan-con-una-historia-singular-y-enriquecedora\\\/#primaryimage\",\"url\":\"http:\\\/\\\/expressometro.mx\\\/wp-content\\\/uploads\\\/2023\\\/04\\\/IMG-20230425-WA0003.jpg\",\"contentUrl\":\"http:\\\/\\\/expressometro.mx\\\/wp-content\\\/uploads\\\/2023\\\/04\\\/IMG-20230425-WA0003.jpg\"},{\"@type\":\"BreadcrumbList\",\"@id\":\"https:\\\/\\\/expressometro.mx\\\/index.php\\\/2023\\\/04\\\/16\\\/jocotitlan-con-una-historia-singular-y-enriquecedora\\\/#breadcrumb\",\"itemListElement\":[{\"@type\":\"ListItem\",\"position\":1,\"name\":\"Inicio\",\"item\":\"https:\\\/\\\/expressometro.mx\\\/\"},{\"@type\":\"ListItem\",\"position\":2,\"name\":\"JOCOTITL\u00c1N CON UNA HISTORIA SINGULAR Y ENRIQUECEDORA\"}]},{\"@type\":\"WebSite\",\"@id\":\"https:\\\/\\\/expressometro.mx\\\/#website\",\"url\":\"https:\\\/\\\/expressometro.mx\\\/\",\"name\":\"Expresso Metropolitano\",\"description\":\"Periodismo comprometido, informaci\u00f3n, investigaci\u00f3n y an\u00e1lisis\",\"publisher\":{\"@id\":\"https:\\\/\\\/expressometro.mx\\\/#organization\"},\"potentialAction\":[{\"@type\":\"SearchAction\",\"target\":{\"@type\":\"EntryPoint\",\"urlTemplate\":\"https:\\\/\\\/expressometro.mx\\\/?s={search_term_string}\"},\"query-input\":{\"@type\":\"PropertyValueSpecification\",\"valueRequired\":true,\"valueName\":\"search_term_string\"}}],\"inLanguage\":\"es\"},{\"@type\":\"Organization\",\"@id\":\"https:\\\/\\\/expressometro.mx\\\/#organization\",\"name\":\"Expresso Metropolitano\",\"url\":\"https:\\\/\\\/expressometro.mx\\\/\",\"logo\":{\"@type\":\"ImageObject\",\"inLanguage\":\"es\",\"@id\":\"https:\\\/\\\/expressometro.mx\\\/#\\\/schema\\\/logo\\\/image\\\/\",\"url\":\"https:\\\/\\\/expressometro.mx\\\/wp-content\\\/uploads\\\/2019\\\/07\\\/cropped-Logo-Expresso-Metropolitano-1-1.jpeg\",\"contentUrl\":\"https:\\\/\\\/expressometro.mx\\\/wp-content\\\/uploads\\\/2019\\\/07\\\/cropped-Logo-Expresso-Metropolitano-1-1.jpeg\",\"width\":290,\"height\":73,\"caption\":\"Expresso Metropolitano\"},\"image\":{\"@id\":\"https:\\\/\\\/expressometro.mx\\\/#\\\/schema\\\/logo\\\/image\\\/\"}},{\"@type\":\"Person\",\"@id\":\"https:\\\/\\\/expressometro.mx\\\/#\\\/schema\\\/person\\\/67a95b8e3862085c7598f66237488f1f\",\"name\":\"Cecilia Vega\",\"image\":{\"@type\":\"ImageObject\",\"inLanguage\":\"es\",\"@id\":\"https:\\\/\\\/secure.gravatar.com\\\/avatar\\\/13aae9944ab2ee472a9e407c9487fdbd03b049abaa559af32fe5dbcf615c981b?s=96&d=mm&r=g\",\"url\":\"https:\\\/\\\/secure.gravatar.com\\\/avatar\\\/13aae9944ab2ee472a9e407c9487fdbd03b049abaa559af32fe5dbcf615c981b?s=96&d=mm&r=g\",\"contentUrl\":\"https:\\\/\\\/secure.gravatar.com\\\/avatar\\\/13aae9944ab2ee472a9e407c9487fdbd03b049abaa559af32fe5dbcf615c981b?s=96&d=mm&r=g\",\"caption\":\"Cecilia Vega\"},\"url\":\"https:\\\/\\\/expressometro.mx\\\/index.php\\\/author\\\/cecilia-vega\\\/\"}]}<\/script>\n<!-- \/ Yoast SEO plugin. -->","yoast_head_json":{"title":"JOCOTITL\u00c1N CON UNA HISTORIA SINGULAR Y ENRIQUECEDORA - Expresso Metropolitano","robots":{"index":"index","follow":"follow","max-snippet":"max-snippet:-1","max-image-preview":"max-image-preview:large","max-video-preview":"max-video-preview:-1"},"canonical":"https:\/\/expressometro.mx\/index.php\/2023\/04\/16\/jocotitlan-con-una-historia-singular-y-enriquecedora\/","og_locale":"es_MX","og_type":"article","og_title":"JOCOTITL\u00c1N CON UNA HISTORIA SINGULAR Y ENRIQUECEDORA - Expresso Metropolitano","og_description":"El pasado 15 se abril se conmemor\u00f3 el CCXII Aniversario de la Batalla Insurgente, en el municipio de Jocotitl\u00e1n. Este hecho es hist\u00f3rico ya que marc\u00f3 la historia de esta localidad del norte mexiquense. Fue una lucha a favor de su libertad, donde todos los valientes pobladores de Jocotitl\u00e1n se levantaron en armas en contra de la Armada Realista y se sumaron al movimiento Independentista. Este hecho provoc\u00f3 que Jocotitl\u00e1n fuera declarada a partir del 2013 como Ciudad Heroica. En el a\u00f1o de 1810, en el camino que sigui\u00f3 Hidalgo&hellip;","og_url":"https:\/\/expressometro.mx\/index.php\/2023\/04\/16\/jocotitlan-con-una-historia-singular-y-enriquecedora\/","og_site_name":"Expresso Metropolitano","article_published_time":"2023-04-16T20:27:09+00:00","article_modified_time":"2023-04-25T20:29:23+00:00","og_image":[{"url":"http:\/\/expressometro.mx\/wp-content\/uploads\/2023\/04\/IMG-20230425-WA0003.jpg","type":"","width":"","height":""}],"author":"Cecilia Vega","twitter_misc":{"Escrito por":"Cecilia Vega","Tiempo de lectura":"2 minutos"},"schema":{"@context":"https:\/\/schema.org","@graph":[{"@type":"Article","@id":"https:\/\/expressometro.mx\/index.php\/2023\/04\/16\/jocotitlan-con-una-historia-singular-y-enriquecedora\/#article","isPartOf":{"@id":"https:\/\/expressometro.mx\/index.php\/2023\/04\/16\/jocotitlan-con-una-historia-singular-y-enriquecedora\/"},"author":{"name":"Cecilia Vega","@id":"https:\/\/expressometro.mx\/#\/schema\/person\/67a95b8e3862085c7598f66237488f1f"},"headline":"JOCOTITL\u00c1N CON UNA HISTORIA SINGULAR Y ENRIQUECEDORA","datePublished":"2023-04-16T20:27:09+00:00","dateModified":"2023-04-25T20:29:23+00:00","mainEntityOfPage":{"@id":"https:\/\/expressometro.mx\/index.php\/2023\/04\/16\/jocotitlan-con-una-historia-singular-y-enriquecedora\/"},"wordCount":299,"commentCount":0,"publisher":{"@id":"https:\/\/expressometro.mx\/#organization"},"image":{"@id":"https:\/\/expressometro.mx\/index.php\/2023\/04\/16\/jocotitlan-con-una-historia-singular-y-enriquecedora\/#primaryimage"},"thumbnailUrl":"http:\/\/expressometro.mx\/wp-content\/uploads\/2023\/04\/IMG-20230425-WA0003.jpg","articleSection":["Otros"],"inLanguage":"es","potentialAction":[{"@type":"CommentAction","name":"Comment","target":["https:\/\/expressometro.mx\/index.php\/2023\/04\/16\/jocotitlan-con-una-historia-singular-y-enriquecedora\/#respond"]}]},{"@type":"WebPage","@id":"https:\/\/expressometro.mx\/index.php\/2023\/04\/16\/jocotitlan-con-una-historia-singular-y-enriquecedora\/","url":"https:\/\/expressometro.mx\/index.php\/2023\/04\/16\/jocotitlan-con-una-historia-singular-y-enriquecedora\/","name":"JOCOTITL\u00c1N CON UNA HISTORIA SINGULAR Y ENRIQUECEDORA - Expresso Metropolitano","isPartOf":{"@id":"https:\/\/expressometro.mx\/#website"},"primaryImageOfPage":{"@id":"https:\/\/expressometro.mx\/index.php\/2023\/04\/16\/jocotitlan-con-una-historia-singular-y-enriquecedora\/#primaryimage"},"image":{"@id":"https:\/\/expressometro.mx\/index.php\/2023\/04\/16\/jocotitlan-con-una-historia-singular-y-enriquecedora\/#primaryimage"},"thumbnailUrl":"http:\/\/expressometro.mx\/wp-content\/uploads\/2023\/04\/IMG-20230425-WA0003.jpg","datePublished":"2023-04-16T20:27:09+00:00","dateModified":"2023-04-25T20:29:23+00:00","breadcrumb":{"@id":"https:\/\/expressometro.mx\/index.php\/2023\/04\/16\/jocotitlan-con-una-historia-singular-y-enriquecedora\/#breadcrumb"},"inLanguage":"es","potentialAction":[{"@type":"ReadAction","target":["https:\/\/expressometro.mx\/index.php\/2023\/04\/16\/jocotitlan-con-una-historia-singular-y-enriquecedora\/"]}]},{"@type":"ImageObject","inLanguage":"es","@id":"https:\/\/expressometro.mx\/index.php\/2023\/04\/16\/jocotitlan-con-una-historia-singular-y-enriquecedora\/#primaryimage","url":"http:\/\/expressometro.mx\/wp-content\/uploads\/2023\/04\/IMG-20230425-WA0003.jpg","contentUrl":"http:\/\/expressometro.mx\/wp-content\/uploads\/2023\/04\/IMG-20230425-WA0003.jpg"},{"@type":"BreadcrumbList","@id":"https:\/\/expressometro.mx\/index.php\/2023\/04\/16\/jocotitlan-con-una-historia-singular-y-enriquecedora\/#breadcrumb","itemListElement":[{"@type":"ListItem","position":1,"name":"Inicio","item":"https:\/\/expressometro.mx\/"},{"@type":"ListItem","position":2,"name":"JOCOTITL\u00c1N CON UNA HISTORIA SINGULAR Y ENRIQUECEDORA"}]},{"@type":"WebSite","@id":"https:\/\/expressometro.mx\/#website","url":"https:\/\/expressometro.mx\/","name":"Expresso Metropolitano","description":"Periodismo comprometido, informaci\u00f3n, investigaci\u00f3n y an\u00e1lisis","publisher":{"@id":"https:\/\/expressometro.mx\/#organization"},"potentialAction":[{"@type":"SearchAction","target":{"@type":"EntryPoint","urlTemplate":"https:\/\/expressometro.mx\/?s={search_term_string}"},"query-input":{"@type":"PropertyValueSpecification","valueRequired":true,"valueName":"search_term_string"}}],"inLanguage":"es"},{"@type":"Organization","@id":"https:\/\/expressometro.mx\/#organization","name":"Expresso Metropolitano","url":"https:\/\/expressometro.mx\/","logo":{"@type":"ImageObject","inLanguage":"es","@id":"https:\/\/expressometro.mx\/#\/schema\/logo\/image\/","url":"https:\/\/expressometro.mx\/wp-content\/uploads\/2019\/07\/cropped-Logo-Expresso-Metropolitano-1-1.jpeg","contentUrl":"https:\/\/expressometro.mx\/wp-content\/uploads\/2019\/07\/cropped-Logo-Expresso-Metropolitano-1-1.jpeg","width":290,"height":73,"caption":"Expresso Metropolitano"},"image":{"@id":"https:\/\/expressometro.mx\/#\/schema\/logo\/image\/"}},{"@type":"Person","@id":"https:\/\/expressometro.mx\/#\/schema\/person\/67a95b8e3862085c7598f66237488f1f","name":"Cecilia Vega","image":{"@type":"ImageObject","inLanguage":"es","@id":"https:\/\/secure.gravatar.com\/avatar\/13aae9944ab2ee472a9e407c9487fdbd03b049abaa559af32fe5dbcf615c981b?s=96&d=mm&r=g","url":"https:\/\/secure.gravatar.com\/avatar\/13aae9944ab2ee472a9e407c9487fdbd03b049abaa559af32fe5dbcf615c981b?s=96&d=mm&r=g","contentUrl":"https:\/\/secure.gravatar.com\/avatar\/13aae9944ab2ee472a9e407c9487fdbd03b049abaa559af32fe5dbcf615c981b?s=96&d=mm&r=g","caption":"Cecilia Vega"},"url":"https:\/\/expressometro.mx\/index.php\/author\/cecilia-vega\/"}]}},"amp_enabled":true,"_links":{"self":[{"href":"https:\/\/expressometro.mx\/index.php\/wp-json\/wp\/v2\/posts\/7032","targetHints":{"allow":["GET"]}}],"collection":[{"href":"https:\/\/expressometro.mx\/index.php\/wp-json\/wp\/v2\/posts"}],"about":[{"href":"https:\/\/expressometro.mx\/index.php\/wp-json\/wp\/v2\/types\/post"}],"author":[{"embeddable":true,"href":"https:\/\/expressometro.mx\/index.php\/wp-json\/wp\/v2\/users\/2"}],"replies":[{"embeddable":true,"href":"https:\/\/expressometro.mx\/index.php\/wp-json\/wp\/v2\/comments?post=7032"}],"version-history":[{"count":1,"href":"https:\/\/expressometro.mx\/index.php\/wp-json\/wp\/v2\/posts\/7032\/revisions"}],"predecessor-version":[{"id":7035,"href":"https:\/\/expressometro.mx\/index.php\/wp-json\/wp\/v2\/posts\/7032\/revisions\/7035"}],"wp:attachment":[{"href":"https:\/\/expressometro.mx\/index.php\/wp-json\/wp\/v2\/media?parent=7032"}],"wp:term":[{"taxonomy":"category","embeddable":true,"href":"https:\/\/expressometro.mx\/index.php\/wp-json\/wp\/v2\/categories?post=7032"},{"taxonomy":"post_tag","embeddable":true,"href":"https:\/\/expressometro.mx\/index.php\/wp-json\/wp\/v2\/tags?post=7032"}],"curies":[{"name":"wp","href":"https:\/\/api.w.org\/{rel}","templated":true}]}}