{"id":7016,"date":"2023-04-18T13:28:20","date_gmt":"2023-04-18T18:28:20","guid":{"rendered":"https:\/\/expressometro.mx\/?p=7016"},"modified":"2023-04-18T13:28:21","modified_gmt":"2023-04-18T18:28:21","slug":"todo-el-poder-politico-del-norte-con-ale-del-moral","status":"publish","type":"post","link":"https:\/\/expressometro.mx\/index.php\/2023\/04\/18\/todo-el-poder-politico-del-norte-con-ale-del-moral\/","title":{"rendered":"TODO EL PODER POL\u00cdTICO DEL NORTE CON ALE DEL MORAL"},"content":{"rendered":"\n<p><\/p>\n\n\n\n<p>La candidata de la alianza Va por el Estado de M\u00e9xico, Alejandra del Moral Vela, recibi\u00f3 el arropo del miles de ciudadanos del norte mexiquense que respaldan su proyecto pol\u00edtico que expuso en municipios como San Jos\u00e9 del Rinc\u00f3n, El Oro, San Felipe del Progreso, Jocotitl\u00e1n e Ixtlahuaca.<\/p>\n\n\n\n<p>En una gira extraordinaria de corte municipal, m\u00e1s de 45 mil personas que simpatizan con la abanderada del PRI-PAN-PRD-Nueva Alianza se agolparon en las sedes donde recibieron el saludo, abrazo, atenci\u00f3n a sus peticiones y selfies de la candidata a gobernadora para el periodo constitucional 2023-2029.<\/p>\n\n\n\n<p>Sin duda, con la organizaci\u00f3n de los actos en cada municipio por la coordinaci\u00f3n regional de la campa\u00f1a a cargo del diputado Gustavo C\u00e1rdenas Monroy se dej\u00f3 la vara muy alta por la calidad del recibimiento de miles de mexiquenses. Eventos de campa\u00f1a que presenciaron el dirigente nacional del PRI, Alejandro Moreno C\u00e1rdenas, l\u00edderes del PRI estatal y municipales, as\u00ed como liderazgos de la sociedad.<\/p>\n\n\n\n<p>Desde la cuna de tradiciones mazahuas del Estado de M\u00e9xico, San Felipe del Progreso, la candidata del PRI, PAN, PRD y Nueva Alianza se comprometi\u00f3 a trabajar para que los pueblos originarios y los mazahuas de la entidad sigan siendo un orgullo mexiquense.<\/p>\n\n\n\n<p>Al grito de gobernadora y arropada por mujeres y hombres de Ixtlahuaca, la candidata aliancista dijo que en este municipio se ganar\u00e1 esta elecci\u00f3n porque \u201cva por los m\u00edos, va por suyos y va por nuestro Estado de M\u00e9xico\u201d.<\/p>\n\n\n\n<p>En su paso por el municipio de Jocotitl\u00e1n, estuvo acompa\u00f1ada por Gustavo C\u00e1rdenas, Eruviel Alonso, l\u00edder nacional de Movimiento Territorial (MT) y el diputado Omar Ortega del PRD.<\/p>\n\n\n\n<p>En San Felipe del Progreso, dijo que los valientes mexiquenses ser\u00e1n recordados por la historia como los que detuvieron la destrucci\u00f3n del pa\u00eds desde el Estado de M\u00e9xico.<\/p>\n\n\n\n<p>Este 20 de abril veremos que Alejandra Del Moral tiene el talento y el tama\u00f1o para demostrar que si est\u00e1 preparada para ser la gobernadora del Estado de M\u00e9xico, subray\u00f3 el l\u00edder nacional priista, Alito Moreno.<\/p>\n\n\n\n<figure class=\"wp-block-image size-large is-resized\"><img loading=\"lazy\" decoding=\"async\" src=\"https:\/\/expressometro.mx\/wp-content\/uploads\/2023\/04\/IMG-20230418-WA0002-640x480.jpg\" alt=\"\" class=\"wp-image-7018\" width=\"360\" height=\"270\" srcset=\"https:\/\/expressometro.mx\/wp-content\/uploads\/2023\/04\/IMG-20230418-WA0002-640x480.jpg 640w, https:\/\/expressometro.mx\/wp-content\/uploads\/2023\/04\/IMG-20230418-WA0002-487x365.jpg 487w, https:\/\/expressometro.mx\/wp-content\/uploads\/2023\/04\/IMG-20230418-WA0002-768x576.jpg 768w, https:\/\/expressometro.mx\/wp-content\/uploads\/2023\/04\/IMG-20230418-WA0002.jpg 1024w\" sizes=\"auto, (max-width: 360px) 100vw, 360px\" \/><\/figure>\n\n\n\n<figure class=\"wp-block-image size-large\"><img loading=\"lazy\" decoding=\"async\" width=\"640\" height=\"480\" src=\"https:\/\/expressometro.mx\/wp-content\/uploads\/2023\/04\/IMG-20230418-WA0000-640x480.jpg\" alt=\"\" class=\"wp-image-7019\" srcset=\"https:\/\/expressometro.mx\/wp-content\/uploads\/2023\/04\/IMG-20230418-WA0000-640x480.jpg 640w, https:\/\/expressometro.mx\/wp-content\/uploads\/2023\/04\/IMG-20230418-WA0000-487x365.jpg 487w, https:\/\/expressometro.mx\/wp-content\/uploads\/2023\/04\/IMG-20230418-WA0000-768x576.jpg 768w, https:\/\/expressometro.mx\/wp-content\/uploads\/2023\/04\/IMG-20230418-WA0000.jpg 1024w\" sizes=\"auto, (max-width: 640px) 100vw, 640px\" \/><\/figure>\n\n\n\n<figure class=\"wp-block-image size-large\"><img loading=\"lazy\" decoding=\"async\" width=\"640\" height=\"480\" src=\"https:\/\/expressometro.mx\/wp-content\/uploads\/2023\/04\/IMG-20230418-WA0001-640x480.jpg\" alt=\"\" class=\"wp-image-7020\" srcset=\"https:\/\/expressometro.mx\/wp-content\/uploads\/2023\/04\/IMG-20230418-WA0001-640x480.jpg 640w, https:\/\/expressometro.mx\/wp-content\/uploads\/2023\/04\/IMG-20230418-WA0001-487x365.jpg 487w, https:\/\/expressometro.mx\/wp-content\/uploads\/2023\/04\/IMG-20230418-WA0001-768x576.jpg 768w, https:\/\/expressometro.mx\/wp-content\/uploads\/2023\/04\/IMG-20230418-WA0001.jpg 1024w\" sizes=\"auto, (max-width: 640px) 100vw, 640px\" \/><\/figure>\n\n\n\n<figure class=\"wp-block-image size-large\"><img loading=\"lazy\" decoding=\"async\" width=\"720\" height=\"480\" src=\"https:\/\/expressometro.mx\/wp-content\/uploads\/2023\/04\/IMG-20230418-WA0003-720x480.jpg\" alt=\"\" class=\"wp-image-7021\" srcset=\"https:\/\/expressometro.mx\/wp-content\/uploads\/2023\/04\/IMG-20230418-WA0003-720x480.jpg 720w, https:\/\/expressometro.mx\/wp-content\/uploads\/2023\/04\/IMG-20230418-WA0003-548x365.jpg 548w, https:\/\/expressometro.mx\/wp-content\/uploads\/2023\/04\/IMG-20230418-WA0003-768x512.jpg 768w, https:\/\/expressometro.mx\/wp-content\/uploads\/2023\/04\/IMG-20230418-WA0003.jpg 1080w\" sizes=\"auto, (max-width: 720px) 100vw, 720px\" \/><\/figure>\n","protected":false},"excerpt":{"rendered":"<p>La candidata de la alianza Va por el Estado de M\u00e9xico, Alejandra del Moral Vela, recibi\u00f3 el arropo del miles de ciudadanos del norte mexiquense que respaldan su proyecto pol\u00edtico que expuso en municipios como San Jos\u00e9 del Rinc\u00f3n, El Oro, San Felipe del Progreso, Jocotitl\u00e1n e Ixtlahuaca. En una gira extraordinaria de corte municipal, m\u00e1s de 45 mil personas que simpatizan con la abanderada del PRI-PAN-PRD-Nueva Alianza se agolparon en las sedes donde recibieron el saludo, abrazo, atenci\u00f3n a sus peticiones y selfies de la candidata a gobernadora para&hellip;<\/p>\n","protected":false},"author":2,"featured_media":0,"comment_status":"open","ping_status":"open","sticky":false,"template":"","format":"standard","meta":{"footnotes":""},"categories":[1],"tags":[],"class_list":["post-7016","post","type-post","status-publish","format-standard","hentry","category-otros"],"yoast_head":"<!-- This site is optimized with the Yoast SEO plugin v27.5 - https:\/\/yoast.com\/product\/yoast-seo-wordpress\/ -->\n<title>TODO EL PODER POL\u00cdTICO DEL NORTE CON ALE DEL MORAL - Expresso Metropolitano<\/title>\n<meta name=\"robots\" content=\"index, follow, max-snippet:-1, max-image-preview:large, max-video-preview:-1\" \/>\n<link rel=\"canonical\" href=\"https:\/\/expressometro.mx\/index.php\/2023\/04\/18\/todo-el-poder-politico-del-norte-con-ale-del-moral\/\" \/>\n<meta property=\"og:locale\" content=\"es_MX\" \/>\n<meta property=\"og:type\" content=\"article\" \/>\n<meta property=\"og:title\" content=\"TODO EL PODER POL\u00cdTICO DEL NORTE CON ALE DEL MORAL - Expresso Metropolitano\" \/>\n<meta property=\"og:description\" content=\"La candidata de la alianza Va por el Estado de M\u00e9xico, Alejandra del Moral Vela, recibi\u00f3 el arropo del miles de ciudadanos del norte mexiquense que respaldan su proyecto pol\u00edtico que expuso en municipios como San Jos\u00e9 del Rinc\u00f3n, El Oro, San Felipe del Progreso, Jocotitl\u00e1n e Ixtlahuaca. En una gira extraordinaria de corte municipal, m\u00e1s de 45 mil personas que simpatizan con la abanderada del PRI-PAN-PRD-Nueva Alianza se agolparon en las sedes donde recibieron el saludo, abrazo, atenci\u00f3n a sus peticiones y selfies de la candidata a gobernadora para&hellip;\" \/>\n<meta property=\"og:url\" content=\"https:\/\/expressometro.mx\/index.php\/2023\/04\/18\/todo-el-poder-politico-del-norte-con-ale-del-moral\/\" \/>\n<meta property=\"og:site_name\" content=\"Expresso Metropolitano\" \/>\n<meta property=\"article:published_time\" content=\"2023-04-18T18:28:20+00:00\" \/>\n<meta property=\"article:modified_time\" content=\"2023-04-18T18:28:21+00:00\" \/>\n<meta property=\"og:image\" content=\"https:\/\/expressometro.mx\/wp-content\/uploads\/2023\/04\/IMG-20230418-WA0002-640x480.jpg\" \/>\n<meta name=\"author\" content=\"Cecilia Vega\" \/>\n<meta name=\"twitter:label1\" content=\"Escrito por\" \/>\n\t<meta name=\"twitter:data1\" content=\"Cecilia Vega\" \/>\n\t<meta name=\"twitter:label2\" content=\"Tiempo de lectura\" \/>\n\t<meta name=\"twitter:data2\" content=\"3 minutos\" \/>\n<script type=\"application\/ld+json\" class=\"yoast-schema-graph\">{\"@context\":\"https:\\\/\\\/schema.org\",\"@graph\":[{\"@type\":\"Article\",\"@id\":\"https:\\\/\\\/expressometro.mx\\\/index.php\\\/2023\\\/04\\\/18\\\/todo-el-poder-politico-del-norte-con-ale-del-moral\\\/#article\",\"isPartOf\":{\"@id\":\"https:\\\/\\\/expressometro.mx\\\/index.php\\\/2023\\\/04\\\/18\\\/todo-el-poder-politico-del-norte-con-ale-del-moral\\\/\"},\"author\":{\"name\":\"Cecilia Vega\",\"@id\":\"https:\\\/\\\/expressometro.mx\\\/#\\\/schema\\\/person\\\/67a95b8e3862085c7598f66237488f1f\"},\"headline\":\"TODO EL PODER POL\u00cdTICO DEL NORTE CON ALE DEL MORAL\",\"datePublished\":\"2023-04-18T18:28:20+00:00\",\"dateModified\":\"2023-04-18T18:28:21+00:00\",\"mainEntityOfPage\":{\"@id\":\"https:\\\/\\\/expressometro.mx\\\/index.php\\\/2023\\\/04\\\/18\\\/todo-el-poder-politico-del-norte-con-ale-del-moral\\\/\"},\"wordCount\":370,\"commentCount\":0,\"publisher\":{\"@id\":\"https:\\\/\\\/expressometro.mx\\\/#organization\"},\"image\":{\"@id\":\"https:\\\/\\\/expressometro.mx\\\/index.php\\\/2023\\\/04\\\/18\\\/todo-el-poder-politico-del-norte-con-ale-del-moral\\\/#primaryimage\"},\"thumbnailUrl\":\"https:\\\/\\\/expressometro.mx\\\/wp-content\\\/uploads\\\/2023\\\/04\\\/IMG-20230418-WA0002-640x480.jpg\",\"articleSection\":[\"Otros\"],\"inLanguage\":\"es\",\"potentialAction\":[{\"@type\":\"CommentAction\",\"name\":\"Comment\",\"target\":[\"https:\\\/\\\/expressometro.mx\\\/index.php\\\/2023\\\/04\\\/18\\\/todo-el-poder-politico-del-norte-con-ale-del-moral\\\/#respond\"]}]},{\"@type\":\"WebPage\",\"@id\":\"https:\\\/\\\/expressometro.mx\\\/index.php\\\/2023\\\/04\\\/18\\\/todo-el-poder-politico-del-norte-con-ale-del-moral\\\/\",\"url\":\"https:\\\/\\\/expressometro.mx\\\/index.php\\\/2023\\\/04\\\/18\\\/todo-el-poder-politico-del-norte-con-ale-del-moral\\\/\",\"name\":\"TODO EL PODER POL\u00cdTICO DEL NORTE CON ALE DEL MORAL - Expresso Metropolitano\",\"isPartOf\":{\"@id\":\"https:\\\/\\\/expressometro.mx\\\/#website\"},\"primaryImageOfPage\":{\"@id\":\"https:\\\/\\\/expressometro.mx\\\/index.php\\\/2023\\\/04\\\/18\\\/todo-el-poder-politico-del-norte-con-ale-del-moral\\\/#primaryimage\"},\"image\":{\"@id\":\"https:\\\/\\\/expressometro.mx\\\/index.php\\\/2023\\\/04\\\/18\\\/todo-el-poder-politico-del-norte-con-ale-del-moral\\\/#primaryimage\"},\"thumbnailUrl\":\"https:\\\/\\\/expressometro.mx\\\/wp-content\\\/uploads\\\/2023\\\/04\\\/IMG-20230418-WA0002-640x480.jpg\",\"datePublished\":\"2023-04-18T18:28:20+00:00\",\"dateModified\":\"2023-04-18T18:28:21+00:00\",\"breadcrumb\":{\"@id\":\"https:\\\/\\\/expressometro.mx\\\/index.php\\\/2023\\\/04\\\/18\\\/todo-el-poder-politico-del-norte-con-ale-del-moral\\\/#breadcrumb\"},\"inLanguage\":\"es\",\"potentialAction\":[{\"@type\":\"ReadAction\",\"target\":[\"https:\\\/\\\/expressometro.mx\\\/index.php\\\/2023\\\/04\\\/18\\\/todo-el-poder-politico-del-norte-con-ale-del-moral\\\/\"]}]},{\"@type\":\"ImageObject\",\"inLanguage\":\"es\",\"@id\":\"https:\\\/\\\/expressometro.mx\\\/index.php\\\/2023\\\/04\\\/18\\\/todo-el-poder-politico-del-norte-con-ale-del-moral\\\/#primaryimage\",\"url\":\"https:\\\/\\\/expressometro.mx\\\/wp-content\\\/uploads\\\/2023\\\/04\\\/IMG-20230418-WA0002-640x480.jpg\",\"contentUrl\":\"https:\\\/\\\/expressometro.mx\\\/wp-content\\\/uploads\\\/2023\\\/04\\\/IMG-20230418-WA0002-640x480.jpg\"},{\"@type\":\"BreadcrumbList\",\"@id\":\"https:\\\/\\\/expressometro.mx\\\/index.php\\\/2023\\\/04\\\/18\\\/todo-el-poder-politico-del-norte-con-ale-del-moral\\\/#breadcrumb\",\"itemListElement\":[{\"@type\":\"ListItem\",\"position\":1,\"name\":\"Inicio\",\"item\":\"https:\\\/\\\/expressometro.mx\\\/\"},{\"@type\":\"ListItem\",\"position\":2,\"name\":\"TODO EL PODER POL\u00cdTICO DEL NORTE CON ALE DEL MORAL\"}]},{\"@type\":\"WebSite\",\"@id\":\"https:\\\/\\\/expressometro.mx\\\/#website\",\"url\":\"https:\\\/\\\/expressometro.mx\\\/\",\"name\":\"Expresso Metropolitano\",\"description\":\"Periodismo comprometido, informaci\u00f3n, investigaci\u00f3n y an\u00e1lisis\",\"publisher\":{\"@id\":\"https:\\\/\\\/expressometro.mx\\\/#organization\"},\"potentialAction\":[{\"@type\":\"SearchAction\",\"target\":{\"@type\":\"EntryPoint\",\"urlTemplate\":\"https:\\\/\\\/expressometro.mx\\\/?s={search_term_string}\"},\"query-input\":{\"@type\":\"PropertyValueSpecification\",\"valueRequired\":true,\"valueName\":\"search_term_string\"}}],\"inLanguage\":\"es\"},{\"@type\":\"Organization\",\"@id\":\"https:\\\/\\\/expressometro.mx\\\/#organization\",\"name\":\"Expresso Metropolitano\",\"url\":\"https:\\\/\\\/expressometro.mx\\\/\",\"logo\":{\"@type\":\"ImageObject\",\"inLanguage\":\"es\",\"@id\":\"https:\\\/\\\/expressometro.mx\\\/#\\\/schema\\\/logo\\\/image\\\/\",\"url\":\"https:\\\/\\\/expressometro.mx\\\/wp-content\\\/uploads\\\/2019\\\/07\\\/cropped-Logo-Expresso-Metropolitano-1-1.jpeg\",\"contentUrl\":\"https:\\\/\\\/expressometro.mx\\\/wp-content\\\/uploads\\\/2019\\\/07\\\/cropped-Logo-Expresso-Metropolitano-1-1.jpeg\",\"width\":290,\"height\":73,\"caption\":\"Expresso Metropolitano\"},\"image\":{\"@id\":\"https:\\\/\\\/expressometro.mx\\\/#\\\/schema\\\/logo\\\/image\\\/\"}},{\"@type\":\"Person\",\"@id\":\"https:\\\/\\\/expressometro.mx\\\/#\\\/schema\\\/person\\\/67a95b8e3862085c7598f66237488f1f\",\"name\":\"Cecilia Vega\",\"image\":{\"@type\":\"ImageObject\",\"inLanguage\":\"es\",\"@id\":\"https:\\\/\\\/secure.gravatar.com\\\/avatar\\\/13aae9944ab2ee472a9e407c9487fdbd03b049abaa559af32fe5dbcf615c981b?s=96&d=mm&r=g\",\"url\":\"https:\\\/\\\/secure.gravatar.com\\\/avatar\\\/13aae9944ab2ee472a9e407c9487fdbd03b049abaa559af32fe5dbcf615c981b?s=96&d=mm&r=g\",\"contentUrl\":\"https:\\\/\\\/secure.gravatar.com\\\/avatar\\\/13aae9944ab2ee472a9e407c9487fdbd03b049abaa559af32fe5dbcf615c981b?s=96&d=mm&r=g\",\"caption\":\"Cecilia Vega\"},\"url\":\"https:\\\/\\\/expressometro.mx\\\/index.php\\\/author\\\/cecilia-vega\\\/\"}]}<\/script>\n<!-- \/ Yoast SEO plugin. -->","yoast_head_json":{"title":"TODO EL PODER POL\u00cdTICO DEL NORTE CON ALE DEL MORAL - Expresso Metropolitano","robots":{"index":"index","follow":"follow","max-snippet":"max-snippet:-1","max-image-preview":"max-image-preview:large","max-video-preview":"max-video-preview:-1"},"canonical":"https:\/\/expressometro.mx\/index.php\/2023\/04\/18\/todo-el-poder-politico-del-norte-con-ale-del-moral\/","og_locale":"es_MX","og_type":"article","og_title":"TODO EL PODER POL\u00cdTICO DEL NORTE CON ALE DEL MORAL - Expresso Metropolitano","og_description":"La candidata de la alianza Va por el Estado de M\u00e9xico, Alejandra del Moral Vela, recibi\u00f3 el arropo del miles de ciudadanos del norte mexiquense que respaldan su proyecto pol\u00edtico que expuso en municipios como San Jos\u00e9 del Rinc\u00f3n, El Oro, San Felipe del Progreso, Jocotitl\u00e1n e Ixtlahuaca. En una gira extraordinaria de corte municipal, m\u00e1s de 45 mil personas que simpatizan con la abanderada del PRI-PAN-PRD-Nueva Alianza se agolparon en las sedes donde recibieron el saludo, abrazo, atenci\u00f3n a sus peticiones y selfies de la candidata a gobernadora para&hellip;","og_url":"https:\/\/expressometro.mx\/index.php\/2023\/04\/18\/todo-el-poder-politico-del-norte-con-ale-del-moral\/","og_site_name":"Expresso Metropolitano","article_published_time":"2023-04-18T18:28:20+00:00","article_modified_time":"2023-04-18T18:28:21+00:00","og_image":[{"url":"https:\/\/expressometro.mx\/wp-content\/uploads\/2023\/04\/IMG-20230418-WA0002-640x480.jpg","type":"","width":"","height":""}],"author":"Cecilia Vega","twitter_misc":{"Escrito por":"Cecilia Vega","Tiempo de lectura":"3 minutos"},"schema":{"@context":"https:\/\/schema.org","@graph":[{"@type":"Article","@id":"https:\/\/expressometro.mx\/index.php\/2023\/04\/18\/todo-el-poder-politico-del-norte-con-ale-del-moral\/#article","isPartOf":{"@id":"https:\/\/expressometro.mx\/index.php\/2023\/04\/18\/todo-el-poder-politico-del-norte-con-ale-del-moral\/"},"author":{"name":"Cecilia Vega","@id":"https:\/\/expressometro.mx\/#\/schema\/person\/67a95b8e3862085c7598f66237488f1f"},"headline":"TODO EL PODER POL\u00cdTICO DEL NORTE CON ALE DEL MORAL","datePublished":"2023-04-18T18:28:20+00:00","dateModified":"2023-04-18T18:28:21+00:00","mainEntityOfPage":{"@id":"https:\/\/expressometro.mx\/index.php\/2023\/04\/18\/todo-el-poder-politico-del-norte-con-ale-del-moral\/"},"wordCount":370,"commentCount":0,"publisher":{"@id":"https:\/\/expressometro.mx\/#organization"},"image":{"@id":"https:\/\/expressometro.mx\/index.php\/2023\/04\/18\/todo-el-poder-politico-del-norte-con-ale-del-moral\/#primaryimage"},"thumbnailUrl":"https:\/\/expressometro.mx\/wp-content\/uploads\/2023\/04\/IMG-20230418-WA0002-640x480.jpg","articleSection":["Otros"],"inLanguage":"es","potentialAction":[{"@type":"CommentAction","name":"Comment","target":["https:\/\/expressometro.mx\/index.php\/2023\/04\/18\/todo-el-poder-politico-del-norte-con-ale-del-moral\/#respond"]}]},{"@type":"WebPage","@id":"https:\/\/expressometro.mx\/index.php\/2023\/04\/18\/todo-el-poder-politico-del-norte-con-ale-del-moral\/","url":"https:\/\/expressometro.mx\/index.php\/2023\/04\/18\/todo-el-poder-politico-del-norte-con-ale-del-moral\/","name":"TODO EL PODER POL\u00cdTICO DEL NORTE CON ALE DEL MORAL - Expresso Metropolitano","isPartOf":{"@id":"https:\/\/expressometro.mx\/#website"},"primaryImageOfPage":{"@id":"https:\/\/expressometro.mx\/index.php\/2023\/04\/18\/todo-el-poder-politico-del-norte-con-ale-del-moral\/#primaryimage"},"image":{"@id":"https:\/\/expressometro.mx\/index.php\/2023\/04\/18\/todo-el-poder-politico-del-norte-con-ale-del-moral\/#primaryimage"},"thumbnailUrl":"https:\/\/expressometro.mx\/wp-content\/uploads\/2023\/04\/IMG-20230418-WA0002-640x480.jpg","datePublished":"2023-04-18T18:28:20+00:00","dateModified":"2023-04-18T18:28:21+00:00","breadcrumb":{"@id":"https:\/\/expressometro.mx\/index.php\/2023\/04\/18\/todo-el-poder-politico-del-norte-con-ale-del-moral\/#breadcrumb"},"inLanguage":"es","potentialAction":[{"@type":"ReadAction","target":["https:\/\/expressometro.mx\/index.php\/2023\/04\/18\/todo-el-poder-politico-del-norte-con-ale-del-moral\/"]}]},{"@type":"ImageObject","inLanguage":"es","@id":"https:\/\/expressometro.mx\/index.php\/2023\/04\/18\/todo-el-poder-politico-del-norte-con-ale-del-moral\/#primaryimage","url":"https:\/\/expressometro.mx\/wp-content\/uploads\/2023\/04\/IMG-20230418-WA0002-640x480.jpg","contentUrl":"https:\/\/expressometro.mx\/wp-content\/uploads\/2023\/04\/IMG-20230418-WA0002-640x480.jpg"},{"@type":"BreadcrumbList","@id":"https:\/\/expressometro.mx\/index.php\/2023\/04\/18\/todo-el-poder-politico-del-norte-con-ale-del-moral\/#breadcrumb","itemListElement":[{"@type":"ListItem","position":1,"name":"Inicio","item":"https:\/\/expressometro.mx\/"},{"@type":"ListItem","position":2,"name":"TODO EL PODER POL\u00cdTICO DEL NORTE CON ALE DEL MORAL"}]},{"@type":"WebSite","@id":"https:\/\/expressometro.mx\/#website","url":"https:\/\/expressometro.mx\/","name":"Expresso Metropolitano","description":"Periodismo comprometido, informaci\u00f3n, investigaci\u00f3n y an\u00e1lisis","publisher":{"@id":"https:\/\/expressometro.mx\/#organization"},"potentialAction":[{"@type":"SearchAction","target":{"@type":"EntryPoint","urlTemplate":"https:\/\/expressometro.mx\/?s={search_term_string}"},"query-input":{"@type":"PropertyValueSpecification","valueRequired":true,"valueName":"search_term_string"}}],"inLanguage":"es"},{"@type":"Organization","@id":"https:\/\/expressometro.mx\/#organization","name":"Expresso Metropolitano","url":"https:\/\/expressometro.mx\/","logo":{"@type":"ImageObject","inLanguage":"es","@id":"https:\/\/expressometro.mx\/#\/schema\/logo\/image\/","url":"https:\/\/expressometro.mx\/wp-content\/uploads\/2019\/07\/cropped-Logo-Expresso-Metropolitano-1-1.jpeg","contentUrl":"https:\/\/expressometro.mx\/wp-content\/uploads\/2019\/07\/cropped-Logo-Expresso-Metropolitano-1-1.jpeg","width":290,"height":73,"caption":"Expresso Metropolitano"},"image":{"@id":"https:\/\/expressometro.mx\/#\/schema\/logo\/image\/"}},{"@type":"Person","@id":"https:\/\/expressometro.mx\/#\/schema\/person\/67a95b8e3862085c7598f66237488f1f","name":"Cecilia Vega","image":{"@type":"ImageObject","inLanguage":"es","@id":"https:\/\/secure.gravatar.com\/avatar\/13aae9944ab2ee472a9e407c9487fdbd03b049abaa559af32fe5dbcf615c981b?s=96&d=mm&r=g","url":"https:\/\/secure.gravatar.com\/avatar\/13aae9944ab2ee472a9e407c9487fdbd03b049abaa559af32fe5dbcf615c981b?s=96&d=mm&r=g","contentUrl":"https:\/\/secure.gravatar.com\/avatar\/13aae9944ab2ee472a9e407c9487fdbd03b049abaa559af32fe5dbcf615c981b?s=96&d=mm&r=g","caption":"Cecilia Vega"},"url":"https:\/\/expressometro.mx\/index.php\/author\/cecilia-vega\/"}]}},"amp_enabled":true,"_links":{"self":[{"href":"https:\/\/expressometro.mx\/index.php\/wp-json\/wp\/v2\/posts\/7016","targetHints":{"allow":["GET"]}}],"collection":[{"href":"https:\/\/expressometro.mx\/index.php\/wp-json\/wp\/v2\/posts"}],"about":[{"href":"https:\/\/expressometro.mx\/index.php\/wp-json\/wp\/v2\/types\/post"}],"author":[{"embeddable":true,"href":"https:\/\/expressometro.mx\/index.php\/wp-json\/wp\/v2\/users\/2"}],"replies":[{"embeddable":true,"href":"https:\/\/expressometro.mx\/index.php\/wp-json\/wp\/v2\/comments?post=7016"}],"version-history":[{"count":1,"href":"https:\/\/expressometro.mx\/index.php\/wp-json\/wp\/v2\/posts\/7016\/revisions"}],"predecessor-version":[{"id":7022,"href":"https:\/\/expressometro.mx\/index.php\/wp-json\/wp\/v2\/posts\/7016\/revisions\/7022"}],"wp:attachment":[{"href":"https:\/\/expressometro.mx\/index.php\/wp-json\/wp\/v2\/media?parent=7016"}],"wp:term":[{"taxonomy":"category","embeddable":true,"href":"https:\/\/expressometro.mx\/index.php\/wp-json\/wp\/v2\/categories?post=7016"},{"taxonomy":"post_tag","embeddable":true,"href":"https:\/\/expressometro.mx\/index.php\/wp-json\/wp\/v2\/tags?post=7016"}],"curies":[{"name":"wp","href":"https:\/\/api.w.org\/{rel}","templated":true}]}}