{"id":7009,"date":"2023-03-27T15:47:34","date_gmt":"2023-03-27T21:47:34","guid":{"rendered":"https:\/\/expressometro.mx\/?p=7009"},"modified":"2023-04-10T15:48:47","modified_gmt":"2023-04-10T20:48:47","slug":"listo-el-priismo-mexiquense-para-la-campana-electoral","status":"publish","type":"post","link":"https:\/\/expressometro.mx\/index.php\/2023\/03\/27\/listo-el-priismo-mexiquense-para-la-campana-electoral\/","title":{"rendered":"LISTO EL PRIISMO MEXIQUENSE PARA LA CAMPA\u00d1A ELECTORAL"},"content":{"rendered":"\n<p>El Diputado Federal Gustavo C\u00e1rdenas Monroy asisti\u00f3 a la reuni\u00f3n con estructuras del pri\u00edsmo mexiquense que entrar\u00e1 en campa\u00f1a electoral a partir del pr\u00f3ximo 3 de abril, acto que fue encabezado por la Precandidata Electa Alejandra del Moral en la sede del PRI mexiquense. <\/p>\n\n\n\n<p> En la reuni\u00f3n se percibi\u00f3 el \u00e1nimo elevado para empezar de lleno con las actividades que tienen asignadas cada uno de los coordinadores regionales y territoriales del equipo de campa\u00f1a que est\u00e1 dispuesto a defender el Estado de M\u00e9xico.  <\/p>\n\n\n\n<p>Con la toma de protesta en el evento interno se declararon listos para la batalla que culminar\u00e1 con la renovaci\u00f3n de la gubernatura el pr\u00f3ximo 4 de junio.<\/p>\n\n\n\n<p><img decoding=\"async\" width=\"150\" height=\"100\" class=\"wp-image-7010\" style=\"width: 150px;\" src=\"http:\/\/expressometro.mx\/wp-content\/uploads\/2023\/04\/IMG-20230410-WA0023.jpg\" alt=\"\" srcset=\"https:\/\/expressometro.mx\/wp-content\/uploads\/2023\/04\/IMG-20230410-WA0023.jpg 1599w, https:\/\/expressometro.mx\/wp-content\/uploads\/2023\/04\/IMG-20230410-WA0023-548x365.jpg 548w, https:\/\/expressometro.mx\/wp-content\/uploads\/2023\/04\/IMG-20230410-WA0023-720x480.jpg 720w, https:\/\/expressometro.mx\/wp-content\/uploads\/2023\/04\/IMG-20230410-WA0023-768x512.jpg 768w, https:\/\/expressometro.mx\/wp-content\/uploads\/2023\/04\/IMG-20230410-WA0023-1536x1024.jpg 1536w\" sizes=\"(max-width: 150px) 100vw, 150px\" \/><\/p>\n","protected":false},"excerpt":{"rendered":"<p>El Diputado Federal Gustavo C\u00e1rdenas Monroy asisti\u00f3 a la reuni\u00f3n con estructuras del pri\u00edsmo mexiquense que entrar\u00e1 en campa\u00f1a electoral a partir del pr\u00f3ximo 3 de abril, acto que fue encabezado por la Precandidata Electa Alejandra del Moral en la sede del PRI mexiquense. En la reuni\u00f3n se percibi\u00f3 el \u00e1nimo elevado para empezar de lleno con las actividades que tienen asignadas cada uno de los coordinadores regionales y territoriales del equipo de campa\u00f1a que est\u00e1 dispuesto a defender el Estado de M\u00e9xico. Con la toma de protesta en el&hellip;<\/p>\n","protected":false},"author":2,"featured_media":0,"comment_status":"open","ping_status":"open","sticky":false,"template":"","format":"standard","meta":{"footnotes":""},"categories":[1],"tags":[],"class_list":["post-7009","post","type-post","status-publish","format-standard","hentry","category-otros"],"yoast_head":"<!-- This site is optimized with the Yoast SEO plugin v27.5 - https:\/\/yoast.com\/product\/yoast-seo-wordpress\/ -->\n<title>LISTO EL PRIISMO MEXIQUENSE PARA LA CAMPA\u00d1A ELECTORAL - Expresso Metropolitano<\/title>\n<meta name=\"robots\" content=\"index, follow, max-snippet:-1, max-image-preview:large, max-video-preview:-1\" \/>\n<link rel=\"canonical\" href=\"https:\/\/expressometro.mx\/index.php\/2023\/03\/27\/listo-el-priismo-mexiquense-para-la-campana-electoral\/\" \/>\n<meta property=\"og:locale\" content=\"es_MX\" \/>\n<meta property=\"og:type\" content=\"article\" \/>\n<meta property=\"og:title\" content=\"LISTO EL PRIISMO MEXIQUENSE PARA LA CAMPA\u00d1A ELECTORAL - Expresso Metropolitano\" \/>\n<meta property=\"og:description\" content=\"El Diputado Federal Gustavo C\u00e1rdenas Monroy asisti\u00f3 a la reuni\u00f3n con estructuras del pri\u00edsmo mexiquense que entrar\u00e1 en campa\u00f1a electoral a partir del pr\u00f3ximo 3 de abril, acto que fue encabezado por la Precandidata Electa Alejandra del Moral en la sede del PRI mexiquense. En la reuni\u00f3n se percibi\u00f3 el \u00e1nimo elevado para empezar de lleno con las actividades que tienen asignadas cada uno de los coordinadores regionales y territoriales del equipo de campa\u00f1a que est\u00e1 dispuesto a defender el Estado de M\u00e9xico. Con la toma de protesta en el&hellip;\" \/>\n<meta property=\"og:url\" content=\"https:\/\/expressometro.mx\/index.php\/2023\/03\/27\/listo-el-priismo-mexiquense-para-la-campana-electoral\/\" \/>\n<meta property=\"og:site_name\" content=\"Expresso Metropolitano\" \/>\n<meta property=\"article:published_time\" content=\"2023-03-27T21:47:34+00:00\" \/>\n<meta property=\"article:modified_time\" content=\"2023-04-10T20:48:47+00:00\" \/>\n<meta property=\"og:image\" content=\"http:\/\/expressometro.mx\/wp-content\/uploads\/2023\/04\/IMG-20230410-WA0023.jpg\" \/>\n<meta name=\"author\" content=\"Cecilia Vega\" \/>\n<meta name=\"twitter:label1\" content=\"Escrito por\" \/>\n\t<meta name=\"twitter:data1\" content=\"Cecilia Vega\" \/>\n\t<meta name=\"twitter:label2\" content=\"Tiempo de lectura\" \/>\n\t<meta name=\"twitter:data2\" content=\"1 minuto\" \/>\n<script type=\"application\/ld+json\" class=\"yoast-schema-graph\">{\"@context\":\"https:\\\/\\\/schema.org\",\"@graph\":[{\"@type\":\"Article\",\"@id\":\"https:\\\/\\\/expressometro.mx\\\/index.php\\\/2023\\\/03\\\/27\\\/listo-el-priismo-mexiquense-para-la-campana-electoral\\\/#article\",\"isPartOf\":{\"@id\":\"https:\\\/\\\/expressometro.mx\\\/index.php\\\/2023\\\/03\\\/27\\\/listo-el-priismo-mexiquense-para-la-campana-electoral\\\/\"},\"author\":{\"name\":\"Cecilia Vega\",\"@id\":\"https:\\\/\\\/expressometro.mx\\\/#\\\/schema\\\/person\\\/67a95b8e3862085c7598f66237488f1f\"},\"headline\":\"LISTO EL PRIISMO MEXIQUENSE PARA LA CAMPA\u00d1A ELECTORAL\",\"datePublished\":\"2023-03-27T21:47:34+00:00\",\"dateModified\":\"2023-04-10T20:48:47+00:00\",\"mainEntityOfPage\":{\"@id\":\"https:\\\/\\\/expressometro.mx\\\/index.php\\\/2023\\\/03\\\/27\\\/listo-el-priismo-mexiquense-para-la-campana-electoral\\\/\"},\"wordCount\":128,\"commentCount\":0,\"publisher\":{\"@id\":\"https:\\\/\\\/expressometro.mx\\\/#organization\"},\"image\":{\"@id\":\"https:\\\/\\\/expressometro.mx\\\/index.php\\\/2023\\\/03\\\/27\\\/listo-el-priismo-mexiquense-para-la-campana-electoral\\\/#primaryimage\"},\"thumbnailUrl\":\"http:\\\/\\\/expressometro.mx\\\/wp-content\\\/uploads\\\/2023\\\/04\\\/IMG-20230410-WA0023.jpg\",\"articleSection\":[\"Otros\"],\"inLanguage\":\"es\",\"potentialAction\":[{\"@type\":\"CommentAction\",\"name\":\"Comment\",\"target\":[\"https:\\\/\\\/expressometro.mx\\\/index.php\\\/2023\\\/03\\\/27\\\/listo-el-priismo-mexiquense-para-la-campana-electoral\\\/#respond\"]}]},{\"@type\":\"WebPage\",\"@id\":\"https:\\\/\\\/expressometro.mx\\\/index.php\\\/2023\\\/03\\\/27\\\/listo-el-priismo-mexiquense-para-la-campana-electoral\\\/\",\"url\":\"https:\\\/\\\/expressometro.mx\\\/index.php\\\/2023\\\/03\\\/27\\\/listo-el-priismo-mexiquense-para-la-campana-electoral\\\/\",\"name\":\"LISTO EL PRIISMO MEXIQUENSE PARA LA CAMPA\u00d1A ELECTORAL - Expresso Metropolitano\",\"isPartOf\":{\"@id\":\"https:\\\/\\\/expressometro.mx\\\/#website\"},\"primaryImageOfPage\":{\"@id\":\"https:\\\/\\\/expressometro.mx\\\/index.php\\\/2023\\\/03\\\/27\\\/listo-el-priismo-mexiquense-para-la-campana-electoral\\\/#primaryimage\"},\"image\":{\"@id\":\"https:\\\/\\\/expressometro.mx\\\/index.php\\\/2023\\\/03\\\/27\\\/listo-el-priismo-mexiquense-para-la-campana-electoral\\\/#primaryimage\"},\"thumbnailUrl\":\"http:\\\/\\\/expressometro.mx\\\/wp-content\\\/uploads\\\/2023\\\/04\\\/IMG-20230410-WA0023.jpg\",\"datePublished\":\"2023-03-27T21:47:34+00:00\",\"dateModified\":\"2023-04-10T20:48:47+00:00\",\"breadcrumb\":{\"@id\":\"https:\\\/\\\/expressometro.mx\\\/index.php\\\/2023\\\/03\\\/27\\\/listo-el-priismo-mexiquense-para-la-campana-electoral\\\/#breadcrumb\"},\"inLanguage\":\"es\",\"potentialAction\":[{\"@type\":\"ReadAction\",\"target\":[\"https:\\\/\\\/expressometro.mx\\\/index.php\\\/2023\\\/03\\\/27\\\/listo-el-priismo-mexiquense-para-la-campana-electoral\\\/\"]}]},{\"@type\":\"ImageObject\",\"inLanguage\":\"es\",\"@id\":\"https:\\\/\\\/expressometro.mx\\\/index.php\\\/2023\\\/03\\\/27\\\/listo-el-priismo-mexiquense-para-la-campana-electoral\\\/#primaryimage\",\"url\":\"https:\\\/\\\/expressometro.mx\\\/wp-content\\\/uploads\\\/2023\\\/04\\\/IMG-20230410-WA0023.jpg\",\"contentUrl\":\"https:\\\/\\\/expressometro.mx\\\/wp-content\\\/uploads\\\/2023\\\/04\\\/IMG-20230410-WA0023.jpg\",\"width\":1599,\"height\":1066},{\"@type\":\"BreadcrumbList\",\"@id\":\"https:\\\/\\\/expressometro.mx\\\/index.php\\\/2023\\\/03\\\/27\\\/listo-el-priismo-mexiquense-para-la-campana-electoral\\\/#breadcrumb\",\"itemListElement\":[{\"@type\":\"ListItem\",\"position\":1,\"name\":\"Inicio\",\"item\":\"https:\\\/\\\/expressometro.mx\\\/\"},{\"@type\":\"ListItem\",\"position\":2,\"name\":\"LISTO EL PRIISMO MEXIQUENSE PARA LA CAMPA\u00d1A ELECTORAL\"}]},{\"@type\":\"WebSite\",\"@id\":\"https:\\\/\\\/expressometro.mx\\\/#website\",\"url\":\"https:\\\/\\\/expressometro.mx\\\/\",\"name\":\"Expresso Metropolitano\",\"description\":\"Periodismo comprometido, informaci\u00f3n, investigaci\u00f3n y an\u00e1lisis\",\"publisher\":{\"@id\":\"https:\\\/\\\/expressometro.mx\\\/#organization\"},\"potentialAction\":[{\"@type\":\"SearchAction\",\"target\":{\"@type\":\"EntryPoint\",\"urlTemplate\":\"https:\\\/\\\/expressometro.mx\\\/?s={search_term_string}\"},\"query-input\":{\"@type\":\"PropertyValueSpecification\",\"valueRequired\":true,\"valueName\":\"search_term_string\"}}],\"inLanguage\":\"es\"},{\"@type\":\"Organization\",\"@id\":\"https:\\\/\\\/expressometro.mx\\\/#organization\",\"name\":\"Expresso Metropolitano\",\"url\":\"https:\\\/\\\/expressometro.mx\\\/\",\"logo\":{\"@type\":\"ImageObject\",\"inLanguage\":\"es\",\"@id\":\"https:\\\/\\\/expressometro.mx\\\/#\\\/schema\\\/logo\\\/image\\\/\",\"url\":\"https:\\\/\\\/expressometro.mx\\\/wp-content\\\/uploads\\\/2019\\\/07\\\/cropped-Logo-Expresso-Metropolitano-1-1.jpeg\",\"contentUrl\":\"https:\\\/\\\/expressometro.mx\\\/wp-content\\\/uploads\\\/2019\\\/07\\\/cropped-Logo-Expresso-Metropolitano-1-1.jpeg\",\"width\":290,\"height\":73,\"caption\":\"Expresso Metropolitano\"},\"image\":{\"@id\":\"https:\\\/\\\/expressometro.mx\\\/#\\\/schema\\\/logo\\\/image\\\/\"}},{\"@type\":\"Person\",\"@id\":\"https:\\\/\\\/expressometro.mx\\\/#\\\/schema\\\/person\\\/67a95b8e3862085c7598f66237488f1f\",\"name\":\"Cecilia Vega\",\"image\":{\"@type\":\"ImageObject\",\"inLanguage\":\"es\",\"@id\":\"https:\\\/\\\/secure.gravatar.com\\\/avatar\\\/13aae9944ab2ee472a9e407c9487fdbd03b049abaa559af32fe5dbcf615c981b?s=96&d=mm&r=g\",\"url\":\"https:\\\/\\\/secure.gravatar.com\\\/avatar\\\/13aae9944ab2ee472a9e407c9487fdbd03b049abaa559af32fe5dbcf615c981b?s=96&d=mm&r=g\",\"contentUrl\":\"https:\\\/\\\/secure.gravatar.com\\\/avatar\\\/13aae9944ab2ee472a9e407c9487fdbd03b049abaa559af32fe5dbcf615c981b?s=96&d=mm&r=g\",\"caption\":\"Cecilia Vega\"},\"url\":\"https:\\\/\\\/expressometro.mx\\\/index.php\\\/author\\\/cecilia-vega\\\/\"}]}<\/script>\n<!-- \/ Yoast SEO plugin. -->","yoast_head_json":{"title":"LISTO EL PRIISMO MEXIQUENSE PARA LA CAMPA\u00d1A ELECTORAL - Expresso Metropolitano","robots":{"index":"index","follow":"follow","max-snippet":"max-snippet:-1","max-image-preview":"max-image-preview:large","max-video-preview":"max-video-preview:-1"},"canonical":"https:\/\/expressometro.mx\/index.php\/2023\/03\/27\/listo-el-priismo-mexiquense-para-la-campana-electoral\/","og_locale":"es_MX","og_type":"article","og_title":"LISTO EL PRIISMO MEXIQUENSE PARA LA CAMPA\u00d1A ELECTORAL - Expresso Metropolitano","og_description":"El Diputado Federal Gustavo C\u00e1rdenas Monroy asisti\u00f3 a la reuni\u00f3n con estructuras del pri\u00edsmo mexiquense que entrar\u00e1 en campa\u00f1a electoral a partir del pr\u00f3ximo 3 de abril, acto que fue encabezado por la Precandidata Electa Alejandra del Moral en la sede del PRI mexiquense. En la reuni\u00f3n se percibi\u00f3 el \u00e1nimo elevado para empezar de lleno con las actividades que tienen asignadas cada uno de los coordinadores regionales y territoriales del equipo de campa\u00f1a que est\u00e1 dispuesto a defender el Estado de M\u00e9xico. Con la toma de protesta en el&hellip;","og_url":"https:\/\/expressometro.mx\/index.php\/2023\/03\/27\/listo-el-priismo-mexiquense-para-la-campana-electoral\/","og_site_name":"Expresso Metropolitano","article_published_time":"2023-03-27T21:47:34+00:00","article_modified_time":"2023-04-10T20:48:47+00:00","og_image":[{"url":"http:\/\/expressometro.mx\/wp-content\/uploads\/2023\/04\/IMG-20230410-WA0023.jpg","type":"","width":"","height":""}],"author":"Cecilia Vega","twitter_misc":{"Escrito por":"Cecilia Vega","Tiempo de lectura":"1 minuto"},"schema":{"@context":"https:\/\/schema.org","@graph":[{"@type":"Article","@id":"https:\/\/expressometro.mx\/index.php\/2023\/03\/27\/listo-el-priismo-mexiquense-para-la-campana-electoral\/#article","isPartOf":{"@id":"https:\/\/expressometro.mx\/index.php\/2023\/03\/27\/listo-el-priismo-mexiquense-para-la-campana-electoral\/"},"author":{"name":"Cecilia Vega","@id":"https:\/\/expressometro.mx\/#\/schema\/person\/67a95b8e3862085c7598f66237488f1f"},"headline":"LISTO EL PRIISMO MEXIQUENSE PARA LA CAMPA\u00d1A ELECTORAL","datePublished":"2023-03-27T21:47:34+00:00","dateModified":"2023-04-10T20:48:47+00:00","mainEntityOfPage":{"@id":"https:\/\/expressometro.mx\/index.php\/2023\/03\/27\/listo-el-priismo-mexiquense-para-la-campana-electoral\/"},"wordCount":128,"commentCount":0,"publisher":{"@id":"https:\/\/expressometro.mx\/#organization"},"image":{"@id":"https:\/\/expressometro.mx\/index.php\/2023\/03\/27\/listo-el-priismo-mexiquense-para-la-campana-electoral\/#primaryimage"},"thumbnailUrl":"http:\/\/expressometro.mx\/wp-content\/uploads\/2023\/04\/IMG-20230410-WA0023.jpg","articleSection":["Otros"],"inLanguage":"es","potentialAction":[{"@type":"CommentAction","name":"Comment","target":["https:\/\/expressometro.mx\/index.php\/2023\/03\/27\/listo-el-priismo-mexiquense-para-la-campana-electoral\/#respond"]}]},{"@type":"WebPage","@id":"https:\/\/expressometro.mx\/index.php\/2023\/03\/27\/listo-el-priismo-mexiquense-para-la-campana-electoral\/","url":"https:\/\/expressometro.mx\/index.php\/2023\/03\/27\/listo-el-priismo-mexiquense-para-la-campana-electoral\/","name":"LISTO EL PRIISMO MEXIQUENSE PARA LA CAMPA\u00d1A ELECTORAL - Expresso Metropolitano","isPartOf":{"@id":"https:\/\/expressometro.mx\/#website"},"primaryImageOfPage":{"@id":"https:\/\/expressometro.mx\/index.php\/2023\/03\/27\/listo-el-priismo-mexiquense-para-la-campana-electoral\/#primaryimage"},"image":{"@id":"https:\/\/expressometro.mx\/index.php\/2023\/03\/27\/listo-el-priismo-mexiquense-para-la-campana-electoral\/#primaryimage"},"thumbnailUrl":"http:\/\/expressometro.mx\/wp-content\/uploads\/2023\/04\/IMG-20230410-WA0023.jpg","datePublished":"2023-03-27T21:47:34+00:00","dateModified":"2023-04-10T20:48:47+00:00","breadcrumb":{"@id":"https:\/\/expressometro.mx\/index.php\/2023\/03\/27\/listo-el-priismo-mexiquense-para-la-campana-electoral\/#breadcrumb"},"inLanguage":"es","potentialAction":[{"@type":"ReadAction","target":["https:\/\/expressometro.mx\/index.php\/2023\/03\/27\/listo-el-priismo-mexiquense-para-la-campana-electoral\/"]}]},{"@type":"ImageObject","inLanguage":"es","@id":"https:\/\/expressometro.mx\/index.php\/2023\/03\/27\/listo-el-priismo-mexiquense-para-la-campana-electoral\/#primaryimage","url":"https:\/\/expressometro.mx\/wp-content\/uploads\/2023\/04\/IMG-20230410-WA0023.jpg","contentUrl":"https:\/\/expressometro.mx\/wp-content\/uploads\/2023\/04\/IMG-20230410-WA0023.jpg","width":1599,"height":1066},{"@type":"BreadcrumbList","@id":"https:\/\/expressometro.mx\/index.php\/2023\/03\/27\/listo-el-priismo-mexiquense-para-la-campana-electoral\/#breadcrumb","itemListElement":[{"@type":"ListItem","position":1,"name":"Inicio","item":"https:\/\/expressometro.mx\/"},{"@type":"ListItem","position":2,"name":"LISTO EL PRIISMO MEXIQUENSE PARA LA CAMPA\u00d1A ELECTORAL"}]},{"@type":"WebSite","@id":"https:\/\/expressometro.mx\/#website","url":"https:\/\/expressometro.mx\/","name":"Expresso Metropolitano","description":"Periodismo comprometido, informaci\u00f3n, investigaci\u00f3n y an\u00e1lisis","publisher":{"@id":"https:\/\/expressometro.mx\/#organization"},"potentialAction":[{"@type":"SearchAction","target":{"@type":"EntryPoint","urlTemplate":"https:\/\/expressometro.mx\/?s={search_term_string}"},"query-input":{"@type":"PropertyValueSpecification","valueRequired":true,"valueName":"search_term_string"}}],"inLanguage":"es"},{"@type":"Organization","@id":"https:\/\/expressometro.mx\/#organization","name":"Expresso Metropolitano","url":"https:\/\/expressometro.mx\/","logo":{"@type":"ImageObject","inLanguage":"es","@id":"https:\/\/expressometro.mx\/#\/schema\/logo\/image\/","url":"https:\/\/expressometro.mx\/wp-content\/uploads\/2019\/07\/cropped-Logo-Expresso-Metropolitano-1-1.jpeg","contentUrl":"https:\/\/expressometro.mx\/wp-content\/uploads\/2019\/07\/cropped-Logo-Expresso-Metropolitano-1-1.jpeg","width":290,"height":73,"caption":"Expresso Metropolitano"},"image":{"@id":"https:\/\/expressometro.mx\/#\/schema\/logo\/image\/"}},{"@type":"Person","@id":"https:\/\/expressometro.mx\/#\/schema\/person\/67a95b8e3862085c7598f66237488f1f","name":"Cecilia Vega","image":{"@type":"ImageObject","inLanguage":"es","@id":"https:\/\/secure.gravatar.com\/avatar\/13aae9944ab2ee472a9e407c9487fdbd03b049abaa559af32fe5dbcf615c981b?s=96&d=mm&r=g","url":"https:\/\/secure.gravatar.com\/avatar\/13aae9944ab2ee472a9e407c9487fdbd03b049abaa559af32fe5dbcf615c981b?s=96&d=mm&r=g","contentUrl":"https:\/\/secure.gravatar.com\/avatar\/13aae9944ab2ee472a9e407c9487fdbd03b049abaa559af32fe5dbcf615c981b?s=96&d=mm&r=g","caption":"Cecilia Vega"},"url":"https:\/\/expressometro.mx\/index.php\/author\/cecilia-vega\/"}]}},"amp_enabled":true,"_links":{"self":[{"href":"https:\/\/expressometro.mx\/index.php\/wp-json\/wp\/v2\/posts\/7009","targetHints":{"allow":["GET"]}}],"collection":[{"href":"https:\/\/expressometro.mx\/index.php\/wp-json\/wp\/v2\/posts"}],"about":[{"href":"https:\/\/expressometro.mx\/index.php\/wp-json\/wp\/v2\/types\/post"}],"author":[{"embeddable":true,"href":"https:\/\/expressometro.mx\/index.php\/wp-json\/wp\/v2\/users\/2"}],"replies":[{"embeddable":true,"href":"https:\/\/expressometro.mx\/index.php\/wp-json\/wp\/v2\/comments?post=7009"}],"version-history":[{"count":1,"href":"https:\/\/expressometro.mx\/index.php\/wp-json\/wp\/v2\/posts\/7009\/revisions"}],"predecessor-version":[{"id":7012,"href":"https:\/\/expressometro.mx\/index.php\/wp-json\/wp\/v2\/posts\/7009\/revisions\/7012"}],"wp:attachment":[{"href":"https:\/\/expressometro.mx\/index.php\/wp-json\/wp\/v2\/media?parent=7009"}],"wp:term":[{"taxonomy":"category","embeddable":true,"href":"https:\/\/expressometro.mx\/index.php\/wp-json\/wp\/v2\/categories?post=7009"},{"taxonomy":"post_tag","embeddable":true,"href":"https:\/\/expressometro.mx\/index.php\/wp-json\/wp\/v2\/tags?post=7009"}],"curies":[{"name":"wp","href":"https:\/\/api.w.org\/{rel}","templated":true}]}}