{"id":7004,"date":"2023-03-28T15:39:47","date_gmt":"2023-03-28T21:39:47","guid":{"rendered":"https:\/\/expressometro.mx\/?p=7004"},"modified":"2023-04-10T15:41:03","modified_gmt":"2023-04-10T20:41:03","slug":"va-gustavo-cardenas-por-desarrollo-ordenado","status":"publish","type":"post","link":"https:\/\/expressometro.mx\/index.php\/2023\/03\/28\/va-gustavo-cardenas-por-desarrollo-ordenado\/","title":{"rendered":"VA GUSTAVO C\u00c1RDENAS POR DESARROLLO ORDENADO"},"content":{"rendered":"\n<p>El Diputado Federal Gustavo C\u00e1rdenas Monroy estuvo presente en la D\u00e9cima Tercera Reuni\u00f3n Ordinaria de la Comisi\u00f3n de Desarrollo Urbano y Ordenamiento Territorial, en la cual present\u00f3 el Dictamen en sentido positivo sobre la iniciativa con proyecto de decreto que reforma y adiciona el art\u00edculo 10 de la Ley General de Asentamientos Humanos, Ordenamiento Territorial y Desarrollo Urbano.  <\/p>\n\n\n\n<p>Se trata de dar espacio a la constituci\u00f3n de funciones consultivas en cada uno de los aeropuertos que existen en el pa\u00eds aline\u00e1ndose con lo que dice la ley de aeropuertos, ya que esto es fundamental para tener espacios para la discusi\u00f3n y propuestas para dar mayor impulso al desarrollo ordenado de cada uno de ellos. <\/p>\n\n\n\n<p>Esto  permitir\u00e1, adem\u00e1s,  llevar a cabo las actividades, no solamente de la infraestructura, sino de todo aquello que tenga un valor que permita aportar ideas para el desarrollo de infraestructuras y todo lo que tenga que ver con el espacio a\u00e9reo.<\/p>\n\n\n\n<p><img loading=\"lazy\" decoding=\"async\" width=\"150\" height=\"113\" class=\"wp-image-7005\" style=\"width: 150px;\" src=\"http:\/\/expressometro.mx\/wp-content\/uploads\/2023\/04\/IMG-20230410-WA0020.jpg\" alt=\"\" srcset=\"https:\/\/expressometro.mx\/wp-content\/uploads\/2023\/04\/IMG-20230410-WA0020.jpg 960w, https:\/\/expressometro.mx\/wp-content\/uploads\/2023\/04\/IMG-20230410-WA0020-487x365.jpg 487w, https:\/\/expressometro.mx\/wp-content\/uploads\/2023\/04\/IMG-20230410-WA0020-640x480.jpg 640w, https:\/\/expressometro.mx\/wp-content\/uploads\/2023\/04\/IMG-20230410-WA0020-768x576.jpg 768w\" sizes=\"auto, (max-width: 150px) 100vw, 150px\" \/><\/p>\n","protected":false},"excerpt":{"rendered":"<p>El Diputado Federal Gustavo C\u00e1rdenas Monroy estuvo presente en la D\u00e9cima Tercera Reuni\u00f3n Ordinaria de la Comisi\u00f3n de Desarrollo Urbano y Ordenamiento Territorial, en la cual present\u00f3 el Dictamen en sentido positivo sobre la iniciativa con proyecto de decreto que reforma y adiciona el art\u00edculo 10 de la Ley General de Asentamientos Humanos, Ordenamiento Territorial y Desarrollo Urbano. Se trata de dar espacio a la constituci\u00f3n de funciones consultivas en cada uno de los aeropuertos que existen en el pa\u00eds aline\u00e1ndose con lo que dice la ley de aeropuertos, ya&hellip;<\/p>\n","protected":false},"author":2,"featured_media":0,"comment_status":"open","ping_status":"open","sticky":false,"template":"","format":"standard","meta":{"footnotes":""},"categories":[1],"tags":[],"class_list":["post-7004","post","type-post","status-publish","format-standard","hentry","category-otros"],"yoast_head":"<!-- This site is optimized with the Yoast SEO plugin v27.5 - https:\/\/yoast.com\/product\/yoast-seo-wordpress\/ -->\n<title>VA GUSTAVO C\u00c1RDENAS POR DESARROLLO ORDENADO - Expresso Metropolitano<\/title>\n<meta name=\"robots\" content=\"index, follow, max-snippet:-1, max-image-preview:large, max-video-preview:-1\" \/>\n<link rel=\"canonical\" href=\"https:\/\/expressometro.mx\/index.php\/2023\/03\/28\/va-gustavo-cardenas-por-desarrollo-ordenado\/\" \/>\n<meta property=\"og:locale\" content=\"es_MX\" \/>\n<meta property=\"og:type\" content=\"article\" \/>\n<meta property=\"og:title\" content=\"VA GUSTAVO C\u00c1RDENAS POR DESARROLLO ORDENADO - Expresso Metropolitano\" \/>\n<meta property=\"og:description\" content=\"El Diputado Federal Gustavo C\u00e1rdenas Monroy estuvo presente en la D\u00e9cima Tercera Reuni\u00f3n Ordinaria de la Comisi\u00f3n de Desarrollo Urbano y Ordenamiento Territorial, en la cual present\u00f3 el Dictamen en sentido positivo sobre la iniciativa con proyecto de decreto que reforma y adiciona el art\u00edculo 10 de la Ley General de Asentamientos Humanos, Ordenamiento Territorial y Desarrollo Urbano. Se trata de dar espacio a la constituci\u00f3n de funciones consultivas en cada uno de los aeropuertos que existen en el pa\u00eds aline\u00e1ndose con lo que dice la ley de aeropuertos, ya&hellip;\" \/>\n<meta property=\"og:url\" content=\"https:\/\/expressometro.mx\/index.php\/2023\/03\/28\/va-gustavo-cardenas-por-desarrollo-ordenado\/\" \/>\n<meta property=\"og:site_name\" content=\"Expresso Metropolitano\" \/>\n<meta property=\"article:published_time\" content=\"2023-03-28T21:39:47+00:00\" \/>\n<meta property=\"article:modified_time\" content=\"2023-04-10T20:41:03+00:00\" \/>\n<meta property=\"og:image\" content=\"http:\/\/expressometro.mx\/wp-content\/uploads\/2023\/04\/IMG-20230410-WA0020.jpg\" \/>\n<meta name=\"author\" content=\"Cecilia Vega\" \/>\n<meta name=\"twitter:label1\" content=\"Escrito por\" \/>\n\t<meta name=\"twitter:data1\" content=\"Cecilia Vega\" \/>\n\t<meta name=\"twitter:label2\" content=\"Tiempo de lectura\" \/>\n\t<meta name=\"twitter:data2\" content=\"1 minuto\" \/>\n<script type=\"application\/ld+json\" class=\"yoast-schema-graph\">{\"@context\":\"https:\\\/\\\/schema.org\",\"@graph\":[{\"@type\":\"Article\",\"@id\":\"https:\\\/\\\/expressometro.mx\\\/index.php\\\/2023\\\/03\\\/28\\\/va-gustavo-cardenas-por-desarrollo-ordenado\\\/#article\",\"isPartOf\":{\"@id\":\"https:\\\/\\\/expressometro.mx\\\/index.php\\\/2023\\\/03\\\/28\\\/va-gustavo-cardenas-por-desarrollo-ordenado\\\/\"},\"author\":{\"name\":\"Cecilia Vega\",\"@id\":\"https:\\\/\\\/expressometro.mx\\\/#\\\/schema\\\/person\\\/67a95b8e3862085c7598f66237488f1f\"},\"headline\":\"VA GUSTAVO C\u00c1RDENAS POR DESARROLLO ORDENADO\",\"datePublished\":\"2023-03-28T21:39:47+00:00\",\"dateModified\":\"2023-04-10T20:41:03+00:00\",\"mainEntityOfPage\":{\"@id\":\"https:\\\/\\\/expressometro.mx\\\/index.php\\\/2023\\\/03\\\/28\\\/va-gustavo-cardenas-por-desarrollo-ordenado\\\/\"},\"wordCount\":172,\"commentCount\":0,\"publisher\":{\"@id\":\"https:\\\/\\\/expressometro.mx\\\/#organization\"},\"image\":{\"@id\":\"https:\\\/\\\/expressometro.mx\\\/index.php\\\/2023\\\/03\\\/28\\\/va-gustavo-cardenas-por-desarrollo-ordenado\\\/#primaryimage\"},\"thumbnailUrl\":\"http:\\\/\\\/expressometro.mx\\\/wp-content\\\/uploads\\\/2023\\\/04\\\/IMG-20230410-WA0020.jpg\",\"articleSection\":[\"Otros\"],\"inLanguage\":\"es\",\"potentialAction\":[{\"@type\":\"CommentAction\",\"name\":\"Comment\",\"target\":[\"https:\\\/\\\/expressometro.mx\\\/index.php\\\/2023\\\/03\\\/28\\\/va-gustavo-cardenas-por-desarrollo-ordenado\\\/#respond\"]}]},{\"@type\":\"WebPage\",\"@id\":\"https:\\\/\\\/expressometro.mx\\\/index.php\\\/2023\\\/03\\\/28\\\/va-gustavo-cardenas-por-desarrollo-ordenado\\\/\",\"url\":\"https:\\\/\\\/expressometro.mx\\\/index.php\\\/2023\\\/03\\\/28\\\/va-gustavo-cardenas-por-desarrollo-ordenado\\\/\",\"name\":\"VA GUSTAVO C\u00c1RDENAS POR DESARROLLO ORDENADO - Expresso Metropolitano\",\"isPartOf\":{\"@id\":\"https:\\\/\\\/expressometro.mx\\\/#website\"},\"primaryImageOfPage\":{\"@id\":\"https:\\\/\\\/expressometro.mx\\\/index.php\\\/2023\\\/03\\\/28\\\/va-gustavo-cardenas-por-desarrollo-ordenado\\\/#primaryimage\"},\"image\":{\"@id\":\"https:\\\/\\\/expressometro.mx\\\/index.php\\\/2023\\\/03\\\/28\\\/va-gustavo-cardenas-por-desarrollo-ordenado\\\/#primaryimage\"},\"thumbnailUrl\":\"http:\\\/\\\/expressometro.mx\\\/wp-content\\\/uploads\\\/2023\\\/04\\\/IMG-20230410-WA0020.jpg\",\"datePublished\":\"2023-03-28T21:39:47+00:00\",\"dateModified\":\"2023-04-10T20:41:03+00:00\",\"breadcrumb\":{\"@id\":\"https:\\\/\\\/expressometro.mx\\\/index.php\\\/2023\\\/03\\\/28\\\/va-gustavo-cardenas-por-desarrollo-ordenado\\\/#breadcrumb\"},\"inLanguage\":\"es\",\"potentialAction\":[{\"@type\":\"ReadAction\",\"target\":[\"https:\\\/\\\/expressometro.mx\\\/index.php\\\/2023\\\/03\\\/28\\\/va-gustavo-cardenas-por-desarrollo-ordenado\\\/\"]}]},{\"@type\":\"ImageObject\",\"inLanguage\":\"es\",\"@id\":\"https:\\\/\\\/expressometro.mx\\\/index.php\\\/2023\\\/03\\\/28\\\/va-gustavo-cardenas-por-desarrollo-ordenado\\\/#primaryimage\",\"url\":\"https:\\\/\\\/expressometro.mx\\\/wp-content\\\/uploads\\\/2023\\\/04\\\/IMG-20230410-WA0020.jpg\",\"contentUrl\":\"https:\\\/\\\/expressometro.mx\\\/wp-content\\\/uploads\\\/2023\\\/04\\\/IMG-20230410-WA0020.jpg\",\"width\":960,\"height\":720},{\"@type\":\"BreadcrumbList\",\"@id\":\"https:\\\/\\\/expressometro.mx\\\/index.php\\\/2023\\\/03\\\/28\\\/va-gustavo-cardenas-por-desarrollo-ordenado\\\/#breadcrumb\",\"itemListElement\":[{\"@type\":\"ListItem\",\"position\":1,\"name\":\"Inicio\",\"item\":\"https:\\\/\\\/expressometro.mx\\\/\"},{\"@type\":\"ListItem\",\"position\":2,\"name\":\"VA GUSTAVO C\u00c1RDENAS POR DESARROLLO ORDENADO\"}]},{\"@type\":\"WebSite\",\"@id\":\"https:\\\/\\\/expressometro.mx\\\/#website\",\"url\":\"https:\\\/\\\/expressometro.mx\\\/\",\"name\":\"Expresso Metropolitano\",\"description\":\"Periodismo comprometido, informaci\u00f3n, investigaci\u00f3n y an\u00e1lisis\",\"publisher\":{\"@id\":\"https:\\\/\\\/expressometro.mx\\\/#organization\"},\"potentialAction\":[{\"@type\":\"SearchAction\",\"target\":{\"@type\":\"EntryPoint\",\"urlTemplate\":\"https:\\\/\\\/expressometro.mx\\\/?s={search_term_string}\"},\"query-input\":{\"@type\":\"PropertyValueSpecification\",\"valueRequired\":true,\"valueName\":\"search_term_string\"}}],\"inLanguage\":\"es\"},{\"@type\":\"Organization\",\"@id\":\"https:\\\/\\\/expressometro.mx\\\/#organization\",\"name\":\"Expresso Metropolitano\",\"url\":\"https:\\\/\\\/expressometro.mx\\\/\",\"logo\":{\"@type\":\"ImageObject\",\"inLanguage\":\"es\",\"@id\":\"https:\\\/\\\/expressometro.mx\\\/#\\\/schema\\\/logo\\\/image\\\/\",\"url\":\"https:\\\/\\\/expressometro.mx\\\/wp-content\\\/uploads\\\/2019\\\/07\\\/cropped-Logo-Expresso-Metropolitano-1-1.jpeg\",\"contentUrl\":\"https:\\\/\\\/expressometro.mx\\\/wp-content\\\/uploads\\\/2019\\\/07\\\/cropped-Logo-Expresso-Metropolitano-1-1.jpeg\",\"width\":290,\"height\":73,\"caption\":\"Expresso Metropolitano\"},\"image\":{\"@id\":\"https:\\\/\\\/expressometro.mx\\\/#\\\/schema\\\/logo\\\/image\\\/\"}},{\"@type\":\"Person\",\"@id\":\"https:\\\/\\\/expressometro.mx\\\/#\\\/schema\\\/person\\\/67a95b8e3862085c7598f66237488f1f\",\"name\":\"Cecilia Vega\",\"image\":{\"@type\":\"ImageObject\",\"inLanguage\":\"es\",\"@id\":\"https:\\\/\\\/secure.gravatar.com\\\/avatar\\\/13aae9944ab2ee472a9e407c9487fdbd03b049abaa559af32fe5dbcf615c981b?s=96&d=mm&r=g\",\"url\":\"https:\\\/\\\/secure.gravatar.com\\\/avatar\\\/13aae9944ab2ee472a9e407c9487fdbd03b049abaa559af32fe5dbcf615c981b?s=96&d=mm&r=g\",\"contentUrl\":\"https:\\\/\\\/secure.gravatar.com\\\/avatar\\\/13aae9944ab2ee472a9e407c9487fdbd03b049abaa559af32fe5dbcf615c981b?s=96&d=mm&r=g\",\"caption\":\"Cecilia Vega\"},\"url\":\"https:\\\/\\\/expressometro.mx\\\/index.php\\\/author\\\/cecilia-vega\\\/\"}]}<\/script>\n<!-- \/ Yoast SEO plugin. -->","yoast_head_json":{"title":"VA GUSTAVO C\u00c1RDENAS POR DESARROLLO ORDENADO - Expresso Metropolitano","robots":{"index":"index","follow":"follow","max-snippet":"max-snippet:-1","max-image-preview":"max-image-preview:large","max-video-preview":"max-video-preview:-1"},"canonical":"https:\/\/expressometro.mx\/index.php\/2023\/03\/28\/va-gustavo-cardenas-por-desarrollo-ordenado\/","og_locale":"es_MX","og_type":"article","og_title":"VA GUSTAVO C\u00c1RDENAS POR DESARROLLO ORDENADO - Expresso Metropolitano","og_description":"El Diputado Federal Gustavo C\u00e1rdenas Monroy estuvo presente en la D\u00e9cima Tercera Reuni\u00f3n Ordinaria de la Comisi\u00f3n de Desarrollo Urbano y Ordenamiento Territorial, en la cual present\u00f3 el Dictamen en sentido positivo sobre la iniciativa con proyecto de decreto que reforma y adiciona el art\u00edculo 10 de la Ley General de Asentamientos Humanos, Ordenamiento Territorial y Desarrollo Urbano. Se trata de dar espacio a la constituci\u00f3n de funciones consultivas en cada uno de los aeropuertos que existen en el pa\u00eds aline\u00e1ndose con lo que dice la ley de aeropuertos, ya&hellip;","og_url":"https:\/\/expressometro.mx\/index.php\/2023\/03\/28\/va-gustavo-cardenas-por-desarrollo-ordenado\/","og_site_name":"Expresso Metropolitano","article_published_time":"2023-03-28T21:39:47+00:00","article_modified_time":"2023-04-10T20:41:03+00:00","og_image":[{"url":"http:\/\/expressometro.mx\/wp-content\/uploads\/2023\/04\/IMG-20230410-WA0020.jpg","type":"","width":"","height":""}],"author":"Cecilia Vega","twitter_misc":{"Escrito por":"Cecilia Vega","Tiempo de lectura":"1 minuto"},"schema":{"@context":"https:\/\/schema.org","@graph":[{"@type":"Article","@id":"https:\/\/expressometro.mx\/index.php\/2023\/03\/28\/va-gustavo-cardenas-por-desarrollo-ordenado\/#article","isPartOf":{"@id":"https:\/\/expressometro.mx\/index.php\/2023\/03\/28\/va-gustavo-cardenas-por-desarrollo-ordenado\/"},"author":{"name":"Cecilia Vega","@id":"https:\/\/expressometro.mx\/#\/schema\/person\/67a95b8e3862085c7598f66237488f1f"},"headline":"VA GUSTAVO C\u00c1RDENAS POR DESARROLLO ORDENADO","datePublished":"2023-03-28T21:39:47+00:00","dateModified":"2023-04-10T20:41:03+00:00","mainEntityOfPage":{"@id":"https:\/\/expressometro.mx\/index.php\/2023\/03\/28\/va-gustavo-cardenas-por-desarrollo-ordenado\/"},"wordCount":172,"commentCount":0,"publisher":{"@id":"https:\/\/expressometro.mx\/#organization"},"image":{"@id":"https:\/\/expressometro.mx\/index.php\/2023\/03\/28\/va-gustavo-cardenas-por-desarrollo-ordenado\/#primaryimage"},"thumbnailUrl":"http:\/\/expressometro.mx\/wp-content\/uploads\/2023\/04\/IMG-20230410-WA0020.jpg","articleSection":["Otros"],"inLanguage":"es","potentialAction":[{"@type":"CommentAction","name":"Comment","target":["https:\/\/expressometro.mx\/index.php\/2023\/03\/28\/va-gustavo-cardenas-por-desarrollo-ordenado\/#respond"]}]},{"@type":"WebPage","@id":"https:\/\/expressometro.mx\/index.php\/2023\/03\/28\/va-gustavo-cardenas-por-desarrollo-ordenado\/","url":"https:\/\/expressometro.mx\/index.php\/2023\/03\/28\/va-gustavo-cardenas-por-desarrollo-ordenado\/","name":"VA GUSTAVO C\u00c1RDENAS POR DESARROLLO ORDENADO - Expresso Metropolitano","isPartOf":{"@id":"https:\/\/expressometro.mx\/#website"},"primaryImageOfPage":{"@id":"https:\/\/expressometro.mx\/index.php\/2023\/03\/28\/va-gustavo-cardenas-por-desarrollo-ordenado\/#primaryimage"},"image":{"@id":"https:\/\/expressometro.mx\/index.php\/2023\/03\/28\/va-gustavo-cardenas-por-desarrollo-ordenado\/#primaryimage"},"thumbnailUrl":"http:\/\/expressometro.mx\/wp-content\/uploads\/2023\/04\/IMG-20230410-WA0020.jpg","datePublished":"2023-03-28T21:39:47+00:00","dateModified":"2023-04-10T20:41:03+00:00","breadcrumb":{"@id":"https:\/\/expressometro.mx\/index.php\/2023\/03\/28\/va-gustavo-cardenas-por-desarrollo-ordenado\/#breadcrumb"},"inLanguage":"es","potentialAction":[{"@type":"ReadAction","target":["https:\/\/expressometro.mx\/index.php\/2023\/03\/28\/va-gustavo-cardenas-por-desarrollo-ordenado\/"]}]},{"@type":"ImageObject","inLanguage":"es","@id":"https:\/\/expressometro.mx\/index.php\/2023\/03\/28\/va-gustavo-cardenas-por-desarrollo-ordenado\/#primaryimage","url":"https:\/\/expressometro.mx\/wp-content\/uploads\/2023\/04\/IMG-20230410-WA0020.jpg","contentUrl":"https:\/\/expressometro.mx\/wp-content\/uploads\/2023\/04\/IMG-20230410-WA0020.jpg","width":960,"height":720},{"@type":"BreadcrumbList","@id":"https:\/\/expressometro.mx\/index.php\/2023\/03\/28\/va-gustavo-cardenas-por-desarrollo-ordenado\/#breadcrumb","itemListElement":[{"@type":"ListItem","position":1,"name":"Inicio","item":"https:\/\/expressometro.mx\/"},{"@type":"ListItem","position":2,"name":"VA GUSTAVO C\u00c1RDENAS POR DESARROLLO ORDENADO"}]},{"@type":"WebSite","@id":"https:\/\/expressometro.mx\/#website","url":"https:\/\/expressometro.mx\/","name":"Expresso Metropolitano","description":"Periodismo comprometido, informaci\u00f3n, investigaci\u00f3n y an\u00e1lisis","publisher":{"@id":"https:\/\/expressometro.mx\/#organization"},"potentialAction":[{"@type":"SearchAction","target":{"@type":"EntryPoint","urlTemplate":"https:\/\/expressometro.mx\/?s={search_term_string}"},"query-input":{"@type":"PropertyValueSpecification","valueRequired":true,"valueName":"search_term_string"}}],"inLanguage":"es"},{"@type":"Organization","@id":"https:\/\/expressometro.mx\/#organization","name":"Expresso Metropolitano","url":"https:\/\/expressometro.mx\/","logo":{"@type":"ImageObject","inLanguage":"es","@id":"https:\/\/expressometro.mx\/#\/schema\/logo\/image\/","url":"https:\/\/expressometro.mx\/wp-content\/uploads\/2019\/07\/cropped-Logo-Expresso-Metropolitano-1-1.jpeg","contentUrl":"https:\/\/expressometro.mx\/wp-content\/uploads\/2019\/07\/cropped-Logo-Expresso-Metropolitano-1-1.jpeg","width":290,"height":73,"caption":"Expresso Metropolitano"},"image":{"@id":"https:\/\/expressometro.mx\/#\/schema\/logo\/image\/"}},{"@type":"Person","@id":"https:\/\/expressometro.mx\/#\/schema\/person\/67a95b8e3862085c7598f66237488f1f","name":"Cecilia Vega","image":{"@type":"ImageObject","inLanguage":"es","@id":"https:\/\/secure.gravatar.com\/avatar\/13aae9944ab2ee472a9e407c9487fdbd03b049abaa559af32fe5dbcf615c981b?s=96&d=mm&r=g","url":"https:\/\/secure.gravatar.com\/avatar\/13aae9944ab2ee472a9e407c9487fdbd03b049abaa559af32fe5dbcf615c981b?s=96&d=mm&r=g","contentUrl":"https:\/\/secure.gravatar.com\/avatar\/13aae9944ab2ee472a9e407c9487fdbd03b049abaa559af32fe5dbcf615c981b?s=96&d=mm&r=g","caption":"Cecilia Vega"},"url":"https:\/\/expressometro.mx\/index.php\/author\/cecilia-vega\/"}]}},"amp_enabled":true,"_links":{"self":[{"href":"https:\/\/expressometro.mx\/index.php\/wp-json\/wp\/v2\/posts\/7004","targetHints":{"allow":["GET"]}}],"collection":[{"href":"https:\/\/expressometro.mx\/index.php\/wp-json\/wp\/v2\/posts"}],"about":[{"href":"https:\/\/expressometro.mx\/index.php\/wp-json\/wp\/v2\/types\/post"}],"author":[{"embeddable":true,"href":"https:\/\/expressometro.mx\/index.php\/wp-json\/wp\/v2\/users\/2"}],"replies":[{"embeddable":true,"href":"https:\/\/expressometro.mx\/index.php\/wp-json\/wp\/v2\/comments?post=7004"}],"version-history":[{"count":1,"href":"https:\/\/expressometro.mx\/index.php\/wp-json\/wp\/v2\/posts\/7004\/revisions"}],"predecessor-version":[{"id":7007,"href":"https:\/\/expressometro.mx\/index.php\/wp-json\/wp\/v2\/posts\/7004\/revisions\/7007"}],"wp:attachment":[{"href":"https:\/\/expressometro.mx\/index.php\/wp-json\/wp\/v2\/media?parent=7004"}],"wp:term":[{"taxonomy":"category","embeddable":true,"href":"https:\/\/expressometro.mx\/index.php\/wp-json\/wp\/v2\/categories?post=7004"},{"taxonomy":"post_tag","embeddable":true,"href":"https:\/\/expressometro.mx\/index.php\/wp-json\/wp\/v2\/tags?post=7004"}],"curies":[{"name":"wp","href":"https:\/\/api.w.org\/{rel}","templated":true}]}}