{"id":6998,"date":"2023-04-06T15:27:28","date_gmt":"2023-04-06T20:27:28","guid":{"rendered":"https:\/\/expressometro.mx\/?p=6998"},"modified":"2023-04-10T15:29:20","modified_gmt":"2023-04-10T20:29:20","slug":"pletorico-acto-de-apoyo-a-alejandra-del-moral-con-la-fuerza-del-norte-mexiquense","status":"publish","type":"post","link":"https:\/\/expressometro.mx\/index.php\/2023\/04\/06\/pletorico-acto-de-apoyo-a-alejandra-del-moral-con-la-fuerza-del-norte-mexiquense\/","title":{"rendered":"PLET\u00d3RICO ACTO DE APOYO A ALEJANDRA DEL MORAL CON LA FUERZA DEL NORTE MEXIQUENSE"},"content":{"rendered":"\n<p> En el coraz\u00f3n de Atlacomulco, la fuerza norte se hizo presente para apoyar a la candidata a gobernadora Alejandra del Moral Vela, qui\u00e9n recibi\u00f3 el respaldo de m\u00e1s de 20mil simpatizantes de la Coalici\u00f3n Va por el Estado de M\u00e9xico.   <\/p>\n\n\n\n<p>En el acto,  Alejandra del Moral Vela present\u00f3 la Propuesta del Salario familiar  -el cu\u00e1l ser\u00e1 una ampliaci\u00f3n del actual salario rosa- que ayudar\u00e1 a todas las familias mexiquenses.<\/p>\n\n\n\n<p> La candidata estuvo respaldada por Diputados Federales, Locales, expresidentes, quedando claro que en la Regi\u00f3n Norte del Estado de M\u00e9xico el apoyo est\u00e1 con Alejandra del Moral, la Pr\u00f3xima Gobernadora del Estado de M\u00e9xico.<\/p>\n\n\n\n<p>El coordinador regional, diputado Gustavo C\u00e1rdenas Monroy, dej\u00f3 mi alta la vara de organizaci\u00f3n y presencia de miles de priistas y simpatizantes de la coalici\u00f3n y electoral PRI PAN PRD y Nueva Alianza.  <\/p>\n\n\n\n<p>La plaza c\u00edvica de Atlacomulco y sus alrededores mostraron un evento plet\u00f3rico digno de la campa\u00f1a de Alejandra del Moral.<\/p>\n\n\n\n<p><img loading=\"lazy\" decoding=\"async\" width=\"150\" height=\"68\" class=\"wp-image-7000\" style=\"width: 150px;\" src=\"http:\/\/expressometro.mx\/wp-content\/uploads\/2023\/04\/IMG-20230410-WA0016.jpg\" alt=\"\" srcset=\"https:\/\/expressometro.mx\/wp-content\/uploads\/2023\/04\/IMG-20230410-WA0016.jpg 960w, https:\/\/expressometro.mx\/wp-content\/uploads\/2023\/04\/IMG-20230410-WA0016-660x298.jpg 660w, https:\/\/expressometro.mx\/wp-content\/uploads\/2023\/04\/IMG-20230410-WA0016-840x380.jpg 840w, https:\/\/expressometro.mx\/wp-content\/uploads\/2023\/04\/IMG-20230410-WA0016-768x347.jpg 768w\" sizes=\"auto, (max-width: 150px) 100vw, 150px\" \/><\/p>\n\n\n\n<p><img loading=\"lazy\" decoding=\"async\" width=\"150\" height=\"84\" class=\"wp-image-7001\" style=\"width: 150px;\" src=\"http:\/\/expressometro.mx\/wp-content\/uploads\/2023\/04\/IMG-20230410-WA0014.jpg\" alt=\"\" srcset=\"https:\/\/expressometro.mx\/wp-content\/uploads\/2023\/04\/IMG-20230410-WA0014.jpg 960w, https:\/\/expressometro.mx\/wp-content\/uploads\/2023\/04\/IMG-20230410-WA0014-649x365.jpg 649w, https:\/\/expressometro.mx\/wp-content\/uploads\/2023\/04\/IMG-20230410-WA0014-840x473.jpg 840w, https:\/\/expressometro.mx\/wp-content\/uploads\/2023\/04\/IMG-20230410-WA0014-500x280.jpg 500w, https:\/\/expressometro.mx\/wp-content\/uploads\/2023\/04\/IMG-20230410-WA0014-768x432.jpg 768w\" sizes=\"auto, (max-width: 150px) 100vw, 150px\" \/><\/p>\n","protected":false},"excerpt":{"rendered":"<p>En el coraz\u00f3n de Atlacomulco, la fuerza norte se hizo presente para apoyar a la candidata a gobernadora Alejandra del Moral Vela, qui\u00e9n recibi\u00f3 el respaldo de m\u00e1s de 20mil simpatizantes de la Coalici\u00f3n Va por el Estado de M\u00e9xico. En el acto, Alejandra del Moral Vela present\u00f3 la Propuesta del Salario familiar -el cu\u00e1l ser\u00e1 una ampliaci\u00f3n del actual salario rosa- que ayudar\u00e1 a todas las familias mexiquenses. La candidata estuvo respaldada por Diputados Federales, Locales, expresidentes, quedando claro que en la Regi\u00f3n Norte del Estado de M\u00e9xico el&hellip;<\/p>\n","protected":false},"author":2,"featured_media":0,"comment_status":"open","ping_status":"open","sticky":false,"template":"","format":"standard","meta":{"footnotes":""},"categories":[1],"tags":[],"class_list":["post-6998","post","type-post","status-publish","format-standard","hentry","category-otros"],"yoast_head":"<!-- This site is optimized with the Yoast SEO plugin v27.5 - https:\/\/yoast.com\/product\/yoast-seo-wordpress\/ -->\n<title>PLET\u00d3RICO ACTO DE APOYO A ALEJANDRA DEL MORAL CON LA FUERZA DEL NORTE MEXIQUENSE - Expresso Metropolitano<\/title>\n<meta name=\"robots\" content=\"index, follow, max-snippet:-1, max-image-preview:large, max-video-preview:-1\" \/>\n<link rel=\"canonical\" href=\"https:\/\/expressometro.mx\/index.php\/2023\/04\/06\/pletorico-acto-de-apoyo-a-alejandra-del-moral-con-la-fuerza-del-norte-mexiquense\/\" \/>\n<meta property=\"og:locale\" content=\"es_MX\" \/>\n<meta property=\"og:type\" content=\"article\" \/>\n<meta property=\"og:title\" content=\"PLET\u00d3RICO ACTO DE APOYO A ALEJANDRA DEL MORAL CON LA FUERZA DEL NORTE MEXIQUENSE - Expresso Metropolitano\" \/>\n<meta property=\"og:description\" content=\"En el coraz\u00f3n de Atlacomulco, la fuerza norte se hizo presente para apoyar a la candidata a gobernadora Alejandra del Moral Vela, qui\u00e9n recibi\u00f3 el respaldo de m\u00e1s de 20mil simpatizantes de la Coalici\u00f3n Va por el Estado de M\u00e9xico. En el acto, Alejandra del Moral Vela present\u00f3 la Propuesta del Salario familiar -el cu\u00e1l ser\u00e1 una ampliaci\u00f3n del actual salario rosa- que ayudar\u00e1 a todas las familias mexiquenses. La candidata estuvo respaldada por Diputados Federales, Locales, expresidentes, quedando claro que en la Regi\u00f3n Norte del Estado de M\u00e9xico el&hellip;\" \/>\n<meta property=\"og:url\" content=\"https:\/\/expressometro.mx\/index.php\/2023\/04\/06\/pletorico-acto-de-apoyo-a-alejandra-del-moral-con-la-fuerza-del-norte-mexiquense\/\" \/>\n<meta property=\"og:site_name\" content=\"Expresso Metropolitano\" \/>\n<meta property=\"article:published_time\" content=\"2023-04-06T20:27:28+00:00\" \/>\n<meta property=\"article:modified_time\" content=\"2023-04-10T20:29:20+00:00\" \/>\n<meta property=\"og:image\" content=\"http:\/\/expressometro.mx\/wp-content\/uploads\/2023\/04\/IMG-20230410-WA0016.jpg\" \/>\n<meta name=\"author\" content=\"Cecilia Vega\" \/>\n<meta name=\"twitter:label1\" content=\"Escrito por\" \/>\n\t<meta name=\"twitter:data1\" content=\"Cecilia Vega\" \/>\n\t<meta name=\"twitter:label2\" content=\"Tiempo de lectura\" \/>\n\t<meta name=\"twitter:data2\" content=\"2 minutos\" \/>\n<script type=\"application\/ld+json\" class=\"yoast-schema-graph\">{\"@context\":\"https:\\\/\\\/schema.org\",\"@graph\":[{\"@type\":\"Article\",\"@id\":\"https:\\\/\\\/expressometro.mx\\\/index.php\\\/2023\\\/04\\\/06\\\/pletorico-acto-de-apoyo-a-alejandra-del-moral-con-la-fuerza-del-norte-mexiquense\\\/#article\",\"isPartOf\":{\"@id\":\"https:\\\/\\\/expressometro.mx\\\/index.php\\\/2023\\\/04\\\/06\\\/pletorico-acto-de-apoyo-a-alejandra-del-moral-con-la-fuerza-del-norte-mexiquense\\\/\"},\"author\":{\"name\":\"Cecilia Vega\",\"@id\":\"https:\\\/\\\/expressometro.mx\\\/#\\\/schema\\\/person\\\/67a95b8e3862085c7598f66237488f1f\"},\"headline\":\"PLET\u00d3RICO ACTO DE APOYO A ALEJANDRA DEL MORAL CON LA FUERZA DEL NORTE MEXIQUENSE\",\"datePublished\":\"2023-04-06T20:27:28+00:00\",\"dateModified\":\"2023-04-10T20:29:20+00:00\",\"mainEntityOfPage\":{\"@id\":\"https:\\\/\\\/expressometro.mx\\\/index.php\\\/2023\\\/04\\\/06\\\/pletorico-acto-de-apoyo-a-alejandra-del-moral-con-la-fuerza-del-norte-mexiquense\\\/\"},\"wordCount\":188,\"commentCount\":0,\"publisher\":{\"@id\":\"https:\\\/\\\/expressometro.mx\\\/#organization\"},\"image\":{\"@id\":\"https:\\\/\\\/expressometro.mx\\\/index.php\\\/2023\\\/04\\\/06\\\/pletorico-acto-de-apoyo-a-alejandra-del-moral-con-la-fuerza-del-norte-mexiquense\\\/#primaryimage\"},\"thumbnailUrl\":\"http:\\\/\\\/expressometro.mx\\\/wp-content\\\/uploads\\\/2023\\\/04\\\/IMG-20230410-WA0016.jpg\",\"articleSection\":[\"Otros\"],\"inLanguage\":\"es\",\"potentialAction\":[{\"@type\":\"CommentAction\",\"name\":\"Comment\",\"target\":[\"https:\\\/\\\/expressometro.mx\\\/index.php\\\/2023\\\/04\\\/06\\\/pletorico-acto-de-apoyo-a-alejandra-del-moral-con-la-fuerza-del-norte-mexiquense\\\/#respond\"]}]},{\"@type\":\"WebPage\",\"@id\":\"https:\\\/\\\/expressometro.mx\\\/index.php\\\/2023\\\/04\\\/06\\\/pletorico-acto-de-apoyo-a-alejandra-del-moral-con-la-fuerza-del-norte-mexiquense\\\/\",\"url\":\"https:\\\/\\\/expressometro.mx\\\/index.php\\\/2023\\\/04\\\/06\\\/pletorico-acto-de-apoyo-a-alejandra-del-moral-con-la-fuerza-del-norte-mexiquense\\\/\",\"name\":\"PLET\u00d3RICO ACTO DE APOYO A ALEJANDRA DEL MORAL CON LA FUERZA DEL NORTE MEXIQUENSE - Expresso Metropolitano\",\"isPartOf\":{\"@id\":\"https:\\\/\\\/expressometro.mx\\\/#website\"},\"primaryImageOfPage\":{\"@id\":\"https:\\\/\\\/expressometro.mx\\\/index.php\\\/2023\\\/04\\\/06\\\/pletorico-acto-de-apoyo-a-alejandra-del-moral-con-la-fuerza-del-norte-mexiquense\\\/#primaryimage\"},\"image\":{\"@id\":\"https:\\\/\\\/expressometro.mx\\\/index.php\\\/2023\\\/04\\\/06\\\/pletorico-acto-de-apoyo-a-alejandra-del-moral-con-la-fuerza-del-norte-mexiquense\\\/#primaryimage\"},\"thumbnailUrl\":\"http:\\\/\\\/expressometro.mx\\\/wp-content\\\/uploads\\\/2023\\\/04\\\/IMG-20230410-WA0016.jpg\",\"datePublished\":\"2023-04-06T20:27:28+00:00\",\"dateModified\":\"2023-04-10T20:29:20+00:00\",\"breadcrumb\":{\"@id\":\"https:\\\/\\\/expressometro.mx\\\/index.php\\\/2023\\\/04\\\/06\\\/pletorico-acto-de-apoyo-a-alejandra-del-moral-con-la-fuerza-del-norte-mexiquense\\\/#breadcrumb\"},\"inLanguage\":\"es\",\"potentialAction\":[{\"@type\":\"ReadAction\",\"target\":[\"https:\\\/\\\/expressometro.mx\\\/index.php\\\/2023\\\/04\\\/06\\\/pletorico-acto-de-apoyo-a-alejandra-del-moral-con-la-fuerza-del-norte-mexiquense\\\/\"]}]},{\"@type\":\"ImageObject\",\"inLanguage\":\"es\",\"@id\":\"https:\\\/\\\/expressometro.mx\\\/index.php\\\/2023\\\/04\\\/06\\\/pletorico-acto-de-apoyo-a-alejandra-del-moral-con-la-fuerza-del-norte-mexiquense\\\/#primaryimage\",\"url\":\"https:\\\/\\\/expressometro.mx\\\/wp-content\\\/uploads\\\/2023\\\/04\\\/IMG-20230410-WA0016.jpg\",\"contentUrl\":\"https:\\\/\\\/expressometro.mx\\\/wp-content\\\/uploads\\\/2023\\\/04\\\/IMG-20230410-WA0016.jpg\",\"width\":960,\"height\":434},{\"@type\":\"BreadcrumbList\",\"@id\":\"https:\\\/\\\/expressometro.mx\\\/index.php\\\/2023\\\/04\\\/06\\\/pletorico-acto-de-apoyo-a-alejandra-del-moral-con-la-fuerza-del-norte-mexiquense\\\/#breadcrumb\",\"itemListElement\":[{\"@type\":\"ListItem\",\"position\":1,\"name\":\"Inicio\",\"item\":\"https:\\\/\\\/expressometro.mx\\\/\"},{\"@type\":\"ListItem\",\"position\":2,\"name\":\"PLET\u00d3RICO ACTO DE APOYO A ALEJANDRA DEL MORAL CON LA FUERZA DEL NORTE MEXIQUENSE\"}]},{\"@type\":\"WebSite\",\"@id\":\"https:\\\/\\\/expressometro.mx\\\/#website\",\"url\":\"https:\\\/\\\/expressometro.mx\\\/\",\"name\":\"Expresso Metropolitano\",\"description\":\"Periodismo comprometido, informaci\u00f3n, investigaci\u00f3n y an\u00e1lisis\",\"publisher\":{\"@id\":\"https:\\\/\\\/expressometro.mx\\\/#organization\"},\"potentialAction\":[{\"@type\":\"SearchAction\",\"target\":{\"@type\":\"EntryPoint\",\"urlTemplate\":\"https:\\\/\\\/expressometro.mx\\\/?s={search_term_string}\"},\"query-input\":{\"@type\":\"PropertyValueSpecification\",\"valueRequired\":true,\"valueName\":\"search_term_string\"}}],\"inLanguage\":\"es\"},{\"@type\":\"Organization\",\"@id\":\"https:\\\/\\\/expressometro.mx\\\/#organization\",\"name\":\"Expresso Metropolitano\",\"url\":\"https:\\\/\\\/expressometro.mx\\\/\",\"logo\":{\"@type\":\"ImageObject\",\"inLanguage\":\"es\",\"@id\":\"https:\\\/\\\/expressometro.mx\\\/#\\\/schema\\\/logo\\\/image\\\/\",\"url\":\"https:\\\/\\\/expressometro.mx\\\/wp-content\\\/uploads\\\/2019\\\/07\\\/cropped-Logo-Expresso-Metropolitano-1-1.jpeg\",\"contentUrl\":\"https:\\\/\\\/expressometro.mx\\\/wp-content\\\/uploads\\\/2019\\\/07\\\/cropped-Logo-Expresso-Metropolitano-1-1.jpeg\",\"width\":290,\"height\":73,\"caption\":\"Expresso Metropolitano\"},\"image\":{\"@id\":\"https:\\\/\\\/expressometro.mx\\\/#\\\/schema\\\/logo\\\/image\\\/\"}},{\"@type\":\"Person\",\"@id\":\"https:\\\/\\\/expressometro.mx\\\/#\\\/schema\\\/person\\\/67a95b8e3862085c7598f66237488f1f\",\"name\":\"Cecilia Vega\",\"image\":{\"@type\":\"ImageObject\",\"inLanguage\":\"es\",\"@id\":\"https:\\\/\\\/secure.gravatar.com\\\/avatar\\\/13aae9944ab2ee472a9e407c9487fdbd03b049abaa559af32fe5dbcf615c981b?s=96&d=mm&r=g\",\"url\":\"https:\\\/\\\/secure.gravatar.com\\\/avatar\\\/13aae9944ab2ee472a9e407c9487fdbd03b049abaa559af32fe5dbcf615c981b?s=96&d=mm&r=g\",\"contentUrl\":\"https:\\\/\\\/secure.gravatar.com\\\/avatar\\\/13aae9944ab2ee472a9e407c9487fdbd03b049abaa559af32fe5dbcf615c981b?s=96&d=mm&r=g\",\"caption\":\"Cecilia Vega\"},\"url\":\"https:\\\/\\\/expressometro.mx\\\/index.php\\\/author\\\/cecilia-vega\\\/\"}]}<\/script>\n<!-- \/ Yoast SEO plugin. -->","yoast_head_json":{"title":"PLET\u00d3RICO ACTO DE APOYO A ALEJANDRA DEL MORAL CON LA FUERZA DEL NORTE MEXIQUENSE - Expresso Metropolitano","robots":{"index":"index","follow":"follow","max-snippet":"max-snippet:-1","max-image-preview":"max-image-preview:large","max-video-preview":"max-video-preview:-1"},"canonical":"https:\/\/expressometro.mx\/index.php\/2023\/04\/06\/pletorico-acto-de-apoyo-a-alejandra-del-moral-con-la-fuerza-del-norte-mexiquense\/","og_locale":"es_MX","og_type":"article","og_title":"PLET\u00d3RICO ACTO DE APOYO A ALEJANDRA DEL MORAL CON LA FUERZA DEL NORTE MEXIQUENSE - Expresso Metropolitano","og_description":"En el coraz\u00f3n de Atlacomulco, la fuerza norte se hizo presente para apoyar a la candidata a gobernadora Alejandra del Moral Vela, qui\u00e9n recibi\u00f3 el respaldo de m\u00e1s de 20mil simpatizantes de la Coalici\u00f3n Va por el Estado de M\u00e9xico. En el acto, Alejandra del Moral Vela present\u00f3 la Propuesta del Salario familiar -el cu\u00e1l ser\u00e1 una ampliaci\u00f3n del actual salario rosa- que ayudar\u00e1 a todas las familias mexiquenses. La candidata estuvo respaldada por Diputados Federales, Locales, expresidentes, quedando claro que en la Regi\u00f3n Norte del Estado de M\u00e9xico el&hellip;","og_url":"https:\/\/expressometro.mx\/index.php\/2023\/04\/06\/pletorico-acto-de-apoyo-a-alejandra-del-moral-con-la-fuerza-del-norte-mexiquense\/","og_site_name":"Expresso Metropolitano","article_published_time":"2023-04-06T20:27:28+00:00","article_modified_time":"2023-04-10T20:29:20+00:00","og_image":[{"url":"http:\/\/expressometro.mx\/wp-content\/uploads\/2023\/04\/IMG-20230410-WA0016.jpg","type":"","width":"","height":""}],"author":"Cecilia Vega","twitter_misc":{"Escrito por":"Cecilia Vega","Tiempo de lectura":"2 minutos"},"schema":{"@context":"https:\/\/schema.org","@graph":[{"@type":"Article","@id":"https:\/\/expressometro.mx\/index.php\/2023\/04\/06\/pletorico-acto-de-apoyo-a-alejandra-del-moral-con-la-fuerza-del-norte-mexiquense\/#article","isPartOf":{"@id":"https:\/\/expressometro.mx\/index.php\/2023\/04\/06\/pletorico-acto-de-apoyo-a-alejandra-del-moral-con-la-fuerza-del-norte-mexiquense\/"},"author":{"name":"Cecilia Vega","@id":"https:\/\/expressometro.mx\/#\/schema\/person\/67a95b8e3862085c7598f66237488f1f"},"headline":"PLET\u00d3RICO ACTO DE APOYO A ALEJANDRA DEL MORAL CON LA FUERZA DEL NORTE MEXIQUENSE","datePublished":"2023-04-06T20:27:28+00:00","dateModified":"2023-04-10T20:29:20+00:00","mainEntityOfPage":{"@id":"https:\/\/expressometro.mx\/index.php\/2023\/04\/06\/pletorico-acto-de-apoyo-a-alejandra-del-moral-con-la-fuerza-del-norte-mexiquense\/"},"wordCount":188,"commentCount":0,"publisher":{"@id":"https:\/\/expressometro.mx\/#organization"},"image":{"@id":"https:\/\/expressometro.mx\/index.php\/2023\/04\/06\/pletorico-acto-de-apoyo-a-alejandra-del-moral-con-la-fuerza-del-norte-mexiquense\/#primaryimage"},"thumbnailUrl":"http:\/\/expressometro.mx\/wp-content\/uploads\/2023\/04\/IMG-20230410-WA0016.jpg","articleSection":["Otros"],"inLanguage":"es","potentialAction":[{"@type":"CommentAction","name":"Comment","target":["https:\/\/expressometro.mx\/index.php\/2023\/04\/06\/pletorico-acto-de-apoyo-a-alejandra-del-moral-con-la-fuerza-del-norte-mexiquense\/#respond"]}]},{"@type":"WebPage","@id":"https:\/\/expressometro.mx\/index.php\/2023\/04\/06\/pletorico-acto-de-apoyo-a-alejandra-del-moral-con-la-fuerza-del-norte-mexiquense\/","url":"https:\/\/expressometro.mx\/index.php\/2023\/04\/06\/pletorico-acto-de-apoyo-a-alejandra-del-moral-con-la-fuerza-del-norte-mexiquense\/","name":"PLET\u00d3RICO ACTO DE APOYO A ALEJANDRA DEL MORAL CON LA FUERZA DEL NORTE MEXIQUENSE - Expresso Metropolitano","isPartOf":{"@id":"https:\/\/expressometro.mx\/#website"},"primaryImageOfPage":{"@id":"https:\/\/expressometro.mx\/index.php\/2023\/04\/06\/pletorico-acto-de-apoyo-a-alejandra-del-moral-con-la-fuerza-del-norte-mexiquense\/#primaryimage"},"image":{"@id":"https:\/\/expressometro.mx\/index.php\/2023\/04\/06\/pletorico-acto-de-apoyo-a-alejandra-del-moral-con-la-fuerza-del-norte-mexiquense\/#primaryimage"},"thumbnailUrl":"http:\/\/expressometro.mx\/wp-content\/uploads\/2023\/04\/IMG-20230410-WA0016.jpg","datePublished":"2023-04-06T20:27:28+00:00","dateModified":"2023-04-10T20:29:20+00:00","breadcrumb":{"@id":"https:\/\/expressometro.mx\/index.php\/2023\/04\/06\/pletorico-acto-de-apoyo-a-alejandra-del-moral-con-la-fuerza-del-norte-mexiquense\/#breadcrumb"},"inLanguage":"es","potentialAction":[{"@type":"ReadAction","target":["https:\/\/expressometro.mx\/index.php\/2023\/04\/06\/pletorico-acto-de-apoyo-a-alejandra-del-moral-con-la-fuerza-del-norte-mexiquense\/"]}]},{"@type":"ImageObject","inLanguage":"es","@id":"https:\/\/expressometro.mx\/index.php\/2023\/04\/06\/pletorico-acto-de-apoyo-a-alejandra-del-moral-con-la-fuerza-del-norte-mexiquense\/#primaryimage","url":"https:\/\/expressometro.mx\/wp-content\/uploads\/2023\/04\/IMG-20230410-WA0016.jpg","contentUrl":"https:\/\/expressometro.mx\/wp-content\/uploads\/2023\/04\/IMG-20230410-WA0016.jpg","width":960,"height":434},{"@type":"BreadcrumbList","@id":"https:\/\/expressometro.mx\/index.php\/2023\/04\/06\/pletorico-acto-de-apoyo-a-alejandra-del-moral-con-la-fuerza-del-norte-mexiquense\/#breadcrumb","itemListElement":[{"@type":"ListItem","position":1,"name":"Inicio","item":"https:\/\/expressometro.mx\/"},{"@type":"ListItem","position":2,"name":"PLET\u00d3RICO ACTO DE APOYO A ALEJANDRA DEL MORAL CON LA FUERZA DEL NORTE MEXIQUENSE"}]},{"@type":"WebSite","@id":"https:\/\/expressometro.mx\/#website","url":"https:\/\/expressometro.mx\/","name":"Expresso Metropolitano","description":"Periodismo comprometido, informaci\u00f3n, investigaci\u00f3n y an\u00e1lisis","publisher":{"@id":"https:\/\/expressometro.mx\/#organization"},"potentialAction":[{"@type":"SearchAction","target":{"@type":"EntryPoint","urlTemplate":"https:\/\/expressometro.mx\/?s={search_term_string}"},"query-input":{"@type":"PropertyValueSpecification","valueRequired":true,"valueName":"search_term_string"}}],"inLanguage":"es"},{"@type":"Organization","@id":"https:\/\/expressometro.mx\/#organization","name":"Expresso Metropolitano","url":"https:\/\/expressometro.mx\/","logo":{"@type":"ImageObject","inLanguage":"es","@id":"https:\/\/expressometro.mx\/#\/schema\/logo\/image\/","url":"https:\/\/expressometro.mx\/wp-content\/uploads\/2019\/07\/cropped-Logo-Expresso-Metropolitano-1-1.jpeg","contentUrl":"https:\/\/expressometro.mx\/wp-content\/uploads\/2019\/07\/cropped-Logo-Expresso-Metropolitano-1-1.jpeg","width":290,"height":73,"caption":"Expresso Metropolitano"},"image":{"@id":"https:\/\/expressometro.mx\/#\/schema\/logo\/image\/"}},{"@type":"Person","@id":"https:\/\/expressometro.mx\/#\/schema\/person\/67a95b8e3862085c7598f66237488f1f","name":"Cecilia Vega","image":{"@type":"ImageObject","inLanguage":"es","@id":"https:\/\/secure.gravatar.com\/avatar\/13aae9944ab2ee472a9e407c9487fdbd03b049abaa559af32fe5dbcf615c981b?s=96&d=mm&r=g","url":"https:\/\/secure.gravatar.com\/avatar\/13aae9944ab2ee472a9e407c9487fdbd03b049abaa559af32fe5dbcf615c981b?s=96&d=mm&r=g","contentUrl":"https:\/\/secure.gravatar.com\/avatar\/13aae9944ab2ee472a9e407c9487fdbd03b049abaa559af32fe5dbcf615c981b?s=96&d=mm&r=g","caption":"Cecilia Vega"},"url":"https:\/\/expressometro.mx\/index.php\/author\/cecilia-vega\/"}]}},"amp_enabled":true,"_links":{"self":[{"href":"https:\/\/expressometro.mx\/index.php\/wp-json\/wp\/v2\/posts\/6998","targetHints":{"allow":["GET"]}}],"collection":[{"href":"https:\/\/expressometro.mx\/index.php\/wp-json\/wp\/v2\/posts"}],"about":[{"href":"https:\/\/expressometro.mx\/index.php\/wp-json\/wp\/v2\/types\/post"}],"author":[{"embeddable":true,"href":"https:\/\/expressometro.mx\/index.php\/wp-json\/wp\/v2\/users\/2"}],"replies":[{"embeddable":true,"href":"https:\/\/expressometro.mx\/index.php\/wp-json\/wp\/v2\/comments?post=6998"}],"version-history":[{"count":1,"href":"https:\/\/expressometro.mx\/index.php\/wp-json\/wp\/v2\/posts\/6998\/revisions"}],"predecessor-version":[{"id":7002,"href":"https:\/\/expressometro.mx\/index.php\/wp-json\/wp\/v2\/posts\/6998\/revisions\/7002"}],"wp:attachment":[{"href":"https:\/\/expressometro.mx\/index.php\/wp-json\/wp\/v2\/media?parent=6998"}],"wp:term":[{"taxonomy":"category","embeddable":true,"href":"https:\/\/expressometro.mx\/index.php\/wp-json\/wp\/v2\/categories?post=6998"},{"taxonomy":"post_tag","embeddable":true,"href":"https:\/\/expressometro.mx\/index.php\/wp-json\/wp\/v2\/tags?post=6998"}],"curies":[{"name":"wp","href":"https:\/\/api.w.org\/{rel}","templated":true}]}}