{"id":6979,"date":"2023-04-02T21:15:18","date_gmt":"2023-04-03T02:15:18","guid":{"rendered":"https:\/\/expressometro.mx\/?p=6979"},"modified":"2023-04-03T21:42:53","modified_gmt":"2023-04-04T02:42:53","slug":"instalan-voluntariado-nacional-de-ammacal","status":"publish","type":"post","link":"https:\/\/expressometro.mx\/index.php\/2023\/04\/02\/instalan-voluntariado-nacional-de-ammacal\/","title":{"rendered":"INSTALAN VOLUNTARIADO NACIONAL DE AMMAC"},"content":{"rendered":"\n<p>Al destacar la importancia de proyectar la visi\u00f3n altruista entre la sociedad civil, la Directora Nacional del Voluntariado de la Asociaci\u00f3n de Municipios de M\u00e9xico (AMMAC),  Rosana Guadalupe Richard Carrola,  destac\u00f3 la convicci\u00f3n de ayudar desde todas las trincheras para mejorar las condiciones de vida en el Pa\u00eds. <\/p>\n\n\n\n<p>En la toma de protesta del Voluntariado AMMAC del  Estado de M\u00e9xico que se realiz\u00f3 en la Sede del Congreso local, resalt\u00f3 la participaci\u00f3n de la Presidenta Ejecutiva de la Asociaci\u00f3n de Municipios de Mexico, Claudia V\u00e1zquez Luna, quien procedi\u00f3, por primera vez en su historia, a la instalaci\u00f3n de un Voluntariado Nacional.<\/p>\n\n\n\n<p> Ante m\u00e1s de 200 asistentes  de la sociedad civil se tom\u00f3 protesta a la Diputada Isabel Sanchez Holgu\u00edn , como la primer Directora del Voluntariado AMMAC  en el Estado de M\u00e9xico, quien afirm\u00f3 que es fundamental tener la conciencia de que s\u00f3lo el trabajo en equipo desde el coraz\u00f3n, la conciencia y la raz\u00f3n puede generar resultados de impacto en la sociedad, por lo que invit\u00f3 a las 60 damas Voluntarias  y Miembros honor\u00edficos que rindieron protesta a buscar la verdadera conciliaci\u00f3n del Estado de M\u00e9xico.<\/p>\n\n\n\n<p>Rodrigo Reina Liceaga, miembro benefactor del Voluntariado y Director de Vinculaci\u00f3n Pol\u00edtica de la AMMAC, argument\u00f3 que el voluntariado es, sobre todo, el reflejo de una conciencia social, convertida en acci\u00f3n para dar respuesta organizada a las necesidades sociales, desde el compromiso, la cooperaci\u00f3n y la apuesta por el bien com\u00fan.<\/p>\n\n\n\n<p>A trav\u00e9s de un video, la Senadora Beatriz Paredes Rangel, quien siempre ha contribuido a fomentar el altruismo, filantrop\u00eda y servicios de apoyo a sectores vulnerables en el contexto actual, y como madrina del voluntariado Nacional felicit\u00f3 a las y los nuevos integrantes del Voluntariado, afirmando su respaldo a este movimiento altruista nacional, Cabe resaltar el respaldo de la madrina del Voluntariado AMMAC  EDOMEX, Dip. Ana Lilia Herrera Anzaldo,  quien en su representaci\u00f3n la Diputada  Mar\u00eda Teresa  Ochoa  Mejia, llam\u00f3 a fortalecer en la ciudadan\u00eda la conciencia de que en sus manos est\u00e1 el poder del cambio. <\/p>\n\n\n\n<p><\/p>\n\n\n\n<p>La Asociaci\u00f3n de  Municipios de M\u00e9xico A.C. instala por primera vez un Voluntariado Nacional, integrado por mujeres profesionistas, empresarias, servidoras publicas, pol\u00edticas, artistas, y lideres sociales, que tendr\u00e1 presencia en las  32 entidades federativas de la Rep\u00fablica Mexicana.<\/p>\n\n\n\n<p><img loading=\"lazy\" decoding=\"async\" width=\"150\" height=\"100\" class=\"wp-image-6981\" style=\"width: 150px;\" src=\"http:\/\/expressometro.mx\/wp-content\/uploads\/2023\/04\/IMG-20230403-WA0004.jpg\" alt=\"\" srcset=\"https:\/\/expressometro.mx\/wp-content\/uploads\/2023\/04\/IMG-20230403-WA0004.jpg 1280w, https:\/\/expressometro.mx\/wp-content\/uploads\/2023\/04\/IMG-20230403-WA0004-548x365.jpg 548w, https:\/\/expressometro.mx\/wp-content\/uploads\/2023\/04\/IMG-20230403-WA0004-721x480.jpg 721w, https:\/\/expressometro.mx\/wp-content\/uploads\/2023\/04\/IMG-20230403-WA0004-768x511.jpg 768w\" sizes=\"auto, (max-width: 150px) 100vw, 150px\" \/><\/p>\n\n\n\n<p><img loading=\"lazy\" decoding=\"async\" width=\"150\" height=\"100\" class=\"wp-image-6982\" style=\"width: 150px;\" src=\"http:\/\/expressometro.mx\/wp-content\/uploads\/2023\/04\/IMG-20230403-WA0007.jpg\" alt=\"\" srcset=\"https:\/\/expressometro.mx\/wp-content\/uploads\/2023\/04\/IMG-20230403-WA0007.jpg 1080w, https:\/\/expressometro.mx\/wp-content\/uploads\/2023\/04\/IMG-20230403-WA0007-549x365.jpg 549w, https:\/\/expressometro.mx\/wp-content\/uploads\/2023\/04\/IMG-20230403-WA0007-722x480.jpg 722w, https:\/\/expressometro.mx\/wp-content\/uploads\/2023\/04\/IMG-20230403-WA0007-768x511.jpg 768w\" sizes=\"auto, (max-width: 150px) 100vw, 150px\" \/><\/p>\n","protected":false},"excerpt":{"rendered":"<p>Al destacar la importancia de proyectar la visi\u00f3n altruista entre la sociedad civil, la Directora Nacional del Voluntariado de la Asociaci\u00f3n de Municipios de M\u00e9xico (AMMAC), Rosana Guadalupe Richard Carrola, destac\u00f3 la convicci\u00f3n de ayudar desde todas las trincheras para mejorar las condiciones de vida en el Pa\u00eds. En la toma de protesta del Voluntariado AMMAC del Estado de M\u00e9xico que se realiz\u00f3 en la Sede del Congreso local, resalt\u00f3 la participaci\u00f3n de la Presidenta Ejecutiva de la Asociaci\u00f3n de Municipios de Mexico, Claudia V\u00e1zquez Luna, quien procedi\u00f3, por primera&hellip;<\/p>\n","protected":false},"author":2,"featured_media":0,"comment_status":"open","ping_status":"open","sticky":false,"template":"","format":"standard","meta":{"footnotes":""},"categories":[1],"tags":[],"class_list":["post-6979","post","type-post","status-publish","format-standard","hentry","category-otros"],"yoast_head":"<!-- This site is optimized with the Yoast SEO plugin v27.5 - https:\/\/yoast.com\/product\/yoast-seo-wordpress\/ -->\n<title>INSTALAN VOLUNTARIADO NACIONAL DE AMMAC - Expresso Metropolitano<\/title>\n<meta name=\"robots\" content=\"index, follow, max-snippet:-1, max-image-preview:large, max-video-preview:-1\" \/>\n<link rel=\"canonical\" href=\"https:\/\/expressometro.mx\/index.php\/2023\/04\/02\/instalan-voluntariado-nacional-de-ammacal\/\" \/>\n<meta property=\"og:locale\" content=\"es_MX\" \/>\n<meta property=\"og:type\" content=\"article\" \/>\n<meta property=\"og:title\" content=\"INSTALAN VOLUNTARIADO NACIONAL DE AMMAC - Expresso Metropolitano\" \/>\n<meta property=\"og:description\" content=\"Al destacar la importancia de proyectar la visi\u00f3n altruista entre la sociedad civil, la Directora Nacional del Voluntariado de la Asociaci\u00f3n de Municipios de M\u00e9xico (AMMAC), Rosana Guadalupe Richard Carrola, destac\u00f3 la convicci\u00f3n de ayudar desde todas las trincheras para mejorar las condiciones de vida en el Pa\u00eds. En la toma de protesta del Voluntariado AMMAC del Estado de M\u00e9xico que se realiz\u00f3 en la Sede del Congreso local, resalt\u00f3 la participaci\u00f3n de la Presidenta Ejecutiva de la Asociaci\u00f3n de Municipios de Mexico, Claudia V\u00e1zquez Luna, quien procedi\u00f3, por primera&hellip;\" \/>\n<meta property=\"og:url\" content=\"https:\/\/expressometro.mx\/index.php\/2023\/04\/02\/instalan-voluntariado-nacional-de-ammacal\/\" \/>\n<meta property=\"og:site_name\" content=\"Expresso Metropolitano\" \/>\n<meta property=\"article:published_time\" content=\"2023-04-03T02:15:18+00:00\" \/>\n<meta property=\"article:modified_time\" content=\"2023-04-04T02:42:53+00:00\" \/>\n<meta property=\"og:image\" content=\"http:\/\/expressometro.mx\/wp-content\/uploads\/2023\/04\/IMG-20230403-WA0004.jpg\" \/>\n<meta name=\"author\" content=\"Cecilia Vega\" \/>\n<meta name=\"twitter:label1\" content=\"Escrito por\" \/>\n\t<meta name=\"twitter:data1\" content=\"Cecilia Vega\" \/>\n\t<meta name=\"twitter:label2\" content=\"Tiempo de lectura\" \/>\n\t<meta name=\"twitter:data2\" content=\"3 minutos\" \/>\n<script type=\"application\/ld+json\" class=\"yoast-schema-graph\">{\"@context\":\"https:\\\/\\\/schema.org\",\"@graph\":[{\"@type\":\"Article\",\"@id\":\"https:\\\/\\\/expressometro.mx\\\/index.php\\\/2023\\\/04\\\/02\\\/instalan-voluntariado-nacional-de-ammacal\\\/#article\",\"isPartOf\":{\"@id\":\"https:\\\/\\\/expressometro.mx\\\/index.php\\\/2023\\\/04\\\/02\\\/instalan-voluntariado-nacional-de-ammacal\\\/\"},\"author\":{\"name\":\"Cecilia Vega\",\"@id\":\"https:\\\/\\\/expressometro.mx\\\/#\\\/schema\\\/person\\\/67a95b8e3862085c7598f66237488f1f\"},\"headline\":\"INSTALAN VOLUNTARIADO NACIONAL DE AMMAC\",\"datePublished\":\"2023-04-03T02:15:18+00:00\",\"dateModified\":\"2023-04-04T02:42:53+00:00\",\"mainEntityOfPage\":{\"@id\":\"https:\\\/\\\/expressometro.mx\\\/index.php\\\/2023\\\/04\\\/02\\\/instalan-voluntariado-nacional-de-ammacal\\\/\"},\"wordCount\":408,\"commentCount\":0,\"publisher\":{\"@id\":\"https:\\\/\\\/expressometro.mx\\\/#organization\"},\"image\":{\"@id\":\"https:\\\/\\\/expressometro.mx\\\/index.php\\\/2023\\\/04\\\/02\\\/instalan-voluntariado-nacional-de-ammacal\\\/#primaryimage\"},\"thumbnailUrl\":\"http:\\\/\\\/expressometro.mx\\\/wp-content\\\/uploads\\\/2023\\\/04\\\/IMG-20230403-WA0004.jpg\",\"articleSection\":[\"Otros\"],\"inLanguage\":\"es\",\"potentialAction\":[{\"@type\":\"CommentAction\",\"name\":\"Comment\",\"target\":[\"https:\\\/\\\/expressometro.mx\\\/index.php\\\/2023\\\/04\\\/02\\\/instalan-voluntariado-nacional-de-ammacal\\\/#respond\"]}]},{\"@type\":\"WebPage\",\"@id\":\"https:\\\/\\\/expressometro.mx\\\/index.php\\\/2023\\\/04\\\/02\\\/instalan-voluntariado-nacional-de-ammacal\\\/\",\"url\":\"https:\\\/\\\/expressometro.mx\\\/index.php\\\/2023\\\/04\\\/02\\\/instalan-voluntariado-nacional-de-ammacal\\\/\",\"name\":\"INSTALAN VOLUNTARIADO NACIONAL DE AMMAC - Expresso Metropolitano\",\"isPartOf\":{\"@id\":\"https:\\\/\\\/expressometro.mx\\\/#website\"},\"primaryImageOfPage\":{\"@id\":\"https:\\\/\\\/expressometro.mx\\\/index.php\\\/2023\\\/04\\\/02\\\/instalan-voluntariado-nacional-de-ammacal\\\/#primaryimage\"},\"image\":{\"@id\":\"https:\\\/\\\/expressometro.mx\\\/index.php\\\/2023\\\/04\\\/02\\\/instalan-voluntariado-nacional-de-ammacal\\\/#primaryimage\"},\"thumbnailUrl\":\"http:\\\/\\\/expressometro.mx\\\/wp-content\\\/uploads\\\/2023\\\/04\\\/IMG-20230403-WA0004.jpg\",\"datePublished\":\"2023-04-03T02:15:18+00:00\",\"dateModified\":\"2023-04-04T02:42:53+00:00\",\"breadcrumb\":{\"@id\":\"https:\\\/\\\/expressometro.mx\\\/index.php\\\/2023\\\/04\\\/02\\\/instalan-voluntariado-nacional-de-ammacal\\\/#breadcrumb\"},\"inLanguage\":\"es\",\"potentialAction\":[{\"@type\":\"ReadAction\",\"target\":[\"https:\\\/\\\/expressometro.mx\\\/index.php\\\/2023\\\/04\\\/02\\\/instalan-voluntariado-nacional-de-ammacal\\\/\"]}]},{\"@type\":\"ImageObject\",\"inLanguage\":\"es\",\"@id\":\"https:\\\/\\\/expressometro.mx\\\/index.php\\\/2023\\\/04\\\/02\\\/instalan-voluntariado-nacional-de-ammacal\\\/#primaryimage\",\"url\":\"https:\\\/\\\/expressometro.mx\\\/wp-content\\\/uploads\\\/2023\\\/04\\\/IMG-20230403-WA0004.jpg\",\"contentUrl\":\"https:\\\/\\\/expressometro.mx\\\/wp-content\\\/uploads\\\/2023\\\/04\\\/IMG-20230403-WA0004.jpg\",\"width\":1280,\"height\":852},{\"@type\":\"BreadcrumbList\",\"@id\":\"https:\\\/\\\/expressometro.mx\\\/index.php\\\/2023\\\/04\\\/02\\\/instalan-voluntariado-nacional-de-ammacal\\\/#breadcrumb\",\"itemListElement\":[{\"@type\":\"ListItem\",\"position\":1,\"name\":\"Inicio\",\"item\":\"https:\\\/\\\/expressometro.mx\\\/\"},{\"@type\":\"ListItem\",\"position\":2,\"name\":\"INSTALAN VOLUNTARIADO NACIONAL DE AMMAC\"}]},{\"@type\":\"WebSite\",\"@id\":\"https:\\\/\\\/expressometro.mx\\\/#website\",\"url\":\"https:\\\/\\\/expressometro.mx\\\/\",\"name\":\"Expresso Metropolitano\",\"description\":\"Periodismo comprometido, informaci\u00f3n, investigaci\u00f3n y an\u00e1lisis\",\"publisher\":{\"@id\":\"https:\\\/\\\/expressometro.mx\\\/#organization\"},\"potentialAction\":[{\"@type\":\"SearchAction\",\"target\":{\"@type\":\"EntryPoint\",\"urlTemplate\":\"https:\\\/\\\/expressometro.mx\\\/?s={search_term_string}\"},\"query-input\":{\"@type\":\"PropertyValueSpecification\",\"valueRequired\":true,\"valueName\":\"search_term_string\"}}],\"inLanguage\":\"es\"},{\"@type\":\"Organization\",\"@id\":\"https:\\\/\\\/expressometro.mx\\\/#organization\",\"name\":\"Expresso Metropolitano\",\"url\":\"https:\\\/\\\/expressometro.mx\\\/\",\"logo\":{\"@type\":\"ImageObject\",\"inLanguage\":\"es\",\"@id\":\"https:\\\/\\\/expressometro.mx\\\/#\\\/schema\\\/logo\\\/image\\\/\",\"url\":\"https:\\\/\\\/expressometro.mx\\\/wp-content\\\/uploads\\\/2019\\\/07\\\/cropped-Logo-Expresso-Metropolitano-1-1.jpeg\",\"contentUrl\":\"https:\\\/\\\/expressometro.mx\\\/wp-content\\\/uploads\\\/2019\\\/07\\\/cropped-Logo-Expresso-Metropolitano-1-1.jpeg\",\"width\":290,\"height\":73,\"caption\":\"Expresso Metropolitano\"},\"image\":{\"@id\":\"https:\\\/\\\/expressometro.mx\\\/#\\\/schema\\\/logo\\\/image\\\/\"}},{\"@type\":\"Person\",\"@id\":\"https:\\\/\\\/expressometro.mx\\\/#\\\/schema\\\/person\\\/67a95b8e3862085c7598f66237488f1f\",\"name\":\"Cecilia Vega\",\"image\":{\"@type\":\"ImageObject\",\"inLanguage\":\"es\",\"@id\":\"https:\\\/\\\/secure.gravatar.com\\\/avatar\\\/13aae9944ab2ee472a9e407c9487fdbd03b049abaa559af32fe5dbcf615c981b?s=96&d=mm&r=g\",\"url\":\"https:\\\/\\\/secure.gravatar.com\\\/avatar\\\/13aae9944ab2ee472a9e407c9487fdbd03b049abaa559af32fe5dbcf615c981b?s=96&d=mm&r=g\",\"contentUrl\":\"https:\\\/\\\/secure.gravatar.com\\\/avatar\\\/13aae9944ab2ee472a9e407c9487fdbd03b049abaa559af32fe5dbcf615c981b?s=96&d=mm&r=g\",\"caption\":\"Cecilia Vega\"},\"url\":\"https:\\\/\\\/expressometro.mx\\\/index.php\\\/author\\\/cecilia-vega\\\/\"}]}<\/script>\n<!-- \/ Yoast SEO plugin. -->","yoast_head_json":{"title":"INSTALAN VOLUNTARIADO NACIONAL DE AMMAC - Expresso Metropolitano","robots":{"index":"index","follow":"follow","max-snippet":"max-snippet:-1","max-image-preview":"max-image-preview:large","max-video-preview":"max-video-preview:-1"},"canonical":"https:\/\/expressometro.mx\/index.php\/2023\/04\/02\/instalan-voluntariado-nacional-de-ammacal\/","og_locale":"es_MX","og_type":"article","og_title":"INSTALAN VOLUNTARIADO NACIONAL DE AMMAC - Expresso Metropolitano","og_description":"Al destacar la importancia de proyectar la visi\u00f3n altruista entre la sociedad civil, la Directora Nacional del Voluntariado de la Asociaci\u00f3n de Municipios de M\u00e9xico (AMMAC), Rosana Guadalupe Richard Carrola, destac\u00f3 la convicci\u00f3n de ayudar desde todas las trincheras para mejorar las condiciones de vida en el Pa\u00eds. En la toma de protesta del Voluntariado AMMAC del Estado de M\u00e9xico que se realiz\u00f3 en la Sede del Congreso local, resalt\u00f3 la participaci\u00f3n de la Presidenta Ejecutiva de la Asociaci\u00f3n de Municipios de Mexico, Claudia V\u00e1zquez Luna, quien procedi\u00f3, por primera&hellip;","og_url":"https:\/\/expressometro.mx\/index.php\/2023\/04\/02\/instalan-voluntariado-nacional-de-ammacal\/","og_site_name":"Expresso Metropolitano","article_published_time":"2023-04-03T02:15:18+00:00","article_modified_time":"2023-04-04T02:42:53+00:00","og_image":[{"url":"http:\/\/expressometro.mx\/wp-content\/uploads\/2023\/04\/IMG-20230403-WA0004.jpg","type":"","width":"","height":""}],"author":"Cecilia Vega","twitter_misc":{"Escrito por":"Cecilia Vega","Tiempo de lectura":"3 minutos"},"schema":{"@context":"https:\/\/schema.org","@graph":[{"@type":"Article","@id":"https:\/\/expressometro.mx\/index.php\/2023\/04\/02\/instalan-voluntariado-nacional-de-ammacal\/#article","isPartOf":{"@id":"https:\/\/expressometro.mx\/index.php\/2023\/04\/02\/instalan-voluntariado-nacional-de-ammacal\/"},"author":{"name":"Cecilia Vega","@id":"https:\/\/expressometro.mx\/#\/schema\/person\/67a95b8e3862085c7598f66237488f1f"},"headline":"INSTALAN VOLUNTARIADO NACIONAL DE AMMAC","datePublished":"2023-04-03T02:15:18+00:00","dateModified":"2023-04-04T02:42:53+00:00","mainEntityOfPage":{"@id":"https:\/\/expressometro.mx\/index.php\/2023\/04\/02\/instalan-voluntariado-nacional-de-ammacal\/"},"wordCount":408,"commentCount":0,"publisher":{"@id":"https:\/\/expressometro.mx\/#organization"},"image":{"@id":"https:\/\/expressometro.mx\/index.php\/2023\/04\/02\/instalan-voluntariado-nacional-de-ammacal\/#primaryimage"},"thumbnailUrl":"http:\/\/expressometro.mx\/wp-content\/uploads\/2023\/04\/IMG-20230403-WA0004.jpg","articleSection":["Otros"],"inLanguage":"es","potentialAction":[{"@type":"CommentAction","name":"Comment","target":["https:\/\/expressometro.mx\/index.php\/2023\/04\/02\/instalan-voluntariado-nacional-de-ammacal\/#respond"]}]},{"@type":"WebPage","@id":"https:\/\/expressometro.mx\/index.php\/2023\/04\/02\/instalan-voluntariado-nacional-de-ammacal\/","url":"https:\/\/expressometro.mx\/index.php\/2023\/04\/02\/instalan-voluntariado-nacional-de-ammacal\/","name":"INSTALAN VOLUNTARIADO NACIONAL DE AMMAC - Expresso Metropolitano","isPartOf":{"@id":"https:\/\/expressometro.mx\/#website"},"primaryImageOfPage":{"@id":"https:\/\/expressometro.mx\/index.php\/2023\/04\/02\/instalan-voluntariado-nacional-de-ammacal\/#primaryimage"},"image":{"@id":"https:\/\/expressometro.mx\/index.php\/2023\/04\/02\/instalan-voluntariado-nacional-de-ammacal\/#primaryimage"},"thumbnailUrl":"http:\/\/expressometro.mx\/wp-content\/uploads\/2023\/04\/IMG-20230403-WA0004.jpg","datePublished":"2023-04-03T02:15:18+00:00","dateModified":"2023-04-04T02:42:53+00:00","breadcrumb":{"@id":"https:\/\/expressometro.mx\/index.php\/2023\/04\/02\/instalan-voluntariado-nacional-de-ammacal\/#breadcrumb"},"inLanguage":"es","potentialAction":[{"@type":"ReadAction","target":["https:\/\/expressometro.mx\/index.php\/2023\/04\/02\/instalan-voluntariado-nacional-de-ammacal\/"]}]},{"@type":"ImageObject","inLanguage":"es","@id":"https:\/\/expressometro.mx\/index.php\/2023\/04\/02\/instalan-voluntariado-nacional-de-ammacal\/#primaryimage","url":"https:\/\/expressometro.mx\/wp-content\/uploads\/2023\/04\/IMG-20230403-WA0004.jpg","contentUrl":"https:\/\/expressometro.mx\/wp-content\/uploads\/2023\/04\/IMG-20230403-WA0004.jpg","width":1280,"height":852},{"@type":"BreadcrumbList","@id":"https:\/\/expressometro.mx\/index.php\/2023\/04\/02\/instalan-voluntariado-nacional-de-ammacal\/#breadcrumb","itemListElement":[{"@type":"ListItem","position":1,"name":"Inicio","item":"https:\/\/expressometro.mx\/"},{"@type":"ListItem","position":2,"name":"INSTALAN VOLUNTARIADO NACIONAL DE AMMAC"}]},{"@type":"WebSite","@id":"https:\/\/expressometro.mx\/#website","url":"https:\/\/expressometro.mx\/","name":"Expresso Metropolitano","description":"Periodismo comprometido, informaci\u00f3n, investigaci\u00f3n y an\u00e1lisis","publisher":{"@id":"https:\/\/expressometro.mx\/#organization"},"potentialAction":[{"@type":"SearchAction","target":{"@type":"EntryPoint","urlTemplate":"https:\/\/expressometro.mx\/?s={search_term_string}"},"query-input":{"@type":"PropertyValueSpecification","valueRequired":true,"valueName":"search_term_string"}}],"inLanguage":"es"},{"@type":"Organization","@id":"https:\/\/expressometro.mx\/#organization","name":"Expresso Metropolitano","url":"https:\/\/expressometro.mx\/","logo":{"@type":"ImageObject","inLanguage":"es","@id":"https:\/\/expressometro.mx\/#\/schema\/logo\/image\/","url":"https:\/\/expressometro.mx\/wp-content\/uploads\/2019\/07\/cropped-Logo-Expresso-Metropolitano-1-1.jpeg","contentUrl":"https:\/\/expressometro.mx\/wp-content\/uploads\/2019\/07\/cropped-Logo-Expresso-Metropolitano-1-1.jpeg","width":290,"height":73,"caption":"Expresso Metropolitano"},"image":{"@id":"https:\/\/expressometro.mx\/#\/schema\/logo\/image\/"}},{"@type":"Person","@id":"https:\/\/expressometro.mx\/#\/schema\/person\/67a95b8e3862085c7598f66237488f1f","name":"Cecilia Vega","image":{"@type":"ImageObject","inLanguage":"es","@id":"https:\/\/secure.gravatar.com\/avatar\/13aae9944ab2ee472a9e407c9487fdbd03b049abaa559af32fe5dbcf615c981b?s=96&d=mm&r=g","url":"https:\/\/secure.gravatar.com\/avatar\/13aae9944ab2ee472a9e407c9487fdbd03b049abaa559af32fe5dbcf615c981b?s=96&d=mm&r=g","contentUrl":"https:\/\/secure.gravatar.com\/avatar\/13aae9944ab2ee472a9e407c9487fdbd03b049abaa559af32fe5dbcf615c981b?s=96&d=mm&r=g","caption":"Cecilia Vega"},"url":"https:\/\/expressometro.mx\/index.php\/author\/cecilia-vega\/"}]}},"amp_enabled":true,"_links":{"self":[{"href":"https:\/\/expressometro.mx\/index.php\/wp-json\/wp\/v2\/posts\/6979","targetHints":{"allow":["GET"]}}],"collection":[{"href":"https:\/\/expressometro.mx\/index.php\/wp-json\/wp\/v2\/posts"}],"about":[{"href":"https:\/\/expressometro.mx\/index.php\/wp-json\/wp\/v2\/types\/post"}],"author":[{"embeddable":true,"href":"https:\/\/expressometro.mx\/index.php\/wp-json\/wp\/v2\/users\/2"}],"replies":[{"embeddable":true,"href":"https:\/\/expressometro.mx\/index.php\/wp-json\/wp\/v2\/comments?post=6979"}],"version-history":[{"count":2,"href":"https:\/\/expressometro.mx\/index.php\/wp-json\/wp\/v2\/posts\/6979\/revisions"}],"predecessor-version":[{"id":6986,"href":"https:\/\/expressometro.mx\/index.php\/wp-json\/wp\/v2\/posts\/6979\/revisions\/6986"}],"wp:attachment":[{"href":"https:\/\/expressometro.mx\/index.php\/wp-json\/wp\/v2\/media?parent=6979"}],"wp:term":[{"taxonomy":"category","embeddable":true,"href":"https:\/\/expressometro.mx\/index.php\/wp-json\/wp\/v2\/categories?post=6979"},{"taxonomy":"post_tag","embeddable":true,"href":"https:\/\/expressometro.mx\/index.php\/wp-json\/wp\/v2\/tags?post=6979"}],"curies":[{"name":"wp","href":"https:\/\/api.w.org\/{rel}","templated":true}]}}