{"id":6974,"date":"2023-02-28T22:08:30","date_gmt":"2023-03-01T04:08:30","guid":{"rendered":"https:\/\/expressometro.mx\/?p=6974"},"modified":"2023-03-29T22:10:09","modified_gmt":"2023-03-30T04:10:09","slug":"entra-jiquipilco-a-fase-de-embellecimiento","status":"publish","type":"post","link":"https:\/\/expressometro.mx\/index.php\/2023\/02\/28\/entra-jiquipilco-a-fase-de-embellecimiento\/","title":{"rendered":"ENTRA JIQUIPILCO A FASE DE EMBELLECIMIENTO"},"content":{"rendered":"\n<p> Jiquipilco ha tenido a bien el honor de ser nombrado Pueblo con Encanto, derivado de la misma y con el af\u00e1n de mantener dicho nombramiento se va a mejorar la imagen del municipio, esto con el fin de traer mayor turismo y beneficios econ\u00f3micos para los habitantes.<\/p>\n\n\n\n<p>  Asi tambi\u00e9n se informa a los transportistas, comerciantes, propietarios de locales y a la ciudan\u00eda en general, que a partir del 1 de abril se deber\u00e1n liberar las calles Francisco Villa y Benito Ju\u00e1rez para hacer de \u00e9stas doble sentido en la circulaci\u00f3n vehicular.   <\/p>\n\n\n\n<p>La calle L\u00e1zaro C\u00e1rdenas fluir\u00e1 de oriente a poniente en un solo sentido y queda prohibido el estacionamiento de veh\u00edculos en un horario de 6:00 a 20:00 horas.  <\/p>\n\n\n\n<p>Se deber\u00e1n liberar las banquetas de todo tipo de elementos que puedan afectar el tr\u00e1nsito del peat\u00f3n dando prioridad a las personas con alguna discapacidad.<\/p>\n\n\n\n<p>  Se deber\u00e1 respetar el 1 a 1 en veh\u00edculos, dando prioridad al transe\u00fante. As\u00ed tambi\u00e9n, se exhorta a la poblaci\u00f3n en general a mantener las calles, parques, jardines y espacios p\u00fablicos limpios y depositar la basura en su lugar, esto para que nuestros visitantes y habitantes puedan disfrutar de un entorno sano y una imagen digna de los jiquipilquenses. <\/p>\n\n\n\n<p>Finalmente, hacer de su conocimiento que este nombramiento se ha dado gracias al esfuerzo de cada uno de los habitantes, nuestro compromiso es ahora en mantener tan honrosa representaci\u00f3n y continuar trabajando hombro con hombro, gobierno y sociedad, por el beneficio de nuestro municipio.<\/p>\n\n\n\n<p><img decoding=\"async\" width=\"150\" height=\"87\" class=\"wp-image-6976\" style=\"width: 150px;\" src=\"http:\/\/expressometro.mx\/wp-content\/uploads\/2023\/03\/IMG-20230329-WA0012.jpg\" alt=\"\" srcset=\"https:\/\/expressometro.mx\/wp-content\/uploads\/2023\/03\/IMG-20230329-WA0012.jpg 1280w, https:\/\/expressometro.mx\/wp-content\/uploads\/2023\/03\/IMG-20230329-WA0012-626x365.jpg 626w, https:\/\/expressometro.mx\/wp-content\/uploads\/2023\/03\/IMG-20230329-WA0012-824x480.jpg 824w, https:\/\/expressometro.mx\/wp-content\/uploads\/2023\/03\/IMG-20230329-WA0012-768x448.jpg 768w\" sizes=\"(max-width: 150px) 100vw, 150px\" \/><\/p>\n","protected":false},"excerpt":{"rendered":"<p>Jiquipilco ha tenido a bien el honor de ser nombrado Pueblo con Encanto, derivado de la misma y con el af\u00e1n de mantener dicho nombramiento se va a mejorar la imagen del municipio, esto con el fin de traer mayor turismo y beneficios econ\u00f3micos para los habitantes. Asi tambi\u00e9n se informa a los transportistas, comerciantes, propietarios de locales y a la ciudan\u00eda en general, que a partir del 1 de abril se deber\u00e1n liberar las calles Francisco Villa y Benito Ju\u00e1rez para hacer de \u00e9stas doble sentido en la circulaci\u00f3n&hellip;<\/p>\n","protected":false},"author":2,"featured_media":0,"comment_status":"open","ping_status":"open","sticky":false,"template":"","format":"standard","meta":{"footnotes":""},"categories":[1],"tags":[],"class_list":["post-6974","post","type-post","status-publish","format-standard","hentry","category-otros"],"yoast_head":"<!-- This site is optimized with the Yoast SEO plugin v27.5 - https:\/\/yoast.com\/product\/yoast-seo-wordpress\/ -->\n<title>ENTRA JIQUIPILCO A FASE DE EMBELLECIMIENTO - Expresso Metropolitano<\/title>\n<meta name=\"robots\" content=\"index, follow, max-snippet:-1, max-image-preview:large, max-video-preview:-1\" \/>\n<link rel=\"canonical\" href=\"https:\/\/expressometro.mx\/index.php\/2023\/02\/28\/entra-jiquipilco-a-fase-de-embellecimiento\/\" \/>\n<meta property=\"og:locale\" content=\"es_MX\" \/>\n<meta property=\"og:type\" content=\"article\" \/>\n<meta property=\"og:title\" content=\"ENTRA JIQUIPILCO A FASE DE EMBELLECIMIENTO - Expresso Metropolitano\" \/>\n<meta property=\"og:description\" content=\"Jiquipilco ha tenido a bien el honor de ser nombrado Pueblo con Encanto, derivado de la misma y con el af\u00e1n de mantener dicho nombramiento se va a mejorar la imagen del municipio, esto con el fin de traer mayor turismo y beneficios econ\u00f3micos para los habitantes. Asi tambi\u00e9n se informa a los transportistas, comerciantes, propietarios de locales y a la ciudan\u00eda en general, que a partir del 1 de abril se deber\u00e1n liberar las calles Francisco Villa y Benito Ju\u00e1rez para hacer de \u00e9stas doble sentido en la circulaci\u00f3n&hellip;\" \/>\n<meta property=\"og:url\" content=\"https:\/\/expressometro.mx\/index.php\/2023\/02\/28\/entra-jiquipilco-a-fase-de-embellecimiento\/\" \/>\n<meta property=\"og:site_name\" content=\"Expresso Metropolitano\" \/>\n<meta property=\"article:published_time\" content=\"2023-03-01T04:08:30+00:00\" \/>\n<meta property=\"article:modified_time\" content=\"2023-03-30T04:10:09+00:00\" \/>\n<meta property=\"og:image\" content=\"http:\/\/expressometro.mx\/wp-content\/uploads\/2023\/03\/IMG-20230329-WA0012.jpg\" \/>\n<meta name=\"author\" content=\"Cecilia Vega\" \/>\n<meta name=\"twitter:label1\" content=\"Escrito por\" \/>\n\t<meta name=\"twitter:data1\" content=\"Cecilia Vega\" \/>\n\t<meta name=\"twitter:label2\" content=\"Tiempo de lectura\" \/>\n\t<meta name=\"twitter:data2\" content=\"2 minutos\" \/>\n<script type=\"application\/ld+json\" class=\"yoast-schema-graph\">{\"@context\":\"https:\\\/\\\/schema.org\",\"@graph\":[{\"@type\":\"Article\",\"@id\":\"https:\\\/\\\/expressometro.mx\\\/index.php\\\/2023\\\/02\\\/28\\\/entra-jiquipilco-a-fase-de-embellecimiento\\\/#article\",\"isPartOf\":{\"@id\":\"https:\\\/\\\/expressometro.mx\\\/index.php\\\/2023\\\/02\\\/28\\\/entra-jiquipilco-a-fase-de-embellecimiento\\\/\"},\"author\":{\"name\":\"Cecilia Vega\",\"@id\":\"https:\\\/\\\/expressometro.mx\\\/#\\\/schema\\\/person\\\/67a95b8e3862085c7598f66237488f1f\"},\"headline\":\"ENTRA JIQUIPILCO A FASE DE EMBELLECIMIENTO\",\"datePublished\":\"2023-03-01T04:08:30+00:00\",\"dateModified\":\"2023-03-30T04:10:09+00:00\",\"mainEntityOfPage\":{\"@id\":\"https:\\\/\\\/expressometro.mx\\\/index.php\\\/2023\\\/02\\\/28\\\/entra-jiquipilco-a-fase-de-embellecimiento\\\/\"},\"wordCount\":267,\"commentCount\":0,\"publisher\":{\"@id\":\"https:\\\/\\\/expressometro.mx\\\/#organization\"},\"image\":{\"@id\":\"https:\\\/\\\/expressometro.mx\\\/index.php\\\/2023\\\/02\\\/28\\\/entra-jiquipilco-a-fase-de-embellecimiento\\\/#primaryimage\"},\"thumbnailUrl\":\"http:\\\/\\\/expressometro.mx\\\/wp-content\\\/uploads\\\/2023\\\/03\\\/IMG-20230329-WA0012.jpg\",\"articleSection\":[\"Otros\"],\"inLanguage\":\"es\",\"potentialAction\":[{\"@type\":\"CommentAction\",\"name\":\"Comment\",\"target\":[\"https:\\\/\\\/expressometro.mx\\\/index.php\\\/2023\\\/02\\\/28\\\/entra-jiquipilco-a-fase-de-embellecimiento\\\/#respond\"]}]},{\"@type\":\"WebPage\",\"@id\":\"https:\\\/\\\/expressometro.mx\\\/index.php\\\/2023\\\/02\\\/28\\\/entra-jiquipilco-a-fase-de-embellecimiento\\\/\",\"url\":\"https:\\\/\\\/expressometro.mx\\\/index.php\\\/2023\\\/02\\\/28\\\/entra-jiquipilco-a-fase-de-embellecimiento\\\/\",\"name\":\"ENTRA JIQUIPILCO A FASE DE EMBELLECIMIENTO - Expresso Metropolitano\",\"isPartOf\":{\"@id\":\"https:\\\/\\\/expressometro.mx\\\/#website\"},\"primaryImageOfPage\":{\"@id\":\"https:\\\/\\\/expressometro.mx\\\/index.php\\\/2023\\\/02\\\/28\\\/entra-jiquipilco-a-fase-de-embellecimiento\\\/#primaryimage\"},\"image\":{\"@id\":\"https:\\\/\\\/expressometro.mx\\\/index.php\\\/2023\\\/02\\\/28\\\/entra-jiquipilco-a-fase-de-embellecimiento\\\/#primaryimage\"},\"thumbnailUrl\":\"http:\\\/\\\/expressometro.mx\\\/wp-content\\\/uploads\\\/2023\\\/03\\\/IMG-20230329-WA0012.jpg\",\"datePublished\":\"2023-03-01T04:08:30+00:00\",\"dateModified\":\"2023-03-30T04:10:09+00:00\",\"breadcrumb\":{\"@id\":\"https:\\\/\\\/expressometro.mx\\\/index.php\\\/2023\\\/02\\\/28\\\/entra-jiquipilco-a-fase-de-embellecimiento\\\/#breadcrumb\"},\"inLanguage\":\"es\",\"potentialAction\":[{\"@type\":\"ReadAction\",\"target\":[\"https:\\\/\\\/expressometro.mx\\\/index.php\\\/2023\\\/02\\\/28\\\/entra-jiquipilco-a-fase-de-embellecimiento\\\/\"]}]},{\"@type\":\"ImageObject\",\"inLanguage\":\"es\",\"@id\":\"https:\\\/\\\/expressometro.mx\\\/index.php\\\/2023\\\/02\\\/28\\\/entra-jiquipilco-a-fase-de-embellecimiento\\\/#primaryimage\",\"url\":\"https:\\\/\\\/expressometro.mx\\\/wp-content\\\/uploads\\\/2023\\\/03\\\/IMG-20230329-WA0012.jpg\",\"contentUrl\":\"https:\\\/\\\/expressometro.mx\\\/wp-content\\\/uploads\\\/2023\\\/03\\\/IMG-20230329-WA0012.jpg\",\"width\":1280,\"height\":746},{\"@type\":\"BreadcrumbList\",\"@id\":\"https:\\\/\\\/expressometro.mx\\\/index.php\\\/2023\\\/02\\\/28\\\/entra-jiquipilco-a-fase-de-embellecimiento\\\/#breadcrumb\",\"itemListElement\":[{\"@type\":\"ListItem\",\"position\":1,\"name\":\"Inicio\",\"item\":\"https:\\\/\\\/expressometro.mx\\\/\"},{\"@type\":\"ListItem\",\"position\":2,\"name\":\"ENTRA JIQUIPILCO A FASE DE EMBELLECIMIENTO\"}]},{\"@type\":\"WebSite\",\"@id\":\"https:\\\/\\\/expressometro.mx\\\/#website\",\"url\":\"https:\\\/\\\/expressometro.mx\\\/\",\"name\":\"Expresso Metropolitano\",\"description\":\"Periodismo comprometido, informaci\u00f3n, investigaci\u00f3n y an\u00e1lisis\",\"publisher\":{\"@id\":\"https:\\\/\\\/expressometro.mx\\\/#organization\"},\"potentialAction\":[{\"@type\":\"SearchAction\",\"target\":{\"@type\":\"EntryPoint\",\"urlTemplate\":\"https:\\\/\\\/expressometro.mx\\\/?s={search_term_string}\"},\"query-input\":{\"@type\":\"PropertyValueSpecification\",\"valueRequired\":true,\"valueName\":\"search_term_string\"}}],\"inLanguage\":\"es\"},{\"@type\":\"Organization\",\"@id\":\"https:\\\/\\\/expressometro.mx\\\/#organization\",\"name\":\"Expresso Metropolitano\",\"url\":\"https:\\\/\\\/expressometro.mx\\\/\",\"logo\":{\"@type\":\"ImageObject\",\"inLanguage\":\"es\",\"@id\":\"https:\\\/\\\/expressometro.mx\\\/#\\\/schema\\\/logo\\\/image\\\/\",\"url\":\"https:\\\/\\\/expressometro.mx\\\/wp-content\\\/uploads\\\/2019\\\/07\\\/cropped-Logo-Expresso-Metropolitano-1-1.jpeg\",\"contentUrl\":\"https:\\\/\\\/expressometro.mx\\\/wp-content\\\/uploads\\\/2019\\\/07\\\/cropped-Logo-Expresso-Metropolitano-1-1.jpeg\",\"width\":290,\"height\":73,\"caption\":\"Expresso Metropolitano\"},\"image\":{\"@id\":\"https:\\\/\\\/expressometro.mx\\\/#\\\/schema\\\/logo\\\/image\\\/\"}},{\"@type\":\"Person\",\"@id\":\"https:\\\/\\\/expressometro.mx\\\/#\\\/schema\\\/person\\\/67a95b8e3862085c7598f66237488f1f\",\"name\":\"Cecilia Vega\",\"image\":{\"@type\":\"ImageObject\",\"inLanguage\":\"es\",\"@id\":\"https:\\\/\\\/secure.gravatar.com\\\/avatar\\\/13aae9944ab2ee472a9e407c9487fdbd03b049abaa559af32fe5dbcf615c981b?s=96&d=mm&r=g\",\"url\":\"https:\\\/\\\/secure.gravatar.com\\\/avatar\\\/13aae9944ab2ee472a9e407c9487fdbd03b049abaa559af32fe5dbcf615c981b?s=96&d=mm&r=g\",\"contentUrl\":\"https:\\\/\\\/secure.gravatar.com\\\/avatar\\\/13aae9944ab2ee472a9e407c9487fdbd03b049abaa559af32fe5dbcf615c981b?s=96&d=mm&r=g\",\"caption\":\"Cecilia Vega\"},\"url\":\"https:\\\/\\\/expressometro.mx\\\/index.php\\\/author\\\/cecilia-vega\\\/\"}]}<\/script>\n<!-- \/ Yoast SEO plugin. -->","yoast_head_json":{"title":"ENTRA JIQUIPILCO A FASE DE EMBELLECIMIENTO - Expresso Metropolitano","robots":{"index":"index","follow":"follow","max-snippet":"max-snippet:-1","max-image-preview":"max-image-preview:large","max-video-preview":"max-video-preview:-1"},"canonical":"https:\/\/expressometro.mx\/index.php\/2023\/02\/28\/entra-jiquipilco-a-fase-de-embellecimiento\/","og_locale":"es_MX","og_type":"article","og_title":"ENTRA JIQUIPILCO A FASE DE EMBELLECIMIENTO - Expresso Metropolitano","og_description":"Jiquipilco ha tenido a bien el honor de ser nombrado Pueblo con Encanto, derivado de la misma y con el af\u00e1n de mantener dicho nombramiento se va a mejorar la imagen del municipio, esto con el fin de traer mayor turismo y beneficios econ\u00f3micos para los habitantes. Asi tambi\u00e9n se informa a los transportistas, comerciantes, propietarios de locales y a la ciudan\u00eda en general, que a partir del 1 de abril se deber\u00e1n liberar las calles Francisco Villa y Benito Ju\u00e1rez para hacer de \u00e9stas doble sentido en la circulaci\u00f3n&hellip;","og_url":"https:\/\/expressometro.mx\/index.php\/2023\/02\/28\/entra-jiquipilco-a-fase-de-embellecimiento\/","og_site_name":"Expresso Metropolitano","article_published_time":"2023-03-01T04:08:30+00:00","article_modified_time":"2023-03-30T04:10:09+00:00","og_image":[{"url":"http:\/\/expressometro.mx\/wp-content\/uploads\/2023\/03\/IMG-20230329-WA0012.jpg","type":"","width":"","height":""}],"author":"Cecilia Vega","twitter_misc":{"Escrito por":"Cecilia Vega","Tiempo de lectura":"2 minutos"},"schema":{"@context":"https:\/\/schema.org","@graph":[{"@type":"Article","@id":"https:\/\/expressometro.mx\/index.php\/2023\/02\/28\/entra-jiquipilco-a-fase-de-embellecimiento\/#article","isPartOf":{"@id":"https:\/\/expressometro.mx\/index.php\/2023\/02\/28\/entra-jiquipilco-a-fase-de-embellecimiento\/"},"author":{"name":"Cecilia Vega","@id":"https:\/\/expressometro.mx\/#\/schema\/person\/67a95b8e3862085c7598f66237488f1f"},"headline":"ENTRA JIQUIPILCO A FASE DE EMBELLECIMIENTO","datePublished":"2023-03-01T04:08:30+00:00","dateModified":"2023-03-30T04:10:09+00:00","mainEntityOfPage":{"@id":"https:\/\/expressometro.mx\/index.php\/2023\/02\/28\/entra-jiquipilco-a-fase-de-embellecimiento\/"},"wordCount":267,"commentCount":0,"publisher":{"@id":"https:\/\/expressometro.mx\/#organization"},"image":{"@id":"https:\/\/expressometro.mx\/index.php\/2023\/02\/28\/entra-jiquipilco-a-fase-de-embellecimiento\/#primaryimage"},"thumbnailUrl":"http:\/\/expressometro.mx\/wp-content\/uploads\/2023\/03\/IMG-20230329-WA0012.jpg","articleSection":["Otros"],"inLanguage":"es","potentialAction":[{"@type":"CommentAction","name":"Comment","target":["https:\/\/expressometro.mx\/index.php\/2023\/02\/28\/entra-jiquipilco-a-fase-de-embellecimiento\/#respond"]}]},{"@type":"WebPage","@id":"https:\/\/expressometro.mx\/index.php\/2023\/02\/28\/entra-jiquipilco-a-fase-de-embellecimiento\/","url":"https:\/\/expressometro.mx\/index.php\/2023\/02\/28\/entra-jiquipilco-a-fase-de-embellecimiento\/","name":"ENTRA JIQUIPILCO A FASE DE EMBELLECIMIENTO - Expresso Metropolitano","isPartOf":{"@id":"https:\/\/expressometro.mx\/#website"},"primaryImageOfPage":{"@id":"https:\/\/expressometro.mx\/index.php\/2023\/02\/28\/entra-jiquipilco-a-fase-de-embellecimiento\/#primaryimage"},"image":{"@id":"https:\/\/expressometro.mx\/index.php\/2023\/02\/28\/entra-jiquipilco-a-fase-de-embellecimiento\/#primaryimage"},"thumbnailUrl":"http:\/\/expressometro.mx\/wp-content\/uploads\/2023\/03\/IMG-20230329-WA0012.jpg","datePublished":"2023-03-01T04:08:30+00:00","dateModified":"2023-03-30T04:10:09+00:00","breadcrumb":{"@id":"https:\/\/expressometro.mx\/index.php\/2023\/02\/28\/entra-jiquipilco-a-fase-de-embellecimiento\/#breadcrumb"},"inLanguage":"es","potentialAction":[{"@type":"ReadAction","target":["https:\/\/expressometro.mx\/index.php\/2023\/02\/28\/entra-jiquipilco-a-fase-de-embellecimiento\/"]}]},{"@type":"ImageObject","inLanguage":"es","@id":"https:\/\/expressometro.mx\/index.php\/2023\/02\/28\/entra-jiquipilco-a-fase-de-embellecimiento\/#primaryimage","url":"https:\/\/expressometro.mx\/wp-content\/uploads\/2023\/03\/IMG-20230329-WA0012.jpg","contentUrl":"https:\/\/expressometro.mx\/wp-content\/uploads\/2023\/03\/IMG-20230329-WA0012.jpg","width":1280,"height":746},{"@type":"BreadcrumbList","@id":"https:\/\/expressometro.mx\/index.php\/2023\/02\/28\/entra-jiquipilco-a-fase-de-embellecimiento\/#breadcrumb","itemListElement":[{"@type":"ListItem","position":1,"name":"Inicio","item":"https:\/\/expressometro.mx\/"},{"@type":"ListItem","position":2,"name":"ENTRA JIQUIPILCO A FASE DE EMBELLECIMIENTO"}]},{"@type":"WebSite","@id":"https:\/\/expressometro.mx\/#website","url":"https:\/\/expressometro.mx\/","name":"Expresso Metropolitano","description":"Periodismo comprometido, informaci\u00f3n, investigaci\u00f3n y an\u00e1lisis","publisher":{"@id":"https:\/\/expressometro.mx\/#organization"},"potentialAction":[{"@type":"SearchAction","target":{"@type":"EntryPoint","urlTemplate":"https:\/\/expressometro.mx\/?s={search_term_string}"},"query-input":{"@type":"PropertyValueSpecification","valueRequired":true,"valueName":"search_term_string"}}],"inLanguage":"es"},{"@type":"Organization","@id":"https:\/\/expressometro.mx\/#organization","name":"Expresso Metropolitano","url":"https:\/\/expressometro.mx\/","logo":{"@type":"ImageObject","inLanguage":"es","@id":"https:\/\/expressometro.mx\/#\/schema\/logo\/image\/","url":"https:\/\/expressometro.mx\/wp-content\/uploads\/2019\/07\/cropped-Logo-Expresso-Metropolitano-1-1.jpeg","contentUrl":"https:\/\/expressometro.mx\/wp-content\/uploads\/2019\/07\/cropped-Logo-Expresso-Metropolitano-1-1.jpeg","width":290,"height":73,"caption":"Expresso Metropolitano"},"image":{"@id":"https:\/\/expressometro.mx\/#\/schema\/logo\/image\/"}},{"@type":"Person","@id":"https:\/\/expressometro.mx\/#\/schema\/person\/67a95b8e3862085c7598f66237488f1f","name":"Cecilia Vega","image":{"@type":"ImageObject","inLanguage":"es","@id":"https:\/\/secure.gravatar.com\/avatar\/13aae9944ab2ee472a9e407c9487fdbd03b049abaa559af32fe5dbcf615c981b?s=96&d=mm&r=g","url":"https:\/\/secure.gravatar.com\/avatar\/13aae9944ab2ee472a9e407c9487fdbd03b049abaa559af32fe5dbcf615c981b?s=96&d=mm&r=g","contentUrl":"https:\/\/secure.gravatar.com\/avatar\/13aae9944ab2ee472a9e407c9487fdbd03b049abaa559af32fe5dbcf615c981b?s=96&d=mm&r=g","caption":"Cecilia Vega"},"url":"https:\/\/expressometro.mx\/index.php\/author\/cecilia-vega\/"}]}},"amp_enabled":true,"_links":{"self":[{"href":"https:\/\/expressometro.mx\/index.php\/wp-json\/wp\/v2\/posts\/6974","targetHints":{"allow":["GET"]}}],"collection":[{"href":"https:\/\/expressometro.mx\/index.php\/wp-json\/wp\/v2\/posts"}],"about":[{"href":"https:\/\/expressometro.mx\/index.php\/wp-json\/wp\/v2\/types\/post"}],"author":[{"embeddable":true,"href":"https:\/\/expressometro.mx\/index.php\/wp-json\/wp\/v2\/users\/2"}],"replies":[{"embeddable":true,"href":"https:\/\/expressometro.mx\/index.php\/wp-json\/wp\/v2\/comments?post=6974"}],"version-history":[{"count":1,"href":"https:\/\/expressometro.mx\/index.php\/wp-json\/wp\/v2\/posts\/6974\/revisions"}],"predecessor-version":[{"id":6977,"href":"https:\/\/expressometro.mx\/index.php\/wp-json\/wp\/v2\/posts\/6974\/revisions\/6977"}],"wp:attachment":[{"href":"https:\/\/expressometro.mx\/index.php\/wp-json\/wp\/v2\/media?parent=6974"}],"wp:term":[{"taxonomy":"category","embeddable":true,"href":"https:\/\/expressometro.mx\/index.php\/wp-json\/wp\/v2\/categories?post=6974"},{"taxonomy":"post_tag","embeddable":true,"href":"https:\/\/expressometro.mx\/index.php\/wp-json\/wp\/v2\/tags?post=6974"}],"curies":[{"name":"wp","href":"https:\/\/api.w.org\/{rel}","templated":true}]}}