{"id":6962,"date":"2023-03-08T22:02:06","date_gmt":"2023-03-09T04:02:06","guid":{"rendered":"https:\/\/expressometro.mx\/?p=6962"},"modified":"2023-03-29T22:02:57","modified_gmt":"2023-03-30T04:02:57","slug":"anuncian-la-13va-expo-feria-del-pulque-en-jiquipilco","status":"publish","type":"post","link":"https:\/\/expressometro.mx\/index.php\/2023\/03\/08\/anuncian-la-13va-expo-feria-del-pulque-en-jiquipilco\/","title":{"rendered":"Anuncian la 13va Expo Feria del Pulque en Jiquipilco"},"content":{"rendered":"\n<p><\/p>\n\n\n\n<p>Del 11 al 26 de marzo se llevar\u00e1 a cabo la 13va. Edici\u00f3n de la Expo Feria del Pulque en Jiquipilco, la Expo Feria m\u00e1s grande de la zona norte del estado de M\u00e9xico en la que se esperan m\u00e1s de 50 mil asistentes.<\/p>\n\n\n\n<p>En conferencia de prensa, el presidente municipal de Jiquipilco, Profesor Felipe de Jes\u00fas S\u00e1nchez D\u00e1vila, revel\u00f3 que para la inauguraci\u00f3n -s\u00e1bado 18 de marzo- de la Expo Feria se podr\u00eda dar por parte del Gobierno Mexiquense la denominaci\u00f3n de \u201cPueblo con Encanto\u201d, pues coincide con la fecha de las resoluciones.<\/p>\n\n\n\n<p>Por ello, el alcalde reiter\u00f3 el llamado a todos los prestadores de servicios a dar una buena atenci\u00f3n a los visitantes, no abusar en los precios, pues habr\u00eda sanciones.<\/p>\n\n\n\n<p>S\u00e1nchez D\u00e1vila precis\u00f3 que ser\u00e1n 16 d\u00edas de cultura, tradici\u00f3n, eventos deportivos, art\u00edsticos, musicales, gastron\u00f3micos, jaripeo-baile, fuegos artificiales y muchas sorpresas m\u00e1s, a la par de actividades religiosas en honor del Se\u00f1or de Jiquipilco, y el tradicional corredor del pulque con m\u00e1s de 50 sabores.<\/p>\n\n\n\n<p>En este 2023, en el carnaval, el pa\u00eds invitado ser\u00e1 China, y la Feria iniciar\u00e1 con el tradicional recorrido de carros aleg\u00f3ricos, tambi\u00e9n se contar\u00e1 con la presencia de los voladores de Papantla, la presentaci\u00f3n de la Guelaguetza, la Coronaci\u00f3n de la Reyna Mayahuel y por 1er vez del Rey Tlilcuetzpall\u00edn.<\/p>\n\n\n\n<p>En la sala de cabildos del Ayuntamiento de Jiquipilco, el presidente municipal en compa\u00f1\u00eda de la S\u00edndica; Mtra. Imelda Mart\u00ednez S\u00e1nchez, de la 2da Regidora; Ang\u00e9lica M\u00e1ximo Ordo\u00f1ez, del 3er Regidor; Jes\u00fas Aguilar Espiridi\u00f3n, de la 4ta Regidora; Tania Celeste Robledo M\u00e9ndez, del 5to Regidor; Rogelio G\u00f3mez Alonso, del secretario del Ayuntamiento; Mtro. Javier Baldeas Hinojosa, del Lic. Jos\u00e9 Medina, Director de Planeaci\u00f3n y el Coordinador de Comunicaci\u00f3n Social, Ismael \u00c1vila, anunciaron los pormenores de la Expo Feria.<\/p>\n\n\n\n<p>Felipe S\u00e1nchez agradeci\u00f3 a todas las instituciones educativas de prescolar, primarias, secundarias, preparatorias que se suman a la celebraci\u00f3n con presentaciones art\u00edsticas, as\u00ed como a los 17 Ballets folcl\u00f3ricos, los m\u00e1s de 30 grupos musicales de diversos g\u00e9neros, shows teatrales, de mimos y payasos que se presentar\u00e1n a lo largo de la Festividad en Honor al Se\u00f1or de Jiquipilco.<br>Detall\u00f3 que tambi\u00e9n habr\u00e1 concursos de canto, baile, torneos deportivos de tenis, volibol, futbol, basquetbol, y front\u00f3n. Expo tunning y por 1era vez, expo de motos.<\/p>\n\n\n\n<p>El Domingo 19 de marzo- destac\u00f3- se llevar\u00e1 a cabo la carrera atl\u00e9tica, as\u00ed como el jaripeo baile con la presentaci\u00f3n de Lupillo Rivera, donde los recaudado ser\u00e1 donado al DIF Municipal para la compra de juguetes para la celebraci\u00f3n de D\u00eda del Ni\u00f1o. El 26 de marzo, domingo cerrar\u00e1n la Expo Feria del Pulque con la presentaci\u00f3n del Grupo Palomo en el Teatro del Pueblo.<\/p>\n\n\n\n<p><img decoding=\"async\" width=\"150\" height=\"230\" class=\"wp-image-6963\" style=\"width: 150px;\" src=\"http:\/\/expressometro.mx\/wp-content\/uploads\/2023\/03\/IMG-20230329-WA0010.jpg\" alt=\"\" srcset=\"https:\/\/expressometro.mx\/wp-content\/uploads\/2023\/03\/IMG-20230329-WA0010.jpg 834w, https:\/\/expressometro.mx\/wp-content\/uploads\/2023\/03\/IMG-20230329-WA0010-238x365.jpg 238w, https:\/\/expressometro.mx\/wp-content\/uploads\/2023\/03\/IMG-20230329-WA0010-313x480.jpg 313w, https:\/\/expressometro.mx\/wp-content\/uploads\/2023\/03\/IMG-20230329-WA0010-768x1179.jpg 768w\" sizes=\"(max-width: 150px) 100vw, 150px\" \/><\/p>\n","protected":false},"excerpt":{"rendered":"<p>Del 11 al 26 de marzo se llevar\u00e1 a cabo la 13va. Edici\u00f3n de la Expo Feria del Pulque en Jiquipilco, la Expo Feria m\u00e1s grande de la zona norte del estado de M\u00e9xico en la que se esperan m\u00e1s de 50 mil asistentes. En conferencia de prensa, el presidente municipal de Jiquipilco, Profesor Felipe de Jes\u00fas S\u00e1nchez D\u00e1vila, revel\u00f3 que para la inauguraci\u00f3n -s\u00e1bado 18 de marzo- de la Expo Feria se podr\u00eda dar por parte del Gobierno Mexiquense la denominaci\u00f3n de \u201cPueblo con Encanto\u201d, pues coincide con la&hellip;<\/p>\n","protected":false},"author":2,"featured_media":0,"comment_status":"open","ping_status":"open","sticky":false,"template":"","format":"standard","meta":{"footnotes":""},"categories":[1],"tags":[],"class_list":["post-6962","post","type-post","status-publish","format-standard","hentry","category-otros"],"yoast_head":"<!-- This site is optimized with the Yoast SEO plugin v27.5 - https:\/\/yoast.com\/product\/yoast-seo-wordpress\/ -->\n<title>Anuncian la 13va Expo Feria del Pulque en Jiquipilco - Expresso Metropolitano<\/title>\n<meta name=\"robots\" content=\"index, follow, max-snippet:-1, max-image-preview:large, max-video-preview:-1\" \/>\n<link rel=\"canonical\" href=\"https:\/\/expressometro.mx\/index.php\/2023\/03\/08\/anuncian-la-13va-expo-feria-del-pulque-en-jiquipilco\/\" \/>\n<meta property=\"og:locale\" content=\"es_MX\" \/>\n<meta property=\"og:type\" content=\"article\" \/>\n<meta property=\"og:title\" content=\"Anuncian la 13va Expo Feria del Pulque en Jiquipilco - Expresso Metropolitano\" \/>\n<meta property=\"og:description\" content=\"Del 11 al 26 de marzo se llevar\u00e1 a cabo la 13va. Edici\u00f3n de la Expo Feria del Pulque en Jiquipilco, la Expo Feria m\u00e1s grande de la zona norte del estado de M\u00e9xico en la que se esperan m\u00e1s de 50 mil asistentes. En conferencia de prensa, el presidente municipal de Jiquipilco, Profesor Felipe de Jes\u00fas S\u00e1nchez D\u00e1vila, revel\u00f3 que para la inauguraci\u00f3n -s\u00e1bado 18 de marzo- de la Expo Feria se podr\u00eda dar por parte del Gobierno Mexiquense la denominaci\u00f3n de \u201cPueblo con Encanto\u201d, pues coincide con la&hellip;\" \/>\n<meta property=\"og:url\" content=\"https:\/\/expressometro.mx\/index.php\/2023\/03\/08\/anuncian-la-13va-expo-feria-del-pulque-en-jiquipilco\/\" \/>\n<meta property=\"og:site_name\" content=\"Expresso Metropolitano\" \/>\n<meta property=\"article:published_time\" content=\"2023-03-09T04:02:06+00:00\" \/>\n<meta property=\"article:modified_time\" content=\"2023-03-30T04:02:57+00:00\" \/>\n<meta property=\"og:image\" content=\"http:\/\/expressometro.mx\/wp-content\/uploads\/2023\/03\/IMG-20230329-WA0010.jpg\" \/>\n<meta name=\"author\" content=\"Cecilia Vega\" \/>\n<meta name=\"twitter:label1\" content=\"Escrito por\" \/>\n\t<meta name=\"twitter:data1\" content=\"Cecilia Vega\" \/>\n\t<meta name=\"twitter:label2\" content=\"Tiempo de lectura\" \/>\n\t<meta name=\"twitter:data2\" content=\"3 minutos\" \/>\n<script type=\"application\/ld+json\" class=\"yoast-schema-graph\">{\"@context\":\"https:\\\/\\\/schema.org\",\"@graph\":[{\"@type\":\"Article\",\"@id\":\"https:\\\/\\\/expressometro.mx\\\/index.php\\\/2023\\\/03\\\/08\\\/anuncian-la-13va-expo-feria-del-pulque-en-jiquipilco\\\/#article\",\"isPartOf\":{\"@id\":\"https:\\\/\\\/expressometro.mx\\\/index.php\\\/2023\\\/03\\\/08\\\/anuncian-la-13va-expo-feria-del-pulque-en-jiquipilco\\\/\"},\"author\":{\"name\":\"Cecilia Vega\",\"@id\":\"https:\\\/\\\/expressometro.mx\\\/#\\\/schema\\\/person\\\/67a95b8e3862085c7598f66237488f1f\"},\"headline\":\"Anuncian la 13va Expo Feria del Pulque en Jiquipilco\",\"datePublished\":\"2023-03-09T04:02:06+00:00\",\"dateModified\":\"2023-03-30T04:02:57+00:00\",\"mainEntityOfPage\":{\"@id\":\"https:\\\/\\\/expressometro.mx\\\/index.php\\\/2023\\\/03\\\/08\\\/anuncian-la-13va-expo-feria-del-pulque-en-jiquipilco\\\/\"},\"wordCount\":506,\"commentCount\":0,\"publisher\":{\"@id\":\"https:\\\/\\\/expressometro.mx\\\/#organization\"},\"image\":{\"@id\":\"https:\\\/\\\/expressometro.mx\\\/index.php\\\/2023\\\/03\\\/08\\\/anuncian-la-13va-expo-feria-del-pulque-en-jiquipilco\\\/#primaryimage\"},\"thumbnailUrl\":\"http:\\\/\\\/expressometro.mx\\\/wp-content\\\/uploads\\\/2023\\\/03\\\/IMG-20230329-WA0010.jpg\",\"articleSection\":[\"Otros\"],\"inLanguage\":\"es\",\"potentialAction\":[{\"@type\":\"CommentAction\",\"name\":\"Comment\",\"target\":[\"https:\\\/\\\/expressometro.mx\\\/index.php\\\/2023\\\/03\\\/08\\\/anuncian-la-13va-expo-feria-del-pulque-en-jiquipilco\\\/#respond\"]}]},{\"@type\":\"WebPage\",\"@id\":\"https:\\\/\\\/expressometro.mx\\\/index.php\\\/2023\\\/03\\\/08\\\/anuncian-la-13va-expo-feria-del-pulque-en-jiquipilco\\\/\",\"url\":\"https:\\\/\\\/expressometro.mx\\\/index.php\\\/2023\\\/03\\\/08\\\/anuncian-la-13va-expo-feria-del-pulque-en-jiquipilco\\\/\",\"name\":\"Anuncian la 13va Expo Feria del Pulque en Jiquipilco - Expresso Metropolitano\",\"isPartOf\":{\"@id\":\"https:\\\/\\\/expressometro.mx\\\/#website\"},\"primaryImageOfPage\":{\"@id\":\"https:\\\/\\\/expressometro.mx\\\/index.php\\\/2023\\\/03\\\/08\\\/anuncian-la-13va-expo-feria-del-pulque-en-jiquipilco\\\/#primaryimage\"},\"image\":{\"@id\":\"https:\\\/\\\/expressometro.mx\\\/index.php\\\/2023\\\/03\\\/08\\\/anuncian-la-13va-expo-feria-del-pulque-en-jiquipilco\\\/#primaryimage\"},\"thumbnailUrl\":\"http:\\\/\\\/expressometro.mx\\\/wp-content\\\/uploads\\\/2023\\\/03\\\/IMG-20230329-WA0010.jpg\",\"datePublished\":\"2023-03-09T04:02:06+00:00\",\"dateModified\":\"2023-03-30T04:02:57+00:00\",\"breadcrumb\":{\"@id\":\"https:\\\/\\\/expressometro.mx\\\/index.php\\\/2023\\\/03\\\/08\\\/anuncian-la-13va-expo-feria-del-pulque-en-jiquipilco\\\/#breadcrumb\"},\"inLanguage\":\"es\",\"potentialAction\":[{\"@type\":\"ReadAction\",\"target\":[\"https:\\\/\\\/expressometro.mx\\\/index.php\\\/2023\\\/03\\\/08\\\/anuncian-la-13va-expo-feria-del-pulque-en-jiquipilco\\\/\"]}]},{\"@type\":\"ImageObject\",\"inLanguage\":\"es\",\"@id\":\"https:\\\/\\\/expressometro.mx\\\/index.php\\\/2023\\\/03\\\/08\\\/anuncian-la-13va-expo-feria-del-pulque-en-jiquipilco\\\/#primaryimage\",\"url\":\"http:\\\/\\\/expressometro.mx\\\/wp-content\\\/uploads\\\/2023\\\/03\\\/IMG-20230329-WA0010.jpg\",\"contentUrl\":\"http:\\\/\\\/expressometro.mx\\\/wp-content\\\/uploads\\\/2023\\\/03\\\/IMG-20230329-WA0010.jpg\"},{\"@type\":\"BreadcrumbList\",\"@id\":\"https:\\\/\\\/expressometro.mx\\\/index.php\\\/2023\\\/03\\\/08\\\/anuncian-la-13va-expo-feria-del-pulque-en-jiquipilco\\\/#breadcrumb\",\"itemListElement\":[{\"@type\":\"ListItem\",\"position\":1,\"name\":\"Inicio\",\"item\":\"https:\\\/\\\/expressometro.mx\\\/\"},{\"@type\":\"ListItem\",\"position\":2,\"name\":\"Anuncian la 13va Expo Feria del Pulque en Jiquipilco\"}]},{\"@type\":\"WebSite\",\"@id\":\"https:\\\/\\\/expressometro.mx\\\/#website\",\"url\":\"https:\\\/\\\/expressometro.mx\\\/\",\"name\":\"Expresso Metropolitano\",\"description\":\"Periodismo comprometido, informaci\u00f3n, investigaci\u00f3n y an\u00e1lisis\",\"publisher\":{\"@id\":\"https:\\\/\\\/expressometro.mx\\\/#organization\"},\"potentialAction\":[{\"@type\":\"SearchAction\",\"target\":{\"@type\":\"EntryPoint\",\"urlTemplate\":\"https:\\\/\\\/expressometro.mx\\\/?s={search_term_string}\"},\"query-input\":{\"@type\":\"PropertyValueSpecification\",\"valueRequired\":true,\"valueName\":\"search_term_string\"}}],\"inLanguage\":\"es\"},{\"@type\":\"Organization\",\"@id\":\"https:\\\/\\\/expressometro.mx\\\/#organization\",\"name\":\"Expresso Metropolitano\",\"url\":\"https:\\\/\\\/expressometro.mx\\\/\",\"logo\":{\"@type\":\"ImageObject\",\"inLanguage\":\"es\",\"@id\":\"https:\\\/\\\/expressometro.mx\\\/#\\\/schema\\\/logo\\\/image\\\/\",\"url\":\"https:\\\/\\\/expressometro.mx\\\/wp-content\\\/uploads\\\/2019\\\/07\\\/cropped-Logo-Expresso-Metropolitano-1-1.jpeg\",\"contentUrl\":\"https:\\\/\\\/expressometro.mx\\\/wp-content\\\/uploads\\\/2019\\\/07\\\/cropped-Logo-Expresso-Metropolitano-1-1.jpeg\",\"width\":290,\"height\":73,\"caption\":\"Expresso Metropolitano\"},\"image\":{\"@id\":\"https:\\\/\\\/expressometro.mx\\\/#\\\/schema\\\/logo\\\/image\\\/\"}},{\"@type\":\"Person\",\"@id\":\"https:\\\/\\\/expressometro.mx\\\/#\\\/schema\\\/person\\\/67a95b8e3862085c7598f66237488f1f\",\"name\":\"Cecilia Vega\",\"image\":{\"@type\":\"ImageObject\",\"inLanguage\":\"es\",\"@id\":\"https:\\\/\\\/secure.gravatar.com\\\/avatar\\\/13aae9944ab2ee472a9e407c9487fdbd03b049abaa559af32fe5dbcf615c981b?s=96&d=mm&r=g\",\"url\":\"https:\\\/\\\/secure.gravatar.com\\\/avatar\\\/13aae9944ab2ee472a9e407c9487fdbd03b049abaa559af32fe5dbcf615c981b?s=96&d=mm&r=g\",\"contentUrl\":\"https:\\\/\\\/secure.gravatar.com\\\/avatar\\\/13aae9944ab2ee472a9e407c9487fdbd03b049abaa559af32fe5dbcf615c981b?s=96&d=mm&r=g\",\"caption\":\"Cecilia Vega\"},\"url\":\"https:\\\/\\\/expressometro.mx\\\/index.php\\\/author\\\/cecilia-vega\\\/\"}]}<\/script>\n<!-- \/ Yoast SEO plugin. -->","yoast_head_json":{"title":"Anuncian la 13va Expo Feria del Pulque en Jiquipilco - Expresso Metropolitano","robots":{"index":"index","follow":"follow","max-snippet":"max-snippet:-1","max-image-preview":"max-image-preview:large","max-video-preview":"max-video-preview:-1"},"canonical":"https:\/\/expressometro.mx\/index.php\/2023\/03\/08\/anuncian-la-13va-expo-feria-del-pulque-en-jiquipilco\/","og_locale":"es_MX","og_type":"article","og_title":"Anuncian la 13va Expo Feria del Pulque en Jiquipilco - Expresso Metropolitano","og_description":"Del 11 al 26 de marzo se llevar\u00e1 a cabo la 13va. Edici\u00f3n de la Expo Feria del Pulque en Jiquipilco, la Expo Feria m\u00e1s grande de la zona norte del estado de M\u00e9xico en la que se esperan m\u00e1s de 50 mil asistentes. En conferencia de prensa, el presidente municipal de Jiquipilco, Profesor Felipe de Jes\u00fas S\u00e1nchez D\u00e1vila, revel\u00f3 que para la inauguraci\u00f3n -s\u00e1bado 18 de marzo- de la Expo Feria se podr\u00eda dar por parte del Gobierno Mexiquense la denominaci\u00f3n de \u201cPueblo con Encanto\u201d, pues coincide con la&hellip;","og_url":"https:\/\/expressometro.mx\/index.php\/2023\/03\/08\/anuncian-la-13va-expo-feria-del-pulque-en-jiquipilco\/","og_site_name":"Expresso Metropolitano","article_published_time":"2023-03-09T04:02:06+00:00","article_modified_time":"2023-03-30T04:02:57+00:00","og_image":[{"url":"http:\/\/expressometro.mx\/wp-content\/uploads\/2023\/03\/IMG-20230329-WA0010.jpg","type":"","width":"","height":""}],"author":"Cecilia Vega","twitter_misc":{"Escrito por":"Cecilia Vega","Tiempo de lectura":"3 minutos"},"schema":{"@context":"https:\/\/schema.org","@graph":[{"@type":"Article","@id":"https:\/\/expressometro.mx\/index.php\/2023\/03\/08\/anuncian-la-13va-expo-feria-del-pulque-en-jiquipilco\/#article","isPartOf":{"@id":"https:\/\/expressometro.mx\/index.php\/2023\/03\/08\/anuncian-la-13va-expo-feria-del-pulque-en-jiquipilco\/"},"author":{"name":"Cecilia Vega","@id":"https:\/\/expressometro.mx\/#\/schema\/person\/67a95b8e3862085c7598f66237488f1f"},"headline":"Anuncian la 13va Expo Feria del Pulque en Jiquipilco","datePublished":"2023-03-09T04:02:06+00:00","dateModified":"2023-03-30T04:02:57+00:00","mainEntityOfPage":{"@id":"https:\/\/expressometro.mx\/index.php\/2023\/03\/08\/anuncian-la-13va-expo-feria-del-pulque-en-jiquipilco\/"},"wordCount":506,"commentCount":0,"publisher":{"@id":"https:\/\/expressometro.mx\/#organization"},"image":{"@id":"https:\/\/expressometro.mx\/index.php\/2023\/03\/08\/anuncian-la-13va-expo-feria-del-pulque-en-jiquipilco\/#primaryimage"},"thumbnailUrl":"http:\/\/expressometro.mx\/wp-content\/uploads\/2023\/03\/IMG-20230329-WA0010.jpg","articleSection":["Otros"],"inLanguage":"es","potentialAction":[{"@type":"CommentAction","name":"Comment","target":["https:\/\/expressometro.mx\/index.php\/2023\/03\/08\/anuncian-la-13va-expo-feria-del-pulque-en-jiquipilco\/#respond"]}]},{"@type":"WebPage","@id":"https:\/\/expressometro.mx\/index.php\/2023\/03\/08\/anuncian-la-13va-expo-feria-del-pulque-en-jiquipilco\/","url":"https:\/\/expressometro.mx\/index.php\/2023\/03\/08\/anuncian-la-13va-expo-feria-del-pulque-en-jiquipilco\/","name":"Anuncian la 13va Expo Feria del Pulque en Jiquipilco - Expresso Metropolitano","isPartOf":{"@id":"https:\/\/expressometro.mx\/#website"},"primaryImageOfPage":{"@id":"https:\/\/expressometro.mx\/index.php\/2023\/03\/08\/anuncian-la-13va-expo-feria-del-pulque-en-jiquipilco\/#primaryimage"},"image":{"@id":"https:\/\/expressometro.mx\/index.php\/2023\/03\/08\/anuncian-la-13va-expo-feria-del-pulque-en-jiquipilco\/#primaryimage"},"thumbnailUrl":"http:\/\/expressometro.mx\/wp-content\/uploads\/2023\/03\/IMG-20230329-WA0010.jpg","datePublished":"2023-03-09T04:02:06+00:00","dateModified":"2023-03-30T04:02:57+00:00","breadcrumb":{"@id":"https:\/\/expressometro.mx\/index.php\/2023\/03\/08\/anuncian-la-13va-expo-feria-del-pulque-en-jiquipilco\/#breadcrumb"},"inLanguage":"es","potentialAction":[{"@type":"ReadAction","target":["https:\/\/expressometro.mx\/index.php\/2023\/03\/08\/anuncian-la-13va-expo-feria-del-pulque-en-jiquipilco\/"]}]},{"@type":"ImageObject","inLanguage":"es","@id":"https:\/\/expressometro.mx\/index.php\/2023\/03\/08\/anuncian-la-13va-expo-feria-del-pulque-en-jiquipilco\/#primaryimage","url":"http:\/\/expressometro.mx\/wp-content\/uploads\/2023\/03\/IMG-20230329-WA0010.jpg","contentUrl":"http:\/\/expressometro.mx\/wp-content\/uploads\/2023\/03\/IMG-20230329-WA0010.jpg"},{"@type":"BreadcrumbList","@id":"https:\/\/expressometro.mx\/index.php\/2023\/03\/08\/anuncian-la-13va-expo-feria-del-pulque-en-jiquipilco\/#breadcrumb","itemListElement":[{"@type":"ListItem","position":1,"name":"Inicio","item":"https:\/\/expressometro.mx\/"},{"@type":"ListItem","position":2,"name":"Anuncian la 13va Expo Feria del Pulque en Jiquipilco"}]},{"@type":"WebSite","@id":"https:\/\/expressometro.mx\/#website","url":"https:\/\/expressometro.mx\/","name":"Expresso Metropolitano","description":"Periodismo comprometido, informaci\u00f3n, investigaci\u00f3n y an\u00e1lisis","publisher":{"@id":"https:\/\/expressometro.mx\/#organization"},"potentialAction":[{"@type":"SearchAction","target":{"@type":"EntryPoint","urlTemplate":"https:\/\/expressometro.mx\/?s={search_term_string}"},"query-input":{"@type":"PropertyValueSpecification","valueRequired":true,"valueName":"search_term_string"}}],"inLanguage":"es"},{"@type":"Organization","@id":"https:\/\/expressometro.mx\/#organization","name":"Expresso Metropolitano","url":"https:\/\/expressometro.mx\/","logo":{"@type":"ImageObject","inLanguage":"es","@id":"https:\/\/expressometro.mx\/#\/schema\/logo\/image\/","url":"https:\/\/expressometro.mx\/wp-content\/uploads\/2019\/07\/cropped-Logo-Expresso-Metropolitano-1-1.jpeg","contentUrl":"https:\/\/expressometro.mx\/wp-content\/uploads\/2019\/07\/cropped-Logo-Expresso-Metropolitano-1-1.jpeg","width":290,"height":73,"caption":"Expresso Metropolitano"},"image":{"@id":"https:\/\/expressometro.mx\/#\/schema\/logo\/image\/"}},{"@type":"Person","@id":"https:\/\/expressometro.mx\/#\/schema\/person\/67a95b8e3862085c7598f66237488f1f","name":"Cecilia Vega","image":{"@type":"ImageObject","inLanguage":"es","@id":"https:\/\/secure.gravatar.com\/avatar\/13aae9944ab2ee472a9e407c9487fdbd03b049abaa559af32fe5dbcf615c981b?s=96&d=mm&r=g","url":"https:\/\/secure.gravatar.com\/avatar\/13aae9944ab2ee472a9e407c9487fdbd03b049abaa559af32fe5dbcf615c981b?s=96&d=mm&r=g","contentUrl":"https:\/\/secure.gravatar.com\/avatar\/13aae9944ab2ee472a9e407c9487fdbd03b049abaa559af32fe5dbcf615c981b?s=96&d=mm&r=g","caption":"Cecilia Vega"},"url":"https:\/\/expressometro.mx\/index.php\/author\/cecilia-vega\/"}]}},"amp_enabled":true,"_links":{"self":[{"href":"https:\/\/expressometro.mx\/index.php\/wp-json\/wp\/v2\/posts\/6962","targetHints":{"allow":["GET"]}}],"collection":[{"href":"https:\/\/expressometro.mx\/index.php\/wp-json\/wp\/v2\/posts"}],"about":[{"href":"https:\/\/expressometro.mx\/index.php\/wp-json\/wp\/v2\/types\/post"}],"author":[{"embeddable":true,"href":"https:\/\/expressometro.mx\/index.php\/wp-json\/wp\/v2\/users\/2"}],"replies":[{"embeddable":true,"href":"https:\/\/expressometro.mx\/index.php\/wp-json\/wp\/v2\/comments?post=6962"}],"version-history":[{"count":1,"href":"https:\/\/expressometro.mx\/index.php\/wp-json\/wp\/v2\/posts\/6962\/revisions"}],"predecessor-version":[{"id":6964,"href":"https:\/\/expressometro.mx\/index.php\/wp-json\/wp\/v2\/posts\/6962\/revisions\/6964"}],"wp:attachment":[{"href":"https:\/\/expressometro.mx\/index.php\/wp-json\/wp\/v2\/media?parent=6962"}],"wp:term":[{"taxonomy":"category","embeddable":true,"href":"https:\/\/expressometro.mx\/index.php\/wp-json\/wp\/v2\/categories?post=6962"},{"taxonomy":"post_tag","embeddable":true,"href":"https:\/\/expressometro.mx\/index.php\/wp-json\/wp\/v2\/tags?post=6962"}],"curies":[{"name":"wp","href":"https:\/\/api.w.org\/{rel}","templated":true}]}}