{"id":6945,"date":"2023-02-24T21:39:34","date_gmt":"2023-02-25T03:39:34","guid":{"rendered":"https:\/\/expressometro.mx\/?p=6945"},"modified":"2023-03-29T21:41:16","modified_gmt":"2023-03-30T03:41:16","slug":"ceremonia-por-el-dia-de-la-bandera-en-jiquipilco","status":"publish","type":"post","link":"https:\/\/expressometro.mx\/index.php\/2023\/02\/24\/ceremonia-por-el-dia-de-la-bandera-en-jiquipilco\/","title":{"rendered":"CEREMONIA POR EL D\u00cdA DE LA BANDERA EN JIQUIPILCO"},"content":{"rendered":"\n<p><\/p>\n\n\n\n<p>Con el fin de incentivar el civismo en la entidad, el municipio de Jiquipilco realiz\u00f3 una ceremonia en conmemoraci\u00f3n al d\u00eda de la Bandera Nacional.<\/p>\n\n\n\n<p>Como es tradicional, las Instituciones Educativas y la Administraci\u00f3n del municipio 2022 &#8211; 2024 llevaron a cabo la solemne quema de bandera por servicio Nacional y desgaste.<\/p>\n\n\n\n<p>La ceremonia alusiva a nuestro l\u00e1baro patrio se hizo en el centro de Jiquipilco afuera de Palacio Municipal.<\/p>\n\n\n\n<p><img loading=\"lazy\" decoding=\"async\" width=\"150\" height=\"84\" class=\"wp-image-6946\" style=\"width: 150px;\" src=\"http:\/\/expressometro.mx\/wp-content\/uploads\/2023\/03\/IMG-20230329-WA0006.jpg\" alt=\"\" srcset=\"https:\/\/expressometro.mx\/wp-content\/uploads\/2023\/03\/IMG-20230329-WA0006.jpg 720w, https:\/\/expressometro.mx\/wp-content\/uploads\/2023\/03\/IMG-20230329-WA0006-650x365.jpg 650w, https:\/\/expressometro.mx\/wp-content\/uploads\/2023\/03\/IMG-20230329-WA0006-500x280.jpg 500w\" sizes=\"auto, (max-width: 150px) 100vw, 150px\" \/><\/p>\n\n\n\n<p><img loading=\"lazy\" decoding=\"async\" width=\"150\" height=\"104\" class=\"wp-image-6948\" style=\"width: 150px;\" src=\"http:\/\/expressometro.mx\/wp-content\/uploads\/2023\/03\/IMG-20230329-WA0005.jpg\" alt=\"\" srcset=\"https:\/\/expressometro.mx\/wp-content\/uploads\/2023\/03\/IMG-20230329-WA0005.jpg 720w, https:\/\/expressometro.mx\/wp-content\/uploads\/2023\/03\/IMG-20230329-WA0005-525x365.jpg 525w, https:\/\/expressometro.mx\/wp-content\/uploads\/2023\/03\/IMG-20230329-WA0005-690x480.jpg 690w\" sizes=\"auto, (max-width: 150px) 100vw, 150px\" \/><\/p>\n","protected":false},"excerpt":{"rendered":"<p>Con el fin de incentivar el civismo en la entidad, el municipio de Jiquipilco realiz\u00f3 una ceremonia en conmemoraci\u00f3n al d\u00eda de la Bandera Nacional. Como es tradicional, las Instituciones Educativas y la Administraci\u00f3n del municipio 2022 &#8211; 2024 llevaron a cabo la solemne quema de bandera por servicio Nacional y desgaste. La ceremonia alusiva a nuestro l\u00e1baro patrio se hizo en el centro de Jiquipilco afuera de Palacio Municipal.<\/p>\n","protected":false},"author":2,"featured_media":0,"comment_status":"open","ping_status":"open","sticky":false,"template":"","format":"standard","meta":{"footnotes":""},"categories":[1],"tags":[],"class_list":["post-6945","post","type-post","status-publish","format-standard","hentry","category-otros"],"yoast_head":"<!-- This site is optimized with the Yoast SEO plugin v27.5 - https:\/\/yoast.com\/product\/yoast-seo-wordpress\/ -->\n<title>CEREMONIA POR EL D\u00cdA DE LA BANDERA EN JIQUIPILCO - Expresso Metropolitano<\/title>\n<meta name=\"robots\" content=\"index, follow, max-snippet:-1, max-image-preview:large, max-video-preview:-1\" \/>\n<link rel=\"canonical\" href=\"https:\/\/expressometro.mx\/index.php\/2023\/02\/24\/ceremonia-por-el-dia-de-la-bandera-en-jiquipilco\/\" \/>\n<meta property=\"og:locale\" content=\"es_MX\" \/>\n<meta property=\"og:type\" content=\"article\" \/>\n<meta property=\"og:title\" content=\"CEREMONIA POR EL D\u00cdA DE LA BANDERA EN JIQUIPILCO - Expresso Metropolitano\" \/>\n<meta property=\"og:description\" content=\"Con el fin de incentivar el civismo en la entidad, el municipio de Jiquipilco realiz\u00f3 una ceremonia en conmemoraci\u00f3n al d\u00eda de la Bandera Nacional. Como es tradicional, las Instituciones Educativas y la Administraci\u00f3n del municipio 2022 &#8211; 2024 llevaron a cabo la solemne quema de bandera por servicio Nacional y desgaste. La ceremonia alusiva a nuestro l\u00e1baro patrio se hizo en el centro de Jiquipilco afuera de Palacio Municipal.\" \/>\n<meta property=\"og:url\" content=\"https:\/\/expressometro.mx\/index.php\/2023\/02\/24\/ceremonia-por-el-dia-de-la-bandera-en-jiquipilco\/\" \/>\n<meta property=\"og:site_name\" content=\"Expresso Metropolitano\" \/>\n<meta property=\"article:published_time\" content=\"2023-02-25T03:39:34+00:00\" \/>\n<meta property=\"article:modified_time\" content=\"2023-03-30T03:41:16+00:00\" \/>\n<meta property=\"og:image\" content=\"http:\/\/expressometro.mx\/wp-content\/uploads\/2023\/03\/IMG-20230329-WA0006.jpg\" \/>\n<meta name=\"author\" content=\"Cecilia Vega\" \/>\n<meta name=\"twitter:label1\" content=\"Escrito por\" \/>\n\t<meta name=\"twitter:data1\" content=\"Cecilia Vega\" \/>\n\t<meta name=\"twitter:label2\" content=\"Tiempo de lectura\" \/>\n\t<meta name=\"twitter:data2\" content=\"1 minuto\" \/>\n<script type=\"application\/ld+json\" class=\"yoast-schema-graph\">{\"@context\":\"https:\\\/\\\/schema.org\",\"@graph\":[{\"@type\":\"Article\",\"@id\":\"https:\\\/\\\/expressometro.mx\\\/index.php\\\/2023\\\/02\\\/24\\\/ceremonia-por-el-dia-de-la-bandera-en-jiquipilco\\\/#article\",\"isPartOf\":{\"@id\":\"https:\\\/\\\/expressometro.mx\\\/index.php\\\/2023\\\/02\\\/24\\\/ceremonia-por-el-dia-de-la-bandera-en-jiquipilco\\\/\"},\"author\":{\"name\":\"Cecilia Vega\",\"@id\":\"https:\\\/\\\/expressometro.mx\\\/#\\\/schema\\\/person\\\/67a95b8e3862085c7598f66237488f1f\"},\"headline\":\"CEREMONIA POR EL D\u00cdA DE LA BANDERA EN JIQUIPILCO\",\"datePublished\":\"2023-02-25T03:39:34+00:00\",\"dateModified\":\"2023-03-30T03:41:16+00:00\",\"mainEntityOfPage\":{\"@id\":\"https:\\\/\\\/expressometro.mx\\\/index.php\\\/2023\\\/02\\\/24\\\/ceremonia-por-el-dia-de-la-bandera-en-jiquipilco\\\/\"},\"wordCount\":82,\"commentCount\":0,\"publisher\":{\"@id\":\"https:\\\/\\\/expressometro.mx\\\/#organization\"},\"image\":{\"@id\":\"https:\\\/\\\/expressometro.mx\\\/index.php\\\/2023\\\/02\\\/24\\\/ceremonia-por-el-dia-de-la-bandera-en-jiquipilco\\\/#primaryimage\"},\"thumbnailUrl\":\"http:\\\/\\\/expressometro.mx\\\/wp-content\\\/uploads\\\/2023\\\/03\\\/IMG-20230329-WA0006.jpg\",\"articleSection\":[\"Otros\"],\"inLanguage\":\"es\",\"potentialAction\":[{\"@type\":\"CommentAction\",\"name\":\"Comment\",\"target\":[\"https:\\\/\\\/expressometro.mx\\\/index.php\\\/2023\\\/02\\\/24\\\/ceremonia-por-el-dia-de-la-bandera-en-jiquipilco\\\/#respond\"]}]},{\"@type\":\"WebPage\",\"@id\":\"https:\\\/\\\/expressometro.mx\\\/index.php\\\/2023\\\/02\\\/24\\\/ceremonia-por-el-dia-de-la-bandera-en-jiquipilco\\\/\",\"url\":\"https:\\\/\\\/expressometro.mx\\\/index.php\\\/2023\\\/02\\\/24\\\/ceremonia-por-el-dia-de-la-bandera-en-jiquipilco\\\/\",\"name\":\"CEREMONIA POR EL D\u00cdA DE LA BANDERA EN JIQUIPILCO - Expresso Metropolitano\",\"isPartOf\":{\"@id\":\"https:\\\/\\\/expressometro.mx\\\/#website\"},\"primaryImageOfPage\":{\"@id\":\"https:\\\/\\\/expressometro.mx\\\/index.php\\\/2023\\\/02\\\/24\\\/ceremonia-por-el-dia-de-la-bandera-en-jiquipilco\\\/#primaryimage\"},\"image\":{\"@id\":\"https:\\\/\\\/expressometro.mx\\\/index.php\\\/2023\\\/02\\\/24\\\/ceremonia-por-el-dia-de-la-bandera-en-jiquipilco\\\/#primaryimage\"},\"thumbnailUrl\":\"http:\\\/\\\/expressometro.mx\\\/wp-content\\\/uploads\\\/2023\\\/03\\\/IMG-20230329-WA0006.jpg\",\"datePublished\":\"2023-02-25T03:39:34+00:00\",\"dateModified\":\"2023-03-30T03:41:16+00:00\",\"breadcrumb\":{\"@id\":\"https:\\\/\\\/expressometro.mx\\\/index.php\\\/2023\\\/02\\\/24\\\/ceremonia-por-el-dia-de-la-bandera-en-jiquipilco\\\/#breadcrumb\"},\"inLanguage\":\"es\",\"potentialAction\":[{\"@type\":\"ReadAction\",\"target\":[\"https:\\\/\\\/expressometro.mx\\\/index.php\\\/2023\\\/02\\\/24\\\/ceremonia-por-el-dia-de-la-bandera-en-jiquipilco\\\/\"]}]},{\"@type\":\"ImageObject\",\"inLanguage\":\"es\",\"@id\":\"https:\\\/\\\/expressometro.mx\\\/index.php\\\/2023\\\/02\\\/24\\\/ceremonia-por-el-dia-de-la-bandera-en-jiquipilco\\\/#primaryimage\",\"url\":\"https:\\\/\\\/expressometro.mx\\\/wp-content\\\/uploads\\\/2023\\\/03\\\/IMG-20230329-WA0006.jpg\",\"contentUrl\":\"https:\\\/\\\/expressometro.mx\\\/wp-content\\\/uploads\\\/2023\\\/03\\\/IMG-20230329-WA0006.jpg\",\"width\":720,\"height\":404},{\"@type\":\"BreadcrumbList\",\"@id\":\"https:\\\/\\\/expressometro.mx\\\/index.php\\\/2023\\\/02\\\/24\\\/ceremonia-por-el-dia-de-la-bandera-en-jiquipilco\\\/#breadcrumb\",\"itemListElement\":[{\"@type\":\"ListItem\",\"position\":1,\"name\":\"Inicio\",\"item\":\"https:\\\/\\\/expressometro.mx\\\/\"},{\"@type\":\"ListItem\",\"position\":2,\"name\":\"CEREMONIA POR EL D\u00cdA DE LA BANDERA EN JIQUIPILCO\"}]},{\"@type\":\"WebSite\",\"@id\":\"https:\\\/\\\/expressometro.mx\\\/#website\",\"url\":\"https:\\\/\\\/expressometro.mx\\\/\",\"name\":\"Expresso Metropolitano\",\"description\":\"Periodismo comprometido, informaci\u00f3n, investigaci\u00f3n y an\u00e1lisis\",\"publisher\":{\"@id\":\"https:\\\/\\\/expressometro.mx\\\/#organization\"},\"potentialAction\":[{\"@type\":\"SearchAction\",\"target\":{\"@type\":\"EntryPoint\",\"urlTemplate\":\"https:\\\/\\\/expressometro.mx\\\/?s={search_term_string}\"},\"query-input\":{\"@type\":\"PropertyValueSpecification\",\"valueRequired\":true,\"valueName\":\"search_term_string\"}}],\"inLanguage\":\"es\"},{\"@type\":\"Organization\",\"@id\":\"https:\\\/\\\/expressometro.mx\\\/#organization\",\"name\":\"Expresso Metropolitano\",\"url\":\"https:\\\/\\\/expressometro.mx\\\/\",\"logo\":{\"@type\":\"ImageObject\",\"inLanguage\":\"es\",\"@id\":\"https:\\\/\\\/expressometro.mx\\\/#\\\/schema\\\/logo\\\/image\\\/\",\"url\":\"https:\\\/\\\/expressometro.mx\\\/wp-content\\\/uploads\\\/2019\\\/07\\\/cropped-Logo-Expresso-Metropolitano-1-1.jpeg\",\"contentUrl\":\"https:\\\/\\\/expressometro.mx\\\/wp-content\\\/uploads\\\/2019\\\/07\\\/cropped-Logo-Expresso-Metropolitano-1-1.jpeg\",\"width\":290,\"height\":73,\"caption\":\"Expresso Metropolitano\"},\"image\":{\"@id\":\"https:\\\/\\\/expressometro.mx\\\/#\\\/schema\\\/logo\\\/image\\\/\"}},{\"@type\":\"Person\",\"@id\":\"https:\\\/\\\/expressometro.mx\\\/#\\\/schema\\\/person\\\/67a95b8e3862085c7598f66237488f1f\",\"name\":\"Cecilia Vega\",\"image\":{\"@type\":\"ImageObject\",\"inLanguage\":\"es\",\"@id\":\"https:\\\/\\\/secure.gravatar.com\\\/avatar\\\/13aae9944ab2ee472a9e407c9487fdbd03b049abaa559af32fe5dbcf615c981b?s=96&d=mm&r=g\",\"url\":\"https:\\\/\\\/secure.gravatar.com\\\/avatar\\\/13aae9944ab2ee472a9e407c9487fdbd03b049abaa559af32fe5dbcf615c981b?s=96&d=mm&r=g\",\"contentUrl\":\"https:\\\/\\\/secure.gravatar.com\\\/avatar\\\/13aae9944ab2ee472a9e407c9487fdbd03b049abaa559af32fe5dbcf615c981b?s=96&d=mm&r=g\",\"caption\":\"Cecilia Vega\"},\"url\":\"https:\\\/\\\/expressometro.mx\\\/index.php\\\/author\\\/cecilia-vega\\\/\"}]}<\/script>\n<!-- \/ Yoast SEO plugin. -->","yoast_head_json":{"title":"CEREMONIA POR EL D\u00cdA DE LA BANDERA EN JIQUIPILCO - Expresso Metropolitano","robots":{"index":"index","follow":"follow","max-snippet":"max-snippet:-1","max-image-preview":"max-image-preview:large","max-video-preview":"max-video-preview:-1"},"canonical":"https:\/\/expressometro.mx\/index.php\/2023\/02\/24\/ceremonia-por-el-dia-de-la-bandera-en-jiquipilco\/","og_locale":"es_MX","og_type":"article","og_title":"CEREMONIA POR EL D\u00cdA DE LA BANDERA EN JIQUIPILCO - Expresso Metropolitano","og_description":"Con el fin de incentivar el civismo en la entidad, el municipio de Jiquipilco realiz\u00f3 una ceremonia en conmemoraci\u00f3n al d\u00eda de la Bandera Nacional. Como es tradicional, las Instituciones Educativas y la Administraci\u00f3n del municipio 2022 &#8211; 2024 llevaron a cabo la solemne quema de bandera por servicio Nacional y desgaste. La ceremonia alusiva a nuestro l\u00e1baro patrio se hizo en el centro de Jiquipilco afuera de Palacio Municipal.","og_url":"https:\/\/expressometro.mx\/index.php\/2023\/02\/24\/ceremonia-por-el-dia-de-la-bandera-en-jiquipilco\/","og_site_name":"Expresso Metropolitano","article_published_time":"2023-02-25T03:39:34+00:00","article_modified_time":"2023-03-30T03:41:16+00:00","og_image":[{"url":"http:\/\/expressometro.mx\/wp-content\/uploads\/2023\/03\/IMG-20230329-WA0006.jpg","type":"","width":"","height":""}],"author":"Cecilia Vega","twitter_misc":{"Escrito por":"Cecilia Vega","Tiempo de lectura":"1 minuto"},"schema":{"@context":"https:\/\/schema.org","@graph":[{"@type":"Article","@id":"https:\/\/expressometro.mx\/index.php\/2023\/02\/24\/ceremonia-por-el-dia-de-la-bandera-en-jiquipilco\/#article","isPartOf":{"@id":"https:\/\/expressometro.mx\/index.php\/2023\/02\/24\/ceremonia-por-el-dia-de-la-bandera-en-jiquipilco\/"},"author":{"name":"Cecilia Vega","@id":"https:\/\/expressometro.mx\/#\/schema\/person\/67a95b8e3862085c7598f66237488f1f"},"headline":"CEREMONIA POR EL D\u00cdA DE LA BANDERA EN JIQUIPILCO","datePublished":"2023-02-25T03:39:34+00:00","dateModified":"2023-03-30T03:41:16+00:00","mainEntityOfPage":{"@id":"https:\/\/expressometro.mx\/index.php\/2023\/02\/24\/ceremonia-por-el-dia-de-la-bandera-en-jiquipilco\/"},"wordCount":82,"commentCount":0,"publisher":{"@id":"https:\/\/expressometro.mx\/#organization"},"image":{"@id":"https:\/\/expressometro.mx\/index.php\/2023\/02\/24\/ceremonia-por-el-dia-de-la-bandera-en-jiquipilco\/#primaryimage"},"thumbnailUrl":"http:\/\/expressometro.mx\/wp-content\/uploads\/2023\/03\/IMG-20230329-WA0006.jpg","articleSection":["Otros"],"inLanguage":"es","potentialAction":[{"@type":"CommentAction","name":"Comment","target":["https:\/\/expressometro.mx\/index.php\/2023\/02\/24\/ceremonia-por-el-dia-de-la-bandera-en-jiquipilco\/#respond"]}]},{"@type":"WebPage","@id":"https:\/\/expressometro.mx\/index.php\/2023\/02\/24\/ceremonia-por-el-dia-de-la-bandera-en-jiquipilco\/","url":"https:\/\/expressometro.mx\/index.php\/2023\/02\/24\/ceremonia-por-el-dia-de-la-bandera-en-jiquipilco\/","name":"CEREMONIA POR EL D\u00cdA DE LA BANDERA EN JIQUIPILCO - Expresso Metropolitano","isPartOf":{"@id":"https:\/\/expressometro.mx\/#website"},"primaryImageOfPage":{"@id":"https:\/\/expressometro.mx\/index.php\/2023\/02\/24\/ceremonia-por-el-dia-de-la-bandera-en-jiquipilco\/#primaryimage"},"image":{"@id":"https:\/\/expressometro.mx\/index.php\/2023\/02\/24\/ceremonia-por-el-dia-de-la-bandera-en-jiquipilco\/#primaryimage"},"thumbnailUrl":"http:\/\/expressometro.mx\/wp-content\/uploads\/2023\/03\/IMG-20230329-WA0006.jpg","datePublished":"2023-02-25T03:39:34+00:00","dateModified":"2023-03-30T03:41:16+00:00","breadcrumb":{"@id":"https:\/\/expressometro.mx\/index.php\/2023\/02\/24\/ceremonia-por-el-dia-de-la-bandera-en-jiquipilco\/#breadcrumb"},"inLanguage":"es","potentialAction":[{"@type":"ReadAction","target":["https:\/\/expressometro.mx\/index.php\/2023\/02\/24\/ceremonia-por-el-dia-de-la-bandera-en-jiquipilco\/"]}]},{"@type":"ImageObject","inLanguage":"es","@id":"https:\/\/expressometro.mx\/index.php\/2023\/02\/24\/ceremonia-por-el-dia-de-la-bandera-en-jiquipilco\/#primaryimage","url":"https:\/\/expressometro.mx\/wp-content\/uploads\/2023\/03\/IMG-20230329-WA0006.jpg","contentUrl":"https:\/\/expressometro.mx\/wp-content\/uploads\/2023\/03\/IMG-20230329-WA0006.jpg","width":720,"height":404},{"@type":"BreadcrumbList","@id":"https:\/\/expressometro.mx\/index.php\/2023\/02\/24\/ceremonia-por-el-dia-de-la-bandera-en-jiquipilco\/#breadcrumb","itemListElement":[{"@type":"ListItem","position":1,"name":"Inicio","item":"https:\/\/expressometro.mx\/"},{"@type":"ListItem","position":2,"name":"CEREMONIA POR EL D\u00cdA DE LA BANDERA EN JIQUIPILCO"}]},{"@type":"WebSite","@id":"https:\/\/expressometro.mx\/#website","url":"https:\/\/expressometro.mx\/","name":"Expresso Metropolitano","description":"Periodismo comprometido, informaci\u00f3n, investigaci\u00f3n y an\u00e1lisis","publisher":{"@id":"https:\/\/expressometro.mx\/#organization"},"potentialAction":[{"@type":"SearchAction","target":{"@type":"EntryPoint","urlTemplate":"https:\/\/expressometro.mx\/?s={search_term_string}"},"query-input":{"@type":"PropertyValueSpecification","valueRequired":true,"valueName":"search_term_string"}}],"inLanguage":"es"},{"@type":"Organization","@id":"https:\/\/expressometro.mx\/#organization","name":"Expresso Metropolitano","url":"https:\/\/expressometro.mx\/","logo":{"@type":"ImageObject","inLanguage":"es","@id":"https:\/\/expressometro.mx\/#\/schema\/logo\/image\/","url":"https:\/\/expressometro.mx\/wp-content\/uploads\/2019\/07\/cropped-Logo-Expresso-Metropolitano-1-1.jpeg","contentUrl":"https:\/\/expressometro.mx\/wp-content\/uploads\/2019\/07\/cropped-Logo-Expresso-Metropolitano-1-1.jpeg","width":290,"height":73,"caption":"Expresso Metropolitano"},"image":{"@id":"https:\/\/expressometro.mx\/#\/schema\/logo\/image\/"}},{"@type":"Person","@id":"https:\/\/expressometro.mx\/#\/schema\/person\/67a95b8e3862085c7598f66237488f1f","name":"Cecilia Vega","image":{"@type":"ImageObject","inLanguage":"es","@id":"https:\/\/secure.gravatar.com\/avatar\/13aae9944ab2ee472a9e407c9487fdbd03b049abaa559af32fe5dbcf615c981b?s=96&d=mm&r=g","url":"https:\/\/secure.gravatar.com\/avatar\/13aae9944ab2ee472a9e407c9487fdbd03b049abaa559af32fe5dbcf615c981b?s=96&d=mm&r=g","contentUrl":"https:\/\/secure.gravatar.com\/avatar\/13aae9944ab2ee472a9e407c9487fdbd03b049abaa559af32fe5dbcf615c981b?s=96&d=mm&r=g","caption":"Cecilia Vega"},"url":"https:\/\/expressometro.mx\/index.php\/author\/cecilia-vega\/"}]}},"amp_enabled":true,"_links":{"self":[{"href":"https:\/\/expressometro.mx\/index.php\/wp-json\/wp\/v2\/posts\/6945","targetHints":{"allow":["GET"]}}],"collection":[{"href":"https:\/\/expressometro.mx\/index.php\/wp-json\/wp\/v2\/posts"}],"about":[{"href":"https:\/\/expressometro.mx\/index.php\/wp-json\/wp\/v2\/types\/post"}],"author":[{"embeddable":true,"href":"https:\/\/expressometro.mx\/index.php\/wp-json\/wp\/v2\/users\/2"}],"replies":[{"embeddable":true,"href":"https:\/\/expressometro.mx\/index.php\/wp-json\/wp\/v2\/comments?post=6945"}],"version-history":[{"count":1,"href":"https:\/\/expressometro.mx\/index.php\/wp-json\/wp\/v2\/posts\/6945\/revisions"}],"predecessor-version":[{"id":6949,"href":"https:\/\/expressometro.mx\/index.php\/wp-json\/wp\/v2\/posts\/6945\/revisions\/6949"}],"wp:attachment":[{"href":"https:\/\/expressometro.mx\/index.php\/wp-json\/wp\/v2\/media?parent=6945"}],"wp:term":[{"taxonomy":"category","embeddable":true,"href":"https:\/\/expressometro.mx\/index.php\/wp-json\/wp\/v2\/categories?post=6945"},{"taxonomy":"post_tag","embeddable":true,"href":"https:\/\/expressometro.mx\/index.php\/wp-json\/wp\/v2\/tags?post=6945"}],"curies":[{"name":"wp","href":"https:\/\/api.w.org\/{rel}","templated":true}]}}