{"id":6926,"date":"2023-03-22T09:06:56","date_gmt":"2023-03-22T15:06:56","guid":{"rendered":"https:\/\/expressometro.mx\/?p=6926"},"modified":"2023-03-27T09:10:21","modified_gmt":"2023-03-27T15:10:21","slug":"celebran-natalicio-de-benito-juarez-en-jocotitlan","status":"publish","type":"post","link":"https:\/\/expressometro.mx\/index.php\/2023\/03\/22\/celebran-natalicio-de-benito-juarez-en-jocotitlan\/","title":{"rendered":"CELEBRAN NATALICIO DE BENITO JU\u00c1REZ EN JOCOTITL\u00c1N"},"content":{"rendered":"\n<p> conmemoraci\u00f3n del Aniversario del Natalicio de Benito Ju\u00e1rez se realiz\u00f3 honores a la bandera y el izamiento de bandera. <\/p>\n\n\n\n<p> Este acto fue encabezado por el presidente municipal de Jocotitlan Jes\u00fas Cedillo Gonz\u00e1lez,  acompa\u00f1ado de Servidores P\u00fablicos, Instituciones Educativas y Ciudadan\u00eda.Recordaron la vida del personaje ilustre de la historia mexicana quien lucho incansable por La Paz y por ser defensor de la Constituci\u00f3n es merecedor del respeto nacional. <\/p>\n\n\n\n<p>As\u00ed mismo se llev\u00f3 a cabo el encendido del fuego como parte de los festejos para darle la bienvenida a la primavera.<\/p>\n\n\n\n<p>En el parque ecotur\u00edstico Xocotepetl se llev\u00f3 a cabo el festival del quinto sol, se cont\u00f3 con la participaci\u00f3n de la danza prehisp\u00e1nica &#8220;Kalpuli Tlatlauxiukoatl&#8221;.<\/p>\n\n\n\n<p>Conservando las tradiciones y la riqueza cultural de Jocotitlenses se simboliz\u00f3 un nuevo ciclo de vida, b\u00fasqueda de equilibrio y orden del Universo.<\/p>\n\n\n\n<figure class=\"wp-block-gallery has-nested-images columns-default is-cropped wp-block-gallery-1 is-layout-flex wp-block-gallery-is-layout-flex\">\n<figure class=\"wp-block-image size-large\"><img decoding=\"async\" width=\"720\" height=\"336\" data-id=\"6928\" src=\"https:\/\/expressometro.mx\/wp-content\/uploads\/2023\/03\/IMG-20230327-WA0010.jpg\" alt=\"\" class=\"wp-image-6928\" srcset=\"https:\/\/expressometro.mx\/wp-content\/uploads\/2023\/03\/IMG-20230327-WA0010.jpg 720w, https:\/\/expressometro.mx\/wp-content\/uploads\/2023\/03\/IMG-20230327-WA0010-660x308.jpg 660w\" sizes=\"(max-width: 720px) 100vw, 720px\" \/><\/figure>\n<\/figure>\n\n\n\n<figure class=\"wp-block-image size-full\"><img decoding=\"async\" width=\"720\" height=\"336\" src=\"https:\/\/expressometro.mx\/wp-content\/uploads\/2023\/03\/IMG-20230327-WA0011.jpg\" alt=\"\" class=\"wp-image-6929\" srcset=\"https:\/\/expressometro.mx\/wp-content\/uploads\/2023\/03\/IMG-20230327-WA0011.jpg 720w, https:\/\/expressometro.mx\/wp-content\/uploads\/2023\/03\/IMG-20230327-WA0011-660x308.jpg 660w\" sizes=\"(max-width: 720px) 100vw, 720px\" \/><\/figure>\n\n\n\n<figure class=\"wp-block-image size-large\"><img decoding=\"async\" width=\"560\" height=\"480\" src=\"https:\/\/expressometro.mx\/wp-content\/uploads\/2023\/03\/IMG-20230327-WA0012-560x480.jpg\" alt=\"\" class=\"wp-image-6930\" srcset=\"https:\/\/expressometro.mx\/wp-content\/uploads\/2023\/03\/IMG-20230327-WA0012-560x480.jpg 560w, https:\/\/expressometro.mx\/wp-content\/uploads\/2023\/03\/IMG-20230327-WA0012-426x365.jpg 426w, https:\/\/expressometro.mx\/wp-content\/uploads\/2023\/03\/IMG-20230327-WA0012.jpg 720w\" sizes=\"(max-width: 560px) 100vw, 560px\" \/><\/figure>\n","protected":false},"excerpt":{"rendered":"<p>conmemoraci\u00f3n del Aniversario del Natalicio de Benito Ju\u00e1rez se realiz\u00f3 honores a la bandera y el izamiento de bandera. Este acto fue encabezado por el presidente municipal de Jocotitlan Jes\u00fas Cedillo Gonz\u00e1lez, acompa\u00f1ado de Servidores P\u00fablicos, Instituciones Educativas y Ciudadan\u00eda.Recordaron la vida del personaje ilustre de la historia mexicana quien lucho incansable por La Paz y por ser defensor de la Constituci\u00f3n es merecedor del respeto nacional. As\u00ed mismo se llev\u00f3 a cabo el encendido del fuego como parte de los festejos para darle la bienvenida a la primavera. En&hellip;<\/p>\n","protected":false},"author":2,"featured_media":0,"comment_status":"open","ping_status":"open","sticky":false,"template":"","format":"standard","meta":{"footnotes":""},"categories":[1],"tags":[],"class_list":["post-6926","post","type-post","status-publish","format-standard","hentry","category-otros"],"yoast_head":"<!-- This site is optimized with the Yoast SEO plugin v27.5 - https:\/\/yoast.com\/product\/yoast-seo-wordpress\/ -->\n<title>CELEBRAN NATALICIO DE BENITO JU\u00c1REZ EN JOCOTITL\u00c1N - Expresso Metropolitano<\/title>\n<meta name=\"robots\" content=\"index, follow, max-snippet:-1, max-image-preview:large, max-video-preview:-1\" \/>\n<link rel=\"canonical\" href=\"https:\/\/expressometro.mx\/index.php\/2023\/03\/22\/celebran-natalicio-de-benito-juarez-en-jocotitlan\/\" \/>\n<meta property=\"og:locale\" content=\"es_MX\" \/>\n<meta property=\"og:type\" content=\"article\" \/>\n<meta property=\"og:title\" content=\"CELEBRAN NATALICIO DE BENITO JU\u00c1REZ EN JOCOTITL\u00c1N - Expresso Metropolitano\" \/>\n<meta property=\"og:description\" content=\"conmemoraci\u00f3n del Aniversario del Natalicio de Benito Ju\u00e1rez se realiz\u00f3 honores a la bandera y el izamiento de bandera. Este acto fue encabezado por el presidente municipal de Jocotitlan Jes\u00fas Cedillo Gonz\u00e1lez, acompa\u00f1ado de Servidores P\u00fablicos, Instituciones Educativas y Ciudadan\u00eda.Recordaron la vida del personaje ilustre de la historia mexicana quien lucho incansable por La Paz y por ser defensor de la Constituci\u00f3n es merecedor del respeto nacional. As\u00ed mismo se llev\u00f3 a cabo el encendido del fuego como parte de los festejos para darle la bienvenida a la primavera. En&hellip;\" \/>\n<meta property=\"og:url\" content=\"https:\/\/expressometro.mx\/index.php\/2023\/03\/22\/celebran-natalicio-de-benito-juarez-en-jocotitlan\/\" \/>\n<meta property=\"og:site_name\" content=\"Expresso Metropolitano\" \/>\n<meta property=\"article:published_time\" content=\"2023-03-22T15:06:56+00:00\" \/>\n<meta property=\"article:modified_time\" content=\"2023-03-27T15:10:21+00:00\" \/>\n<meta property=\"og:image\" content=\"https:\/\/expressometro.mx\/wp-content\/uploads\/2023\/03\/IMG-20230327-WA0010.jpg\" \/>\n<meta name=\"author\" content=\"Cecilia Vega\" \/>\n<meta name=\"twitter:label1\" content=\"Escrito por\" \/>\n\t<meta name=\"twitter:data1\" content=\"Cecilia Vega\" \/>\n\t<meta name=\"twitter:label2\" content=\"Tiempo de lectura\" \/>\n\t<meta name=\"twitter:data2\" content=\"2 minutos\" \/>\n<script type=\"application\/ld+json\" class=\"yoast-schema-graph\">{\"@context\":\"https:\\\/\\\/schema.org\",\"@graph\":[{\"@type\":\"Article\",\"@id\":\"https:\\\/\\\/expressometro.mx\\\/index.php\\\/2023\\\/03\\\/22\\\/celebran-natalicio-de-benito-juarez-en-jocotitlan\\\/#article\",\"isPartOf\":{\"@id\":\"https:\\\/\\\/expressometro.mx\\\/index.php\\\/2023\\\/03\\\/22\\\/celebran-natalicio-de-benito-juarez-en-jocotitlan\\\/\"},\"author\":{\"name\":\"Cecilia Vega\",\"@id\":\"https:\\\/\\\/expressometro.mx\\\/#\\\/schema\\\/person\\\/67a95b8e3862085c7598f66237488f1f\"},\"headline\":\"CELEBRAN NATALICIO DE BENITO JU\u00c1REZ EN JOCOTITL\u00c1N\",\"datePublished\":\"2023-03-22T15:06:56+00:00\",\"dateModified\":\"2023-03-27T15:10:21+00:00\",\"mainEntityOfPage\":{\"@id\":\"https:\\\/\\\/expressometro.mx\\\/index.php\\\/2023\\\/03\\\/22\\\/celebran-natalicio-de-benito-juarez-en-jocotitlan\\\/\"},\"wordCount\":159,\"commentCount\":0,\"publisher\":{\"@id\":\"https:\\\/\\\/expressometro.mx\\\/#organization\"},\"image\":{\"@id\":\"https:\\\/\\\/expressometro.mx\\\/index.php\\\/2023\\\/03\\\/22\\\/celebran-natalicio-de-benito-juarez-en-jocotitlan\\\/#primaryimage\"},\"thumbnailUrl\":\"https:\\\/\\\/expressometro.mx\\\/wp-content\\\/uploads\\\/2023\\\/03\\\/IMG-20230327-WA0010.jpg\",\"articleSection\":[\"Otros\"],\"inLanguage\":\"es\",\"potentialAction\":[{\"@type\":\"CommentAction\",\"name\":\"Comment\",\"target\":[\"https:\\\/\\\/expressometro.mx\\\/index.php\\\/2023\\\/03\\\/22\\\/celebran-natalicio-de-benito-juarez-en-jocotitlan\\\/#respond\"]}]},{\"@type\":\"WebPage\",\"@id\":\"https:\\\/\\\/expressometro.mx\\\/index.php\\\/2023\\\/03\\\/22\\\/celebran-natalicio-de-benito-juarez-en-jocotitlan\\\/\",\"url\":\"https:\\\/\\\/expressometro.mx\\\/index.php\\\/2023\\\/03\\\/22\\\/celebran-natalicio-de-benito-juarez-en-jocotitlan\\\/\",\"name\":\"CELEBRAN NATALICIO DE BENITO JU\u00c1REZ EN JOCOTITL\u00c1N - Expresso Metropolitano\",\"isPartOf\":{\"@id\":\"https:\\\/\\\/expressometro.mx\\\/#website\"},\"primaryImageOfPage\":{\"@id\":\"https:\\\/\\\/expressometro.mx\\\/index.php\\\/2023\\\/03\\\/22\\\/celebran-natalicio-de-benito-juarez-en-jocotitlan\\\/#primaryimage\"},\"image\":{\"@id\":\"https:\\\/\\\/expressometro.mx\\\/index.php\\\/2023\\\/03\\\/22\\\/celebran-natalicio-de-benito-juarez-en-jocotitlan\\\/#primaryimage\"},\"thumbnailUrl\":\"https:\\\/\\\/expressometro.mx\\\/wp-content\\\/uploads\\\/2023\\\/03\\\/IMG-20230327-WA0010.jpg\",\"datePublished\":\"2023-03-22T15:06:56+00:00\",\"dateModified\":\"2023-03-27T15:10:21+00:00\",\"breadcrumb\":{\"@id\":\"https:\\\/\\\/expressometro.mx\\\/index.php\\\/2023\\\/03\\\/22\\\/celebran-natalicio-de-benito-juarez-en-jocotitlan\\\/#breadcrumb\"},\"inLanguage\":\"es\",\"potentialAction\":[{\"@type\":\"ReadAction\",\"target\":[\"https:\\\/\\\/expressometro.mx\\\/index.php\\\/2023\\\/03\\\/22\\\/celebran-natalicio-de-benito-juarez-en-jocotitlan\\\/\"]}]},{\"@type\":\"ImageObject\",\"inLanguage\":\"es\",\"@id\":\"https:\\\/\\\/expressometro.mx\\\/index.php\\\/2023\\\/03\\\/22\\\/celebran-natalicio-de-benito-juarez-en-jocotitlan\\\/#primaryimage\",\"url\":\"https:\\\/\\\/expressometro.mx\\\/wp-content\\\/uploads\\\/2023\\\/03\\\/IMG-20230327-WA0010.jpg\",\"contentUrl\":\"https:\\\/\\\/expressometro.mx\\\/wp-content\\\/uploads\\\/2023\\\/03\\\/IMG-20230327-WA0010.jpg\",\"width\":720,\"height\":336},{\"@type\":\"BreadcrumbList\",\"@id\":\"https:\\\/\\\/expressometro.mx\\\/index.php\\\/2023\\\/03\\\/22\\\/celebran-natalicio-de-benito-juarez-en-jocotitlan\\\/#breadcrumb\",\"itemListElement\":[{\"@type\":\"ListItem\",\"position\":1,\"name\":\"Inicio\",\"item\":\"https:\\\/\\\/expressometro.mx\\\/\"},{\"@type\":\"ListItem\",\"position\":2,\"name\":\"CELEBRAN NATALICIO DE BENITO JU\u00c1REZ EN JOCOTITL\u00c1N\"}]},{\"@type\":\"WebSite\",\"@id\":\"https:\\\/\\\/expressometro.mx\\\/#website\",\"url\":\"https:\\\/\\\/expressometro.mx\\\/\",\"name\":\"Expresso Metropolitano\",\"description\":\"Periodismo comprometido, informaci\u00f3n, investigaci\u00f3n y an\u00e1lisis\",\"publisher\":{\"@id\":\"https:\\\/\\\/expressometro.mx\\\/#organization\"},\"potentialAction\":[{\"@type\":\"SearchAction\",\"target\":{\"@type\":\"EntryPoint\",\"urlTemplate\":\"https:\\\/\\\/expressometro.mx\\\/?s={search_term_string}\"},\"query-input\":{\"@type\":\"PropertyValueSpecification\",\"valueRequired\":true,\"valueName\":\"search_term_string\"}}],\"inLanguage\":\"es\"},{\"@type\":\"Organization\",\"@id\":\"https:\\\/\\\/expressometro.mx\\\/#organization\",\"name\":\"Expresso Metropolitano\",\"url\":\"https:\\\/\\\/expressometro.mx\\\/\",\"logo\":{\"@type\":\"ImageObject\",\"inLanguage\":\"es\",\"@id\":\"https:\\\/\\\/expressometro.mx\\\/#\\\/schema\\\/logo\\\/image\\\/\",\"url\":\"https:\\\/\\\/expressometro.mx\\\/wp-content\\\/uploads\\\/2019\\\/07\\\/cropped-Logo-Expresso-Metropolitano-1-1.jpeg\",\"contentUrl\":\"https:\\\/\\\/expressometro.mx\\\/wp-content\\\/uploads\\\/2019\\\/07\\\/cropped-Logo-Expresso-Metropolitano-1-1.jpeg\",\"width\":290,\"height\":73,\"caption\":\"Expresso Metropolitano\"},\"image\":{\"@id\":\"https:\\\/\\\/expressometro.mx\\\/#\\\/schema\\\/logo\\\/image\\\/\"}},{\"@type\":\"Person\",\"@id\":\"https:\\\/\\\/expressometro.mx\\\/#\\\/schema\\\/person\\\/67a95b8e3862085c7598f66237488f1f\",\"name\":\"Cecilia Vega\",\"image\":{\"@type\":\"ImageObject\",\"inLanguage\":\"es\",\"@id\":\"https:\\\/\\\/secure.gravatar.com\\\/avatar\\\/13aae9944ab2ee472a9e407c9487fdbd03b049abaa559af32fe5dbcf615c981b?s=96&d=mm&r=g\",\"url\":\"https:\\\/\\\/secure.gravatar.com\\\/avatar\\\/13aae9944ab2ee472a9e407c9487fdbd03b049abaa559af32fe5dbcf615c981b?s=96&d=mm&r=g\",\"contentUrl\":\"https:\\\/\\\/secure.gravatar.com\\\/avatar\\\/13aae9944ab2ee472a9e407c9487fdbd03b049abaa559af32fe5dbcf615c981b?s=96&d=mm&r=g\",\"caption\":\"Cecilia Vega\"},\"url\":\"https:\\\/\\\/expressometro.mx\\\/index.php\\\/author\\\/cecilia-vega\\\/\"}]}<\/script>\n<!-- \/ Yoast SEO plugin. -->","yoast_head_json":{"title":"CELEBRAN NATALICIO DE BENITO JU\u00c1REZ EN JOCOTITL\u00c1N - Expresso Metropolitano","robots":{"index":"index","follow":"follow","max-snippet":"max-snippet:-1","max-image-preview":"max-image-preview:large","max-video-preview":"max-video-preview:-1"},"canonical":"https:\/\/expressometro.mx\/index.php\/2023\/03\/22\/celebran-natalicio-de-benito-juarez-en-jocotitlan\/","og_locale":"es_MX","og_type":"article","og_title":"CELEBRAN NATALICIO DE BENITO JU\u00c1REZ EN JOCOTITL\u00c1N - Expresso Metropolitano","og_description":"conmemoraci\u00f3n del Aniversario del Natalicio de Benito Ju\u00e1rez se realiz\u00f3 honores a la bandera y el izamiento de bandera. Este acto fue encabezado por el presidente municipal de Jocotitlan Jes\u00fas Cedillo Gonz\u00e1lez, acompa\u00f1ado de Servidores P\u00fablicos, Instituciones Educativas y Ciudadan\u00eda.Recordaron la vida del personaje ilustre de la historia mexicana quien lucho incansable por La Paz y por ser defensor de la Constituci\u00f3n es merecedor del respeto nacional. As\u00ed mismo se llev\u00f3 a cabo el encendido del fuego como parte de los festejos para darle la bienvenida a la primavera. En&hellip;","og_url":"https:\/\/expressometro.mx\/index.php\/2023\/03\/22\/celebran-natalicio-de-benito-juarez-en-jocotitlan\/","og_site_name":"Expresso Metropolitano","article_published_time":"2023-03-22T15:06:56+00:00","article_modified_time":"2023-03-27T15:10:21+00:00","og_image":[{"url":"https:\/\/expressometro.mx\/wp-content\/uploads\/2023\/03\/IMG-20230327-WA0010.jpg","type":"","width":"","height":""}],"author":"Cecilia Vega","twitter_misc":{"Escrito por":"Cecilia Vega","Tiempo de lectura":"2 minutos"},"schema":{"@context":"https:\/\/schema.org","@graph":[{"@type":"Article","@id":"https:\/\/expressometro.mx\/index.php\/2023\/03\/22\/celebran-natalicio-de-benito-juarez-en-jocotitlan\/#article","isPartOf":{"@id":"https:\/\/expressometro.mx\/index.php\/2023\/03\/22\/celebran-natalicio-de-benito-juarez-en-jocotitlan\/"},"author":{"name":"Cecilia Vega","@id":"https:\/\/expressometro.mx\/#\/schema\/person\/67a95b8e3862085c7598f66237488f1f"},"headline":"CELEBRAN NATALICIO DE BENITO JU\u00c1REZ EN JOCOTITL\u00c1N","datePublished":"2023-03-22T15:06:56+00:00","dateModified":"2023-03-27T15:10:21+00:00","mainEntityOfPage":{"@id":"https:\/\/expressometro.mx\/index.php\/2023\/03\/22\/celebran-natalicio-de-benito-juarez-en-jocotitlan\/"},"wordCount":159,"commentCount":0,"publisher":{"@id":"https:\/\/expressometro.mx\/#organization"},"image":{"@id":"https:\/\/expressometro.mx\/index.php\/2023\/03\/22\/celebran-natalicio-de-benito-juarez-en-jocotitlan\/#primaryimage"},"thumbnailUrl":"https:\/\/expressometro.mx\/wp-content\/uploads\/2023\/03\/IMG-20230327-WA0010.jpg","articleSection":["Otros"],"inLanguage":"es","potentialAction":[{"@type":"CommentAction","name":"Comment","target":["https:\/\/expressometro.mx\/index.php\/2023\/03\/22\/celebran-natalicio-de-benito-juarez-en-jocotitlan\/#respond"]}]},{"@type":"WebPage","@id":"https:\/\/expressometro.mx\/index.php\/2023\/03\/22\/celebran-natalicio-de-benito-juarez-en-jocotitlan\/","url":"https:\/\/expressometro.mx\/index.php\/2023\/03\/22\/celebran-natalicio-de-benito-juarez-en-jocotitlan\/","name":"CELEBRAN NATALICIO DE BENITO JU\u00c1REZ EN JOCOTITL\u00c1N - Expresso Metropolitano","isPartOf":{"@id":"https:\/\/expressometro.mx\/#website"},"primaryImageOfPage":{"@id":"https:\/\/expressometro.mx\/index.php\/2023\/03\/22\/celebran-natalicio-de-benito-juarez-en-jocotitlan\/#primaryimage"},"image":{"@id":"https:\/\/expressometro.mx\/index.php\/2023\/03\/22\/celebran-natalicio-de-benito-juarez-en-jocotitlan\/#primaryimage"},"thumbnailUrl":"https:\/\/expressometro.mx\/wp-content\/uploads\/2023\/03\/IMG-20230327-WA0010.jpg","datePublished":"2023-03-22T15:06:56+00:00","dateModified":"2023-03-27T15:10:21+00:00","breadcrumb":{"@id":"https:\/\/expressometro.mx\/index.php\/2023\/03\/22\/celebran-natalicio-de-benito-juarez-en-jocotitlan\/#breadcrumb"},"inLanguage":"es","potentialAction":[{"@type":"ReadAction","target":["https:\/\/expressometro.mx\/index.php\/2023\/03\/22\/celebran-natalicio-de-benito-juarez-en-jocotitlan\/"]}]},{"@type":"ImageObject","inLanguage":"es","@id":"https:\/\/expressometro.mx\/index.php\/2023\/03\/22\/celebran-natalicio-de-benito-juarez-en-jocotitlan\/#primaryimage","url":"https:\/\/expressometro.mx\/wp-content\/uploads\/2023\/03\/IMG-20230327-WA0010.jpg","contentUrl":"https:\/\/expressometro.mx\/wp-content\/uploads\/2023\/03\/IMG-20230327-WA0010.jpg","width":720,"height":336},{"@type":"BreadcrumbList","@id":"https:\/\/expressometro.mx\/index.php\/2023\/03\/22\/celebran-natalicio-de-benito-juarez-en-jocotitlan\/#breadcrumb","itemListElement":[{"@type":"ListItem","position":1,"name":"Inicio","item":"https:\/\/expressometro.mx\/"},{"@type":"ListItem","position":2,"name":"CELEBRAN NATALICIO DE BENITO JU\u00c1REZ EN JOCOTITL\u00c1N"}]},{"@type":"WebSite","@id":"https:\/\/expressometro.mx\/#website","url":"https:\/\/expressometro.mx\/","name":"Expresso Metropolitano","description":"Periodismo comprometido, informaci\u00f3n, investigaci\u00f3n y an\u00e1lisis","publisher":{"@id":"https:\/\/expressometro.mx\/#organization"},"potentialAction":[{"@type":"SearchAction","target":{"@type":"EntryPoint","urlTemplate":"https:\/\/expressometro.mx\/?s={search_term_string}"},"query-input":{"@type":"PropertyValueSpecification","valueRequired":true,"valueName":"search_term_string"}}],"inLanguage":"es"},{"@type":"Organization","@id":"https:\/\/expressometro.mx\/#organization","name":"Expresso Metropolitano","url":"https:\/\/expressometro.mx\/","logo":{"@type":"ImageObject","inLanguage":"es","@id":"https:\/\/expressometro.mx\/#\/schema\/logo\/image\/","url":"https:\/\/expressometro.mx\/wp-content\/uploads\/2019\/07\/cropped-Logo-Expresso-Metropolitano-1-1.jpeg","contentUrl":"https:\/\/expressometro.mx\/wp-content\/uploads\/2019\/07\/cropped-Logo-Expresso-Metropolitano-1-1.jpeg","width":290,"height":73,"caption":"Expresso Metropolitano"},"image":{"@id":"https:\/\/expressometro.mx\/#\/schema\/logo\/image\/"}},{"@type":"Person","@id":"https:\/\/expressometro.mx\/#\/schema\/person\/67a95b8e3862085c7598f66237488f1f","name":"Cecilia Vega","image":{"@type":"ImageObject","inLanguage":"es","@id":"https:\/\/secure.gravatar.com\/avatar\/13aae9944ab2ee472a9e407c9487fdbd03b049abaa559af32fe5dbcf615c981b?s=96&d=mm&r=g","url":"https:\/\/secure.gravatar.com\/avatar\/13aae9944ab2ee472a9e407c9487fdbd03b049abaa559af32fe5dbcf615c981b?s=96&d=mm&r=g","contentUrl":"https:\/\/secure.gravatar.com\/avatar\/13aae9944ab2ee472a9e407c9487fdbd03b049abaa559af32fe5dbcf615c981b?s=96&d=mm&r=g","caption":"Cecilia Vega"},"url":"https:\/\/expressometro.mx\/index.php\/author\/cecilia-vega\/"}]}},"amp_enabled":true,"_links":{"self":[{"href":"https:\/\/expressometro.mx\/index.php\/wp-json\/wp\/v2\/posts\/6926","targetHints":{"allow":["GET"]}}],"collection":[{"href":"https:\/\/expressometro.mx\/index.php\/wp-json\/wp\/v2\/posts"}],"about":[{"href":"https:\/\/expressometro.mx\/index.php\/wp-json\/wp\/v2\/types\/post"}],"author":[{"embeddable":true,"href":"https:\/\/expressometro.mx\/index.php\/wp-json\/wp\/v2\/users\/2"}],"replies":[{"embeddable":true,"href":"https:\/\/expressometro.mx\/index.php\/wp-json\/wp\/v2\/comments?post=6926"}],"version-history":[{"count":1,"href":"https:\/\/expressometro.mx\/index.php\/wp-json\/wp\/v2\/posts\/6926\/revisions"}],"predecessor-version":[{"id":6931,"href":"https:\/\/expressometro.mx\/index.php\/wp-json\/wp\/v2\/posts\/6926\/revisions\/6931"}],"wp:attachment":[{"href":"https:\/\/expressometro.mx\/index.php\/wp-json\/wp\/v2\/media?parent=6926"}],"wp:term":[{"taxonomy":"category","embeddable":true,"href":"https:\/\/expressometro.mx\/index.php\/wp-json\/wp\/v2\/categories?post=6926"},{"taxonomy":"post_tag","embeddable":true,"href":"https:\/\/expressometro.mx\/index.php\/wp-json\/wp\/v2\/tags?post=6926"}],"curies":[{"name":"wp","href":"https:\/\/api.w.org\/{rel}","templated":true}]}}