{"id":6919,"date":"2023-03-08T09:01:08","date_gmt":"2023-03-08T15:01:08","guid":{"rendered":"https:\/\/expressometro.mx\/?p=6919"},"modified":"2023-03-27T09:04:07","modified_gmt":"2023-03-27T15:04:07","slug":"conmemoracion-a-las-mujeres-por-su-lucha-a-la-igualdad","status":"publish","type":"post","link":"https:\/\/expressometro.mx\/index.php\/2023\/03\/08\/conmemoracion-a-las-mujeres-por-su-lucha-a-la-igualdad\/","title":{"rendered":"CONMEMORACI\u00d3N A LAS MUJERES POR SU LUCHA A LA IGUALDAD"},"content":{"rendered":"\n<p><\/p>\n\n\n\n<p>Por su lucha a la igualdad, libertad y respeto, el presidente municipal de Jocotitlan Jes\u00fas Cedillo Gonz\u00e1lez acompa\u00f1ado de la Presidenta del Sistema DIF Municipal Elvira Hern\u00e1ndez G\u00f3mez y de la Delegada de la Secretaria de la Mujer regi\u00f3n Atlacomulco, Leticia Osornio S\u00e1nchez, presenciaron el homenaje a la mujer.<\/p>\n\n\n\n<p>En el marco del d\u00eda Internacional de la Mujer participo la UICUI con n\u00fameros art\u00edsticos, grupo de baile de las maestras jubiladas.<\/p>\n\n\n\n<p>Al igual varias mujeres Jocotitlenses se unieron en la participacion de conferencias para una igualdad de g\u00e9nero y su empoderamiento.<\/p>\n\n\n\n<p>Se imparti\u00f3 una pl\u00e1tica dirigida por Ulises Tapia Nieves cuyo objetivo era hacer conciencia sobre las conductas, el valor y el papel de la mujer en la sociedad.<\/p>\n\n\n\n<p><img decoding=\"async\" width=\"150\" height=\"113\" class=\"wp-image-6920\" style=\"width: 150px;\" src=\"http:\/\/expressometro.mx\/wp-content\/uploads\/2023\/03\/IMG-20230327-WA0007.jpg\" alt=\"\" srcset=\"https:\/\/expressometro.mx\/wp-content\/uploads\/2023\/03\/IMG-20230327-WA0007.jpg 720w, https:\/\/expressometro.mx\/wp-content\/uploads\/2023\/03\/IMG-20230327-WA0007-487x365.jpg 487w, https:\/\/expressometro.mx\/wp-content\/uploads\/2023\/03\/IMG-20230327-WA0007-640x480.jpg 640w\" sizes=\"(max-width: 150px) 100vw, 150px\" \/><\/p>\n\n\n\n<p><img decoding=\"async\" width=\"150\" height=\"113\" class=\"wp-image-6922\" style=\"width: 150px;\" src=\"http:\/\/expressometro.mx\/wp-content\/uploads\/2023\/03\/IMG-20230327-WA0008.jpg\" alt=\"\" srcset=\"https:\/\/expressometro.mx\/wp-content\/uploads\/2023\/03\/IMG-20230327-WA0008.jpg 720w, https:\/\/expressometro.mx\/wp-content\/uploads\/2023\/03\/IMG-20230327-WA0008-487x365.jpg 487w, https:\/\/expressometro.mx\/wp-content\/uploads\/2023\/03\/IMG-20230327-WA0008-640x480.jpg 640w\" sizes=\"(max-width: 150px) 100vw, 150px\" \/><\/p>\n\n\n\n<p><img decoding=\"async\" width=\"150\" height=\"113\" class=\"wp-image-6923\" style=\"width: 150px;\" src=\"http:\/\/expressometro.mx\/wp-content\/uploads\/2023\/03\/IMG-20230327-WA0009.jpg\" alt=\"\" srcset=\"https:\/\/expressometro.mx\/wp-content\/uploads\/2023\/03\/IMG-20230327-WA0009.jpg 720w, https:\/\/expressometro.mx\/wp-content\/uploads\/2023\/03\/IMG-20230327-WA0009-487x365.jpg 487w, https:\/\/expressometro.mx\/wp-content\/uploads\/2023\/03\/IMG-20230327-WA0009-640x480.jpg 640w\" sizes=\"(max-width: 150px) 100vw, 150px\" \/><\/p>\n","protected":false},"excerpt":{"rendered":"<p>Por su lucha a la igualdad, libertad y respeto, el presidente municipal de Jocotitlan Jes\u00fas Cedillo Gonz\u00e1lez acompa\u00f1ado de la Presidenta del Sistema DIF Municipal Elvira Hern\u00e1ndez G\u00f3mez y de la Delegada de la Secretaria de la Mujer regi\u00f3n Atlacomulco, Leticia Osornio S\u00e1nchez, presenciaron el homenaje a la mujer. En el marco del d\u00eda Internacional de la Mujer participo la UICUI con n\u00fameros art\u00edsticos, grupo de baile de las maestras jubiladas. Al igual varias mujeres Jocotitlenses se unieron en la participacion de conferencias para una igualdad de g\u00e9nero y su&hellip;<\/p>\n","protected":false},"author":2,"featured_media":0,"comment_status":"open","ping_status":"open","sticky":false,"template":"","format":"standard","meta":{"footnotes":""},"categories":[1],"tags":[],"class_list":["post-6919","post","type-post","status-publish","format-standard","hentry","category-otros"],"yoast_head":"<!-- This site is optimized with the Yoast SEO plugin v27.5 - https:\/\/yoast.com\/product\/yoast-seo-wordpress\/ -->\n<title>CONMEMORACI\u00d3N A LAS MUJERES POR SU LUCHA A LA IGUALDAD - Expresso Metropolitano<\/title>\n<meta name=\"robots\" content=\"index, follow, max-snippet:-1, max-image-preview:large, max-video-preview:-1\" \/>\n<link rel=\"canonical\" href=\"https:\/\/expressometro.mx\/index.php\/2023\/03\/08\/conmemoracion-a-las-mujeres-por-su-lucha-a-la-igualdad\/\" \/>\n<meta property=\"og:locale\" content=\"es_MX\" \/>\n<meta property=\"og:type\" content=\"article\" \/>\n<meta property=\"og:title\" content=\"CONMEMORACI\u00d3N A LAS MUJERES POR SU LUCHA A LA IGUALDAD - Expresso Metropolitano\" \/>\n<meta property=\"og:description\" content=\"Por su lucha a la igualdad, libertad y respeto, el presidente municipal de Jocotitlan Jes\u00fas Cedillo Gonz\u00e1lez acompa\u00f1ado de la Presidenta del Sistema DIF Municipal Elvira Hern\u00e1ndez G\u00f3mez y de la Delegada de la Secretaria de la Mujer regi\u00f3n Atlacomulco, Leticia Osornio S\u00e1nchez, presenciaron el homenaje a la mujer. En el marco del d\u00eda Internacional de la Mujer participo la UICUI con n\u00fameros art\u00edsticos, grupo de baile de las maestras jubiladas. Al igual varias mujeres Jocotitlenses se unieron en la participacion de conferencias para una igualdad de g\u00e9nero y su&hellip;\" \/>\n<meta property=\"og:url\" content=\"https:\/\/expressometro.mx\/index.php\/2023\/03\/08\/conmemoracion-a-las-mujeres-por-su-lucha-a-la-igualdad\/\" \/>\n<meta property=\"og:site_name\" content=\"Expresso Metropolitano\" \/>\n<meta property=\"article:published_time\" content=\"2023-03-08T15:01:08+00:00\" \/>\n<meta property=\"article:modified_time\" content=\"2023-03-27T15:04:07+00:00\" \/>\n<meta property=\"og:image\" content=\"http:\/\/expressometro.mx\/wp-content\/uploads\/2023\/03\/IMG-20230327-WA0007.jpg\" \/>\n<meta name=\"author\" content=\"Cecilia Vega\" \/>\n<meta name=\"twitter:label1\" content=\"Escrito por\" \/>\n\t<meta name=\"twitter:data1\" content=\"Cecilia Vega\" \/>\n\t<meta name=\"twitter:label2\" content=\"Tiempo de lectura\" \/>\n\t<meta name=\"twitter:data2\" content=\"2 minutos\" \/>\n<script type=\"application\/ld+json\" class=\"yoast-schema-graph\">{\"@context\":\"https:\\\/\\\/schema.org\",\"@graph\":[{\"@type\":\"Article\",\"@id\":\"https:\\\/\\\/expressometro.mx\\\/index.php\\\/2023\\\/03\\\/08\\\/conmemoracion-a-las-mujeres-por-su-lucha-a-la-igualdad\\\/#article\",\"isPartOf\":{\"@id\":\"https:\\\/\\\/expressometro.mx\\\/index.php\\\/2023\\\/03\\\/08\\\/conmemoracion-a-las-mujeres-por-su-lucha-a-la-igualdad\\\/\"},\"author\":{\"name\":\"Cecilia Vega\",\"@id\":\"https:\\\/\\\/expressometro.mx\\\/#\\\/schema\\\/person\\\/67a95b8e3862085c7598f66237488f1f\"},\"headline\":\"CONMEMORACI\u00d3N A LAS MUJERES POR SU LUCHA A LA IGUALDAD\",\"datePublished\":\"2023-03-08T15:01:08+00:00\",\"dateModified\":\"2023-03-27T15:04:07+00:00\",\"mainEntityOfPage\":{\"@id\":\"https:\\\/\\\/expressometro.mx\\\/index.php\\\/2023\\\/03\\\/08\\\/conmemoracion-a-las-mujeres-por-su-lucha-a-la-igualdad\\\/\"},\"wordCount\":142,\"commentCount\":0,\"publisher\":{\"@id\":\"https:\\\/\\\/expressometro.mx\\\/#organization\"},\"image\":{\"@id\":\"https:\\\/\\\/expressometro.mx\\\/index.php\\\/2023\\\/03\\\/08\\\/conmemoracion-a-las-mujeres-por-su-lucha-a-la-igualdad\\\/#primaryimage\"},\"thumbnailUrl\":\"http:\\\/\\\/expressometro.mx\\\/wp-content\\\/uploads\\\/2023\\\/03\\\/IMG-20230327-WA0007.jpg\",\"articleSection\":[\"Otros\"],\"inLanguage\":\"es\",\"potentialAction\":[{\"@type\":\"CommentAction\",\"name\":\"Comment\",\"target\":[\"https:\\\/\\\/expressometro.mx\\\/index.php\\\/2023\\\/03\\\/08\\\/conmemoracion-a-las-mujeres-por-su-lucha-a-la-igualdad\\\/#respond\"]}]},{\"@type\":\"WebPage\",\"@id\":\"https:\\\/\\\/expressometro.mx\\\/index.php\\\/2023\\\/03\\\/08\\\/conmemoracion-a-las-mujeres-por-su-lucha-a-la-igualdad\\\/\",\"url\":\"https:\\\/\\\/expressometro.mx\\\/index.php\\\/2023\\\/03\\\/08\\\/conmemoracion-a-las-mujeres-por-su-lucha-a-la-igualdad\\\/\",\"name\":\"CONMEMORACI\u00d3N A LAS MUJERES POR SU LUCHA A LA IGUALDAD - Expresso Metropolitano\",\"isPartOf\":{\"@id\":\"https:\\\/\\\/expressometro.mx\\\/#website\"},\"primaryImageOfPage\":{\"@id\":\"https:\\\/\\\/expressometro.mx\\\/index.php\\\/2023\\\/03\\\/08\\\/conmemoracion-a-las-mujeres-por-su-lucha-a-la-igualdad\\\/#primaryimage\"},\"image\":{\"@id\":\"https:\\\/\\\/expressometro.mx\\\/index.php\\\/2023\\\/03\\\/08\\\/conmemoracion-a-las-mujeres-por-su-lucha-a-la-igualdad\\\/#primaryimage\"},\"thumbnailUrl\":\"http:\\\/\\\/expressometro.mx\\\/wp-content\\\/uploads\\\/2023\\\/03\\\/IMG-20230327-WA0007.jpg\",\"datePublished\":\"2023-03-08T15:01:08+00:00\",\"dateModified\":\"2023-03-27T15:04:07+00:00\",\"breadcrumb\":{\"@id\":\"https:\\\/\\\/expressometro.mx\\\/index.php\\\/2023\\\/03\\\/08\\\/conmemoracion-a-las-mujeres-por-su-lucha-a-la-igualdad\\\/#breadcrumb\"},\"inLanguage\":\"es\",\"potentialAction\":[{\"@type\":\"ReadAction\",\"target\":[\"https:\\\/\\\/expressometro.mx\\\/index.php\\\/2023\\\/03\\\/08\\\/conmemoracion-a-las-mujeres-por-su-lucha-a-la-igualdad\\\/\"]}]},{\"@type\":\"ImageObject\",\"inLanguage\":\"es\",\"@id\":\"https:\\\/\\\/expressometro.mx\\\/index.php\\\/2023\\\/03\\\/08\\\/conmemoracion-a-las-mujeres-por-su-lucha-a-la-igualdad\\\/#primaryimage\",\"url\":\"https:\\\/\\\/expressometro.mx\\\/wp-content\\\/uploads\\\/2023\\\/03\\\/IMG-20230327-WA0007.jpg\",\"contentUrl\":\"https:\\\/\\\/expressometro.mx\\\/wp-content\\\/uploads\\\/2023\\\/03\\\/IMG-20230327-WA0007.jpg\",\"width\":720,\"height\":540},{\"@type\":\"BreadcrumbList\",\"@id\":\"https:\\\/\\\/expressometro.mx\\\/index.php\\\/2023\\\/03\\\/08\\\/conmemoracion-a-las-mujeres-por-su-lucha-a-la-igualdad\\\/#breadcrumb\",\"itemListElement\":[{\"@type\":\"ListItem\",\"position\":1,\"name\":\"Inicio\",\"item\":\"https:\\\/\\\/expressometro.mx\\\/\"},{\"@type\":\"ListItem\",\"position\":2,\"name\":\"CONMEMORACI\u00d3N A LAS MUJERES POR SU LUCHA A LA IGUALDAD\"}]},{\"@type\":\"WebSite\",\"@id\":\"https:\\\/\\\/expressometro.mx\\\/#website\",\"url\":\"https:\\\/\\\/expressometro.mx\\\/\",\"name\":\"Expresso Metropolitano\",\"description\":\"Periodismo comprometido, informaci\u00f3n, investigaci\u00f3n y an\u00e1lisis\",\"publisher\":{\"@id\":\"https:\\\/\\\/expressometro.mx\\\/#organization\"},\"potentialAction\":[{\"@type\":\"SearchAction\",\"target\":{\"@type\":\"EntryPoint\",\"urlTemplate\":\"https:\\\/\\\/expressometro.mx\\\/?s={search_term_string}\"},\"query-input\":{\"@type\":\"PropertyValueSpecification\",\"valueRequired\":true,\"valueName\":\"search_term_string\"}}],\"inLanguage\":\"es\"},{\"@type\":\"Organization\",\"@id\":\"https:\\\/\\\/expressometro.mx\\\/#organization\",\"name\":\"Expresso Metropolitano\",\"url\":\"https:\\\/\\\/expressometro.mx\\\/\",\"logo\":{\"@type\":\"ImageObject\",\"inLanguage\":\"es\",\"@id\":\"https:\\\/\\\/expressometro.mx\\\/#\\\/schema\\\/logo\\\/image\\\/\",\"url\":\"https:\\\/\\\/expressometro.mx\\\/wp-content\\\/uploads\\\/2019\\\/07\\\/cropped-Logo-Expresso-Metropolitano-1-1.jpeg\",\"contentUrl\":\"https:\\\/\\\/expressometro.mx\\\/wp-content\\\/uploads\\\/2019\\\/07\\\/cropped-Logo-Expresso-Metropolitano-1-1.jpeg\",\"width\":290,\"height\":73,\"caption\":\"Expresso Metropolitano\"},\"image\":{\"@id\":\"https:\\\/\\\/expressometro.mx\\\/#\\\/schema\\\/logo\\\/image\\\/\"}},{\"@type\":\"Person\",\"@id\":\"https:\\\/\\\/expressometro.mx\\\/#\\\/schema\\\/person\\\/67a95b8e3862085c7598f66237488f1f\",\"name\":\"Cecilia Vega\",\"image\":{\"@type\":\"ImageObject\",\"inLanguage\":\"es\",\"@id\":\"https:\\\/\\\/secure.gravatar.com\\\/avatar\\\/13aae9944ab2ee472a9e407c9487fdbd03b049abaa559af32fe5dbcf615c981b?s=96&d=mm&r=g\",\"url\":\"https:\\\/\\\/secure.gravatar.com\\\/avatar\\\/13aae9944ab2ee472a9e407c9487fdbd03b049abaa559af32fe5dbcf615c981b?s=96&d=mm&r=g\",\"contentUrl\":\"https:\\\/\\\/secure.gravatar.com\\\/avatar\\\/13aae9944ab2ee472a9e407c9487fdbd03b049abaa559af32fe5dbcf615c981b?s=96&d=mm&r=g\",\"caption\":\"Cecilia Vega\"},\"url\":\"https:\\\/\\\/expressometro.mx\\\/index.php\\\/author\\\/cecilia-vega\\\/\"}]}<\/script>\n<!-- \/ Yoast SEO plugin. -->","yoast_head_json":{"title":"CONMEMORACI\u00d3N A LAS MUJERES POR SU LUCHA A LA IGUALDAD - Expresso Metropolitano","robots":{"index":"index","follow":"follow","max-snippet":"max-snippet:-1","max-image-preview":"max-image-preview:large","max-video-preview":"max-video-preview:-1"},"canonical":"https:\/\/expressometro.mx\/index.php\/2023\/03\/08\/conmemoracion-a-las-mujeres-por-su-lucha-a-la-igualdad\/","og_locale":"es_MX","og_type":"article","og_title":"CONMEMORACI\u00d3N A LAS MUJERES POR SU LUCHA A LA IGUALDAD - Expresso Metropolitano","og_description":"Por su lucha a la igualdad, libertad y respeto, el presidente municipal de Jocotitlan Jes\u00fas Cedillo Gonz\u00e1lez acompa\u00f1ado de la Presidenta del Sistema DIF Municipal Elvira Hern\u00e1ndez G\u00f3mez y de la Delegada de la Secretaria de la Mujer regi\u00f3n Atlacomulco, Leticia Osornio S\u00e1nchez, presenciaron el homenaje a la mujer. En el marco del d\u00eda Internacional de la Mujer participo la UICUI con n\u00fameros art\u00edsticos, grupo de baile de las maestras jubiladas. Al igual varias mujeres Jocotitlenses se unieron en la participacion de conferencias para una igualdad de g\u00e9nero y su&hellip;","og_url":"https:\/\/expressometro.mx\/index.php\/2023\/03\/08\/conmemoracion-a-las-mujeres-por-su-lucha-a-la-igualdad\/","og_site_name":"Expresso Metropolitano","article_published_time":"2023-03-08T15:01:08+00:00","article_modified_time":"2023-03-27T15:04:07+00:00","og_image":[{"url":"http:\/\/expressometro.mx\/wp-content\/uploads\/2023\/03\/IMG-20230327-WA0007.jpg","type":"","width":"","height":""}],"author":"Cecilia Vega","twitter_misc":{"Escrito por":"Cecilia Vega","Tiempo de lectura":"2 minutos"},"schema":{"@context":"https:\/\/schema.org","@graph":[{"@type":"Article","@id":"https:\/\/expressometro.mx\/index.php\/2023\/03\/08\/conmemoracion-a-las-mujeres-por-su-lucha-a-la-igualdad\/#article","isPartOf":{"@id":"https:\/\/expressometro.mx\/index.php\/2023\/03\/08\/conmemoracion-a-las-mujeres-por-su-lucha-a-la-igualdad\/"},"author":{"name":"Cecilia Vega","@id":"https:\/\/expressometro.mx\/#\/schema\/person\/67a95b8e3862085c7598f66237488f1f"},"headline":"CONMEMORACI\u00d3N A LAS MUJERES POR SU LUCHA A LA IGUALDAD","datePublished":"2023-03-08T15:01:08+00:00","dateModified":"2023-03-27T15:04:07+00:00","mainEntityOfPage":{"@id":"https:\/\/expressometro.mx\/index.php\/2023\/03\/08\/conmemoracion-a-las-mujeres-por-su-lucha-a-la-igualdad\/"},"wordCount":142,"commentCount":0,"publisher":{"@id":"https:\/\/expressometro.mx\/#organization"},"image":{"@id":"https:\/\/expressometro.mx\/index.php\/2023\/03\/08\/conmemoracion-a-las-mujeres-por-su-lucha-a-la-igualdad\/#primaryimage"},"thumbnailUrl":"http:\/\/expressometro.mx\/wp-content\/uploads\/2023\/03\/IMG-20230327-WA0007.jpg","articleSection":["Otros"],"inLanguage":"es","potentialAction":[{"@type":"CommentAction","name":"Comment","target":["https:\/\/expressometro.mx\/index.php\/2023\/03\/08\/conmemoracion-a-las-mujeres-por-su-lucha-a-la-igualdad\/#respond"]}]},{"@type":"WebPage","@id":"https:\/\/expressometro.mx\/index.php\/2023\/03\/08\/conmemoracion-a-las-mujeres-por-su-lucha-a-la-igualdad\/","url":"https:\/\/expressometro.mx\/index.php\/2023\/03\/08\/conmemoracion-a-las-mujeres-por-su-lucha-a-la-igualdad\/","name":"CONMEMORACI\u00d3N A LAS MUJERES POR SU LUCHA A LA IGUALDAD - Expresso Metropolitano","isPartOf":{"@id":"https:\/\/expressometro.mx\/#website"},"primaryImageOfPage":{"@id":"https:\/\/expressometro.mx\/index.php\/2023\/03\/08\/conmemoracion-a-las-mujeres-por-su-lucha-a-la-igualdad\/#primaryimage"},"image":{"@id":"https:\/\/expressometro.mx\/index.php\/2023\/03\/08\/conmemoracion-a-las-mujeres-por-su-lucha-a-la-igualdad\/#primaryimage"},"thumbnailUrl":"http:\/\/expressometro.mx\/wp-content\/uploads\/2023\/03\/IMG-20230327-WA0007.jpg","datePublished":"2023-03-08T15:01:08+00:00","dateModified":"2023-03-27T15:04:07+00:00","breadcrumb":{"@id":"https:\/\/expressometro.mx\/index.php\/2023\/03\/08\/conmemoracion-a-las-mujeres-por-su-lucha-a-la-igualdad\/#breadcrumb"},"inLanguage":"es","potentialAction":[{"@type":"ReadAction","target":["https:\/\/expressometro.mx\/index.php\/2023\/03\/08\/conmemoracion-a-las-mujeres-por-su-lucha-a-la-igualdad\/"]}]},{"@type":"ImageObject","inLanguage":"es","@id":"https:\/\/expressometro.mx\/index.php\/2023\/03\/08\/conmemoracion-a-las-mujeres-por-su-lucha-a-la-igualdad\/#primaryimage","url":"https:\/\/expressometro.mx\/wp-content\/uploads\/2023\/03\/IMG-20230327-WA0007.jpg","contentUrl":"https:\/\/expressometro.mx\/wp-content\/uploads\/2023\/03\/IMG-20230327-WA0007.jpg","width":720,"height":540},{"@type":"BreadcrumbList","@id":"https:\/\/expressometro.mx\/index.php\/2023\/03\/08\/conmemoracion-a-las-mujeres-por-su-lucha-a-la-igualdad\/#breadcrumb","itemListElement":[{"@type":"ListItem","position":1,"name":"Inicio","item":"https:\/\/expressometro.mx\/"},{"@type":"ListItem","position":2,"name":"CONMEMORACI\u00d3N A LAS MUJERES POR SU LUCHA A LA IGUALDAD"}]},{"@type":"WebSite","@id":"https:\/\/expressometro.mx\/#website","url":"https:\/\/expressometro.mx\/","name":"Expresso Metropolitano","description":"Periodismo comprometido, informaci\u00f3n, investigaci\u00f3n y an\u00e1lisis","publisher":{"@id":"https:\/\/expressometro.mx\/#organization"},"potentialAction":[{"@type":"SearchAction","target":{"@type":"EntryPoint","urlTemplate":"https:\/\/expressometro.mx\/?s={search_term_string}"},"query-input":{"@type":"PropertyValueSpecification","valueRequired":true,"valueName":"search_term_string"}}],"inLanguage":"es"},{"@type":"Organization","@id":"https:\/\/expressometro.mx\/#organization","name":"Expresso Metropolitano","url":"https:\/\/expressometro.mx\/","logo":{"@type":"ImageObject","inLanguage":"es","@id":"https:\/\/expressometro.mx\/#\/schema\/logo\/image\/","url":"https:\/\/expressometro.mx\/wp-content\/uploads\/2019\/07\/cropped-Logo-Expresso-Metropolitano-1-1.jpeg","contentUrl":"https:\/\/expressometro.mx\/wp-content\/uploads\/2019\/07\/cropped-Logo-Expresso-Metropolitano-1-1.jpeg","width":290,"height":73,"caption":"Expresso Metropolitano"},"image":{"@id":"https:\/\/expressometro.mx\/#\/schema\/logo\/image\/"}},{"@type":"Person","@id":"https:\/\/expressometro.mx\/#\/schema\/person\/67a95b8e3862085c7598f66237488f1f","name":"Cecilia Vega","image":{"@type":"ImageObject","inLanguage":"es","@id":"https:\/\/secure.gravatar.com\/avatar\/13aae9944ab2ee472a9e407c9487fdbd03b049abaa559af32fe5dbcf615c981b?s=96&d=mm&r=g","url":"https:\/\/secure.gravatar.com\/avatar\/13aae9944ab2ee472a9e407c9487fdbd03b049abaa559af32fe5dbcf615c981b?s=96&d=mm&r=g","contentUrl":"https:\/\/secure.gravatar.com\/avatar\/13aae9944ab2ee472a9e407c9487fdbd03b049abaa559af32fe5dbcf615c981b?s=96&d=mm&r=g","caption":"Cecilia Vega"},"url":"https:\/\/expressometro.mx\/index.php\/author\/cecilia-vega\/"}]}},"amp_enabled":true,"_links":{"self":[{"href":"https:\/\/expressometro.mx\/index.php\/wp-json\/wp\/v2\/posts\/6919","targetHints":{"allow":["GET"]}}],"collection":[{"href":"https:\/\/expressometro.mx\/index.php\/wp-json\/wp\/v2\/posts"}],"about":[{"href":"https:\/\/expressometro.mx\/index.php\/wp-json\/wp\/v2\/types\/post"}],"author":[{"embeddable":true,"href":"https:\/\/expressometro.mx\/index.php\/wp-json\/wp\/v2\/users\/2"}],"replies":[{"embeddable":true,"href":"https:\/\/expressometro.mx\/index.php\/wp-json\/wp\/v2\/comments?post=6919"}],"version-history":[{"count":1,"href":"https:\/\/expressometro.mx\/index.php\/wp-json\/wp\/v2\/posts\/6919\/revisions"}],"predecessor-version":[{"id":6924,"href":"https:\/\/expressometro.mx\/index.php\/wp-json\/wp\/v2\/posts\/6919\/revisions\/6924"}],"wp:attachment":[{"href":"https:\/\/expressometro.mx\/index.php\/wp-json\/wp\/v2\/media?parent=6919"}],"wp:term":[{"taxonomy":"category","embeddable":true,"href":"https:\/\/expressometro.mx\/index.php\/wp-json\/wp\/v2\/categories?post=6919"},{"taxonomy":"post_tag","embeddable":true,"href":"https:\/\/expressometro.mx\/index.php\/wp-json\/wp\/v2\/tags?post=6919"}],"curies":[{"name":"wp","href":"https:\/\/api.w.org\/{rel}","templated":true}]}}