{"id":690,"date":"2019-09-13T10:46:51","date_gmt":"2019-09-13T15:46:51","guid":{"rendered":"http:\/\/expressometro.mx\/?p=690"},"modified":"2019-09-15T10:50:32","modified_gmt":"2019-09-15T15:50:32","slug":"realiza-tultitlan-jornada-de-trabajo-en-tu-comunidad","status":"publish","type":"post","link":"https:\/\/expressometro.mx\/index.php\/2019\/09\/13\/realiza-tultitlan-jornada-de-trabajo-en-tu-comunidad\/","title":{"rendered":"Realiza Tultitl\u00e1n \u201cJornada de trabajo en tu comunidad\u201d"},"content":{"rendered":"\n<p>Con el prop\u00f3sito de acercar tr\u00e1mites y servicios a las comunidades vulnerables y con ello facilitar a los habitantes el acceso a sus derechos y a las gestiones administrativas, el gobierno que preside la licenciada Elena Garc\u00eda Mart\u00ednez, contin\u00faa con acciones en favor de los tultitlenses con \u201cJornadas de trabajo en tu comunidad\u201d.<\/p>\n\n\n\n<p><br>Dicha jornada tuvo lugar en Prados Norte en el la Zona Oriente del municipio, donde cientos de colonos se acercaron a realizar\u00a0 diversos tr\u00e1mites y servicios de las distintas \u00e1reas que ofreci\u00f3 el gobierno municipal.<\/p>\n\n\n\n<p><br>La alcaldesa coment\u00f3 que \u201cgracias a las contribuciones de cada uno de ustedes, ha sido posible traer servicios a las comunidades y no s\u00f3lo ser\u00e1 en esta ocasi\u00f3n sino se llevar\u00e1n a cabo en diversas comunidades de las tres zonas de la demarcaci\u00f3n y ser\u00e1n de manera constante\u201d.<br>Destac\u00f3 que &#8220;los Consejos de Participaci\u00f3n Ciudadana (COPACI) han sido pieza clave de enlace para llevar estos servicios hasta estas colonias, por lo que reafirmamos el compromiso de seguir escuchando sus sugerencias, peticiones y sobre todo para actuar&#8221;, expres\u00f3 la Presidenta.\u00a0<\/p>\n\n\n\n<p><br>Entre las \u00e1reas y servicios que se realizaron fueron del Sistema Municipal para el Desarrollo Integral de la Familia DIF Tultitl\u00e1n con jornadas m\u00e9dico asistenciales, servicios de optometr\u00eda, exploraci\u00f3n de mama, aplicaci\u00f3n de vacunas, atenci\u00f3n al adulto mayor, corte de cabello gratuito; en cuanto a Desarrollo Urbano se realizaron tr\u00e1mites de licencia municipal de uso de suelo, c\u00e9dula informativa de zonificaci\u00f3n, cambio de uso de suelo, entre otros tr\u00e1mites; lo que compete a Desarrollo Econ\u00f3mico se tramitaron licencias de funcionamiento a unidades econ\u00f3micas de bajo riesgo; el \u00e1rea de sindicatura promovi\u00f3 la cultura condominal, procedimientos de mediaci\u00f3n y conciliaci\u00f3n en problemas familiares, asesor\u00edas jur\u00eddicas y actas informativas; en APAST uso dom\u00e9stico, caja recaudadora, v\u00e1ctor, brigada de saneamiento y convenios; en Servicios P\u00fablicos aplicaci\u00f3n de vacunas a mascotas contra la rabia, atenci\u00f3n para servicios.<\/p>\n\n\n\n<p><br>Por parte de Educaci\u00f3n cultura y turismo se realizaron bibliotecas itinerantes, informaci\u00f3n de actividades culturales y talleres de huertos urbanos; la direcci\u00f3n de Obras P\u00fablicas tuvieron m\u00f3dulo de atenci\u00f3n; en Consejer\u00eda Jur\u00eddica se realizaron asesor\u00edas en tr\u00e1mites de testamentos, divorcios, escrituraci\u00f3n; el \u00e1rea de tesorer\u00eda se habilit\u00f3 la unidad m\u00f3vil de recaudaci\u00f3n, orientaci\u00f3n de tr\u00e1mites catastrales y de impuesto predial; INTUJUVE e IMCUFIDET e INMUJER contaron con stands informativos y por parte de la Polic\u00eda de Atenci\u00f3n a v\u00edctimas hubo orientaci\u00f3n jur\u00eddica, psicol\u00f3gica y canalizaci\u00f3n a unidades especializadas.<\/p>\n\n\n\n<p><br>Es importante mencionar que durante dicha jornada se atendieron a m\u00e1s de 1000 habitantes donde se les dar\u00e1 seguimiento a sus peticiones, tr\u00e1mites y asesoramientos.<br>Para concluir ciudadanos de dicha colonia manifestaron estar contentos por llevar a cabo este tipo de jornadas en las comunidades ya que por cuestiones econ\u00f3micas o por desconocimiento no se acercan a las instalaciones de palacio municipal a realizar sus tr\u00e1mites.<\/p>\n","protected":false},"excerpt":{"rendered":"<p>Con el prop\u00f3sito de acercar tr\u00e1mites y servicios a las comunidades vulnerables y con ello facilitar a los habitantes el acceso a sus derechos y a las gestiones administrativas, el gobierno que preside la licenciada Elena Garc\u00eda Mart\u00ednez, contin\u00faa con acciones en favor de los tultitlenses con \u201cJornadas de trabajo en tu comunidad\u201d. Dicha jornada tuvo lugar en Prados Norte en el la Zona Oriente del municipio, donde cientos de colonos se acercaron a realizar\u00a0 diversos tr\u00e1mites y servicios de las distintas \u00e1reas que ofreci\u00f3 el gobierno municipal. La alcaldesa&hellip;<\/p>\n","protected":false},"author":1,"featured_media":692,"comment_status":"open","ping_status":"open","sticky":false,"template":"","format":"standard","meta":{"footnotes":""},"categories":[3],"tags":[],"class_list":["post-690","post","type-post","status-publish","format-standard","has-post-thumbnail","hentry","category-gobierno"],"yoast_head":"<!-- This site is optimized with the Yoast SEO plugin v27.5 - https:\/\/yoast.com\/product\/yoast-seo-wordpress\/ -->\n<title>Realiza Tultitl\u00e1n \u201cJornada de trabajo en tu comunidad\u201d - Expresso Metropolitano<\/title>\n<meta name=\"robots\" content=\"index, follow, max-snippet:-1, max-image-preview:large, max-video-preview:-1\" \/>\n<link rel=\"canonical\" href=\"https:\/\/expressometro.mx\/index.php\/2019\/09\/13\/realiza-tultitlan-jornada-de-trabajo-en-tu-comunidad\/\" \/>\n<meta property=\"og:locale\" content=\"es_MX\" \/>\n<meta property=\"og:type\" content=\"article\" \/>\n<meta property=\"og:title\" content=\"Realiza Tultitl\u00e1n \u201cJornada de trabajo en tu comunidad\u201d - Expresso Metropolitano\" \/>\n<meta property=\"og:description\" content=\"Con el prop\u00f3sito de acercar tr\u00e1mites y servicios a las comunidades vulnerables y con ello facilitar a los habitantes el acceso a sus derechos y a las gestiones administrativas, el gobierno que preside la licenciada Elena Garc\u00eda Mart\u00ednez, contin\u00faa con acciones en favor de los tultitlenses con \u201cJornadas de trabajo en tu comunidad\u201d. Dicha jornada tuvo lugar en Prados Norte en el la Zona Oriente del municipio, donde cientos de colonos se acercaron a realizar\u00a0 diversos tr\u00e1mites y servicios de las distintas \u00e1reas que ofreci\u00f3 el gobierno municipal. La alcaldesa&hellip;\" \/>\n<meta property=\"og:url\" content=\"https:\/\/expressometro.mx\/index.php\/2019\/09\/13\/realiza-tultitlan-jornada-de-trabajo-en-tu-comunidad\/\" \/>\n<meta property=\"og:site_name\" content=\"Expresso Metropolitano\" \/>\n<meta property=\"article:published_time\" content=\"2019-09-13T15:46:51+00:00\" \/>\n<meta property=\"article:modified_time\" content=\"2019-09-15T15:50:32+00:00\" \/>\n<meta property=\"og:image\" content=\"https:\/\/expressometro.mx\/wp-content\/uploads\/2019\/09\/21094581-AC56-4ABD-BF7E-ABDC93BA2209.png\" \/>\n\t<meta property=\"og:image:width\" content=\"1280\" \/>\n\t<meta property=\"og:image:height\" content=\"853\" \/>\n\t<meta property=\"og:image:type\" content=\"image\/png\" \/>\n<meta name=\"author\" content=\"Expresso Metropolitano\" \/>\n<meta name=\"twitter:label1\" content=\"Escrito por\" \/>\n\t<meta name=\"twitter:data1\" content=\"Expresso Metropolitano\" \/>\n\t<meta name=\"twitter:label2\" content=\"Tiempo de lectura\" \/>\n\t<meta name=\"twitter:data2\" content=\"3 minutos\" \/>\n<script type=\"application\/ld+json\" class=\"yoast-schema-graph\">{\"@context\":\"https:\\\/\\\/schema.org\",\"@graph\":[{\"@type\":\"Article\",\"@id\":\"https:\\\/\\\/expressometro.mx\\\/index.php\\\/2019\\\/09\\\/13\\\/realiza-tultitlan-jornada-de-trabajo-en-tu-comunidad\\\/#article\",\"isPartOf\":{\"@id\":\"https:\\\/\\\/expressometro.mx\\\/index.php\\\/2019\\\/09\\\/13\\\/realiza-tultitlan-jornada-de-trabajo-en-tu-comunidad\\\/\"},\"author\":{\"name\":\"Expresso Metropolitano\",\"@id\":\"https:\\\/\\\/expressometro.mx\\\/#\\\/schema\\\/person\\\/efa971b4a0664db8ed5c22b1b0dd2f5d\"},\"headline\":\"Realiza Tultitl\u00e1n \u201cJornada de trabajo en tu comunidad\u201d\",\"datePublished\":\"2019-09-13T15:46:51+00:00\",\"dateModified\":\"2019-09-15T15:50:32+00:00\",\"mainEntityOfPage\":{\"@id\":\"https:\\\/\\\/expressometro.mx\\\/index.php\\\/2019\\\/09\\\/13\\\/realiza-tultitlan-jornada-de-trabajo-en-tu-comunidad\\\/\"},\"wordCount\":532,\"commentCount\":0,\"publisher\":{\"@id\":\"https:\\\/\\\/expressometro.mx\\\/#organization\"},\"image\":{\"@id\":\"https:\\\/\\\/expressometro.mx\\\/index.php\\\/2019\\\/09\\\/13\\\/realiza-tultitlan-jornada-de-trabajo-en-tu-comunidad\\\/#primaryimage\"},\"thumbnailUrl\":\"https:\\\/\\\/expressometro.mx\\\/wp-content\\\/uploads\\\/2019\\\/09\\\/21094581-AC56-4ABD-BF7E-ABDC93BA2209.png\",\"articleSection\":[\"Gobierno\"],\"inLanguage\":\"es\",\"potentialAction\":[{\"@type\":\"CommentAction\",\"name\":\"Comment\",\"target\":[\"https:\\\/\\\/expressometro.mx\\\/index.php\\\/2019\\\/09\\\/13\\\/realiza-tultitlan-jornada-de-trabajo-en-tu-comunidad\\\/#respond\"]}]},{\"@type\":\"WebPage\",\"@id\":\"https:\\\/\\\/expressometro.mx\\\/index.php\\\/2019\\\/09\\\/13\\\/realiza-tultitlan-jornada-de-trabajo-en-tu-comunidad\\\/\",\"url\":\"https:\\\/\\\/expressometro.mx\\\/index.php\\\/2019\\\/09\\\/13\\\/realiza-tultitlan-jornada-de-trabajo-en-tu-comunidad\\\/\",\"name\":\"Realiza Tultitl\u00e1n \u201cJornada de trabajo en tu comunidad\u201d - Expresso Metropolitano\",\"isPartOf\":{\"@id\":\"https:\\\/\\\/expressometro.mx\\\/#website\"},\"primaryImageOfPage\":{\"@id\":\"https:\\\/\\\/expressometro.mx\\\/index.php\\\/2019\\\/09\\\/13\\\/realiza-tultitlan-jornada-de-trabajo-en-tu-comunidad\\\/#primaryimage\"},\"image\":{\"@id\":\"https:\\\/\\\/expressometro.mx\\\/index.php\\\/2019\\\/09\\\/13\\\/realiza-tultitlan-jornada-de-trabajo-en-tu-comunidad\\\/#primaryimage\"},\"thumbnailUrl\":\"https:\\\/\\\/expressometro.mx\\\/wp-content\\\/uploads\\\/2019\\\/09\\\/21094581-AC56-4ABD-BF7E-ABDC93BA2209.png\",\"datePublished\":\"2019-09-13T15:46:51+00:00\",\"dateModified\":\"2019-09-15T15:50:32+00:00\",\"breadcrumb\":{\"@id\":\"https:\\\/\\\/expressometro.mx\\\/index.php\\\/2019\\\/09\\\/13\\\/realiza-tultitlan-jornada-de-trabajo-en-tu-comunidad\\\/#breadcrumb\"},\"inLanguage\":\"es\",\"potentialAction\":[{\"@type\":\"ReadAction\",\"target\":[\"https:\\\/\\\/expressometro.mx\\\/index.php\\\/2019\\\/09\\\/13\\\/realiza-tultitlan-jornada-de-trabajo-en-tu-comunidad\\\/\"]}]},{\"@type\":\"ImageObject\",\"inLanguage\":\"es\",\"@id\":\"https:\\\/\\\/expressometro.mx\\\/index.php\\\/2019\\\/09\\\/13\\\/realiza-tultitlan-jornada-de-trabajo-en-tu-comunidad\\\/#primaryimage\",\"url\":\"https:\\\/\\\/expressometro.mx\\\/wp-content\\\/uploads\\\/2019\\\/09\\\/21094581-AC56-4ABD-BF7E-ABDC93BA2209.png\",\"contentUrl\":\"https:\\\/\\\/expressometro.mx\\\/wp-content\\\/uploads\\\/2019\\\/09\\\/21094581-AC56-4ABD-BF7E-ABDC93BA2209.png\",\"width\":1280,\"height\":853},{\"@type\":\"BreadcrumbList\",\"@id\":\"https:\\\/\\\/expressometro.mx\\\/index.php\\\/2019\\\/09\\\/13\\\/realiza-tultitlan-jornada-de-trabajo-en-tu-comunidad\\\/#breadcrumb\",\"itemListElement\":[{\"@type\":\"ListItem\",\"position\":1,\"name\":\"Inicio\",\"item\":\"https:\\\/\\\/expressometro.mx\\\/\"},{\"@type\":\"ListItem\",\"position\":2,\"name\":\"Realiza Tultitl\u00e1n \u201cJornada de trabajo en tu comunidad\u201d\"}]},{\"@type\":\"WebSite\",\"@id\":\"https:\\\/\\\/expressometro.mx\\\/#website\",\"url\":\"https:\\\/\\\/expressometro.mx\\\/\",\"name\":\"Expresso Metropolitano\",\"description\":\"Periodismo comprometido, informaci\u00f3n, investigaci\u00f3n y an\u00e1lisis\",\"publisher\":{\"@id\":\"https:\\\/\\\/expressometro.mx\\\/#organization\"},\"potentialAction\":[{\"@type\":\"SearchAction\",\"target\":{\"@type\":\"EntryPoint\",\"urlTemplate\":\"https:\\\/\\\/expressometro.mx\\\/?s={search_term_string}\"},\"query-input\":{\"@type\":\"PropertyValueSpecification\",\"valueRequired\":true,\"valueName\":\"search_term_string\"}}],\"inLanguage\":\"es\"},{\"@type\":\"Organization\",\"@id\":\"https:\\\/\\\/expressometro.mx\\\/#organization\",\"name\":\"Expresso Metropolitano\",\"url\":\"https:\\\/\\\/expressometro.mx\\\/\",\"logo\":{\"@type\":\"ImageObject\",\"inLanguage\":\"es\",\"@id\":\"https:\\\/\\\/expressometro.mx\\\/#\\\/schema\\\/logo\\\/image\\\/\",\"url\":\"https:\\\/\\\/expressometro.mx\\\/wp-content\\\/uploads\\\/2019\\\/07\\\/cropped-Logo-Expresso-Metropolitano-1-1.jpeg\",\"contentUrl\":\"https:\\\/\\\/expressometro.mx\\\/wp-content\\\/uploads\\\/2019\\\/07\\\/cropped-Logo-Expresso-Metropolitano-1-1.jpeg\",\"width\":290,\"height\":73,\"caption\":\"Expresso Metropolitano\"},\"image\":{\"@id\":\"https:\\\/\\\/expressometro.mx\\\/#\\\/schema\\\/logo\\\/image\\\/\"}},{\"@type\":\"Person\",\"@id\":\"https:\\\/\\\/expressometro.mx\\\/#\\\/schema\\\/person\\\/efa971b4a0664db8ed5c22b1b0dd2f5d\",\"name\":\"Expresso Metropolitano\",\"image\":{\"@type\":\"ImageObject\",\"inLanguage\":\"es\",\"@id\":\"https:\\\/\\\/secure.gravatar.com\\\/avatar\\\/a89f802b8de18c6952f223c88d3d106e9e3679839f4e25a02f4a6cc2ae6ba3b3?s=96&d=mm&r=g\",\"url\":\"https:\\\/\\\/secure.gravatar.com\\\/avatar\\\/a89f802b8de18c6952f223c88d3d106e9e3679839f4e25a02f4a6cc2ae6ba3b3?s=96&d=mm&r=g\",\"contentUrl\":\"https:\\\/\\\/secure.gravatar.com\\\/avatar\\\/a89f802b8de18c6952f223c88d3d106e9e3679839f4e25a02f4a6cc2ae6ba3b3?s=96&d=mm&r=g\",\"caption\":\"Expresso Metropolitano\"},\"url\":\"https:\\\/\\\/expressometro.mx\\\/index.php\\\/author\\\/diego\\\/\"}]}<\/script>\n<!-- \/ Yoast SEO plugin. -->","yoast_head_json":{"title":"Realiza Tultitl\u00e1n \u201cJornada de trabajo en tu comunidad\u201d - Expresso Metropolitano","robots":{"index":"index","follow":"follow","max-snippet":"max-snippet:-1","max-image-preview":"max-image-preview:large","max-video-preview":"max-video-preview:-1"},"canonical":"https:\/\/expressometro.mx\/index.php\/2019\/09\/13\/realiza-tultitlan-jornada-de-trabajo-en-tu-comunidad\/","og_locale":"es_MX","og_type":"article","og_title":"Realiza Tultitl\u00e1n \u201cJornada de trabajo en tu comunidad\u201d - Expresso Metropolitano","og_description":"Con el prop\u00f3sito de acercar tr\u00e1mites y servicios a las comunidades vulnerables y con ello facilitar a los habitantes el acceso a sus derechos y a las gestiones administrativas, el gobierno que preside la licenciada Elena Garc\u00eda Mart\u00ednez, contin\u00faa con acciones en favor de los tultitlenses con \u201cJornadas de trabajo en tu comunidad\u201d. Dicha jornada tuvo lugar en Prados Norte en el la Zona Oriente del municipio, donde cientos de colonos se acercaron a realizar\u00a0 diversos tr\u00e1mites y servicios de las distintas \u00e1reas que ofreci\u00f3 el gobierno municipal. La alcaldesa&hellip;","og_url":"https:\/\/expressometro.mx\/index.php\/2019\/09\/13\/realiza-tultitlan-jornada-de-trabajo-en-tu-comunidad\/","og_site_name":"Expresso Metropolitano","article_published_time":"2019-09-13T15:46:51+00:00","article_modified_time":"2019-09-15T15:50:32+00:00","og_image":[{"width":1280,"height":853,"url":"https:\/\/expressometro.mx\/wp-content\/uploads\/2019\/09\/21094581-AC56-4ABD-BF7E-ABDC93BA2209.png","type":"image\/png"}],"author":"Expresso Metropolitano","twitter_misc":{"Escrito por":"Expresso Metropolitano","Tiempo de lectura":"3 minutos"},"schema":{"@context":"https:\/\/schema.org","@graph":[{"@type":"Article","@id":"https:\/\/expressometro.mx\/index.php\/2019\/09\/13\/realiza-tultitlan-jornada-de-trabajo-en-tu-comunidad\/#article","isPartOf":{"@id":"https:\/\/expressometro.mx\/index.php\/2019\/09\/13\/realiza-tultitlan-jornada-de-trabajo-en-tu-comunidad\/"},"author":{"name":"Expresso Metropolitano","@id":"https:\/\/expressometro.mx\/#\/schema\/person\/efa971b4a0664db8ed5c22b1b0dd2f5d"},"headline":"Realiza Tultitl\u00e1n \u201cJornada de trabajo en tu comunidad\u201d","datePublished":"2019-09-13T15:46:51+00:00","dateModified":"2019-09-15T15:50:32+00:00","mainEntityOfPage":{"@id":"https:\/\/expressometro.mx\/index.php\/2019\/09\/13\/realiza-tultitlan-jornada-de-trabajo-en-tu-comunidad\/"},"wordCount":532,"commentCount":0,"publisher":{"@id":"https:\/\/expressometro.mx\/#organization"},"image":{"@id":"https:\/\/expressometro.mx\/index.php\/2019\/09\/13\/realiza-tultitlan-jornada-de-trabajo-en-tu-comunidad\/#primaryimage"},"thumbnailUrl":"https:\/\/expressometro.mx\/wp-content\/uploads\/2019\/09\/21094581-AC56-4ABD-BF7E-ABDC93BA2209.png","articleSection":["Gobierno"],"inLanguage":"es","potentialAction":[{"@type":"CommentAction","name":"Comment","target":["https:\/\/expressometro.mx\/index.php\/2019\/09\/13\/realiza-tultitlan-jornada-de-trabajo-en-tu-comunidad\/#respond"]}]},{"@type":"WebPage","@id":"https:\/\/expressometro.mx\/index.php\/2019\/09\/13\/realiza-tultitlan-jornada-de-trabajo-en-tu-comunidad\/","url":"https:\/\/expressometro.mx\/index.php\/2019\/09\/13\/realiza-tultitlan-jornada-de-trabajo-en-tu-comunidad\/","name":"Realiza Tultitl\u00e1n \u201cJornada de trabajo en tu comunidad\u201d - Expresso Metropolitano","isPartOf":{"@id":"https:\/\/expressometro.mx\/#website"},"primaryImageOfPage":{"@id":"https:\/\/expressometro.mx\/index.php\/2019\/09\/13\/realiza-tultitlan-jornada-de-trabajo-en-tu-comunidad\/#primaryimage"},"image":{"@id":"https:\/\/expressometro.mx\/index.php\/2019\/09\/13\/realiza-tultitlan-jornada-de-trabajo-en-tu-comunidad\/#primaryimage"},"thumbnailUrl":"https:\/\/expressometro.mx\/wp-content\/uploads\/2019\/09\/21094581-AC56-4ABD-BF7E-ABDC93BA2209.png","datePublished":"2019-09-13T15:46:51+00:00","dateModified":"2019-09-15T15:50:32+00:00","breadcrumb":{"@id":"https:\/\/expressometro.mx\/index.php\/2019\/09\/13\/realiza-tultitlan-jornada-de-trabajo-en-tu-comunidad\/#breadcrumb"},"inLanguage":"es","potentialAction":[{"@type":"ReadAction","target":["https:\/\/expressometro.mx\/index.php\/2019\/09\/13\/realiza-tultitlan-jornada-de-trabajo-en-tu-comunidad\/"]}]},{"@type":"ImageObject","inLanguage":"es","@id":"https:\/\/expressometro.mx\/index.php\/2019\/09\/13\/realiza-tultitlan-jornada-de-trabajo-en-tu-comunidad\/#primaryimage","url":"https:\/\/expressometro.mx\/wp-content\/uploads\/2019\/09\/21094581-AC56-4ABD-BF7E-ABDC93BA2209.png","contentUrl":"https:\/\/expressometro.mx\/wp-content\/uploads\/2019\/09\/21094581-AC56-4ABD-BF7E-ABDC93BA2209.png","width":1280,"height":853},{"@type":"BreadcrumbList","@id":"https:\/\/expressometro.mx\/index.php\/2019\/09\/13\/realiza-tultitlan-jornada-de-trabajo-en-tu-comunidad\/#breadcrumb","itemListElement":[{"@type":"ListItem","position":1,"name":"Inicio","item":"https:\/\/expressometro.mx\/"},{"@type":"ListItem","position":2,"name":"Realiza Tultitl\u00e1n \u201cJornada de trabajo en tu comunidad\u201d"}]},{"@type":"WebSite","@id":"https:\/\/expressometro.mx\/#website","url":"https:\/\/expressometro.mx\/","name":"Expresso Metropolitano","description":"Periodismo comprometido, informaci\u00f3n, investigaci\u00f3n y an\u00e1lisis","publisher":{"@id":"https:\/\/expressometro.mx\/#organization"},"potentialAction":[{"@type":"SearchAction","target":{"@type":"EntryPoint","urlTemplate":"https:\/\/expressometro.mx\/?s={search_term_string}"},"query-input":{"@type":"PropertyValueSpecification","valueRequired":true,"valueName":"search_term_string"}}],"inLanguage":"es"},{"@type":"Organization","@id":"https:\/\/expressometro.mx\/#organization","name":"Expresso Metropolitano","url":"https:\/\/expressometro.mx\/","logo":{"@type":"ImageObject","inLanguage":"es","@id":"https:\/\/expressometro.mx\/#\/schema\/logo\/image\/","url":"https:\/\/expressometro.mx\/wp-content\/uploads\/2019\/07\/cropped-Logo-Expresso-Metropolitano-1-1.jpeg","contentUrl":"https:\/\/expressometro.mx\/wp-content\/uploads\/2019\/07\/cropped-Logo-Expresso-Metropolitano-1-1.jpeg","width":290,"height":73,"caption":"Expresso Metropolitano"},"image":{"@id":"https:\/\/expressometro.mx\/#\/schema\/logo\/image\/"}},{"@type":"Person","@id":"https:\/\/expressometro.mx\/#\/schema\/person\/efa971b4a0664db8ed5c22b1b0dd2f5d","name":"Expresso Metropolitano","image":{"@type":"ImageObject","inLanguage":"es","@id":"https:\/\/secure.gravatar.com\/avatar\/a89f802b8de18c6952f223c88d3d106e9e3679839f4e25a02f4a6cc2ae6ba3b3?s=96&d=mm&r=g","url":"https:\/\/secure.gravatar.com\/avatar\/a89f802b8de18c6952f223c88d3d106e9e3679839f4e25a02f4a6cc2ae6ba3b3?s=96&d=mm&r=g","contentUrl":"https:\/\/secure.gravatar.com\/avatar\/a89f802b8de18c6952f223c88d3d106e9e3679839f4e25a02f4a6cc2ae6ba3b3?s=96&d=mm&r=g","caption":"Expresso Metropolitano"},"url":"https:\/\/expressometro.mx\/index.php\/author\/diego\/"}]}},"amp_enabled":true,"_links":{"self":[{"href":"https:\/\/expressometro.mx\/index.php\/wp-json\/wp\/v2\/posts\/690","targetHints":{"allow":["GET"]}}],"collection":[{"href":"https:\/\/expressometro.mx\/index.php\/wp-json\/wp\/v2\/posts"}],"about":[{"href":"https:\/\/expressometro.mx\/index.php\/wp-json\/wp\/v2\/types\/post"}],"author":[{"embeddable":true,"href":"https:\/\/expressometro.mx\/index.php\/wp-json\/wp\/v2\/users\/1"}],"replies":[{"embeddable":true,"href":"https:\/\/expressometro.mx\/index.php\/wp-json\/wp\/v2\/comments?post=690"}],"version-history":[{"count":1,"href":"https:\/\/expressometro.mx\/index.php\/wp-json\/wp\/v2\/posts\/690\/revisions"}],"predecessor-version":[{"id":693,"href":"https:\/\/expressometro.mx\/index.php\/wp-json\/wp\/v2\/posts\/690\/revisions\/693"}],"wp:featuredmedia":[{"embeddable":true,"href":"https:\/\/expressometro.mx\/index.php\/wp-json\/wp\/v2\/media\/692"}],"wp:attachment":[{"href":"https:\/\/expressometro.mx\/index.php\/wp-json\/wp\/v2\/media?parent=690"}],"wp:term":[{"taxonomy":"category","embeddable":true,"href":"https:\/\/expressometro.mx\/index.php\/wp-json\/wp\/v2\/categories?post=690"},{"taxonomy":"post_tag","embeddable":true,"href":"https:\/\/expressometro.mx\/index.php\/wp-json\/wp\/v2\/tags?post=690"}],"curies":[{"name":"wp","href":"https:\/\/api.w.org\/{rel}","templated":true}]}}