{"id":6899,"date":"2023-03-10T21:09:52","date_gmt":"2023-03-11T03:09:52","guid":{"rendered":"https:\/\/expressometro.mx\/?p=6899"},"modified":"2023-03-16T21:11:03","modified_gmt":"2023-03-17T03:11:03","slug":"agasajan-a-las-madres-de-atlacomulco","status":"publish","type":"post","link":"https:\/\/expressometro.mx\/index.php\/2023\/03\/10\/agasajan-a-las-madres-de-atlacomulco\/","title":{"rendered":"AGASAJAN A LAS MADRES DE ATLACOMULCO"},"content":{"rendered":"\n<p><\/p>\n\n\n\n<p>El Diputado Federal y Vicecoordinador del GP del PRI Gustavo C\u00e1rdenas Monroy asisti\u00f3 al evento dedicado al D\u00eda de las Madres en Atlacomulco, donde agradeci\u00f3 la invitaci\u00f3n de la Presidenta Municipal Marisol Arias Flores y felicit\u00f3 con antelaci\u00f3n a todas las mam\u00e1s de este municipio.<\/p>\n\n\n\n<p>En la Celebraci\u00f3n del D\u00eda de las Madres en el Municipio se promovi\u00f3 la sana convivencia con momentos muy agradables.<\/p>\n\n\n\n<p>Se agradeci\u00f3 al voluntariado por su valiosa participaci\u00f3n y aportaci\u00f3n en la organizaci\u00f3n de este magn\u00edfico evento.<\/p>\n\n\n\n<p><img decoding=\"async\" width=\"150\" height=\"113\" class=\"wp-image-6901\" style=\"width: 150px;\" src=\"http:\/\/expressometro.mx\/wp-content\/uploads\/2023\/03\/IMG-20230316-WA0007.jpg\" alt=\"\" srcset=\"https:\/\/expressometro.mx\/wp-content\/uploads\/2023\/03\/IMG-20230316-WA0007.jpg 1600w, https:\/\/expressometro.mx\/wp-content\/uploads\/2023\/03\/IMG-20230316-WA0007-487x365.jpg 487w, https:\/\/expressometro.mx\/wp-content\/uploads\/2023\/03\/IMG-20230316-WA0007-640x480.jpg 640w, https:\/\/expressometro.mx\/wp-content\/uploads\/2023\/03\/IMG-20230316-WA0007-768x576.jpg 768w, https:\/\/expressometro.mx\/wp-content\/uploads\/2023\/03\/IMG-20230316-WA0007-1536x1152.jpg 1536w\" sizes=\"(max-width: 150px) 100vw, 150px\" \/><\/p>\n","protected":false},"excerpt":{"rendered":"<p>El Diputado Federal y Vicecoordinador del GP del PRI Gustavo C\u00e1rdenas Monroy asisti\u00f3 al evento dedicado al D\u00eda de las Madres en Atlacomulco, donde agradeci\u00f3 la invitaci\u00f3n de la Presidenta Municipal Marisol Arias Flores y felicit\u00f3 con antelaci\u00f3n a todas las mam\u00e1s de este municipio. En la Celebraci\u00f3n del D\u00eda de las Madres en el Municipio se promovi\u00f3 la sana convivencia con momentos muy agradables. Se agradeci\u00f3 al voluntariado por su valiosa participaci\u00f3n y aportaci\u00f3n en la organizaci\u00f3n de este magn\u00edfico evento.<\/p>\n","protected":false},"author":2,"featured_media":0,"comment_status":"open","ping_status":"open","sticky":false,"template":"","format":"standard","meta":{"footnotes":""},"categories":[1],"tags":[],"class_list":["post-6899","post","type-post","status-publish","format-standard","hentry","category-otros"],"yoast_head":"<!-- This site is optimized with the Yoast SEO plugin v27.5 - https:\/\/yoast.com\/product\/yoast-seo-wordpress\/ -->\n<title>AGASAJAN A LAS MADRES DE ATLACOMULCO - Expresso Metropolitano<\/title>\n<meta name=\"robots\" content=\"index, follow, max-snippet:-1, max-image-preview:large, max-video-preview:-1\" \/>\n<link rel=\"canonical\" href=\"https:\/\/expressometro.mx\/index.php\/2023\/03\/10\/agasajan-a-las-madres-de-atlacomulco\/\" \/>\n<meta property=\"og:locale\" content=\"es_MX\" \/>\n<meta property=\"og:type\" content=\"article\" \/>\n<meta property=\"og:title\" content=\"AGASAJAN A LAS MADRES DE ATLACOMULCO - Expresso Metropolitano\" \/>\n<meta property=\"og:description\" content=\"El Diputado Federal y Vicecoordinador del GP del PRI Gustavo C\u00e1rdenas Monroy asisti\u00f3 al evento dedicado al D\u00eda de las Madres en Atlacomulco, donde agradeci\u00f3 la invitaci\u00f3n de la Presidenta Municipal Marisol Arias Flores y felicit\u00f3 con antelaci\u00f3n a todas las mam\u00e1s de este municipio. En la Celebraci\u00f3n del D\u00eda de las Madres en el Municipio se promovi\u00f3 la sana convivencia con momentos muy agradables. Se agradeci\u00f3 al voluntariado por su valiosa participaci\u00f3n y aportaci\u00f3n en la organizaci\u00f3n de este magn\u00edfico evento.\" \/>\n<meta property=\"og:url\" content=\"https:\/\/expressometro.mx\/index.php\/2023\/03\/10\/agasajan-a-las-madres-de-atlacomulco\/\" \/>\n<meta property=\"og:site_name\" content=\"Expresso Metropolitano\" \/>\n<meta property=\"article:published_time\" content=\"2023-03-11T03:09:52+00:00\" \/>\n<meta property=\"article:modified_time\" content=\"2023-03-17T03:11:03+00:00\" \/>\n<meta property=\"og:image\" content=\"http:\/\/expressometro.mx\/wp-content\/uploads\/2023\/03\/IMG-20230316-WA0007.jpg\" \/>\n<meta name=\"author\" content=\"Cecilia Vega\" \/>\n<meta name=\"twitter:label1\" content=\"Escrito por\" \/>\n\t<meta name=\"twitter:data1\" content=\"Cecilia Vega\" \/>\n\t<meta name=\"twitter:label2\" content=\"Tiempo de lectura\" \/>\n\t<meta name=\"twitter:data2\" content=\"1 minuto\" \/>\n<script type=\"application\/ld+json\" class=\"yoast-schema-graph\">{\"@context\":\"https:\\\/\\\/schema.org\",\"@graph\":[{\"@type\":\"Article\",\"@id\":\"https:\\\/\\\/expressometro.mx\\\/index.php\\\/2023\\\/03\\\/10\\\/agasajan-a-las-madres-de-atlacomulco\\\/#article\",\"isPartOf\":{\"@id\":\"https:\\\/\\\/expressometro.mx\\\/index.php\\\/2023\\\/03\\\/10\\\/agasajan-a-las-madres-de-atlacomulco\\\/\"},\"author\":{\"name\":\"Cecilia Vega\",\"@id\":\"https:\\\/\\\/expressometro.mx\\\/#\\\/schema\\\/person\\\/67a95b8e3862085c7598f66237488f1f\"},\"headline\":\"AGASAJAN A LAS MADRES DE ATLACOMULCO\",\"datePublished\":\"2023-03-11T03:09:52+00:00\",\"dateModified\":\"2023-03-17T03:11:03+00:00\",\"mainEntityOfPage\":{\"@id\":\"https:\\\/\\\/expressometro.mx\\\/index.php\\\/2023\\\/03\\\/10\\\/agasajan-a-las-madres-de-atlacomulco\\\/\"},\"wordCount\":99,\"commentCount\":0,\"publisher\":{\"@id\":\"https:\\\/\\\/expressometro.mx\\\/#organization\"},\"image\":{\"@id\":\"https:\\\/\\\/expressometro.mx\\\/index.php\\\/2023\\\/03\\\/10\\\/agasajan-a-las-madres-de-atlacomulco\\\/#primaryimage\"},\"thumbnailUrl\":\"http:\\\/\\\/expressometro.mx\\\/wp-content\\\/uploads\\\/2023\\\/03\\\/IMG-20230316-WA0007.jpg\",\"articleSection\":[\"Otros\"],\"inLanguage\":\"es\",\"potentialAction\":[{\"@type\":\"CommentAction\",\"name\":\"Comment\",\"target\":[\"https:\\\/\\\/expressometro.mx\\\/index.php\\\/2023\\\/03\\\/10\\\/agasajan-a-las-madres-de-atlacomulco\\\/#respond\"]}]},{\"@type\":\"WebPage\",\"@id\":\"https:\\\/\\\/expressometro.mx\\\/index.php\\\/2023\\\/03\\\/10\\\/agasajan-a-las-madres-de-atlacomulco\\\/\",\"url\":\"https:\\\/\\\/expressometro.mx\\\/index.php\\\/2023\\\/03\\\/10\\\/agasajan-a-las-madres-de-atlacomulco\\\/\",\"name\":\"AGASAJAN A LAS MADRES DE ATLACOMULCO - Expresso Metropolitano\",\"isPartOf\":{\"@id\":\"https:\\\/\\\/expressometro.mx\\\/#website\"},\"primaryImageOfPage\":{\"@id\":\"https:\\\/\\\/expressometro.mx\\\/index.php\\\/2023\\\/03\\\/10\\\/agasajan-a-las-madres-de-atlacomulco\\\/#primaryimage\"},\"image\":{\"@id\":\"https:\\\/\\\/expressometro.mx\\\/index.php\\\/2023\\\/03\\\/10\\\/agasajan-a-las-madres-de-atlacomulco\\\/#primaryimage\"},\"thumbnailUrl\":\"http:\\\/\\\/expressometro.mx\\\/wp-content\\\/uploads\\\/2023\\\/03\\\/IMG-20230316-WA0007.jpg\",\"datePublished\":\"2023-03-11T03:09:52+00:00\",\"dateModified\":\"2023-03-17T03:11:03+00:00\",\"breadcrumb\":{\"@id\":\"https:\\\/\\\/expressometro.mx\\\/index.php\\\/2023\\\/03\\\/10\\\/agasajan-a-las-madres-de-atlacomulco\\\/#breadcrumb\"},\"inLanguage\":\"es\",\"potentialAction\":[{\"@type\":\"ReadAction\",\"target\":[\"https:\\\/\\\/expressometro.mx\\\/index.php\\\/2023\\\/03\\\/10\\\/agasajan-a-las-madres-de-atlacomulco\\\/\"]}]},{\"@type\":\"ImageObject\",\"inLanguage\":\"es\",\"@id\":\"https:\\\/\\\/expressometro.mx\\\/index.php\\\/2023\\\/03\\\/10\\\/agasajan-a-las-madres-de-atlacomulco\\\/#primaryimage\",\"url\":\"https:\\\/\\\/expressometro.mx\\\/wp-content\\\/uploads\\\/2023\\\/03\\\/IMG-20230316-WA0007.jpg\",\"contentUrl\":\"https:\\\/\\\/expressometro.mx\\\/wp-content\\\/uploads\\\/2023\\\/03\\\/IMG-20230316-WA0007.jpg\",\"width\":1600,\"height\":1200},{\"@type\":\"BreadcrumbList\",\"@id\":\"https:\\\/\\\/expressometro.mx\\\/index.php\\\/2023\\\/03\\\/10\\\/agasajan-a-las-madres-de-atlacomulco\\\/#breadcrumb\",\"itemListElement\":[{\"@type\":\"ListItem\",\"position\":1,\"name\":\"Inicio\",\"item\":\"https:\\\/\\\/expressometro.mx\\\/\"},{\"@type\":\"ListItem\",\"position\":2,\"name\":\"AGASAJAN A LAS MADRES DE ATLACOMULCO\"}]},{\"@type\":\"WebSite\",\"@id\":\"https:\\\/\\\/expressometro.mx\\\/#website\",\"url\":\"https:\\\/\\\/expressometro.mx\\\/\",\"name\":\"Expresso Metropolitano\",\"description\":\"Periodismo comprometido, informaci\u00f3n, investigaci\u00f3n y an\u00e1lisis\",\"publisher\":{\"@id\":\"https:\\\/\\\/expressometro.mx\\\/#organization\"},\"potentialAction\":[{\"@type\":\"SearchAction\",\"target\":{\"@type\":\"EntryPoint\",\"urlTemplate\":\"https:\\\/\\\/expressometro.mx\\\/?s={search_term_string}\"},\"query-input\":{\"@type\":\"PropertyValueSpecification\",\"valueRequired\":true,\"valueName\":\"search_term_string\"}}],\"inLanguage\":\"es\"},{\"@type\":\"Organization\",\"@id\":\"https:\\\/\\\/expressometro.mx\\\/#organization\",\"name\":\"Expresso Metropolitano\",\"url\":\"https:\\\/\\\/expressometro.mx\\\/\",\"logo\":{\"@type\":\"ImageObject\",\"inLanguage\":\"es\",\"@id\":\"https:\\\/\\\/expressometro.mx\\\/#\\\/schema\\\/logo\\\/image\\\/\",\"url\":\"https:\\\/\\\/expressometro.mx\\\/wp-content\\\/uploads\\\/2019\\\/07\\\/cropped-Logo-Expresso-Metropolitano-1-1.jpeg\",\"contentUrl\":\"https:\\\/\\\/expressometro.mx\\\/wp-content\\\/uploads\\\/2019\\\/07\\\/cropped-Logo-Expresso-Metropolitano-1-1.jpeg\",\"width\":290,\"height\":73,\"caption\":\"Expresso Metropolitano\"},\"image\":{\"@id\":\"https:\\\/\\\/expressometro.mx\\\/#\\\/schema\\\/logo\\\/image\\\/\"}},{\"@type\":\"Person\",\"@id\":\"https:\\\/\\\/expressometro.mx\\\/#\\\/schema\\\/person\\\/67a95b8e3862085c7598f66237488f1f\",\"name\":\"Cecilia Vega\",\"image\":{\"@type\":\"ImageObject\",\"inLanguage\":\"es\",\"@id\":\"https:\\\/\\\/secure.gravatar.com\\\/avatar\\\/13aae9944ab2ee472a9e407c9487fdbd03b049abaa559af32fe5dbcf615c981b?s=96&d=mm&r=g\",\"url\":\"https:\\\/\\\/secure.gravatar.com\\\/avatar\\\/13aae9944ab2ee472a9e407c9487fdbd03b049abaa559af32fe5dbcf615c981b?s=96&d=mm&r=g\",\"contentUrl\":\"https:\\\/\\\/secure.gravatar.com\\\/avatar\\\/13aae9944ab2ee472a9e407c9487fdbd03b049abaa559af32fe5dbcf615c981b?s=96&d=mm&r=g\",\"caption\":\"Cecilia Vega\"},\"url\":\"https:\\\/\\\/expressometro.mx\\\/index.php\\\/author\\\/cecilia-vega\\\/\"}]}<\/script>\n<!-- \/ Yoast SEO plugin. -->","yoast_head_json":{"title":"AGASAJAN A LAS MADRES DE ATLACOMULCO - Expresso Metropolitano","robots":{"index":"index","follow":"follow","max-snippet":"max-snippet:-1","max-image-preview":"max-image-preview:large","max-video-preview":"max-video-preview:-1"},"canonical":"https:\/\/expressometro.mx\/index.php\/2023\/03\/10\/agasajan-a-las-madres-de-atlacomulco\/","og_locale":"es_MX","og_type":"article","og_title":"AGASAJAN A LAS MADRES DE ATLACOMULCO - Expresso Metropolitano","og_description":"El Diputado Federal y Vicecoordinador del GP del PRI Gustavo C\u00e1rdenas Monroy asisti\u00f3 al evento dedicado al D\u00eda de las Madres en Atlacomulco, donde agradeci\u00f3 la invitaci\u00f3n de la Presidenta Municipal Marisol Arias Flores y felicit\u00f3 con antelaci\u00f3n a todas las mam\u00e1s de este municipio. En la Celebraci\u00f3n del D\u00eda de las Madres en el Municipio se promovi\u00f3 la sana convivencia con momentos muy agradables. Se agradeci\u00f3 al voluntariado por su valiosa participaci\u00f3n y aportaci\u00f3n en la organizaci\u00f3n de este magn\u00edfico evento.","og_url":"https:\/\/expressometro.mx\/index.php\/2023\/03\/10\/agasajan-a-las-madres-de-atlacomulco\/","og_site_name":"Expresso Metropolitano","article_published_time":"2023-03-11T03:09:52+00:00","article_modified_time":"2023-03-17T03:11:03+00:00","og_image":[{"url":"http:\/\/expressometro.mx\/wp-content\/uploads\/2023\/03\/IMG-20230316-WA0007.jpg","type":"","width":"","height":""}],"author":"Cecilia Vega","twitter_misc":{"Escrito por":"Cecilia Vega","Tiempo de lectura":"1 minuto"},"schema":{"@context":"https:\/\/schema.org","@graph":[{"@type":"Article","@id":"https:\/\/expressometro.mx\/index.php\/2023\/03\/10\/agasajan-a-las-madres-de-atlacomulco\/#article","isPartOf":{"@id":"https:\/\/expressometro.mx\/index.php\/2023\/03\/10\/agasajan-a-las-madres-de-atlacomulco\/"},"author":{"name":"Cecilia Vega","@id":"https:\/\/expressometro.mx\/#\/schema\/person\/67a95b8e3862085c7598f66237488f1f"},"headline":"AGASAJAN A LAS MADRES DE ATLACOMULCO","datePublished":"2023-03-11T03:09:52+00:00","dateModified":"2023-03-17T03:11:03+00:00","mainEntityOfPage":{"@id":"https:\/\/expressometro.mx\/index.php\/2023\/03\/10\/agasajan-a-las-madres-de-atlacomulco\/"},"wordCount":99,"commentCount":0,"publisher":{"@id":"https:\/\/expressometro.mx\/#organization"},"image":{"@id":"https:\/\/expressometro.mx\/index.php\/2023\/03\/10\/agasajan-a-las-madres-de-atlacomulco\/#primaryimage"},"thumbnailUrl":"http:\/\/expressometro.mx\/wp-content\/uploads\/2023\/03\/IMG-20230316-WA0007.jpg","articleSection":["Otros"],"inLanguage":"es","potentialAction":[{"@type":"CommentAction","name":"Comment","target":["https:\/\/expressometro.mx\/index.php\/2023\/03\/10\/agasajan-a-las-madres-de-atlacomulco\/#respond"]}]},{"@type":"WebPage","@id":"https:\/\/expressometro.mx\/index.php\/2023\/03\/10\/agasajan-a-las-madres-de-atlacomulco\/","url":"https:\/\/expressometro.mx\/index.php\/2023\/03\/10\/agasajan-a-las-madres-de-atlacomulco\/","name":"AGASAJAN A LAS MADRES DE ATLACOMULCO - Expresso Metropolitano","isPartOf":{"@id":"https:\/\/expressometro.mx\/#website"},"primaryImageOfPage":{"@id":"https:\/\/expressometro.mx\/index.php\/2023\/03\/10\/agasajan-a-las-madres-de-atlacomulco\/#primaryimage"},"image":{"@id":"https:\/\/expressometro.mx\/index.php\/2023\/03\/10\/agasajan-a-las-madres-de-atlacomulco\/#primaryimage"},"thumbnailUrl":"http:\/\/expressometro.mx\/wp-content\/uploads\/2023\/03\/IMG-20230316-WA0007.jpg","datePublished":"2023-03-11T03:09:52+00:00","dateModified":"2023-03-17T03:11:03+00:00","breadcrumb":{"@id":"https:\/\/expressometro.mx\/index.php\/2023\/03\/10\/agasajan-a-las-madres-de-atlacomulco\/#breadcrumb"},"inLanguage":"es","potentialAction":[{"@type":"ReadAction","target":["https:\/\/expressometro.mx\/index.php\/2023\/03\/10\/agasajan-a-las-madres-de-atlacomulco\/"]}]},{"@type":"ImageObject","inLanguage":"es","@id":"https:\/\/expressometro.mx\/index.php\/2023\/03\/10\/agasajan-a-las-madres-de-atlacomulco\/#primaryimage","url":"https:\/\/expressometro.mx\/wp-content\/uploads\/2023\/03\/IMG-20230316-WA0007.jpg","contentUrl":"https:\/\/expressometro.mx\/wp-content\/uploads\/2023\/03\/IMG-20230316-WA0007.jpg","width":1600,"height":1200},{"@type":"BreadcrumbList","@id":"https:\/\/expressometro.mx\/index.php\/2023\/03\/10\/agasajan-a-las-madres-de-atlacomulco\/#breadcrumb","itemListElement":[{"@type":"ListItem","position":1,"name":"Inicio","item":"https:\/\/expressometro.mx\/"},{"@type":"ListItem","position":2,"name":"AGASAJAN A LAS MADRES DE ATLACOMULCO"}]},{"@type":"WebSite","@id":"https:\/\/expressometro.mx\/#website","url":"https:\/\/expressometro.mx\/","name":"Expresso Metropolitano","description":"Periodismo comprometido, informaci\u00f3n, investigaci\u00f3n y an\u00e1lisis","publisher":{"@id":"https:\/\/expressometro.mx\/#organization"},"potentialAction":[{"@type":"SearchAction","target":{"@type":"EntryPoint","urlTemplate":"https:\/\/expressometro.mx\/?s={search_term_string}"},"query-input":{"@type":"PropertyValueSpecification","valueRequired":true,"valueName":"search_term_string"}}],"inLanguage":"es"},{"@type":"Organization","@id":"https:\/\/expressometro.mx\/#organization","name":"Expresso Metropolitano","url":"https:\/\/expressometro.mx\/","logo":{"@type":"ImageObject","inLanguage":"es","@id":"https:\/\/expressometro.mx\/#\/schema\/logo\/image\/","url":"https:\/\/expressometro.mx\/wp-content\/uploads\/2019\/07\/cropped-Logo-Expresso-Metropolitano-1-1.jpeg","contentUrl":"https:\/\/expressometro.mx\/wp-content\/uploads\/2019\/07\/cropped-Logo-Expresso-Metropolitano-1-1.jpeg","width":290,"height":73,"caption":"Expresso Metropolitano"},"image":{"@id":"https:\/\/expressometro.mx\/#\/schema\/logo\/image\/"}},{"@type":"Person","@id":"https:\/\/expressometro.mx\/#\/schema\/person\/67a95b8e3862085c7598f66237488f1f","name":"Cecilia Vega","image":{"@type":"ImageObject","inLanguage":"es","@id":"https:\/\/secure.gravatar.com\/avatar\/13aae9944ab2ee472a9e407c9487fdbd03b049abaa559af32fe5dbcf615c981b?s=96&d=mm&r=g","url":"https:\/\/secure.gravatar.com\/avatar\/13aae9944ab2ee472a9e407c9487fdbd03b049abaa559af32fe5dbcf615c981b?s=96&d=mm&r=g","contentUrl":"https:\/\/secure.gravatar.com\/avatar\/13aae9944ab2ee472a9e407c9487fdbd03b049abaa559af32fe5dbcf615c981b?s=96&d=mm&r=g","caption":"Cecilia Vega"},"url":"https:\/\/expressometro.mx\/index.php\/author\/cecilia-vega\/"}]}},"amp_enabled":true,"_links":{"self":[{"href":"https:\/\/expressometro.mx\/index.php\/wp-json\/wp\/v2\/posts\/6899","targetHints":{"allow":["GET"]}}],"collection":[{"href":"https:\/\/expressometro.mx\/index.php\/wp-json\/wp\/v2\/posts"}],"about":[{"href":"https:\/\/expressometro.mx\/index.php\/wp-json\/wp\/v2\/types\/post"}],"author":[{"embeddable":true,"href":"https:\/\/expressometro.mx\/index.php\/wp-json\/wp\/v2\/users\/2"}],"replies":[{"embeddable":true,"href":"https:\/\/expressometro.mx\/index.php\/wp-json\/wp\/v2\/comments?post=6899"}],"version-history":[{"count":1,"href":"https:\/\/expressometro.mx\/index.php\/wp-json\/wp\/v2\/posts\/6899\/revisions"}],"predecessor-version":[{"id":6903,"href":"https:\/\/expressometro.mx\/index.php\/wp-json\/wp\/v2\/posts\/6899\/revisions\/6903"}],"wp:attachment":[{"href":"https:\/\/expressometro.mx\/index.php\/wp-json\/wp\/v2\/media?parent=6899"}],"wp:term":[{"taxonomy":"category","embeddable":true,"href":"https:\/\/expressometro.mx\/index.php\/wp-json\/wp\/v2\/categories?post=6899"},{"taxonomy":"post_tag","embeddable":true,"href":"https:\/\/expressometro.mx\/index.php\/wp-json\/wp\/v2\/tags?post=6899"}],"curies":[{"name":"wp","href":"https:\/\/api.w.org\/{rel}","templated":true}]}}