{"id":6895,"date":"2023-03-08T21:02:41","date_gmt":"2023-03-09T03:02:41","guid":{"rendered":"https:\/\/expressometro.mx\/?p=6895"},"modified":"2023-03-16T21:03:44","modified_gmt":"2023-03-17T03:03:44","slug":"se-reconoce-el-papel-de-la-mujer-en-nuestra-sociedad","status":"publish","type":"post","link":"https:\/\/expressometro.mx\/index.php\/2023\/03\/08\/se-reconoce-el-papel-de-la-mujer-en-nuestra-sociedad\/","title":{"rendered":"SE RECONOCE EL PAPEL DE LA MUJER EN NUESTRA SOCIEDAD"},"content":{"rendered":"\n<p><\/p>\n\n\n\n<p>El Diputado Federal y Vicecoordinador del Grupo Parlamentario del PRI, Gustavo C\u00e1rdenas, particip\u00f3 en la Sesi\u00f3n Solemne del D\u00eda Internacional de las Mujeres, d\u00f3nde se reconoci\u00f3 la papel fundamental de la mujer en nuestra sociedad.<\/p>\n\n\n\n<p>Para el PRI es prioridad abrir m\u00e1s espacios de participaci\u00f3n pol\u00edtica para las mujeres, generar m\u00e1s oportunidades para su desarrollo y garantizar su seguridad.<\/p>\n\n\n\n<p>Se debe de dialogar siempre con las mujeres priistas de la entidad y en el PRI reconocemos el papel fundamental de las mujeres en la vida pol\u00edtica de nuestro pa\u00eds.<\/p>\n\n\n\n<p>Las y los priistas reafirmamos nuestro compromiso de seguir impulsando acciones para garantizar a las mexicanas el pleno acceso a sus derechos, para que vivan seguras y puedan desarrollarse libremente.<\/p>\n\n\n\n<figure class=\"wp-block-image size-large\"><img decoding=\"async\" width=\"640\" height=\"480\" src=\"https:\/\/expressometro.mx\/wp-content\/uploads\/2023\/03\/IMG-20230316-WA0005-640x480.jpg\" alt=\"\" class=\"wp-image-6896\" srcset=\"https:\/\/expressometro.mx\/wp-content\/uploads\/2023\/03\/IMG-20230316-WA0005-640x480.jpg 640w, https:\/\/expressometro.mx\/wp-content\/uploads\/2023\/03\/IMG-20230316-WA0005-487x365.jpg 487w, https:\/\/expressometro.mx\/wp-content\/uploads\/2023\/03\/IMG-20230316-WA0005-768x576.jpg 768w, https:\/\/expressometro.mx\/wp-content\/uploads\/2023\/03\/IMG-20230316-WA0005-1536x1152.jpg 1536w, https:\/\/expressometro.mx\/wp-content\/uploads\/2023\/03\/IMG-20230316-WA0005.jpg 1600w\" sizes=\"(max-width: 640px) 100vw, 640px\" \/><\/figure>\n","protected":false},"excerpt":{"rendered":"<p>El Diputado Federal y Vicecoordinador del Grupo Parlamentario del PRI, Gustavo C\u00e1rdenas, particip\u00f3 en la Sesi\u00f3n Solemne del D\u00eda Internacional de las Mujeres, d\u00f3nde se reconoci\u00f3 la papel fundamental de la mujer en nuestra sociedad. Para el PRI es prioridad abrir m\u00e1s espacios de participaci\u00f3n pol\u00edtica para las mujeres, generar m\u00e1s oportunidades para su desarrollo y garantizar su seguridad. Se debe de dialogar siempre con las mujeres priistas de la entidad y en el PRI reconocemos el papel fundamental de las mujeres en la vida pol\u00edtica de nuestro pa\u00eds. Las&hellip;<\/p>\n","protected":false},"author":2,"featured_media":0,"comment_status":"open","ping_status":"open","sticky":false,"template":"","format":"standard","meta":{"footnotes":""},"categories":[1],"tags":[],"class_list":["post-6895","post","type-post","status-publish","format-standard","hentry","category-otros"],"yoast_head":"<!-- This site is optimized with the Yoast SEO plugin v27.5 - https:\/\/yoast.com\/product\/yoast-seo-wordpress\/ -->\n<title>SE RECONOCE EL PAPEL DE LA MUJER EN NUESTRA SOCIEDAD - Expresso Metropolitano<\/title>\n<meta name=\"robots\" content=\"index, follow, max-snippet:-1, max-image-preview:large, max-video-preview:-1\" \/>\n<link rel=\"canonical\" href=\"https:\/\/expressometro.mx\/index.php\/2023\/03\/08\/se-reconoce-el-papel-de-la-mujer-en-nuestra-sociedad\/\" \/>\n<meta property=\"og:locale\" content=\"es_MX\" \/>\n<meta property=\"og:type\" content=\"article\" \/>\n<meta property=\"og:title\" content=\"SE RECONOCE EL PAPEL DE LA MUJER EN NUESTRA SOCIEDAD - Expresso Metropolitano\" \/>\n<meta property=\"og:description\" content=\"El Diputado Federal y Vicecoordinador del Grupo Parlamentario del PRI, Gustavo C\u00e1rdenas, particip\u00f3 en la Sesi\u00f3n Solemne del D\u00eda Internacional de las Mujeres, d\u00f3nde se reconoci\u00f3 la papel fundamental de la mujer en nuestra sociedad. Para el PRI es prioridad abrir m\u00e1s espacios de participaci\u00f3n pol\u00edtica para las mujeres, generar m\u00e1s oportunidades para su desarrollo y garantizar su seguridad. Se debe de dialogar siempre con las mujeres priistas de la entidad y en el PRI reconocemos el papel fundamental de las mujeres en la vida pol\u00edtica de nuestro pa\u00eds. Las&hellip;\" \/>\n<meta property=\"og:url\" content=\"https:\/\/expressometro.mx\/index.php\/2023\/03\/08\/se-reconoce-el-papel-de-la-mujer-en-nuestra-sociedad\/\" \/>\n<meta property=\"og:site_name\" content=\"Expresso Metropolitano\" \/>\n<meta property=\"article:published_time\" content=\"2023-03-09T03:02:41+00:00\" \/>\n<meta property=\"article:modified_time\" content=\"2023-03-17T03:03:44+00:00\" \/>\n<meta property=\"og:image\" content=\"https:\/\/expressometro.mx\/wp-content\/uploads\/2023\/03\/IMG-20230316-WA0005-640x480.jpg\" \/>\n<meta name=\"author\" content=\"Cecilia Vega\" \/>\n<meta name=\"twitter:label1\" content=\"Escrito por\" \/>\n\t<meta name=\"twitter:data1\" content=\"Cecilia Vega\" \/>\n\t<meta name=\"twitter:label2\" content=\"Tiempo de lectura\" \/>\n\t<meta name=\"twitter:data2\" content=\"1 minuto\" \/>\n<script type=\"application\/ld+json\" class=\"yoast-schema-graph\">{\"@context\":\"https:\\\/\\\/schema.org\",\"@graph\":[{\"@type\":\"Article\",\"@id\":\"https:\\\/\\\/expressometro.mx\\\/index.php\\\/2023\\\/03\\\/08\\\/se-reconoce-el-papel-de-la-mujer-en-nuestra-sociedad\\\/#article\",\"isPartOf\":{\"@id\":\"https:\\\/\\\/expressometro.mx\\\/index.php\\\/2023\\\/03\\\/08\\\/se-reconoce-el-papel-de-la-mujer-en-nuestra-sociedad\\\/\"},\"author\":{\"name\":\"Cecilia Vega\",\"@id\":\"https:\\\/\\\/expressometro.mx\\\/#\\\/schema\\\/person\\\/67a95b8e3862085c7598f66237488f1f\"},\"headline\":\"SE RECONOCE EL PAPEL DE LA MUJER EN NUESTRA SOCIEDAD\",\"datePublished\":\"2023-03-09T03:02:41+00:00\",\"dateModified\":\"2023-03-17T03:03:44+00:00\",\"mainEntityOfPage\":{\"@id\":\"https:\\\/\\\/expressometro.mx\\\/index.php\\\/2023\\\/03\\\/08\\\/se-reconoce-el-papel-de-la-mujer-en-nuestra-sociedad\\\/\"},\"wordCount\":139,\"commentCount\":0,\"publisher\":{\"@id\":\"https:\\\/\\\/expressometro.mx\\\/#organization\"},\"image\":{\"@id\":\"https:\\\/\\\/expressometro.mx\\\/index.php\\\/2023\\\/03\\\/08\\\/se-reconoce-el-papel-de-la-mujer-en-nuestra-sociedad\\\/#primaryimage\"},\"thumbnailUrl\":\"https:\\\/\\\/expressometro.mx\\\/wp-content\\\/uploads\\\/2023\\\/03\\\/IMG-20230316-WA0005-640x480.jpg\",\"articleSection\":[\"Otros\"],\"inLanguage\":\"es\",\"potentialAction\":[{\"@type\":\"CommentAction\",\"name\":\"Comment\",\"target\":[\"https:\\\/\\\/expressometro.mx\\\/index.php\\\/2023\\\/03\\\/08\\\/se-reconoce-el-papel-de-la-mujer-en-nuestra-sociedad\\\/#respond\"]}]},{\"@type\":\"WebPage\",\"@id\":\"https:\\\/\\\/expressometro.mx\\\/index.php\\\/2023\\\/03\\\/08\\\/se-reconoce-el-papel-de-la-mujer-en-nuestra-sociedad\\\/\",\"url\":\"https:\\\/\\\/expressometro.mx\\\/index.php\\\/2023\\\/03\\\/08\\\/se-reconoce-el-papel-de-la-mujer-en-nuestra-sociedad\\\/\",\"name\":\"SE RECONOCE EL PAPEL DE LA MUJER EN NUESTRA SOCIEDAD - Expresso Metropolitano\",\"isPartOf\":{\"@id\":\"https:\\\/\\\/expressometro.mx\\\/#website\"},\"primaryImageOfPage\":{\"@id\":\"https:\\\/\\\/expressometro.mx\\\/index.php\\\/2023\\\/03\\\/08\\\/se-reconoce-el-papel-de-la-mujer-en-nuestra-sociedad\\\/#primaryimage\"},\"image\":{\"@id\":\"https:\\\/\\\/expressometro.mx\\\/index.php\\\/2023\\\/03\\\/08\\\/se-reconoce-el-papel-de-la-mujer-en-nuestra-sociedad\\\/#primaryimage\"},\"thumbnailUrl\":\"https:\\\/\\\/expressometro.mx\\\/wp-content\\\/uploads\\\/2023\\\/03\\\/IMG-20230316-WA0005-640x480.jpg\",\"datePublished\":\"2023-03-09T03:02:41+00:00\",\"dateModified\":\"2023-03-17T03:03:44+00:00\",\"breadcrumb\":{\"@id\":\"https:\\\/\\\/expressometro.mx\\\/index.php\\\/2023\\\/03\\\/08\\\/se-reconoce-el-papel-de-la-mujer-en-nuestra-sociedad\\\/#breadcrumb\"},\"inLanguage\":\"es\",\"potentialAction\":[{\"@type\":\"ReadAction\",\"target\":[\"https:\\\/\\\/expressometro.mx\\\/index.php\\\/2023\\\/03\\\/08\\\/se-reconoce-el-papel-de-la-mujer-en-nuestra-sociedad\\\/\"]}]},{\"@type\":\"ImageObject\",\"inLanguage\":\"es\",\"@id\":\"https:\\\/\\\/expressometro.mx\\\/index.php\\\/2023\\\/03\\\/08\\\/se-reconoce-el-papel-de-la-mujer-en-nuestra-sociedad\\\/#primaryimage\",\"url\":\"https:\\\/\\\/expressometro.mx\\\/wp-content\\\/uploads\\\/2023\\\/03\\\/IMG-20230316-WA0005-640x480.jpg\",\"contentUrl\":\"https:\\\/\\\/expressometro.mx\\\/wp-content\\\/uploads\\\/2023\\\/03\\\/IMG-20230316-WA0005-640x480.jpg\"},{\"@type\":\"BreadcrumbList\",\"@id\":\"https:\\\/\\\/expressometro.mx\\\/index.php\\\/2023\\\/03\\\/08\\\/se-reconoce-el-papel-de-la-mujer-en-nuestra-sociedad\\\/#breadcrumb\",\"itemListElement\":[{\"@type\":\"ListItem\",\"position\":1,\"name\":\"Inicio\",\"item\":\"https:\\\/\\\/expressometro.mx\\\/\"},{\"@type\":\"ListItem\",\"position\":2,\"name\":\"SE RECONOCE EL PAPEL DE LA MUJER EN NUESTRA SOCIEDAD\"}]},{\"@type\":\"WebSite\",\"@id\":\"https:\\\/\\\/expressometro.mx\\\/#website\",\"url\":\"https:\\\/\\\/expressometro.mx\\\/\",\"name\":\"Expresso Metropolitano\",\"description\":\"Periodismo comprometido, informaci\u00f3n, investigaci\u00f3n y an\u00e1lisis\",\"publisher\":{\"@id\":\"https:\\\/\\\/expressometro.mx\\\/#organization\"},\"potentialAction\":[{\"@type\":\"SearchAction\",\"target\":{\"@type\":\"EntryPoint\",\"urlTemplate\":\"https:\\\/\\\/expressometro.mx\\\/?s={search_term_string}\"},\"query-input\":{\"@type\":\"PropertyValueSpecification\",\"valueRequired\":true,\"valueName\":\"search_term_string\"}}],\"inLanguage\":\"es\"},{\"@type\":\"Organization\",\"@id\":\"https:\\\/\\\/expressometro.mx\\\/#organization\",\"name\":\"Expresso Metropolitano\",\"url\":\"https:\\\/\\\/expressometro.mx\\\/\",\"logo\":{\"@type\":\"ImageObject\",\"inLanguage\":\"es\",\"@id\":\"https:\\\/\\\/expressometro.mx\\\/#\\\/schema\\\/logo\\\/image\\\/\",\"url\":\"https:\\\/\\\/expressometro.mx\\\/wp-content\\\/uploads\\\/2019\\\/07\\\/cropped-Logo-Expresso-Metropolitano-1-1.jpeg\",\"contentUrl\":\"https:\\\/\\\/expressometro.mx\\\/wp-content\\\/uploads\\\/2019\\\/07\\\/cropped-Logo-Expresso-Metropolitano-1-1.jpeg\",\"width\":290,\"height\":73,\"caption\":\"Expresso Metropolitano\"},\"image\":{\"@id\":\"https:\\\/\\\/expressometro.mx\\\/#\\\/schema\\\/logo\\\/image\\\/\"}},{\"@type\":\"Person\",\"@id\":\"https:\\\/\\\/expressometro.mx\\\/#\\\/schema\\\/person\\\/67a95b8e3862085c7598f66237488f1f\",\"name\":\"Cecilia Vega\",\"image\":{\"@type\":\"ImageObject\",\"inLanguage\":\"es\",\"@id\":\"https:\\\/\\\/secure.gravatar.com\\\/avatar\\\/13aae9944ab2ee472a9e407c9487fdbd03b049abaa559af32fe5dbcf615c981b?s=96&d=mm&r=g\",\"url\":\"https:\\\/\\\/secure.gravatar.com\\\/avatar\\\/13aae9944ab2ee472a9e407c9487fdbd03b049abaa559af32fe5dbcf615c981b?s=96&d=mm&r=g\",\"contentUrl\":\"https:\\\/\\\/secure.gravatar.com\\\/avatar\\\/13aae9944ab2ee472a9e407c9487fdbd03b049abaa559af32fe5dbcf615c981b?s=96&d=mm&r=g\",\"caption\":\"Cecilia Vega\"},\"url\":\"https:\\\/\\\/expressometro.mx\\\/index.php\\\/author\\\/cecilia-vega\\\/\"}]}<\/script>\n<!-- \/ Yoast SEO plugin. -->","yoast_head_json":{"title":"SE RECONOCE EL PAPEL DE LA MUJER EN NUESTRA SOCIEDAD - Expresso Metropolitano","robots":{"index":"index","follow":"follow","max-snippet":"max-snippet:-1","max-image-preview":"max-image-preview:large","max-video-preview":"max-video-preview:-1"},"canonical":"https:\/\/expressometro.mx\/index.php\/2023\/03\/08\/se-reconoce-el-papel-de-la-mujer-en-nuestra-sociedad\/","og_locale":"es_MX","og_type":"article","og_title":"SE RECONOCE EL PAPEL DE LA MUJER EN NUESTRA SOCIEDAD - Expresso Metropolitano","og_description":"El Diputado Federal y Vicecoordinador del Grupo Parlamentario del PRI, Gustavo C\u00e1rdenas, particip\u00f3 en la Sesi\u00f3n Solemne del D\u00eda Internacional de las Mujeres, d\u00f3nde se reconoci\u00f3 la papel fundamental de la mujer en nuestra sociedad. Para el PRI es prioridad abrir m\u00e1s espacios de participaci\u00f3n pol\u00edtica para las mujeres, generar m\u00e1s oportunidades para su desarrollo y garantizar su seguridad. Se debe de dialogar siempre con las mujeres priistas de la entidad y en el PRI reconocemos el papel fundamental de las mujeres en la vida pol\u00edtica de nuestro pa\u00eds. Las&hellip;","og_url":"https:\/\/expressometro.mx\/index.php\/2023\/03\/08\/se-reconoce-el-papel-de-la-mujer-en-nuestra-sociedad\/","og_site_name":"Expresso Metropolitano","article_published_time":"2023-03-09T03:02:41+00:00","article_modified_time":"2023-03-17T03:03:44+00:00","og_image":[{"url":"https:\/\/expressometro.mx\/wp-content\/uploads\/2023\/03\/IMG-20230316-WA0005-640x480.jpg","type":"","width":"","height":""}],"author":"Cecilia Vega","twitter_misc":{"Escrito por":"Cecilia Vega","Tiempo de lectura":"1 minuto"},"schema":{"@context":"https:\/\/schema.org","@graph":[{"@type":"Article","@id":"https:\/\/expressometro.mx\/index.php\/2023\/03\/08\/se-reconoce-el-papel-de-la-mujer-en-nuestra-sociedad\/#article","isPartOf":{"@id":"https:\/\/expressometro.mx\/index.php\/2023\/03\/08\/se-reconoce-el-papel-de-la-mujer-en-nuestra-sociedad\/"},"author":{"name":"Cecilia Vega","@id":"https:\/\/expressometro.mx\/#\/schema\/person\/67a95b8e3862085c7598f66237488f1f"},"headline":"SE RECONOCE EL PAPEL DE LA MUJER EN NUESTRA SOCIEDAD","datePublished":"2023-03-09T03:02:41+00:00","dateModified":"2023-03-17T03:03:44+00:00","mainEntityOfPage":{"@id":"https:\/\/expressometro.mx\/index.php\/2023\/03\/08\/se-reconoce-el-papel-de-la-mujer-en-nuestra-sociedad\/"},"wordCount":139,"commentCount":0,"publisher":{"@id":"https:\/\/expressometro.mx\/#organization"},"image":{"@id":"https:\/\/expressometro.mx\/index.php\/2023\/03\/08\/se-reconoce-el-papel-de-la-mujer-en-nuestra-sociedad\/#primaryimage"},"thumbnailUrl":"https:\/\/expressometro.mx\/wp-content\/uploads\/2023\/03\/IMG-20230316-WA0005-640x480.jpg","articleSection":["Otros"],"inLanguage":"es","potentialAction":[{"@type":"CommentAction","name":"Comment","target":["https:\/\/expressometro.mx\/index.php\/2023\/03\/08\/se-reconoce-el-papel-de-la-mujer-en-nuestra-sociedad\/#respond"]}]},{"@type":"WebPage","@id":"https:\/\/expressometro.mx\/index.php\/2023\/03\/08\/se-reconoce-el-papel-de-la-mujer-en-nuestra-sociedad\/","url":"https:\/\/expressometro.mx\/index.php\/2023\/03\/08\/se-reconoce-el-papel-de-la-mujer-en-nuestra-sociedad\/","name":"SE RECONOCE EL PAPEL DE LA MUJER EN NUESTRA SOCIEDAD - Expresso Metropolitano","isPartOf":{"@id":"https:\/\/expressometro.mx\/#website"},"primaryImageOfPage":{"@id":"https:\/\/expressometro.mx\/index.php\/2023\/03\/08\/se-reconoce-el-papel-de-la-mujer-en-nuestra-sociedad\/#primaryimage"},"image":{"@id":"https:\/\/expressometro.mx\/index.php\/2023\/03\/08\/se-reconoce-el-papel-de-la-mujer-en-nuestra-sociedad\/#primaryimage"},"thumbnailUrl":"https:\/\/expressometro.mx\/wp-content\/uploads\/2023\/03\/IMG-20230316-WA0005-640x480.jpg","datePublished":"2023-03-09T03:02:41+00:00","dateModified":"2023-03-17T03:03:44+00:00","breadcrumb":{"@id":"https:\/\/expressometro.mx\/index.php\/2023\/03\/08\/se-reconoce-el-papel-de-la-mujer-en-nuestra-sociedad\/#breadcrumb"},"inLanguage":"es","potentialAction":[{"@type":"ReadAction","target":["https:\/\/expressometro.mx\/index.php\/2023\/03\/08\/se-reconoce-el-papel-de-la-mujer-en-nuestra-sociedad\/"]}]},{"@type":"ImageObject","inLanguage":"es","@id":"https:\/\/expressometro.mx\/index.php\/2023\/03\/08\/se-reconoce-el-papel-de-la-mujer-en-nuestra-sociedad\/#primaryimage","url":"https:\/\/expressometro.mx\/wp-content\/uploads\/2023\/03\/IMG-20230316-WA0005-640x480.jpg","contentUrl":"https:\/\/expressometro.mx\/wp-content\/uploads\/2023\/03\/IMG-20230316-WA0005-640x480.jpg"},{"@type":"BreadcrumbList","@id":"https:\/\/expressometro.mx\/index.php\/2023\/03\/08\/se-reconoce-el-papel-de-la-mujer-en-nuestra-sociedad\/#breadcrumb","itemListElement":[{"@type":"ListItem","position":1,"name":"Inicio","item":"https:\/\/expressometro.mx\/"},{"@type":"ListItem","position":2,"name":"SE RECONOCE EL PAPEL DE LA MUJER EN NUESTRA SOCIEDAD"}]},{"@type":"WebSite","@id":"https:\/\/expressometro.mx\/#website","url":"https:\/\/expressometro.mx\/","name":"Expresso Metropolitano","description":"Periodismo comprometido, informaci\u00f3n, investigaci\u00f3n y an\u00e1lisis","publisher":{"@id":"https:\/\/expressometro.mx\/#organization"},"potentialAction":[{"@type":"SearchAction","target":{"@type":"EntryPoint","urlTemplate":"https:\/\/expressometro.mx\/?s={search_term_string}"},"query-input":{"@type":"PropertyValueSpecification","valueRequired":true,"valueName":"search_term_string"}}],"inLanguage":"es"},{"@type":"Organization","@id":"https:\/\/expressometro.mx\/#organization","name":"Expresso Metropolitano","url":"https:\/\/expressometro.mx\/","logo":{"@type":"ImageObject","inLanguage":"es","@id":"https:\/\/expressometro.mx\/#\/schema\/logo\/image\/","url":"https:\/\/expressometro.mx\/wp-content\/uploads\/2019\/07\/cropped-Logo-Expresso-Metropolitano-1-1.jpeg","contentUrl":"https:\/\/expressometro.mx\/wp-content\/uploads\/2019\/07\/cropped-Logo-Expresso-Metropolitano-1-1.jpeg","width":290,"height":73,"caption":"Expresso Metropolitano"},"image":{"@id":"https:\/\/expressometro.mx\/#\/schema\/logo\/image\/"}},{"@type":"Person","@id":"https:\/\/expressometro.mx\/#\/schema\/person\/67a95b8e3862085c7598f66237488f1f","name":"Cecilia Vega","image":{"@type":"ImageObject","inLanguage":"es","@id":"https:\/\/secure.gravatar.com\/avatar\/13aae9944ab2ee472a9e407c9487fdbd03b049abaa559af32fe5dbcf615c981b?s=96&d=mm&r=g","url":"https:\/\/secure.gravatar.com\/avatar\/13aae9944ab2ee472a9e407c9487fdbd03b049abaa559af32fe5dbcf615c981b?s=96&d=mm&r=g","contentUrl":"https:\/\/secure.gravatar.com\/avatar\/13aae9944ab2ee472a9e407c9487fdbd03b049abaa559af32fe5dbcf615c981b?s=96&d=mm&r=g","caption":"Cecilia Vega"},"url":"https:\/\/expressometro.mx\/index.php\/author\/cecilia-vega\/"}]}},"amp_enabled":true,"_links":{"self":[{"href":"https:\/\/expressometro.mx\/index.php\/wp-json\/wp\/v2\/posts\/6895","targetHints":{"allow":["GET"]}}],"collection":[{"href":"https:\/\/expressometro.mx\/index.php\/wp-json\/wp\/v2\/posts"}],"about":[{"href":"https:\/\/expressometro.mx\/index.php\/wp-json\/wp\/v2\/types\/post"}],"author":[{"embeddable":true,"href":"https:\/\/expressometro.mx\/index.php\/wp-json\/wp\/v2\/users\/2"}],"replies":[{"embeddable":true,"href":"https:\/\/expressometro.mx\/index.php\/wp-json\/wp\/v2\/comments?post=6895"}],"version-history":[{"count":1,"href":"https:\/\/expressometro.mx\/index.php\/wp-json\/wp\/v2\/posts\/6895\/revisions"}],"predecessor-version":[{"id":6897,"href":"https:\/\/expressometro.mx\/index.php\/wp-json\/wp\/v2\/posts\/6895\/revisions\/6897"}],"wp:attachment":[{"href":"https:\/\/expressometro.mx\/index.php\/wp-json\/wp\/v2\/media?parent=6895"}],"wp:term":[{"taxonomy":"category","embeddable":true,"href":"https:\/\/expressometro.mx\/index.php\/wp-json\/wp\/v2\/categories?post=6895"},{"taxonomy":"post_tag","embeddable":true,"href":"https:\/\/expressometro.mx\/index.php\/wp-json\/wp\/v2\/tags?post=6895"}],"curies":[{"name":"wp","href":"https:\/\/api.w.org\/{rel}","templated":true}]}}