{"id":6879,"date":"2023-02-01T15:07:28","date_gmt":"2023-02-01T21:07:28","guid":{"rendered":"https:\/\/expressometro.mx\/?p=6879"},"modified":"2023-02-22T15:22:35","modified_gmt":"2023-02-22T21:22:35","slug":"inauguran-multideportivo-en-jocotitlan","status":"publish","type":"post","link":"https:\/\/expressometro.mx\/index.php\/2023\/02\/01\/inauguran-multideportivo-en-jocotitlan\/","title":{"rendered":"INAUGURAN MULTIDEPORTIVO EN JOCOTITLAN"},"content":{"rendered":"\n<p>El presidente municipal Jes\u00fas Cedillo Gonz\u00e1lez inagur\u00f3 el multideportivo de Los Reyes contando con el acompa\u00f1amiento del Diputado Federal y Vicecoordinador del Grupo Parlamentario del PRI, Gustavo C\u00e1rdenas Monroy, y el Diputado Local Iv\u00e1n Esquer Cruz.<\/p>\n\n\n\n<p>El apoyo del Gobernador Alfredo del Mazo Maza fue fundamental para consolidar est\u00e1 obra que se elabor\u00f3 con mucho esfuerzo en nombre de todas las generaciones que han participado y de la aspiraci\u00f3n de la gente que vive en los Reyes.<\/p>\n\n\n\n<p>Hay certeza que este espacio se utilizar\u00e1 de manera digna y respetuosa para la sana convivencia de todas las familias, ni\u00f1os y toda la ciudadan\u00eda.<\/p>\n\n\n\n<p>En su momento, el Diputado Federal C\u00e1rdenas Monroy mencion\u00f3 que \u00ablas condiciones del deporte en Los Reyes cambian para bien\u00bb.<\/p>\n","protected":false},"excerpt":{"rendered":"<p>El presidente municipal Jes\u00fas Cedillo Gonz\u00e1lez inagur\u00f3 el multideportivo de Los Reyes contando con el acompa\u00f1amiento del Diputado Federal y Vicecoordinador del Grupo Parlamentario del PRI, Gustavo C\u00e1rdenas Monroy, y el Diputado Local Iv\u00e1n Esquer Cruz. El apoyo del Gobernador Alfredo del Mazo Maza fue fundamental para consolidar est\u00e1 obra que se elabor\u00f3 con mucho esfuerzo en nombre de todas las generaciones que han participado y de la aspiraci\u00f3n de la gente que vive en los Reyes. Hay certeza que este espacio se utilizar\u00e1 de manera digna y respetuosa para&hellip;<\/p>\n","protected":false},"author":1,"featured_media":6881,"comment_status":"open","ping_status":"open","sticky":false,"template":"","format":"standard","meta":{"footnotes":""},"categories":[1],"tags":[],"class_list":["post-6879","post","type-post","status-publish","format-standard","has-post-thumbnail","hentry","category-otros"],"yoast_head":"<!-- This site is optimized with the Yoast SEO plugin v27.5 - https:\/\/yoast.com\/product\/yoast-seo-wordpress\/ -->\n<title>INAUGURAN MULTIDEPORTIVO EN JOCOTITLAN - Expresso Metropolitano<\/title>\n<meta name=\"robots\" content=\"index, follow, max-snippet:-1, max-image-preview:large, max-video-preview:-1\" \/>\n<link rel=\"canonical\" href=\"https:\/\/expressometro.mx\/index.php\/2023\/02\/01\/inauguran-multideportivo-en-jocotitlan\/\" \/>\n<meta property=\"og:locale\" content=\"es_MX\" \/>\n<meta property=\"og:type\" content=\"article\" \/>\n<meta property=\"og:title\" content=\"INAUGURAN MULTIDEPORTIVO EN JOCOTITLAN - Expresso Metropolitano\" \/>\n<meta property=\"og:description\" content=\"El presidente municipal Jes\u00fas Cedillo Gonz\u00e1lez inagur\u00f3 el multideportivo de Los Reyes contando con el acompa\u00f1amiento del Diputado Federal y Vicecoordinador del Grupo Parlamentario del PRI, Gustavo C\u00e1rdenas Monroy, y el Diputado Local Iv\u00e1n Esquer Cruz. El apoyo del Gobernador Alfredo del Mazo Maza fue fundamental para consolidar est\u00e1 obra que se elabor\u00f3 con mucho esfuerzo en nombre de todas las generaciones que han participado y de la aspiraci\u00f3n de la gente que vive en los Reyes. Hay certeza que este espacio se utilizar\u00e1 de manera digna y respetuosa para&hellip;\" \/>\n<meta property=\"og:url\" content=\"https:\/\/expressometro.mx\/index.php\/2023\/02\/01\/inauguran-multideportivo-en-jocotitlan\/\" \/>\n<meta property=\"og:site_name\" content=\"Expresso Metropolitano\" \/>\n<meta property=\"article:published_time\" content=\"2023-02-01T21:07:28+00:00\" \/>\n<meta property=\"article:modified_time\" content=\"2023-02-22T21:22:35+00:00\" \/>\n<meta property=\"og:image\" content=\"http:\/\/expressometro.mx\/wp-content\/uploads\/2023\/02\/WhatsApp-Image-2023-02-22-at-2.17.48-PM-1-1.jpeg\" \/>\n\t<meta property=\"og:image:width\" content=\"720\" \/>\n\t<meta property=\"og:image:height\" content=\"336\" \/>\n\t<meta property=\"og:image:type\" content=\"image\/jpeg\" \/>\n<meta name=\"author\" content=\"Expresso Metropolitano\" \/>\n<meta name=\"twitter:label1\" content=\"Escrito por\" \/>\n\t<meta name=\"twitter:data1\" content=\"Expresso Metropolitano\" \/>\n\t<meta name=\"twitter:label2\" content=\"Tiempo de lectura\" \/>\n\t<meta name=\"twitter:data2\" content=\"1 minuto\" \/>\n<script type=\"application\/ld+json\" class=\"yoast-schema-graph\">{\"@context\":\"https:\\\/\\\/schema.org\",\"@graph\":[{\"@type\":\"Article\",\"@id\":\"https:\\\/\\\/expressometro.mx\\\/index.php\\\/2023\\\/02\\\/01\\\/inauguran-multideportivo-en-jocotitlan\\\/#article\",\"isPartOf\":{\"@id\":\"https:\\\/\\\/expressometro.mx\\\/index.php\\\/2023\\\/02\\\/01\\\/inauguran-multideportivo-en-jocotitlan\\\/\"},\"author\":{\"name\":\"Expresso Metropolitano\",\"@id\":\"https:\\\/\\\/expressometro.mx\\\/#\\\/schema\\\/person\\\/efa971b4a0664db8ed5c22b1b0dd2f5d\"},\"headline\":\"INAUGURAN MULTIDEPORTIVO EN JOCOTITLAN\",\"datePublished\":\"2023-02-01T21:07:28+00:00\",\"dateModified\":\"2023-02-22T21:22:35+00:00\",\"mainEntityOfPage\":{\"@id\":\"https:\\\/\\\/expressometro.mx\\\/index.php\\\/2023\\\/02\\\/01\\\/inauguran-multideportivo-en-jocotitlan\\\/\"},\"wordCount\":135,\"commentCount\":0,\"publisher\":{\"@id\":\"https:\\\/\\\/expressometro.mx\\\/#organization\"},\"image\":{\"@id\":\"https:\\\/\\\/expressometro.mx\\\/index.php\\\/2023\\\/02\\\/01\\\/inauguran-multideportivo-en-jocotitlan\\\/#primaryimage\"},\"thumbnailUrl\":\"https:\\\/\\\/expressometro.mx\\\/wp-content\\\/uploads\\\/2023\\\/02\\\/WhatsApp-Image-2023-02-22-at-2.17.48-PM-1-1.jpeg\",\"articleSection\":[\"Otros\"],\"inLanguage\":\"es\",\"potentialAction\":[{\"@type\":\"CommentAction\",\"name\":\"Comment\",\"target\":[\"https:\\\/\\\/expressometro.mx\\\/index.php\\\/2023\\\/02\\\/01\\\/inauguran-multideportivo-en-jocotitlan\\\/#respond\"]}]},{\"@type\":\"WebPage\",\"@id\":\"https:\\\/\\\/expressometro.mx\\\/index.php\\\/2023\\\/02\\\/01\\\/inauguran-multideportivo-en-jocotitlan\\\/\",\"url\":\"https:\\\/\\\/expressometro.mx\\\/index.php\\\/2023\\\/02\\\/01\\\/inauguran-multideportivo-en-jocotitlan\\\/\",\"name\":\"INAUGURAN MULTIDEPORTIVO EN JOCOTITLAN - Expresso Metropolitano\",\"isPartOf\":{\"@id\":\"https:\\\/\\\/expressometro.mx\\\/#website\"},\"primaryImageOfPage\":{\"@id\":\"https:\\\/\\\/expressometro.mx\\\/index.php\\\/2023\\\/02\\\/01\\\/inauguran-multideportivo-en-jocotitlan\\\/#primaryimage\"},\"image\":{\"@id\":\"https:\\\/\\\/expressometro.mx\\\/index.php\\\/2023\\\/02\\\/01\\\/inauguran-multideportivo-en-jocotitlan\\\/#primaryimage\"},\"thumbnailUrl\":\"https:\\\/\\\/expressometro.mx\\\/wp-content\\\/uploads\\\/2023\\\/02\\\/WhatsApp-Image-2023-02-22-at-2.17.48-PM-1-1.jpeg\",\"datePublished\":\"2023-02-01T21:07:28+00:00\",\"dateModified\":\"2023-02-22T21:22:35+00:00\",\"breadcrumb\":{\"@id\":\"https:\\\/\\\/expressometro.mx\\\/index.php\\\/2023\\\/02\\\/01\\\/inauguran-multideportivo-en-jocotitlan\\\/#breadcrumb\"},\"inLanguage\":\"es\",\"potentialAction\":[{\"@type\":\"ReadAction\",\"target\":[\"https:\\\/\\\/expressometro.mx\\\/index.php\\\/2023\\\/02\\\/01\\\/inauguran-multideportivo-en-jocotitlan\\\/\"]}]},{\"@type\":\"ImageObject\",\"inLanguage\":\"es\",\"@id\":\"https:\\\/\\\/expressometro.mx\\\/index.php\\\/2023\\\/02\\\/01\\\/inauguran-multideportivo-en-jocotitlan\\\/#primaryimage\",\"url\":\"https:\\\/\\\/expressometro.mx\\\/wp-content\\\/uploads\\\/2023\\\/02\\\/WhatsApp-Image-2023-02-22-at-2.17.48-PM-1-1.jpeg\",\"contentUrl\":\"https:\\\/\\\/expressometro.mx\\\/wp-content\\\/uploads\\\/2023\\\/02\\\/WhatsApp-Image-2023-02-22-at-2.17.48-PM-1-1.jpeg\",\"width\":720,\"height\":336},{\"@type\":\"BreadcrumbList\",\"@id\":\"https:\\\/\\\/expressometro.mx\\\/index.php\\\/2023\\\/02\\\/01\\\/inauguran-multideportivo-en-jocotitlan\\\/#breadcrumb\",\"itemListElement\":[{\"@type\":\"ListItem\",\"position\":1,\"name\":\"Inicio\",\"item\":\"https:\\\/\\\/expressometro.mx\\\/\"},{\"@type\":\"ListItem\",\"position\":2,\"name\":\"INAUGURAN MULTIDEPORTIVO EN JOCOTITLAN\"}]},{\"@type\":\"WebSite\",\"@id\":\"https:\\\/\\\/expressometro.mx\\\/#website\",\"url\":\"https:\\\/\\\/expressometro.mx\\\/\",\"name\":\"Expresso Metropolitano\",\"description\":\"Periodismo comprometido, informaci\u00f3n, investigaci\u00f3n y an\u00e1lisis\",\"publisher\":{\"@id\":\"https:\\\/\\\/expressometro.mx\\\/#organization\"},\"potentialAction\":[{\"@type\":\"SearchAction\",\"target\":{\"@type\":\"EntryPoint\",\"urlTemplate\":\"https:\\\/\\\/expressometro.mx\\\/?s={search_term_string}\"},\"query-input\":{\"@type\":\"PropertyValueSpecification\",\"valueRequired\":true,\"valueName\":\"search_term_string\"}}],\"inLanguage\":\"es\"},{\"@type\":\"Organization\",\"@id\":\"https:\\\/\\\/expressometro.mx\\\/#organization\",\"name\":\"Expresso Metropolitano\",\"url\":\"https:\\\/\\\/expressometro.mx\\\/\",\"logo\":{\"@type\":\"ImageObject\",\"inLanguage\":\"es\",\"@id\":\"https:\\\/\\\/expressometro.mx\\\/#\\\/schema\\\/logo\\\/image\\\/\",\"url\":\"https:\\\/\\\/expressometro.mx\\\/wp-content\\\/uploads\\\/2019\\\/07\\\/cropped-Logo-Expresso-Metropolitano-1-1.jpeg\",\"contentUrl\":\"https:\\\/\\\/expressometro.mx\\\/wp-content\\\/uploads\\\/2019\\\/07\\\/cropped-Logo-Expresso-Metropolitano-1-1.jpeg\",\"width\":290,\"height\":73,\"caption\":\"Expresso Metropolitano\"},\"image\":{\"@id\":\"https:\\\/\\\/expressometro.mx\\\/#\\\/schema\\\/logo\\\/image\\\/\"}},{\"@type\":\"Person\",\"@id\":\"https:\\\/\\\/expressometro.mx\\\/#\\\/schema\\\/person\\\/efa971b4a0664db8ed5c22b1b0dd2f5d\",\"name\":\"Expresso Metropolitano\",\"image\":{\"@type\":\"ImageObject\",\"inLanguage\":\"es\",\"@id\":\"https:\\\/\\\/secure.gravatar.com\\\/avatar\\\/a89f802b8de18c6952f223c88d3d106e9e3679839f4e25a02f4a6cc2ae6ba3b3?s=96&d=mm&r=g\",\"url\":\"https:\\\/\\\/secure.gravatar.com\\\/avatar\\\/a89f802b8de18c6952f223c88d3d106e9e3679839f4e25a02f4a6cc2ae6ba3b3?s=96&d=mm&r=g\",\"contentUrl\":\"https:\\\/\\\/secure.gravatar.com\\\/avatar\\\/a89f802b8de18c6952f223c88d3d106e9e3679839f4e25a02f4a6cc2ae6ba3b3?s=96&d=mm&r=g\",\"caption\":\"Expresso Metropolitano\"},\"url\":\"https:\\\/\\\/expressometro.mx\\\/index.php\\\/author\\\/diego\\\/\"}]}<\/script>\n<!-- \/ Yoast SEO plugin. -->","yoast_head_json":{"title":"INAUGURAN MULTIDEPORTIVO EN JOCOTITLAN - Expresso Metropolitano","robots":{"index":"index","follow":"follow","max-snippet":"max-snippet:-1","max-image-preview":"max-image-preview:large","max-video-preview":"max-video-preview:-1"},"canonical":"https:\/\/expressometro.mx\/index.php\/2023\/02\/01\/inauguran-multideportivo-en-jocotitlan\/","og_locale":"es_MX","og_type":"article","og_title":"INAUGURAN MULTIDEPORTIVO EN JOCOTITLAN - Expresso Metropolitano","og_description":"El presidente municipal Jes\u00fas Cedillo Gonz\u00e1lez inagur\u00f3 el multideportivo de Los Reyes contando con el acompa\u00f1amiento del Diputado Federal y Vicecoordinador del Grupo Parlamentario del PRI, Gustavo C\u00e1rdenas Monroy, y el Diputado Local Iv\u00e1n Esquer Cruz. El apoyo del Gobernador Alfredo del Mazo Maza fue fundamental para consolidar est\u00e1 obra que se elabor\u00f3 con mucho esfuerzo en nombre de todas las generaciones que han participado y de la aspiraci\u00f3n de la gente que vive en los Reyes. Hay certeza que este espacio se utilizar\u00e1 de manera digna y respetuosa para&hellip;","og_url":"https:\/\/expressometro.mx\/index.php\/2023\/02\/01\/inauguran-multideportivo-en-jocotitlan\/","og_site_name":"Expresso Metropolitano","article_published_time":"2023-02-01T21:07:28+00:00","article_modified_time":"2023-02-22T21:22:35+00:00","og_image":[{"width":720,"height":336,"url":"http:\/\/expressometro.mx\/wp-content\/uploads\/2023\/02\/WhatsApp-Image-2023-02-22-at-2.17.48-PM-1-1.jpeg","type":"image\/jpeg"}],"author":"Expresso Metropolitano","twitter_misc":{"Escrito por":"Expresso Metropolitano","Tiempo de lectura":"1 minuto"},"schema":{"@context":"https:\/\/schema.org","@graph":[{"@type":"Article","@id":"https:\/\/expressometro.mx\/index.php\/2023\/02\/01\/inauguran-multideportivo-en-jocotitlan\/#article","isPartOf":{"@id":"https:\/\/expressometro.mx\/index.php\/2023\/02\/01\/inauguran-multideportivo-en-jocotitlan\/"},"author":{"name":"Expresso Metropolitano","@id":"https:\/\/expressometro.mx\/#\/schema\/person\/efa971b4a0664db8ed5c22b1b0dd2f5d"},"headline":"INAUGURAN MULTIDEPORTIVO EN JOCOTITLAN","datePublished":"2023-02-01T21:07:28+00:00","dateModified":"2023-02-22T21:22:35+00:00","mainEntityOfPage":{"@id":"https:\/\/expressometro.mx\/index.php\/2023\/02\/01\/inauguran-multideportivo-en-jocotitlan\/"},"wordCount":135,"commentCount":0,"publisher":{"@id":"https:\/\/expressometro.mx\/#organization"},"image":{"@id":"https:\/\/expressometro.mx\/index.php\/2023\/02\/01\/inauguran-multideportivo-en-jocotitlan\/#primaryimage"},"thumbnailUrl":"https:\/\/expressometro.mx\/wp-content\/uploads\/2023\/02\/WhatsApp-Image-2023-02-22-at-2.17.48-PM-1-1.jpeg","articleSection":["Otros"],"inLanguage":"es","potentialAction":[{"@type":"CommentAction","name":"Comment","target":["https:\/\/expressometro.mx\/index.php\/2023\/02\/01\/inauguran-multideportivo-en-jocotitlan\/#respond"]}]},{"@type":"WebPage","@id":"https:\/\/expressometro.mx\/index.php\/2023\/02\/01\/inauguran-multideportivo-en-jocotitlan\/","url":"https:\/\/expressometro.mx\/index.php\/2023\/02\/01\/inauguran-multideportivo-en-jocotitlan\/","name":"INAUGURAN MULTIDEPORTIVO EN JOCOTITLAN - Expresso Metropolitano","isPartOf":{"@id":"https:\/\/expressometro.mx\/#website"},"primaryImageOfPage":{"@id":"https:\/\/expressometro.mx\/index.php\/2023\/02\/01\/inauguran-multideportivo-en-jocotitlan\/#primaryimage"},"image":{"@id":"https:\/\/expressometro.mx\/index.php\/2023\/02\/01\/inauguran-multideportivo-en-jocotitlan\/#primaryimage"},"thumbnailUrl":"https:\/\/expressometro.mx\/wp-content\/uploads\/2023\/02\/WhatsApp-Image-2023-02-22-at-2.17.48-PM-1-1.jpeg","datePublished":"2023-02-01T21:07:28+00:00","dateModified":"2023-02-22T21:22:35+00:00","breadcrumb":{"@id":"https:\/\/expressometro.mx\/index.php\/2023\/02\/01\/inauguran-multideportivo-en-jocotitlan\/#breadcrumb"},"inLanguage":"es","potentialAction":[{"@type":"ReadAction","target":["https:\/\/expressometro.mx\/index.php\/2023\/02\/01\/inauguran-multideportivo-en-jocotitlan\/"]}]},{"@type":"ImageObject","inLanguage":"es","@id":"https:\/\/expressometro.mx\/index.php\/2023\/02\/01\/inauguran-multideportivo-en-jocotitlan\/#primaryimage","url":"https:\/\/expressometro.mx\/wp-content\/uploads\/2023\/02\/WhatsApp-Image-2023-02-22-at-2.17.48-PM-1-1.jpeg","contentUrl":"https:\/\/expressometro.mx\/wp-content\/uploads\/2023\/02\/WhatsApp-Image-2023-02-22-at-2.17.48-PM-1-1.jpeg","width":720,"height":336},{"@type":"BreadcrumbList","@id":"https:\/\/expressometro.mx\/index.php\/2023\/02\/01\/inauguran-multideportivo-en-jocotitlan\/#breadcrumb","itemListElement":[{"@type":"ListItem","position":1,"name":"Inicio","item":"https:\/\/expressometro.mx\/"},{"@type":"ListItem","position":2,"name":"INAUGURAN MULTIDEPORTIVO EN JOCOTITLAN"}]},{"@type":"WebSite","@id":"https:\/\/expressometro.mx\/#website","url":"https:\/\/expressometro.mx\/","name":"Expresso Metropolitano","description":"Periodismo comprometido, informaci\u00f3n, investigaci\u00f3n y an\u00e1lisis","publisher":{"@id":"https:\/\/expressometro.mx\/#organization"},"potentialAction":[{"@type":"SearchAction","target":{"@type":"EntryPoint","urlTemplate":"https:\/\/expressometro.mx\/?s={search_term_string}"},"query-input":{"@type":"PropertyValueSpecification","valueRequired":true,"valueName":"search_term_string"}}],"inLanguage":"es"},{"@type":"Organization","@id":"https:\/\/expressometro.mx\/#organization","name":"Expresso Metropolitano","url":"https:\/\/expressometro.mx\/","logo":{"@type":"ImageObject","inLanguage":"es","@id":"https:\/\/expressometro.mx\/#\/schema\/logo\/image\/","url":"https:\/\/expressometro.mx\/wp-content\/uploads\/2019\/07\/cropped-Logo-Expresso-Metropolitano-1-1.jpeg","contentUrl":"https:\/\/expressometro.mx\/wp-content\/uploads\/2019\/07\/cropped-Logo-Expresso-Metropolitano-1-1.jpeg","width":290,"height":73,"caption":"Expresso Metropolitano"},"image":{"@id":"https:\/\/expressometro.mx\/#\/schema\/logo\/image\/"}},{"@type":"Person","@id":"https:\/\/expressometro.mx\/#\/schema\/person\/efa971b4a0664db8ed5c22b1b0dd2f5d","name":"Expresso Metropolitano","image":{"@type":"ImageObject","inLanguage":"es","@id":"https:\/\/secure.gravatar.com\/avatar\/a89f802b8de18c6952f223c88d3d106e9e3679839f4e25a02f4a6cc2ae6ba3b3?s=96&d=mm&r=g","url":"https:\/\/secure.gravatar.com\/avatar\/a89f802b8de18c6952f223c88d3d106e9e3679839f4e25a02f4a6cc2ae6ba3b3?s=96&d=mm&r=g","contentUrl":"https:\/\/secure.gravatar.com\/avatar\/a89f802b8de18c6952f223c88d3d106e9e3679839f4e25a02f4a6cc2ae6ba3b3?s=96&d=mm&r=g","caption":"Expresso Metropolitano"},"url":"https:\/\/expressometro.mx\/index.php\/author\/diego\/"}]}},"amp_enabled":true,"_links":{"self":[{"href":"https:\/\/expressometro.mx\/index.php\/wp-json\/wp\/v2\/posts\/6879","targetHints":{"allow":["GET"]}}],"collection":[{"href":"https:\/\/expressometro.mx\/index.php\/wp-json\/wp\/v2\/posts"}],"about":[{"href":"https:\/\/expressometro.mx\/index.php\/wp-json\/wp\/v2\/types\/post"}],"author":[{"embeddable":true,"href":"https:\/\/expressometro.mx\/index.php\/wp-json\/wp\/v2\/users\/1"}],"replies":[{"embeddable":true,"href":"https:\/\/expressometro.mx\/index.php\/wp-json\/wp\/v2\/comments?post=6879"}],"version-history":[{"count":1,"href":"https:\/\/expressometro.mx\/index.php\/wp-json\/wp\/v2\/posts\/6879\/revisions"}],"predecessor-version":[{"id":6882,"href":"https:\/\/expressometro.mx\/index.php\/wp-json\/wp\/v2\/posts\/6879\/revisions\/6882"}],"wp:featuredmedia":[{"embeddable":true,"href":"https:\/\/expressometro.mx\/index.php\/wp-json\/wp\/v2\/media\/6881"}],"wp:attachment":[{"href":"https:\/\/expressometro.mx\/index.php\/wp-json\/wp\/v2\/media?parent=6879"}],"wp:term":[{"taxonomy":"category","embeddable":true,"href":"https:\/\/expressometro.mx\/index.php\/wp-json\/wp\/v2\/categories?post=6879"},{"taxonomy":"post_tag","embeddable":true,"href":"https:\/\/expressometro.mx\/index.php\/wp-json\/wp\/v2\/tags?post=6879"}],"curies":[{"name":"wp","href":"https:\/\/api.w.org\/{rel}","templated":true}]}}