{"id":684,"date":"2019-09-13T10:40:43","date_gmt":"2019-09-13T15:40:43","guid":{"rendered":"http:\/\/expressometro.mx\/?p=684"},"modified":"2019-09-15T10:43:22","modified_gmt":"2019-09-15T15:43:22","slug":"impulsa-isem-escuelas-promotoras-de-la-salud","status":"publish","type":"post","link":"https:\/\/expressometro.mx\/index.php\/2019\/09\/13\/impulsa-isem-escuelas-promotoras-de-la-salud\/","title":{"rendered":"IMPULSA ISEM \u201cESCUELAS PROMOTORAS DE LA SALUD\u201d"},"content":{"rendered":"\n<p>Para promover la pr\u00e1ctica de h\u00e1bitos saludables en espacios educativos del nivel b\u00e1sico y medio superior, el Instituto de Salud del Estado de M\u00e9xico (ISEM) impulsa el programa \u201cEscuelas Promotoras de la Salud\u201d, a trav\u00e9s de las cuales se fomentan actividades f\u00edsicas y deportivas, as\u00ed como diagn\u00f3sticos de enfermedades y referencia m\u00e9dica.<\/p>\n\n\n\n<p>Con este tipo de acciones, indic\u00f3 la dependencia, el Gobierno del Estado de M\u00e9xico se suma a cruzadas como la Semana del Bienestar que promueve la Organizaci\u00f3n Panamericana de la Salud (OPS), y que este a\u00f1o tendr\u00e1 lugar del 14 al 21 de septiembre bajo el lema \u201cCreando escuelas saludables\u201d.<\/p>\n\n\n\n<p>El ISEM inform\u00f3 que en los \u00faltimos dos a\u00f1os ha realizado m\u00e1s de 47 mil actividades que promueven la salud, la vida activa y alimentaci\u00f3n saludable entre los estudiantes mexiquenses, con apoyo de T\u00e9cnicos en Atenci\u00f3n Primaria a la Salud (TAPS), activadores f\u00edsicos y nutri\u00f3logos.<\/p>\n\n\n\n<p>Detall\u00f3 que la entidad cuenta con 511 \u201cEscuelas Promotoras de la Salud\u201d que benefician a m\u00e1s de 115 mil alumnas y alumnos mexiquenses con talleres de alimentaci\u00f3n correcta, higiene personal y familiar, salud bucal, saneamiento b\u00e1sico y cultura alimentaria saludable tradicional.<\/p>\n\n\n\n<p>Los beneficiados tambi\u00e9n acceden a ex\u00e1menes de detecci\u00f3n temprana de problemas nutricionales, auditivos, visuales, posturales y buco dentales, y adem\u00e1s se reforz\u00f3 el monitoreo del esquema de vacunaci\u00f3n.<\/p>\n\n\n\n<p>El ISEM record\u00f3 que lo anterior forma parte de una estrategia internacional que la OPS implement\u00f3 en 1995 para fortalecer la relaci\u00f3n entre padres de familia, alumnos y docentes, desarrollar habilidades para la vida, reducir riesgos de enfermedades y acceder a consultas, ex\u00e1menes y tratamientos m\u00e9dicos peri\u00f3dicos.<\/p>\n","protected":false},"excerpt":{"rendered":"<p>Para promover la pr\u00e1ctica de h\u00e1bitos saludables en espacios educativos del nivel b\u00e1sico y medio superior, el Instituto de Salud del Estado de M\u00e9xico (ISEM) impulsa el programa \u201cEscuelas Promotoras de la Salud\u201d, a trav\u00e9s de las cuales se fomentan actividades f\u00edsicas y deportivas, as\u00ed como diagn\u00f3sticos de enfermedades y referencia m\u00e9dica. Con este tipo de acciones, indic\u00f3 la dependencia, el Gobierno del Estado de M\u00e9xico se suma a cruzadas como la Semana del Bienestar que promueve la Organizaci\u00f3n Panamericana de la Salud (OPS), y que este a\u00f1o tendr\u00e1 lugar&hellip;<\/p>\n","protected":false},"author":1,"featured_media":685,"comment_status":"open","ping_status":"open","sticky":false,"template":"","format":"standard","meta":{"footnotes":""},"categories":[3,5],"tags":[],"class_list":["post-684","post","type-post","status-publish","format-standard","has-post-thumbnail","hentry","category-gobierno","category-salud"],"yoast_head":"<!-- This site is optimized with the Yoast SEO plugin v27.5 - https:\/\/yoast.com\/product\/yoast-seo-wordpress\/ -->\n<title>IMPULSA ISEM \u201cESCUELAS PROMOTORAS DE LA SALUD\u201d - Expresso Metropolitano<\/title>\n<meta name=\"robots\" content=\"index, follow, max-snippet:-1, max-image-preview:large, max-video-preview:-1\" \/>\n<link rel=\"canonical\" href=\"https:\/\/expressometro.mx\/index.php\/2019\/09\/13\/impulsa-isem-escuelas-promotoras-de-la-salud\/\" \/>\n<meta property=\"og:locale\" content=\"es_MX\" \/>\n<meta property=\"og:type\" content=\"article\" \/>\n<meta property=\"og:title\" content=\"IMPULSA ISEM \u201cESCUELAS PROMOTORAS DE LA SALUD\u201d - Expresso Metropolitano\" \/>\n<meta property=\"og:description\" content=\"Para promover la pr\u00e1ctica de h\u00e1bitos saludables en espacios educativos del nivel b\u00e1sico y medio superior, el Instituto de Salud del Estado de M\u00e9xico (ISEM) impulsa el programa \u201cEscuelas Promotoras de la Salud\u201d, a trav\u00e9s de las cuales se fomentan actividades f\u00edsicas y deportivas, as\u00ed como diagn\u00f3sticos de enfermedades y referencia m\u00e9dica. Con este tipo de acciones, indic\u00f3 la dependencia, el Gobierno del Estado de M\u00e9xico se suma a cruzadas como la Semana del Bienestar que promueve la Organizaci\u00f3n Panamericana de la Salud (OPS), y que este a\u00f1o tendr\u00e1 lugar&hellip;\" \/>\n<meta property=\"og:url\" content=\"https:\/\/expressometro.mx\/index.php\/2019\/09\/13\/impulsa-isem-escuelas-promotoras-de-la-salud\/\" \/>\n<meta property=\"og:site_name\" content=\"Expresso Metropolitano\" \/>\n<meta property=\"article:published_time\" content=\"2019-09-13T15:40:43+00:00\" \/>\n<meta property=\"article:modified_time\" content=\"2019-09-15T15:43:22+00:00\" \/>\n<meta property=\"og:image\" content=\"https:\/\/expressometro.mx\/wp-content\/uploads\/2019\/09\/9BCC6DA1-BF7C-4BE4-BBA3-C9E92AEA4C31.jpeg\" \/>\n\t<meta property=\"og:image:width\" content=\"2629\" \/>\n\t<meta property=\"og:image:height\" content=\"1863\" \/>\n\t<meta property=\"og:image:type\" content=\"image\/jpeg\" \/>\n<meta name=\"author\" content=\"Expresso Metropolitano\" \/>\n<meta name=\"twitter:label1\" content=\"Escrito por\" \/>\n\t<meta name=\"twitter:data1\" content=\"Expresso Metropolitano\" \/>\n\t<meta name=\"twitter:label2\" content=\"Tiempo de lectura\" \/>\n\t<meta name=\"twitter:data2\" content=\"1 minuto\" \/>\n<script type=\"application\/ld+json\" class=\"yoast-schema-graph\">{\"@context\":\"https:\\\/\\\/schema.org\",\"@graph\":[{\"@type\":\"Article\",\"@id\":\"https:\\\/\\\/expressometro.mx\\\/index.php\\\/2019\\\/09\\\/13\\\/impulsa-isem-escuelas-promotoras-de-la-salud\\\/#article\",\"isPartOf\":{\"@id\":\"https:\\\/\\\/expressometro.mx\\\/index.php\\\/2019\\\/09\\\/13\\\/impulsa-isem-escuelas-promotoras-de-la-salud\\\/\"},\"author\":{\"name\":\"Expresso Metropolitano\",\"@id\":\"https:\\\/\\\/expressometro.mx\\\/#\\\/schema\\\/person\\\/efa971b4a0664db8ed5c22b1b0dd2f5d\"},\"headline\":\"IMPULSA ISEM \u201cESCUELAS PROMOTORAS DE LA SALUD\u201d\",\"datePublished\":\"2019-09-13T15:40:43+00:00\",\"dateModified\":\"2019-09-15T15:43:22+00:00\",\"mainEntityOfPage\":{\"@id\":\"https:\\\/\\\/expressometro.mx\\\/index.php\\\/2019\\\/09\\\/13\\\/impulsa-isem-escuelas-promotoras-de-la-salud\\\/\"},\"wordCount\":294,\"commentCount\":0,\"publisher\":{\"@id\":\"https:\\\/\\\/expressometro.mx\\\/#organization\"},\"image\":{\"@id\":\"https:\\\/\\\/expressometro.mx\\\/index.php\\\/2019\\\/09\\\/13\\\/impulsa-isem-escuelas-promotoras-de-la-salud\\\/#primaryimage\"},\"thumbnailUrl\":\"https:\\\/\\\/expressometro.mx\\\/wp-content\\\/uploads\\\/2019\\\/09\\\/9BCC6DA1-BF7C-4BE4-BBA3-C9E92AEA4C31.jpeg\",\"articleSection\":[\"Gobierno\",\"Salud\"],\"inLanguage\":\"es\",\"potentialAction\":[{\"@type\":\"CommentAction\",\"name\":\"Comment\",\"target\":[\"https:\\\/\\\/expressometro.mx\\\/index.php\\\/2019\\\/09\\\/13\\\/impulsa-isem-escuelas-promotoras-de-la-salud\\\/#respond\"]}]},{\"@type\":\"WebPage\",\"@id\":\"https:\\\/\\\/expressometro.mx\\\/index.php\\\/2019\\\/09\\\/13\\\/impulsa-isem-escuelas-promotoras-de-la-salud\\\/\",\"url\":\"https:\\\/\\\/expressometro.mx\\\/index.php\\\/2019\\\/09\\\/13\\\/impulsa-isem-escuelas-promotoras-de-la-salud\\\/\",\"name\":\"IMPULSA ISEM \u201cESCUELAS PROMOTORAS DE LA SALUD\u201d - Expresso Metropolitano\",\"isPartOf\":{\"@id\":\"https:\\\/\\\/expressometro.mx\\\/#website\"},\"primaryImageOfPage\":{\"@id\":\"https:\\\/\\\/expressometro.mx\\\/index.php\\\/2019\\\/09\\\/13\\\/impulsa-isem-escuelas-promotoras-de-la-salud\\\/#primaryimage\"},\"image\":{\"@id\":\"https:\\\/\\\/expressometro.mx\\\/index.php\\\/2019\\\/09\\\/13\\\/impulsa-isem-escuelas-promotoras-de-la-salud\\\/#primaryimage\"},\"thumbnailUrl\":\"https:\\\/\\\/expressometro.mx\\\/wp-content\\\/uploads\\\/2019\\\/09\\\/9BCC6DA1-BF7C-4BE4-BBA3-C9E92AEA4C31.jpeg\",\"datePublished\":\"2019-09-13T15:40:43+00:00\",\"dateModified\":\"2019-09-15T15:43:22+00:00\",\"breadcrumb\":{\"@id\":\"https:\\\/\\\/expressometro.mx\\\/index.php\\\/2019\\\/09\\\/13\\\/impulsa-isem-escuelas-promotoras-de-la-salud\\\/#breadcrumb\"},\"inLanguage\":\"es\",\"potentialAction\":[{\"@type\":\"ReadAction\",\"target\":[\"https:\\\/\\\/expressometro.mx\\\/index.php\\\/2019\\\/09\\\/13\\\/impulsa-isem-escuelas-promotoras-de-la-salud\\\/\"]}]},{\"@type\":\"ImageObject\",\"inLanguage\":\"es\",\"@id\":\"https:\\\/\\\/expressometro.mx\\\/index.php\\\/2019\\\/09\\\/13\\\/impulsa-isem-escuelas-promotoras-de-la-salud\\\/#primaryimage\",\"url\":\"https:\\\/\\\/expressometro.mx\\\/wp-content\\\/uploads\\\/2019\\\/09\\\/9BCC6DA1-BF7C-4BE4-BBA3-C9E92AEA4C31.jpeg\",\"contentUrl\":\"https:\\\/\\\/expressometro.mx\\\/wp-content\\\/uploads\\\/2019\\\/09\\\/9BCC6DA1-BF7C-4BE4-BBA3-C9E92AEA4C31.jpeg\",\"width\":2629,\"height\":1863},{\"@type\":\"BreadcrumbList\",\"@id\":\"https:\\\/\\\/expressometro.mx\\\/index.php\\\/2019\\\/09\\\/13\\\/impulsa-isem-escuelas-promotoras-de-la-salud\\\/#breadcrumb\",\"itemListElement\":[{\"@type\":\"ListItem\",\"position\":1,\"name\":\"Inicio\",\"item\":\"https:\\\/\\\/expressometro.mx\\\/\"},{\"@type\":\"ListItem\",\"position\":2,\"name\":\"IMPULSA ISEM \u201cESCUELAS PROMOTORAS DE LA SALUD\u201d\"}]},{\"@type\":\"WebSite\",\"@id\":\"https:\\\/\\\/expressometro.mx\\\/#website\",\"url\":\"https:\\\/\\\/expressometro.mx\\\/\",\"name\":\"Expresso Metropolitano\",\"description\":\"Periodismo comprometido, informaci\u00f3n, investigaci\u00f3n y an\u00e1lisis\",\"publisher\":{\"@id\":\"https:\\\/\\\/expressometro.mx\\\/#organization\"},\"potentialAction\":[{\"@type\":\"SearchAction\",\"target\":{\"@type\":\"EntryPoint\",\"urlTemplate\":\"https:\\\/\\\/expressometro.mx\\\/?s={search_term_string}\"},\"query-input\":{\"@type\":\"PropertyValueSpecification\",\"valueRequired\":true,\"valueName\":\"search_term_string\"}}],\"inLanguage\":\"es\"},{\"@type\":\"Organization\",\"@id\":\"https:\\\/\\\/expressometro.mx\\\/#organization\",\"name\":\"Expresso Metropolitano\",\"url\":\"https:\\\/\\\/expressometro.mx\\\/\",\"logo\":{\"@type\":\"ImageObject\",\"inLanguage\":\"es\",\"@id\":\"https:\\\/\\\/expressometro.mx\\\/#\\\/schema\\\/logo\\\/image\\\/\",\"url\":\"https:\\\/\\\/expressometro.mx\\\/wp-content\\\/uploads\\\/2019\\\/07\\\/cropped-Logo-Expresso-Metropolitano-1-1.jpeg\",\"contentUrl\":\"https:\\\/\\\/expressometro.mx\\\/wp-content\\\/uploads\\\/2019\\\/07\\\/cropped-Logo-Expresso-Metropolitano-1-1.jpeg\",\"width\":290,\"height\":73,\"caption\":\"Expresso Metropolitano\"},\"image\":{\"@id\":\"https:\\\/\\\/expressometro.mx\\\/#\\\/schema\\\/logo\\\/image\\\/\"}},{\"@type\":\"Person\",\"@id\":\"https:\\\/\\\/expressometro.mx\\\/#\\\/schema\\\/person\\\/efa971b4a0664db8ed5c22b1b0dd2f5d\",\"name\":\"Expresso Metropolitano\",\"image\":{\"@type\":\"ImageObject\",\"inLanguage\":\"es\",\"@id\":\"https:\\\/\\\/secure.gravatar.com\\\/avatar\\\/a89f802b8de18c6952f223c88d3d106e9e3679839f4e25a02f4a6cc2ae6ba3b3?s=96&d=mm&r=g\",\"url\":\"https:\\\/\\\/secure.gravatar.com\\\/avatar\\\/a89f802b8de18c6952f223c88d3d106e9e3679839f4e25a02f4a6cc2ae6ba3b3?s=96&d=mm&r=g\",\"contentUrl\":\"https:\\\/\\\/secure.gravatar.com\\\/avatar\\\/a89f802b8de18c6952f223c88d3d106e9e3679839f4e25a02f4a6cc2ae6ba3b3?s=96&d=mm&r=g\",\"caption\":\"Expresso Metropolitano\"},\"url\":\"https:\\\/\\\/expressometro.mx\\\/index.php\\\/author\\\/diego\\\/\"}]}<\/script>\n<!-- \/ Yoast SEO plugin. -->","yoast_head_json":{"title":"IMPULSA ISEM \u201cESCUELAS PROMOTORAS DE LA SALUD\u201d - Expresso Metropolitano","robots":{"index":"index","follow":"follow","max-snippet":"max-snippet:-1","max-image-preview":"max-image-preview:large","max-video-preview":"max-video-preview:-1"},"canonical":"https:\/\/expressometro.mx\/index.php\/2019\/09\/13\/impulsa-isem-escuelas-promotoras-de-la-salud\/","og_locale":"es_MX","og_type":"article","og_title":"IMPULSA ISEM \u201cESCUELAS PROMOTORAS DE LA SALUD\u201d - Expresso Metropolitano","og_description":"Para promover la pr\u00e1ctica de h\u00e1bitos saludables en espacios educativos del nivel b\u00e1sico y medio superior, el Instituto de Salud del Estado de M\u00e9xico (ISEM) impulsa el programa \u201cEscuelas Promotoras de la Salud\u201d, a trav\u00e9s de las cuales se fomentan actividades f\u00edsicas y deportivas, as\u00ed como diagn\u00f3sticos de enfermedades y referencia m\u00e9dica. Con este tipo de acciones, indic\u00f3 la dependencia, el Gobierno del Estado de M\u00e9xico se suma a cruzadas como la Semana del Bienestar que promueve la Organizaci\u00f3n Panamericana de la Salud (OPS), y que este a\u00f1o tendr\u00e1 lugar&hellip;","og_url":"https:\/\/expressometro.mx\/index.php\/2019\/09\/13\/impulsa-isem-escuelas-promotoras-de-la-salud\/","og_site_name":"Expresso Metropolitano","article_published_time":"2019-09-13T15:40:43+00:00","article_modified_time":"2019-09-15T15:43:22+00:00","og_image":[{"width":2629,"height":1863,"url":"https:\/\/expressometro.mx\/wp-content\/uploads\/2019\/09\/9BCC6DA1-BF7C-4BE4-BBA3-C9E92AEA4C31.jpeg","type":"image\/jpeg"}],"author":"Expresso Metropolitano","twitter_misc":{"Escrito por":"Expresso Metropolitano","Tiempo de lectura":"1 minuto"},"schema":{"@context":"https:\/\/schema.org","@graph":[{"@type":"Article","@id":"https:\/\/expressometro.mx\/index.php\/2019\/09\/13\/impulsa-isem-escuelas-promotoras-de-la-salud\/#article","isPartOf":{"@id":"https:\/\/expressometro.mx\/index.php\/2019\/09\/13\/impulsa-isem-escuelas-promotoras-de-la-salud\/"},"author":{"name":"Expresso Metropolitano","@id":"https:\/\/expressometro.mx\/#\/schema\/person\/efa971b4a0664db8ed5c22b1b0dd2f5d"},"headline":"IMPULSA ISEM \u201cESCUELAS PROMOTORAS DE LA SALUD\u201d","datePublished":"2019-09-13T15:40:43+00:00","dateModified":"2019-09-15T15:43:22+00:00","mainEntityOfPage":{"@id":"https:\/\/expressometro.mx\/index.php\/2019\/09\/13\/impulsa-isem-escuelas-promotoras-de-la-salud\/"},"wordCount":294,"commentCount":0,"publisher":{"@id":"https:\/\/expressometro.mx\/#organization"},"image":{"@id":"https:\/\/expressometro.mx\/index.php\/2019\/09\/13\/impulsa-isem-escuelas-promotoras-de-la-salud\/#primaryimage"},"thumbnailUrl":"https:\/\/expressometro.mx\/wp-content\/uploads\/2019\/09\/9BCC6DA1-BF7C-4BE4-BBA3-C9E92AEA4C31.jpeg","articleSection":["Gobierno","Salud"],"inLanguage":"es","potentialAction":[{"@type":"CommentAction","name":"Comment","target":["https:\/\/expressometro.mx\/index.php\/2019\/09\/13\/impulsa-isem-escuelas-promotoras-de-la-salud\/#respond"]}]},{"@type":"WebPage","@id":"https:\/\/expressometro.mx\/index.php\/2019\/09\/13\/impulsa-isem-escuelas-promotoras-de-la-salud\/","url":"https:\/\/expressometro.mx\/index.php\/2019\/09\/13\/impulsa-isem-escuelas-promotoras-de-la-salud\/","name":"IMPULSA ISEM \u201cESCUELAS PROMOTORAS DE LA SALUD\u201d - Expresso Metropolitano","isPartOf":{"@id":"https:\/\/expressometro.mx\/#website"},"primaryImageOfPage":{"@id":"https:\/\/expressometro.mx\/index.php\/2019\/09\/13\/impulsa-isem-escuelas-promotoras-de-la-salud\/#primaryimage"},"image":{"@id":"https:\/\/expressometro.mx\/index.php\/2019\/09\/13\/impulsa-isem-escuelas-promotoras-de-la-salud\/#primaryimage"},"thumbnailUrl":"https:\/\/expressometro.mx\/wp-content\/uploads\/2019\/09\/9BCC6DA1-BF7C-4BE4-BBA3-C9E92AEA4C31.jpeg","datePublished":"2019-09-13T15:40:43+00:00","dateModified":"2019-09-15T15:43:22+00:00","breadcrumb":{"@id":"https:\/\/expressometro.mx\/index.php\/2019\/09\/13\/impulsa-isem-escuelas-promotoras-de-la-salud\/#breadcrumb"},"inLanguage":"es","potentialAction":[{"@type":"ReadAction","target":["https:\/\/expressometro.mx\/index.php\/2019\/09\/13\/impulsa-isem-escuelas-promotoras-de-la-salud\/"]}]},{"@type":"ImageObject","inLanguage":"es","@id":"https:\/\/expressometro.mx\/index.php\/2019\/09\/13\/impulsa-isem-escuelas-promotoras-de-la-salud\/#primaryimage","url":"https:\/\/expressometro.mx\/wp-content\/uploads\/2019\/09\/9BCC6DA1-BF7C-4BE4-BBA3-C9E92AEA4C31.jpeg","contentUrl":"https:\/\/expressometro.mx\/wp-content\/uploads\/2019\/09\/9BCC6DA1-BF7C-4BE4-BBA3-C9E92AEA4C31.jpeg","width":2629,"height":1863},{"@type":"BreadcrumbList","@id":"https:\/\/expressometro.mx\/index.php\/2019\/09\/13\/impulsa-isem-escuelas-promotoras-de-la-salud\/#breadcrumb","itemListElement":[{"@type":"ListItem","position":1,"name":"Inicio","item":"https:\/\/expressometro.mx\/"},{"@type":"ListItem","position":2,"name":"IMPULSA ISEM \u201cESCUELAS PROMOTORAS DE LA SALUD\u201d"}]},{"@type":"WebSite","@id":"https:\/\/expressometro.mx\/#website","url":"https:\/\/expressometro.mx\/","name":"Expresso Metropolitano","description":"Periodismo comprometido, informaci\u00f3n, investigaci\u00f3n y an\u00e1lisis","publisher":{"@id":"https:\/\/expressometro.mx\/#organization"},"potentialAction":[{"@type":"SearchAction","target":{"@type":"EntryPoint","urlTemplate":"https:\/\/expressometro.mx\/?s={search_term_string}"},"query-input":{"@type":"PropertyValueSpecification","valueRequired":true,"valueName":"search_term_string"}}],"inLanguage":"es"},{"@type":"Organization","@id":"https:\/\/expressometro.mx\/#organization","name":"Expresso Metropolitano","url":"https:\/\/expressometro.mx\/","logo":{"@type":"ImageObject","inLanguage":"es","@id":"https:\/\/expressometro.mx\/#\/schema\/logo\/image\/","url":"https:\/\/expressometro.mx\/wp-content\/uploads\/2019\/07\/cropped-Logo-Expresso-Metropolitano-1-1.jpeg","contentUrl":"https:\/\/expressometro.mx\/wp-content\/uploads\/2019\/07\/cropped-Logo-Expresso-Metropolitano-1-1.jpeg","width":290,"height":73,"caption":"Expresso Metropolitano"},"image":{"@id":"https:\/\/expressometro.mx\/#\/schema\/logo\/image\/"}},{"@type":"Person","@id":"https:\/\/expressometro.mx\/#\/schema\/person\/efa971b4a0664db8ed5c22b1b0dd2f5d","name":"Expresso Metropolitano","image":{"@type":"ImageObject","inLanguage":"es","@id":"https:\/\/secure.gravatar.com\/avatar\/a89f802b8de18c6952f223c88d3d106e9e3679839f4e25a02f4a6cc2ae6ba3b3?s=96&d=mm&r=g","url":"https:\/\/secure.gravatar.com\/avatar\/a89f802b8de18c6952f223c88d3d106e9e3679839f4e25a02f4a6cc2ae6ba3b3?s=96&d=mm&r=g","contentUrl":"https:\/\/secure.gravatar.com\/avatar\/a89f802b8de18c6952f223c88d3d106e9e3679839f4e25a02f4a6cc2ae6ba3b3?s=96&d=mm&r=g","caption":"Expresso Metropolitano"},"url":"https:\/\/expressometro.mx\/index.php\/author\/diego\/"}]}},"amp_enabled":true,"_links":{"self":[{"href":"https:\/\/expressometro.mx\/index.php\/wp-json\/wp\/v2\/posts\/684","targetHints":{"allow":["GET"]}}],"collection":[{"href":"https:\/\/expressometro.mx\/index.php\/wp-json\/wp\/v2\/posts"}],"about":[{"href":"https:\/\/expressometro.mx\/index.php\/wp-json\/wp\/v2\/types\/post"}],"author":[{"embeddable":true,"href":"https:\/\/expressometro.mx\/index.php\/wp-json\/wp\/v2\/users\/1"}],"replies":[{"embeddable":true,"href":"https:\/\/expressometro.mx\/index.php\/wp-json\/wp\/v2\/comments?post=684"}],"version-history":[{"count":1,"href":"https:\/\/expressometro.mx\/index.php\/wp-json\/wp\/v2\/posts\/684\/revisions"}],"predecessor-version":[{"id":686,"href":"https:\/\/expressometro.mx\/index.php\/wp-json\/wp\/v2\/posts\/684\/revisions\/686"}],"wp:featuredmedia":[{"embeddable":true,"href":"https:\/\/expressometro.mx\/index.php\/wp-json\/wp\/v2\/media\/685"}],"wp:attachment":[{"href":"https:\/\/expressometro.mx\/index.php\/wp-json\/wp\/v2\/media?parent=684"}],"wp:term":[{"taxonomy":"category","embeddable":true,"href":"https:\/\/expressometro.mx\/index.php\/wp-json\/wp\/v2\/categories?post=684"},{"taxonomy":"post_tag","embeddable":true,"href":"https:\/\/expressometro.mx\/index.php\/wp-json\/wp\/v2\/tags?post=684"}],"curies":[{"name":"wp","href":"https:\/\/api.w.org\/{rel}","templated":true}]}}