{"id":681,"date":"2019-09-13T10:36:30","date_gmt":"2019-09-13T15:36:30","guid":{"rendered":"http:\/\/expressometro.mx\/?p=681"},"modified":"2019-09-15T10:40:29","modified_gmt":"2019-09-15T15:40:29","slug":"refrendan-fuerzas-armadas-su-compromiso-para-velar-por-la-seguridad-y-bienestar-de-las-familias-mexiquenses","status":"publish","type":"post","link":"https:\/\/expressometro.mx\/index.php\/2019\/09\/13\/refrendan-fuerzas-armadas-su-compromiso-para-velar-por-la-seguridad-y-bienestar-de-las-familias-mexiquenses\/","title":{"rendered":"REFRENDAN FUERZAS ARMADAS SU COMPROMISO PARA VELAR POR LA SEGURIDAD Y BIENESTAR DE LAS FAMILIAS MEXIQUENSES"},"content":{"rendered":"\n<p>El Gobernador Alfredo Del Mazo Maza encabez\u00f3 la Ceremonia Conmemorativa por el CLXXII Aniversario del Sacrificio de los Ni\u00f1os H\u00e9roes de Chapultepec, donde el Comandante de la 22 Zona Militar, \u00c9dgar Humberto Flores Garc\u00eda, refrend\u00f3 el compromiso de las fuerzas armadas para velar por la seguridad y bienestar de los mexiquenses, adem\u00e1s de continuar trabajando de manera coordinada con las autoridades estatales en este rubro.<\/p>\n\n\n\n<p>\u201cQuiero expresarles que a nombre de los hombres y mujeres que integramos el Ej\u00e9rcito y Fuerza A\u00e9rea Mexicana, no somos ajenos a esta m\u00edstica de valor, honor y sacrificio demostrado por los ni\u00f1os h\u00e9roes y encuentro propicio este momento, para refrendar a ustedes el compromiso que nuestra instituci\u00f3n tiene con su gente, de velar siempre por el bienestar y seguridad que reclaman a sus fuerzas armadas, tengan la certeza de que no est\u00e1n solos, sus fuerzas armadas lo respaldan\u201d, puntualiz\u00f3.&nbsp;&nbsp;<\/p>\n\n\n\n<p>\u201cHago un reconocimiento al Gobierno del Estado de M\u00e9xico por su decidida colaboraci\u00f3n y apoyo para coordinar los esfuerzos en el desarrollo de las diversas acciones que en materia de seguridad p\u00fablica realizan las diferentes instancias encargadas de su materializaci\u00f3n\u201d, agreg\u00f3.&nbsp;<\/p>\n\n\n\n<p>En el Monumento a los Ni\u00f1os H\u00e9roes, Flores Garc\u00eda destac\u00f3 que en el Estado de M\u00e9xico las fuerzas armadas coadyuvan en las acciones en materia de seguridad, desplegadas en las 32 coordinaciones regionales en las que fue dividida la entidad mexiquense, de las cuales 14 de ellas est\u00e1n a cargo de la 22 Zona Militar.<\/p>\n\n\n\n<p>Indic\u00f3 que en estas acciones se encuentra presente la Guardia Nacional, instituci\u00f3n que se fortalece con la cooperaci\u00f3n y coordinaci\u00f3n de las autoridades de los tres \u00f3rdenes de gobierno, y refrend\u00f3 el compromiso de las 22 Zona Militar de colaborar con la administraci\u00f3n estatal en otros temas como lo son reforestaci\u00f3n, labor social, en las campa\u00f1as de Canje de armas y Juguemos sin violencia.<\/p>\n\n\n\n<p>Esto, dijo, con la finalidad de generar un ambiente de seguridad y proximidad con la sociedad mexiquense, adem\u00e1s de mantener la integridad, estabilidad y permanencia del Estado de mexicano, actuando con honor, valor y lealtad.<\/p>\n\n\n\n<p>Al pronunciar el mensaje oficial por el CLXXII Aniversario de la Gesta Heroica de los Ni\u00f1os de Chapultepec, a nombre de los tres poderes del Estado de M\u00e9xico, el Secretario de Educaci\u00f3n, Alejandro Fern\u00e1ndez Campillo, se\u00f1al\u00f3 que el ejemplo, valor y sacrificio mostrado por los cadetes que ofrendaron su vida por la patria, nos obliga a entregarles a los j\u00f3venes de hoy una naci\u00f3n unida, con un mejor porvenir.<\/p>\n\n\n\n<p>\u201cEs as\u00ed que el Gobierno del Estado M\u00e9xico, que encabeza el Gobernador Alfredo Del Mazo Maza, trabaja todos los d\u00edas con la convicci\u00f3n y el compromiso de hacer de nuestra entidad una tierra de oportunidades y progreso que brinde bienestar a todos los mexiquenses, a trav\u00e9s de la visi\u00f3n y humanismo que caracteriza su gobierno porque su m\u00e1s alto ideal es tener familias fuertes para contribuir al crecimiento y desarrollo de nuestra naci\u00f3n\u201d, manifest\u00f3.<\/p>\n\n\n\n<p>Fern\u00e1ndez Campillo puntualiz\u00f3 que la administraci\u00f3n estatal trabaja para que los j\u00f3venes tengan una educaci\u00f3n incluyente, equitativa y de calidad, y en un futuro sean ellos, los promotores del cambio y la transformaci\u00f3n.<\/p>\n\n\n\n<p>Al t\u00e9rmino del evento, el Gobernador Alfredo Del Mazo junto con los representantes de los Poderes Legislativo y Judicial, Nazario Guti\u00e9rrez Mart\u00ednez, Presidente de la LX Legislatura del Estado de M\u00e9xico, y Marco Antonio Morales G\u00f3mez, Consejero de la Judicatura estatal, as\u00ed como el Comandante de la 22 Zona Militar, el Alcalde de Toluca, Juan Rodolfo S\u00e1nchez G\u00f3mez, y el Secretario General de Gobierno, Alejandro Ozuna Rivero, montaron una guardia solemne de honor en el Monumento a los Ni\u00f1os H\u00e9roes.<\/p>\n","protected":false},"excerpt":{"rendered":"<p>El Gobernador Alfredo Del Mazo Maza encabez\u00f3 la Ceremonia Conmemorativa por el CLXXII Aniversario del Sacrificio de los Ni\u00f1os H\u00e9roes de Chapultepec, donde el Comandante de la 22 Zona Militar, \u00c9dgar Humberto Flores Garc\u00eda, refrend\u00f3 el compromiso de las fuerzas armadas para velar por la seguridad y bienestar de los mexiquenses, adem\u00e1s de continuar trabajando de manera coordinada con las autoridades estatales en este rubro. \u201cQuiero expresarles que a nombre de los hombres y mujeres que integramos el Ej\u00e9rcito y Fuerza A\u00e9rea Mexicana, no somos ajenos a esta m\u00edstica de&hellip;<\/p>\n","protected":false},"author":1,"featured_media":682,"comment_status":"open","ping_status":"open","sticky":false,"template":"","format":"standard","meta":{"footnotes":""},"categories":[3,6],"tags":[],"class_list":["post-681","post","type-post","status-publish","format-standard","has-post-thumbnail","hentry","category-gobierno","category-seguridad"],"yoast_head":"<!-- This site is optimized with the Yoast SEO plugin v27.5 - https:\/\/yoast.com\/product\/yoast-seo-wordpress\/ -->\n<title>REFRENDAN FUERZAS ARMADAS SU COMPROMISO PARA VELAR POR LA SEGURIDAD Y BIENESTAR DE LAS FAMILIAS MEXIQUENSES - Expresso Metropolitano<\/title>\n<meta name=\"robots\" content=\"index, follow, max-snippet:-1, max-image-preview:large, max-video-preview:-1\" \/>\n<link rel=\"canonical\" href=\"https:\/\/expressometro.mx\/index.php\/2019\/09\/13\/refrendan-fuerzas-armadas-su-compromiso-para-velar-por-la-seguridad-y-bienestar-de-las-familias-mexiquenses\/\" \/>\n<meta property=\"og:locale\" content=\"es_MX\" \/>\n<meta property=\"og:type\" content=\"article\" \/>\n<meta property=\"og:title\" content=\"REFRENDAN FUERZAS ARMADAS SU COMPROMISO PARA VELAR POR LA SEGURIDAD Y BIENESTAR DE LAS FAMILIAS MEXIQUENSES - Expresso Metropolitano\" \/>\n<meta property=\"og:description\" content=\"El Gobernador Alfredo Del Mazo Maza encabez\u00f3 la Ceremonia Conmemorativa por el CLXXII Aniversario del Sacrificio de los Ni\u00f1os H\u00e9roes de Chapultepec, donde el Comandante de la 22 Zona Militar, \u00c9dgar Humberto Flores Garc\u00eda, refrend\u00f3 el compromiso de las fuerzas armadas para velar por la seguridad y bienestar de los mexiquenses, adem\u00e1s de continuar trabajando de manera coordinada con las autoridades estatales en este rubro. \u201cQuiero expresarles que a nombre de los hombres y mujeres que integramos el Ej\u00e9rcito y Fuerza A\u00e9rea Mexicana, no somos ajenos a esta m\u00edstica de&hellip;\" \/>\n<meta property=\"og:url\" content=\"https:\/\/expressometro.mx\/index.php\/2019\/09\/13\/refrendan-fuerzas-armadas-su-compromiso-para-velar-por-la-seguridad-y-bienestar-de-las-familias-mexiquenses\/\" \/>\n<meta property=\"og:site_name\" content=\"Expresso Metropolitano\" \/>\n<meta property=\"article:published_time\" content=\"2019-09-13T15:36:30+00:00\" \/>\n<meta property=\"article:modified_time\" content=\"2019-09-15T15:40:29+00:00\" \/>\n<meta property=\"og:image\" content=\"https:\/\/expressometro.mx\/wp-content\/uploads\/2019\/09\/6912C1D6-E0F5-432D-AABA-B3676EE831BD.jpeg\" \/>\n\t<meta property=\"og:image:width\" content=\"1366\" \/>\n\t<meta property=\"og:image:height\" content=\"895\" \/>\n\t<meta property=\"og:image:type\" content=\"image\/jpeg\" \/>\n<meta name=\"author\" content=\"Expresso Metropolitano\" \/>\n<meta name=\"twitter:label1\" content=\"Escrito por\" \/>\n\t<meta name=\"twitter:data1\" content=\"Expresso Metropolitano\" \/>\n\t<meta name=\"twitter:label2\" content=\"Tiempo de lectura\" \/>\n\t<meta name=\"twitter:data2\" content=\"3 minutos\" \/>\n<script type=\"application\/ld+json\" class=\"yoast-schema-graph\">{\"@context\":\"https:\\\/\\\/schema.org\",\"@graph\":[{\"@type\":\"Article\",\"@id\":\"https:\\\/\\\/expressometro.mx\\\/index.php\\\/2019\\\/09\\\/13\\\/refrendan-fuerzas-armadas-su-compromiso-para-velar-por-la-seguridad-y-bienestar-de-las-familias-mexiquenses\\\/#article\",\"isPartOf\":{\"@id\":\"https:\\\/\\\/expressometro.mx\\\/index.php\\\/2019\\\/09\\\/13\\\/refrendan-fuerzas-armadas-su-compromiso-para-velar-por-la-seguridad-y-bienestar-de-las-familias-mexiquenses\\\/\"},\"author\":{\"name\":\"Expresso Metropolitano\",\"@id\":\"https:\\\/\\\/expressometro.mx\\\/#\\\/schema\\\/person\\\/efa971b4a0664db8ed5c22b1b0dd2f5d\"},\"headline\":\"REFRENDAN FUERZAS ARMADAS SU COMPROMISO PARA VELAR POR LA SEGURIDAD Y BIENESTAR DE LAS FAMILIAS MEXIQUENSES\",\"datePublished\":\"2019-09-13T15:36:30+00:00\",\"dateModified\":\"2019-09-15T15:40:29+00:00\",\"mainEntityOfPage\":{\"@id\":\"https:\\\/\\\/expressometro.mx\\\/index.php\\\/2019\\\/09\\\/13\\\/refrendan-fuerzas-armadas-su-compromiso-para-velar-por-la-seguridad-y-bienestar-de-las-familias-mexiquenses\\\/\"},\"wordCount\":664,\"commentCount\":0,\"publisher\":{\"@id\":\"https:\\\/\\\/expressometro.mx\\\/#organization\"},\"image\":{\"@id\":\"https:\\\/\\\/expressometro.mx\\\/index.php\\\/2019\\\/09\\\/13\\\/refrendan-fuerzas-armadas-su-compromiso-para-velar-por-la-seguridad-y-bienestar-de-las-familias-mexiquenses\\\/#primaryimage\"},\"thumbnailUrl\":\"https:\\\/\\\/expressometro.mx\\\/wp-content\\\/uploads\\\/2019\\\/09\\\/6912C1D6-E0F5-432D-AABA-B3676EE831BD.jpeg\",\"articleSection\":[\"Gobierno\",\"Seguridad\"],\"inLanguage\":\"es\",\"potentialAction\":[{\"@type\":\"CommentAction\",\"name\":\"Comment\",\"target\":[\"https:\\\/\\\/expressometro.mx\\\/index.php\\\/2019\\\/09\\\/13\\\/refrendan-fuerzas-armadas-su-compromiso-para-velar-por-la-seguridad-y-bienestar-de-las-familias-mexiquenses\\\/#respond\"]}]},{\"@type\":\"WebPage\",\"@id\":\"https:\\\/\\\/expressometro.mx\\\/index.php\\\/2019\\\/09\\\/13\\\/refrendan-fuerzas-armadas-su-compromiso-para-velar-por-la-seguridad-y-bienestar-de-las-familias-mexiquenses\\\/\",\"url\":\"https:\\\/\\\/expressometro.mx\\\/index.php\\\/2019\\\/09\\\/13\\\/refrendan-fuerzas-armadas-su-compromiso-para-velar-por-la-seguridad-y-bienestar-de-las-familias-mexiquenses\\\/\",\"name\":\"REFRENDAN FUERZAS ARMADAS SU COMPROMISO PARA VELAR POR LA SEGURIDAD Y BIENESTAR DE LAS FAMILIAS MEXIQUENSES - Expresso Metropolitano\",\"isPartOf\":{\"@id\":\"https:\\\/\\\/expressometro.mx\\\/#website\"},\"primaryImageOfPage\":{\"@id\":\"https:\\\/\\\/expressometro.mx\\\/index.php\\\/2019\\\/09\\\/13\\\/refrendan-fuerzas-armadas-su-compromiso-para-velar-por-la-seguridad-y-bienestar-de-las-familias-mexiquenses\\\/#primaryimage\"},\"image\":{\"@id\":\"https:\\\/\\\/expressometro.mx\\\/index.php\\\/2019\\\/09\\\/13\\\/refrendan-fuerzas-armadas-su-compromiso-para-velar-por-la-seguridad-y-bienestar-de-las-familias-mexiquenses\\\/#primaryimage\"},\"thumbnailUrl\":\"https:\\\/\\\/expressometro.mx\\\/wp-content\\\/uploads\\\/2019\\\/09\\\/6912C1D6-E0F5-432D-AABA-B3676EE831BD.jpeg\",\"datePublished\":\"2019-09-13T15:36:30+00:00\",\"dateModified\":\"2019-09-15T15:40:29+00:00\",\"breadcrumb\":{\"@id\":\"https:\\\/\\\/expressometro.mx\\\/index.php\\\/2019\\\/09\\\/13\\\/refrendan-fuerzas-armadas-su-compromiso-para-velar-por-la-seguridad-y-bienestar-de-las-familias-mexiquenses\\\/#breadcrumb\"},\"inLanguage\":\"es\",\"potentialAction\":[{\"@type\":\"ReadAction\",\"target\":[\"https:\\\/\\\/expressometro.mx\\\/index.php\\\/2019\\\/09\\\/13\\\/refrendan-fuerzas-armadas-su-compromiso-para-velar-por-la-seguridad-y-bienestar-de-las-familias-mexiquenses\\\/\"]}]},{\"@type\":\"ImageObject\",\"inLanguage\":\"es\",\"@id\":\"https:\\\/\\\/expressometro.mx\\\/index.php\\\/2019\\\/09\\\/13\\\/refrendan-fuerzas-armadas-su-compromiso-para-velar-por-la-seguridad-y-bienestar-de-las-familias-mexiquenses\\\/#primaryimage\",\"url\":\"https:\\\/\\\/expressometro.mx\\\/wp-content\\\/uploads\\\/2019\\\/09\\\/6912C1D6-E0F5-432D-AABA-B3676EE831BD.jpeg\",\"contentUrl\":\"https:\\\/\\\/expressometro.mx\\\/wp-content\\\/uploads\\\/2019\\\/09\\\/6912C1D6-E0F5-432D-AABA-B3676EE831BD.jpeg\",\"width\":1366,\"height\":895},{\"@type\":\"BreadcrumbList\",\"@id\":\"https:\\\/\\\/expressometro.mx\\\/index.php\\\/2019\\\/09\\\/13\\\/refrendan-fuerzas-armadas-su-compromiso-para-velar-por-la-seguridad-y-bienestar-de-las-familias-mexiquenses\\\/#breadcrumb\",\"itemListElement\":[{\"@type\":\"ListItem\",\"position\":1,\"name\":\"Inicio\",\"item\":\"https:\\\/\\\/expressometro.mx\\\/\"},{\"@type\":\"ListItem\",\"position\":2,\"name\":\"REFRENDAN FUERZAS ARMADAS SU COMPROMISO PARA VELAR POR LA SEGURIDAD Y BIENESTAR DE LAS FAMILIAS MEXIQUENSES\"}]},{\"@type\":\"WebSite\",\"@id\":\"https:\\\/\\\/expressometro.mx\\\/#website\",\"url\":\"https:\\\/\\\/expressometro.mx\\\/\",\"name\":\"Expresso Metropolitano\",\"description\":\"Periodismo comprometido, informaci\u00f3n, investigaci\u00f3n y an\u00e1lisis\",\"publisher\":{\"@id\":\"https:\\\/\\\/expressometro.mx\\\/#organization\"},\"potentialAction\":[{\"@type\":\"SearchAction\",\"target\":{\"@type\":\"EntryPoint\",\"urlTemplate\":\"https:\\\/\\\/expressometro.mx\\\/?s={search_term_string}\"},\"query-input\":{\"@type\":\"PropertyValueSpecification\",\"valueRequired\":true,\"valueName\":\"search_term_string\"}}],\"inLanguage\":\"es\"},{\"@type\":\"Organization\",\"@id\":\"https:\\\/\\\/expressometro.mx\\\/#organization\",\"name\":\"Expresso Metropolitano\",\"url\":\"https:\\\/\\\/expressometro.mx\\\/\",\"logo\":{\"@type\":\"ImageObject\",\"inLanguage\":\"es\",\"@id\":\"https:\\\/\\\/expressometro.mx\\\/#\\\/schema\\\/logo\\\/image\\\/\",\"url\":\"https:\\\/\\\/expressometro.mx\\\/wp-content\\\/uploads\\\/2019\\\/07\\\/cropped-Logo-Expresso-Metropolitano-1-1.jpeg\",\"contentUrl\":\"https:\\\/\\\/expressometro.mx\\\/wp-content\\\/uploads\\\/2019\\\/07\\\/cropped-Logo-Expresso-Metropolitano-1-1.jpeg\",\"width\":290,\"height\":73,\"caption\":\"Expresso Metropolitano\"},\"image\":{\"@id\":\"https:\\\/\\\/expressometro.mx\\\/#\\\/schema\\\/logo\\\/image\\\/\"}},{\"@type\":\"Person\",\"@id\":\"https:\\\/\\\/expressometro.mx\\\/#\\\/schema\\\/person\\\/efa971b4a0664db8ed5c22b1b0dd2f5d\",\"name\":\"Expresso Metropolitano\",\"image\":{\"@type\":\"ImageObject\",\"inLanguage\":\"es\",\"@id\":\"https:\\\/\\\/secure.gravatar.com\\\/avatar\\\/a89f802b8de18c6952f223c88d3d106e9e3679839f4e25a02f4a6cc2ae6ba3b3?s=96&d=mm&r=g\",\"url\":\"https:\\\/\\\/secure.gravatar.com\\\/avatar\\\/a89f802b8de18c6952f223c88d3d106e9e3679839f4e25a02f4a6cc2ae6ba3b3?s=96&d=mm&r=g\",\"contentUrl\":\"https:\\\/\\\/secure.gravatar.com\\\/avatar\\\/a89f802b8de18c6952f223c88d3d106e9e3679839f4e25a02f4a6cc2ae6ba3b3?s=96&d=mm&r=g\",\"caption\":\"Expresso Metropolitano\"},\"url\":\"https:\\\/\\\/expressometro.mx\\\/index.php\\\/author\\\/diego\\\/\"}]}<\/script>\n<!-- \/ Yoast SEO plugin. -->","yoast_head_json":{"title":"REFRENDAN FUERZAS ARMADAS SU COMPROMISO PARA VELAR POR LA SEGURIDAD Y BIENESTAR DE LAS FAMILIAS MEXIQUENSES - Expresso Metropolitano","robots":{"index":"index","follow":"follow","max-snippet":"max-snippet:-1","max-image-preview":"max-image-preview:large","max-video-preview":"max-video-preview:-1"},"canonical":"https:\/\/expressometro.mx\/index.php\/2019\/09\/13\/refrendan-fuerzas-armadas-su-compromiso-para-velar-por-la-seguridad-y-bienestar-de-las-familias-mexiquenses\/","og_locale":"es_MX","og_type":"article","og_title":"REFRENDAN FUERZAS ARMADAS SU COMPROMISO PARA VELAR POR LA SEGURIDAD Y BIENESTAR DE LAS FAMILIAS MEXIQUENSES - Expresso Metropolitano","og_description":"El Gobernador Alfredo Del Mazo Maza encabez\u00f3 la Ceremonia Conmemorativa por el CLXXII Aniversario del Sacrificio de los Ni\u00f1os H\u00e9roes de Chapultepec, donde el Comandante de la 22 Zona Militar, \u00c9dgar Humberto Flores Garc\u00eda, refrend\u00f3 el compromiso de las fuerzas armadas para velar por la seguridad y bienestar de los mexiquenses, adem\u00e1s de continuar trabajando de manera coordinada con las autoridades estatales en este rubro. \u201cQuiero expresarles que a nombre de los hombres y mujeres que integramos el Ej\u00e9rcito y Fuerza A\u00e9rea Mexicana, no somos ajenos a esta m\u00edstica de&hellip;","og_url":"https:\/\/expressometro.mx\/index.php\/2019\/09\/13\/refrendan-fuerzas-armadas-su-compromiso-para-velar-por-la-seguridad-y-bienestar-de-las-familias-mexiquenses\/","og_site_name":"Expresso Metropolitano","article_published_time":"2019-09-13T15:36:30+00:00","article_modified_time":"2019-09-15T15:40:29+00:00","og_image":[{"width":1366,"height":895,"url":"https:\/\/expressometro.mx\/wp-content\/uploads\/2019\/09\/6912C1D6-E0F5-432D-AABA-B3676EE831BD.jpeg","type":"image\/jpeg"}],"author":"Expresso Metropolitano","twitter_misc":{"Escrito por":"Expresso Metropolitano","Tiempo de lectura":"3 minutos"},"schema":{"@context":"https:\/\/schema.org","@graph":[{"@type":"Article","@id":"https:\/\/expressometro.mx\/index.php\/2019\/09\/13\/refrendan-fuerzas-armadas-su-compromiso-para-velar-por-la-seguridad-y-bienestar-de-las-familias-mexiquenses\/#article","isPartOf":{"@id":"https:\/\/expressometro.mx\/index.php\/2019\/09\/13\/refrendan-fuerzas-armadas-su-compromiso-para-velar-por-la-seguridad-y-bienestar-de-las-familias-mexiquenses\/"},"author":{"name":"Expresso Metropolitano","@id":"https:\/\/expressometro.mx\/#\/schema\/person\/efa971b4a0664db8ed5c22b1b0dd2f5d"},"headline":"REFRENDAN FUERZAS ARMADAS SU COMPROMISO PARA VELAR POR LA SEGURIDAD Y BIENESTAR DE LAS FAMILIAS MEXIQUENSES","datePublished":"2019-09-13T15:36:30+00:00","dateModified":"2019-09-15T15:40:29+00:00","mainEntityOfPage":{"@id":"https:\/\/expressometro.mx\/index.php\/2019\/09\/13\/refrendan-fuerzas-armadas-su-compromiso-para-velar-por-la-seguridad-y-bienestar-de-las-familias-mexiquenses\/"},"wordCount":664,"commentCount":0,"publisher":{"@id":"https:\/\/expressometro.mx\/#organization"},"image":{"@id":"https:\/\/expressometro.mx\/index.php\/2019\/09\/13\/refrendan-fuerzas-armadas-su-compromiso-para-velar-por-la-seguridad-y-bienestar-de-las-familias-mexiquenses\/#primaryimage"},"thumbnailUrl":"https:\/\/expressometro.mx\/wp-content\/uploads\/2019\/09\/6912C1D6-E0F5-432D-AABA-B3676EE831BD.jpeg","articleSection":["Gobierno","Seguridad"],"inLanguage":"es","potentialAction":[{"@type":"CommentAction","name":"Comment","target":["https:\/\/expressometro.mx\/index.php\/2019\/09\/13\/refrendan-fuerzas-armadas-su-compromiso-para-velar-por-la-seguridad-y-bienestar-de-las-familias-mexiquenses\/#respond"]}]},{"@type":"WebPage","@id":"https:\/\/expressometro.mx\/index.php\/2019\/09\/13\/refrendan-fuerzas-armadas-su-compromiso-para-velar-por-la-seguridad-y-bienestar-de-las-familias-mexiquenses\/","url":"https:\/\/expressometro.mx\/index.php\/2019\/09\/13\/refrendan-fuerzas-armadas-su-compromiso-para-velar-por-la-seguridad-y-bienestar-de-las-familias-mexiquenses\/","name":"REFRENDAN FUERZAS ARMADAS SU COMPROMISO PARA VELAR POR LA SEGURIDAD Y BIENESTAR DE LAS FAMILIAS MEXIQUENSES - Expresso Metropolitano","isPartOf":{"@id":"https:\/\/expressometro.mx\/#website"},"primaryImageOfPage":{"@id":"https:\/\/expressometro.mx\/index.php\/2019\/09\/13\/refrendan-fuerzas-armadas-su-compromiso-para-velar-por-la-seguridad-y-bienestar-de-las-familias-mexiquenses\/#primaryimage"},"image":{"@id":"https:\/\/expressometro.mx\/index.php\/2019\/09\/13\/refrendan-fuerzas-armadas-su-compromiso-para-velar-por-la-seguridad-y-bienestar-de-las-familias-mexiquenses\/#primaryimage"},"thumbnailUrl":"https:\/\/expressometro.mx\/wp-content\/uploads\/2019\/09\/6912C1D6-E0F5-432D-AABA-B3676EE831BD.jpeg","datePublished":"2019-09-13T15:36:30+00:00","dateModified":"2019-09-15T15:40:29+00:00","breadcrumb":{"@id":"https:\/\/expressometro.mx\/index.php\/2019\/09\/13\/refrendan-fuerzas-armadas-su-compromiso-para-velar-por-la-seguridad-y-bienestar-de-las-familias-mexiquenses\/#breadcrumb"},"inLanguage":"es","potentialAction":[{"@type":"ReadAction","target":["https:\/\/expressometro.mx\/index.php\/2019\/09\/13\/refrendan-fuerzas-armadas-su-compromiso-para-velar-por-la-seguridad-y-bienestar-de-las-familias-mexiquenses\/"]}]},{"@type":"ImageObject","inLanguage":"es","@id":"https:\/\/expressometro.mx\/index.php\/2019\/09\/13\/refrendan-fuerzas-armadas-su-compromiso-para-velar-por-la-seguridad-y-bienestar-de-las-familias-mexiquenses\/#primaryimage","url":"https:\/\/expressometro.mx\/wp-content\/uploads\/2019\/09\/6912C1D6-E0F5-432D-AABA-B3676EE831BD.jpeg","contentUrl":"https:\/\/expressometro.mx\/wp-content\/uploads\/2019\/09\/6912C1D6-E0F5-432D-AABA-B3676EE831BD.jpeg","width":1366,"height":895},{"@type":"BreadcrumbList","@id":"https:\/\/expressometro.mx\/index.php\/2019\/09\/13\/refrendan-fuerzas-armadas-su-compromiso-para-velar-por-la-seguridad-y-bienestar-de-las-familias-mexiquenses\/#breadcrumb","itemListElement":[{"@type":"ListItem","position":1,"name":"Inicio","item":"https:\/\/expressometro.mx\/"},{"@type":"ListItem","position":2,"name":"REFRENDAN FUERZAS ARMADAS SU COMPROMISO PARA VELAR POR LA SEGURIDAD Y BIENESTAR DE LAS FAMILIAS MEXIQUENSES"}]},{"@type":"WebSite","@id":"https:\/\/expressometro.mx\/#website","url":"https:\/\/expressometro.mx\/","name":"Expresso Metropolitano","description":"Periodismo comprometido, informaci\u00f3n, investigaci\u00f3n y an\u00e1lisis","publisher":{"@id":"https:\/\/expressometro.mx\/#organization"},"potentialAction":[{"@type":"SearchAction","target":{"@type":"EntryPoint","urlTemplate":"https:\/\/expressometro.mx\/?s={search_term_string}"},"query-input":{"@type":"PropertyValueSpecification","valueRequired":true,"valueName":"search_term_string"}}],"inLanguage":"es"},{"@type":"Organization","@id":"https:\/\/expressometro.mx\/#organization","name":"Expresso Metropolitano","url":"https:\/\/expressometro.mx\/","logo":{"@type":"ImageObject","inLanguage":"es","@id":"https:\/\/expressometro.mx\/#\/schema\/logo\/image\/","url":"https:\/\/expressometro.mx\/wp-content\/uploads\/2019\/07\/cropped-Logo-Expresso-Metropolitano-1-1.jpeg","contentUrl":"https:\/\/expressometro.mx\/wp-content\/uploads\/2019\/07\/cropped-Logo-Expresso-Metropolitano-1-1.jpeg","width":290,"height":73,"caption":"Expresso Metropolitano"},"image":{"@id":"https:\/\/expressometro.mx\/#\/schema\/logo\/image\/"}},{"@type":"Person","@id":"https:\/\/expressometro.mx\/#\/schema\/person\/efa971b4a0664db8ed5c22b1b0dd2f5d","name":"Expresso Metropolitano","image":{"@type":"ImageObject","inLanguage":"es","@id":"https:\/\/secure.gravatar.com\/avatar\/a89f802b8de18c6952f223c88d3d106e9e3679839f4e25a02f4a6cc2ae6ba3b3?s=96&d=mm&r=g","url":"https:\/\/secure.gravatar.com\/avatar\/a89f802b8de18c6952f223c88d3d106e9e3679839f4e25a02f4a6cc2ae6ba3b3?s=96&d=mm&r=g","contentUrl":"https:\/\/secure.gravatar.com\/avatar\/a89f802b8de18c6952f223c88d3d106e9e3679839f4e25a02f4a6cc2ae6ba3b3?s=96&d=mm&r=g","caption":"Expresso Metropolitano"},"url":"https:\/\/expressometro.mx\/index.php\/author\/diego\/"}]}},"amp_enabled":true,"_links":{"self":[{"href":"https:\/\/expressometro.mx\/index.php\/wp-json\/wp\/v2\/posts\/681","targetHints":{"allow":["GET"]}}],"collection":[{"href":"https:\/\/expressometro.mx\/index.php\/wp-json\/wp\/v2\/posts"}],"about":[{"href":"https:\/\/expressometro.mx\/index.php\/wp-json\/wp\/v2\/types\/post"}],"author":[{"embeddable":true,"href":"https:\/\/expressometro.mx\/index.php\/wp-json\/wp\/v2\/users\/1"}],"replies":[{"embeddable":true,"href":"https:\/\/expressometro.mx\/index.php\/wp-json\/wp\/v2\/comments?post=681"}],"version-history":[{"count":1,"href":"https:\/\/expressometro.mx\/index.php\/wp-json\/wp\/v2\/posts\/681\/revisions"}],"predecessor-version":[{"id":683,"href":"https:\/\/expressometro.mx\/index.php\/wp-json\/wp\/v2\/posts\/681\/revisions\/683"}],"wp:featuredmedia":[{"embeddable":true,"href":"https:\/\/expressometro.mx\/index.php\/wp-json\/wp\/v2\/media\/682"}],"wp:attachment":[{"href":"https:\/\/expressometro.mx\/index.php\/wp-json\/wp\/v2\/media?parent=681"}],"wp:term":[{"taxonomy":"category","embeddable":true,"href":"https:\/\/expressometro.mx\/index.php\/wp-json\/wp\/v2\/categories?post=681"},{"taxonomy":"post_tag","embeddable":true,"href":"https:\/\/expressometro.mx\/index.php\/wp-json\/wp\/v2\/tags?post=681"}],"curies":[{"name":"wp","href":"https:\/\/api.w.org\/{rel}","templated":true}]}}