{"id":6808,"date":"2022-11-10T21:49:00","date_gmt":"2022-11-11T03:49:00","guid":{"rendered":"https:\/\/expressometro.mx\/?p=6808"},"modified":"2022-12-08T21:50:47","modified_gmt":"2022-12-09T03:50:47","slug":"cumple-felipe-sanchez-con-sus-compromisos-en-jiquipilco","status":"publish","type":"post","link":"https:\/\/expressometro.mx\/index.php\/2022\/11\/10\/cumple-felipe-sanchez-con-sus-compromisos-en-jiquipilco\/","title":{"rendered":"CUMPLE FELIPE S\u00c1NCHEZ CON SUS COMPROMISOS EN JIQUIPILCO"},"content":{"rendered":"\n<p>El presidente municipal de Jiquipilco Felipe S\u00e1nchez D\u00e1vila puso en marcha una bomba de agua para la comunidad con el fin de mejorar el abastecimiento de este recurso a las personas que lo demandaban.<\/p>\n\n\n\n<p>El presidente municipal de Jiquipilco mencion\u00f3 que han hecho un equipo coordinado para que las obras que est\u00e1n propuestas en el plan de desarrollo se lleven a cabo.<\/p>\n\n\n\n<p>No s\u00e9 ha detenido en cumplir con lo que se necesita para mejorar el municipio. El presidente municipal dijo estar comprometido con sus labores y la gesti\u00f3n en el programa de obra del pr\u00f3ximo a\u00f1o.<\/p>\n\n\n\n<p>Hizo menci\u00f3n de las pr\u00f3ximas obras a inaugurar con el objetivo que los vecinos vean con hechos los<br>compromisos adquiridos y se cumplan las expectativas.<\/p>\n\n\n\n<p><img decoding=\"async\" width=\"150\" height=\"84\" class=\"wp-image-6809\" style=\"width: 150px;\" src=\"http:\/\/expressometro.mx\/wp-content\/uploads\/2022\/12\/IMG-20221208-WA0055.jpg\" alt=\"\" srcset=\"https:\/\/expressometro.mx\/wp-content\/uploads\/2022\/12\/IMG-20221208-WA0055.jpg 1599w, https:\/\/expressometro.mx\/wp-content\/uploads\/2022\/12\/IMG-20221208-WA0055-649x365.jpg 649w, https:\/\/expressometro.mx\/wp-content\/uploads\/2022\/12\/IMG-20221208-WA0055-840x472.jpg 840w, https:\/\/expressometro.mx\/wp-content\/uploads\/2022\/12\/IMG-20221208-WA0055-500x280.jpg 500w, https:\/\/expressometro.mx\/wp-content\/uploads\/2022\/12\/IMG-20221208-WA0055-768x432.jpg 768w, https:\/\/expressometro.mx\/wp-content\/uploads\/2022\/12\/IMG-20221208-WA0055-1536x864.jpg 1536w\" sizes=\"(max-width: 150px) 100vw, 150px\" \/><\/p>\n","protected":false},"excerpt":{"rendered":"<p>El presidente municipal de Jiquipilco Felipe S\u00e1nchez D\u00e1vila puso en marcha una bomba de agua para la comunidad con el fin de mejorar el abastecimiento de este recurso a las personas que lo demandaban. El presidente municipal de Jiquipilco mencion\u00f3 que han hecho un equipo coordinado para que las obras que est\u00e1n propuestas en el plan de desarrollo se lleven a cabo. No s\u00e9 ha detenido en cumplir con lo que se necesita para mejorar el municipio. El presidente municipal dijo estar comprometido con sus labores y la gesti\u00f3n en&hellip;<\/p>\n","protected":false},"author":2,"featured_media":0,"comment_status":"open","ping_status":"open","sticky":false,"template":"","format":"standard","meta":{"footnotes":""},"categories":[1],"tags":[],"class_list":["post-6808","post","type-post","status-publish","format-standard","hentry","category-otros"],"yoast_head":"<!-- This site is optimized with the Yoast SEO plugin v27.4 - https:\/\/yoast.com\/product\/yoast-seo-wordpress\/ -->\n<title>CUMPLE FELIPE S\u00c1NCHEZ CON SUS COMPROMISOS EN JIQUIPILCO - Expresso Metropolitano<\/title>\n<meta name=\"robots\" content=\"index, follow, max-snippet:-1, max-image-preview:large, max-video-preview:-1\" \/>\n<link rel=\"canonical\" href=\"https:\/\/expressometro.mx\/index.php\/2022\/11\/10\/cumple-felipe-sanchez-con-sus-compromisos-en-jiquipilco\/\" \/>\n<meta property=\"og:locale\" content=\"es_MX\" \/>\n<meta property=\"og:type\" content=\"article\" \/>\n<meta property=\"og:title\" content=\"CUMPLE FELIPE S\u00c1NCHEZ CON SUS COMPROMISOS EN JIQUIPILCO - Expresso Metropolitano\" \/>\n<meta property=\"og:description\" content=\"El presidente municipal de Jiquipilco Felipe S\u00e1nchez D\u00e1vila puso en marcha una bomba de agua para la comunidad con el fin de mejorar el abastecimiento de este recurso a las personas que lo demandaban. El presidente municipal de Jiquipilco mencion\u00f3 que han hecho un equipo coordinado para que las obras que est\u00e1n propuestas en el plan de desarrollo se lleven a cabo. No s\u00e9 ha detenido en cumplir con lo que se necesita para mejorar el municipio. El presidente municipal dijo estar comprometido con sus labores y la gesti\u00f3n en&hellip;\" \/>\n<meta property=\"og:url\" content=\"https:\/\/expressometro.mx\/index.php\/2022\/11\/10\/cumple-felipe-sanchez-con-sus-compromisos-en-jiquipilco\/\" \/>\n<meta property=\"og:site_name\" content=\"Expresso Metropolitano\" \/>\n<meta property=\"article:published_time\" content=\"2022-11-11T03:49:00+00:00\" \/>\n<meta property=\"article:modified_time\" content=\"2022-12-09T03:50:47+00:00\" \/>\n<meta property=\"og:image\" content=\"http:\/\/expressometro.mx\/wp-content\/uploads\/2022\/12\/IMG-20221208-WA0055.jpg\" \/>\n<meta name=\"author\" content=\"Cecilia Vega\" \/>\n<meta name=\"twitter:label1\" content=\"Escrito por\" \/>\n\t<meta name=\"twitter:data1\" content=\"Cecilia Vega\" \/>\n\t<meta name=\"twitter:label2\" content=\"Tiempo de lectura\" \/>\n\t<meta name=\"twitter:data2\" content=\"1 minuto\" \/>\n<script type=\"application\/ld+json\" class=\"yoast-schema-graph\">{\"@context\":\"https:\\\/\\\/schema.org\",\"@graph\":[{\"@type\":\"Article\",\"@id\":\"https:\\\/\\\/expressometro.mx\\\/index.php\\\/2022\\\/11\\\/10\\\/cumple-felipe-sanchez-con-sus-compromisos-en-jiquipilco\\\/#article\",\"isPartOf\":{\"@id\":\"https:\\\/\\\/expressometro.mx\\\/index.php\\\/2022\\\/11\\\/10\\\/cumple-felipe-sanchez-con-sus-compromisos-en-jiquipilco\\\/\"},\"author\":{\"name\":\"Cecilia Vega\",\"@id\":\"https:\\\/\\\/expressometro.mx\\\/#\\\/schema\\\/person\\\/67a95b8e3862085c7598f66237488f1f\"},\"headline\":\"CUMPLE FELIPE S\u00c1NCHEZ CON SUS COMPROMISOS EN JIQUIPILCO\",\"datePublished\":\"2022-11-11T03:49:00+00:00\",\"dateModified\":\"2022-12-09T03:50:47+00:00\",\"mainEntityOfPage\":{\"@id\":\"https:\\\/\\\/expressometro.mx\\\/index.php\\\/2022\\\/11\\\/10\\\/cumple-felipe-sanchez-con-sus-compromisos-en-jiquipilco\\\/\"},\"wordCount\":138,\"commentCount\":0,\"publisher\":{\"@id\":\"https:\\\/\\\/expressometro.mx\\\/#organization\"},\"image\":{\"@id\":\"https:\\\/\\\/expressometro.mx\\\/index.php\\\/2022\\\/11\\\/10\\\/cumple-felipe-sanchez-con-sus-compromisos-en-jiquipilco\\\/#primaryimage\"},\"thumbnailUrl\":\"http:\\\/\\\/expressometro.mx\\\/wp-content\\\/uploads\\\/2022\\\/12\\\/IMG-20221208-WA0055.jpg\",\"articleSection\":[\"Otros\"],\"inLanguage\":\"es\",\"potentialAction\":[{\"@type\":\"CommentAction\",\"name\":\"Comment\",\"target\":[\"https:\\\/\\\/expressometro.mx\\\/index.php\\\/2022\\\/11\\\/10\\\/cumple-felipe-sanchez-con-sus-compromisos-en-jiquipilco\\\/#respond\"]}]},{\"@type\":\"WebPage\",\"@id\":\"https:\\\/\\\/expressometro.mx\\\/index.php\\\/2022\\\/11\\\/10\\\/cumple-felipe-sanchez-con-sus-compromisos-en-jiquipilco\\\/\",\"url\":\"https:\\\/\\\/expressometro.mx\\\/index.php\\\/2022\\\/11\\\/10\\\/cumple-felipe-sanchez-con-sus-compromisos-en-jiquipilco\\\/\",\"name\":\"CUMPLE FELIPE S\u00c1NCHEZ CON SUS COMPROMISOS EN JIQUIPILCO - Expresso Metropolitano\",\"isPartOf\":{\"@id\":\"https:\\\/\\\/expressometro.mx\\\/#website\"},\"primaryImageOfPage\":{\"@id\":\"https:\\\/\\\/expressometro.mx\\\/index.php\\\/2022\\\/11\\\/10\\\/cumple-felipe-sanchez-con-sus-compromisos-en-jiquipilco\\\/#primaryimage\"},\"image\":{\"@id\":\"https:\\\/\\\/expressometro.mx\\\/index.php\\\/2022\\\/11\\\/10\\\/cumple-felipe-sanchez-con-sus-compromisos-en-jiquipilco\\\/#primaryimage\"},\"thumbnailUrl\":\"http:\\\/\\\/expressometro.mx\\\/wp-content\\\/uploads\\\/2022\\\/12\\\/IMG-20221208-WA0055.jpg\",\"datePublished\":\"2022-11-11T03:49:00+00:00\",\"dateModified\":\"2022-12-09T03:50:47+00:00\",\"breadcrumb\":{\"@id\":\"https:\\\/\\\/expressometro.mx\\\/index.php\\\/2022\\\/11\\\/10\\\/cumple-felipe-sanchez-con-sus-compromisos-en-jiquipilco\\\/#breadcrumb\"},\"inLanguage\":\"es\",\"potentialAction\":[{\"@type\":\"ReadAction\",\"target\":[\"https:\\\/\\\/expressometro.mx\\\/index.php\\\/2022\\\/11\\\/10\\\/cumple-felipe-sanchez-con-sus-compromisos-en-jiquipilco\\\/\"]}]},{\"@type\":\"ImageObject\",\"inLanguage\":\"es\",\"@id\":\"https:\\\/\\\/expressometro.mx\\\/index.php\\\/2022\\\/11\\\/10\\\/cumple-felipe-sanchez-con-sus-compromisos-en-jiquipilco\\\/#primaryimage\",\"url\":\"https:\\\/\\\/expressometro.mx\\\/wp-content\\\/uploads\\\/2022\\\/12\\\/IMG-20221208-WA0055.jpg\",\"contentUrl\":\"https:\\\/\\\/expressometro.mx\\\/wp-content\\\/uploads\\\/2022\\\/12\\\/IMG-20221208-WA0055.jpg\",\"width\":1599,\"height\":899},{\"@type\":\"BreadcrumbList\",\"@id\":\"https:\\\/\\\/expressometro.mx\\\/index.php\\\/2022\\\/11\\\/10\\\/cumple-felipe-sanchez-con-sus-compromisos-en-jiquipilco\\\/#breadcrumb\",\"itemListElement\":[{\"@type\":\"ListItem\",\"position\":1,\"name\":\"Inicio\",\"item\":\"https:\\\/\\\/expressometro.mx\\\/\"},{\"@type\":\"ListItem\",\"position\":2,\"name\":\"CUMPLE FELIPE S\u00c1NCHEZ CON SUS COMPROMISOS EN JIQUIPILCO\"}]},{\"@type\":\"WebSite\",\"@id\":\"https:\\\/\\\/expressometro.mx\\\/#website\",\"url\":\"https:\\\/\\\/expressometro.mx\\\/\",\"name\":\"Expresso Metropolitano\",\"description\":\"Periodismo comprometido, informaci\u00f3n, investigaci\u00f3n y an\u00e1lisis\",\"publisher\":{\"@id\":\"https:\\\/\\\/expressometro.mx\\\/#organization\"},\"potentialAction\":[{\"@type\":\"SearchAction\",\"target\":{\"@type\":\"EntryPoint\",\"urlTemplate\":\"https:\\\/\\\/expressometro.mx\\\/?s={search_term_string}\"},\"query-input\":{\"@type\":\"PropertyValueSpecification\",\"valueRequired\":true,\"valueName\":\"search_term_string\"}}],\"inLanguage\":\"es\"},{\"@type\":\"Organization\",\"@id\":\"https:\\\/\\\/expressometro.mx\\\/#organization\",\"name\":\"Expresso Metropolitano\",\"url\":\"https:\\\/\\\/expressometro.mx\\\/\",\"logo\":{\"@type\":\"ImageObject\",\"inLanguage\":\"es\",\"@id\":\"https:\\\/\\\/expressometro.mx\\\/#\\\/schema\\\/logo\\\/image\\\/\",\"url\":\"https:\\\/\\\/expressometro.mx\\\/wp-content\\\/uploads\\\/2019\\\/07\\\/cropped-Logo-Expresso-Metropolitano-1-1.jpeg\",\"contentUrl\":\"https:\\\/\\\/expressometro.mx\\\/wp-content\\\/uploads\\\/2019\\\/07\\\/cropped-Logo-Expresso-Metropolitano-1-1.jpeg\",\"width\":290,\"height\":73,\"caption\":\"Expresso Metropolitano\"},\"image\":{\"@id\":\"https:\\\/\\\/expressometro.mx\\\/#\\\/schema\\\/logo\\\/image\\\/\"}},{\"@type\":\"Person\",\"@id\":\"https:\\\/\\\/expressometro.mx\\\/#\\\/schema\\\/person\\\/67a95b8e3862085c7598f66237488f1f\",\"name\":\"Cecilia Vega\",\"image\":{\"@type\":\"ImageObject\",\"inLanguage\":\"es\",\"@id\":\"https:\\\/\\\/secure.gravatar.com\\\/avatar\\\/13aae9944ab2ee472a9e407c9487fdbd03b049abaa559af32fe5dbcf615c981b?s=96&d=mm&r=g\",\"url\":\"https:\\\/\\\/secure.gravatar.com\\\/avatar\\\/13aae9944ab2ee472a9e407c9487fdbd03b049abaa559af32fe5dbcf615c981b?s=96&d=mm&r=g\",\"contentUrl\":\"https:\\\/\\\/secure.gravatar.com\\\/avatar\\\/13aae9944ab2ee472a9e407c9487fdbd03b049abaa559af32fe5dbcf615c981b?s=96&d=mm&r=g\",\"caption\":\"Cecilia Vega\"},\"url\":\"https:\\\/\\\/expressometro.mx\\\/index.php\\\/author\\\/cecilia-vega\\\/\"}]}<\/script>\n<!-- \/ Yoast SEO plugin. -->","yoast_head_json":{"title":"CUMPLE FELIPE S\u00c1NCHEZ CON SUS COMPROMISOS EN JIQUIPILCO - Expresso Metropolitano","robots":{"index":"index","follow":"follow","max-snippet":"max-snippet:-1","max-image-preview":"max-image-preview:large","max-video-preview":"max-video-preview:-1"},"canonical":"https:\/\/expressometro.mx\/index.php\/2022\/11\/10\/cumple-felipe-sanchez-con-sus-compromisos-en-jiquipilco\/","og_locale":"es_MX","og_type":"article","og_title":"CUMPLE FELIPE S\u00c1NCHEZ CON SUS COMPROMISOS EN JIQUIPILCO - Expresso Metropolitano","og_description":"El presidente municipal de Jiquipilco Felipe S\u00e1nchez D\u00e1vila puso en marcha una bomba de agua para la comunidad con el fin de mejorar el abastecimiento de este recurso a las personas que lo demandaban. El presidente municipal de Jiquipilco mencion\u00f3 que han hecho un equipo coordinado para que las obras que est\u00e1n propuestas en el plan de desarrollo se lleven a cabo. No s\u00e9 ha detenido en cumplir con lo que se necesita para mejorar el municipio. El presidente municipal dijo estar comprometido con sus labores y la gesti\u00f3n en&hellip;","og_url":"https:\/\/expressometro.mx\/index.php\/2022\/11\/10\/cumple-felipe-sanchez-con-sus-compromisos-en-jiquipilco\/","og_site_name":"Expresso Metropolitano","article_published_time":"2022-11-11T03:49:00+00:00","article_modified_time":"2022-12-09T03:50:47+00:00","og_image":[{"url":"http:\/\/expressometro.mx\/wp-content\/uploads\/2022\/12\/IMG-20221208-WA0055.jpg","type":"","width":"","height":""}],"author":"Cecilia Vega","twitter_misc":{"Escrito por":"Cecilia Vega","Tiempo de lectura":"1 minuto"},"schema":{"@context":"https:\/\/schema.org","@graph":[{"@type":"Article","@id":"https:\/\/expressometro.mx\/index.php\/2022\/11\/10\/cumple-felipe-sanchez-con-sus-compromisos-en-jiquipilco\/#article","isPartOf":{"@id":"https:\/\/expressometro.mx\/index.php\/2022\/11\/10\/cumple-felipe-sanchez-con-sus-compromisos-en-jiquipilco\/"},"author":{"name":"Cecilia Vega","@id":"https:\/\/expressometro.mx\/#\/schema\/person\/67a95b8e3862085c7598f66237488f1f"},"headline":"CUMPLE FELIPE S\u00c1NCHEZ CON SUS COMPROMISOS EN JIQUIPILCO","datePublished":"2022-11-11T03:49:00+00:00","dateModified":"2022-12-09T03:50:47+00:00","mainEntityOfPage":{"@id":"https:\/\/expressometro.mx\/index.php\/2022\/11\/10\/cumple-felipe-sanchez-con-sus-compromisos-en-jiquipilco\/"},"wordCount":138,"commentCount":0,"publisher":{"@id":"https:\/\/expressometro.mx\/#organization"},"image":{"@id":"https:\/\/expressometro.mx\/index.php\/2022\/11\/10\/cumple-felipe-sanchez-con-sus-compromisos-en-jiquipilco\/#primaryimage"},"thumbnailUrl":"http:\/\/expressometro.mx\/wp-content\/uploads\/2022\/12\/IMG-20221208-WA0055.jpg","articleSection":["Otros"],"inLanguage":"es","potentialAction":[{"@type":"CommentAction","name":"Comment","target":["https:\/\/expressometro.mx\/index.php\/2022\/11\/10\/cumple-felipe-sanchez-con-sus-compromisos-en-jiquipilco\/#respond"]}]},{"@type":"WebPage","@id":"https:\/\/expressometro.mx\/index.php\/2022\/11\/10\/cumple-felipe-sanchez-con-sus-compromisos-en-jiquipilco\/","url":"https:\/\/expressometro.mx\/index.php\/2022\/11\/10\/cumple-felipe-sanchez-con-sus-compromisos-en-jiquipilco\/","name":"CUMPLE FELIPE S\u00c1NCHEZ CON SUS COMPROMISOS EN JIQUIPILCO - Expresso Metropolitano","isPartOf":{"@id":"https:\/\/expressometro.mx\/#website"},"primaryImageOfPage":{"@id":"https:\/\/expressometro.mx\/index.php\/2022\/11\/10\/cumple-felipe-sanchez-con-sus-compromisos-en-jiquipilco\/#primaryimage"},"image":{"@id":"https:\/\/expressometro.mx\/index.php\/2022\/11\/10\/cumple-felipe-sanchez-con-sus-compromisos-en-jiquipilco\/#primaryimage"},"thumbnailUrl":"http:\/\/expressometro.mx\/wp-content\/uploads\/2022\/12\/IMG-20221208-WA0055.jpg","datePublished":"2022-11-11T03:49:00+00:00","dateModified":"2022-12-09T03:50:47+00:00","breadcrumb":{"@id":"https:\/\/expressometro.mx\/index.php\/2022\/11\/10\/cumple-felipe-sanchez-con-sus-compromisos-en-jiquipilco\/#breadcrumb"},"inLanguage":"es","potentialAction":[{"@type":"ReadAction","target":["https:\/\/expressometro.mx\/index.php\/2022\/11\/10\/cumple-felipe-sanchez-con-sus-compromisos-en-jiquipilco\/"]}]},{"@type":"ImageObject","inLanguage":"es","@id":"https:\/\/expressometro.mx\/index.php\/2022\/11\/10\/cumple-felipe-sanchez-con-sus-compromisos-en-jiquipilco\/#primaryimage","url":"https:\/\/expressometro.mx\/wp-content\/uploads\/2022\/12\/IMG-20221208-WA0055.jpg","contentUrl":"https:\/\/expressometro.mx\/wp-content\/uploads\/2022\/12\/IMG-20221208-WA0055.jpg","width":1599,"height":899},{"@type":"BreadcrumbList","@id":"https:\/\/expressometro.mx\/index.php\/2022\/11\/10\/cumple-felipe-sanchez-con-sus-compromisos-en-jiquipilco\/#breadcrumb","itemListElement":[{"@type":"ListItem","position":1,"name":"Inicio","item":"https:\/\/expressometro.mx\/"},{"@type":"ListItem","position":2,"name":"CUMPLE FELIPE S\u00c1NCHEZ CON SUS COMPROMISOS EN JIQUIPILCO"}]},{"@type":"WebSite","@id":"https:\/\/expressometro.mx\/#website","url":"https:\/\/expressometro.mx\/","name":"Expresso Metropolitano","description":"Periodismo comprometido, informaci\u00f3n, investigaci\u00f3n y an\u00e1lisis","publisher":{"@id":"https:\/\/expressometro.mx\/#organization"},"potentialAction":[{"@type":"SearchAction","target":{"@type":"EntryPoint","urlTemplate":"https:\/\/expressometro.mx\/?s={search_term_string}"},"query-input":{"@type":"PropertyValueSpecification","valueRequired":true,"valueName":"search_term_string"}}],"inLanguage":"es"},{"@type":"Organization","@id":"https:\/\/expressometro.mx\/#organization","name":"Expresso Metropolitano","url":"https:\/\/expressometro.mx\/","logo":{"@type":"ImageObject","inLanguage":"es","@id":"https:\/\/expressometro.mx\/#\/schema\/logo\/image\/","url":"https:\/\/expressometro.mx\/wp-content\/uploads\/2019\/07\/cropped-Logo-Expresso-Metropolitano-1-1.jpeg","contentUrl":"https:\/\/expressometro.mx\/wp-content\/uploads\/2019\/07\/cropped-Logo-Expresso-Metropolitano-1-1.jpeg","width":290,"height":73,"caption":"Expresso Metropolitano"},"image":{"@id":"https:\/\/expressometro.mx\/#\/schema\/logo\/image\/"}},{"@type":"Person","@id":"https:\/\/expressometro.mx\/#\/schema\/person\/67a95b8e3862085c7598f66237488f1f","name":"Cecilia Vega","image":{"@type":"ImageObject","inLanguage":"es","@id":"https:\/\/secure.gravatar.com\/avatar\/13aae9944ab2ee472a9e407c9487fdbd03b049abaa559af32fe5dbcf615c981b?s=96&d=mm&r=g","url":"https:\/\/secure.gravatar.com\/avatar\/13aae9944ab2ee472a9e407c9487fdbd03b049abaa559af32fe5dbcf615c981b?s=96&d=mm&r=g","contentUrl":"https:\/\/secure.gravatar.com\/avatar\/13aae9944ab2ee472a9e407c9487fdbd03b049abaa559af32fe5dbcf615c981b?s=96&d=mm&r=g","caption":"Cecilia Vega"},"url":"https:\/\/expressometro.mx\/index.php\/author\/cecilia-vega\/"}]}},"amp_enabled":true,"_links":{"self":[{"href":"https:\/\/expressometro.mx\/index.php\/wp-json\/wp\/v2\/posts\/6808","targetHints":{"allow":["GET"]}}],"collection":[{"href":"https:\/\/expressometro.mx\/index.php\/wp-json\/wp\/v2\/posts"}],"about":[{"href":"https:\/\/expressometro.mx\/index.php\/wp-json\/wp\/v2\/types\/post"}],"author":[{"embeddable":true,"href":"https:\/\/expressometro.mx\/index.php\/wp-json\/wp\/v2\/users\/2"}],"replies":[{"embeddable":true,"href":"https:\/\/expressometro.mx\/index.php\/wp-json\/wp\/v2\/comments?post=6808"}],"version-history":[{"count":1,"href":"https:\/\/expressometro.mx\/index.php\/wp-json\/wp\/v2\/posts\/6808\/revisions"}],"predecessor-version":[{"id":6811,"href":"https:\/\/expressometro.mx\/index.php\/wp-json\/wp\/v2\/posts\/6808\/revisions\/6811"}],"wp:attachment":[{"href":"https:\/\/expressometro.mx\/index.php\/wp-json\/wp\/v2\/media?parent=6808"}],"wp:term":[{"taxonomy":"category","embeddable":true,"href":"https:\/\/expressometro.mx\/index.php\/wp-json\/wp\/v2\/categories?post=6808"},{"taxonomy":"post_tag","embeddable":true,"href":"https:\/\/expressometro.mx\/index.php\/wp-json\/wp\/v2\/tags?post=6808"}],"curies":[{"name":"wp","href":"https:\/\/api.w.org\/{rel}","templated":true}]}}