{"id":678,"date":"2019-09-13T10:27:49","date_gmt":"2019-09-13T15:27:49","guid":{"rendered":"http:\/\/expressometro.mx\/?p=678"},"modified":"2019-09-15T10:35:56","modified_gmt":"2019-09-15T15:35:56","slug":"realiza-issemym-quinto-congreso-de-trabajo-social-y-relaciones-publicas","status":"publish","type":"post","link":"https:\/\/expressometro.mx\/index.php\/2019\/09\/13\/realiza-issemym-quinto-congreso-de-trabajo-social-y-relaciones-publicas\/","title":{"rendered":"REALIZA ISSEMYM QUINTO CONGRESO DE TRABAJO SOCIAL Y RELACIONES P\u00daBLICAS"},"content":{"rendered":"\n<p>El Instituto de Seguridad Social del Estado de M\u00e9xico y Municipios (ISSEMyM) realizar\u00e1 el pr\u00f3ximo 26 y 27 de septiembre el Quinto Congreso Estatal del Trabajo Social y Relaciones P\u00fablicas, cuyo tema principal ser\u00e1 \u201cEl Trabajador Social con sentido humano\u201d.<\/p>\n\n\n\n<p>Esta actividad acad\u00e9mica se llevar\u00e1 a cabo en el Hospital Materno Infantil y contar\u00e1 con la participaci\u00f3n de ponentes de la Comisi\u00f3n de Derechos Humanos del Estado de M\u00e9xico, la Comisi\u00f3n Estatal de Bio\u00e9tica, la Facultad de Ciencias de la Conducta de la Universidad Aut\u00f3noma del Estado de M\u00e9xico y del Centro Estatal de Trasfusi\u00f3n Sangu\u00ednea.<\/p>\n\n\n\n<p>Al respecto, Odette C\u00e1ceres Ter Veen, Jefa estatal de Trabajo Social y Relaciones P\u00fablicas del ISSEMyM, dio a conocer que reforzar\u00e1n los temas orientados al fortalecimiento del trato digno.<\/p>\n\n\n\n<p>Indic\u00f3 que habr\u00e1 dos mesas de trabajo relacionadas con la bio\u00e9tica y los casos de interculturalidad, las cuales ser\u00e1n de gran apoyo en el desempe\u00f1o de m\u00e1s de 186 trabajadores sociales y alrededor de 250 relacionistas p\u00fablicas en cl\u00ednicas y hospitales.<\/p>\n\n\n\n<p>Asimismo, inform\u00f3 que la atenci\u00f3n brindada por el personal es de suma importancia, pues la dependencia est\u00e1 comprometida a otorgar un trato respetuoso, incluyente y emp\u00e1tico en la recuperaci\u00f3n de los pacientes que involucren factores sociales y familiares.<\/p>\n\n\n\n<p>La informaci\u00f3n que impartir\u00e1n durante este quinto congreso ser\u00e1 parte fundamental para brindar d\u00eda a d\u00eda un mejor cuidado, orientaci\u00f3n y atenci\u00f3n a los derechohabientes con una comunicaci\u00f3n afectiva, efectiva y eficiente, enfatiz\u00f3 C\u00e1ceres Ter Veen.<\/p>\n\n\n\n<p>Aunado a esto, se\u00f1al\u00f3 que este a\u00f1o se espera a m\u00e1s de 300 asistentes, quienes adquirir\u00e1n herramientas pr\u00e1cticas para ofrecer un servicio con respeto y humanismo a cada persona que lo requiera, adem\u00e1s de compartir experiencias entre colegas que se sumen a las acciones de mejora.<\/p>\n","protected":false},"excerpt":{"rendered":"<p>El Instituto de Seguridad Social del Estado de M\u00e9xico y Municipios (ISSEMyM) realizar\u00e1 el pr\u00f3ximo 26 y 27 de septiembre el Quinto Congreso Estatal del Trabajo Social y Relaciones P\u00fablicas, cuyo tema principal ser\u00e1 \u201cEl Trabajador Social con sentido humano\u201d. Esta actividad acad\u00e9mica se llevar\u00e1 a cabo en el Hospital Materno Infantil y contar\u00e1 con la participaci\u00f3n de ponentes de la Comisi\u00f3n de Derechos Humanos del Estado de M\u00e9xico, la Comisi\u00f3n Estatal de Bio\u00e9tica, la Facultad de Ciencias de la Conducta de la Universidad Aut\u00f3noma del Estado de M\u00e9xico y&hellip;<\/p>\n","protected":false},"author":1,"featured_media":679,"comment_status":"open","ping_status":"open","sticky":false,"template":"","format":"standard","meta":{"footnotes":""},"categories":[3,5],"tags":[],"class_list":["post-678","post","type-post","status-publish","format-standard","has-post-thumbnail","hentry","category-gobierno","category-salud"],"yoast_head":"<!-- This site is optimized with the Yoast SEO plugin v27.5 - https:\/\/yoast.com\/product\/yoast-seo-wordpress\/ -->\n<title>REALIZA ISSEMYM QUINTO CONGRESO DE TRABAJO SOCIAL Y RELACIONES P\u00daBLICAS - Expresso Metropolitano<\/title>\n<meta name=\"robots\" content=\"index, follow, max-snippet:-1, max-image-preview:large, max-video-preview:-1\" \/>\n<link rel=\"canonical\" href=\"https:\/\/expressometro.mx\/index.php\/2019\/09\/13\/realiza-issemym-quinto-congreso-de-trabajo-social-y-relaciones-publicas\/\" \/>\n<meta property=\"og:locale\" content=\"es_MX\" \/>\n<meta property=\"og:type\" content=\"article\" \/>\n<meta property=\"og:title\" content=\"REALIZA ISSEMYM QUINTO CONGRESO DE TRABAJO SOCIAL Y RELACIONES P\u00daBLICAS - Expresso Metropolitano\" \/>\n<meta property=\"og:description\" content=\"El Instituto de Seguridad Social del Estado de M\u00e9xico y Municipios (ISSEMyM) realizar\u00e1 el pr\u00f3ximo 26 y 27 de septiembre el Quinto Congreso Estatal del Trabajo Social y Relaciones P\u00fablicas, cuyo tema principal ser\u00e1 \u201cEl Trabajador Social con sentido humano\u201d. Esta actividad acad\u00e9mica se llevar\u00e1 a cabo en el Hospital Materno Infantil y contar\u00e1 con la participaci\u00f3n de ponentes de la Comisi\u00f3n de Derechos Humanos del Estado de M\u00e9xico, la Comisi\u00f3n Estatal de Bio\u00e9tica, la Facultad de Ciencias de la Conducta de la Universidad Aut\u00f3noma del Estado de M\u00e9xico y&hellip;\" \/>\n<meta property=\"og:url\" content=\"https:\/\/expressometro.mx\/index.php\/2019\/09\/13\/realiza-issemym-quinto-congreso-de-trabajo-social-y-relaciones-publicas\/\" \/>\n<meta property=\"og:site_name\" content=\"Expresso Metropolitano\" \/>\n<meta property=\"article:published_time\" content=\"2019-09-13T15:27:49+00:00\" \/>\n<meta property=\"article:modified_time\" content=\"2019-09-15T15:35:56+00:00\" \/>\n<meta property=\"og:image\" content=\"https:\/\/expressometro.mx\/wp-content\/uploads\/2019\/09\/8E657555-4F55-450F-BD9C-1670DA3A63FE.jpeg\" \/>\n\t<meta property=\"og:image:width\" content=\"1500\" \/>\n\t<meta property=\"og:image:height\" content=\"998\" \/>\n\t<meta property=\"og:image:type\" content=\"image\/jpeg\" \/>\n<meta name=\"author\" content=\"Expresso Metropolitano\" \/>\n<meta name=\"twitter:label1\" content=\"Escrito por\" \/>\n\t<meta name=\"twitter:data1\" content=\"Expresso Metropolitano\" \/>\n\t<meta name=\"twitter:label2\" content=\"Tiempo de lectura\" \/>\n\t<meta name=\"twitter:data2\" content=\"2 minutos\" \/>\n<script type=\"application\/ld+json\" class=\"yoast-schema-graph\">{\"@context\":\"https:\\\/\\\/schema.org\",\"@graph\":[{\"@type\":\"Article\",\"@id\":\"https:\\\/\\\/expressometro.mx\\\/index.php\\\/2019\\\/09\\\/13\\\/realiza-issemym-quinto-congreso-de-trabajo-social-y-relaciones-publicas\\\/#article\",\"isPartOf\":{\"@id\":\"https:\\\/\\\/expressometro.mx\\\/index.php\\\/2019\\\/09\\\/13\\\/realiza-issemym-quinto-congreso-de-trabajo-social-y-relaciones-publicas\\\/\"},\"author\":{\"name\":\"Expresso Metropolitano\",\"@id\":\"https:\\\/\\\/expressometro.mx\\\/#\\\/schema\\\/person\\\/efa971b4a0664db8ed5c22b1b0dd2f5d\"},\"headline\":\"REALIZA ISSEMYM QUINTO CONGRESO DE TRABAJO SOCIAL Y RELACIONES P\u00daBLICAS\",\"datePublished\":\"2019-09-13T15:27:49+00:00\",\"dateModified\":\"2019-09-15T15:35:56+00:00\",\"mainEntityOfPage\":{\"@id\":\"https:\\\/\\\/expressometro.mx\\\/index.php\\\/2019\\\/09\\\/13\\\/realiza-issemym-quinto-congreso-de-trabajo-social-y-relaciones-publicas\\\/\"},\"wordCount\":331,\"commentCount\":0,\"publisher\":{\"@id\":\"https:\\\/\\\/expressometro.mx\\\/#organization\"},\"image\":{\"@id\":\"https:\\\/\\\/expressometro.mx\\\/index.php\\\/2019\\\/09\\\/13\\\/realiza-issemym-quinto-congreso-de-trabajo-social-y-relaciones-publicas\\\/#primaryimage\"},\"thumbnailUrl\":\"https:\\\/\\\/expressometro.mx\\\/wp-content\\\/uploads\\\/2019\\\/09\\\/8E657555-4F55-450F-BD9C-1670DA3A63FE.jpeg\",\"articleSection\":[\"Gobierno\",\"Salud\"],\"inLanguage\":\"es\",\"potentialAction\":[{\"@type\":\"CommentAction\",\"name\":\"Comment\",\"target\":[\"https:\\\/\\\/expressometro.mx\\\/index.php\\\/2019\\\/09\\\/13\\\/realiza-issemym-quinto-congreso-de-trabajo-social-y-relaciones-publicas\\\/#respond\"]}]},{\"@type\":\"WebPage\",\"@id\":\"https:\\\/\\\/expressometro.mx\\\/index.php\\\/2019\\\/09\\\/13\\\/realiza-issemym-quinto-congreso-de-trabajo-social-y-relaciones-publicas\\\/\",\"url\":\"https:\\\/\\\/expressometro.mx\\\/index.php\\\/2019\\\/09\\\/13\\\/realiza-issemym-quinto-congreso-de-trabajo-social-y-relaciones-publicas\\\/\",\"name\":\"REALIZA ISSEMYM QUINTO CONGRESO DE TRABAJO SOCIAL Y RELACIONES P\u00daBLICAS - Expresso Metropolitano\",\"isPartOf\":{\"@id\":\"https:\\\/\\\/expressometro.mx\\\/#website\"},\"primaryImageOfPage\":{\"@id\":\"https:\\\/\\\/expressometro.mx\\\/index.php\\\/2019\\\/09\\\/13\\\/realiza-issemym-quinto-congreso-de-trabajo-social-y-relaciones-publicas\\\/#primaryimage\"},\"image\":{\"@id\":\"https:\\\/\\\/expressometro.mx\\\/index.php\\\/2019\\\/09\\\/13\\\/realiza-issemym-quinto-congreso-de-trabajo-social-y-relaciones-publicas\\\/#primaryimage\"},\"thumbnailUrl\":\"https:\\\/\\\/expressometro.mx\\\/wp-content\\\/uploads\\\/2019\\\/09\\\/8E657555-4F55-450F-BD9C-1670DA3A63FE.jpeg\",\"datePublished\":\"2019-09-13T15:27:49+00:00\",\"dateModified\":\"2019-09-15T15:35:56+00:00\",\"breadcrumb\":{\"@id\":\"https:\\\/\\\/expressometro.mx\\\/index.php\\\/2019\\\/09\\\/13\\\/realiza-issemym-quinto-congreso-de-trabajo-social-y-relaciones-publicas\\\/#breadcrumb\"},\"inLanguage\":\"es\",\"potentialAction\":[{\"@type\":\"ReadAction\",\"target\":[\"https:\\\/\\\/expressometro.mx\\\/index.php\\\/2019\\\/09\\\/13\\\/realiza-issemym-quinto-congreso-de-trabajo-social-y-relaciones-publicas\\\/\"]}]},{\"@type\":\"ImageObject\",\"inLanguage\":\"es\",\"@id\":\"https:\\\/\\\/expressometro.mx\\\/index.php\\\/2019\\\/09\\\/13\\\/realiza-issemym-quinto-congreso-de-trabajo-social-y-relaciones-publicas\\\/#primaryimage\",\"url\":\"https:\\\/\\\/expressometro.mx\\\/wp-content\\\/uploads\\\/2019\\\/09\\\/8E657555-4F55-450F-BD9C-1670DA3A63FE.jpeg\",\"contentUrl\":\"https:\\\/\\\/expressometro.mx\\\/wp-content\\\/uploads\\\/2019\\\/09\\\/8E657555-4F55-450F-BD9C-1670DA3A63FE.jpeg\",\"width\":1500,\"height\":998,\"caption\":\"SONY DSC\"},{\"@type\":\"BreadcrumbList\",\"@id\":\"https:\\\/\\\/expressometro.mx\\\/index.php\\\/2019\\\/09\\\/13\\\/realiza-issemym-quinto-congreso-de-trabajo-social-y-relaciones-publicas\\\/#breadcrumb\",\"itemListElement\":[{\"@type\":\"ListItem\",\"position\":1,\"name\":\"Inicio\",\"item\":\"https:\\\/\\\/expressometro.mx\\\/\"},{\"@type\":\"ListItem\",\"position\":2,\"name\":\"REALIZA ISSEMYM QUINTO CONGRESO DE TRABAJO SOCIAL Y RELACIONES P\u00daBLICAS\"}]},{\"@type\":\"WebSite\",\"@id\":\"https:\\\/\\\/expressometro.mx\\\/#website\",\"url\":\"https:\\\/\\\/expressometro.mx\\\/\",\"name\":\"Expresso Metropolitano\",\"description\":\"Periodismo comprometido, informaci\u00f3n, investigaci\u00f3n y an\u00e1lisis\",\"publisher\":{\"@id\":\"https:\\\/\\\/expressometro.mx\\\/#organization\"},\"potentialAction\":[{\"@type\":\"SearchAction\",\"target\":{\"@type\":\"EntryPoint\",\"urlTemplate\":\"https:\\\/\\\/expressometro.mx\\\/?s={search_term_string}\"},\"query-input\":{\"@type\":\"PropertyValueSpecification\",\"valueRequired\":true,\"valueName\":\"search_term_string\"}}],\"inLanguage\":\"es\"},{\"@type\":\"Organization\",\"@id\":\"https:\\\/\\\/expressometro.mx\\\/#organization\",\"name\":\"Expresso Metropolitano\",\"url\":\"https:\\\/\\\/expressometro.mx\\\/\",\"logo\":{\"@type\":\"ImageObject\",\"inLanguage\":\"es\",\"@id\":\"https:\\\/\\\/expressometro.mx\\\/#\\\/schema\\\/logo\\\/image\\\/\",\"url\":\"https:\\\/\\\/expressometro.mx\\\/wp-content\\\/uploads\\\/2019\\\/07\\\/cropped-Logo-Expresso-Metropolitano-1-1.jpeg\",\"contentUrl\":\"https:\\\/\\\/expressometro.mx\\\/wp-content\\\/uploads\\\/2019\\\/07\\\/cropped-Logo-Expresso-Metropolitano-1-1.jpeg\",\"width\":290,\"height\":73,\"caption\":\"Expresso Metropolitano\"},\"image\":{\"@id\":\"https:\\\/\\\/expressometro.mx\\\/#\\\/schema\\\/logo\\\/image\\\/\"}},{\"@type\":\"Person\",\"@id\":\"https:\\\/\\\/expressometro.mx\\\/#\\\/schema\\\/person\\\/efa971b4a0664db8ed5c22b1b0dd2f5d\",\"name\":\"Expresso Metropolitano\",\"image\":{\"@type\":\"ImageObject\",\"inLanguage\":\"es\",\"@id\":\"https:\\\/\\\/secure.gravatar.com\\\/avatar\\\/a89f802b8de18c6952f223c88d3d106e9e3679839f4e25a02f4a6cc2ae6ba3b3?s=96&d=mm&r=g\",\"url\":\"https:\\\/\\\/secure.gravatar.com\\\/avatar\\\/a89f802b8de18c6952f223c88d3d106e9e3679839f4e25a02f4a6cc2ae6ba3b3?s=96&d=mm&r=g\",\"contentUrl\":\"https:\\\/\\\/secure.gravatar.com\\\/avatar\\\/a89f802b8de18c6952f223c88d3d106e9e3679839f4e25a02f4a6cc2ae6ba3b3?s=96&d=mm&r=g\",\"caption\":\"Expresso Metropolitano\"},\"url\":\"https:\\\/\\\/expressometro.mx\\\/index.php\\\/author\\\/diego\\\/\"}]}<\/script>\n<!-- \/ Yoast SEO plugin. -->","yoast_head_json":{"title":"REALIZA ISSEMYM QUINTO CONGRESO DE TRABAJO SOCIAL Y RELACIONES P\u00daBLICAS - Expresso Metropolitano","robots":{"index":"index","follow":"follow","max-snippet":"max-snippet:-1","max-image-preview":"max-image-preview:large","max-video-preview":"max-video-preview:-1"},"canonical":"https:\/\/expressometro.mx\/index.php\/2019\/09\/13\/realiza-issemym-quinto-congreso-de-trabajo-social-y-relaciones-publicas\/","og_locale":"es_MX","og_type":"article","og_title":"REALIZA ISSEMYM QUINTO CONGRESO DE TRABAJO SOCIAL Y RELACIONES P\u00daBLICAS - Expresso Metropolitano","og_description":"El Instituto de Seguridad Social del Estado de M\u00e9xico y Municipios (ISSEMyM) realizar\u00e1 el pr\u00f3ximo 26 y 27 de septiembre el Quinto Congreso Estatal del Trabajo Social y Relaciones P\u00fablicas, cuyo tema principal ser\u00e1 \u201cEl Trabajador Social con sentido humano\u201d. Esta actividad acad\u00e9mica se llevar\u00e1 a cabo en el Hospital Materno Infantil y contar\u00e1 con la participaci\u00f3n de ponentes de la Comisi\u00f3n de Derechos Humanos del Estado de M\u00e9xico, la Comisi\u00f3n Estatal de Bio\u00e9tica, la Facultad de Ciencias de la Conducta de la Universidad Aut\u00f3noma del Estado de M\u00e9xico y&hellip;","og_url":"https:\/\/expressometro.mx\/index.php\/2019\/09\/13\/realiza-issemym-quinto-congreso-de-trabajo-social-y-relaciones-publicas\/","og_site_name":"Expresso Metropolitano","article_published_time":"2019-09-13T15:27:49+00:00","article_modified_time":"2019-09-15T15:35:56+00:00","og_image":[{"width":1500,"height":998,"url":"https:\/\/expressometro.mx\/wp-content\/uploads\/2019\/09\/8E657555-4F55-450F-BD9C-1670DA3A63FE.jpeg","type":"image\/jpeg"}],"author":"Expresso Metropolitano","twitter_misc":{"Escrito por":"Expresso Metropolitano","Tiempo de lectura":"2 minutos"},"schema":{"@context":"https:\/\/schema.org","@graph":[{"@type":"Article","@id":"https:\/\/expressometro.mx\/index.php\/2019\/09\/13\/realiza-issemym-quinto-congreso-de-trabajo-social-y-relaciones-publicas\/#article","isPartOf":{"@id":"https:\/\/expressometro.mx\/index.php\/2019\/09\/13\/realiza-issemym-quinto-congreso-de-trabajo-social-y-relaciones-publicas\/"},"author":{"name":"Expresso Metropolitano","@id":"https:\/\/expressometro.mx\/#\/schema\/person\/efa971b4a0664db8ed5c22b1b0dd2f5d"},"headline":"REALIZA ISSEMYM QUINTO CONGRESO DE TRABAJO SOCIAL Y RELACIONES P\u00daBLICAS","datePublished":"2019-09-13T15:27:49+00:00","dateModified":"2019-09-15T15:35:56+00:00","mainEntityOfPage":{"@id":"https:\/\/expressometro.mx\/index.php\/2019\/09\/13\/realiza-issemym-quinto-congreso-de-trabajo-social-y-relaciones-publicas\/"},"wordCount":331,"commentCount":0,"publisher":{"@id":"https:\/\/expressometro.mx\/#organization"},"image":{"@id":"https:\/\/expressometro.mx\/index.php\/2019\/09\/13\/realiza-issemym-quinto-congreso-de-trabajo-social-y-relaciones-publicas\/#primaryimage"},"thumbnailUrl":"https:\/\/expressometro.mx\/wp-content\/uploads\/2019\/09\/8E657555-4F55-450F-BD9C-1670DA3A63FE.jpeg","articleSection":["Gobierno","Salud"],"inLanguage":"es","potentialAction":[{"@type":"CommentAction","name":"Comment","target":["https:\/\/expressometro.mx\/index.php\/2019\/09\/13\/realiza-issemym-quinto-congreso-de-trabajo-social-y-relaciones-publicas\/#respond"]}]},{"@type":"WebPage","@id":"https:\/\/expressometro.mx\/index.php\/2019\/09\/13\/realiza-issemym-quinto-congreso-de-trabajo-social-y-relaciones-publicas\/","url":"https:\/\/expressometro.mx\/index.php\/2019\/09\/13\/realiza-issemym-quinto-congreso-de-trabajo-social-y-relaciones-publicas\/","name":"REALIZA ISSEMYM QUINTO CONGRESO DE TRABAJO SOCIAL Y RELACIONES P\u00daBLICAS - Expresso Metropolitano","isPartOf":{"@id":"https:\/\/expressometro.mx\/#website"},"primaryImageOfPage":{"@id":"https:\/\/expressometro.mx\/index.php\/2019\/09\/13\/realiza-issemym-quinto-congreso-de-trabajo-social-y-relaciones-publicas\/#primaryimage"},"image":{"@id":"https:\/\/expressometro.mx\/index.php\/2019\/09\/13\/realiza-issemym-quinto-congreso-de-trabajo-social-y-relaciones-publicas\/#primaryimage"},"thumbnailUrl":"https:\/\/expressometro.mx\/wp-content\/uploads\/2019\/09\/8E657555-4F55-450F-BD9C-1670DA3A63FE.jpeg","datePublished":"2019-09-13T15:27:49+00:00","dateModified":"2019-09-15T15:35:56+00:00","breadcrumb":{"@id":"https:\/\/expressometro.mx\/index.php\/2019\/09\/13\/realiza-issemym-quinto-congreso-de-trabajo-social-y-relaciones-publicas\/#breadcrumb"},"inLanguage":"es","potentialAction":[{"@type":"ReadAction","target":["https:\/\/expressometro.mx\/index.php\/2019\/09\/13\/realiza-issemym-quinto-congreso-de-trabajo-social-y-relaciones-publicas\/"]}]},{"@type":"ImageObject","inLanguage":"es","@id":"https:\/\/expressometro.mx\/index.php\/2019\/09\/13\/realiza-issemym-quinto-congreso-de-trabajo-social-y-relaciones-publicas\/#primaryimage","url":"https:\/\/expressometro.mx\/wp-content\/uploads\/2019\/09\/8E657555-4F55-450F-BD9C-1670DA3A63FE.jpeg","contentUrl":"https:\/\/expressometro.mx\/wp-content\/uploads\/2019\/09\/8E657555-4F55-450F-BD9C-1670DA3A63FE.jpeg","width":1500,"height":998,"caption":"SONY DSC"},{"@type":"BreadcrumbList","@id":"https:\/\/expressometro.mx\/index.php\/2019\/09\/13\/realiza-issemym-quinto-congreso-de-trabajo-social-y-relaciones-publicas\/#breadcrumb","itemListElement":[{"@type":"ListItem","position":1,"name":"Inicio","item":"https:\/\/expressometro.mx\/"},{"@type":"ListItem","position":2,"name":"REALIZA ISSEMYM QUINTO CONGRESO DE TRABAJO SOCIAL Y RELACIONES P\u00daBLICAS"}]},{"@type":"WebSite","@id":"https:\/\/expressometro.mx\/#website","url":"https:\/\/expressometro.mx\/","name":"Expresso Metropolitano","description":"Periodismo comprometido, informaci\u00f3n, investigaci\u00f3n y an\u00e1lisis","publisher":{"@id":"https:\/\/expressometro.mx\/#organization"},"potentialAction":[{"@type":"SearchAction","target":{"@type":"EntryPoint","urlTemplate":"https:\/\/expressometro.mx\/?s={search_term_string}"},"query-input":{"@type":"PropertyValueSpecification","valueRequired":true,"valueName":"search_term_string"}}],"inLanguage":"es"},{"@type":"Organization","@id":"https:\/\/expressometro.mx\/#organization","name":"Expresso Metropolitano","url":"https:\/\/expressometro.mx\/","logo":{"@type":"ImageObject","inLanguage":"es","@id":"https:\/\/expressometro.mx\/#\/schema\/logo\/image\/","url":"https:\/\/expressometro.mx\/wp-content\/uploads\/2019\/07\/cropped-Logo-Expresso-Metropolitano-1-1.jpeg","contentUrl":"https:\/\/expressometro.mx\/wp-content\/uploads\/2019\/07\/cropped-Logo-Expresso-Metropolitano-1-1.jpeg","width":290,"height":73,"caption":"Expresso Metropolitano"},"image":{"@id":"https:\/\/expressometro.mx\/#\/schema\/logo\/image\/"}},{"@type":"Person","@id":"https:\/\/expressometro.mx\/#\/schema\/person\/efa971b4a0664db8ed5c22b1b0dd2f5d","name":"Expresso Metropolitano","image":{"@type":"ImageObject","inLanguage":"es","@id":"https:\/\/secure.gravatar.com\/avatar\/a89f802b8de18c6952f223c88d3d106e9e3679839f4e25a02f4a6cc2ae6ba3b3?s=96&d=mm&r=g","url":"https:\/\/secure.gravatar.com\/avatar\/a89f802b8de18c6952f223c88d3d106e9e3679839f4e25a02f4a6cc2ae6ba3b3?s=96&d=mm&r=g","contentUrl":"https:\/\/secure.gravatar.com\/avatar\/a89f802b8de18c6952f223c88d3d106e9e3679839f4e25a02f4a6cc2ae6ba3b3?s=96&d=mm&r=g","caption":"Expresso Metropolitano"},"url":"https:\/\/expressometro.mx\/index.php\/author\/diego\/"}]}},"amp_enabled":true,"_links":{"self":[{"href":"https:\/\/expressometro.mx\/index.php\/wp-json\/wp\/v2\/posts\/678","targetHints":{"allow":["GET"]}}],"collection":[{"href":"https:\/\/expressometro.mx\/index.php\/wp-json\/wp\/v2\/posts"}],"about":[{"href":"https:\/\/expressometro.mx\/index.php\/wp-json\/wp\/v2\/types\/post"}],"author":[{"embeddable":true,"href":"https:\/\/expressometro.mx\/index.php\/wp-json\/wp\/v2\/users\/1"}],"replies":[{"embeddable":true,"href":"https:\/\/expressometro.mx\/index.php\/wp-json\/wp\/v2\/comments?post=678"}],"version-history":[{"count":1,"href":"https:\/\/expressometro.mx\/index.php\/wp-json\/wp\/v2\/posts\/678\/revisions"}],"predecessor-version":[{"id":680,"href":"https:\/\/expressometro.mx\/index.php\/wp-json\/wp\/v2\/posts\/678\/revisions\/680"}],"wp:featuredmedia":[{"embeddable":true,"href":"https:\/\/expressometro.mx\/index.php\/wp-json\/wp\/v2\/media\/679"}],"wp:attachment":[{"href":"https:\/\/expressometro.mx\/index.php\/wp-json\/wp\/v2\/media?parent=678"}],"wp:term":[{"taxonomy":"category","embeddable":true,"href":"https:\/\/expressometro.mx\/index.php\/wp-json\/wp\/v2\/categories?post=678"},{"taxonomy":"post_tag","embeddable":true,"href":"https:\/\/expressometro.mx\/index.php\/wp-json\/wp\/v2\/tags?post=678"}],"curies":[{"name":"wp","href":"https:\/\/api.w.org\/{rel}","templated":true}]}}