{"id":6733,"date":"2022-11-24T20:59:22","date_gmt":"2022-11-25T02:59:22","guid":{"rendered":"https:\/\/expressometro.mx\/?p=6733"},"modified":"2022-11-24T20:59:23","modified_gmt":"2022-11-25T02:59:23","slug":"jocotitlan-a-paso-imparable-con-mas-vialidades","status":"publish","type":"post","link":"https:\/\/expressometro.mx\/index.php\/2022\/11\/24\/jocotitlan-a-paso-imparable-con-mas-vialidades\/","title":{"rendered":"JOCOTITLAN A PASO IMPARABLE CON M\u00c1S VIALIDADES"},"content":{"rendered":"\n<p>El presidente municipal de Jocotitl\u00e1n, Jes\u00fas Cedillo Gonz\u00e1lez, aceler\u00f3 el proceso de mejoras en la infraestructura vial y de inauguraci\u00f3n de calles que permitir\u00e1n beneficios a la poblaci\u00f3n.<\/p>\n\n\n\n<p>Con la finalidad de mejorar las condiciones de infraestructura vial en el Municipio, el Alcalde entreg\u00f3 la primera etapa de la calle Sin Nombre de la Comunidad de Boyecha, dejando claro que es un gobierno que trabaja de la mano de la ciudadan\u00eda y optimiza la calidad de vida de la sociedad.<\/p>\n\n\n\n<p>Tambi\u00e9n se avanz\u00f3 con m\u00e1s v\u00edas de comunicaci\u00f3n de calidad al ser inaugurada la calle \u201cEl Zapote\u201d de la Comunidad de Casandej\u00e9 con lo que se mejorar\u00e1 el acceso y tr\u00e1nsito de todos los habitantes de \u00e9ste lugar.<\/p>\n\n\n\n<p>De igual forma se trabaj\u00f3 para inaugurar la obra de la calle principal de Meje de gran beneficio para los habitantes de la comunidad, mejorando con ello el desarrollo social y econ\u00f3mico.<\/p>\n\n\n\n<p>En gira de trabajo, el Presidente Municipal Jes\u00fas Cedillo Gonz\u00e1lez entreg\u00f3 obra de la calle \u201cEl Fresno\u201d de San Miguel Tenochtitl\u00e1n; \u201ccon \u00e9stas acciones seguiremos avanzando de la mano de los Jocotitlenses con la participaci\u00f3n ciudadana, porque \u00e9stas construcciones generan m\u00e1s seguridad a quienes transitan por las v\u00edas de comunicaci\u00f3n\u201d, dijo.<\/p>\n\n\n\n<p>Asimismo, sostuvo que en Jocotitl\u00e1n se trabaja en equipo sociedad y gobierno, en la Comunidad de Santiago Casandej\u00e9 donde se inaugur\u00f3 la obra de la calle Sin Nombre que conecta al nuevo pozo de agua potable.<\/p>\n\n\n\n<p>Atendiendo las necesidades que por a\u00f1os ha sido una prioridad para los habitantes de Tiacaque en cuanto a servicios, el Presidente Municipal Jes\u00fas Cedillo Gonz\u00e1lez inaugur\u00f3 el drenaje sanitario en la calle Sin Nombre, el cual const\u00f3 de tubo de concreto de 30 cm de di\u00e1metro y construcci\u00f3n de registros; \u00e9sta acci\u00f3n beneficia a las familias y vecinos de dicha Comunidad, un logro alcanzado que es realidad gracias a todas y todos los que buscan que siga progresando Jocotitl\u00e1n.<\/p>\n\n\n\n<p>\u201cEscuchamos y atendemos las inquietudes y necesidades de la ciudadan\u00eda, por ello se supervis\u00f3 los trabajos de bacheo que se llevan a cabo en la carretera de San Jacinto\u201d, agreg\u00f3.<\/p>\n\n\n\n<p><img decoding=\"async\" width=\"150\" height=\"100\" class=\"wp-image-6734\" style=\"width: 150px;\" src=\"http:\/\/expressometro.mx\/wp-content\/uploads\/2022\/11\/IMG-20221124-WA0042.jpg\" alt=\"\" srcset=\"https:\/\/expressometro.mx\/wp-content\/uploads\/2022\/11\/IMG-20221124-WA0042.jpg 960w, https:\/\/expressometro.mx\/wp-content\/uploads\/2022\/11\/IMG-20221124-WA0042-548x365.jpg 548w, https:\/\/expressometro.mx\/wp-content\/uploads\/2022\/11\/IMG-20221124-WA0042-720x480.jpg 720w, https:\/\/expressometro.mx\/wp-content\/uploads\/2022\/11\/IMG-20221124-WA0042-768x512.jpg 768w\" sizes=\"(max-width: 150px) 100vw, 150px\" \/><\/p>\n\n\n\n<p><img decoding=\"async\" width=\"150\" height=\"100\" class=\"wp-image-6735\" style=\"width: 150px;\" src=\"http:\/\/expressometro.mx\/wp-content\/uploads\/2022\/11\/IMG-20221124-WA0041.jpg\" alt=\"\" srcset=\"https:\/\/expressometro.mx\/wp-content\/uploads\/2022\/11\/IMG-20221124-WA0041.jpg 960w, https:\/\/expressometro.mx\/wp-content\/uploads\/2022\/11\/IMG-20221124-WA0041-548x365.jpg 548w, https:\/\/expressometro.mx\/wp-content\/uploads\/2022\/11\/IMG-20221124-WA0041-720x480.jpg 720w, https:\/\/expressometro.mx\/wp-content\/uploads\/2022\/11\/IMG-20221124-WA0041-768x512.jpg 768w\" sizes=\"(max-width: 150px) 100vw, 150px\" \/><\/p>\n\n\n\n<p><img decoding=\"async\" width=\"150\" height=\"100\" class=\"wp-image-6736\" style=\"width: 150px;\" src=\"http:\/\/expressometro.mx\/wp-content\/uploads\/2022\/11\/IMG-20221124-WA0040.jpg\" alt=\"\" srcset=\"https:\/\/expressometro.mx\/wp-content\/uploads\/2022\/11\/IMG-20221124-WA0040.jpg 960w, https:\/\/expressometro.mx\/wp-content\/uploads\/2022\/11\/IMG-20221124-WA0040-548x365.jpg 548w, https:\/\/expressometro.mx\/wp-content\/uploads\/2022\/11\/IMG-20221124-WA0040-720x480.jpg 720w, https:\/\/expressometro.mx\/wp-content\/uploads\/2022\/11\/IMG-20221124-WA0040-768x512.jpg 768w\" sizes=\"(max-width: 150px) 100vw, 150px\" \/><\/p>\n","protected":false},"excerpt":{"rendered":"<p>El presidente municipal de Jocotitl\u00e1n, Jes\u00fas Cedillo Gonz\u00e1lez, aceler\u00f3 el proceso de mejoras en la infraestructura vial y de inauguraci\u00f3n de calles que permitir\u00e1n beneficios a la poblaci\u00f3n. Con la finalidad de mejorar las condiciones de infraestructura vial en el Municipio, el Alcalde entreg\u00f3 la primera etapa de la calle Sin Nombre de la Comunidad de Boyecha, dejando claro que es un gobierno que trabaja de la mano de la ciudadan\u00eda y optimiza la calidad de vida de la sociedad. Tambi\u00e9n se avanz\u00f3 con m\u00e1s v\u00edas de comunicaci\u00f3n de calidad&hellip;<\/p>\n","protected":false},"author":2,"featured_media":0,"comment_status":"open","ping_status":"open","sticky":false,"template":"","format":"standard","meta":{"footnotes":""},"categories":[1],"tags":[],"class_list":["post-6733","post","type-post","status-publish","format-standard","hentry","category-otros"],"yoast_head":"<!-- This site is optimized with the Yoast SEO plugin v27.4 - https:\/\/yoast.com\/product\/yoast-seo-wordpress\/ -->\n<title>JOCOTITLAN A PASO IMPARABLE CON M\u00c1S VIALIDADES - Expresso Metropolitano<\/title>\n<meta name=\"robots\" content=\"index, follow, max-snippet:-1, max-image-preview:large, max-video-preview:-1\" \/>\n<link rel=\"canonical\" href=\"https:\/\/expressometro.mx\/index.php\/2022\/11\/24\/jocotitlan-a-paso-imparable-con-mas-vialidades\/\" \/>\n<meta property=\"og:locale\" content=\"es_MX\" \/>\n<meta property=\"og:type\" content=\"article\" \/>\n<meta property=\"og:title\" content=\"JOCOTITLAN A PASO IMPARABLE CON M\u00c1S VIALIDADES - Expresso Metropolitano\" \/>\n<meta property=\"og:description\" content=\"El presidente municipal de Jocotitl\u00e1n, Jes\u00fas Cedillo Gonz\u00e1lez, aceler\u00f3 el proceso de mejoras en la infraestructura vial y de inauguraci\u00f3n de calles que permitir\u00e1n beneficios a la poblaci\u00f3n. Con la finalidad de mejorar las condiciones de infraestructura vial en el Municipio, el Alcalde entreg\u00f3 la primera etapa de la calle Sin Nombre de la Comunidad de Boyecha, dejando claro que es un gobierno que trabaja de la mano de la ciudadan\u00eda y optimiza la calidad de vida de la sociedad. Tambi\u00e9n se avanz\u00f3 con m\u00e1s v\u00edas de comunicaci\u00f3n de calidad&hellip;\" \/>\n<meta property=\"og:url\" content=\"https:\/\/expressometro.mx\/index.php\/2022\/11\/24\/jocotitlan-a-paso-imparable-con-mas-vialidades\/\" \/>\n<meta property=\"og:site_name\" content=\"Expresso Metropolitano\" \/>\n<meta property=\"article:published_time\" content=\"2022-11-25T02:59:22+00:00\" \/>\n<meta property=\"article:modified_time\" content=\"2022-11-25T02:59:23+00:00\" \/>\n<meta property=\"og:image\" content=\"http:\/\/expressometro.mx\/wp-content\/uploads\/2022\/11\/IMG-20221124-WA0042.jpg\" \/>\n<meta name=\"author\" content=\"Cecilia Vega\" \/>\n<meta name=\"twitter:label1\" content=\"Escrito por\" \/>\n\t<meta name=\"twitter:data1\" content=\"Cecilia Vega\" \/>\n\t<meta name=\"twitter:label2\" content=\"Tiempo de lectura\" \/>\n\t<meta name=\"twitter:data2\" content=\"3 minutos\" \/>\n<script type=\"application\/ld+json\" class=\"yoast-schema-graph\">{\"@context\":\"https:\\\/\\\/schema.org\",\"@graph\":[{\"@type\":\"Article\",\"@id\":\"https:\\\/\\\/expressometro.mx\\\/index.php\\\/2022\\\/11\\\/24\\\/jocotitlan-a-paso-imparable-con-mas-vialidades\\\/#article\",\"isPartOf\":{\"@id\":\"https:\\\/\\\/expressometro.mx\\\/index.php\\\/2022\\\/11\\\/24\\\/jocotitlan-a-paso-imparable-con-mas-vialidades\\\/\"},\"author\":{\"name\":\"Cecilia Vega\",\"@id\":\"https:\\\/\\\/expressometro.mx\\\/#\\\/schema\\\/person\\\/67a95b8e3862085c7598f66237488f1f\"},\"headline\":\"JOCOTITLAN A PASO IMPARABLE CON M\u00c1S VIALIDADES\",\"datePublished\":\"2022-11-25T02:59:22+00:00\",\"dateModified\":\"2022-11-25T02:59:23+00:00\",\"mainEntityOfPage\":{\"@id\":\"https:\\\/\\\/expressometro.mx\\\/index.php\\\/2022\\\/11\\\/24\\\/jocotitlan-a-paso-imparable-con-mas-vialidades\\\/\"},\"wordCount\":382,\"commentCount\":0,\"publisher\":{\"@id\":\"https:\\\/\\\/expressometro.mx\\\/#organization\"},\"image\":{\"@id\":\"https:\\\/\\\/expressometro.mx\\\/index.php\\\/2022\\\/11\\\/24\\\/jocotitlan-a-paso-imparable-con-mas-vialidades\\\/#primaryimage\"},\"thumbnailUrl\":\"http:\\\/\\\/expressometro.mx\\\/wp-content\\\/uploads\\\/2022\\\/11\\\/IMG-20221124-WA0042.jpg\",\"articleSection\":[\"Otros\"],\"inLanguage\":\"es\",\"potentialAction\":[{\"@type\":\"CommentAction\",\"name\":\"Comment\",\"target\":[\"https:\\\/\\\/expressometro.mx\\\/index.php\\\/2022\\\/11\\\/24\\\/jocotitlan-a-paso-imparable-con-mas-vialidades\\\/#respond\"]}]},{\"@type\":\"WebPage\",\"@id\":\"https:\\\/\\\/expressometro.mx\\\/index.php\\\/2022\\\/11\\\/24\\\/jocotitlan-a-paso-imparable-con-mas-vialidades\\\/\",\"url\":\"https:\\\/\\\/expressometro.mx\\\/index.php\\\/2022\\\/11\\\/24\\\/jocotitlan-a-paso-imparable-con-mas-vialidades\\\/\",\"name\":\"JOCOTITLAN A PASO IMPARABLE CON M\u00c1S VIALIDADES - Expresso Metropolitano\",\"isPartOf\":{\"@id\":\"https:\\\/\\\/expressometro.mx\\\/#website\"},\"primaryImageOfPage\":{\"@id\":\"https:\\\/\\\/expressometro.mx\\\/index.php\\\/2022\\\/11\\\/24\\\/jocotitlan-a-paso-imparable-con-mas-vialidades\\\/#primaryimage\"},\"image\":{\"@id\":\"https:\\\/\\\/expressometro.mx\\\/index.php\\\/2022\\\/11\\\/24\\\/jocotitlan-a-paso-imparable-con-mas-vialidades\\\/#primaryimage\"},\"thumbnailUrl\":\"http:\\\/\\\/expressometro.mx\\\/wp-content\\\/uploads\\\/2022\\\/11\\\/IMG-20221124-WA0042.jpg\",\"datePublished\":\"2022-11-25T02:59:22+00:00\",\"dateModified\":\"2022-11-25T02:59:23+00:00\",\"breadcrumb\":{\"@id\":\"https:\\\/\\\/expressometro.mx\\\/index.php\\\/2022\\\/11\\\/24\\\/jocotitlan-a-paso-imparable-con-mas-vialidades\\\/#breadcrumb\"},\"inLanguage\":\"es\",\"potentialAction\":[{\"@type\":\"ReadAction\",\"target\":[\"https:\\\/\\\/expressometro.mx\\\/index.php\\\/2022\\\/11\\\/24\\\/jocotitlan-a-paso-imparable-con-mas-vialidades\\\/\"]}]},{\"@type\":\"ImageObject\",\"inLanguage\":\"es\",\"@id\":\"https:\\\/\\\/expressometro.mx\\\/index.php\\\/2022\\\/11\\\/24\\\/jocotitlan-a-paso-imparable-con-mas-vialidades\\\/#primaryimage\",\"url\":\"https:\\\/\\\/expressometro.mx\\\/wp-content\\\/uploads\\\/2022\\\/11\\\/IMG-20221124-WA0042.jpg\",\"contentUrl\":\"https:\\\/\\\/expressometro.mx\\\/wp-content\\\/uploads\\\/2022\\\/11\\\/IMG-20221124-WA0042.jpg\",\"width\":960,\"height\":640},{\"@type\":\"BreadcrumbList\",\"@id\":\"https:\\\/\\\/expressometro.mx\\\/index.php\\\/2022\\\/11\\\/24\\\/jocotitlan-a-paso-imparable-con-mas-vialidades\\\/#breadcrumb\",\"itemListElement\":[{\"@type\":\"ListItem\",\"position\":1,\"name\":\"Inicio\",\"item\":\"https:\\\/\\\/expressometro.mx\\\/\"},{\"@type\":\"ListItem\",\"position\":2,\"name\":\"JOCOTITLAN A PASO IMPARABLE CON M\u00c1S VIALIDADES\"}]},{\"@type\":\"WebSite\",\"@id\":\"https:\\\/\\\/expressometro.mx\\\/#website\",\"url\":\"https:\\\/\\\/expressometro.mx\\\/\",\"name\":\"Expresso Metropolitano\",\"description\":\"Periodismo comprometido, informaci\u00f3n, investigaci\u00f3n y an\u00e1lisis\",\"publisher\":{\"@id\":\"https:\\\/\\\/expressometro.mx\\\/#organization\"},\"potentialAction\":[{\"@type\":\"SearchAction\",\"target\":{\"@type\":\"EntryPoint\",\"urlTemplate\":\"https:\\\/\\\/expressometro.mx\\\/?s={search_term_string}\"},\"query-input\":{\"@type\":\"PropertyValueSpecification\",\"valueRequired\":true,\"valueName\":\"search_term_string\"}}],\"inLanguage\":\"es\"},{\"@type\":\"Organization\",\"@id\":\"https:\\\/\\\/expressometro.mx\\\/#organization\",\"name\":\"Expresso Metropolitano\",\"url\":\"https:\\\/\\\/expressometro.mx\\\/\",\"logo\":{\"@type\":\"ImageObject\",\"inLanguage\":\"es\",\"@id\":\"https:\\\/\\\/expressometro.mx\\\/#\\\/schema\\\/logo\\\/image\\\/\",\"url\":\"https:\\\/\\\/expressometro.mx\\\/wp-content\\\/uploads\\\/2019\\\/07\\\/cropped-Logo-Expresso-Metropolitano-1-1.jpeg\",\"contentUrl\":\"https:\\\/\\\/expressometro.mx\\\/wp-content\\\/uploads\\\/2019\\\/07\\\/cropped-Logo-Expresso-Metropolitano-1-1.jpeg\",\"width\":290,\"height\":73,\"caption\":\"Expresso Metropolitano\"},\"image\":{\"@id\":\"https:\\\/\\\/expressometro.mx\\\/#\\\/schema\\\/logo\\\/image\\\/\"}},{\"@type\":\"Person\",\"@id\":\"https:\\\/\\\/expressometro.mx\\\/#\\\/schema\\\/person\\\/67a95b8e3862085c7598f66237488f1f\",\"name\":\"Cecilia Vega\",\"image\":{\"@type\":\"ImageObject\",\"inLanguage\":\"es\",\"@id\":\"https:\\\/\\\/secure.gravatar.com\\\/avatar\\\/13aae9944ab2ee472a9e407c9487fdbd03b049abaa559af32fe5dbcf615c981b?s=96&d=mm&r=g\",\"url\":\"https:\\\/\\\/secure.gravatar.com\\\/avatar\\\/13aae9944ab2ee472a9e407c9487fdbd03b049abaa559af32fe5dbcf615c981b?s=96&d=mm&r=g\",\"contentUrl\":\"https:\\\/\\\/secure.gravatar.com\\\/avatar\\\/13aae9944ab2ee472a9e407c9487fdbd03b049abaa559af32fe5dbcf615c981b?s=96&d=mm&r=g\",\"caption\":\"Cecilia Vega\"},\"url\":\"https:\\\/\\\/expressometro.mx\\\/index.php\\\/author\\\/cecilia-vega\\\/\"}]}<\/script>\n<!-- \/ Yoast SEO plugin. -->","yoast_head_json":{"title":"JOCOTITLAN A PASO IMPARABLE CON M\u00c1S VIALIDADES - Expresso Metropolitano","robots":{"index":"index","follow":"follow","max-snippet":"max-snippet:-1","max-image-preview":"max-image-preview:large","max-video-preview":"max-video-preview:-1"},"canonical":"https:\/\/expressometro.mx\/index.php\/2022\/11\/24\/jocotitlan-a-paso-imparable-con-mas-vialidades\/","og_locale":"es_MX","og_type":"article","og_title":"JOCOTITLAN A PASO IMPARABLE CON M\u00c1S VIALIDADES - Expresso Metropolitano","og_description":"El presidente municipal de Jocotitl\u00e1n, Jes\u00fas Cedillo Gonz\u00e1lez, aceler\u00f3 el proceso de mejoras en la infraestructura vial y de inauguraci\u00f3n de calles que permitir\u00e1n beneficios a la poblaci\u00f3n. Con la finalidad de mejorar las condiciones de infraestructura vial en el Municipio, el Alcalde entreg\u00f3 la primera etapa de la calle Sin Nombre de la Comunidad de Boyecha, dejando claro que es un gobierno que trabaja de la mano de la ciudadan\u00eda y optimiza la calidad de vida de la sociedad. Tambi\u00e9n se avanz\u00f3 con m\u00e1s v\u00edas de comunicaci\u00f3n de calidad&hellip;","og_url":"https:\/\/expressometro.mx\/index.php\/2022\/11\/24\/jocotitlan-a-paso-imparable-con-mas-vialidades\/","og_site_name":"Expresso Metropolitano","article_published_time":"2022-11-25T02:59:22+00:00","article_modified_time":"2022-11-25T02:59:23+00:00","og_image":[{"url":"http:\/\/expressometro.mx\/wp-content\/uploads\/2022\/11\/IMG-20221124-WA0042.jpg","type":"","width":"","height":""}],"author":"Cecilia Vega","twitter_misc":{"Escrito por":"Cecilia Vega","Tiempo de lectura":"3 minutos"},"schema":{"@context":"https:\/\/schema.org","@graph":[{"@type":"Article","@id":"https:\/\/expressometro.mx\/index.php\/2022\/11\/24\/jocotitlan-a-paso-imparable-con-mas-vialidades\/#article","isPartOf":{"@id":"https:\/\/expressometro.mx\/index.php\/2022\/11\/24\/jocotitlan-a-paso-imparable-con-mas-vialidades\/"},"author":{"name":"Cecilia Vega","@id":"https:\/\/expressometro.mx\/#\/schema\/person\/67a95b8e3862085c7598f66237488f1f"},"headline":"JOCOTITLAN A PASO IMPARABLE CON M\u00c1S VIALIDADES","datePublished":"2022-11-25T02:59:22+00:00","dateModified":"2022-11-25T02:59:23+00:00","mainEntityOfPage":{"@id":"https:\/\/expressometro.mx\/index.php\/2022\/11\/24\/jocotitlan-a-paso-imparable-con-mas-vialidades\/"},"wordCount":382,"commentCount":0,"publisher":{"@id":"https:\/\/expressometro.mx\/#organization"},"image":{"@id":"https:\/\/expressometro.mx\/index.php\/2022\/11\/24\/jocotitlan-a-paso-imparable-con-mas-vialidades\/#primaryimage"},"thumbnailUrl":"http:\/\/expressometro.mx\/wp-content\/uploads\/2022\/11\/IMG-20221124-WA0042.jpg","articleSection":["Otros"],"inLanguage":"es","potentialAction":[{"@type":"CommentAction","name":"Comment","target":["https:\/\/expressometro.mx\/index.php\/2022\/11\/24\/jocotitlan-a-paso-imparable-con-mas-vialidades\/#respond"]}]},{"@type":"WebPage","@id":"https:\/\/expressometro.mx\/index.php\/2022\/11\/24\/jocotitlan-a-paso-imparable-con-mas-vialidades\/","url":"https:\/\/expressometro.mx\/index.php\/2022\/11\/24\/jocotitlan-a-paso-imparable-con-mas-vialidades\/","name":"JOCOTITLAN A PASO IMPARABLE CON M\u00c1S VIALIDADES - Expresso Metropolitano","isPartOf":{"@id":"https:\/\/expressometro.mx\/#website"},"primaryImageOfPage":{"@id":"https:\/\/expressometro.mx\/index.php\/2022\/11\/24\/jocotitlan-a-paso-imparable-con-mas-vialidades\/#primaryimage"},"image":{"@id":"https:\/\/expressometro.mx\/index.php\/2022\/11\/24\/jocotitlan-a-paso-imparable-con-mas-vialidades\/#primaryimage"},"thumbnailUrl":"http:\/\/expressometro.mx\/wp-content\/uploads\/2022\/11\/IMG-20221124-WA0042.jpg","datePublished":"2022-11-25T02:59:22+00:00","dateModified":"2022-11-25T02:59:23+00:00","breadcrumb":{"@id":"https:\/\/expressometro.mx\/index.php\/2022\/11\/24\/jocotitlan-a-paso-imparable-con-mas-vialidades\/#breadcrumb"},"inLanguage":"es","potentialAction":[{"@type":"ReadAction","target":["https:\/\/expressometro.mx\/index.php\/2022\/11\/24\/jocotitlan-a-paso-imparable-con-mas-vialidades\/"]}]},{"@type":"ImageObject","inLanguage":"es","@id":"https:\/\/expressometro.mx\/index.php\/2022\/11\/24\/jocotitlan-a-paso-imparable-con-mas-vialidades\/#primaryimage","url":"https:\/\/expressometro.mx\/wp-content\/uploads\/2022\/11\/IMG-20221124-WA0042.jpg","contentUrl":"https:\/\/expressometro.mx\/wp-content\/uploads\/2022\/11\/IMG-20221124-WA0042.jpg","width":960,"height":640},{"@type":"BreadcrumbList","@id":"https:\/\/expressometro.mx\/index.php\/2022\/11\/24\/jocotitlan-a-paso-imparable-con-mas-vialidades\/#breadcrumb","itemListElement":[{"@type":"ListItem","position":1,"name":"Inicio","item":"https:\/\/expressometro.mx\/"},{"@type":"ListItem","position":2,"name":"JOCOTITLAN A PASO IMPARABLE CON M\u00c1S VIALIDADES"}]},{"@type":"WebSite","@id":"https:\/\/expressometro.mx\/#website","url":"https:\/\/expressometro.mx\/","name":"Expresso Metropolitano","description":"Periodismo comprometido, informaci\u00f3n, investigaci\u00f3n y an\u00e1lisis","publisher":{"@id":"https:\/\/expressometro.mx\/#organization"},"potentialAction":[{"@type":"SearchAction","target":{"@type":"EntryPoint","urlTemplate":"https:\/\/expressometro.mx\/?s={search_term_string}"},"query-input":{"@type":"PropertyValueSpecification","valueRequired":true,"valueName":"search_term_string"}}],"inLanguage":"es"},{"@type":"Organization","@id":"https:\/\/expressometro.mx\/#organization","name":"Expresso Metropolitano","url":"https:\/\/expressometro.mx\/","logo":{"@type":"ImageObject","inLanguage":"es","@id":"https:\/\/expressometro.mx\/#\/schema\/logo\/image\/","url":"https:\/\/expressometro.mx\/wp-content\/uploads\/2019\/07\/cropped-Logo-Expresso-Metropolitano-1-1.jpeg","contentUrl":"https:\/\/expressometro.mx\/wp-content\/uploads\/2019\/07\/cropped-Logo-Expresso-Metropolitano-1-1.jpeg","width":290,"height":73,"caption":"Expresso Metropolitano"},"image":{"@id":"https:\/\/expressometro.mx\/#\/schema\/logo\/image\/"}},{"@type":"Person","@id":"https:\/\/expressometro.mx\/#\/schema\/person\/67a95b8e3862085c7598f66237488f1f","name":"Cecilia Vega","image":{"@type":"ImageObject","inLanguage":"es","@id":"https:\/\/secure.gravatar.com\/avatar\/13aae9944ab2ee472a9e407c9487fdbd03b049abaa559af32fe5dbcf615c981b?s=96&d=mm&r=g","url":"https:\/\/secure.gravatar.com\/avatar\/13aae9944ab2ee472a9e407c9487fdbd03b049abaa559af32fe5dbcf615c981b?s=96&d=mm&r=g","contentUrl":"https:\/\/secure.gravatar.com\/avatar\/13aae9944ab2ee472a9e407c9487fdbd03b049abaa559af32fe5dbcf615c981b?s=96&d=mm&r=g","caption":"Cecilia Vega"},"url":"https:\/\/expressometro.mx\/index.php\/author\/cecilia-vega\/"}]}},"amp_enabled":true,"_links":{"self":[{"href":"https:\/\/expressometro.mx\/index.php\/wp-json\/wp\/v2\/posts\/6733","targetHints":{"allow":["GET"]}}],"collection":[{"href":"https:\/\/expressometro.mx\/index.php\/wp-json\/wp\/v2\/posts"}],"about":[{"href":"https:\/\/expressometro.mx\/index.php\/wp-json\/wp\/v2\/types\/post"}],"author":[{"embeddable":true,"href":"https:\/\/expressometro.mx\/index.php\/wp-json\/wp\/v2\/users\/2"}],"replies":[{"embeddable":true,"href":"https:\/\/expressometro.mx\/index.php\/wp-json\/wp\/v2\/comments?post=6733"}],"version-history":[{"count":1,"href":"https:\/\/expressometro.mx\/index.php\/wp-json\/wp\/v2\/posts\/6733\/revisions"}],"predecessor-version":[{"id":6738,"href":"https:\/\/expressometro.mx\/index.php\/wp-json\/wp\/v2\/posts\/6733\/revisions\/6738"}],"wp:attachment":[{"href":"https:\/\/expressometro.mx\/index.php\/wp-json\/wp\/v2\/media?parent=6733"}],"wp:term":[{"taxonomy":"category","embeddable":true,"href":"https:\/\/expressometro.mx\/index.php\/wp-json\/wp\/v2\/categories?post=6733"},{"taxonomy":"post_tag","embeddable":true,"href":"https:\/\/expressometro.mx\/index.php\/wp-json\/wp\/v2\/tags?post=6733"}],"curies":[{"name":"wp","href":"https:\/\/api.w.org\/{rel}","templated":true}]}}