{"id":6723,"date":"2022-11-23T20:11:00","date_gmt":"2022-11-24T02:11:00","guid":{"rendered":"https:\/\/expressometro.mx\/?p=6723"},"modified":"2022-11-24T20:15:51","modified_gmt":"2022-11-25T02:15:51","slug":"siguen-las-obras-en-ixtlahuaca","status":"publish","type":"post","link":"https:\/\/expressometro.mx\/index.php\/2022\/11\/23\/siguen-las-obras-en-ixtlahuaca\/","title":{"rendered":"SIGUEN LAS OBRAS EN IXTLAHUACA"},"content":{"rendered":"\n<p><\/p>\n\n\n\n<p><\/p>\n\n\n\n<p>El diputado federal Gustavo C\u00e1rdenas Monroy en coordinaci\u00f3n con el presidente municipal de Ixtlahuaca Abuzeid Lozano procedieron al mantenimiento de banquetas y guarniciones como parte de las actividades programadas para beneficio de los vecinos.<\/p>\n\n\n\n<p>En el acto, dejaron en claro que se trata de fortalecer el rubro de la movilidad teniendo los se\u00f1alamientos de las zonas peatonales para la seguridad de los automovilistas y peatones.<\/p>\n\n\n\n<p>De esta manera se busca un cambio a la imagen de las avenidas de la cabecera del municipio de Ixtlahuaca.<\/p>\n\n\n\n<p>El diputado federal Gustavo C\u00e1rdenas Monroy y el presidente municipal de Ixtlahuaca Abuzeid Lozano dieron a conocer el resultado de las gestiones que realiza para la ciudadan\u00eda.<\/p>\n\n\n\n<p><img decoding=\"async\" width=\"150\" height=\"267\" class=\"wp-image-6725\" style=\"width: 150px;\" src=\"http:\/\/expressometro.mx\/wp-content\/uploads\/2022\/11\/FB_IMG_1669342314692.jpg\" alt=\"\" srcset=\"https:\/\/expressometro.mx\/wp-content\/uploads\/2022\/11\/FB_IMG_1669342314692.jpg 540w, https:\/\/expressometro.mx\/wp-content\/uploads\/2022\/11\/FB_IMG_1669342314692-205x365.jpg 205w, https:\/\/expressometro.mx\/wp-content\/uploads\/2022\/11\/FB_IMG_1669342314692-270x480.jpg 270w\" sizes=\"(max-width: 150px) 100vw, 150px\" \/><\/p>\n\n\n\n<p><img decoding=\"async\" width=\"150\" height=\"84\" class=\"wp-image-6726\" style=\"width: 150px;\" src=\"http:\/\/expressometro.mx\/wp-content\/uploads\/2022\/11\/FB_IMG_1669342322676.jpg\" alt=\"\" srcset=\"https:\/\/expressometro.mx\/wp-content\/uploads\/2022\/11\/FB_IMG_1669342322676.jpg 720w, https:\/\/expressometro.mx\/wp-content\/uploads\/2022\/11\/FB_IMG_1669342322676-649x365.jpg 649w, https:\/\/expressometro.mx\/wp-content\/uploads\/2022\/11\/FB_IMG_1669342322676-500x280.jpg 500w\" sizes=\"(max-width: 150px) 100vw, 150px\" \/><\/p>\n","protected":false},"excerpt":{"rendered":"<p>El diputado federal Gustavo C\u00e1rdenas Monroy en coordinaci\u00f3n con el presidente municipal de Ixtlahuaca Abuzeid Lozano procedieron al mantenimiento de banquetas y guarniciones como parte de las actividades programadas para beneficio de los vecinos. En el acto, dejaron en claro que se trata de fortalecer el rubro de la movilidad teniendo los se\u00f1alamientos de las zonas peatonales para la seguridad de los automovilistas y peatones. De esta manera se busca un cambio a la imagen de las avenidas de la cabecera del municipio de Ixtlahuaca. El diputado federal Gustavo C\u00e1rdenas&hellip;<\/p>\n","protected":false},"author":2,"featured_media":0,"comment_status":"open","ping_status":"open","sticky":false,"template":"","format":"standard","meta":{"footnotes":""},"categories":[1],"tags":[],"class_list":["post-6723","post","type-post","status-publish","format-standard","hentry","category-otros"],"yoast_head":"<!-- This site is optimized with the Yoast SEO plugin v27.4 - https:\/\/yoast.com\/product\/yoast-seo-wordpress\/ -->\n<title>SIGUEN LAS OBRAS EN IXTLAHUACA - Expresso Metropolitano<\/title>\n<meta name=\"robots\" content=\"index, follow, max-snippet:-1, max-image-preview:large, max-video-preview:-1\" \/>\n<link rel=\"canonical\" href=\"https:\/\/expressometro.mx\/index.php\/2022\/11\/23\/siguen-las-obras-en-ixtlahuaca\/\" \/>\n<meta property=\"og:locale\" content=\"es_MX\" \/>\n<meta property=\"og:type\" content=\"article\" \/>\n<meta property=\"og:title\" content=\"SIGUEN LAS OBRAS EN IXTLAHUACA - Expresso Metropolitano\" \/>\n<meta property=\"og:description\" content=\"El diputado federal Gustavo C\u00e1rdenas Monroy en coordinaci\u00f3n con el presidente municipal de Ixtlahuaca Abuzeid Lozano procedieron al mantenimiento de banquetas y guarniciones como parte de las actividades programadas para beneficio de los vecinos. En el acto, dejaron en claro que se trata de fortalecer el rubro de la movilidad teniendo los se\u00f1alamientos de las zonas peatonales para la seguridad de los automovilistas y peatones. De esta manera se busca un cambio a la imagen de las avenidas de la cabecera del municipio de Ixtlahuaca. El diputado federal Gustavo C\u00e1rdenas&hellip;\" \/>\n<meta property=\"og:url\" content=\"https:\/\/expressometro.mx\/index.php\/2022\/11\/23\/siguen-las-obras-en-ixtlahuaca\/\" \/>\n<meta property=\"og:site_name\" content=\"Expresso Metropolitano\" \/>\n<meta property=\"article:published_time\" content=\"2022-11-24T02:11:00+00:00\" \/>\n<meta property=\"article:modified_time\" content=\"2022-11-25T02:15:51+00:00\" \/>\n<meta property=\"og:image\" content=\"http:\/\/expressometro.mx\/wp-content\/uploads\/2022\/11\/FB_IMG_1669342314692.jpg\" \/>\n<meta name=\"author\" content=\"Cecilia Vega\" \/>\n<meta name=\"twitter:label1\" content=\"Escrito por\" \/>\n\t<meta name=\"twitter:data1\" content=\"Cecilia Vega\" \/>\n\t<meta name=\"twitter:label2\" content=\"Tiempo de lectura\" \/>\n\t<meta name=\"twitter:data2\" content=\"1 minuto\" \/>\n<script type=\"application\/ld+json\" class=\"yoast-schema-graph\">{\"@context\":\"https:\\\/\\\/schema.org\",\"@graph\":[{\"@type\":\"Article\",\"@id\":\"https:\\\/\\\/expressometro.mx\\\/index.php\\\/2022\\\/11\\\/23\\\/siguen-las-obras-en-ixtlahuaca\\\/#article\",\"isPartOf\":{\"@id\":\"https:\\\/\\\/expressometro.mx\\\/index.php\\\/2022\\\/11\\\/23\\\/siguen-las-obras-en-ixtlahuaca\\\/\"},\"author\":{\"name\":\"Cecilia Vega\",\"@id\":\"https:\\\/\\\/expressometro.mx\\\/#\\\/schema\\\/person\\\/67a95b8e3862085c7598f66237488f1f\"},\"headline\":\"SIGUEN LAS OBRAS EN IXTLAHUACA\",\"datePublished\":\"2022-11-24T02:11:00+00:00\",\"dateModified\":\"2022-11-25T02:15:51+00:00\",\"mainEntityOfPage\":{\"@id\":\"https:\\\/\\\/expressometro.mx\\\/index.php\\\/2022\\\/11\\\/23\\\/siguen-las-obras-en-ixtlahuaca\\\/\"},\"wordCount\":122,\"commentCount\":0,\"publisher\":{\"@id\":\"https:\\\/\\\/expressometro.mx\\\/#organization\"},\"image\":{\"@id\":\"https:\\\/\\\/expressometro.mx\\\/index.php\\\/2022\\\/11\\\/23\\\/siguen-las-obras-en-ixtlahuaca\\\/#primaryimage\"},\"thumbnailUrl\":\"http:\\\/\\\/expressometro.mx\\\/wp-content\\\/uploads\\\/2022\\\/11\\\/FB_IMG_1669342314692.jpg\",\"articleSection\":[\"Otros\"],\"inLanguage\":\"es\",\"potentialAction\":[{\"@type\":\"CommentAction\",\"name\":\"Comment\",\"target\":[\"https:\\\/\\\/expressometro.mx\\\/index.php\\\/2022\\\/11\\\/23\\\/siguen-las-obras-en-ixtlahuaca\\\/#respond\"]}]},{\"@type\":\"WebPage\",\"@id\":\"https:\\\/\\\/expressometro.mx\\\/index.php\\\/2022\\\/11\\\/23\\\/siguen-las-obras-en-ixtlahuaca\\\/\",\"url\":\"https:\\\/\\\/expressometro.mx\\\/index.php\\\/2022\\\/11\\\/23\\\/siguen-las-obras-en-ixtlahuaca\\\/\",\"name\":\"SIGUEN LAS OBRAS EN IXTLAHUACA - Expresso Metropolitano\",\"isPartOf\":{\"@id\":\"https:\\\/\\\/expressometro.mx\\\/#website\"},\"primaryImageOfPage\":{\"@id\":\"https:\\\/\\\/expressometro.mx\\\/index.php\\\/2022\\\/11\\\/23\\\/siguen-las-obras-en-ixtlahuaca\\\/#primaryimage\"},\"image\":{\"@id\":\"https:\\\/\\\/expressometro.mx\\\/index.php\\\/2022\\\/11\\\/23\\\/siguen-las-obras-en-ixtlahuaca\\\/#primaryimage\"},\"thumbnailUrl\":\"http:\\\/\\\/expressometro.mx\\\/wp-content\\\/uploads\\\/2022\\\/11\\\/FB_IMG_1669342314692.jpg\",\"datePublished\":\"2022-11-24T02:11:00+00:00\",\"dateModified\":\"2022-11-25T02:15:51+00:00\",\"breadcrumb\":{\"@id\":\"https:\\\/\\\/expressometro.mx\\\/index.php\\\/2022\\\/11\\\/23\\\/siguen-las-obras-en-ixtlahuaca\\\/#breadcrumb\"},\"inLanguage\":\"es\",\"potentialAction\":[{\"@type\":\"ReadAction\",\"target\":[\"https:\\\/\\\/expressometro.mx\\\/index.php\\\/2022\\\/11\\\/23\\\/siguen-las-obras-en-ixtlahuaca\\\/\"]}]},{\"@type\":\"ImageObject\",\"inLanguage\":\"es\",\"@id\":\"https:\\\/\\\/expressometro.mx\\\/index.php\\\/2022\\\/11\\\/23\\\/siguen-las-obras-en-ixtlahuaca\\\/#primaryimage\",\"url\":\"http:\\\/\\\/expressometro.mx\\\/wp-content\\\/uploads\\\/2022\\\/11\\\/FB_IMG_1669342314692.jpg\",\"contentUrl\":\"http:\\\/\\\/expressometro.mx\\\/wp-content\\\/uploads\\\/2022\\\/11\\\/FB_IMG_1669342314692.jpg\"},{\"@type\":\"BreadcrumbList\",\"@id\":\"https:\\\/\\\/expressometro.mx\\\/index.php\\\/2022\\\/11\\\/23\\\/siguen-las-obras-en-ixtlahuaca\\\/#breadcrumb\",\"itemListElement\":[{\"@type\":\"ListItem\",\"position\":1,\"name\":\"Inicio\",\"item\":\"https:\\\/\\\/expressometro.mx\\\/\"},{\"@type\":\"ListItem\",\"position\":2,\"name\":\"SIGUEN LAS OBRAS EN IXTLAHUACA\"}]},{\"@type\":\"WebSite\",\"@id\":\"https:\\\/\\\/expressometro.mx\\\/#website\",\"url\":\"https:\\\/\\\/expressometro.mx\\\/\",\"name\":\"Expresso Metropolitano\",\"description\":\"Periodismo comprometido, informaci\u00f3n, investigaci\u00f3n y an\u00e1lisis\",\"publisher\":{\"@id\":\"https:\\\/\\\/expressometro.mx\\\/#organization\"},\"potentialAction\":[{\"@type\":\"SearchAction\",\"target\":{\"@type\":\"EntryPoint\",\"urlTemplate\":\"https:\\\/\\\/expressometro.mx\\\/?s={search_term_string}\"},\"query-input\":{\"@type\":\"PropertyValueSpecification\",\"valueRequired\":true,\"valueName\":\"search_term_string\"}}],\"inLanguage\":\"es\"},{\"@type\":\"Organization\",\"@id\":\"https:\\\/\\\/expressometro.mx\\\/#organization\",\"name\":\"Expresso Metropolitano\",\"url\":\"https:\\\/\\\/expressometro.mx\\\/\",\"logo\":{\"@type\":\"ImageObject\",\"inLanguage\":\"es\",\"@id\":\"https:\\\/\\\/expressometro.mx\\\/#\\\/schema\\\/logo\\\/image\\\/\",\"url\":\"https:\\\/\\\/expressometro.mx\\\/wp-content\\\/uploads\\\/2019\\\/07\\\/cropped-Logo-Expresso-Metropolitano-1-1.jpeg\",\"contentUrl\":\"https:\\\/\\\/expressometro.mx\\\/wp-content\\\/uploads\\\/2019\\\/07\\\/cropped-Logo-Expresso-Metropolitano-1-1.jpeg\",\"width\":290,\"height\":73,\"caption\":\"Expresso Metropolitano\"},\"image\":{\"@id\":\"https:\\\/\\\/expressometro.mx\\\/#\\\/schema\\\/logo\\\/image\\\/\"}},{\"@type\":\"Person\",\"@id\":\"https:\\\/\\\/expressometro.mx\\\/#\\\/schema\\\/person\\\/67a95b8e3862085c7598f66237488f1f\",\"name\":\"Cecilia Vega\",\"image\":{\"@type\":\"ImageObject\",\"inLanguage\":\"es\",\"@id\":\"https:\\\/\\\/secure.gravatar.com\\\/avatar\\\/13aae9944ab2ee472a9e407c9487fdbd03b049abaa559af32fe5dbcf615c981b?s=96&d=mm&r=g\",\"url\":\"https:\\\/\\\/secure.gravatar.com\\\/avatar\\\/13aae9944ab2ee472a9e407c9487fdbd03b049abaa559af32fe5dbcf615c981b?s=96&d=mm&r=g\",\"contentUrl\":\"https:\\\/\\\/secure.gravatar.com\\\/avatar\\\/13aae9944ab2ee472a9e407c9487fdbd03b049abaa559af32fe5dbcf615c981b?s=96&d=mm&r=g\",\"caption\":\"Cecilia Vega\"},\"url\":\"https:\\\/\\\/expressometro.mx\\\/index.php\\\/author\\\/cecilia-vega\\\/\"}]}<\/script>\n<!-- \/ Yoast SEO plugin. -->","yoast_head_json":{"title":"SIGUEN LAS OBRAS EN IXTLAHUACA - Expresso Metropolitano","robots":{"index":"index","follow":"follow","max-snippet":"max-snippet:-1","max-image-preview":"max-image-preview:large","max-video-preview":"max-video-preview:-1"},"canonical":"https:\/\/expressometro.mx\/index.php\/2022\/11\/23\/siguen-las-obras-en-ixtlahuaca\/","og_locale":"es_MX","og_type":"article","og_title":"SIGUEN LAS OBRAS EN IXTLAHUACA - Expresso Metropolitano","og_description":"El diputado federal Gustavo C\u00e1rdenas Monroy en coordinaci\u00f3n con el presidente municipal de Ixtlahuaca Abuzeid Lozano procedieron al mantenimiento de banquetas y guarniciones como parte de las actividades programadas para beneficio de los vecinos. En el acto, dejaron en claro que se trata de fortalecer el rubro de la movilidad teniendo los se\u00f1alamientos de las zonas peatonales para la seguridad de los automovilistas y peatones. De esta manera se busca un cambio a la imagen de las avenidas de la cabecera del municipio de Ixtlahuaca. El diputado federal Gustavo C\u00e1rdenas&hellip;","og_url":"https:\/\/expressometro.mx\/index.php\/2022\/11\/23\/siguen-las-obras-en-ixtlahuaca\/","og_site_name":"Expresso Metropolitano","article_published_time":"2022-11-24T02:11:00+00:00","article_modified_time":"2022-11-25T02:15:51+00:00","og_image":[{"url":"http:\/\/expressometro.mx\/wp-content\/uploads\/2022\/11\/FB_IMG_1669342314692.jpg","type":"","width":"","height":""}],"author":"Cecilia Vega","twitter_misc":{"Escrito por":"Cecilia Vega","Tiempo de lectura":"1 minuto"},"schema":{"@context":"https:\/\/schema.org","@graph":[{"@type":"Article","@id":"https:\/\/expressometro.mx\/index.php\/2022\/11\/23\/siguen-las-obras-en-ixtlahuaca\/#article","isPartOf":{"@id":"https:\/\/expressometro.mx\/index.php\/2022\/11\/23\/siguen-las-obras-en-ixtlahuaca\/"},"author":{"name":"Cecilia Vega","@id":"https:\/\/expressometro.mx\/#\/schema\/person\/67a95b8e3862085c7598f66237488f1f"},"headline":"SIGUEN LAS OBRAS EN IXTLAHUACA","datePublished":"2022-11-24T02:11:00+00:00","dateModified":"2022-11-25T02:15:51+00:00","mainEntityOfPage":{"@id":"https:\/\/expressometro.mx\/index.php\/2022\/11\/23\/siguen-las-obras-en-ixtlahuaca\/"},"wordCount":122,"commentCount":0,"publisher":{"@id":"https:\/\/expressometro.mx\/#organization"},"image":{"@id":"https:\/\/expressometro.mx\/index.php\/2022\/11\/23\/siguen-las-obras-en-ixtlahuaca\/#primaryimage"},"thumbnailUrl":"http:\/\/expressometro.mx\/wp-content\/uploads\/2022\/11\/FB_IMG_1669342314692.jpg","articleSection":["Otros"],"inLanguage":"es","potentialAction":[{"@type":"CommentAction","name":"Comment","target":["https:\/\/expressometro.mx\/index.php\/2022\/11\/23\/siguen-las-obras-en-ixtlahuaca\/#respond"]}]},{"@type":"WebPage","@id":"https:\/\/expressometro.mx\/index.php\/2022\/11\/23\/siguen-las-obras-en-ixtlahuaca\/","url":"https:\/\/expressometro.mx\/index.php\/2022\/11\/23\/siguen-las-obras-en-ixtlahuaca\/","name":"SIGUEN LAS OBRAS EN IXTLAHUACA - Expresso Metropolitano","isPartOf":{"@id":"https:\/\/expressometro.mx\/#website"},"primaryImageOfPage":{"@id":"https:\/\/expressometro.mx\/index.php\/2022\/11\/23\/siguen-las-obras-en-ixtlahuaca\/#primaryimage"},"image":{"@id":"https:\/\/expressometro.mx\/index.php\/2022\/11\/23\/siguen-las-obras-en-ixtlahuaca\/#primaryimage"},"thumbnailUrl":"http:\/\/expressometro.mx\/wp-content\/uploads\/2022\/11\/FB_IMG_1669342314692.jpg","datePublished":"2022-11-24T02:11:00+00:00","dateModified":"2022-11-25T02:15:51+00:00","breadcrumb":{"@id":"https:\/\/expressometro.mx\/index.php\/2022\/11\/23\/siguen-las-obras-en-ixtlahuaca\/#breadcrumb"},"inLanguage":"es","potentialAction":[{"@type":"ReadAction","target":["https:\/\/expressometro.mx\/index.php\/2022\/11\/23\/siguen-las-obras-en-ixtlahuaca\/"]}]},{"@type":"ImageObject","inLanguage":"es","@id":"https:\/\/expressometro.mx\/index.php\/2022\/11\/23\/siguen-las-obras-en-ixtlahuaca\/#primaryimage","url":"http:\/\/expressometro.mx\/wp-content\/uploads\/2022\/11\/FB_IMG_1669342314692.jpg","contentUrl":"http:\/\/expressometro.mx\/wp-content\/uploads\/2022\/11\/FB_IMG_1669342314692.jpg"},{"@type":"BreadcrumbList","@id":"https:\/\/expressometro.mx\/index.php\/2022\/11\/23\/siguen-las-obras-en-ixtlahuaca\/#breadcrumb","itemListElement":[{"@type":"ListItem","position":1,"name":"Inicio","item":"https:\/\/expressometro.mx\/"},{"@type":"ListItem","position":2,"name":"SIGUEN LAS OBRAS EN IXTLAHUACA"}]},{"@type":"WebSite","@id":"https:\/\/expressometro.mx\/#website","url":"https:\/\/expressometro.mx\/","name":"Expresso Metropolitano","description":"Periodismo comprometido, informaci\u00f3n, investigaci\u00f3n y an\u00e1lisis","publisher":{"@id":"https:\/\/expressometro.mx\/#organization"},"potentialAction":[{"@type":"SearchAction","target":{"@type":"EntryPoint","urlTemplate":"https:\/\/expressometro.mx\/?s={search_term_string}"},"query-input":{"@type":"PropertyValueSpecification","valueRequired":true,"valueName":"search_term_string"}}],"inLanguage":"es"},{"@type":"Organization","@id":"https:\/\/expressometro.mx\/#organization","name":"Expresso Metropolitano","url":"https:\/\/expressometro.mx\/","logo":{"@type":"ImageObject","inLanguage":"es","@id":"https:\/\/expressometro.mx\/#\/schema\/logo\/image\/","url":"https:\/\/expressometro.mx\/wp-content\/uploads\/2019\/07\/cropped-Logo-Expresso-Metropolitano-1-1.jpeg","contentUrl":"https:\/\/expressometro.mx\/wp-content\/uploads\/2019\/07\/cropped-Logo-Expresso-Metropolitano-1-1.jpeg","width":290,"height":73,"caption":"Expresso Metropolitano"},"image":{"@id":"https:\/\/expressometro.mx\/#\/schema\/logo\/image\/"}},{"@type":"Person","@id":"https:\/\/expressometro.mx\/#\/schema\/person\/67a95b8e3862085c7598f66237488f1f","name":"Cecilia Vega","image":{"@type":"ImageObject","inLanguage":"es","@id":"https:\/\/secure.gravatar.com\/avatar\/13aae9944ab2ee472a9e407c9487fdbd03b049abaa559af32fe5dbcf615c981b?s=96&d=mm&r=g","url":"https:\/\/secure.gravatar.com\/avatar\/13aae9944ab2ee472a9e407c9487fdbd03b049abaa559af32fe5dbcf615c981b?s=96&d=mm&r=g","contentUrl":"https:\/\/secure.gravatar.com\/avatar\/13aae9944ab2ee472a9e407c9487fdbd03b049abaa559af32fe5dbcf615c981b?s=96&d=mm&r=g","caption":"Cecilia Vega"},"url":"https:\/\/expressometro.mx\/index.php\/author\/cecilia-vega\/"}]}},"amp_enabled":true,"_links":{"self":[{"href":"https:\/\/expressometro.mx\/index.php\/wp-json\/wp\/v2\/posts\/6723","targetHints":{"allow":["GET"]}}],"collection":[{"href":"https:\/\/expressometro.mx\/index.php\/wp-json\/wp\/v2\/posts"}],"about":[{"href":"https:\/\/expressometro.mx\/index.php\/wp-json\/wp\/v2\/types\/post"}],"author":[{"embeddable":true,"href":"https:\/\/expressometro.mx\/index.php\/wp-json\/wp\/v2\/users\/2"}],"replies":[{"embeddable":true,"href":"https:\/\/expressometro.mx\/index.php\/wp-json\/wp\/v2\/comments?post=6723"}],"version-history":[{"count":1,"href":"https:\/\/expressometro.mx\/index.php\/wp-json\/wp\/v2\/posts\/6723\/revisions"}],"predecessor-version":[{"id":6727,"href":"https:\/\/expressometro.mx\/index.php\/wp-json\/wp\/v2\/posts\/6723\/revisions\/6727"}],"wp:attachment":[{"href":"https:\/\/expressometro.mx\/index.php\/wp-json\/wp\/v2\/media?parent=6723"}],"wp:term":[{"taxonomy":"category","embeddable":true,"href":"https:\/\/expressometro.mx\/index.php\/wp-json\/wp\/v2\/categories?post=6723"},{"taxonomy":"post_tag","embeddable":true,"href":"https:\/\/expressometro.mx\/index.php\/wp-json\/wp\/v2\/tags?post=6723"}],"curies":[{"name":"wp","href":"https:\/\/api.w.org\/{rel}","templated":true}]}}