{"id":6707,"date":"2022-11-19T12:39:08","date_gmt":"2022-11-19T18:39:08","guid":{"rendered":"https:\/\/expressometro.mx\/?p=6707"},"modified":"2022-11-19T12:39:09","modified_gmt":"2022-11-19T18:39:09","slug":"impulsan-ruben-moreira-y-gustavo-cardenas-jornadas-informativas-sobre-presupuesto-federal-2023","status":"publish","type":"post","link":"https:\/\/expressometro.mx\/index.php\/2022\/11\/19\/impulsan-ruben-moreira-y-gustavo-cardenas-jornadas-informativas-sobre-presupuesto-federal-2023\/","title":{"rendered":"IMPULSAN RUB\u00c9N MOREIRA Y GUSTAVO C\u00c1RDENAS JORNADAS INFORMATIVAS SOBRE PRESUPUESTO FEDERAL 2023"},"content":{"rendered":"\n<p> Con el fin de informar a la ciudadan\u00eda se llev\u00f3 a cabo un ciclo de reuniones informativas en los municipios de El Oro, Atlacomulco y Jocotitl\u00e1n, sobre el An\u00e1lisis del Presupuesto 2023 y la Reforma Electoral las cuales estuvieron encabezadas por el Diputado Federal Rub\u00e9n Moreira Valdez, con el apoyo del Diputado Federal Gustavo C\u00e1rdenas Monroy, del Diputado Federal Roberto Carlos L\u00f3pez Garc\u00eda y del Lic. Mario Alberto Di Constanzo Armenta,  Asesor Financiero.  En dichas conferencias se detallaron cada una de las reformas que se quieren implementar a la Constituci\u00f3n mexicana, las cuales van en contra de la democracia en M\u00e9xico y dejan fuera del presupuesto diversos rubros que importan en el pa\u00eds.El legislador Gustavo C\u00e1rdenas agradeci\u00f3 la presencia del Diputado Federal Rub\u00e9n Moreira Valdez  y coment\u00f3 que en el Distrito 03 Federal se da inicio a estas pl\u00e1ticas que pretenden que los ciudadanos est\u00e9n plenamente enterados de lo que sucede en nuestro pa\u00eds sobre el presupuesto federal 2023, ya que se han presentado var\u00edas reservas vinculadas a las voces de las mujeres y hombres que viven en este distrito, lo que tiene que ver con la agricultura y desarrollo rural, la certeza jur\u00eddica, la atenci\u00f3n m\u00e9dica, el mejoramiento urbano, espacios p\u00fablicos, adem\u00e1s de la pol\u00edtica ambiental, as\u00ed como la conservaci\u00f3n de los caminos y carreteras alimentadoras, como tambi\u00e9n seguridad p\u00fablica; para que los municipios puedan tener mejores condiciones tanto del desarrollo de las comunidades como de las familias. Adem\u00e1s, el Legislador apunt\u00f3 que sobre el tema de la reforma electoral que estar\u00e1 en discusi\u00f3n en los pr\u00f3ximos d\u00edas, el Distrito de Atlacomulco ir\u00e1 en contra, porque en este distrito la democracia es una fortaleza y patrimonio de quienes habitan en esta regi\u00f3n, ya que se construyen proyectos pol\u00edticos que se traducen en progreso para todas y todos, porque en el Distrito 03 se defiende la democracia.<\/p>\n\n\n\n<p><img decoding=\"async\" width=\"150\" height=\"84\" class=\"wp-image-6709\" style=\"width: 150px;\" src=\"http:\/\/expressometro.mx\/wp-content\/uploads\/2022\/11\/IMG-20221119-WA0004.jpg\" alt=\"\" srcset=\"https:\/\/expressometro.mx\/wp-content\/uploads\/2022\/11\/IMG-20221119-WA0004.jpg 960w, https:\/\/expressometro.mx\/wp-content\/uploads\/2022\/11\/IMG-20221119-WA0004-649x365.jpg 649w, https:\/\/expressometro.mx\/wp-content\/uploads\/2022\/11\/IMG-20221119-WA0004-840x473.jpg 840w, https:\/\/expressometro.mx\/wp-content\/uploads\/2022\/11\/IMG-20221119-WA0004-500x280.jpg 500w, https:\/\/expressometro.mx\/wp-content\/uploads\/2022\/11\/IMG-20221119-WA0004-768x432.jpg 768w\" sizes=\"(max-width: 150px) 100vw, 150px\" \/><\/p>\n\n\n\n<p><img decoding=\"async\" width=\"150\" height=\"84\" class=\"wp-image-6710\" style=\"width: 150px;\" src=\"http:\/\/expressometro.mx\/wp-content\/uploads\/2022\/11\/IMG-20221119-WA0006.jpg\" alt=\"\" srcset=\"https:\/\/expressometro.mx\/wp-content\/uploads\/2022\/11\/IMG-20221119-WA0006.jpg 960w, https:\/\/expressometro.mx\/wp-content\/uploads\/2022\/11\/IMG-20221119-WA0006-649x365.jpg 649w, https:\/\/expressometro.mx\/wp-content\/uploads\/2022\/11\/IMG-20221119-WA0006-840x473.jpg 840w, https:\/\/expressometro.mx\/wp-content\/uploads\/2022\/11\/IMG-20221119-WA0006-500x280.jpg 500w, https:\/\/expressometro.mx\/wp-content\/uploads\/2022\/11\/IMG-20221119-WA0006-768x432.jpg 768w\" sizes=\"(max-width: 150px) 100vw, 150px\" \/><\/p>\n","protected":false},"excerpt":{"rendered":"<p>Con el fin de informar a la ciudadan\u00eda se llev\u00f3 a cabo un ciclo de reuniones informativas en los municipios de El Oro, Atlacomulco y Jocotitl\u00e1n, sobre el An\u00e1lisis del Presupuesto 2023 y la Reforma Electoral las cuales estuvieron encabezadas por el Diputado Federal Rub\u00e9n Moreira Valdez, con el apoyo del Diputado Federal Gustavo C\u00e1rdenas Monroy, del Diputado Federal Roberto Carlos L\u00f3pez Garc\u00eda y del Lic. Mario Alberto Di Constanzo Armenta, Asesor Financiero. En dichas conferencias se detallaron cada una de las reformas que se quieren implementar a la Constituci\u00f3n&hellip;<\/p>\n","protected":false},"author":2,"featured_media":0,"comment_status":"open","ping_status":"open","sticky":false,"template":"","format":"standard","meta":{"footnotes":""},"categories":[1],"tags":[],"class_list":["post-6707","post","type-post","status-publish","format-standard","hentry","category-otros"],"yoast_head":"<!-- This site is optimized with the Yoast SEO plugin v27.4 - https:\/\/yoast.com\/product\/yoast-seo-wordpress\/ -->\n<title>IMPULSAN RUB\u00c9N MOREIRA Y GUSTAVO C\u00c1RDENAS JORNADAS INFORMATIVAS SOBRE PRESUPUESTO FEDERAL 2023 - Expresso Metropolitano<\/title>\n<meta name=\"robots\" content=\"index, follow, max-snippet:-1, max-image-preview:large, max-video-preview:-1\" \/>\n<link rel=\"canonical\" href=\"https:\/\/expressometro.mx\/index.php\/2022\/11\/19\/impulsan-ruben-moreira-y-gustavo-cardenas-jornadas-informativas-sobre-presupuesto-federal-2023\/\" \/>\n<meta property=\"og:locale\" content=\"es_MX\" \/>\n<meta property=\"og:type\" content=\"article\" \/>\n<meta property=\"og:title\" content=\"IMPULSAN RUB\u00c9N MOREIRA Y GUSTAVO C\u00c1RDENAS JORNADAS INFORMATIVAS SOBRE PRESUPUESTO FEDERAL 2023 - Expresso Metropolitano\" \/>\n<meta property=\"og:description\" content=\"Con el fin de informar a la ciudadan\u00eda se llev\u00f3 a cabo un ciclo de reuniones informativas en los municipios de El Oro, Atlacomulco y Jocotitl\u00e1n, sobre el An\u00e1lisis del Presupuesto 2023 y la Reforma Electoral las cuales estuvieron encabezadas por el Diputado Federal Rub\u00e9n Moreira Valdez, con el apoyo del Diputado Federal Gustavo C\u00e1rdenas Monroy, del Diputado Federal Roberto Carlos L\u00f3pez Garc\u00eda y del Lic. Mario Alberto Di Constanzo Armenta, Asesor Financiero. En dichas conferencias se detallaron cada una de las reformas que se quieren implementar a la Constituci\u00f3n&hellip;\" \/>\n<meta property=\"og:url\" content=\"https:\/\/expressometro.mx\/index.php\/2022\/11\/19\/impulsan-ruben-moreira-y-gustavo-cardenas-jornadas-informativas-sobre-presupuesto-federal-2023\/\" \/>\n<meta property=\"og:site_name\" content=\"Expresso Metropolitano\" \/>\n<meta property=\"article:published_time\" content=\"2022-11-19T18:39:08+00:00\" \/>\n<meta property=\"article:modified_time\" content=\"2022-11-19T18:39:09+00:00\" \/>\n<meta property=\"og:image\" content=\"http:\/\/expressometro.mx\/wp-content\/uploads\/2022\/11\/IMG-20221119-WA0004.jpg\" \/>\n<meta name=\"author\" content=\"Cecilia Vega\" \/>\n<meta name=\"twitter:label1\" content=\"Escrito por\" \/>\n\t<meta name=\"twitter:data1\" content=\"Cecilia Vega\" \/>\n\t<meta name=\"twitter:label2\" content=\"Tiempo de lectura\" \/>\n\t<meta name=\"twitter:data2\" content=\"2 minutos\" \/>\n<script type=\"application\/ld+json\" class=\"yoast-schema-graph\">{\"@context\":\"https:\\\/\\\/schema.org\",\"@graph\":[{\"@type\":\"Article\",\"@id\":\"https:\\\/\\\/expressometro.mx\\\/index.php\\\/2022\\\/11\\\/19\\\/impulsan-ruben-moreira-y-gustavo-cardenas-jornadas-informativas-sobre-presupuesto-federal-2023\\\/#article\",\"isPartOf\":{\"@id\":\"https:\\\/\\\/expressometro.mx\\\/index.php\\\/2022\\\/11\\\/19\\\/impulsan-ruben-moreira-y-gustavo-cardenas-jornadas-informativas-sobre-presupuesto-federal-2023\\\/\"},\"author\":{\"name\":\"Cecilia Vega\",\"@id\":\"https:\\\/\\\/expressometro.mx\\\/#\\\/schema\\\/person\\\/67a95b8e3862085c7598f66237488f1f\"},\"headline\":\"IMPULSAN RUB\u00c9N MOREIRA Y GUSTAVO C\u00c1RDENAS JORNADAS INFORMATIVAS SOBRE PRESUPUESTO FEDERAL 2023\",\"datePublished\":\"2022-11-19T18:39:08+00:00\",\"dateModified\":\"2022-11-19T18:39:09+00:00\",\"mainEntityOfPage\":{\"@id\":\"https:\\\/\\\/expressometro.mx\\\/index.php\\\/2022\\\/11\\\/19\\\/impulsan-ruben-moreira-y-gustavo-cardenas-jornadas-informativas-sobre-presupuesto-federal-2023\\\/\"},\"wordCount\":348,\"commentCount\":0,\"publisher\":{\"@id\":\"https:\\\/\\\/expressometro.mx\\\/#organization\"},\"image\":{\"@id\":\"https:\\\/\\\/expressometro.mx\\\/index.php\\\/2022\\\/11\\\/19\\\/impulsan-ruben-moreira-y-gustavo-cardenas-jornadas-informativas-sobre-presupuesto-federal-2023\\\/#primaryimage\"},\"thumbnailUrl\":\"http:\\\/\\\/expressometro.mx\\\/wp-content\\\/uploads\\\/2022\\\/11\\\/IMG-20221119-WA0004.jpg\",\"articleSection\":[\"Otros\"],\"inLanguage\":\"es\",\"potentialAction\":[{\"@type\":\"CommentAction\",\"name\":\"Comment\",\"target\":[\"https:\\\/\\\/expressometro.mx\\\/index.php\\\/2022\\\/11\\\/19\\\/impulsan-ruben-moreira-y-gustavo-cardenas-jornadas-informativas-sobre-presupuesto-federal-2023\\\/#respond\"]}]},{\"@type\":\"WebPage\",\"@id\":\"https:\\\/\\\/expressometro.mx\\\/index.php\\\/2022\\\/11\\\/19\\\/impulsan-ruben-moreira-y-gustavo-cardenas-jornadas-informativas-sobre-presupuesto-federal-2023\\\/\",\"url\":\"https:\\\/\\\/expressometro.mx\\\/index.php\\\/2022\\\/11\\\/19\\\/impulsan-ruben-moreira-y-gustavo-cardenas-jornadas-informativas-sobre-presupuesto-federal-2023\\\/\",\"name\":\"IMPULSAN RUB\u00c9N MOREIRA Y GUSTAVO C\u00c1RDENAS JORNADAS INFORMATIVAS SOBRE PRESUPUESTO FEDERAL 2023 - Expresso Metropolitano\",\"isPartOf\":{\"@id\":\"https:\\\/\\\/expressometro.mx\\\/#website\"},\"primaryImageOfPage\":{\"@id\":\"https:\\\/\\\/expressometro.mx\\\/index.php\\\/2022\\\/11\\\/19\\\/impulsan-ruben-moreira-y-gustavo-cardenas-jornadas-informativas-sobre-presupuesto-federal-2023\\\/#primaryimage\"},\"image\":{\"@id\":\"https:\\\/\\\/expressometro.mx\\\/index.php\\\/2022\\\/11\\\/19\\\/impulsan-ruben-moreira-y-gustavo-cardenas-jornadas-informativas-sobre-presupuesto-federal-2023\\\/#primaryimage\"},\"thumbnailUrl\":\"http:\\\/\\\/expressometro.mx\\\/wp-content\\\/uploads\\\/2022\\\/11\\\/IMG-20221119-WA0004.jpg\",\"datePublished\":\"2022-11-19T18:39:08+00:00\",\"dateModified\":\"2022-11-19T18:39:09+00:00\",\"breadcrumb\":{\"@id\":\"https:\\\/\\\/expressometro.mx\\\/index.php\\\/2022\\\/11\\\/19\\\/impulsan-ruben-moreira-y-gustavo-cardenas-jornadas-informativas-sobre-presupuesto-federal-2023\\\/#breadcrumb\"},\"inLanguage\":\"es\",\"potentialAction\":[{\"@type\":\"ReadAction\",\"target\":[\"https:\\\/\\\/expressometro.mx\\\/index.php\\\/2022\\\/11\\\/19\\\/impulsan-ruben-moreira-y-gustavo-cardenas-jornadas-informativas-sobre-presupuesto-federal-2023\\\/\"]}]},{\"@type\":\"ImageObject\",\"inLanguage\":\"es\",\"@id\":\"https:\\\/\\\/expressometro.mx\\\/index.php\\\/2022\\\/11\\\/19\\\/impulsan-ruben-moreira-y-gustavo-cardenas-jornadas-informativas-sobre-presupuesto-federal-2023\\\/#primaryimage\",\"url\":\"http:\\\/\\\/expressometro.mx\\\/wp-content\\\/uploads\\\/2022\\\/11\\\/IMG-20221119-WA0004.jpg\",\"contentUrl\":\"http:\\\/\\\/expressometro.mx\\\/wp-content\\\/uploads\\\/2022\\\/11\\\/IMG-20221119-WA0004.jpg\"},{\"@type\":\"BreadcrumbList\",\"@id\":\"https:\\\/\\\/expressometro.mx\\\/index.php\\\/2022\\\/11\\\/19\\\/impulsan-ruben-moreira-y-gustavo-cardenas-jornadas-informativas-sobre-presupuesto-federal-2023\\\/#breadcrumb\",\"itemListElement\":[{\"@type\":\"ListItem\",\"position\":1,\"name\":\"Inicio\",\"item\":\"https:\\\/\\\/expressometro.mx\\\/\"},{\"@type\":\"ListItem\",\"position\":2,\"name\":\"IMPULSAN RUB\u00c9N MOREIRA Y GUSTAVO C\u00c1RDENAS JORNADAS INFORMATIVAS SOBRE PRESUPUESTO FEDERAL 2023\"}]},{\"@type\":\"WebSite\",\"@id\":\"https:\\\/\\\/expressometro.mx\\\/#website\",\"url\":\"https:\\\/\\\/expressometro.mx\\\/\",\"name\":\"Expresso Metropolitano\",\"description\":\"Periodismo comprometido, informaci\u00f3n, investigaci\u00f3n y an\u00e1lisis\",\"publisher\":{\"@id\":\"https:\\\/\\\/expressometro.mx\\\/#organization\"},\"potentialAction\":[{\"@type\":\"SearchAction\",\"target\":{\"@type\":\"EntryPoint\",\"urlTemplate\":\"https:\\\/\\\/expressometro.mx\\\/?s={search_term_string}\"},\"query-input\":{\"@type\":\"PropertyValueSpecification\",\"valueRequired\":true,\"valueName\":\"search_term_string\"}}],\"inLanguage\":\"es\"},{\"@type\":\"Organization\",\"@id\":\"https:\\\/\\\/expressometro.mx\\\/#organization\",\"name\":\"Expresso Metropolitano\",\"url\":\"https:\\\/\\\/expressometro.mx\\\/\",\"logo\":{\"@type\":\"ImageObject\",\"inLanguage\":\"es\",\"@id\":\"https:\\\/\\\/expressometro.mx\\\/#\\\/schema\\\/logo\\\/image\\\/\",\"url\":\"https:\\\/\\\/expressometro.mx\\\/wp-content\\\/uploads\\\/2019\\\/07\\\/cropped-Logo-Expresso-Metropolitano-1-1.jpeg\",\"contentUrl\":\"https:\\\/\\\/expressometro.mx\\\/wp-content\\\/uploads\\\/2019\\\/07\\\/cropped-Logo-Expresso-Metropolitano-1-1.jpeg\",\"width\":290,\"height\":73,\"caption\":\"Expresso Metropolitano\"},\"image\":{\"@id\":\"https:\\\/\\\/expressometro.mx\\\/#\\\/schema\\\/logo\\\/image\\\/\"}},{\"@type\":\"Person\",\"@id\":\"https:\\\/\\\/expressometro.mx\\\/#\\\/schema\\\/person\\\/67a95b8e3862085c7598f66237488f1f\",\"name\":\"Cecilia Vega\",\"image\":{\"@type\":\"ImageObject\",\"inLanguage\":\"es\",\"@id\":\"https:\\\/\\\/secure.gravatar.com\\\/avatar\\\/13aae9944ab2ee472a9e407c9487fdbd03b049abaa559af32fe5dbcf615c981b?s=96&d=mm&r=g\",\"url\":\"https:\\\/\\\/secure.gravatar.com\\\/avatar\\\/13aae9944ab2ee472a9e407c9487fdbd03b049abaa559af32fe5dbcf615c981b?s=96&d=mm&r=g\",\"contentUrl\":\"https:\\\/\\\/secure.gravatar.com\\\/avatar\\\/13aae9944ab2ee472a9e407c9487fdbd03b049abaa559af32fe5dbcf615c981b?s=96&d=mm&r=g\",\"caption\":\"Cecilia Vega\"},\"url\":\"https:\\\/\\\/expressometro.mx\\\/index.php\\\/author\\\/cecilia-vega\\\/\"}]}<\/script>\n<!-- \/ Yoast SEO plugin. -->","yoast_head_json":{"title":"IMPULSAN RUB\u00c9N MOREIRA Y GUSTAVO C\u00c1RDENAS JORNADAS INFORMATIVAS SOBRE PRESUPUESTO FEDERAL 2023 - Expresso Metropolitano","robots":{"index":"index","follow":"follow","max-snippet":"max-snippet:-1","max-image-preview":"max-image-preview:large","max-video-preview":"max-video-preview:-1"},"canonical":"https:\/\/expressometro.mx\/index.php\/2022\/11\/19\/impulsan-ruben-moreira-y-gustavo-cardenas-jornadas-informativas-sobre-presupuesto-federal-2023\/","og_locale":"es_MX","og_type":"article","og_title":"IMPULSAN RUB\u00c9N MOREIRA Y GUSTAVO C\u00c1RDENAS JORNADAS INFORMATIVAS SOBRE PRESUPUESTO FEDERAL 2023 - Expresso Metropolitano","og_description":"Con el fin de informar a la ciudadan\u00eda se llev\u00f3 a cabo un ciclo de reuniones informativas en los municipios de El Oro, Atlacomulco y Jocotitl\u00e1n, sobre el An\u00e1lisis del Presupuesto 2023 y la Reforma Electoral las cuales estuvieron encabezadas por el Diputado Federal Rub\u00e9n Moreira Valdez, con el apoyo del Diputado Federal Gustavo C\u00e1rdenas Monroy, del Diputado Federal Roberto Carlos L\u00f3pez Garc\u00eda y del Lic. Mario Alberto Di Constanzo Armenta, Asesor Financiero. En dichas conferencias se detallaron cada una de las reformas que se quieren implementar a la Constituci\u00f3n&hellip;","og_url":"https:\/\/expressometro.mx\/index.php\/2022\/11\/19\/impulsan-ruben-moreira-y-gustavo-cardenas-jornadas-informativas-sobre-presupuesto-federal-2023\/","og_site_name":"Expresso Metropolitano","article_published_time":"2022-11-19T18:39:08+00:00","article_modified_time":"2022-11-19T18:39:09+00:00","og_image":[{"url":"http:\/\/expressometro.mx\/wp-content\/uploads\/2022\/11\/IMG-20221119-WA0004.jpg","type":"","width":"","height":""}],"author":"Cecilia Vega","twitter_misc":{"Escrito por":"Cecilia Vega","Tiempo de lectura":"2 minutos"},"schema":{"@context":"https:\/\/schema.org","@graph":[{"@type":"Article","@id":"https:\/\/expressometro.mx\/index.php\/2022\/11\/19\/impulsan-ruben-moreira-y-gustavo-cardenas-jornadas-informativas-sobre-presupuesto-federal-2023\/#article","isPartOf":{"@id":"https:\/\/expressometro.mx\/index.php\/2022\/11\/19\/impulsan-ruben-moreira-y-gustavo-cardenas-jornadas-informativas-sobre-presupuesto-federal-2023\/"},"author":{"name":"Cecilia Vega","@id":"https:\/\/expressometro.mx\/#\/schema\/person\/67a95b8e3862085c7598f66237488f1f"},"headline":"IMPULSAN RUB\u00c9N MOREIRA Y GUSTAVO C\u00c1RDENAS JORNADAS INFORMATIVAS SOBRE PRESUPUESTO FEDERAL 2023","datePublished":"2022-11-19T18:39:08+00:00","dateModified":"2022-11-19T18:39:09+00:00","mainEntityOfPage":{"@id":"https:\/\/expressometro.mx\/index.php\/2022\/11\/19\/impulsan-ruben-moreira-y-gustavo-cardenas-jornadas-informativas-sobre-presupuesto-federal-2023\/"},"wordCount":348,"commentCount":0,"publisher":{"@id":"https:\/\/expressometro.mx\/#organization"},"image":{"@id":"https:\/\/expressometro.mx\/index.php\/2022\/11\/19\/impulsan-ruben-moreira-y-gustavo-cardenas-jornadas-informativas-sobre-presupuesto-federal-2023\/#primaryimage"},"thumbnailUrl":"http:\/\/expressometro.mx\/wp-content\/uploads\/2022\/11\/IMG-20221119-WA0004.jpg","articleSection":["Otros"],"inLanguage":"es","potentialAction":[{"@type":"CommentAction","name":"Comment","target":["https:\/\/expressometro.mx\/index.php\/2022\/11\/19\/impulsan-ruben-moreira-y-gustavo-cardenas-jornadas-informativas-sobre-presupuesto-federal-2023\/#respond"]}]},{"@type":"WebPage","@id":"https:\/\/expressometro.mx\/index.php\/2022\/11\/19\/impulsan-ruben-moreira-y-gustavo-cardenas-jornadas-informativas-sobre-presupuesto-federal-2023\/","url":"https:\/\/expressometro.mx\/index.php\/2022\/11\/19\/impulsan-ruben-moreira-y-gustavo-cardenas-jornadas-informativas-sobre-presupuesto-federal-2023\/","name":"IMPULSAN RUB\u00c9N MOREIRA Y GUSTAVO C\u00c1RDENAS JORNADAS INFORMATIVAS SOBRE PRESUPUESTO FEDERAL 2023 - Expresso Metropolitano","isPartOf":{"@id":"https:\/\/expressometro.mx\/#website"},"primaryImageOfPage":{"@id":"https:\/\/expressometro.mx\/index.php\/2022\/11\/19\/impulsan-ruben-moreira-y-gustavo-cardenas-jornadas-informativas-sobre-presupuesto-federal-2023\/#primaryimage"},"image":{"@id":"https:\/\/expressometro.mx\/index.php\/2022\/11\/19\/impulsan-ruben-moreira-y-gustavo-cardenas-jornadas-informativas-sobre-presupuesto-federal-2023\/#primaryimage"},"thumbnailUrl":"http:\/\/expressometro.mx\/wp-content\/uploads\/2022\/11\/IMG-20221119-WA0004.jpg","datePublished":"2022-11-19T18:39:08+00:00","dateModified":"2022-11-19T18:39:09+00:00","breadcrumb":{"@id":"https:\/\/expressometro.mx\/index.php\/2022\/11\/19\/impulsan-ruben-moreira-y-gustavo-cardenas-jornadas-informativas-sobre-presupuesto-federal-2023\/#breadcrumb"},"inLanguage":"es","potentialAction":[{"@type":"ReadAction","target":["https:\/\/expressometro.mx\/index.php\/2022\/11\/19\/impulsan-ruben-moreira-y-gustavo-cardenas-jornadas-informativas-sobre-presupuesto-federal-2023\/"]}]},{"@type":"ImageObject","inLanguage":"es","@id":"https:\/\/expressometro.mx\/index.php\/2022\/11\/19\/impulsan-ruben-moreira-y-gustavo-cardenas-jornadas-informativas-sobre-presupuesto-federal-2023\/#primaryimage","url":"http:\/\/expressometro.mx\/wp-content\/uploads\/2022\/11\/IMG-20221119-WA0004.jpg","contentUrl":"http:\/\/expressometro.mx\/wp-content\/uploads\/2022\/11\/IMG-20221119-WA0004.jpg"},{"@type":"BreadcrumbList","@id":"https:\/\/expressometro.mx\/index.php\/2022\/11\/19\/impulsan-ruben-moreira-y-gustavo-cardenas-jornadas-informativas-sobre-presupuesto-federal-2023\/#breadcrumb","itemListElement":[{"@type":"ListItem","position":1,"name":"Inicio","item":"https:\/\/expressometro.mx\/"},{"@type":"ListItem","position":2,"name":"IMPULSAN RUB\u00c9N MOREIRA Y GUSTAVO C\u00c1RDENAS JORNADAS INFORMATIVAS SOBRE PRESUPUESTO FEDERAL 2023"}]},{"@type":"WebSite","@id":"https:\/\/expressometro.mx\/#website","url":"https:\/\/expressometro.mx\/","name":"Expresso Metropolitano","description":"Periodismo comprometido, informaci\u00f3n, investigaci\u00f3n y an\u00e1lisis","publisher":{"@id":"https:\/\/expressometro.mx\/#organization"},"potentialAction":[{"@type":"SearchAction","target":{"@type":"EntryPoint","urlTemplate":"https:\/\/expressometro.mx\/?s={search_term_string}"},"query-input":{"@type":"PropertyValueSpecification","valueRequired":true,"valueName":"search_term_string"}}],"inLanguage":"es"},{"@type":"Organization","@id":"https:\/\/expressometro.mx\/#organization","name":"Expresso Metropolitano","url":"https:\/\/expressometro.mx\/","logo":{"@type":"ImageObject","inLanguage":"es","@id":"https:\/\/expressometro.mx\/#\/schema\/logo\/image\/","url":"https:\/\/expressometro.mx\/wp-content\/uploads\/2019\/07\/cropped-Logo-Expresso-Metropolitano-1-1.jpeg","contentUrl":"https:\/\/expressometro.mx\/wp-content\/uploads\/2019\/07\/cropped-Logo-Expresso-Metropolitano-1-1.jpeg","width":290,"height":73,"caption":"Expresso Metropolitano"},"image":{"@id":"https:\/\/expressometro.mx\/#\/schema\/logo\/image\/"}},{"@type":"Person","@id":"https:\/\/expressometro.mx\/#\/schema\/person\/67a95b8e3862085c7598f66237488f1f","name":"Cecilia Vega","image":{"@type":"ImageObject","inLanguage":"es","@id":"https:\/\/secure.gravatar.com\/avatar\/13aae9944ab2ee472a9e407c9487fdbd03b049abaa559af32fe5dbcf615c981b?s=96&d=mm&r=g","url":"https:\/\/secure.gravatar.com\/avatar\/13aae9944ab2ee472a9e407c9487fdbd03b049abaa559af32fe5dbcf615c981b?s=96&d=mm&r=g","contentUrl":"https:\/\/secure.gravatar.com\/avatar\/13aae9944ab2ee472a9e407c9487fdbd03b049abaa559af32fe5dbcf615c981b?s=96&d=mm&r=g","caption":"Cecilia Vega"},"url":"https:\/\/expressometro.mx\/index.php\/author\/cecilia-vega\/"}]}},"amp_enabled":true,"_links":{"self":[{"href":"https:\/\/expressometro.mx\/index.php\/wp-json\/wp\/v2\/posts\/6707","targetHints":{"allow":["GET"]}}],"collection":[{"href":"https:\/\/expressometro.mx\/index.php\/wp-json\/wp\/v2\/posts"}],"about":[{"href":"https:\/\/expressometro.mx\/index.php\/wp-json\/wp\/v2\/types\/post"}],"author":[{"embeddable":true,"href":"https:\/\/expressometro.mx\/index.php\/wp-json\/wp\/v2\/users\/2"}],"replies":[{"embeddable":true,"href":"https:\/\/expressometro.mx\/index.php\/wp-json\/wp\/v2\/comments?post=6707"}],"version-history":[{"count":1,"href":"https:\/\/expressometro.mx\/index.php\/wp-json\/wp\/v2\/posts\/6707\/revisions"}],"predecessor-version":[{"id":6711,"href":"https:\/\/expressometro.mx\/index.php\/wp-json\/wp\/v2\/posts\/6707\/revisions\/6711"}],"wp:attachment":[{"href":"https:\/\/expressometro.mx\/index.php\/wp-json\/wp\/v2\/media?parent=6707"}],"wp:term":[{"taxonomy":"category","embeddable":true,"href":"https:\/\/expressometro.mx\/index.php\/wp-json\/wp\/v2\/categories?post=6707"},{"taxonomy":"post_tag","embeddable":true,"href":"https:\/\/expressometro.mx\/index.php\/wp-json\/wp\/v2\/tags?post=6707"}],"curies":[{"name":"wp","href":"https:\/\/api.w.org\/{rel}","templated":true}]}}