{"id":6694,"date":"2022-11-10T12:55:00","date_gmt":"2022-11-10T18:55:00","guid":{"rendered":"https:\/\/expressometro.mx\/?p=6694"},"modified":"2022-11-15T13:35:46","modified_gmt":"2022-11-15T19:35:46","slug":"gustavo-cardenas-da-la-pelea-en-la-tribuna-legislativa-por-un-mejor-presupuesto","status":"publish","type":"post","link":"https:\/\/expressometro.mx\/index.php\/2022\/11\/10\/gustavo-cardenas-da-la-pelea-en-la-tribuna-legislativa-por-un-mejor-presupuesto\/","title":{"rendered":"GUSTAVO C\u00c1RDENAS DA LA PELEA EN LA TRIBUNA LEGISLATIVA POR UN MEJOR PRESUPUESTO"},"content":{"rendered":"\n<p>El Diputado federal Gustavo C\u00e1rdenas Monroy propuso que se reasignen recursos para capacitar y equipar a las corporaciones policiacas de los estados y municipios, con el fin de tener una actuaci\u00f3n m\u00e1s eficiente.<\/p>\n\n\n\n<p>Al dar la pelea en tribuna de la C\u00e1mara de Diputados durante la discusi\u00f3n del presupuesto de egresos de la Federaci\u00f3n 2023, llam\u00f3 a ser responsable con un presupuesto que impulse el desarrollo integral del pa\u00eds, de los estados y municipios.<\/p>\n\n\n\n<p>\u201cEl presupuesto debe ser incluyente y que la equidad y proporcionalidad deben ser principios fundamentales para darles igualdad a todos los mexicanos, y tambi\u00e9n que sea una respuesta oportuna y eficaz a las demandas cotidianas de la sociedad\u201d, puntualiz\u00f3.<\/p>\n\n\n\n<p>Al hacer uso de la palabra propuso reasignaciones en materia de seguridad p\u00fablica para el fortalecimiento de las corporaciones policiacas estatales y municipales para fortalecer la capacitaci\u00f3n y sea una realidad la certificaci\u00f3n y llegue el equipamiento a cada elemento de seguridad.<\/p>\n\n\n\n<p>En ese sentido, estableci\u00f3 que estas disposiciones con la tecnolog\u00eda permitir\u00e1 una actuaci\u00f3n eficiente y coordinaci\u00f3n en igualdad de circunstancias con cuerpos policiacos del gobierno de la Rep\u00fablica, Estados y Municipios.<\/p>\n\n\n\n<p>La sociedad merece mejor seguridad p\u00fablica y preservar sus bienes patrimoniales.<br>Por eso proponemos una adici\u00f3n de 20 mil millones de pesos y un incremento de 2 mil 600 millones de pesos al fondo de aportaciones a la seguridad p\u00fablica y darle m\u00e1s capacidad al desarrollo nacional.<\/p>\n\n\n\n<figure class=\"wp-block-image size-large\"><img decoding=\"async\" width=\"720\" height=\"480\" src=\"https:\/\/expressometro.mx\/wp-content\/uploads\/2022\/11\/WhatsApp-Image-2022-11-15-at-12.43.50-PM-720x480.jpeg\" alt=\"\" class=\"wp-image-6696\" srcset=\"https:\/\/expressometro.mx\/wp-content\/uploads\/2022\/11\/WhatsApp-Image-2022-11-15-at-12.43.50-PM-720x480.jpeg 720w, https:\/\/expressometro.mx\/wp-content\/uploads\/2022\/11\/WhatsApp-Image-2022-11-15-at-12.43.50-PM-547x365.jpeg 547w, https:\/\/expressometro.mx\/wp-content\/uploads\/2022\/11\/WhatsApp-Image-2022-11-15-at-12.43.50-PM-768x512.jpeg 768w, https:\/\/expressometro.mx\/wp-content\/uploads\/2022\/11\/WhatsApp-Image-2022-11-15-at-12.43.50-PM.jpeg 1024w\" sizes=\"(max-width: 720px) 100vw, 720px\" \/><\/figure>\n","protected":false},"excerpt":{"rendered":"<p>El Diputado federal Gustavo C\u00e1rdenas Monroy propuso que se reasignen recursos para capacitar y equipar a las corporaciones policiacas de los estados y municipios, con el fin de tener una actuaci\u00f3n m\u00e1s eficiente. Al dar la pelea en tribuna de la C\u00e1mara de Diputados durante la discusi\u00f3n del presupuesto de egresos de la Federaci\u00f3n 2023, llam\u00f3 a ser responsable con un presupuesto que impulse el desarrollo integral del pa\u00eds, de los estados y municipios. \u201cEl presupuesto debe ser incluyente y que la equidad y proporcionalidad deben ser principios fundamentales para&hellip;<\/p>\n","protected":false},"author":2,"featured_media":0,"comment_status":"open","ping_status":"open","sticky":false,"template":"","format":"standard","meta":{"footnotes":""},"categories":[1],"tags":[],"class_list":["post-6694","post","type-post","status-publish","format-standard","hentry","category-otros"],"yoast_head":"<!-- This site is optimized with the Yoast SEO plugin v27.4 - https:\/\/yoast.com\/product\/yoast-seo-wordpress\/ -->\n<title>GUSTAVO C\u00c1RDENAS DA LA PELEA EN LA TRIBUNA LEGISLATIVA POR UN MEJOR PRESUPUESTO - Expresso Metropolitano<\/title>\n<meta name=\"robots\" content=\"index, follow, max-snippet:-1, max-image-preview:large, max-video-preview:-1\" \/>\n<link rel=\"canonical\" href=\"https:\/\/expressometro.mx\/index.php\/2022\/11\/10\/gustavo-cardenas-da-la-pelea-en-la-tribuna-legislativa-por-un-mejor-presupuesto\/\" \/>\n<meta property=\"og:locale\" content=\"es_MX\" \/>\n<meta property=\"og:type\" content=\"article\" \/>\n<meta property=\"og:title\" content=\"GUSTAVO C\u00c1RDENAS DA LA PELEA EN LA TRIBUNA LEGISLATIVA POR UN MEJOR PRESUPUESTO - Expresso Metropolitano\" \/>\n<meta property=\"og:description\" content=\"El Diputado federal Gustavo C\u00e1rdenas Monroy propuso que se reasignen recursos para capacitar y equipar a las corporaciones policiacas de los estados y municipios, con el fin de tener una actuaci\u00f3n m\u00e1s eficiente. Al dar la pelea en tribuna de la C\u00e1mara de Diputados durante la discusi\u00f3n del presupuesto de egresos de la Federaci\u00f3n 2023, llam\u00f3 a ser responsable con un presupuesto que impulse el desarrollo integral del pa\u00eds, de los estados y municipios. \u201cEl presupuesto debe ser incluyente y que la equidad y proporcionalidad deben ser principios fundamentales para&hellip;\" \/>\n<meta property=\"og:url\" content=\"https:\/\/expressometro.mx\/index.php\/2022\/11\/10\/gustavo-cardenas-da-la-pelea-en-la-tribuna-legislativa-por-un-mejor-presupuesto\/\" \/>\n<meta property=\"og:site_name\" content=\"Expresso Metropolitano\" \/>\n<meta property=\"article:published_time\" content=\"2022-11-10T18:55:00+00:00\" \/>\n<meta property=\"article:modified_time\" content=\"2022-11-15T19:35:46+00:00\" \/>\n<meta property=\"og:image\" content=\"https:\/\/expressometro.mx\/wp-content\/uploads\/2022\/11\/WhatsApp-Image-2022-11-15-at-12.43.50-PM-720x480.jpeg\" \/>\n<meta name=\"author\" content=\"Cecilia Vega\" \/>\n<meta name=\"twitter:label1\" content=\"Escrito por\" \/>\n\t<meta name=\"twitter:data1\" content=\"Cecilia Vega\" \/>\n\t<meta name=\"twitter:label2\" content=\"Tiempo de lectura\" \/>\n\t<meta name=\"twitter:data2\" content=\"2 minutos\" \/>\n<script type=\"application\/ld+json\" class=\"yoast-schema-graph\">{\"@context\":\"https:\\\/\\\/schema.org\",\"@graph\":[{\"@type\":\"Article\",\"@id\":\"https:\\\/\\\/expressometro.mx\\\/index.php\\\/2022\\\/11\\\/10\\\/gustavo-cardenas-da-la-pelea-en-la-tribuna-legislativa-por-un-mejor-presupuesto\\\/#article\",\"isPartOf\":{\"@id\":\"https:\\\/\\\/expressometro.mx\\\/index.php\\\/2022\\\/11\\\/10\\\/gustavo-cardenas-da-la-pelea-en-la-tribuna-legislativa-por-un-mejor-presupuesto\\\/\"},\"author\":{\"name\":\"Cecilia Vega\",\"@id\":\"https:\\\/\\\/expressometro.mx\\\/#\\\/schema\\\/person\\\/67a95b8e3862085c7598f66237488f1f\"},\"headline\":\"GUSTAVO C\u00c1RDENAS DA LA PELEA EN LA TRIBUNA LEGISLATIVA POR UN MEJOR PRESUPUESTO\",\"datePublished\":\"2022-11-10T18:55:00+00:00\",\"dateModified\":\"2022-11-15T19:35:46+00:00\",\"mainEntityOfPage\":{\"@id\":\"https:\\\/\\\/expressometro.mx\\\/index.php\\\/2022\\\/11\\\/10\\\/gustavo-cardenas-da-la-pelea-en-la-tribuna-legislativa-por-un-mejor-presupuesto\\\/\"},\"wordCount\":262,\"commentCount\":0,\"publisher\":{\"@id\":\"https:\\\/\\\/expressometro.mx\\\/#organization\"},\"image\":{\"@id\":\"https:\\\/\\\/expressometro.mx\\\/index.php\\\/2022\\\/11\\\/10\\\/gustavo-cardenas-da-la-pelea-en-la-tribuna-legislativa-por-un-mejor-presupuesto\\\/#primaryimage\"},\"thumbnailUrl\":\"https:\\\/\\\/expressometro.mx\\\/wp-content\\\/uploads\\\/2022\\\/11\\\/WhatsApp-Image-2022-11-15-at-12.43.50-PM-720x480.jpeg\",\"articleSection\":[\"Otros\"],\"inLanguage\":\"es\",\"potentialAction\":[{\"@type\":\"CommentAction\",\"name\":\"Comment\",\"target\":[\"https:\\\/\\\/expressometro.mx\\\/index.php\\\/2022\\\/11\\\/10\\\/gustavo-cardenas-da-la-pelea-en-la-tribuna-legislativa-por-un-mejor-presupuesto\\\/#respond\"]}]},{\"@type\":\"WebPage\",\"@id\":\"https:\\\/\\\/expressometro.mx\\\/index.php\\\/2022\\\/11\\\/10\\\/gustavo-cardenas-da-la-pelea-en-la-tribuna-legislativa-por-un-mejor-presupuesto\\\/\",\"url\":\"https:\\\/\\\/expressometro.mx\\\/index.php\\\/2022\\\/11\\\/10\\\/gustavo-cardenas-da-la-pelea-en-la-tribuna-legislativa-por-un-mejor-presupuesto\\\/\",\"name\":\"GUSTAVO C\u00c1RDENAS DA LA PELEA EN LA TRIBUNA LEGISLATIVA POR UN MEJOR PRESUPUESTO - Expresso Metropolitano\",\"isPartOf\":{\"@id\":\"https:\\\/\\\/expressometro.mx\\\/#website\"},\"primaryImageOfPage\":{\"@id\":\"https:\\\/\\\/expressometro.mx\\\/index.php\\\/2022\\\/11\\\/10\\\/gustavo-cardenas-da-la-pelea-en-la-tribuna-legislativa-por-un-mejor-presupuesto\\\/#primaryimage\"},\"image\":{\"@id\":\"https:\\\/\\\/expressometro.mx\\\/index.php\\\/2022\\\/11\\\/10\\\/gustavo-cardenas-da-la-pelea-en-la-tribuna-legislativa-por-un-mejor-presupuesto\\\/#primaryimage\"},\"thumbnailUrl\":\"https:\\\/\\\/expressometro.mx\\\/wp-content\\\/uploads\\\/2022\\\/11\\\/WhatsApp-Image-2022-11-15-at-12.43.50-PM-720x480.jpeg\",\"datePublished\":\"2022-11-10T18:55:00+00:00\",\"dateModified\":\"2022-11-15T19:35:46+00:00\",\"breadcrumb\":{\"@id\":\"https:\\\/\\\/expressometro.mx\\\/index.php\\\/2022\\\/11\\\/10\\\/gustavo-cardenas-da-la-pelea-en-la-tribuna-legislativa-por-un-mejor-presupuesto\\\/#breadcrumb\"},\"inLanguage\":\"es\",\"potentialAction\":[{\"@type\":\"ReadAction\",\"target\":[\"https:\\\/\\\/expressometro.mx\\\/index.php\\\/2022\\\/11\\\/10\\\/gustavo-cardenas-da-la-pelea-en-la-tribuna-legislativa-por-un-mejor-presupuesto\\\/\"]}]},{\"@type\":\"ImageObject\",\"inLanguage\":\"es\",\"@id\":\"https:\\\/\\\/expressometro.mx\\\/index.php\\\/2022\\\/11\\\/10\\\/gustavo-cardenas-da-la-pelea-en-la-tribuna-legislativa-por-un-mejor-presupuesto\\\/#primaryimage\",\"url\":\"https:\\\/\\\/expressometro.mx\\\/wp-content\\\/uploads\\\/2022\\\/11\\\/WhatsApp-Image-2022-11-15-at-12.43.50-PM.jpeg\",\"contentUrl\":\"https:\\\/\\\/expressometro.mx\\\/wp-content\\\/uploads\\\/2022\\\/11\\\/WhatsApp-Image-2022-11-15-at-12.43.50-PM.jpeg\",\"width\":1024,\"height\":683},{\"@type\":\"BreadcrumbList\",\"@id\":\"https:\\\/\\\/expressometro.mx\\\/index.php\\\/2022\\\/11\\\/10\\\/gustavo-cardenas-da-la-pelea-en-la-tribuna-legislativa-por-un-mejor-presupuesto\\\/#breadcrumb\",\"itemListElement\":[{\"@type\":\"ListItem\",\"position\":1,\"name\":\"Inicio\",\"item\":\"https:\\\/\\\/expressometro.mx\\\/\"},{\"@type\":\"ListItem\",\"position\":2,\"name\":\"GUSTAVO C\u00c1RDENAS DA LA PELEA EN LA TRIBUNA LEGISLATIVA POR UN MEJOR PRESUPUESTO\"}]},{\"@type\":\"WebSite\",\"@id\":\"https:\\\/\\\/expressometro.mx\\\/#website\",\"url\":\"https:\\\/\\\/expressometro.mx\\\/\",\"name\":\"Expresso Metropolitano\",\"description\":\"Periodismo comprometido, informaci\u00f3n, investigaci\u00f3n y an\u00e1lisis\",\"publisher\":{\"@id\":\"https:\\\/\\\/expressometro.mx\\\/#organization\"},\"potentialAction\":[{\"@type\":\"SearchAction\",\"target\":{\"@type\":\"EntryPoint\",\"urlTemplate\":\"https:\\\/\\\/expressometro.mx\\\/?s={search_term_string}\"},\"query-input\":{\"@type\":\"PropertyValueSpecification\",\"valueRequired\":true,\"valueName\":\"search_term_string\"}}],\"inLanguage\":\"es\"},{\"@type\":\"Organization\",\"@id\":\"https:\\\/\\\/expressometro.mx\\\/#organization\",\"name\":\"Expresso Metropolitano\",\"url\":\"https:\\\/\\\/expressometro.mx\\\/\",\"logo\":{\"@type\":\"ImageObject\",\"inLanguage\":\"es\",\"@id\":\"https:\\\/\\\/expressometro.mx\\\/#\\\/schema\\\/logo\\\/image\\\/\",\"url\":\"https:\\\/\\\/expressometro.mx\\\/wp-content\\\/uploads\\\/2019\\\/07\\\/cropped-Logo-Expresso-Metropolitano-1-1.jpeg\",\"contentUrl\":\"https:\\\/\\\/expressometro.mx\\\/wp-content\\\/uploads\\\/2019\\\/07\\\/cropped-Logo-Expresso-Metropolitano-1-1.jpeg\",\"width\":290,\"height\":73,\"caption\":\"Expresso Metropolitano\"},\"image\":{\"@id\":\"https:\\\/\\\/expressometro.mx\\\/#\\\/schema\\\/logo\\\/image\\\/\"}},{\"@type\":\"Person\",\"@id\":\"https:\\\/\\\/expressometro.mx\\\/#\\\/schema\\\/person\\\/67a95b8e3862085c7598f66237488f1f\",\"name\":\"Cecilia Vega\",\"image\":{\"@type\":\"ImageObject\",\"inLanguage\":\"es\",\"@id\":\"https:\\\/\\\/secure.gravatar.com\\\/avatar\\\/13aae9944ab2ee472a9e407c9487fdbd03b049abaa559af32fe5dbcf615c981b?s=96&d=mm&r=g\",\"url\":\"https:\\\/\\\/secure.gravatar.com\\\/avatar\\\/13aae9944ab2ee472a9e407c9487fdbd03b049abaa559af32fe5dbcf615c981b?s=96&d=mm&r=g\",\"contentUrl\":\"https:\\\/\\\/secure.gravatar.com\\\/avatar\\\/13aae9944ab2ee472a9e407c9487fdbd03b049abaa559af32fe5dbcf615c981b?s=96&d=mm&r=g\",\"caption\":\"Cecilia Vega\"},\"url\":\"https:\\\/\\\/expressometro.mx\\\/index.php\\\/author\\\/cecilia-vega\\\/\"}]}<\/script>\n<!-- \/ Yoast SEO plugin. -->","yoast_head_json":{"title":"GUSTAVO C\u00c1RDENAS DA LA PELEA EN LA TRIBUNA LEGISLATIVA POR UN MEJOR PRESUPUESTO - Expresso Metropolitano","robots":{"index":"index","follow":"follow","max-snippet":"max-snippet:-1","max-image-preview":"max-image-preview:large","max-video-preview":"max-video-preview:-1"},"canonical":"https:\/\/expressometro.mx\/index.php\/2022\/11\/10\/gustavo-cardenas-da-la-pelea-en-la-tribuna-legislativa-por-un-mejor-presupuesto\/","og_locale":"es_MX","og_type":"article","og_title":"GUSTAVO C\u00c1RDENAS DA LA PELEA EN LA TRIBUNA LEGISLATIVA POR UN MEJOR PRESUPUESTO - Expresso Metropolitano","og_description":"El Diputado federal Gustavo C\u00e1rdenas Monroy propuso que se reasignen recursos para capacitar y equipar a las corporaciones policiacas de los estados y municipios, con el fin de tener una actuaci\u00f3n m\u00e1s eficiente. Al dar la pelea en tribuna de la C\u00e1mara de Diputados durante la discusi\u00f3n del presupuesto de egresos de la Federaci\u00f3n 2023, llam\u00f3 a ser responsable con un presupuesto que impulse el desarrollo integral del pa\u00eds, de los estados y municipios. \u201cEl presupuesto debe ser incluyente y que la equidad y proporcionalidad deben ser principios fundamentales para&hellip;","og_url":"https:\/\/expressometro.mx\/index.php\/2022\/11\/10\/gustavo-cardenas-da-la-pelea-en-la-tribuna-legislativa-por-un-mejor-presupuesto\/","og_site_name":"Expresso Metropolitano","article_published_time":"2022-11-10T18:55:00+00:00","article_modified_time":"2022-11-15T19:35:46+00:00","og_image":[{"url":"https:\/\/expressometro.mx\/wp-content\/uploads\/2022\/11\/WhatsApp-Image-2022-11-15-at-12.43.50-PM-720x480.jpeg","type":"","width":"","height":""}],"author":"Cecilia Vega","twitter_misc":{"Escrito por":"Cecilia Vega","Tiempo de lectura":"2 minutos"},"schema":{"@context":"https:\/\/schema.org","@graph":[{"@type":"Article","@id":"https:\/\/expressometro.mx\/index.php\/2022\/11\/10\/gustavo-cardenas-da-la-pelea-en-la-tribuna-legislativa-por-un-mejor-presupuesto\/#article","isPartOf":{"@id":"https:\/\/expressometro.mx\/index.php\/2022\/11\/10\/gustavo-cardenas-da-la-pelea-en-la-tribuna-legislativa-por-un-mejor-presupuesto\/"},"author":{"name":"Cecilia Vega","@id":"https:\/\/expressometro.mx\/#\/schema\/person\/67a95b8e3862085c7598f66237488f1f"},"headline":"GUSTAVO C\u00c1RDENAS DA LA PELEA EN LA TRIBUNA LEGISLATIVA POR UN MEJOR PRESUPUESTO","datePublished":"2022-11-10T18:55:00+00:00","dateModified":"2022-11-15T19:35:46+00:00","mainEntityOfPage":{"@id":"https:\/\/expressometro.mx\/index.php\/2022\/11\/10\/gustavo-cardenas-da-la-pelea-en-la-tribuna-legislativa-por-un-mejor-presupuesto\/"},"wordCount":262,"commentCount":0,"publisher":{"@id":"https:\/\/expressometro.mx\/#organization"},"image":{"@id":"https:\/\/expressometro.mx\/index.php\/2022\/11\/10\/gustavo-cardenas-da-la-pelea-en-la-tribuna-legislativa-por-un-mejor-presupuesto\/#primaryimage"},"thumbnailUrl":"https:\/\/expressometro.mx\/wp-content\/uploads\/2022\/11\/WhatsApp-Image-2022-11-15-at-12.43.50-PM-720x480.jpeg","articleSection":["Otros"],"inLanguage":"es","potentialAction":[{"@type":"CommentAction","name":"Comment","target":["https:\/\/expressometro.mx\/index.php\/2022\/11\/10\/gustavo-cardenas-da-la-pelea-en-la-tribuna-legislativa-por-un-mejor-presupuesto\/#respond"]}]},{"@type":"WebPage","@id":"https:\/\/expressometro.mx\/index.php\/2022\/11\/10\/gustavo-cardenas-da-la-pelea-en-la-tribuna-legislativa-por-un-mejor-presupuesto\/","url":"https:\/\/expressometro.mx\/index.php\/2022\/11\/10\/gustavo-cardenas-da-la-pelea-en-la-tribuna-legislativa-por-un-mejor-presupuesto\/","name":"GUSTAVO C\u00c1RDENAS DA LA PELEA EN LA TRIBUNA LEGISLATIVA POR UN MEJOR PRESUPUESTO - Expresso Metropolitano","isPartOf":{"@id":"https:\/\/expressometro.mx\/#website"},"primaryImageOfPage":{"@id":"https:\/\/expressometro.mx\/index.php\/2022\/11\/10\/gustavo-cardenas-da-la-pelea-en-la-tribuna-legislativa-por-un-mejor-presupuesto\/#primaryimage"},"image":{"@id":"https:\/\/expressometro.mx\/index.php\/2022\/11\/10\/gustavo-cardenas-da-la-pelea-en-la-tribuna-legislativa-por-un-mejor-presupuesto\/#primaryimage"},"thumbnailUrl":"https:\/\/expressometro.mx\/wp-content\/uploads\/2022\/11\/WhatsApp-Image-2022-11-15-at-12.43.50-PM-720x480.jpeg","datePublished":"2022-11-10T18:55:00+00:00","dateModified":"2022-11-15T19:35:46+00:00","breadcrumb":{"@id":"https:\/\/expressometro.mx\/index.php\/2022\/11\/10\/gustavo-cardenas-da-la-pelea-en-la-tribuna-legislativa-por-un-mejor-presupuesto\/#breadcrumb"},"inLanguage":"es","potentialAction":[{"@type":"ReadAction","target":["https:\/\/expressometro.mx\/index.php\/2022\/11\/10\/gustavo-cardenas-da-la-pelea-en-la-tribuna-legislativa-por-un-mejor-presupuesto\/"]}]},{"@type":"ImageObject","inLanguage":"es","@id":"https:\/\/expressometro.mx\/index.php\/2022\/11\/10\/gustavo-cardenas-da-la-pelea-en-la-tribuna-legislativa-por-un-mejor-presupuesto\/#primaryimage","url":"https:\/\/expressometro.mx\/wp-content\/uploads\/2022\/11\/WhatsApp-Image-2022-11-15-at-12.43.50-PM.jpeg","contentUrl":"https:\/\/expressometro.mx\/wp-content\/uploads\/2022\/11\/WhatsApp-Image-2022-11-15-at-12.43.50-PM.jpeg","width":1024,"height":683},{"@type":"BreadcrumbList","@id":"https:\/\/expressometro.mx\/index.php\/2022\/11\/10\/gustavo-cardenas-da-la-pelea-en-la-tribuna-legislativa-por-un-mejor-presupuesto\/#breadcrumb","itemListElement":[{"@type":"ListItem","position":1,"name":"Inicio","item":"https:\/\/expressometro.mx\/"},{"@type":"ListItem","position":2,"name":"GUSTAVO C\u00c1RDENAS DA LA PELEA EN LA TRIBUNA LEGISLATIVA POR UN MEJOR PRESUPUESTO"}]},{"@type":"WebSite","@id":"https:\/\/expressometro.mx\/#website","url":"https:\/\/expressometro.mx\/","name":"Expresso Metropolitano","description":"Periodismo comprometido, informaci\u00f3n, investigaci\u00f3n y an\u00e1lisis","publisher":{"@id":"https:\/\/expressometro.mx\/#organization"},"potentialAction":[{"@type":"SearchAction","target":{"@type":"EntryPoint","urlTemplate":"https:\/\/expressometro.mx\/?s={search_term_string}"},"query-input":{"@type":"PropertyValueSpecification","valueRequired":true,"valueName":"search_term_string"}}],"inLanguage":"es"},{"@type":"Organization","@id":"https:\/\/expressometro.mx\/#organization","name":"Expresso Metropolitano","url":"https:\/\/expressometro.mx\/","logo":{"@type":"ImageObject","inLanguage":"es","@id":"https:\/\/expressometro.mx\/#\/schema\/logo\/image\/","url":"https:\/\/expressometro.mx\/wp-content\/uploads\/2019\/07\/cropped-Logo-Expresso-Metropolitano-1-1.jpeg","contentUrl":"https:\/\/expressometro.mx\/wp-content\/uploads\/2019\/07\/cropped-Logo-Expresso-Metropolitano-1-1.jpeg","width":290,"height":73,"caption":"Expresso Metropolitano"},"image":{"@id":"https:\/\/expressometro.mx\/#\/schema\/logo\/image\/"}},{"@type":"Person","@id":"https:\/\/expressometro.mx\/#\/schema\/person\/67a95b8e3862085c7598f66237488f1f","name":"Cecilia Vega","image":{"@type":"ImageObject","inLanguage":"es","@id":"https:\/\/secure.gravatar.com\/avatar\/13aae9944ab2ee472a9e407c9487fdbd03b049abaa559af32fe5dbcf615c981b?s=96&d=mm&r=g","url":"https:\/\/secure.gravatar.com\/avatar\/13aae9944ab2ee472a9e407c9487fdbd03b049abaa559af32fe5dbcf615c981b?s=96&d=mm&r=g","contentUrl":"https:\/\/secure.gravatar.com\/avatar\/13aae9944ab2ee472a9e407c9487fdbd03b049abaa559af32fe5dbcf615c981b?s=96&d=mm&r=g","caption":"Cecilia Vega"},"url":"https:\/\/expressometro.mx\/index.php\/author\/cecilia-vega\/"}]}},"amp_enabled":true,"_links":{"self":[{"href":"https:\/\/expressometro.mx\/index.php\/wp-json\/wp\/v2\/posts\/6694","targetHints":{"allow":["GET"]}}],"collection":[{"href":"https:\/\/expressometro.mx\/index.php\/wp-json\/wp\/v2\/posts"}],"about":[{"href":"https:\/\/expressometro.mx\/index.php\/wp-json\/wp\/v2\/types\/post"}],"author":[{"embeddable":true,"href":"https:\/\/expressometro.mx\/index.php\/wp-json\/wp\/v2\/users\/2"}],"replies":[{"embeddable":true,"href":"https:\/\/expressometro.mx\/index.php\/wp-json\/wp\/v2\/comments?post=6694"}],"version-history":[{"count":1,"href":"https:\/\/expressometro.mx\/index.php\/wp-json\/wp\/v2\/posts\/6694\/revisions"}],"predecessor-version":[{"id":6697,"href":"https:\/\/expressometro.mx\/index.php\/wp-json\/wp\/v2\/posts\/6694\/revisions\/6697"}],"wp:attachment":[{"href":"https:\/\/expressometro.mx\/index.php\/wp-json\/wp\/v2\/media?parent=6694"}],"wp:term":[{"taxonomy":"category","embeddable":true,"href":"https:\/\/expressometro.mx\/index.php\/wp-json\/wp\/v2\/categories?post=6694"},{"taxonomy":"post_tag","embeddable":true,"href":"https:\/\/expressometro.mx\/index.php\/wp-json\/wp\/v2\/tags?post=6694"}],"curies":[{"name":"wp","href":"https:\/\/api.w.org\/{rel}","templated":true}]}}