{"id":6641,"date":"2022-11-01T11:19:26","date_gmt":"2022-11-01T17:19:26","guid":{"rendered":"https:\/\/expressometro.mx\/?p=6641"},"modified":"2022-11-01T11:19:35","modified_gmt":"2022-11-01T17:19:35","slug":"la-papa-no-tiene-la-culpa","status":"publish","type":"post","link":"https:\/\/expressometro.mx\/index.php\/2022\/11\/01\/la-papa-no-tiene-la-culpa\/","title":{"rendered":"LA PAPA NO TIENE LA CULPA"},"content":{"rendered":"\n<p>Hay muchos mitos acerca de los hidratos de carbono. \u00bfCu\u00e1ntas veces escuchaste no comas papa porque engorda, la papa inflama o tiene muchas calor\u00edas?<\/p>\n\n\n\n<p>No es lo mismo consumir papas fritas que papas hervidas o al horno: las primeras son alternativas que, adem\u00e1s de los hidratos de carbono, aportan grandes cantidades de grasas. Por lo tanto, la clave ser\u00eda moderar las porciones de este tipo de alimentos para que no representen un problema en nuestra salud.<\/p>\n\n\n\n<p>Los hidratos de carbono aportan 4kcl por gramo, pero el MODO DE COCCI\u00d3N es lo que va a aumentar o disminuir el aporte de grasas y calor\u00edas de la preparac\u00f3n.<\/p>\n\n\n\n<p>No queremos decir que no puedas comer papas fritas de vez en cuando, solo queremos que entiendas que la papa puede ser un alimento incluido en tu alimentaci\u00f3n diaria de manera saludable.<\/p>\n\n\n\n<figure class=\"wp-block-gallery has-nested-images columns-default is-cropped wp-block-gallery-1 is-layout-flex wp-block-gallery-is-layout-flex\">\n<figure class=\"wp-block-image size-large\"><img decoding=\"async\" width=\"705\" height=\"480\" data-id=\"6643\" src=\"https:\/\/expressometro.mx\/wp-content\/uploads\/2022\/11\/WhatsApp-Image-2022-11-01-at-11.17.42-AM-705x480.jpeg\" alt=\"\" class=\"wp-image-6643\" srcset=\"https:\/\/expressometro.mx\/wp-content\/uploads\/2022\/11\/WhatsApp-Image-2022-11-01-at-11.17.42-AM-705x480.jpeg 705w, https:\/\/expressometro.mx\/wp-content\/uploads\/2022\/11\/WhatsApp-Image-2022-11-01-at-11.17.42-AM-536x365.jpeg 536w, https:\/\/expressometro.mx\/wp-content\/uploads\/2022\/11\/WhatsApp-Image-2022-11-01-at-11.17.42-AM.jpeg 720w\" sizes=\"(max-width: 705px) 100vw, 705px\" \/><\/figure>\n<\/figure>\n","protected":false},"excerpt":{"rendered":"<p>Hay muchos mitos acerca de los hidratos de carbono. \u00bfCu\u00e1ntas veces escuchaste no comas papa porque engorda, la papa inflama o tiene muchas calor\u00edas? No es lo mismo consumir papas fritas que papas hervidas o al horno: las primeras son alternativas que, adem\u00e1s de los hidratos de carbono, aportan grandes cantidades de grasas. Por lo tanto, la clave ser\u00eda moderar las porciones de este tipo de alimentos para que no representen un problema en nuestra salud. Los hidratos de carbono aportan 4kcl por gramo, pero el MODO DE COCCI\u00d3N es&hellip;<\/p>\n","protected":false},"author":2,"featured_media":0,"comment_status":"open","ping_status":"open","sticky":false,"template":"","format":"standard","meta":{"footnotes":""},"categories":[1],"tags":[],"class_list":["post-6641","post","type-post","status-publish","format-standard","hentry","category-otros"],"yoast_head":"<!-- This site is optimized with the Yoast SEO plugin v27.4 - https:\/\/yoast.com\/product\/yoast-seo-wordpress\/ -->\n<title>LA PAPA NO TIENE LA CULPA - Expresso Metropolitano<\/title>\n<meta name=\"robots\" content=\"index, follow, max-snippet:-1, max-image-preview:large, max-video-preview:-1\" \/>\n<link rel=\"canonical\" href=\"https:\/\/expressometro.mx\/index.php\/2022\/11\/01\/la-papa-no-tiene-la-culpa\/\" \/>\n<meta property=\"og:locale\" content=\"es_MX\" \/>\n<meta property=\"og:type\" content=\"article\" \/>\n<meta property=\"og:title\" content=\"LA PAPA NO TIENE LA CULPA - Expresso Metropolitano\" \/>\n<meta property=\"og:description\" content=\"Hay muchos mitos acerca de los hidratos de carbono. \u00bfCu\u00e1ntas veces escuchaste no comas papa porque engorda, la papa inflama o tiene muchas calor\u00edas? No es lo mismo consumir papas fritas que papas hervidas o al horno: las primeras son alternativas que, adem\u00e1s de los hidratos de carbono, aportan grandes cantidades de grasas. Por lo tanto, la clave ser\u00eda moderar las porciones de este tipo de alimentos para que no representen un problema en nuestra salud. Los hidratos de carbono aportan 4kcl por gramo, pero el MODO DE COCCI\u00d3N es&hellip;\" \/>\n<meta property=\"og:url\" content=\"https:\/\/expressometro.mx\/index.php\/2022\/11\/01\/la-papa-no-tiene-la-culpa\/\" \/>\n<meta property=\"og:site_name\" content=\"Expresso Metropolitano\" \/>\n<meta property=\"article:published_time\" content=\"2022-11-01T17:19:26+00:00\" \/>\n<meta property=\"article:modified_time\" content=\"2022-11-01T17:19:35+00:00\" \/>\n<meta property=\"og:image\" content=\"https:\/\/expressometro.mx\/wp-content\/uploads\/2022\/11\/WhatsApp-Image-2022-11-01-at-11.17.42-AM-705x480.jpeg\" \/>\n<meta name=\"author\" content=\"Cecilia Vega\" \/>\n<meta name=\"twitter:label1\" content=\"Escrito por\" \/>\n\t<meta name=\"twitter:data1\" content=\"Cecilia Vega\" \/>\n\t<meta name=\"twitter:label2\" content=\"Tiempo de lectura\" \/>\n\t<meta name=\"twitter:data2\" content=\"1 minuto\" \/>\n<script type=\"application\/ld+json\" class=\"yoast-schema-graph\">{\"@context\":\"https:\\\/\\\/schema.org\",\"@graph\":[{\"@type\":\"Article\",\"@id\":\"https:\\\/\\\/expressometro.mx\\\/index.php\\\/2022\\\/11\\\/01\\\/la-papa-no-tiene-la-culpa\\\/#article\",\"isPartOf\":{\"@id\":\"https:\\\/\\\/expressometro.mx\\\/index.php\\\/2022\\\/11\\\/01\\\/la-papa-no-tiene-la-culpa\\\/\"},\"author\":{\"name\":\"Cecilia Vega\",\"@id\":\"https:\\\/\\\/expressometro.mx\\\/#\\\/schema\\\/person\\\/67a95b8e3862085c7598f66237488f1f\"},\"headline\":\"LA PAPA NO TIENE LA CULPA\",\"datePublished\":\"2022-11-01T17:19:26+00:00\",\"dateModified\":\"2022-11-01T17:19:35+00:00\",\"mainEntityOfPage\":{\"@id\":\"https:\\\/\\\/expressometro.mx\\\/index.php\\\/2022\\\/11\\\/01\\\/la-papa-no-tiene-la-culpa\\\/\"},\"wordCount\":152,\"commentCount\":0,\"publisher\":{\"@id\":\"https:\\\/\\\/expressometro.mx\\\/#organization\"},\"image\":{\"@id\":\"https:\\\/\\\/expressometro.mx\\\/index.php\\\/2022\\\/11\\\/01\\\/la-papa-no-tiene-la-culpa\\\/#primaryimage\"},\"thumbnailUrl\":\"https:\\\/\\\/expressometro.mx\\\/wp-content\\\/uploads\\\/2022\\\/11\\\/WhatsApp-Image-2022-11-01-at-11.17.42-AM-705x480.jpeg\",\"articleSection\":[\"Otros\"],\"inLanguage\":\"es\",\"potentialAction\":[{\"@type\":\"CommentAction\",\"name\":\"Comment\",\"target\":[\"https:\\\/\\\/expressometro.mx\\\/index.php\\\/2022\\\/11\\\/01\\\/la-papa-no-tiene-la-culpa\\\/#respond\"]}]},{\"@type\":\"WebPage\",\"@id\":\"https:\\\/\\\/expressometro.mx\\\/index.php\\\/2022\\\/11\\\/01\\\/la-papa-no-tiene-la-culpa\\\/\",\"url\":\"https:\\\/\\\/expressometro.mx\\\/index.php\\\/2022\\\/11\\\/01\\\/la-papa-no-tiene-la-culpa\\\/\",\"name\":\"LA PAPA NO TIENE LA CULPA - Expresso Metropolitano\",\"isPartOf\":{\"@id\":\"https:\\\/\\\/expressometro.mx\\\/#website\"},\"primaryImageOfPage\":{\"@id\":\"https:\\\/\\\/expressometro.mx\\\/index.php\\\/2022\\\/11\\\/01\\\/la-papa-no-tiene-la-culpa\\\/#primaryimage\"},\"image\":{\"@id\":\"https:\\\/\\\/expressometro.mx\\\/index.php\\\/2022\\\/11\\\/01\\\/la-papa-no-tiene-la-culpa\\\/#primaryimage\"},\"thumbnailUrl\":\"https:\\\/\\\/expressometro.mx\\\/wp-content\\\/uploads\\\/2022\\\/11\\\/WhatsApp-Image-2022-11-01-at-11.17.42-AM-705x480.jpeg\",\"datePublished\":\"2022-11-01T17:19:26+00:00\",\"dateModified\":\"2022-11-01T17:19:35+00:00\",\"breadcrumb\":{\"@id\":\"https:\\\/\\\/expressometro.mx\\\/index.php\\\/2022\\\/11\\\/01\\\/la-papa-no-tiene-la-culpa\\\/#breadcrumb\"},\"inLanguage\":\"es\",\"potentialAction\":[{\"@type\":\"ReadAction\",\"target\":[\"https:\\\/\\\/expressometro.mx\\\/index.php\\\/2022\\\/11\\\/01\\\/la-papa-no-tiene-la-culpa\\\/\"]}]},{\"@type\":\"ImageObject\",\"inLanguage\":\"es\",\"@id\":\"https:\\\/\\\/expressometro.mx\\\/index.php\\\/2022\\\/11\\\/01\\\/la-papa-no-tiene-la-culpa\\\/#primaryimage\",\"url\":\"https:\\\/\\\/expressometro.mx\\\/wp-content\\\/uploads\\\/2022\\\/11\\\/WhatsApp-Image-2022-11-01-at-11.17.42-AM.jpeg\",\"contentUrl\":\"https:\\\/\\\/expressometro.mx\\\/wp-content\\\/uploads\\\/2022\\\/11\\\/WhatsApp-Image-2022-11-01-at-11.17.42-AM.jpeg\",\"width\":720,\"height\":490},{\"@type\":\"BreadcrumbList\",\"@id\":\"https:\\\/\\\/expressometro.mx\\\/index.php\\\/2022\\\/11\\\/01\\\/la-papa-no-tiene-la-culpa\\\/#breadcrumb\",\"itemListElement\":[{\"@type\":\"ListItem\",\"position\":1,\"name\":\"Inicio\",\"item\":\"https:\\\/\\\/expressometro.mx\\\/\"},{\"@type\":\"ListItem\",\"position\":2,\"name\":\"LA PAPA NO TIENE LA CULPA\"}]},{\"@type\":\"WebSite\",\"@id\":\"https:\\\/\\\/expressometro.mx\\\/#website\",\"url\":\"https:\\\/\\\/expressometro.mx\\\/\",\"name\":\"Expresso Metropolitano\",\"description\":\"Periodismo comprometido, informaci\u00f3n, investigaci\u00f3n y an\u00e1lisis\",\"publisher\":{\"@id\":\"https:\\\/\\\/expressometro.mx\\\/#organization\"},\"potentialAction\":[{\"@type\":\"SearchAction\",\"target\":{\"@type\":\"EntryPoint\",\"urlTemplate\":\"https:\\\/\\\/expressometro.mx\\\/?s={search_term_string}\"},\"query-input\":{\"@type\":\"PropertyValueSpecification\",\"valueRequired\":true,\"valueName\":\"search_term_string\"}}],\"inLanguage\":\"es\"},{\"@type\":\"Organization\",\"@id\":\"https:\\\/\\\/expressometro.mx\\\/#organization\",\"name\":\"Expresso Metropolitano\",\"url\":\"https:\\\/\\\/expressometro.mx\\\/\",\"logo\":{\"@type\":\"ImageObject\",\"inLanguage\":\"es\",\"@id\":\"https:\\\/\\\/expressometro.mx\\\/#\\\/schema\\\/logo\\\/image\\\/\",\"url\":\"https:\\\/\\\/expressometro.mx\\\/wp-content\\\/uploads\\\/2019\\\/07\\\/cropped-Logo-Expresso-Metropolitano-1-1.jpeg\",\"contentUrl\":\"https:\\\/\\\/expressometro.mx\\\/wp-content\\\/uploads\\\/2019\\\/07\\\/cropped-Logo-Expresso-Metropolitano-1-1.jpeg\",\"width\":290,\"height\":73,\"caption\":\"Expresso Metropolitano\"},\"image\":{\"@id\":\"https:\\\/\\\/expressometro.mx\\\/#\\\/schema\\\/logo\\\/image\\\/\"}},{\"@type\":\"Person\",\"@id\":\"https:\\\/\\\/expressometro.mx\\\/#\\\/schema\\\/person\\\/67a95b8e3862085c7598f66237488f1f\",\"name\":\"Cecilia Vega\",\"image\":{\"@type\":\"ImageObject\",\"inLanguage\":\"es\",\"@id\":\"https:\\\/\\\/secure.gravatar.com\\\/avatar\\\/13aae9944ab2ee472a9e407c9487fdbd03b049abaa559af32fe5dbcf615c981b?s=96&d=mm&r=g\",\"url\":\"https:\\\/\\\/secure.gravatar.com\\\/avatar\\\/13aae9944ab2ee472a9e407c9487fdbd03b049abaa559af32fe5dbcf615c981b?s=96&d=mm&r=g\",\"contentUrl\":\"https:\\\/\\\/secure.gravatar.com\\\/avatar\\\/13aae9944ab2ee472a9e407c9487fdbd03b049abaa559af32fe5dbcf615c981b?s=96&d=mm&r=g\",\"caption\":\"Cecilia Vega\"},\"url\":\"https:\\\/\\\/expressometro.mx\\\/index.php\\\/author\\\/cecilia-vega\\\/\"}]}<\/script>\n<!-- \/ Yoast SEO plugin. -->","yoast_head_json":{"title":"LA PAPA NO TIENE LA CULPA - Expresso Metropolitano","robots":{"index":"index","follow":"follow","max-snippet":"max-snippet:-1","max-image-preview":"max-image-preview:large","max-video-preview":"max-video-preview:-1"},"canonical":"https:\/\/expressometro.mx\/index.php\/2022\/11\/01\/la-papa-no-tiene-la-culpa\/","og_locale":"es_MX","og_type":"article","og_title":"LA PAPA NO TIENE LA CULPA - Expresso Metropolitano","og_description":"Hay muchos mitos acerca de los hidratos de carbono. \u00bfCu\u00e1ntas veces escuchaste no comas papa porque engorda, la papa inflama o tiene muchas calor\u00edas? No es lo mismo consumir papas fritas que papas hervidas o al horno: las primeras son alternativas que, adem\u00e1s de los hidratos de carbono, aportan grandes cantidades de grasas. Por lo tanto, la clave ser\u00eda moderar las porciones de este tipo de alimentos para que no representen un problema en nuestra salud. Los hidratos de carbono aportan 4kcl por gramo, pero el MODO DE COCCI\u00d3N es&hellip;","og_url":"https:\/\/expressometro.mx\/index.php\/2022\/11\/01\/la-papa-no-tiene-la-culpa\/","og_site_name":"Expresso Metropolitano","article_published_time":"2022-11-01T17:19:26+00:00","article_modified_time":"2022-11-01T17:19:35+00:00","og_image":[{"url":"https:\/\/expressometro.mx\/wp-content\/uploads\/2022\/11\/WhatsApp-Image-2022-11-01-at-11.17.42-AM-705x480.jpeg","type":"","width":"","height":""}],"author":"Cecilia Vega","twitter_misc":{"Escrito por":"Cecilia Vega","Tiempo de lectura":"1 minuto"},"schema":{"@context":"https:\/\/schema.org","@graph":[{"@type":"Article","@id":"https:\/\/expressometro.mx\/index.php\/2022\/11\/01\/la-papa-no-tiene-la-culpa\/#article","isPartOf":{"@id":"https:\/\/expressometro.mx\/index.php\/2022\/11\/01\/la-papa-no-tiene-la-culpa\/"},"author":{"name":"Cecilia Vega","@id":"https:\/\/expressometro.mx\/#\/schema\/person\/67a95b8e3862085c7598f66237488f1f"},"headline":"LA PAPA NO TIENE LA CULPA","datePublished":"2022-11-01T17:19:26+00:00","dateModified":"2022-11-01T17:19:35+00:00","mainEntityOfPage":{"@id":"https:\/\/expressometro.mx\/index.php\/2022\/11\/01\/la-papa-no-tiene-la-culpa\/"},"wordCount":152,"commentCount":0,"publisher":{"@id":"https:\/\/expressometro.mx\/#organization"},"image":{"@id":"https:\/\/expressometro.mx\/index.php\/2022\/11\/01\/la-papa-no-tiene-la-culpa\/#primaryimage"},"thumbnailUrl":"https:\/\/expressometro.mx\/wp-content\/uploads\/2022\/11\/WhatsApp-Image-2022-11-01-at-11.17.42-AM-705x480.jpeg","articleSection":["Otros"],"inLanguage":"es","potentialAction":[{"@type":"CommentAction","name":"Comment","target":["https:\/\/expressometro.mx\/index.php\/2022\/11\/01\/la-papa-no-tiene-la-culpa\/#respond"]}]},{"@type":"WebPage","@id":"https:\/\/expressometro.mx\/index.php\/2022\/11\/01\/la-papa-no-tiene-la-culpa\/","url":"https:\/\/expressometro.mx\/index.php\/2022\/11\/01\/la-papa-no-tiene-la-culpa\/","name":"LA PAPA NO TIENE LA CULPA - Expresso Metropolitano","isPartOf":{"@id":"https:\/\/expressometro.mx\/#website"},"primaryImageOfPage":{"@id":"https:\/\/expressometro.mx\/index.php\/2022\/11\/01\/la-papa-no-tiene-la-culpa\/#primaryimage"},"image":{"@id":"https:\/\/expressometro.mx\/index.php\/2022\/11\/01\/la-papa-no-tiene-la-culpa\/#primaryimage"},"thumbnailUrl":"https:\/\/expressometro.mx\/wp-content\/uploads\/2022\/11\/WhatsApp-Image-2022-11-01-at-11.17.42-AM-705x480.jpeg","datePublished":"2022-11-01T17:19:26+00:00","dateModified":"2022-11-01T17:19:35+00:00","breadcrumb":{"@id":"https:\/\/expressometro.mx\/index.php\/2022\/11\/01\/la-papa-no-tiene-la-culpa\/#breadcrumb"},"inLanguage":"es","potentialAction":[{"@type":"ReadAction","target":["https:\/\/expressometro.mx\/index.php\/2022\/11\/01\/la-papa-no-tiene-la-culpa\/"]}]},{"@type":"ImageObject","inLanguage":"es","@id":"https:\/\/expressometro.mx\/index.php\/2022\/11\/01\/la-papa-no-tiene-la-culpa\/#primaryimage","url":"https:\/\/expressometro.mx\/wp-content\/uploads\/2022\/11\/WhatsApp-Image-2022-11-01-at-11.17.42-AM.jpeg","contentUrl":"https:\/\/expressometro.mx\/wp-content\/uploads\/2022\/11\/WhatsApp-Image-2022-11-01-at-11.17.42-AM.jpeg","width":720,"height":490},{"@type":"BreadcrumbList","@id":"https:\/\/expressometro.mx\/index.php\/2022\/11\/01\/la-papa-no-tiene-la-culpa\/#breadcrumb","itemListElement":[{"@type":"ListItem","position":1,"name":"Inicio","item":"https:\/\/expressometro.mx\/"},{"@type":"ListItem","position":2,"name":"LA PAPA NO TIENE LA CULPA"}]},{"@type":"WebSite","@id":"https:\/\/expressometro.mx\/#website","url":"https:\/\/expressometro.mx\/","name":"Expresso Metropolitano","description":"Periodismo comprometido, informaci\u00f3n, investigaci\u00f3n y an\u00e1lisis","publisher":{"@id":"https:\/\/expressometro.mx\/#organization"},"potentialAction":[{"@type":"SearchAction","target":{"@type":"EntryPoint","urlTemplate":"https:\/\/expressometro.mx\/?s={search_term_string}"},"query-input":{"@type":"PropertyValueSpecification","valueRequired":true,"valueName":"search_term_string"}}],"inLanguage":"es"},{"@type":"Organization","@id":"https:\/\/expressometro.mx\/#organization","name":"Expresso Metropolitano","url":"https:\/\/expressometro.mx\/","logo":{"@type":"ImageObject","inLanguage":"es","@id":"https:\/\/expressometro.mx\/#\/schema\/logo\/image\/","url":"https:\/\/expressometro.mx\/wp-content\/uploads\/2019\/07\/cropped-Logo-Expresso-Metropolitano-1-1.jpeg","contentUrl":"https:\/\/expressometro.mx\/wp-content\/uploads\/2019\/07\/cropped-Logo-Expresso-Metropolitano-1-1.jpeg","width":290,"height":73,"caption":"Expresso Metropolitano"},"image":{"@id":"https:\/\/expressometro.mx\/#\/schema\/logo\/image\/"}},{"@type":"Person","@id":"https:\/\/expressometro.mx\/#\/schema\/person\/67a95b8e3862085c7598f66237488f1f","name":"Cecilia Vega","image":{"@type":"ImageObject","inLanguage":"es","@id":"https:\/\/secure.gravatar.com\/avatar\/13aae9944ab2ee472a9e407c9487fdbd03b049abaa559af32fe5dbcf615c981b?s=96&d=mm&r=g","url":"https:\/\/secure.gravatar.com\/avatar\/13aae9944ab2ee472a9e407c9487fdbd03b049abaa559af32fe5dbcf615c981b?s=96&d=mm&r=g","contentUrl":"https:\/\/secure.gravatar.com\/avatar\/13aae9944ab2ee472a9e407c9487fdbd03b049abaa559af32fe5dbcf615c981b?s=96&d=mm&r=g","caption":"Cecilia Vega"},"url":"https:\/\/expressometro.mx\/index.php\/author\/cecilia-vega\/"}]}},"amp_enabled":true,"_links":{"self":[{"href":"https:\/\/expressometro.mx\/index.php\/wp-json\/wp\/v2\/posts\/6641","targetHints":{"allow":["GET"]}}],"collection":[{"href":"https:\/\/expressometro.mx\/index.php\/wp-json\/wp\/v2\/posts"}],"about":[{"href":"https:\/\/expressometro.mx\/index.php\/wp-json\/wp\/v2\/types\/post"}],"author":[{"embeddable":true,"href":"https:\/\/expressometro.mx\/index.php\/wp-json\/wp\/v2\/users\/2"}],"replies":[{"embeddable":true,"href":"https:\/\/expressometro.mx\/index.php\/wp-json\/wp\/v2\/comments?post=6641"}],"version-history":[{"count":1,"href":"https:\/\/expressometro.mx\/index.php\/wp-json\/wp\/v2\/posts\/6641\/revisions"}],"predecessor-version":[{"id":6644,"href":"https:\/\/expressometro.mx\/index.php\/wp-json\/wp\/v2\/posts\/6641\/revisions\/6644"}],"wp:attachment":[{"href":"https:\/\/expressometro.mx\/index.php\/wp-json\/wp\/v2\/media?parent=6641"}],"wp:term":[{"taxonomy":"category","embeddable":true,"href":"https:\/\/expressometro.mx\/index.php\/wp-json\/wp\/v2\/categories?post=6641"},{"taxonomy":"post_tag","embeddable":true,"href":"https:\/\/expressometro.mx\/index.php\/wp-json\/wp\/v2\/tags?post=6641"}],"curies":[{"name":"wp","href":"https:\/\/api.w.org\/{rel}","templated":true}]}}