{"id":6635,"date":"2022-10-31T10:46:17","date_gmt":"2022-10-31T16:46:17","guid":{"rendered":"https:\/\/expressometro.mx\/?p=6635"},"modified":"2022-10-31T10:46:18","modified_gmt":"2022-10-31T16:46:18","slug":"carlos-salinas-ya-es-espanol","status":"publish","type":"post","link":"https:\/\/expressometro.mx\/index.php\/2022\/10\/31\/carlos-salinas-ya-es-espanol\/","title":{"rendered":"CARLOS SALINAS YA ES ESPA\u00d1OL"},"content":{"rendered":"\n<p>Carlos Salinas de Gortari obtuvo la nacionalidad espa\u00f1ola a trav\u00e9s del proceso de Sefarad\u00edes.<\/p>\n\n\n\n<p>Luego de tramitarla a trav\u00e9s del proceso de sefard\u00edes, mecanismo mediante el que el pa\u00eds europeo da la posibilidad de obtener el pasaporte a descendientes de jud\u00edos expulsados de Espa\u00f1a en 1492, el ex presidente de M\u00e9xico Carlos Salinas de Gortari, obtuvo la nacionalidad espa\u00f1ola..<\/p>\n\n\n\n<p>De acuerdo el diario espa\u00f1ol \u201cEl Pa\u00eds\u201d, Salinas de Gortari habr\u00eda obtenido la nacionalidad a trav\u00e9s de este proceso a inicios del a\u00f1o pasado.<\/p>\n\n\n\n<p>La obtenci\u00f3n de dicha nacionalidad por origen sefard\u00ed se instaur\u00f3 en aquella naci\u00f3n con la ley 12\/2015 con la que se concede el pasaporte a los descendientes de jud\u00edos expulsados de la Pen\u00ednsula.<br>Aunque dicho proceso implica que quien lo tramita renuncie a su nacionalidad de origen o que cuente con una residencia en Espa\u00f1a.<\/p>\n\n\n\n<p>Carlos Salinas de Gortari, quien cuenta con 74 a\u00f1os de edad, gobern\u00f3 M\u00e9xico entre los a\u00f1os 1988 y 1994, sexenio en el que se firm\u00f3 el Tratado de Libre Comercio (antes TLCAN, ahora T-MEC) con Estados Unidos y Canad\u00e1.<\/p>\n\n\n\n<figure class=\"wp-block-gallery has-nested-images columns-default is-cropped wp-block-gallery-1 is-layout-flex wp-block-gallery-is-layout-flex\">\n<figure class=\"wp-block-image size-large\"><img decoding=\"async\" width=\"630\" height=\"388\" data-id=\"6637\" src=\"https:\/\/expressometro.mx\/wp-content\/uploads\/2022\/10\/WhatsApp-Image-2022-10-30-at-9.25.15-PM.jpeg\" alt=\"\" class=\"wp-image-6637\" srcset=\"https:\/\/expressometro.mx\/wp-content\/uploads\/2022\/10\/WhatsApp-Image-2022-10-30-at-9.25.15-PM.jpeg 630w, https:\/\/expressometro.mx\/wp-content\/uploads\/2022\/10\/WhatsApp-Image-2022-10-30-at-9.25.15-PM-593x365.jpeg 593w\" sizes=\"(max-width: 630px) 100vw, 630px\" \/><\/figure>\n<\/figure>\n","protected":false},"excerpt":{"rendered":"<p>Carlos Salinas de Gortari obtuvo la nacionalidad espa\u00f1ola a trav\u00e9s del proceso de Sefarad\u00edes. Luego de tramitarla a trav\u00e9s del proceso de sefard\u00edes, mecanismo mediante el que el pa\u00eds europeo da la posibilidad de obtener el pasaporte a descendientes de jud\u00edos expulsados de Espa\u00f1a en 1492, el ex presidente de M\u00e9xico Carlos Salinas de Gortari, obtuvo la nacionalidad espa\u00f1ola.. De acuerdo el diario espa\u00f1ol \u201cEl Pa\u00eds\u201d, Salinas de Gortari habr\u00eda obtenido la nacionalidad a trav\u00e9s de este proceso a inicios del a\u00f1o pasado. La obtenci\u00f3n de dicha nacionalidad por origen&hellip;<\/p>\n","protected":false},"author":2,"featured_media":0,"comment_status":"open","ping_status":"open","sticky":false,"template":"","format":"standard","meta":{"footnotes":""},"categories":[1],"tags":[],"class_list":["post-6635","post","type-post","status-publish","format-standard","hentry","category-otros"],"yoast_head":"<!-- This site is optimized with the Yoast SEO plugin v27.4 - https:\/\/yoast.com\/product\/yoast-seo-wordpress\/ -->\n<title>CARLOS SALINAS YA ES ESPA\u00d1OL - Expresso Metropolitano<\/title>\n<meta name=\"robots\" content=\"index, follow, max-snippet:-1, max-image-preview:large, max-video-preview:-1\" \/>\n<link rel=\"canonical\" href=\"https:\/\/expressometro.mx\/index.php\/2022\/10\/31\/carlos-salinas-ya-es-espanol\/\" \/>\n<meta property=\"og:locale\" content=\"es_MX\" \/>\n<meta property=\"og:type\" content=\"article\" \/>\n<meta property=\"og:title\" content=\"CARLOS SALINAS YA ES ESPA\u00d1OL - Expresso Metropolitano\" \/>\n<meta property=\"og:description\" content=\"Carlos Salinas de Gortari obtuvo la nacionalidad espa\u00f1ola a trav\u00e9s del proceso de Sefarad\u00edes. Luego de tramitarla a trav\u00e9s del proceso de sefard\u00edes, mecanismo mediante el que el pa\u00eds europeo da la posibilidad de obtener el pasaporte a descendientes de jud\u00edos expulsados de Espa\u00f1a en 1492, el ex presidente de M\u00e9xico Carlos Salinas de Gortari, obtuvo la nacionalidad espa\u00f1ola.. De acuerdo el diario espa\u00f1ol \u201cEl Pa\u00eds\u201d, Salinas de Gortari habr\u00eda obtenido la nacionalidad a trav\u00e9s de este proceso a inicios del a\u00f1o pasado. La obtenci\u00f3n de dicha nacionalidad por origen&hellip;\" \/>\n<meta property=\"og:url\" content=\"https:\/\/expressometro.mx\/index.php\/2022\/10\/31\/carlos-salinas-ya-es-espanol\/\" \/>\n<meta property=\"og:site_name\" content=\"Expresso Metropolitano\" \/>\n<meta property=\"article:published_time\" content=\"2022-10-31T16:46:17+00:00\" \/>\n<meta property=\"article:modified_time\" content=\"2022-10-31T16:46:18+00:00\" \/>\n<meta property=\"og:image\" content=\"https:\/\/expressometro.mx\/wp-content\/uploads\/2022\/10\/WhatsApp-Image-2022-10-30-at-9.25.15-PM.jpeg\" \/>\n<meta name=\"author\" content=\"Cecilia Vega\" \/>\n<meta name=\"twitter:label1\" content=\"Escrito por\" \/>\n\t<meta name=\"twitter:data1\" content=\"Cecilia Vega\" \/>\n\t<meta name=\"twitter:label2\" content=\"Tiempo de lectura\" \/>\n\t<meta name=\"twitter:data2\" content=\"2 minutos\" \/>\n<script type=\"application\/ld+json\" class=\"yoast-schema-graph\">{\"@context\":\"https:\\\/\\\/schema.org\",\"@graph\":[{\"@type\":\"Article\",\"@id\":\"https:\\\/\\\/expressometro.mx\\\/index.php\\\/2022\\\/10\\\/31\\\/carlos-salinas-ya-es-espanol\\\/#article\",\"isPartOf\":{\"@id\":\"https:\\\/\\\/expressometro.mx\\\/index.php\\\/2022\\\/10\\\/31\\\/carlos-salinas-ya-es-espanol\\\/\"},\"author\":{\"name\":\"Cecilia Vega\",\"@id\":\"https:\\\/\\\/expressometro.mx\\\/#\\\/schema\\\/person\\\/67a95b8e3862085c7598f66237488f1f\"},\"headline\":\"CARLOS SALINAS YA ES ESPA\u00d1OL\",\"datePublished\":\"2022-10-31T16:46:17+00:00\",\"dateModified\":\"2022-10-31T16:46:18+00:00\",\"mainEntityOfPage\":{\"@id\":\"https:\\\/\\\/expressometro.mx\\\/index.php\\\/2022\\\/10\\\/31\\\/carlos-salinas-ya-es-espanol\\\/\"},\"wordCount\":201,\"commentCount\":0,\"publisher\":{\"@id\":\"https:\\\/\\\/expressometro.mx\\\/#organization\"},\"image\":{\"@id\":\"https:\\\/\\\/expressometro.mx\\\/index.php\\\/2022\\\/10\\\/31\\\/carlos-salinas-ya-es-espanol\\\/#primaryimage\"},\"thumbnailUrl\":\"https:\\\/\\\/expressometro.mx\\\/wp-content\\\/uploads\\\/2022\\\/10\\\/WhatsApp-Image-2022-10-30-at-9.25.15-PM.jpeg\",\"articleSection\":[\"Otros\"],\"inLanguage\":\"es\",\"potentialAction\":[{\"@type\":\"CommentAction\",\"name\":\"Comment\",\"target\":[\"https:\\\/\\\/expressometro.mx\\\/index.php\\\/2022\\\/10\\\/31\\\/carlos-salinas-ya-es-espanol\\\/#respond\"]}]},{\"@type\":\"WebPage\",\"@id\":\"https:\\\/\\\/expressometro.mx\\\/index.php\\\/2022\\\/10\\\/31\\\/carlos-salinas-ya-es-espanol\\\/\",\"url\":\"https:\\\/\\\/expressometro.mx\\\/index.php\\\/2022\\\/10\\\/31\\\/carlos-salinas-ya-es-espanol\\\/\",\"name\":\"CARLOS SALINAS YA ES ESPA\u00d1OL - Expresso Metropolitano\",\"isPartOf\":{\"@id\":\"https:\\\/\\\/expressometro.mx\\\/#website\"},\"primaryImageOfPage\":{\"@id\":\"https:\\\/\\\/expressometro.mx\\\/index.php\\\/2022\\\/10\\\/31\\\/carlos-salinas-ya-es-espanol\\\/#primaryimage\"},\"image\":{\"@id\":\"https:\\\/\\\/expressometro.mx\\\/index.php\\\/2022\\\/10\\\/31\\\/carlos-salinas-ya-es-espanol\\\/#primaryimage\"},\"thumbnailUrl\":\"https:\\\/\\\/expressometro.mx\\\/wp-content\\\/uploads\\\/2022\\\/10\\\/WhatsApp-Image-2022-10-30-at-9.25.15-PM.jpeg\",\"datePublished\":\"2022-10-31T16:46:17+00:00\",\"dateModified\":\"2022-10-31T16:46:18+00:00\",\"breadcrumb\":{\"@id\":\"https:\\\/\\\/expressometro.mx\\\/index.php\\\/2022\\\/10\\\/31\\\/carlos-salinas-ya-es-espanol\\\/#breadcrumb\"},\"inLanguage\":\"es\",\"potentialAction\":[{\"@type\":\"ReadAction\",\"target\":[\"https:\\\/\\\/expressometro.mx\\\/index.php\\\/2022\\\/10\\\/31\\\/carlos-salinas-ya-es-espanol\\\/\"]}]},{\"@type\":\"ImageObject\",\"inLanguage\":\"es\",\"@id\":\"https:\\\/\\\/expressometro.mx\\\/index.php\\\/2022\\\/10\\\/31\\\/carlos-salinas-ya-es-espanol\\\/#primaryimage\",\"url\":\"https:\\\/\\\/expressometro.mx\\\/wp-content\\\/uploads\\\/2022\\\/10\\\/WhatsApp-Image-2022-10-30-at-9.25.15-PM.jpeg\",\"contentUrl\":\"https:\\\/\\\/expressometro.mx\\\/wp-content\\\/uploads\\\/2022\\\/10\\\/WhatsApp-Image-2022-10-30-at-9.25.15-PM.jpeg\",\"width\":630,\"height\":388},{\"@type\":\"BreadcrumbList\",\"@id\":\"https:\\\/\\\/expressometro.mx\\\/index.php\\\/2022\\\/10\\\/31\\\/carlos-salinas-ya-es-espanol\\\/#breadcrumb\",\"itemListElement\":[{\"@type\":\"ListItem\",\"position\":1,\"name\":\"Inicio\",\"item\":\"https:\\\/\\\/expressometro.mx\\\/\"},{\"@type\":\"ListItem\",\"position\":2,\"name\":\"CARLOS SALINAS YA ES ESPA\u00d1OL\"}]},{\"@type\":\"WebSite\",\"@id\":\"https:\\\/\\\/expressometro.mx\\\/#website\",\"url\":\"https:\\\/\\\/expressometro.mx\\\/\",\"name\":\"Expresso Metropolitano\",\"description\":\"Periodismo comprometido, informaci\u00f3n, investigaci\u00f3n y an\u00e1lisis\",\"publisher\":{\"@id\":\"https:\\\/\\\/expressometro.mx\\\/#organization\"},\"potentialAction\":[{\"@type\":\"SearchAction\",\"target\":{\"@type\":\"EntryPoint\",\"urlTemplate\":\"https:\\\/\\\/expressometro.mx\\\/?s={search_term_string}\"},\"query-input\":{\"@type\":\"PropertyValueSpecification\",\"valueRequired\":true,\"valueName\":\"search_term_string\"}}],\"inLanguage\":\"es\"},{\"@type\":\"Organization\",\"@id\":\"https:\\\/\\\/expressometro.mx\\\/#organization\",\"name\":\"Expresso Metropolitano\",\"url\":\"https:\\\/\\\/expressometro.mx\\\/\",\"logo\":{\"@type\":\"ImageObject\",\"inLanguage\":\"es\",\"@id\":\"https:\\\/\\\/expressometro.mx\\\/#\\\/schema\\\/logo\\\/image\\\/\",\"url\":\"https:\\\/\\\/expressometro.mx\\\/wp-content\\\/uploads\\\/2019\\\/07\\\/cropped-Logo-Expresso-Metropolitano-1-1.jpeg\",\"contentUrl\":\"https:\\\/\\\/expressometro.mx\\\/wp-content\\\/uploads\\\/2019\\\/07\\\/cropped-Logo-Expresso-Metropolitano-1-1.jpeg\",\"width\":290,\"height\":73,\"caption\":\"Expresso Metropolitano\"},\"image\":{\"@id\":\"https:\\\/\\\/expressometro.mx\\\/#\\\/schema\\\/logo\\\/image\\\/\"}},{\"@type\":\"Person\",\"@id\":\"https:\\\/\\\/expressometro.mx\\\/#\\\/schema\\\/person\\\/67a95b8e3862085c7598f66237488f1f\",\"name\":\"Cecilia Vega\",\"image\":{\"@type\":\"ImageObject\",\"inLanguage\":\"es\",\"@id\":\"https:\\\/\\\/secure.gravatar.com\\\/avatar\\\/13aae9944ab2ee472a9e407c9487fdbd03b049abaa559af32fe5dbcf615c981b?s=96&d=mm&r=g\",\"url\":\"https:\\\/\\\/secure.gravatar.com\\\/avatar\\\/13aae9944ab2ee472a9e407c9487fdbd03b049abaa559af32fe5dbcf615c981b?s=96&d=mm&r=g\",\"contentUrl\":\"https:\\\/\\\/secure.gravatar.com\\\/avatar\\\/13aae9944ab2ee472a9e407c9487fdbd03b049abaa559af32fe5dbcf615c981b?s=96&d=mm&r=g\",\"caption\":\"Cecilia Vega\"},\"url\":\"https:\\\/\\\/expressometro.mx\\\/index.php\\\/author\\\/cecilia-vega\\\/\"}]}<\/script>\n<!-- \/ Yoast SEO plugin. -->","yoast_head_json":{"title":"CARLOS SALINAS YA ES ESPA\u00d1OL - Expresso Metropolitano","robots":{"index":"index","follow":"follow","max-snippet":"max-snippet:-1","max-image-preview":"max-image-preview:large","max-video-preview":"max-video-preview:-1"},"canonical":"https:\/\/expressometro.mx\/index.php\/2022\/10\/31\/carlos-salinas-ya-es-espanol\/","og_locale":"es_MX","og_type":"article","og_title":"CARLOS SALINAS YA ES ESPA\u00d1OL - Expresso Metropolitano","og_description":"Carlos Salinas de Gortari obtuvo la nacionalidad espa\u00f1ola a trav\u00e9s del proceso de Sefarad\u00edes. Luego de tramitarla a trav\u00e9s del proceso de sefard\u00edes, mecanismo mediante el que el pa\u00eds europeo da la posibilidad de obtener el pasaporte a descendientes de jud\u00edos expulsados de Espa\u00f1a en 1492, el ex presidente de M\u00e9xico Carlos Salinas de Gortari, obtuvo la nacionalidad espa\u00f1ola.. De acuerdo el diario espa\u00f1ol \u201cEl Pa\u00eds\u201d, Salinas de Gortari habr\u00eda obtenido la nacionalidad a trav\u00e9s de este proceso a inicios del a\u00f1o pasado. La obtenci\u00f3n de dicha nacionalidad por origen&hellip;","og_url":"https:\/\/expressometro.mx\/index.php\/2022\/10\/31\/carlos-salinas-ya-es-espanol\/","og_site_name":"Expresso Metropolitano","article_published_time":"2022-10-31T16:46:17+00:00","article_modified_time":"2022-10-31T16:46:18+00:00","og_image":[{"url":"https:\/\/expressometro.mx\/wp-content\/uploads\/2022\/10\/WhatsApp-Image-2022-10-30-at-9.25.15-PM.jpeg","type":"","width":"","height":""}],"author":"Cecilia Vega","twitter_misc":{"Escrito por":"Cecilia Vega","Tiempo de lectura":"2 minutos"},"schema":{"@context":"https:\/\/schema.org","@graph":[{"@type":"Article","@id":"https:\/\/expressometro.mx\/index.php\/2022\/10\/31\/carlos-salinas-ya-es-espanol\/#article","isPartOf":{"@id":"https:\/\/expressometro.mx\/index.php\/2022\/10\/31\/carlos-salinas-ya-es-espanol\/"},"author":{"name":"Cecilia Vega","@id":"https:\/\/expressometro.mx\/#\/schema\/person\/67a95b8e3862085c7598f66237488f1f"},"headline":"CARLOS SALINAS YA ES ESPA\u00d1OL","datePublished":"2022-10-31T16:46:17+00:00","dateModified":"2022-10-31T16:46:18+00:00","mainEntityOfPage":{"@id":"https:\/\/expressometro.mx\/index.php\/2022\/10\/31\/carlos-salinas-ya-es-espanol\/"},"wordCount":201,"commentCount":0,"publisher":{"@id":"https:\/\/expressometro.mx\/#organization"},"image":{"@id":"https:\/\/expressometro.mx\/index.php\/2022\/10\/31\/carlos-salinas-ya-es-espanol\/#primaryimage"},"thumbnailUrl":"https:\/\/expressometro.mx\/wp-content\/uploads\/2022\/10\/WhatsApp-Image-2022-10-30-at-9.25.15-PM.jpeg","articleSection":["Otros"],"inLanguage":"es","potentialAction":[{"@type":"CommentAction","name":"Comment","target":["https:\/\/expressometro.mx\/index.php\/2022\/10\/31\/carlos-salinas-ya-es-espanol\/#respond"]}]},{"@type":"WebPage","@id":"https:\/\/expressometro.mx\/index.php\/2022\/10\/31\/carlos-salinas-ya-es-espanol\/","url":"https:\/\/expressometro.mx\/index.php\/2022\/10\/31\/carlos-salinas-ya-es-espanol\/","name":"CARLOS SALINAS YA ES ESPA\u00d1OL - Expresso Metropolitano","isPartOf":{"@id":"https:\/\/expressometro.mx\/#website"},"primaryImageOfPage":{"@id":"https:\/\/expressometro.mx\/index.php\/2022\/10\/31\/carlos-salinas-ya-es-espanol\/#primaryimage"},"image":{"@id":"https:\/\/expressometro.mx\/index.php\/2022\/10\/31\/carlos-salinas-ya-es-espanol\/#primaryimage"},"thumbnailUrl":"https:\/\/expressometro.mx\/wp-content\/uploads\/2022\/10\/WhatsApp-Image-2022-10-30-at-9.25.15-PM.jpeg","datePublished":"2022-10-31T16:46:17+00:00","dateModified":"2022-10-31T16:46:18+00:00","breadcrumb":{"@id":"https:\/\/expressometro.mx\/index.php\/2022\/10\/31\/carlos-salinas-ya-es-espanol\/#breadcrumb"},"inLanguage":"es","potentialAction":[{"@type":"ReadAction","target":["https:\/\/expressometro.mx\/index.php\/2022\/10\/31\/carlos-salinas-ya-es-espanol\/"]}]},{"@type":"ImageObject","inLanguage":"es","@id":"https:\/\/expressometro.mx\/index.php\/2022\/10\/31\/carlos-salinas-ya-es-espanol\/#primaryimage","url":"https:\/\/expressometro.mx\/wp-content\/uploads\/2022\/10\/WhatsApp-Image-2022-10-30-at-9.25.15-PM.jpeg","contentUrl":"https:\/\/expressometro.mx\/wp-content\/uploads\/2022\/10\/WhatsApp-Image-2022-10-30-at-9.25.15-PM.jpeg","width":630,"height":388},{"@type":"BreadcrumbList","@id":"https:\/\/expressometro.mx\/index.php\/2022\/10\/31\/carlos-salinas-ya-es-espanol\/#breadcrumb","itemListElement":[{"@type":"ListItem","position":1,"name":"Inicio","item":"https:\/\/expressometro.mx\/"},{"@type":"ListItem","position":2,"name":"CARLOS SALINAS YA ES ESPA\u00d1OL"}]},{"@type":"WebSite","@id":"https:\/\/expressometro.mx\/#website","url":"https:\/\/expressometro.mx\/","name":"Expresso Metropolitano","description":"Periodismo comprometido, informaci\u00f3n, investigaci\u00f3n y an\u00e1lisis","publisher":{"@id":"https:\/\/expressometro.mx\/#organization"},"potentialAction":[{"@type":"SearchAction","target":{"@type":"EntryPoint","urlTemplate":"https:\/\/expressometro.mx\/?s={search_term_string}"},"query-input":{"@type":"PropertyValueSpecification","valueRequired":true,"valueName":"search_term_string"}}],"inLanguage":"es"},{"@type":"Organization","@id":"https:\/\/expressometro.mx\/#organization","name":"Expresso Metropolitano","url":"https:\/\/expressometro.mx\/","logo":{"@type":"ImageObject","inLanguage":"es","@id":"https:\/\/expressometro.mx\/#\/schema\/logo\/image\/","url":"https:\/\/expressometro.mx\/wp-content\/uploads\/2019\/07\/cropped-Logo-Expresso-Metropolitano-1-1.jpeg","contentUrl":"https:\/\/expressometro.mx\/wp-content\/uploads\/2019\/07\/cropped-Logo-Expresso-Metropolitano-1-1.jpeg","width":290,"height":73,"caption":"Expresso Metropolitano"},"image":{"@id":"https:\/\/expressometro.mx\/#\/schema\/logo\/image\/"}},{"@type":"Person","@id":"https:\/\/expressometro.mx\/#\/schema\/person\/67a95b8e3862085c7598f66237488f1f","name":"Cecilia Vega","image":{"@type":"ImageObject","inLanguage":"es","@id":"https:\/\/secure.gravatar.com\/avatar\/13aae9944ab2ee472a9e407c9487fdbd03b049abaa559af32fe5dbcf615c981b?s=96&d=mm&r=g","url":"https:\/\/secure.gravatar.com\/avatar\/13aae9944ab2ee472a9e407c9487fdbd03b049abaa559af32fe5dbcf615c981b?s=96&d=mm&r=g","contentUrl":"https:\/\/secure.gravatar.com\/avatar\/13aae9944ab2ee472a9e407c9487fdbd03b049abaa559af32fe5dbcf615c981b?s=96&d=mm&r=g","caption":"Cecilia Vega"},"url":"https:\/\/expressometro.mx\/index.php\/author\/cecilia-vega\/"}]}},"amp_enabled":true,"_links":{"self":[{"href":"https:\/\/expressometro.mx\/index.php\/wp-json\/wp\/v2\/posts\/6635","targetHints":{"allow":["GET"]}}],"collection":[{"href":"https:\/\/expressometro.mx\/index.php\/wp-json\/wp\/v2\/posts"}],"about":[{"href":"https:\/\/expressometro.mx\/index.php\/wp-json\/wp\/v2\/types\/post"}],"author":[{"embeddable":true,"href":"https:\/\/expressometro.mx\/index.php\/wp-json\/wp\/v2\/users\/2"}],"replies":[{"embeddable":true,"href":"https:\/\/expressometro.mx\/index.php\/wp-json\/wp\/v2\/comments?post=6635"}],"version-history":[{"count":1,"href":"https:\/\/expressometro.mx\/index.php\/wp-json\/wp\/v2\/posts\/6635\/revisions"}],"predecessor-version":[{"id":6638,"href":"https:\/\/expressometro.mx\/index.php\/wp-json\/wp\/v2\/posts\/6635\/revisions\/6638"}],"wp:attachment":[{"href":"https:\/\/expressometro.mx\/index.php\/wp-json\/wp\/v2\/media?parent=6635"}],"wp:term":[{"taxonomy":"category","embeddable":true,"href":"https:\/\/expressometro.mx\/index.php\/wp-json\/wp\/v2\/categories?post=6635"},{"taxonomy":"post_tag","embeddable":true,"href":"https:\/\/expressometro.mx\/index.php\/wp-json\/wp\/v2\/tags?post=6635"}],"curies":[{"name":"wp","href":"https:\/\/api.w.org\/{rel}","templated":true}]}}