{"id":6629,"date":"2022-10-29T20:02:02","date_gmt":"2022-10-30T01:02:02","guid":{"rendered":"https:\/\/expressometro.mx\/?p=6629"},"modified":"2022-10-29T20:02:21","modified_gmt":"2022-10-30T01:02:21","slug":"atiende-el-pri-rumbo-y-causas-de-las-nuevas-generaciones","status":"publish","type":"post","link":"https:\/\/expressometro.mx\/index.php\/2022\/10\/29\/atiende-el-pri-rumbo-y-causas-de-las-nuevas-generaciones\/","title":{"rendered":"ATIENDE EL PRI RUMBO Y CAUSAS DE LAS NUEVAS GENERACIONES"},"content":{"rendered":"\n<p>\u2022 La juventud reclama su papel en el presente para luchar por defender el rumbo de nuestro pa\u00eds, se\u00f1al\u00f3 el dirigente estatal de Unidad Revolucionaria.<\/p>\n\n\n\n<p>Para construir un futuro prometedor para el Estado de M\u00e9xico, la Unidad Revolucionaria del PRI renueva su estructura de j\u00f3venes para hacer frente a los retos del 2023, donde la experiencia atiende el rumbo y causas de las nuevas generaciones, asegur\u00f3 el dirigente estatal de esta organizaci\u00f3n, Froyl\u00e1n Santana Gil.<\/p>\n\n\n\n<p>Al tomar protesta del Presidente y la Secretaria General de la Expresi\u00f3n Juvenil Revolucionaria (EJR) del municipio de Huixquilucan, el l\u00edder estatal de la UR enfatiz\u00f3 que los j\u00f3venes tienen la capacidad para generar las oportunidades necesarias y as\u00ed alcanzar sus objetivos por un mejor desarrollo.<\/p>\n\n\n\n<p>\u201cMe da orgullo el trabajo y el inter\u00e9s que tienen por sacar adelante las causas del PRI, as\u00ed como contar con el respaldo de su generaci\u00f3n que han despertado y reclaman su papel en el presente para luchar por defender el rumbo del pa\u00eds\u201d, asever\u00f3 ante el l\u00edder de la EJR de Huixquilucan, Froyl\u00e1n Santana Guti\u00e9rrez.<\/p>\n\n\n\n<p>En compa\u00f1\u00eda de la Diputada Isabel S\u00e1nchez Holgu\u00edn y la Secretaria General, Daniela P\u00e9rez V\u00e1zquez de la EJR municipal, subray\u00f3 que hoy m\u00e1s que nunca necesitamos de todos para tener un futuro pr\u00f3spero en el Estado de M\u00e9xico.<\/p>\n\n\n\n<p>\u201cNosotros los j\u00f3venes, somos factores de cambio, queremos vivir en espacios saludables, y generar lugares seguros que nos permitan afrontar obst\u00e1culos, superar adversidades y realizar lo que nos apasiona, la experiencia y la innovaci\u00f3n, siempre traer\u00e1n los mejores resultados\u201d, destac\u00f3.<\/p>\n\n\n\n<p>En el Comit\u00e9 Municipal del PRI ante cientos de militantes de Huixquilucan, el dirigente de la EJR resalt\u00f3 que se cuenta con la experiencia y los a\u00f1os de lucha de la dirigencia estatal del PRI encabezada por Eric Sevilla, \u201cnuestra mejor arma es el trabajo de los priistas comprometidos por un mejor futuro\u201d.<\/p>\n\n\n\n<p>\u201cAlzamos la voz para hacernos escuchar y dejar grabadas nuestras palabras con nuevas ideas que rompan fronteras, nosotros los revolucionarios, no nos quedamos con los brazos cruzados ante las dolencias, es nuestra responsabilidad construir una mejor naci\u00f3n\u201d, finaliz\u00f3 Santana Guti\u00e9rrez.<\/p>\n\n\n\n<figure class=\"wp-block-image size-large\"><img decoding=\"async\" width=\"720\" height=\"480\" src=\"https:\/\/expressometro.mx\/wp-content\/uploads\/2022\/10\/WhatsApp-Image-2022-10-29-at-7.02.17-PM-1-720x480.jpeg\" alt=\"\" class=\"wp-image-6632\" srcset=\"https:\/\/expressometro.mx\/wp-content\/uploads\/2022\/10\/WhatsApp-Image-2022-10-29-at-7.02.17-PM-1-720x480.jpeg 720w, https:\/\/expressometro.mx\/wp-content\/uploads\/2022\/10\/WhatsApp-Image-2022-10-29-at-7.02.17-PM-1-548x365.jpeg 548w, https:\/\/expressometro.mx\/wp-content\/uploads\/2022\/10\/WhatsApp-Image-2022-10-29-at-7.02.17-PM-1-768x512.jpeg 768w, https:\/\/expressometro.mx\/wp-content\/uploads\/2022\/10\/WhatsApp-Image-2022-10-29-at-7.02.17-PM-1-1536x1023.jpeg 1536w, https:\/\/expressometro.mx\/wp-content\/uploads\/2022\/10\/WhatsApp-Image-2022-10-29-at-7.02.17-PM-1.jpeg 1600w\" sizes=\"(max-width: 720px) 100vw, 720px\" \/><\/figure>\n\n\n\n<figure class=\"wp-block-image size-large\"><img decoding=\"async\" width=\"720\" height=\"480\" src=\"https:\/\/expressometro.mx\/wp-content\/uploads\/2022\/10\/WhatsApp-Image-2022-10-29-at-7.02.17-PM-720x480.jpeg\" alt=\"\" class=\"wp-image-6631\" srcset=\"https:\/\/expressometro.mx\/wp-content\/uploads\/2022\/10\/WhatsApp-Image-2022-10-29-at-7.02.17-PM-720x480.jpeg 720w, https:\/\/expressometro.mx\/wp-content\/uploads\/2022\/10\/WhatsApp-Image-2022-10-29-at-7.02.17-PM-548x365.jpeg 548w, https:\/\/expressometro.mx\/wp-content\/uploads\/2022\/10\/WhatsApp-Image-2022-10-29-at-7.02.17-PM-768x512.jpeg 768w, https:\/\/expressometro.mx\/wp-content\/uploads\/2022\/10\/WhatsApp-Image-2022-10-29-at-7.02.17-PM-1536x1023.jpeg 1536w, https:\/\/expressometro.mx\/wp-content\/uploads\/2022\/10\/WhatsApp-Image-2022-10-29-at-7.02.17-PM.jpeg 1600w\" sizes=\"(max-width: 720px) 100vw, 720px\" \/><\/figure>\n","protected":false},"excerpt":{"rendered":"<p>\u2022 La juventud reclama su papel en el presente para luchar por defender el rumbo de nuestro pa\u00eds, se\u00f1al\u00f3 el dirigente estatal de Unidad Revolucionaria. Para construir un futuro prometedor para el Estado de M\u00e9xico, la Unidad Revolucionaria del PRI renueva su estructura de j\u00f3venes para hacer frente a los retos del 2023, donde la experiencia atiende el rumbo y causas de las nuevas generaciones, asegur\u00f3 el dirigente estatal de esta organizaci\u00f3n, Froyl\u00e1n Santana Gil. Al tomar protesta del Presidente y la Secretaria General de la Expresi\u00f3n Juvenil Revolucionaria (EJR)&hellip;<\/p>\n","protected":false},"author":2,"featured_media":0,"comment_status":"open","ping_status":"open","sticky":false,"template":"","format":"standard","meta":{"footnotes":""},"categories":[1],"tags":[],"class_list":["post-6629","post","type-post","status-publish","format-standard","hentry","category-otros"],"yoast_head":"<!-- This site is optimized with the Yoast SEO plugin v27.4 - https:\/\/yoast.com\/product\/yoast-seo-wordpress\/ -->\n<title>ATIENDE EL PRI RUMBO Y CAUSAS DE LAS NUEVAS GENERACIONES - Expresso Metropolitano<\/title>\n<meta name=\"robots\" content=\"index, follow, max-snippet:-1, max-image-preview:large, max-video-preview:-1\" \/>\n<link rel=\"canonical\" href=\"https:\/\/expressometro.mx\/index.php\/2022\/10\/29\/atiende-el-pri-rumbo-y-causas-de-las-nuevas-generaciones\/\" \/>\n<meta property=\"og:locale\" content=\"es_MX\" \/>\n<meta property=\"og:type\" content=\"article\" \/>\n<meta property=\"og:title\" content=\"ATIENDE EL PRI RUMBO Y CAUSAS DE LAS NUEVAS GENERACIONES - Expresso Metropolitano\" \/>\n<meta property=\"og:description\" content=\"\u2022 La juventud reclama su papel en el presente para luchar por defender el rumbo de nuestro pa\u00eds, se\u00f1al\u00f3 el dirigente estatal de Unidad Revolucionaria. Para construir un futuro prometedor para el Estado de M\u00e9xico, la Unidad Revolucionaria del PRI renueva su estructura de j\u00f3venes para hacer frente a los retos del 2023, donde la experiencia atiende el rumbo y causas de las nuevas generaciones, asegur\u00f3 el dirigente estatal de esta organizaci\u00f3n, Froyl\u00e1n Santana Gil. Al tomar protesta del Presidente y la Secretaria General de la Expresi\u00f3n Juvenil Revolucionaria (EJR)&hellip;\" \/>\n<meta property=\"og:url\" content=\"https:\/\/expressometro.mx\/index.php\/2022\/10\/29\/atiende-el-pri-rumbo-y-causas-de-las-nuevas-generaciones\/\" \/>\n<meta property=\"og:site_name\" content=\"Expresso Metropolitano\" \/>\n<meta property=\"article:published_time\" content=\"2022-10-30T01:02:02+00:00\" \/>\n<meta property=\"article:modified_time\" content=\"2022-10-30T01:02:21+00:00\" \/>\n<meta property=\"og:image\" content=\"https:\/\/expressometro.mx\/wp-content\/uploads\/2022\/10\/WhatsApp-Image-2022-10-29-at-7.02.17-PM-1-720x480.jpeg\" \/>\n<meta name=\"author\" content=\"Cecilia Vega\" \/>\n<meta name=\"twitter:label1\" content=\"Escrito por\" \/>\n\t<meta name=\"twitter:data1\" content=\"Cecilia Vega\" \/>\n\t<meta name=\"twitter:label2\" content=\"Tiempo de lectura\" \/>\n\t<meta name=\"twitter:data2\" content=\"2 minutos\" \/>\n<script type=\"application\/ld+json\" class=\"yoast-schema-graph\">{\"@context\":\"https:\\\/\\\/schema.org\",\"@graph\":[{\"@type\":\"Article\",\"@id\":\"https:\\\/\\\/expressometro.mx\\\/index.php\\\/2022\\\/10\\\/29\\\/atiende-el-pri-rumbo-y-causas-de-las-nuevas-generaciones\\\/#article\",\"isPartOf\":{\"@id\":\"https:\\\/\\\/expressometro.mx\\\/index.php\\\/2022\\\/10\\\/29\\\/atiende-el-pri-rumbo-y-causas-de-las-nuevas-generaciones\\\/\"},\"author\":{\"name\":\"Cecilia Vega\",\"@id\":\"https:\\\/\\\/expressometro.mx\\\/#\\\/schema\\\/person\\\/67a95b8e3862085c7598f66237488f1f\"},\"headline\":\"ATIENDE EL PRI RUMBO Y CAUSAS DE LAS NUEVAS GENERACIONES\",\"datePublished\":\"2022-10-30T01:02:02+00:00\",\"dateModified\":\"2022-10-30T01:02:21+00:00\",\"mainEntityOfPage\":{\"@id\":\"https:\\\/\\\/expressometro.mx\\\/index.php\\\/2022\\\/10\\\/29\\\/atiende-el-pri-rumbo-y-causas-de-las-nuevas-generaciones\\\/\"},\"wordCount\":386,\"commentCount\":0,\"publisher\":{\"@id\":\"https:\\\/\\\/expressometro.mx\\\/#organization\"},\"image\":{\"@id\":\"https:\\\/\\\/expressometro.mx\\\/index.php\\\/2022\\\/10\\\/29\\\/atiende-el-pri-rumbo-y-causas-de-las-nuevas-generaciones\\\/#primaryimage\"},\"thumbnailUrl\":\"https:\\\/\\\/expressometro.mx\\\/wp-content\\\/uploads\\\/2022\\\/10\\\/WhatsApp-Image-2022-10-29-at-7.02.17-PM-1-720x480.jpeg\",\"articleSection\":[\"Otros\"],\"inLanguage\":\"es\",\"potentialAction\":[{\"@type\":\"CommentAction\",\"name\":\"Comment\",\"target\":[\"https:\\\/\\\/expressometro.mx\\\/index.php\\\/2022\\\/10\\\/29\\\/atiende-el-pri-rumbo-y-causas-de-las-nuevas-generaciones\\\/#respond\"]}]},{\"@type\":\"WebPage\",\"@id\":\"https:\\\/\\\/expressometro.mx\\\/index.php\\\/2022\\\/10\\\/29\\\/atiende-el-pri-rumbo-y-causas-de-las-nuevas-generaciones\\\/\",\"url\":\"https:\\\/\\\/expressometro.mx\\\/index.php\\\/2022\\\/10\\\/29\\\/atiende-el-pri-rumbo-y-causas-de-las-nuevas-generaciones\\\/\",\"name\":\"ATIENDE EL PRI RUMBO Y CAUSAS DE LAS NUEVAS GENERACIONES - Expresso Metropolitano\",\"isPartOf\":{\"@id\":\"https:\\\/\\\/expressometro.mx\\\/#website\"},\"primaryImageOfPage\":{\"@id\":\"https:\\\/\\\/expressometro.mx\\\/index.php\\\/2022\\\/10\\\/29\\\/atiende-el-pri-rumbo-y-causas-de-las-nuevas-generaciones\\\/#primaryimage\"},\"image\":{\"@id\":\"https:\\\/\\\/expressometro.mx\\\/index.php\\\/2022\\\/10\\\/29\\\/atiende-el-pri-rumbo-y-causas-de-las-nuevas-generaciones\\\/#primaryimage\"},\"thumbnailUrl\":\"https:\\\/\\\/expressometro.mx\\\/wp-content\\\/uploads\\\/2022\\\/10\\\/WhatsApp-Image-2022-10-29-at-7.02.17-PM-1-720x480.jpeg\",\"datePublished\":\"2022-10-30T01:02:02+00:00\",\"dateModified\":\"2022-10-30T01:02:21+00:00\",\"breadcrumb\":{\"@id\":\"https:\\\/\\\/expressometro.mx\\\/index.php\\\/2022\\\/10\\\/29\\\/atiende-el-pri-rumbo-y-causas-de-las-nuevas-generaciones\\\/#breadcrumb\"},\"inLanguage\":\"es\",\"potentialAction\":[{\"@type\":\"ReadAction\",\"target\":[\"https:\\\/\\\/expressometro.mx\\\/index.php\\\/2022\\\/10\\\/29\\\/atiende-el-pri-rumbo-y-causas-de-las-nuevas-generaciones\\\/\"]}]},{\"@type\":\"ImageObject\",\"inLanguage\":\"es\",\"@id\":\"https:\\\/\\\/expressometro.mx\\\/index.php\\\/2022\\\/10\\\/29\\\/atiende-el-pri-rumbo-y-causas-de-las-nuevas-generaciones\\\/#primaryimage\",\"url\":\"https:\\\/\\\/expressometro.mx\\\/wp-content\\\/uploads\\\/2022\\\/10\\\/WhatsApp-Image-2022-10-29-at-7.02.17-PM-1.jpeg\",\"contentUrl\":\"https:\\\/\\\/expressometro.mx\\\/wp-content\\\/uploads\\\/2022\\\/10\\\/WhatsApp-Image-2022-10-29-at-7.02.17-PM-1.jpeg\",\"width\":1600,\"height\":1066},{\"@type\":\"BreadcrumbList\",\"@id\":\"https:\\\/\\\/expressometro.mx\\\/index.php\\\/2022\\\/10\\\/29\\\/atiende-el-pri-rumbo-y-causas-de-las-nuevas-generaciones\\\/#breadcrumb\",\"itemListElement\":[{\"@type\":\"ListItem\",\"position\":1,\"name\":\"Inicio\",\"item\":\"https:\\\/\\\/expressometro.mx\\\/\"},{\"@type\":\"ListItem\",\"position\":2,\"name\":\"ATIENDE EL PRI RUMBO Y CAUSAS DE LAS NUEVAS GENERACIONES\"}]},{\"@type\":\"WebSite\",\"@id\":\"https:\\\/\\\/expressometro.mx\\\/#website\",\"url\":\"https:\\\/\\\/expressometro.mx\\\/\",\"name\":\"Expresso Metropolitano\",\"description\":\"Periodismo comprometido, informaci\u00f3n, investigaci\u00f3n y an\u00e1lisis\",\"publisher\":{\"@id\":\"https:\\\/\\\/expressometro.mx\\\/#organization\"},\"potentialAction\":[{\"@type\":\"SearchAction\",\"target\":{\"@type\":\"EntryPoint\",\"urlTemplate\":\"https:\\\/\\\/expressometro.mx\\\/?s={search_term_string}\"},\"query-input\":{\"@type\":\"PropertyValueSpecification\",\"valueRequired\":true,\"valueName\":\"search_term_string\"}}],\"inLanguage\":\"es\"},{\"@type\":\"Organization\",\"@id\":\"https:\\\/\\\/expressometro.mx\\\/#organization\",\"name\":\"Expresso Metropolitano\",\"url\":\"https:\\\/\\\/expressometro.mx\\\/\",\"logo\":{\"@type\":\"ImageObject\",\"inLanguage\":\"es\",\"@id\":\"https:\\\/\\\/expressometro.mx\\\/#\\\/schema\\\/logo\\\/image\\\/\",\"url\":\"https:\\\/\\\/expressometro.mx\\\/wp-content\\\/uploads\\\/2019\\\/07\\\/cropped-Logo-Expresso-Metropolitano-1-1.jpeg\",\"contentUrl\":\"https:\\\/\\\/expressometro.mx\\\/wp-content\\\/uploads\\\/2019\\\/07\\\/cropped-Logo-Expresso-Metropolitano-1-1.jpeg\",\"width\":290,\"height\":73,\"caption\":\"Expresso Metropolitano\"},\"image\":{\"@id\":\"https:\\\/\\\/expressometro.mx\\\/#\\\/schema\\\/logo\\\/image\\\/\"}},{\"@type\":\"Person\",\"@id\":\"https:\\\/\\\/expressometro.mx\\\/#\\\/schema\\\/person\\\/67a95b8e3862085c7598f66237488f1f\",\"name\":\"Cecilia Vega\",\"image\":{\"@type\":\"ImageObject\",\"inLanguage\":\"es\",\"@id\":\"https:\\\/\\\/secure.gravatar.com\\\/avatar\\\/13aae9944ab2ee472a9e407c9487fdbd03b049abaa559af32fe5dbcf615c981b?s=96&d=mm&r=g\",\"url\":\"https:\\\/\\\/secure.gravatar.com\\\/avatar\\\/13aae9944ab2ee472a9e407c9487fdbd03b049abaa559af32fe5dbcf615c981b?s=96&d=mm&r=g\",\"contentUrl\":\"https:\\\/\\\/secure.gravatar.com\\\/avatar\\\/13aae9944ab2ee472a9e407c9487fdbd03b049abaa559af32fe5dbcf615c981b?s=96&d=mm&r=g\",\"caption\":\"Cecilia Vega\"},\"url\":\"https:\\\/\\\/expressometro.mx\\\/index.php\\\/author\\\/cecilia-vega\\\/\"}]}<\/script>\n<!-- \/ Yoast SEO plugin. -->","yoast_head_json":{"title":"ATIENDE EL PRI RUMBO Y CAUSAS DE LAS NUEVAS GENERACIONES - Expresso Metropolitano","robots":{"index":"index","follow":"follow","max-snippet":"max-snippet:-1","max-image-preview":"max-image-preview:large","max-video-preview":"max-video-preview:-1"},"canonical":"https:\/\/expressometro.mx\/index.php\/2022\/10\/29\/atiende-el-pri-rumbo-y-causas-de-las-nuevas-generaciones\/","og_locale":"es_MX","og_type":"article","og_title":"ATIENDE EL PRI RUMBO Y CAUSAS DE LAS NUEVAS GENERACIONES - Expresso Metropolitano","og_description":"\u2022 La juventud reclama su papel en el presente para luchar por defender el rumbo de nuestro pa\u00eds, se\u00f1al\u00f3 el dirigente estatal de Unidad Revolucionaria. Para construir un futuro prometedor para el Estado de M\u00e9xico, la Unidad Revolucionaria del PRI renueva su estructura de j\u00f3venes para hacer frente a los retos del 2023, donde la experiencia atiende el rumbo y causas de las nuevas generaciones, asegur\u00f3 el dirigente estatal de esta organizaci\u00f3n, Froyl\u00e1n Santana Gil. Al tomar protesta del Presidente y la Secretaria General de la Expresi\u00f3n Juvenil Revolucionaria (EJR)&hellip;","og_url":"https:\/\/expressometro.mx\/index.php\/2022\/10\/29\/atiende-el-pri-rumbo-y-causas-de-las-nuevas-generaciones\/","og_site_name":"Expresso Metropolitano","article_published_time":"2022-10-30T01:02:02+00:00","article_modified_time":"2022-10-30T01:02:21+00:00","og_image":[{"url":"https:\/\/expressometro.mx\/wp-content\/uploads\/2022\/10\/WhatsApp-Image-2022-10-29-at-7.02.17-PM-1-720x480.jpeg","type":"","width":"","height":""}],"author":"Cecilia Vega","twitter_misc":{"Escrito por":"Cecilia Vega","Tiempo de lectura":"2 minutos"},"schema":{"@context":"https:\/\/schema.org","@graph":[{"@type":"Article","@id":"https:\/\/expressometro.mx\/index.php\/2022\/10\/29\/atiende-el-pri-rumbo-y-causas-de-las-nuevas-generaciones\/#article","isPartOf":{"@id":"https:\/\/expressometro.mx\/index.php\/2022\/10\/29\/atiende-el-pri-rumbo-y-causas-de-las-nuevas-generaciones\/"},"author":{"name":"Cecilia Vega","@id":"https:\/\/expressometro.mx\/#\/schema\/person\/67a95b8e3862085c7598f66237488f1f"},"headline":"ATIENDE EL PRI RUMBO Y CAUSAS DE LAS NUEVAS GENERACIONES","datePublished":"2022-10-30T01:02:02+00:00","dateModified":"2022-10-30T01:02:21+00:00","mainEntityOfPage":{"@id":"https:\/\/expressometro.mx\/index.php\/2022\/10\/29\/atiende-el-pri-rumbo-y-causas-de-las-nuevas-generaciones\/"},"wordCount":386,"commentCount":0,"publisher":{"@id":"https:\/\/expressometro.mx\/#organization"},"image":{"@id":"https:\/\/expressometro.mx\/index.php\/2022\/10\/29\/atiende-el-pri-rumbo-y-causas-de-las-nuevas-generaciones\/#primaryimage"},"thumbnailUrl":"https:\/\/expressometro.mx\/wp-content\/uploads\/2022\/10\/WhatsApp-Image-2022-10-29-at-7.02.17-PM-1-720x480.jpeg","articleSection":["Otros"],"inLanguage":"es","potentialAction":[{"@type":"CommentAction","name":"Comment","target":["https:\/\/expressometro.mx\/index.php\/2022\/10\/29\/atiende-el-pri-rumbo-y-causas-de-las-nuevas-generaciones\/#respond"]}]},{"@type":"WebPage","@id":"https:\/\/expressometro.mx\/index.php\/2022\/10\/29\/atiende-el-pri-rumbo-y-causas-de-las-nuevas-generaciones\/","url":"https:\/\/expressometro.mx\/index.php\/2022\/10\/29\/atiende-el-pri-rumbo-y-causas-de-las-nuevas-generaciones\/","name":"ATIENDE EL PRI RUMBO Y CAUSAS DE LAS NUEVAS GENERACIONES - Expresso Metropolitano","isPartOf":{"@id":"https:\/\/expressometro.mx\/#website"},"primaryImageOfPage":{"@id":"https:\/\/expressometro.mx\/index.php\/2022\/10\/29\/atiende-el-pri-rumbo-y-causas-de-las-nuevas-generaciones\/#primaryimage"},"image":{"@id":"https:\/\/expressometro.mx\/index.php\/2022\/10\/29\/atiende-el-pri-rumbo-y-causas-de-las-nuevas-generaciones\/#primaryimage"},"thumbnailUrl":"https:\/\/expressometro.mx\/wp-content\/uploads\/2022\/10\/WhatsApp-Image-2022-10-29-at-7.02.17-PM-1-720x480.jpeg","datePublished":"2022-10-30T01:02:02+00:00","dateModified":"2022-10-30T01:02:21+00:00","breadcrumb":{"@id":"https:\/\/expressometro.mx\/index.php\/2022\/10\/29\/atiende-el-pri-rumbo-y-causas-de-las-nuevas-generaciones\/#breadcrumb"},"inLanguage":"es","potentialAction":[{"@type":"ReadAction","target":["https:\/\/expressometro.mx\/index.php\/2022\/10\/29\/atiende-el-pri-rumbo-y-causas-de-las-nuevas-generaciones\/"]}]},{"@type":"ImageObject","inLanguage":"es","@id":"https:\/\/expressometro.mx\/index.php\/2022\/10\/29\/atiende-el-pri-rumbo-y-causas-de-las-nuevas-generaciones\/#primaryimage","url":"https:\/\/expressometro.mx\/wp-content\/uploads\/2022\/10\/WhatsApp-Image-2022-10-29-at-7.02.17-PM-1.jpeg","contentUrl":"https:\/\/expressometro.mx\/wp-content\/uploads\/2022\/10\/WhatsApp-Image-2022-10-29-at-7.02.17-PM-1.jpeg","width":1600,"height":1066},{"@type":"BreadcrumbList","@id":"https:\/\/expressometro.mx\/index.php\/2022\/10\/29\/atiende-el-pri-rumbo-y-causas-de-las-nuevas-generaciones\/#breadcrumb","itemListElement":[{"@type":"ListItem","position":1,"name":"Inicio","item":"https:\/\/expressometro.mx\/"},{"@type":"ListItem","position":2,"name":"ATIENDE EL PRI RUMBO Y CAUSAS DE LAS NUEVAS GENERACIONES"}]},{"@type":"WebSite","@id":"https:\/\/expressometro.mx\/#website","url":"https:\/\/expressometro.mx\/","name":"Expresso Metropolitano","description":"Periodismo comprometido, informaci\u00f3n, investigaci\u00f3n y an\u00e1lisis","publisher":{"@id":"https:\/\/expressometro.mx\/#organization"},"potentialAction":[{"@type":"SearchAction","target":{"@type":"EntryPoint","urlTemplate":"https:\/\/expressometro.mx\/?s={search_term_string}"},"query-input":{"@type":"PropertyValueSpecification","valueRequired":true,"valueName":"search_term_string"}}],"inLanguage":"es"},{"@type":"Organization","@id":"https:\/\/expressometro.mx\/#organization","name":"Expresso Metropolitano","url":"https:\/\/expressometro.mx\/","logo":{"@type":"ImageObject","inLanguage":"es","@id":"https:\/\/expressometro.mx\/#\/schema\/logo\/image\/","url":"https:\/\/expressometro.mx\/wp-content\/uploads\/2019\/07\/cropped-Logo-Expresso-Metropolitano-1-1.jpeg","contentUrl":"https:\/\/expressometro.mx\/wp-content\/uploads\/2019\/07\/cropped-Logo-Expresso-Metropolitano-1-1.jpeg","width":290,"height":73,"caption":"Expresso Metropolitano"},"image":{"@id":"https:\/\/expressometro.mx\/#\/schema\/logo\/image\/"}},{"@type":"Person","@id":"https:\/\/expressometro.mx\/#\/schema\/person\/67a95b8e3862085c7598f66237488f1f","name":"Cecilia Vega","image":{"@type":"ImageObject","inLanguage":"es","@id":"https:\/\/secure.gravatar.com\/avatar\/13aae9944ab2ee472a9e407c9487fdbd03b049abaa559af32fe5dbcf615c981b?s=96&d=mm&r=g","url":"https:\/\/secure.gravatar.com\/avatar\/13aae9944ab2ee472a9e407c9487fdbd03b049abaa559af32fe5dbcf615c981b?s=96&d=mm&r=g","contentUrl":"https:\/\/secure.gravatar.com\/avatar\/13aae9944ab2ee472a9e407c9487fdbd03b049abaa559af32fe5dbcf615c981b?s=96&d=mm&r=g","caption":"Cecilia Vega"},"url":"https:\/\/expressometro.mx\/index.php\/author\/cecilia-vega\/"}]}},"amp_enabled":true,"_links":{"self":[{"href":"https:\/\/expressometro.mx\/index.php\/wp-json\/wp\/v2\/posts\/6629","targetHints":{"allow":["GET"]}}],"collection":[{"href":"https:\/\/expressometro.mx\/index.php\/wp-json\/wp\/v2\/posts"}],"about":[{"href":"https:\/\/expressometro.mx\/index.php\/wp-json\/wp\/v2\/types\/post"}],"author":[{"embeddable":true,"href":"https:\/\/expressometro.mx\/index.php\/wp-json\/wp\/v2\/users\/2"}],"replies":[{"embeddable":true,"href":"https:\/\/expressometro.mx\/index.php\/wp-json\/wp\/v2\/comments?post=6629"}],"version-history":[{"count":1,"href":"https:\/\/expressometro.mx\/index.php\/wp-json\/wp\/v2\/posts\/6629\/revisions"}],"predecessor-version":[{"id":6633,"href":"https:\/\/expressometro.mx\/index.php\/wp-json\/wp\/v2\/posts\/6629\/revisions\/6633"}],"wp:attachment":[{"href":"https:\/\/expressometro.mx\/index.php\/wp-json\/wp\/v2\/media?parent=6629"}],"wp:term":[{"taxonomy":"category","embeddable":true,"href":"https:\/\/expressometro.mx\/index.php\/wp-json\/wp\/v2\/categories?post=6629"},{"taxonomy":"post_tag","embeddable":true,"href":"https:\/\/expressometro.mx\/index.php\/wp-json\/wp\/v2\/tags?post=6629"}],"curies":[{"name":"wp","href":"https:\/\/api.w.org\/{rel}","templated":true}]}}