{"id":6622,"date":"2022-10-29T18:47:07","date_gmt":"2022-10-29T23:47:07","guid":{"rendered":"https:\/\/expressometro.mx\/?p=6622"},"modified":"2022-10-29T18:47:08","modified_gmt":"2022-10-29T23:47:08","slug":"con-colorido-y-respeto-abre-el-festival-xocotlhuetzi-2022","status":"publish","type":"post","link":"https:\/\/expressometro.mx\/index.php\/2022\/10\/29\/con-colorido-y-respeto-abre-el-festival-xocotlhuetzi-2022\/","title":{"rendered":"CON COLORIDO Y RESPETO ABRE EL FESTIVAL XOCOTLHUETZI 2022"},"content":{"rendered":"\n<p>Con motivo del Festival Xocotlhuetzi con Encanto Jocotitl\u00e1n 2022, el gobierno municipal que preside Jes\u00fas Cedillo Gonz\u00e1lez invit\u00f3 a la ciudadan\u00eda en general a visitar este municipio y participar de sus actividades.<\/p>\n\n\n\n<p>Desde San Miguel Tenochtitl\u00e1n se present\u00f3 el pasacalles Esc\u00e9nico dejando ver la cultura tradicional de la Mujeres de Alebrijes, donde cientos de visitantes se tomaron la foto del recuerdo.<\/p>\n\n\n\n<p>El alcalde Jes\u00fas Cedillo Gonz\u00e1lez encabez\u00f3 la inauguraci\u00f3n del Festival Xocotlhuetzi con Encanto Jocotitl\u00e1n 2022, donde se inaugur\u00f3 el tapete y la ofrenda monumental, con el objetivo de que en \u00e9sta festividad del d\u00eda de muertos se reconozca.<\/p>\n\n\n\n<p>As\u00ed la celebraci\u00f3n que con respeto a la muerte se llev\u00f3 a cabo como parte del ciclo de la vida; es as\u00ed como en Jocotitl\u00e1n se les da la bienvenida a los fieles difuntos que siempre ser\u00e1n recordados con el alma y el coraz\u00f3n.<\/p>\n\n\n\n<p>Reconoci\u00f3 al Se\u00f1or Jos\u00e9 Mart\u00ednez Lara y al equipo de Servidores P\u00fablicos por la elaboraci\u00f3n y contribuci\u00f3n de \u00e9sta actividad.<br>\u00a1Vivamos juntos \u00e9stas tradiciones, que nos identifican a los mexicanos!<br>\u00a1Los esperamos en Jocotitl\u00e1n!<\/p>\n\n\n\n<h1 class=\"wp-block-heading\"><\/h1>\n\n\n\n<figure class=\"wp-block-image size-large\"><img decoding=\"async\" width=\"640\" height=\"480\" src=\"https:\/\/expressometro.mx\/wp-content\/uploads\/2022\/10\/WhatsApp-Image-2022-10-29-at-6.40.42-PM-640x480.jpeg\" alt=\"\" class=\"wp-image-6624\" srcset=\"https:\/\/expressometro.mx\/wp-content\/uploads\/2022\/10\/WhatsApp-Image-2022-10-29-at-6.40.42-PM-640x480.jpeg 640w, https:\/\/expressometro.mx\/wp-content\/uploads\/2022\/10\/WhatsApp-Image-2022-10-29-at-6.40.42-PM-487x365.jpeg 487w, https:\/\/expressometro.mx\/wp-content\/uploads\/2022\/10\/WhatsApp-Image-2022-10-29-at-6.40.42-PM-768x576.jpeg 768w, https:\/\/expressometro.mx\/wp-content\/uploads\/2022\/10\/WhatsApp-Image-2022-10-29-at-6.40.42-PM.jpeg 960w\" sizes=\"(max-width: 640px) 100vw, 640px\" \/><\/figure>\n\n\n\n<figure class=\"wp-block-image size-large\"><img decoding=\"async\" width=\"640\" height=\"480\" src=\"https:\/\/expressometro.mx\/wp-content\/uploads\/2022\/10\/WhatsApp-Image-2022-10-29-at-6.41.32-PM-640x480.jpeg\" alt=\"\" class=\"wp-image-6625\" srcset=\"https:\/\/expressometro.mx\/wp-content\/uploads\/2022\/10\/WhatsApp-Image-2022-10-29-at-6.41.32-PM-640x480.jpeg 640w, https:\/\/expressometro.mx\/wp-content\/uploads\/2022\/10\/WhatsApp-Image-2022-10-29-at-6.41.32-PM-487x365.jpeg 487w, https:\/\/expressometro.mx\/wp-content\/uploads\/2022\/10\/WhatsApp-Image-2022-10-29-at-6.41.32-PM-768x576.jpeg 768w, https:\/\/expressometro.mx\/wp-content\/uploads\/2022\/10\/WhatsApp-Image-2022-10-29-at-6.41.32-PM.jpeg 1024w\" sizes=\"(max-width: 640px) 100vw, 640px\" \/><\/figure>\n","protected":false},"excerpt":{"rendered":"<p>Con motivo del Festival Xocotlhuetzi con Encanto Jocotitl\u00e1n 2022, el gobierno municipal que preside Jes\u00fas Cedillo Gonz\u00e1lez invit\u00f3 a la ciudadan\u00eda en general a visitar este municipio y participar de sus actividades. Desde San Miguel Tenochtitl\u00e1n se present\u00f3 el pasacalles Esc\u00e9nico dejando ver la cultura tradicional de la Mujeres de Alebrijes, donde cientos de visitantes se tomaron la foto del recuerdo. El alcalde Jes\u00fas Cedillo Gonz\u00e1lez encabez\u00f3 la inauguraci\u00f3n del Festival Xocotlhuetzi con Encanto Jocotitl\u00e1n 2022, donde se inaugur\u00f3 el tapete y la ofrenda monumental, con el objetivo de que&hellip;<\/p>\n","protected":false},"author":2,"featured_media":0,"comment_status":"open","ping_status":"open","sticky":false,"template":"","format":"standard","meta":{"footnotes":""},"categories":[1],"tags":[],"class_list":["post-6622","post","type-post","status-publish","format-standard","hentry","category-otros"],"yoast_head":"<!-- This site is optimized with the Yoast SEO plugin v27.4 - https:\/\/yoast.com\/product\/yoast-seo-wordpress\/ -->\n<title>CON COLORIDO Y RESPETO ABRE EL FESTIVAL XOCOTLHUETZI 2022 - Expresso Metropolitano<\/title>\n<meta name=\"robots\" content=\"index, follow, max-snippet:-1, max-image-preview:large, max-video-preview:-1\" \/>\n<link rel=\"canonical\" href=\"https:\/\/expressometro.mx\/index.php\/2022\/10\/29\/con-colorido-y-respeto-abre-el-festival-xocotlhuetzi-2022\/\" \/>\n<meta property=\"og:locale\" content=\"es_MX\" \/>\n<meta property=\"og:type\" content=\"article\" \/>\n<meta property=\"og:title\" content=\"CON COLORIDO Y RESPETO ABRE EL FESTIVAL XOCOTLHUETZI 2022 - Expresso Metropolitano\" \/>\n<meta property=\"og:description\" content=\"Con motivo del Festival Xocotlhuetzi con Encanto Jocotitl\u00e1n 2022, el gobierno municipal que preside Jes\u00fas Cedillo Gonz\u00e1lez invit\u00f3 a la ciudadan\u00eda en general a visitar este municipio y participar de sus actividades. Desde San Miguel Tenochtitl\u00e1n se present\u00f3 el pasacalles Esc\u00e9nico dejando ver la cultura tradicional de la Mujeres de Alebrijes, donde cientos de visitantes se tomaron la foto del recuerdo. El alcalde Jes\u00fas Cedillo Gonz\u00e1lez encabez\u00f3 la inauguraci\u00f3n del Festival Xocotlhuetzi con Encanto Jocotitl\u00e1n 2022, donde se inaugur\u00f3 el tapete y la ofrenda monumental, con el objetivo de que&hellip;\" \/>\n<meta property=\"og:url\" content=\"https:\/\/expressometro.mx\/index.php\/2022\/10\/29\/con-colorido-y-respeto-abre-el-festival-xocotlhuetzi-2022\/\" \/>\n<meta property=\"og:site_name\" content=\"Expresso Metropolitano\" \/>\n<meta property=\"article:published_time\" content=\"2022-10-29T23:47:07+00:00\" \/>\n<meta property=\"article:modified_time\" content=\"2022-10-29T23:47:08+00:00\" \/>\n<meta property=\"og:image\" content=\"https:\/\/expressometro.mx\/wp-content\/uploads\/2022\/10\/WhatsApp-Image-2022-10-29-at-6.40.42-PM-640x480.jpeg\" \/>\n<meta name=\"author\" content=\"Cecilia Vega\" \/>\n<meta name=\"twitter:label1\" content=\"Escrito por\" \/>\n\t<meta name=\"twitter:data1\" content=\"Cecilia Vega\" \/>\n\t<meta name=\"twitter:label2\" content=\"Tiempo de lectura\" \/>\n\t<meta name=\"twitter:data2\" content=\"2 minutos\" \/>\n<script type=\"application\/ld+json\" class=\"yoast-schema-graph\">{\"@context\":\"https:\\\/\\\/schema.org\",\"@graph\":[{\"@type\":\"Article\",\"@id\":\"https:\\\/\\\/expressometro.mx\\\/index.php\\\/2022\\\/10\\\/29\\\/con-colorido-y-respeto-abre-el-festival-xocotlhuetzi-2022\\\/#article\",\"isPartOf\":{\"@id\":\"https:\\\/\\\/expressometro.mx\\\/index.php\\\/2022\\\/10\\\/29\\\/con-colorido-y-respeto-abre-el-festival-xocotlhuetzi-2022\\\/\"},\"author\":{\"name\":\"Cecilia Vega\",\"@id\":\"https:\\\/\\\/expressometro.mx\\\/#\\\/schema\\\/person\\\/67a95b8e3862085c7598f66237488f1f\"},\"headline\":\"CON COLORIDO Y RESPETO ABRE EL FESTIVAL XOCOTLHUETZI 2022\",\"datePublished\":\"2022-10-29T23:47:07+00:00\",\"dateModified\":\"2022-10-29T23:47:08+00:00\",\"mainEntityOfPage\":{\"@id\":\"https:\\\/\\\/expressometro.mx\\\/index.php\\\/2022\\\/10\\\/29\\\/con-colorido-y-respeto-abre-el-festival-xocotlhuetzi-2022\\\/\"},\"wordCount\":204,\"commentCount\":0,\"publisher\":{\"@id\":\"https:\\\/\\\/expressometro.mx\\\/#organization\"},\"image\":{\"@id\":\"https:\\\/\\\/expressometro.mx\\\/index.php\\\/2022\\\/10\\\/29\\\/con-colorido-y-respeto-abre-el-festival-xocotlhuetzi-2022\\\/#primaryimage\"},\"thumbnailUrl\":\"https:\\\/\\\/expressometro.mx\\\/wp-content\\\/uploads\\\/2022\\\/10\\\/WhatsApp-Image-2022-10-29-at-6.40.42-PM-640x480.jpeg\",\"articleSection\":[\"Otros\"],\"inLanguage\":\"es\",\"potentialAction\":[{\"@type\":\"CommentAction\",\"name\":\"Comment\",\"target\":[\"https:\\\/\\\/expressometro.mx\\\/index.php\\\/2022\\\/10\\\/29\\\/con-colorido-y-respeto-abre-el-festival-xocotlhuetzi-2022\\\/#respond\"]}]},{\"@type\":\"WebPage\",\"@id\":\"https:\\\/\\\/expressometro.mx\\\/index.php\\\/2022\\\/10\\\/29\\\/con-colorido-y-respeto-abre-el-festival-xocotlhuetzi-2022\\\/\",\"url\":\"https:\\\/\\\/expressometro.mx\\\/index.php\\\/2022\\\/10\\\/29\\\/con-colorido-y-respeto-abre-el-festival-xocotlhuetzi-2022\\\/\",\"name\":\"CON COLORIDO Y RESPETO ABRE EL FESTIVAL XOCOTLHUETZI 2022 - Expresso Metropolitano\",\"isPartOf\":{\"@id\":\"https:\\\/\\\/expressometro.mx\\\/#website\"},\"primaryImageOfPage\":{\"@id\":\"https:\\\/\\\/expressometro.mx\\\/index.php\\\/2022\\\/10\\\/29\\\/con-colorido-y-respeto-abre-el-festival-xocotlhuetzi-2022\\\/#primaryimage\"},\"image\":{\"@id\":\"https:\\\/\\\/expressometro.mx\\\/index.php\\\/2022\\\/10\\\/29\\\/con-colorido-y-respeto-abre-el-festival-xocotlhuetzi-2022\\\/#primaryimage\"},\"thumbnailUrl\":\"https:\\\/\\\/expressometro.mx\\\/wp-content\\\/uploads\\\/2022\\\/10\\\/WhatsApp-Image-2022-10-29-at-6.40.42-PM-640x480.jpeg\",\"datePublished\":\"2022-10-29T23:47:07+00:00\",\"dateModified\":\"2022-10-29T23:47:08+00:00\",\"breadcrumb\":{\"@id\":\"https:\\\/\\\/expressometro.mx\\\/index.php\\\/2022\\\/10\\\/29\\\/con-colorido-y-respeto-abre-el-festival-xocotlhuetzi-2022\\\/#breadcrumb\"},\"inLanguage\":\"es\",\"potentialAction\":[{\"@type\":\"ReadAction\",\"target\":[\"https:\\\/\\\/expressometro.mx\\\/index.php\\\/2022\\\/10\\\/29\\\/con-colorido-y-respeto-abre-el-festival-xocotlhuetzi-2022\\\/\"]}]},{\"@type\":\"ImageObject\",\"inLanguage\":\"es\",\"@id\":\"https:\\\/\\\/expressometro.mx\\\/index.php\\\/2022\\\/10\\\/29\\\/con-colorido-y-respeto-abre-el-festival-xocotlhuetzi-2022\\\/#primaryimage\",\"url\":\"https:\\\/\\\/expressometro.mx\\\/wp-content\\\/uploads\\\/2022\\\/10\\\/WhatsApp-Image-2022-10-29-at-6.40.42-PM.jpeg\",\"contentUrl\":\"https:\\\/\\\/expressometro.mx\\\/wp-content\\\/uploads\\\/2022\\\/10\\\/WhatsApp-Image-2022-10-29-at-6.40.42-PM.jpeg\",\"width\":960,\"height\":720},{\"@type\":\"BreadcrumbList\",\"@id\":\"https:\\\/\\\/expressometro.mx\\\/index.php\\\/2022\\\/10\\\/29\\\/con-colorido-y-respeto-abre-el-festival-xocotlhuetzi-2022\\\/#breadcrumb\",\"itemListElement\":[{\"@type\":\"ListItem\",\"position\":1,\"name\":\"Inicio\",\"item\":\"https:\\\/\\\/expressometro.mx\\\/\"},{\"@type\":\"ListItem\",\"position\":2,\"name\":\"CON COLORIDO Y RESPETO ABRE EL FESTIVAL XOCOTLHUETZI 2022\"}]},{\"@type\":\"WebSite\",\"@id\":\"https:\\\/\\\/expressometro.mx\\\/#website\",\"url\":\"https:\\\/\\\/expressometro.mx\\\/\",\"name\":\"Expresso Metropolitano\",\"description\":\"Periodismo comprometido, informaci\u00f3n, investigaci\u00f3n y an\u00e1lisis\",\"publisher\":{\"@id\":\"https:\\\/\\\/expressometro.mx\\\/#organization\"},\"potentialAction\":[{\"@type\":\"SearchAction\",\"target\":{\"@type\":\"EntryPoint\",\"urlTemplate\":\"https:\\\/\\\/expressometro.mx\\\/?s={search_term_string}\"},\"query-input\":{\"@type\":\"PropertyValueSpecification\",\"valueRequired\":true,\"valueName\":\"search_term_string\"}}],\"inLanguage\":\"es\"},{\"@type\":\"Organization\",\"@id\":\"https:\\\/\\\/expressometro.mx\\\/#organization\",\"name\":\"Expresso Metropolitano\",\"url\":\"https:\\\/\\\/expressometro.mx\\\/\",\"logo\":{\"@type\":\"ImageObject\",\"inLanguage\":\"es\",\"@id\":\"https:\\\/\\\/expressometro.mx\\\/#\\\/schema\\\/logo\\\/image\\\/\",\"url\":\"https:\\\/\\\/expressometro.mx\\\/wp-content\\\/uploads\\\/2019\\\/07\\\/cropped-Logo-Expresso-Metropolitano-1-1.jpeg\",\"contentUrl\":\"https:\\\/\\\/expressometro.mx\\\/wp-content\\\/uploads\\\/2019\\\/07\\\/cropped-Logo-Expresso-Metropolitano-1-1.jpeg\",\"width\":290,\"height\":73,\"caption\":\"Expresso Metropolitano\"},\"image\":{\"@id\":\"https:\\\/\\\/expressometro.mx\\\/#\\\/schema\\\/logo\\\/image\\\/\"}},{\"@type\":\"Person\",\"@id\":\"https:\\\/\\\/expressometro.mx\\\/#\\\/schema\\\/person\\\/67a95b8e3862085c7598f66237488f1f\",\"name\":\"Cecilia Vega\",\"image\":{\"@type\":\"ImageObject\",\"inLanguage\":\"es\",\"@id\":\"https:\\\/\\\/secure.gravatar.com\\\/avatar\\\/13aae9944ab2ee472a9e407c9487fdbd03b049abaa559af32fe5dbcf615c981b?s=96&d=mm&r=g\",\"url\":\"https:\\\/\\\/secure.gravatar.com\\\/avatar\\\/13aae9944ab2ee472a9e407c9487fdbd03b049abaa559af32fe5dbcf615c981b?s=96&d=mm&r=g\",\"contentUrl\":\"https:\\\/\\\/secure.gravatar.com\\\/avatar\\\/13aae9944ab2ee472a9e407c9487fdbd03b049abaa559af32fe5dbcf615c981b?s=96&d=mm&r=g\",\"caption\":\"Cecilia Vega\"},\"url\":\"https:\\\/\\\/expressometro.mx\\\/index.php\\\/author\\\/cecilia-vega\\\/\"}]}<\/script>\n<!-- \/ Yoast SEO plugin. -->","yoast_head_json":{"title":"CON COLORIDO Y RESPETO ABRE EL FESTIVAL XOCOTLHUETZI 2022 - Expresso Metropolitano","robots":{"index":"index","follow":"follow","max-snippet":"max-snippet:-1","max-image-preview":"max-image-preview:large","max-video-preview":"max-video-preview:-1"},"canonical":"https:\/\/expressometro.mx\/index.php\/2022\/10\/29\/con-colorido-y-respeto-abre-el-festival-xocotlhuetzi-2022\/","og_locale":"es_MX","og_type":"article","og_title":"CON COLORIDO Y RESPETO ABRE EL FESTIVAL XOCOTLHUETZI 2022 - Expresso Metropolitano","og_description":"Con motivo del Festival Xocotlhuetzi con Encanto Jocotitl\u00e1n 2022, el gobierno municipal que preside Jes\u00fas Cedillo Gonz\u00e1lez invit\u00f3 a la ciudadan\u00eda en general a visitar este municipio y participar de sus actividades. Desde San Miguel Tenochtitl\u00e1n se present\u00f3 el pasacalles Esc\u00e9nico dejando ver la cultura tradicional de la Mujeres de Alebrijes, donde cientos de visitantes se tomaron la foto del recuerdo. El alcalde Jes\u00fas Cedillo Gonz\u00e1lez encabez\u00f3 la inauguraci\u00f3n del Festival Xocotlhuetzi con Encanto Jocotitl\u00e1n 2022, donde se inaugur\u00f3 el tapete y la ofrenda monumental, con el objetivo de que&hellip;","og_url":"https:\/\/expressometro.mx\/index.php\/2022\/10\/29\/con-colorido-y-respeto-abre-el-festival-xocotlhuetzi-2022\/","og_site_name":"Expresso Metropolitano","article_published_time":"2022-10-29T23:47:07+00:00","article_modified_time":"2022-10-29T23:47:08+00:00","og_image":[{"url":"https:\/\/expressometro.mx\/wp-content\/uploads\/2022\/10\/WhatsApp-Image-2022-10-29-at-6.40.42-PM-640x480.jpeg","type":"","width":"","height":""}],"author":"Cecilia Vega","twitter_misc":{"Escrito por":"Cecilia Vega","Tiempo de lectura":"2 minutos"},"schema":{"@context":"https:\/\/schema.org","@graph":[{"@type":"Article","@id":"https:\/\/expressometro.mx\/index.php\/2022\/10\/29\/con-colorido-y-respeto-abre-el-festival-xocotlhuetzi-2022\/#article","isPartOf":{"@id":"https:\/\/expressometro.mx\/index.php\/2022\/10\/29\/con-colorido-y-respeto-abre-el-festival-xocotlhuetzi-2022\/"},"author":{"name":"Cecilia Vega","@id":"https:\/\/expressometro.mx\/#\/schema\/person\/67a95b8e3862085c7598f66237488f1f"},"headline":"CON COLORIDO Y RESPETO ABRE EL FESTIVAL XOCOTLHUETZI 2022","datePublished":"2022-10-29T23:47:07+00:00","dateModified":"2022-10-29T23:47:08+00:00","mainEntityOfPage":{"@id":"https:\/\/expressometro.mx\/index.php\/2022\/10\/29\/con-colorido-y-respeto-abre-el-festival-xocotlhuetzi-2022\/"},"wordCount":204,"commentCount":0,"publisher":{"@id":"https:\/\/expressometro.mx\/#organization"},"image":{"@id":"https:\/\/expressometro.mx\/index.php\/2022\/10\/29\/con-colorido-y-respeto-abre-el-festival-xocotlhuetzi-2022\/#primaryimage"},"thumbnailUrl":"https:\/\/expressometro.mx\/wp-content\/uploads\/2022\/10\/WhatsApp-Image-2022-10-29-at-6.40.42-PM-640x480.jpeg","articleSection":["Otros"],"inLanguage":"es","potentialAction":[{"@type":"CommentAction","name":"Comment","target":["https:\/\/expressometro.mx\/index.php\/2022\/10\/29\/con-colorido-y-respeto-abre-el-festival-xocotlhuetzi-2022\/#respond"]}]},{"@type":"WebPage","@id":"https:\/\/expressometro.mx\/index.php\/2022\/10\/29\/con-colorido-y-respeto-abre-el-festival-xocotlhuetzi-2022\/","url":"https:\/\/expressometro.mx\/index.php\/2022\/10\/29\/con-colorido-y-respeto-abre-el-festival-xocotlhuetzi-2022\/","name":"CON COLORIDO Y RESPETO ABRE EL FESTIVAL XOCOTLHUETZI 2022 - Expresso Metropolitano","isPartOf":{"@id":"https:\/\/expressometro.mx\/#website"},"primaryImageOfPage":{"@id":"https:\/\/expressometro.mx\/index.php\/2022\/10\/29\/con-colorido-y-respeto-abre-el-festival-xocotlhuetzi-2022\/#primaryimage"},"image":{"@id":"https:\/\/expressometro.mx\/index.php\/2022\/10\/29\/con-colorido-y-respeto-abre-el-festival-xocotlhuetzi-2022\/#primaryimage"},"thumbnailUrl":"https:\/\/expressometro.mx\/wp-content\/uploads\/2022\/10\/WhatsApp-Image-2022-10-29-at-6.40.42-PM-640x480.jpeg","datePublished":"2022-10-29T23:47:07+00:00","dateModified":"2022-10-29T23:47:08+00:00","breadcrumb":{"@id":"https:\/\/expressometro.mx\/index.php\/2022\/10\/29\/con-colorido-y-respeto-abre-el-festival-xocotlhuetzi-2022\/#breadcrumb"},"inLanguage":"es","potentialAction":[{"@type":"ReadAction","target":["https:\/\/expressometro.mx\/index.php\/2022\/10\/29\/con-colorido-y-respeto-abre-el-festival-xocotlhuetzi-2022\/"]}]},{"@type":"ImageObject","inLanguage":"es","@id":"https:\/\/expressometro.mx\/index.php\/2022\/10\/29\/con-colorido-y-respeto-abre-el-festival-xocotlhuetzi-2022\/#primaryimage","url":"https:\/\/expressometro.mx\/wp-content\/uploads\/2022\/10\/WhatsApp-Image-2022-10-29-at-6.40.42-PM.jpeg","contentUrl":"https:\/\/expressometro.mx\/wp-content\/uploads\/2022\/10\/WhatsApp-Image-2022-10-29-at-6.40.42-PM.jpeg","width":960,"height":720},{"@type":"BreadcrumbList","@id":"https:\/\/expressometro.mx\/index.php\/2022\/10\/29\/con-colorido-y-respeto-abre-el-festival-xocotlhuetzi-2022\/#breadcrumb","itemListElement":[{"@type":"ListItem","position":1,"name":"Inicio","item":"https:\/\/expressometro.mx\/"},{"@type":"ListItem","position":2,"name":"CON COLORIDO Y RESPETO ABRE EL FESTIVAL XOCOTLHUETZI 2022"}]},{"@type":"WebSite","@id":"https:\/\/expressometro.mx\/#website","url":"https:\/\/expressometro.mx\/","name":"Expresso Metropolitano","description":"Periodismo comprometido, informaci\u00f3n, investigaci\u00f3n y an\u00e1lisis","publisher":{"@id":"https:\/\/expressometro.mx\/#organization"},"potentialAction":[{"@type":"SearchAction","target":{"@type":"EntryPoint","urlTemplate":"https:\/\/expressometro.mx\/?s={search_term_string}"},"query-input":{"@type":"PropertyValueSpecification","valueRequired":true,"valueName":"search_term_string"}}],"inLanguage":"es"},{"@type":"Organization","@id":"https:\/\/expressometro.mx\/#organization","name":"Expresso Metropolitano","url":"https:\/\/expressometro.mx\/","logo":{"@type":"ImageObject","inLanguage":"es","@id":"https:\/\/expressometro.mx\/#\/schema\/logo\/image\/","url":"https:\/\/expressometro.mx\/wp-content\/uploads\/2019\/07\/cropped-Logo-Expresso-Metropolitano-1-1.jpeg","contentUrl":"https:\/\/expressometro.mx\/wp-content\/uploads\/2019\/07\/cropped-Logo-Expresso-Metropolitano-1-1.jpeg","width":290,"height":73,"caption":"Expresso Metropolitano"},"image":{"@id":"https:\/\/expressometro.mx\/#\/schema\/logo\/image\/"}},{"@type":"Person","@id":"https:\/\/expressometro.mx\/#\/schema\/person\/67a95b8e3862085c7598f66237488f1f","name":"Cecilia Vega","image":{"@type":"ImageObject","inLanguage":"es","@id":"https:\/\/secure.gravatar.com\/avatar\/13aae9944ab2ee472a9e407c9487fdbd03b049abaa559af32fe5dbcf615c981b?s=96&d=mm&r=g","url":"https:\/\/secure.gravatar.com\/avatar\/13aae9944ab2ee472a9e407c9487fdbd03b049abaa559af32fe5dbcf615c981b?s=96&d=mm&r=g","contentUrl":"https:\/\/secure.gravatar.com\/avatar\/13aae9944ab2ee472a9e407c9487fdbd03b049abaa559af32fe5dbcf615c981b?s=96&d=mm&r=g","caption":"Cecilia Vega"},"url":"https:\/\/expressometro.mx\/index.php\/author\/cecilia-vega\/"}]}},"amp_enabled":true,"_links":{"self":[{"href":"https:\/\/expressometro.mx\/index.php\/wp-json\/wp\/v2\/posts\/6622","targetHints":{"allow":["GET"]}}],"collection":[{"href":"https:\/\/expressometro.mx\/index.php\/wp-json\/wp\/v2\/posts"}],"about":[{"href":"https:\/\/expressometro.mx\/index.php\/wp-json\/wp\/v2\/types\/post"}],"author":[{"embeddable":true,"href":"https:\/\/expressometro.mx\/index.php\/wp-json\/wp\/v2\/users\/2"}],"replies":[{"embeddable":true,"href":"https:\/\/expressometro.mx\/index.php\/wp-json\/wp\/v2\/comments?post=6622"}],"version-history":[{"count":1,"href":"https:\/\/expressometro.mx\/index.php\/wp-json\/wp\/v2\/posts\/6622\/revisions"}],"predecessor-version":[{"id":6626,"href":"https:\/\/expressometro.mx\/index.php\/wp-json\/wp\/v2\/posts\/6622\/revisions\/6626"}],"wp:attachment":[{"href":"https:\/\/expressometro.mx\/index.php\/wp-json\/wp\/v2\/media?parent=6622"}],"wp:term":[{"taxonomy":"category","embeddable":true,"href":"https:\/\/expressometro.mx\/index.php\/wp-json\/wp\/v2\/categories?post=6622"},{"taxonomy":"post_tag","embeddable":true,"href":"https:\/\/expressometro.mx\/index.php\/wp-json\/wp\/v2\/tags?post=6622"}],"curies":[{"name":"wp","href":"https:\/\/api.w.org\/{rel}","templated":true}]}}