{"id":6615,"date":"2022-10-26T18:17:00","date_gmt":"2022-10-26T23:17:00","guid":{"rendered":"https:\/\/expressometro.mx\/?p=6615"},"modified":"2022-10-29T18:19:20","modified_gmt":"2022-10-29T23:19:20","slug":"gustavo-cardenas-atiende-en-servicios-de-salud-y-obras-a-ixtlahuaca","status":"publish","type":"post","link":"https:\/\/expressometro.mx\/index.php\/2022\/10\/26\/gustavo-cardenas-atiende-en-servicios-de-salud-y-obras-a-ixtlahuaca\/","title":{"rendered":"GUSTAVO C\u00c1RDENAS ATIENDE EN SERVICIOS DE SALUD Y OBRAS A IXTLAHUACA"},"content":{"rendered":"\n<p><\/p>\n\n\n\n<p>El Diputado Federal Gustavo C\u00e1rdenas Monroy sostuvo con el Presidente Municipal Abuzeid Lozano Casta\u00f1eda una gira por el Municipio de Ixtlahuaca, acompa\u00f1ando al Secretario de Salud del Estado Francisco Fern\u00e1ndez Clamont al inicio de la Jornada de Mastograf\u00edas que reforzar\u00e1n la prevenci\u00f3n contra alguna enfermedad en mujeres.<\/p>\n\n\n\n<p>Despu\u00e9s dieron el banderazo de inicio de dos obras de gran importancia como el encementado con concreto hidr\u00e1ulico de la carretera que va de Santa Ana la Ladera a San Ignacio y el reencarpetamiento de la carretera San Crist\u00f3bal de los Ba\u00f1os a San Francisco del R\u00edo.<\/p>\n\n\n\n<p>El legislador coment\u00f3 que gracias a las diferentes gestiones que realiz\u00f3 y a una gira que se llev\u00f3 a cabo con la Junta de Caminos se pudo obtener esta obra para los habitantes de Ixtlahuaca cumpliendo con los compromisos que hicieron en campa\u00f1a.<\/p>\n\n\n\n<p>Sostuvo que en el presupuesto Federal no se destin\u00f3 recurso alguno para los caminos y carreteras en el Estado, por eso el legislador ha presentado un punto de acuerdo para que se de mantenimiento a todos los caminos del Estado de M\u00e9xico y que est\u00e9 a\u00f1o se destine un presupuesto para esto, ya que existe una mayor\u00eda en el congreso que no deja pasar las iniciativas.<\/p>\n\n\n\n<p>C\u00e1rdenas Monroy destac\u00f3 que esta es una obra muy importante y que se realiza con recursos del gobierno del Estado, pero esto no quiere decir que este a\u00f1o no se promuevan recursos del gobierno federal, sobre todo para que se concluya la obra, ya que lo m\u00e1s importante es que la ciudadan\u00eda cuente con mejores caminos.<\/p>\n\n\n\n<h1 class=\"wp-block-heading\"><\/h1>\n\n\n\n<figure class=\"wp-block-gallery has-nested-images columns-default is-cropped wp-block-gallery-1 is-layout-flex wp-block-gallery-is-layout-flex\">\n<figure class=\"wp-block-image size-large\"><img decoding=\"async\" width=\"840\" height=\"473\" data-id=\"6617\" src=\"https:\/\/expressometro.mx\/wp-content\/uploads\/2022\/10\/WhatsApp-Image-2022-10-29-at-6.05.00-PM-840x473.jpeg\" alt=\"\" class=\"wp-image-6617\" srcset=\"https:\/\/expressometro.mx\/wp-content\/uploads\/2022\/10\/WhatsApp-Image-2022-10-29-at-6.05.00-PM-840x473.jpeg 840w, https:\/\/expressometro.mx\/wp-content\/uploads\/2022\/10\/WhatsApp-Image-2022-10-29-at-6.05.00-PM-649x365.jpeg 649w, https:\/\/expressometro.mx\/wp-content\/uploads\/2022\/10\/WhatsApp-Image-2022-10-29-at-6.05.00-PM-768x432.jpeg 768w, https:\/\/expressometro.mx\/wp-content\/uploads\/2022\/10\/WhatsApp-Image-2022-10-29-at-6.05.00-PM.jpeg 1024w\" sizes=\"(max-width: 840px) 100vw, 840px\" \/><\/figure>\n<\/figure>\n\n\n\n<figure class=\"wp-block-image size-large\"><img decoding=\"async\" width=\"840\" height=\"473\" src=\"https:\/\/expressometro.mx\/wp-content\/uploads\/2022\/10\/WhatsApp-Image-2022-10-29-at-6.05.02-PM-840x473.jpeg\" alt=\"\" class=\"wp-image-6618\" srcset=\"https:\/\/expressometro.mx\/wp-content\/uploads\/2022\/10\/WhatsApp-Image-2022-10-29-at-6.05.02-PM-840x473.jpeg 840w, https:\/\/expressometro.mx\/wp-content\/uploads\/2022\/10\/WhatsApp-Image-2022-10-29-at-6.05.02-PM-649x365.jpeg 649w, https:\/\/expressometro.mx\/wp-content\/uploads\/2022\/10\/WhatsApp-Image-2022-10-29-at-6.05.02-PM-768x432.jpeg 768w, https:\/\/expressometro.mx\/wp-content\/uploads\/2022\/10\/WhatsApp-Image-2022-10-29-at-6.05.02-PM.jpeg 1024w\" sizes=\"(max-width: 840px) 100vw, 840px\" \/><\/figure>\n","protected":false},"excerpt":{"rendered":"<p>El Diputado Federal Gustavo C\u00e1rdenas Monroy sostuvo con el Presidente Municipal Abuzeid Lozano Casta\u00f1eda una gira por el Municipio de Ixtlahuaca, acompa\u00f1ando al Secretario de Salud del Estado Francisco Fern\u00e1ndez Clamont al inicio de la Jornada de Mastograf\u00edas que reforzar\u00e1n la prevenci\u00f3n contra alguna enfermedad en mujeres. Despu\u00e9s dieron el banderazo de inicio de dos obras de gran importancia como el encementado con concreto hidr\u00e1ulico de la carretera que va de Santa Ana la Ladera a San Ignacio y el reencarpetamiento de la carretera San Crist\u00f3bal de los Ba\u00f1os a&hellip;<\/p>\n","protected":false},"author":2,"featured_media":0,"comment_status":"open","ping_status":"open","sticky":false,"template":"","format":"standard","meta":{"footnotes":""},"categories":[1],"tags":[],"class_list":["post-6615","post","type-post","status-publish","format-standard","hentry","category-otros"],"yoast_head":"<!-- This site is optimized with the Yoast SEO plugin v27.4 - https:\/\/yoast.com\/product\/yoast-seo-wordpress\/ -->\n<title>GUSTAVO C\u00c1RDENAS ATIENDE EN SERVICIOS DE SALUD Y OBRAS A IXTLAHUACA - Expresso Metropolitano<\/title>\n<meta name=\"robots\" content=\"index, follow, max-snippet:-1, max-image-preview:large, max-video-preview:-1\" \/>\n<link rel=\"canonical\" href=\"https:\/\/expressometro.mx\/index.php\/2022\/10\/26\/gustavo-cardenas-atiende-en-servicios-de-salud-y-obras-a-ixtlahuaca\/\" \/>\n<meta property=\"og:locale\" content=\"es_MX\" \/>\n<meta property=\"og:type\" content=\"article\" \/>\n<meta property=\"og:title\" content=\"GUSTAVO C\u00c1RDENAS ATIENDE EN SERVICIOS DE SALUD Y OBRAS A IXTLAHUACA - Expresso Metropolitano\" \/>\n<meta property=\"og:description\" content=\"El Diputado Federal Gustavo C\u00e1rdenas Monroy sostuvo con el Presidente Municipal Abuzeid Lozano Casta\u00f1eda una gira por el Municipio de Ixtlahuaca, acompa\u00f1ando al Secretario de Salud del Estado Francisco Fern\u00e1ndez Clamont al inicio de la Jornada de Mastograf\u00edas que reforzar\u00e1n la prevenci\u00f3n contra alguna enfermedad en mujeres. Despu\u00e9s dieron el banderazo de inicio de dos obras de gran importancia como el encementado con concreto hidr\u00e1ulico de la carretera que va de Santa Ana la Ladera a San Ignacio y el reencarpetamiento de la carretera San Crist\u00f3bal de los Ba\u00f1os a&hellip;\" \/>\n<meta property=\"og:url\" content=\"https:\/\/expressometro.mx\/index.php\/2022\/10\/26\/gustavo-cardenas-atiende-en-servicios-de-salud-y-obras-a-ixtlahuaca\/\" \/>\n<meta property=\"og:site_name\" content=\"Expresso Metropolitano\" \/>\n<meta property=\"article:published_time\" content=\"2022-10-26T23:17:00+00:00\" \/>\n<meta property=\"article:modified_time\" content=\"2022-10-29T23:19:20+00:00\" \/>\n<meta property=\"og:image\" content=\"https:\/\/expressometro.mx\/wp-content\/uploads\/2022\/10\/WhatsApp-Image-2022-10-29-at-6.05.00-PM-840x473.jpeg\" \/>\n<meta name=\"author\" content=\"Cecilia Vega\" \/>\n<meta name=\"twitter:label1\" content=\"Escrito por\" \/>\n\t<meta name=\"twitter:data1\" content=\"Cecilia Vega\" \/>\n\t<meta name=\"twitter:label2\" content=\"Tiempo de lectura\" \/>\n\t<meta name=\"twitter:data2\" content=\"2 minutos\" \/>\n<script type=\"application\/ld+json\" class=\"yoast-schema-graph\">{\"@context\":\"https:\\\/\\\/schema.org\",\"@graph\":[{\"@type\":\"Article\",\"@id\":\"https:\\\/\\\/expressometro.mx\\\/index.php\\\/2022\\\/10\\\/26\\\/gustavo-cardenas-atiende-en-servicios-de-salud-y-obras-a-ixtlahuaca\\\/#article\",\"isPartOf\":{\"@id\":\"https:\\\/\\\/expressometro.mx\\\/index.php\\\/2022\\\/10\\\/26\\\/gustavo-cardenas-atiende-en-servicios-de-salud-y-obras-a-ixtlahuaca\\\/\"},\"author\":{\"name\":\"Cecilia Vega\",\"@id\":\"https:\\\/\\\/expressometro.mx\\\/#\\\/schema\\\/person\\\/67a95b8e3862085c7598f66237488f1f\"},\"headline\":\"GUSTAVO C\u00c1RDENAS ATIENDE EN SERVICIOS DE SALUD Y OBRAS A IXTLAHUACA\",\"datePublished\":\"2022-10-26T23:17:00+00:00\",\"dateModified\":\"2022-10-29T23:19:20+00:00\",\"mainEntityOfPage\":{\"@id\":\"https:\\\/\\\/expressometro.mx\\\/index.php\\\/2022\\\/10\\\/26\\\/gustavo-cardenas-atiende-en-servicios-de-salud-y-obras-a-ixtlahuaca\\\/\"},\"wordCount\":291,\"commentCount\":0,\"publisher\":{\"@id\":\"https:\\\/\\\/expressometro.mx\\\/#organization\"},\"image\":{\"@id\":\"https:\\\/\\\/expressometro.mx\\\/index.php\\\/2022\\\/10\\\/26\\\/gustavo-cardenas-atiende-en-servicios-de-salud-y-obras-a-ixtlahuaca\\\/#primaryimage\"},\"thumbnailUrl\":\"https:\\\/\\\/expressometro.mx\\\/wp-content\\\/uploads\\\/2022\\\/10\\\/WhatsApp-Image-2022-10-29-at-6.05.00-PM-840x473.jpeg\",\"articleSection\":[\"Otros\"],\"inLanguage\":\"es\",\"potentialAction\":[{\"@type\":\"CommentAction\",\"name\":\"Comment\",\"target\":[\"https:\\\/\\\/expressometro.mx\\\/index.php\\\/2022\\\/10\\\/26\\\/gustavo-cardenas-atiende-en-servicios-de-salud-y-obras-a-ixtlahuaca\\\/#respond\"]}]},{\"@type\":\"WebPage\",\"@id\":\"https:\\\/\\\/expressometro.mx\\\/index.php\\\/2022\\\/10\\\/26\\\/gustavo-cardenas-atiende-en-servicios-de-salud-y-obras-a-ixtlahuaca\\\/\",\"url\":\"https:\\\/\\\/expressometro.mx\\\/index.php\\\/2022\\\/10\\\/26\\\/gustavo-cardenas-atiende-en-servicios-de-salud-y-obras-a-ixtlahuaca\\\/\",\"name\":\"GUSTAVO C\u00c1RDENAS ATIENDE EN SERVICIOS DE SALUD Y OBRAS A IXTLAHUACA - Expresso Metropolitano\",\"isPartOf\":{\"@id\":\"https:\\\/\\\/expressometro.mx\\\/#website\"},\"primaryImageOfPage\":{\"@id\":\"https:\\\/\\\/expressometro.mx\\\/index.php\\\/2022\\\/10\\\/26\\\/gustavo-cardenas-atiende-en-servicios-de-salud-y-obras-a-ixtlahuaca\\\/#primaryimage\"},\"image\":{\"@id\":\"https:\\\/\\\/expressometro.mx\\\/index.php\\\/2022\\\/10\\\/26\\\/gustavo-cardenas-atiende-en-servicios-de-salud-y-obras-a-ixtlahuaca\\\/#primaryimage\"},\"thumbnailUrl\":\"https:\\\/\\\/expressometro.mx\\\/wp-content\\\/uploads\\\/2022\\\/10\\\/WhatsApp-Image-2022-10-29-at-6.05.00-PM-840x473.jpeg\",\"datePublished\":\"2022-10-26T23:17:00+00:00\",\"dateModified\":\"2022-10-29T23:19:20+00:00\",\"breadcrumb\":{\"@id\":\"https:\\\/\\\/expressometro.mx\\\/index.php\\\/2022\\\/10\\\/26\\\/gustavo-cardenas-atiende-en-servicios-de-salud-y-obras-a-ixtlahuaca\\\/#breadcrumb\"},\"inLanguage\":\"es\",\"potentialAction\":[{\"@type\":\"ReadAction\",\"target\":[\"https:\\\/\\\/expressometro.mx\\\/index.php\\\/2022\\\/10\\\/26\\\/gustavo-cardenas-atiende-en-servicios-de-salud-y-obras-a-ixtlahuaca\\\/\"]}]},{\"@type\":\"ImageObject\",\"inLanguage\":\"es\",\"@id\":\"https:\\\/\\\/expressometro.mx\\\/index.php\\\/2022\\\/10\\\/26\\\/gustavo-cardenas-atiende-en-servicios-de-salud-y-obras-a-ixtlahuaca\\\/#primaryimage\",\"url\":\"https:\\\/\\\/expressometro.mx\\\/wp-content\\\/uploads\\\/2022\\\/10\\\/WhatsApp-Image-2022-10-29-at-6.05.00-PM.jpeg\",\"contentUrl\":\"https:\\\/\\\/expressometro.mx\\\/wp-content\\\/uploads\\\/2022\\\/10\\\/WhatsApp-Image-2022-10-29-at-6.05.00-PM.jpeg\",\"width\":1024,\"height\":576},{\"@type\":\"BreadcrumbList\",\"@id\":\"https:\\\/\\\/expressometro.mx\\\/index.php\\\/2022\\\/10\\\/26\\\/gustavo-cardenas-atiende-en-servicios-de-salud-y-obras-a-ixtlahuaca\\\/#breadcrumb\",\"itemListElement\":[{\"@type\":\"ListItem\",\"position\":1,\"name\":\"Inicio\",\"item\":\"https:\\\/\\\/expressometro.mx\\\/\"},{\"@type\":\"ListItem\",\"position\":2,\"name\":\"GUSTAVO C\u00c1RDENAS ATIENDE EN SERVICIOS DE SALUD Y OBRAS A IXTLAHUACA\"}]},{\"@type\":\"WebSite\",\"@id\":\"https:\\\/\\\/expressometro.mx\\\/#website\",\"url\":\"https:\\\/\\\/expressometro.mx\\\/\",\"name\":\"Expresso Metropolitano\",\"description\":\"Periodismo comprometido, informaci\u00f3n, investigaci\u00f3n y an\u00e1lisis\",\"publisher\":{\"@id\":\"https:\\\/\\\/expressometro.mx\\\/#organization\"},\"potentialAction\":[{\"@type\":\"SearchAction\",\"target\":{\"@type\":\"EntryPoint\",\"urlTemplate\":\"https:\\\/\\\/expressometro.mx\\\/?s={search_term_string}\"},\"query-input\":{\"@type\":\"PropertyValueSpecification\",\"valueRequired\":true,\"valueName\":\"search_term_string\"}}],\"inLanguage\":\"es\"},{\"@type\":\"Organization\",\"@id\":\"https:\\\/\\\/expressometro.mx\\\/#organization\",\"name\":\"Expresso Metropolitano\",\"url\":\"https:\\\/\\\/expressometro.mx\\\/\",\"logo\":{\"@type\":\"ImageObject\",\"inLanguage\":\"es\",\"@id\":\"https:\\\/\\\/expressometro.mx\\\/#\\\/schema\\\/logo\\\/image\\\/\",\"url\":\"https:\\\/\\\/expressometro.mx\\\/wp-content\\\/uploads\\\/2019\\\/07\\\/cropped-Logo-Expresso-Metropolitano-1-1.jpeg\",\"contentUrl\":\"https:\\\/\\\/expressometro.mx\\\/wp-content\\\/uploads\\\/2019\\\/07\\\/cropped-Logo-Expresso-Metropolitano-1-1.jpeg\",\"width\":290,\"height\":73,\"caption\":\"Expresso Metropolitano\"},\"image\":{\"@id\":\"https:\\\/\\\/expressometro.mx\\\/#\\\/schema\\\/logo\\\/image\\\/\"}},{\"@type\":\"Person\",\"@id\":\"https:\\\/\\\/expressometro.mx\\\/#\\\/schema\\\/person\\\/67a95b8e3862085c7598f66237488f1f\",\"name\":\"Cecilia Vega\",\"image\":{\"@type\":\"ImageObject\",\"inLanguage\":\"es\",\"@id\":\"https:\\\/\\\/secure.gravatar.com\\\/avatar\\\/13aae9944ab2ee472a9e407c9487fdbd03b049abaa559af32fe5dbcf615c981b?s=96&d=mm&r=g\",\"url\":\"https:\\\/\\\/secure.gravatar.com\\\/avatar\\\/13aae9944ab2ee472a9e407c9487fdbd03b049abaa559af32fe5dbcf615c981b?s=96&d=mm&r=g\",\"contentUrl\":\"https:\\\/\\\/secure.gravatar.com\\\/avatar\\\/13aae9944ab2ee472a9e407c9487fdbd03b049abaa559af32fe5dbcf615c981b?s=96&d=mm&r=g\",\"caption\":\"Cecilia Vega\"},\"url\":\"https:\\\/\\\/expressometro.mx\\\/index.php\\\/author\\\/cecilia-vega\\\/\"}]}<\/script>\n<!-- \/ Yoast SEO plugin. -->","yoast_head_json":{"title":"GUSTAVO C\u00c1RDENAS ATIENDE EN SERVICIOS DE SALUD Y OBRAS A IXTLAHUACA - Expresso Metropolitano","robots":{"index":"index","follow":"follow","max-snippet":"max-snippet:-1","max-image-preview":"max-image-preview:large","max-video-preview":"max-video-preview:-1"},"canonical":"https:\/\/expressometro.mx\/index.php\/2022\/10\/26\/gustavo-cardenas-atiende-en-servicios-de-salud-y-obras-a-ixtlahuaca\/","og_locale":"es_MX","og_type":"article","og_title":"GUSTAVO C\u00c1RDENAS ATIENDE EN SERVICIOS DE SALUD Y OBRAS A IXTLAHUACA - Expresso Metropolitano","og_description":"El Diputado Federal Gustavo C\u00e1rdenas Monroy sostuvo con el Presidente Municipal Abuzeid Lozano Casta\u00f1eda una gira por el Municipio de Ixtlahuaca, acompa\u00f1ando al Secretario de Salud del Estado Francisco Fern\u00e1ndez Clamont al inicio de la Jornada de Mastograf\u00edas que reforzar\u00e1n la prevenci\u00f3n contra alguna enfermedad en mujeres. Despu\u00e9s dieron el banderazo de inicio de dos obras de gran importancia como el encementado con concreto hidr\u00e1ulico de la carretera que va de Santa Ana la Ladera a San Ignacio y el reencarpetamiento de la carretera San Crist\u00f3bal de los Ba\u00f1os a&hellip;","og_url":"https:\/\/expressometro.mx\/index.php\/2022\/10\/26\/gustavo-cardenas-atiende-en-servicios-de-salud-y-obras-a-ixtlahuaca\/","og_site_name":"Expresso Metropolitano","article_published_time":"2022-10-26T23:17:00+00:00","article_modified_time":"2022-10-29T23:19:20+00:00","og_image":[{"url":"https:\/\/expressometro.mx\/wp-content\/uploads\/2022\/10\/WhatsApp-Image-2022-10-29-at-6.05.00-PM-840x473.jpeg","type":"","width":"","height":""}],"author":"Cecilia Vega","twitter_misc":{"Escrito por":"Cecilia Vega","Tiempo de lectura":"2 minutos"},"schema":{"@context":"https:\/\/schema.org","@graph":[{"@type":"Article","@id":"https:\/\/expressometro.mx\/index.php\/2022\/10\/26\/gustavo-cardenas-atiende-en-servicios-de-salud-y-obras-a-ixtlahuaca\/#article","isPartOf":{"@id":"https:\/\/expressometro.mx\/index.php\/2022\/10\/26\/gustavo-cardenas-atiende-en-servicios-de-salud-y-obras-a-ixtlahuaca\/"},"author":{"name":"Cecilia Vega","@id":"https:\/\/expressometro.mx\/#\/schema\/person\/67a95b8e3862085c7598f66237488f1f"},"headline":"GUSTAVO C\u00c1RDENAS ATIENDE EN SERVICIOS DE SALUD Y OBRAS A IXTLAHUACA","datePublished":"2022-10-26T23:17:00+00:00","dateModified":"2022-10-29T23:19:20+00:00","mainEntityOfPage":{"@id":"https:\/\/expressometro.mx\/index.php\/2022\/10\/26\/gustavo-cardenas-atiende-en-servicios-de-salud-y-obras-a-ixtlahuaca\/"},"wordCount":291,"commentCount":0,"publisher":{"@id":"https:\/\/expressometro.mx\/#organization"},"image":{"@id":"https:\/\/expressometro.mx\/index.php\/2022\/10\/26\/gustavo-cardenas-atiende-en-servicios-de-salud-y-obras-a-ixtlahuaca\/#primaryimage"},"thumbnailUrl":"https:\/\/expressometro.mx\/wp-content\/uploads\/2022\/10\/WhatsApp-Image-2022-10-29-at-6.05.00-PM-840x473.jpeg","articleSection":["Otros"],"inLanguage":"es","potentialAction":[{"@type":"CommentAction","name":"Comment","target":["https:\/\/expressometro.mx\/index.php\/2022\/10\/26\/gustavo-cardenas-atiende-en-servicios-de-salud-y-obras-a-ixtlahuaca\/#respond"]}]},{"@type":"WebPage","@id":"https:\/\/expressometro.mx\/index.php\/2022\/10\/26\/gustavo-cardenas-atiende-en-servicios-de-salud-y-obras-a-ixtlahuaca\/","url":"https:\/\/expressometro.mx\/index.php\/2022\/10\/26\/gustavo-cardenas-atiende-en-servicios-de-salud-y-obras-a-ixtlahuaca\/","name":"GUSTAVO C\u00c1RDENAS ATIENDE EN SERVICIOS DE SALUD Y OBRAS A IXTLAHUACA - Expresso Metropolitano","isPartOf":{"@id":"https:\/\/expressometro.mx\/#website"},"primaryImageOfPage":{"@id":"https:\/\/expressometro.mx\/index.php\/2022\/10\/26\/gustavo-cardenas-atiende-en-servicios-de-salud-y-obras-a-ixtlahuaca\/#primaryimage"},"image":{"@id":"https:\/\/expressometro.mx\/index.php\/2022\/10\/26\/gustavo-cardenas-atiende-en-servicios-de-salud-y-obras-a-ixtlahuaca\/#primaryimage"},"thumbnailUrl":"https:\/\/expressometro.mx\/wp-content\/uploads\/2022\/10\/WhatsApp-Image-2022-10-29-at-6.05.00-PM-840x473.jpeg","datePublished":"2022-10-26T23:17:00+00:00","dateModified":"2022-10-29T23:19:20+00:00","breadcrumb":{"@id":"https:\/\/expressometro.mx\/index.php\/2022\/10\/26\/gustavo-cardenas-atiende-en-servicios-de-salud-y-obras-a-ixtlahuaca\/#breadcrumb"},"inLanguage":"es","potentialAction":[{"@type":"ReadAction","target":["https:\/\/expressometro.mx\/index.php\/2022\/10\/26\/gustavo-cardenas-atiende-en-servicios-de-salud-y-obras-a-ixtlahuaca\/"]}]},{"@type":"ImageObject","inLanguage":"es","@id":"https:\/\/expressometro.mx\/index.php\/2022\/10\/26\/gustavo-cardenas-atiende-en-servicios-de-salud-y-obras-a-ixtlahuaca\/#primaryimage","url":"https:\/\/expressometro.mx\/wp-content\/uploads\/2022\/10\/WhatsApp-Image-2022-10-29-at-6.05.00-PM.jpeg","contentUrl":"https:\/\/expressometro.mx\/wp-content\/uploads\/2022\/10\/WhatsApp-Image-2022-10-29-at-6.05.00-PM.jpeg","width":1024,"height":576},{"@type":"BreadcrumbList","@id":"https:\/\/expressometro.mx\/index.php\/2022\/10\/26\/gustavo-cardenas-atiende-en-servicios-de-salud-y-obras-a-ixtlahuaca\/#breadcrumb","itemListElement":[{"@type":"ListItem","position":1,"name":"Inicio","item":"https:\/\/expressometro.mx\/"},{"@type":"ListItem","position":2,"name":"GUSTAVO C\u00c1RDENAS ATIENDE EN SERVICIOS DE SALUD Y OBRAS A IXTLAHUACA"}]},{"@type":"WebSite","@id":"https:\/\/expressometro.mx\/#website","url":"https:\/\/expressometro.mx\/","name":"Expresso Metropolitano","description":"Periodismo comprometido, informaci\u00f3n, investigaci\u00f3n y an\u00e1lisis","publisher":{"@id":"https:\/\/expressometro.mx\/#organization"},"potentialAction":[{"@type":"SearchAction","target":{"@type":"EntryPoint","urlTemplate":"https:\/\/expressometro.mx\/?s={search_term_string}"},"query-input":{"@type":"PropertyValueSpecification","valueRequired":true,"valueName":"search_term_string"}}],"inLanguage":"es"},{"@type":"Organization","@id":"https:\/\/expressometro.mx\/#organization","name":"Expresso Metropolitano","url":"https:\/\/expressometro.mx\/","logo":{"@type":"ImageObject","inLanguage":"es","@id":"https:\/\/expressometro.mx\/#\/schema\/logo\/image\/","url":"https:\/\/expressometro.mx\/wp-content\/uploads\/2019\/07\/cropped-Logo-Expresso-Metropolitano-1-1.jpeg","contentUrl":"https:\/\/expressometro.mx\/wp-content\/uploads\/2019\/07\/cropped-Logo-Expresso-Metropolitano-1-1.jpeg","width":290,"height":73,"caption":"Expresso Metropolitano"},"image":{"@id":"https:\/\/expressometro.mx\/#\/schema\/logo\/image\/"}},{"@type":"Person","@id":"https:\/\/expressometro.mx\/#\/schema\/person\/67a95b8e3862085c7598f66237488f1f","name":"Cecilia Vega","image":{"@type":"ImageObject","inLanguage":"es","@id":"https:\/\/secure.gravatar.com\/avatar\/13aae9944ab2ee472a9e407c9487fdbd03b049abaa559af32fe5dbcf615c981b?s=96&d=mm&r=g","url":"https:\/\/secure.gravatar.com\/avatar\/13aae9944ab2ee472a9e407c9487fdbd03b049abaa559af32fe5dbcf615c981b?s=96&d=mm&r=g","contentUrl":"https:\/\/secure.gravatar.com\/avatar\/13aae9944ab2ee472a9e407c9487fdbd03b049abaa559af32fe5dbcf615c981b?s=96&d=mm&r=g","caption":"Cecilia Vega"},"url":"https:\/\/expressometro.mx\/index.php\/author\/cecilia-vega\/"}]}},"amp_enabled":true,"_links":{"self":[{"href":"https:\/\/expressometro.mx\/index.php\/wp-json\/wp\/v2\/posts\/6615","targetHints":{"allow":["GET"]}}],"collection":[{"href":"https:\/\/expressometro.mx\/index.php\/wp-json\/wp\/v2\/posts"}],"about":[{"href":"https:\/\/expressometro.mx\/index.php\/wp-json\/wp\/v2\/types\/post"}],"author":[{"embeddable":true,"href":"https:\/\/expressometro.mx\/index.php\/wp-json\/wp\/v2\/users\/2"}],"replies":[{"embeddable":true,"href":"https:\/\/expressometro.mx\/index.php\/wp-json\/wp\/v2\/comments?post=6615"}],"version-history":[{"count":1,"href":"https:\/\/expressometro.mx\/index.php\/wp-json\/wp\/v2\/posts\/6615\/revisions"}],"predecessor-version":[{"id":6619,"href":"https:\/\/expressometro.mx\/index.php\/wp-json\/wp\/v2\/posts\/6615\/revisions\/6619"}],"wp:attachment":[{"href":"https:\/\/expressometro.mx\/index.php\/wp-json\/wp\/v2\/media?parent=6615"}],"wp:term":[{"taxonomy":"category","embeddable":true,"href":"https:\/\/expressometro.mx\/index.php\/wp-json\/wp\/v2\/categories?post=6615"},{"taxonomy":"post_tag","embeddable":true,"href":"https:\/\/expressometro.mx\/index.php\/wp-json\/wp\/v2\/tags?post=6615"}],"curies":[{"name":"wp","href":"https:\/\/api.w.org\/{rel}","templated":true}]}}